{"id":9259,"date":"2015-12-01T17:52:40","date_gmt":"2015-12-01T16:52:40","guid":{"rendered":"https:\/\/xnet-x.net\/?p=9259"},"modified":"2017-01-08T17:51:18","modified_gmt":"2017-01-08T16:51:18","slug":"legislaciones-coartan-la-libertad-expresion-accion-organizacion-estado-espanol","status":"publish","type":"post","link":"https:\/\/dev.xnet-x.net\/es\/leyes-coartan-libertad-expresion-accion-organizacion\/","title":{"rendered":"Legislaciones que coartan la libertad de expresi\u00f3n de acci\u00f3n y organizaci\u00f3n en el Estado espa\u00f1ol"},"content":{"rendered":"<p>Tras cuatro a\u00f1os en los que hemos logrado organizarnos en red para luchar por la democracia y contra la corrupci\u00f3n, los gobiernos han decidido pasar al contraataque: <a href=\"https:\/\/xnet-x.net\/contra-mordazas-uso-colectivo-saber-informar\/\" target=\"_blank\">Ley Mordaza<\/a>, <a href=\"https:\/\/xnet-x.net\/ley-torquemada-como-nos-afecta-como-defendernos\/\" target=\"_blank\">Ley Torquemada<\/a>, reforma del C\u00f3digo Penal y de la <a href=\"https:\/\/xnet-x.net\/nueva-ley-propiedad-intelectual\/\" target=\"_blank\">Ley de Propiedad Intelectual<\/a>&#8230;\t \t <\/p>\n<p><strong>Estas leyes no entran en vigor para garantizar la seguridad ciudadana sino para contener el miedo que les despierta nuestro deseo de democracia<\/strong> y poder perseguirnos por tierra, por mar y en el medio que hemos utilizado para organizarnos: el Internet Libre.\t \t <\/p>\n<p>En Xnet creemos que la \u00fanica manera de responder a los ataques de los Gobiernos contra la ciudadan\u00eda organizada es con m\u00e1s organizaci\u00f3n ciudadana y haciendo un uso colectivo e implacable de nuestro derecho a saber y a informar. Por esa raz\u00f3n en el <a href=\"http:\/\/2015.fcforum.net\/\" target=\"_blank\">Free Culture Forum 2015<\/a> se elabor\u00f3 un registro no exahustivo de varias de estas nuevas leyes represivas y sus implicaciones que invitamos a leer, compartir y ampliar.<\/p>\n<h2>\u00cdndice<\/h2>\n<ul>\n<li><a href=\"#enjuiciamiento-criminal\" class=\"scroll\">Reforma de la Ley de Enjuiciamiento Criminal<\/a><\/li>\n<li><a href=\"#seguridad-ciudadana\" class=\"scroll\">Ley de Seguridad Ciudadana<\/a><\/li>\n<li><a href=\"#codigo-penal\" class=\"scroll\">Reforma del C\u00f3digo Penal<\/a><\/li>\n<li><a href=\"#ley-cine\" class=\"scroll\">Ley del cine<\/a><\/li>\n<li><a href=\"#olvido\" class=\"scroll\">Derecho al olvido<\/a><\/li>\n<li><a href=\"#conservacion-de-datos\" class=\"scroll\">Ley de conservaci\u00f3n de datos nula<\/a><\/li>\n<li><a href=\"#registro-viajeros\" class=\"scroll\">Registro viajeros aviones<\/a><\/li>\n<li><a href=\"#criminalizacion-internet\" class=\"scroll\">Reiterada criminalizacion de Internet como espacio de excepci\u00f3n<\/a><\/li>\n<\/ul>\n<p><a id=\"enjuiciamiento-criminal\"><\/a><\/p>\n<h2>Reforma de la Ley de Enjuiciamiento Criminal<\/h2>\n<p>El pasado 1 de octubre se aprob\u00f3 el Proyecto  de Ley Org\u00e1nica de modificaci\u00f3n de la Ley de Enjuiciamiento Criminal  para el fortalecimiento de las garant\u00edas procesales y la regulaci\u00f3n de  las medidas de investigaci\u00f3n tecnol\u00f3gica.<\/p>\n<p>Esta  reforma incluye nuevas disposiciones legales que, por su redacci\u00f3n  gen\u00e9rica, crean un espacio de arbitrariedad en su aplicaci\u00f3n, amenazando  la privacidad y las libertades de los ciudadanos. Ley Torquemada. \u00bfC\u00f3mo nos afecta y c\u00f3mo defendernos? <a href=\"https:\/\/xnet-x.net\/ley-torquemada-como-nos-afecta-como-defendernos\/\" target=\"_blank\">https:\/\/xnet-x.net\/ley-torquemada-como-nos-afecta-como-defendernos\/<\/a><\/p>\n<ul>\n<li>Instalaci\u00f3n de dispositivos de localizaci\u00f3n.<\/li>\n<li>Se habilita el uso de programas esp\u00edas para registrar de forma remota ordenadores o sistemas inform\u00e1ticos.<\/li>\n<li>El  agente encubierto electr\u00f3nico podr\u00e1 intercambiar o enviar archivos  il\u00edcitos, siendo posible en tal caso el an\u00e1lisis de los algoritmos  asociados a dichos archivos.<\/li>\n<\/ul>\n<p>En la \u00faltima versi\u00f3n del texto se ha restringido la amplitud con la que se  hab\u00eda redactado el precepto inicial, que dec\u00eda literalmente: \u201cEl agente  encubierto electr\u00f3nico podr\u00e1 intercambiar o enviar por s\u00ed mismo  archivos il\u00edcitos, siendo posible en tal caso el an\u00e1lisis de los  algoritmos asociados a dichos archivos\u201d.<\/p>\n<p>Al  ser tan amplio, dicho precepto podr\u00eda haber abarcado cualquier tipo de  comportamiento en la Red, como por ejemplo el intercambio de material  ped\u00f3filo, y exist\u00eda el riesgo de que el agente encubierto incurriera en  una incitaci\u00f3n al delito, lo que hubiera sido  inconstitucional.<br \/>\n<a href=\"http:\/\/www.elmundo.es\/tecnologia\/2015\/10\/08\/561502fd46163f0a4b8b465a.html\" target=\"_blank\">http:\/\/www.elmundo.es\/tecnologia\/2015\/10\/08\/561502fd46163f0a4b8b465a.html<\/a><\/p>\n<ul>\n<li>Legislar  desde el miedo. Contempla la aplicaci\u00f3n de medidas de especial  delicadeza a supuestos excesivamente ambiguos y amplios. Ejemplo en que  la aplicaci\u00f3n podr\u00eda ser discutible lo podemos encontrar en las  actuaciones dentro del denominado \u201chacktivismo\u201d.<br \/>\n<a href=\"http:\/\/rightsinternationalspain.org\/es\/blog\/87\/legislar-desde-el-miedo:-la-reforma-de-la-ley-de-enjuiciamiento-criminal\" target=\"_blank\">http:\/\/rightsinternationalspain.org\/es\/blog\/87\/legislar-desde-el-miedo:-la-reforma-de-la-ley-de-enjuiciamiento-criminal<\/a><\/li>\n<li>Debate:  \u00bfdebemos evitar hablar en t\u00e9rminos generales de una \u201cLey Torquemada\u201d o  una censura generalizada en Internet a causa de esta Ley? \u00bfaporta al  debate una cr\u00edtica que no se centre en los aspectos realmente  deficientes de la Ley?<br \/>\n<a href=\"http:\/\/rightsinternationalspain.org\/es\/blog\/87\/legislar-desde-el-miedo:-la-reforma-de-la-ley-de-enjuiciamiento-criminal\" target=\"_blank\">http:\/\/rightsinternationalspain.org\/es\/blog\/87\/legislar-desde-el-miedo:-la-reforma-de-la-ley-de-enjuiciamiento-criminal<\/a><\/li>\n<\/ul>\n<p><a id=\"seguridad-ciudadana\"><\/a><\/p>\n<h2>Ley de Seguridad Ciudadana<\/h2>\n<ul>\n<li>Se  da mayor valor probatorio a las denuncias de las Fuerzas de Seguridad:  \u201cLas denuncias, atestados o actas formulados por los agentes de la  autoridad en ejercicio de sus funciones que hubiesen presenciado los  hechos, previa ratificaci\u00f3n en el caso de haber sido negados por los  denunciados, constituir\u00e1n base suficiente para adoptar la resoluci\u00f3n que  proceda, salvo prueba en contrario y sin perjuicio de que aquellos  deban aportar al expediente todos los elementos probatorios  disponibles\u201d.<br \/>\n<a href=\"http:\/\/rightsinternationalspain.org\/es\/campanias\/1\/sinjusticia\/4\/ley-de-seguridad-ciudadana-\">http:\/\/rightsinternationalspain.org\/es\/campanias\/1\/sinjusticia\/4\/ley-de-seguridad-ciudadana-<\/a><\/li>\n<li>Tambi\u00e9n  se incluyen en la reforma sanciones por actos que son pura libertad de   expresi\u00f3n. Por ejemplo, se podr\u00eda multar a una persona que lleve una  careta de Anonymous o una mascarilla blanca en protesta por actividades  que contaminen el medio ambiente en una concentraci\u00f3n no comunicada. O a  quien difunda por Internet o cualquier medio la convocatoria de una  manifestaci\u00f3n.<\/li>\n<\/ul>\n<p><em><strong>Escraches, performances, encierros y otras acciones que castigar\u00e1 la &#8216;ley mordaza&#8217;<\/strong><\/em><\/p>\n<ul>\n<li>Reunirse o manifestarse, sin comunicarlo o salt\u00e1ndose la prohibici\u00f3n, <strong>en instalaciones en las que se presten servicios b\u00e1sicos para la comunidad o en sus inmediaciones<\/strong><\/li>\n<li>incluyendo  su sobrevuelo**, e interferir en su funcionamiento cuando se generen  riesgos para las personas o perjuicios en dicho funcionamiento. Los  responsables ser\u00e1n los organizadores o promotores. Se proh\u00edben los  drones, que estan llamados a ser una de las herramientas b\u00e1sicas de la  sociedad civil en las propuestas.<\/li>\n<li>Celebrar  espect\u00e1culos p\u00fablicos o actividades recreativas salt\u00e1ndose una  prohibici\u00f3n o suspensi\u00f3n de la autoridad por razones de seguridad  p\u00fablica. <\/li>\n<li>Tratar  de impedir \u00aba cualquier autoridad, empleado p\u00fablico o corporaci\u00f3n  oficial\u00bb el ejercicio de sus funciones y el cumplimiento o la ejecuci\u00f3n  de acuerdos o resoluciones administrativas o judiciales.<\/li>\n<li>\u00abLas  reuniones o manifestaciones no comunicadas o prohibidas en  infraestructuras e instalaciones en las que se prestan servicios b\u00e1sicos  para la comunidad, as\u00ed como la intrusi\u00f3n en los recintos\u00bb. Multas de  hasta 600.000 euros.<\/li>\n<li>Grabar  a la Polic\u00eda. \u00abEl uso no autorizado de im\u00e1genes o datos personales o  profesionales de autoridades o miembros de las Fuerzas y Cuerpos de  Seguridad\u00bb, multas de hasta 30.000 euros \/ infracci\u00f3n grave.<\/li>\n<li>Obstaculizar  a la autoridad. \u00ablos actos que pretendan impedir a cualquier  autoridad,  empleado p\u00fablico o corporaci\u00f3n oficial el ejercicio leg\u00edtimo  de sus funciones\u00bb.<\/li>\n<\/ul>\n<p><em><strong>Criminalizacion de la resistencia pacifica<\/strong><\/em><\/p>\n<ul>\n<li>\u00abEl  incumplimiento de las restricciones de circulaci\u00f3n peatonal o  itinerario con ocasi\u00f3n de un acto p\u00fablico, reuni\u00f3n o manifestaci\u00f3n, cuando provoquen alteraciones menores en el normal desarrollo de los mismos\u00bb tambi\u00e9n estar\u00e1n considerados infracciones.<\/li>\n<\/ul>\n<p><a id=\"codigo-penal\"><\/a><\/p>\n<h2>Reforma del C\u00f3digo Penal<\/h2>\n<ul>\n<li>\u00bfLa  reforma del C\u00f3digo Penal en materia de terrorismo establece que las  filtraciones period\u00edsticas pueden ser consideradas como delitos de  terrorismo?  Art\u00edculo 197 bis de la norma: \u201cEl que por cualquier medio o  procedimiento vulnerando las medidas de seguridad establecidas para  impedirlo, y sin  estar debidamente autorizado, acceda o facilite a otro  el acceso al conjunto o una parte de un sistema de informaci\u00f3n o se  mantenga en \u00e9l en contra de la voluntad de quien tenga el leg\u00edtimo  derecho a excluirlo, ser\u00e1 castigado con pena de prisi\u00f3n de seis meses a  dos a\u00f1os\u201d.<br \/>\n<a href=\"http:\/\/www.lamarea.com\/2015\/03\/26\/el-nuevo-codigo-penal-califica-de-terrorismo-las-filtraciones-periodisticas\/\">http:\/\/www.lamarea.com\/2015\/03\/26\/el-nuevo-codigo-penal-califica-de-terrorismo-las-filtraciones-periodisticas\/<\/a><\/li>\n<li> Hasta  el momento se consideraba terrorismo aquellas acciones que pretend\u00edan  subvertir el orden constitucional por m\u00e9todos violentos. Ahora la  definici\u00f3n es m\u00e1s amplia.<\/li>\n<li>Pena  de prisi\u00f3n (de seis meses a dos a\u00f1os) a aquellos que faciliten a  terceros \u201cun programa inform\u00e1tico, concebido o adaptado, o una  contrase\u00f1a de ordenador, un c\u00f3digo de acceso o datos similares que  permitan acceder a la totalidad o a una parte de un   sistema de  informaci\u00f3n\u201d.<\/li>\n<li>Penalizaci\u00f3n  de las webs de enlaces: La reforma del c\u00f3digo penal introduce un  castigo de hasta seis a\u00f1os de prisi\u00f3n para las webs de enlaces.El propio  Consejo de Estado aseguro al Gobierno, \u00abque no todas las webs de  enlaces atentan contra la propiedad intelectual\u00bb.<\/li>\n<li>\u201cTal  y como est\u00e1 redactada, la ley antiterrorista podr\u00eda criminalizar  conductas que no constituir\u00edan terrorismo y podr\u00eda resultar, entre  otros, en restricciones desproporcionadas al ejercicio de la libertad de  expresi\u00f3n\u201d. \u201cEl proyecto de ley podr\u00eda adem\u00e1s permitir abusos en los  controles y retiro de informaci\u00f3n disponible en Internet\u201d, recalc\u00f3 el   Relator Kaye. Visitar mucho una pagina web.<\/li>\n<\/ul>\n<p><em>M\u00e1s info:<\/em><br \/>\n<a href=\"http:\/\/www.rightsinternationalspain.org\/uploads\/publicacion\/6d75bf18a14a64cd0cc36d7612d4b90b02123a61.pdf\">Consideraciones concretas relativas a la reforma de los delitos de terrorismo<\/a><br \/>\n<a href=\"http:\/\/rightsinternationalspain.org\/uploads\/prensa\/679e44c23174a8d67a65fe40c6324c4745d9eea2.pdf\">La  ONU  rechaza  la  Ley de Seguridad  Ciudadana, la reforma del C\u00f3digo Penal y la reforma antiterrorista<\/a><\/p>\n<p><a id=\"olvido\">&nbsp;<\/a><\/p>\n<h2>Derecho al olvido <\/h2>\n<ul>\n<li>En la pr\u00e1ctica puede usarse como herramienta de censura.<\/li>\n<li>De  considerarse incapaces de decidir sobre estos casos, los gestores de  b\u00fasqueda podr\u00edan comenzar a traspasar los casos a autoridades locales,  lo que podr\u00eda desbordar los servicios p\u00fablicos que, simplemente, no  cuentan con los recursos para gestionar estas solicitudes. El  comisionado de informaci\u00f3n brit\u00e1nico ya ha tildado el nuevo r\u00e9gimen como  uno por el cual \u201cnadie pagar\u00e1\u201d. <\/li>\n<li>Se  obvia la posibilidad de que un individuo puede dejar de ser un  ciudadano privado y convertirse en figura p\u00fablica, cuya informaci\u00f3n y  pasado de repente pasa a ser \u201crelevante\u201d o de inter\u00e9s p\u00fablico. \u00bfQu\u00e9  pasar\u00eda en el caso de un l\u00edder de un partido pol\u00edtico? \u00bfNo es relevante,  o bien, importante, para sus seguidores y\/o votantes  conocer su  trayectoria? <a href=\"http:\/\/rightsinternationalspain.org\/es\/blog\/47\/el-olvido-un-derecho-\">http:\/\/rightsinternationalspain.org\/es\/blog\/47\/el-olvido-un-derecho-<\/a><\/li>\n<li>No  solamente contra buscadores. Se est\u00e1 yendo contra sitios como \u2018Men\u00e9ame&#8217;  (interesante la jurisprudencia al respecto y la mala praxis procesal  ejercida contra el sitio), que son agregadores de contenidos, y se les  pide que quiten datos. \u00bfY qu\u00e9 datos se pide que se quiten? Datos que  pertenecen a nuestra memoria hist\u00f3rica, datos que no se pueden quitar  as\u00ed como as\u00ed.<br \/>\n<a href=\"http:\/\/www.periodistadigital.com\/periodismo\/internet\/2015\/05\/16\/carlos-sanchez-almeida-en-espana-se-esta-ejerciendo-el-derecho-al-olvido-contra-medios-de-comunicacion.shtml\" target=\"_blank\">http:\/\/www.periodistadigital.com\/periodismo\/internet\/2015\/05\/16\/carlos-sanchez-almeida-en-espana-se-esta-ejerciendo-el-derecho-al-olvido-contra-medios-de-comunicacion.shtml<\/a><\/li>\n<li>No  es lo mismo el derecho al olvido, que establece la sentencia del  Tribunal Superior de Justicia de la Uni\u00f3n Europea, para datos de un  simple embargo, que no tienen relieve informativo en la actualidad, de  casos de sentencias firmes por agresi\u00f3n sexual o estafa, sobre los que  se han llegado a otorgar la cancelaci\u00f3n de datos por parte de la    Audiencia Nacional.<\/li>\n<\/ul>\n<p><a id=\"ley-cine\"><\/a><\/p>\n<h2>Ley de cine<\/h2>\n<p>Un mismo Real Decreto aprobado el 15 de mayo por el Consejo de Ministros sirvi\u00f3 para <strong>modificar la Ley del Cine y para aprobar<\/strong> una partida extra para la \u201cpotencializaci\u00f3n tecnol\u00f3gica y de los sistemas de informaci\u00f3n y comunicaci\u00f3n\u201d de <strong>4 millones de euros para un sistema de geolocalizaci\u00f3n de tel\u00e9fonos m\u00f3viles<\/strong> y 1,09 para comprar dispositivos de seguimiento electr\u00f3nico y  de  grabaci\u00f3n de conversaciones \u201cen ambientes hostiles\u201d.<br \/>\n<a href=\"http:\/\/www.eldiario.es\/politica\/Gobierno-escuchas-seguimientos-Ley-Cine_0_426958224.html\">http:\/\/www.eldiario.es\/politica\/Gobierno-escuchas-seguimientos-Ley-Cine_0_426958224.html<\/a><\/p>\n<p><a id=\"conservacion-datos\">&nbsp;<\/a><\/p>\n<h2>Ley de conservaci\u00f3n de datos nula<\/h2>\n<p>El  8 de abril de 2014, el Tribunal de Justicia de la Uni\u00f3n Europea declar\u00f3  inv\u00e1lida la Directiva 2006\/24\/CE sobre la conservaci\u00f3n de datos en la  Uni\u00f3n Europea, resolviendo que constituye una injerencia de gran  magnitud y especial gravedad en los derechos fundamentales al respeto de  la vida privada y a la protecci\u00f3n de datos de car\u00e1cter personal, sin  que esta injerencia se limite a lo estrictamente necesario. <\/p>\n<p>Adem\u00e1s  de las evidentes consecuencias positivas sobre el derecho a la  privacidad de los ciudadanos europeos, la sentencia tiene otro efecto  colateral menos conocido.<br \/>\nLa  Directiva europea de conservaci\u00f3n de datos supuso la base para la ley  espa\u00f1ola espec\u00edfica de <a href=\"http:\/\/noticias.juridicas.com\/base_datos\/Admin\/l25-2007.html\" target=\"_blank\">conservaci\u00f3n de datos<\/a> (Ley 25\/2007), aprobada en  2007,  que obliga a los operadores en Espa\u00f1a a conservar los datos que  permitan rastrear el destino y el origen de una comunicaci\u00f3n. Dicha ley  Espa\u00f1ola puede, potencialmente, ser sujeta a nulidad sobrevenida ya que  transpone al derecho espa\u00f1ol una norma comunitaria nula. <\/p>\n<p>Sin  embargo, en Espa\u00f1a el legislador no va a suspender la normativa por  iniciativa propia, ya que abrir\u00eda la puerta a la anulaci\u00f3n de los  procedimientos penales en marcha. Es desde los juzgados desde donde  debemos actuar para que se pueda empezar a derribar la legislaci\u00f3n.<br \/>\n<a href=\"http:\/\/www.eldiario.es\/turing\/vigilancia_y_privacidad\/ley-conservacion-datos_0_259674834.html\">http:\/\/www.eldiario.es\/turing\/vigilancia_y_privacidad\/ley-conservacion-datos_0_259674834.html<\/a><\/p>\n<p>Dado  que los delitos inform\u00e1ticos posiblemente empiecen a proliferar, puesto  que Internet est\u00e1 cada vez m\u00e1s criminalizada por la ley Mordaza, el  nuevo C\u00f3digo Penal, la reforma de la Propiedad Intelectual y ahora  tambi\u00e9n la Ley Torquemada.<\/p>\n<p>Mientras  la Uni\u00f3n Europea est\u00e1 tomando cartas por defender el derecho a la  privacidad de sus ciudadanos, como acaba de corroborar tambi\u00e9n <a href=\"http:\/\/www.rightsinternationalspain.org\/en\/blog\/89\/safe-harbor-privacidad-snowden-y-la-nsa\">invalidando el tratado Safe Harbor<\/a>,   no podemos dejar que en Espa\u00f1a se sigan produciendo, por inercia, abusos sobre nuestros derechos fundamentales y al respeto por nuestra  vida privada y a la protecci\u00f3n de nuestros datos de car\u00e1cter personal,  por culpa de una ley zombie.<\/p>\n<p><a id=\"registro-viajeros\">&nbsp;<\/a><\/p>\n<h2>Registro viajeros aviones<\/h2>\n<p>El Grupo de autoridades europeas de protecci\u00f3n de datos, un \u00f3rgano consultivo independiente de la Comisi\u00f3n Europea, cree que el macrofichero europeo de datos de pasajeros, concebido para luchar contra el terrorismo y la delincuencia grave, \u00abpuede debilitar seriamente\u00bb derechos como la protecci\u00f3n de la vida privada y los datos personales de los viajeros, por lo que, aconsejan que, si finalmente el Parlamento Europeo lo aprueba, se use respetando el principio de proporcionalidad.<\/p>\n<p>En Espa\u00f1a, el Ministerio del Interior trabaja desde hace 14 meses en la implantaci\u00f3n de este gran fichero en el que se guardar\u00e1n numerosos datos de todos las personas que viajen en avi\u00f3n.<br \/>\n<a href=\"http:\/\/politica.elpais.com\/politica\/2015\/02\/06\/actualidad\/1423222786_418916.html\" target=\"_blank\">http:\/\/politica.elpais.com\/politica\/2015\/02\/06\/actualidad\/1423222786_418916.html<\/a><\/p>\n<p><a id=\"criminalizacion-internet\">&nbsp;<\/a><\/p>\n<h2>Reiterada criminalizacion de Internet como espacio de excepci\u00f3n<\/h2>\n<p>Ley  Mordaza, reforma del C\u00f3digo Penal, reforma de la Ley de Propiedad  Intelectual, todas ellas tienen un claro enfoque com\u00fan respecto a  internet. El objetivo es siempre el mismo: <strong>criminalizar a los usuarios y la tecnolog\u00eda, controlar Internet para sus negocios y para sus pol\u00edticas, recortando derechos<\/strong>  como la libertad de expresi\u00f3n o el derecho  a disentir e impidiendo que  nos organizarnos mediante la criminalizanci\u00f3n de internet y las  acciones en redes sociales.<br \/>\n<a href=\"https:\/\/xnet-x.net\/nueva-ley-propiedad-intelectual\/\">https:\/\/xnet-x.net\/nueva-ley-propiedad-intelectual\/<\/a><\/p>\n<p>Seg\u00fan ha explicado Carlos S\u00e1nchez Almeida, abogado experto en Internet del Bufet Almeida, \u201cel C\u00f3digo Penal   persigue estas conductas desde 1995\u201d, cuando pasaron a contemplarse los   delitos que pueden cometerse abusando de la libertad de expresi\u00f3n.  Son   los delitos que el propio letrado denomina \u201cdelitos de opini\u00f3n\u201d.  No hace  falta una ley para el mundo real y otra para Internet.<br \/>\n<a href=\"http:\/\/www.elboletin.com\/nacional\/98652\/ley-twitter-otra-vida-real-interior-detencion.html\" target=\"_blank\">http:\/\/www.elboletin.com\/nacional\/98652\/ley-twitter-otra-vida-real-interior-detencion.html<\/a><\/p>\n<p><em><strong>El cifrado y el anonimato, parte de los Derechos Humanos<\/strong><\/em><br \/>\nEl uso de mecanismos de cifrado y anonimato en la era digital y su   compatibilidad con la lucha contra el terrorismo y la seguridad    nacional es un debate que se est\u00e1 repitiendo de manera generalizada en   multitud de pa\u00edses.<\/p>\n<p><a href=\"http:\/\/rightsinternationalspain.org\/en\/blog\/79\/el-cifrado-y-el-anonimato-parte-de-los-derechos-humanos\">El cifrado y el anonimato, parte de los Derechos Humanos<\/a><br \/>\n<a href=\"https:\/\/legal15m.wordpress.com\/2013\/06\/11\/el-derecho-a-la-libertad-de-informacion-en-tres-pasos\/\" target=\"_blank\">Derecho a la libertad de informaci\u00f3n en tres pasos<\/a><br \/>\n<\/p>","protected":false},"excerpt":{"rendered":"<p>Contra leyes represivas, ciudadan\u00eda organizada y derecho a saber e informar #LeyesMordaza #LeyTorquemada<\/p>\n","protected":false},"author":8,"featured_media":11218,"comment_status":"closed","ping_status":"closed","sticky":false,"template":"","format":"standard","meta":{"footnotes":""},"categories":[52],"tags":[],"class_list":["post-9259","post","type-post","status-publish","format-standard","has-post-thumbnail","hentry","category-blog","ejes-libertad-expresion-informacion"],"yoast_head":"<!-- This site is optimized with the Yoast SEO plugin v26.7 - https:\/\/yoast.com\/wordpress\/plugins\/seo\/ -->\n<title>Legislaciones que coartan la libertad de expresi\u00f3n de acci\u00f3n y organizaci\u00f3n en el Estado espa\u00f1ol<\/title>\n<meta name=\"description\" content=\"Contra las nuevas leyes represivas (Leyes Mordaza Ley Torquemada) que coartan nuestras libertades, ciudadan\u00eda organizada y derecho a saber e informar.\" \/>\n<meta name=\"robots\" content=\"index, follow, max-snippet:-1, max-image-preview:large, max-video-preview:-1\" \/>\n<link rel=\"canonical\" href=\"https:\/\/dev.xnet-x.net\/es\/leyes-coartan-libertad-expresion-accion-organizacion\/\" \/>\n<meta name=\"twitter:label1\" content=\"Escrito por\" \/>\n\t<meta name=\"twitter:data1\" content=\"Xnet\" \/>\n\t<meta name=\"twitter:label2\" content=\"Tiempo de lectura\" \/>\n\t<meta name=\"twitter:data2\" content=\"12 minutos\" \/>\n<script type=\"application\/ld+json\" class=\"yoast-schema-graph\">{\"@context\":\"https:\/\/schema.org\",\"@graph\":[{\"@type\":\"Article\",\"@id\":\"https:\/\/dev.xnet-x.net\/es\/leyes-coartan-libertad-expresion-accion-organizacion\/#article\",\"isPartOf\":{\"@id\":\"https:\/\/dev.xnet-x.net\/es\/leyes-coartan-libertad-expresion-accion-organizacion\/\"},\"author\":{\"name\":\"Xnet\",\"@id\":\"https:\/\/dev.xnet-x.net\/es\/#\/schema\/person\/286e07d1c80ea3bcc60b6ef8b146e637\"},\"headline\":\"Legislaciones que coartan la libertad de expresi\u00f3n de acci\u00f3n y organizaci\u00f3n en el Estado espa\u00f1ol\",\"datePublished\":\"2015-12-01T16:52:40+00:00\",\"dateModified\":\"2017-01-08T16:51:18+00:00\",\"mainEntityOfPage\":{\"@id\":\"https:\/\/dev.xnet-x.net\/es\/leyes-coartan-libertad-expresion-accion-organizacion\/\"},\"wordCount\":2438,\"publisher\":{\"@id\":\"https:\/\/dev.xnet-x.net\/es\/#organization\"},\"image\":{\"@id\":\"https:\/\/dev.xnet-x.net\/es\/leyes-coartan-libertad-expresion-accion-organizacion\/#primaryimage\"},\"thumbnailUrl\":\"https:\/\/dev.xnet-x.net\/img\/leyes-coartan-libertad-expresion.jpg\",\"articleSection\":[\"Blog - Nuestras acciones\"],\"inLanguage\":\"es\"},{\"@type\":\"WebPage\",\"@id\":\"https:\/\/dev.xnet-x.net\/es\/leyes-coartan-libertad-expresion-accion-organizacion\/\",\"url\":\"https:\/\/dev.xnet-x.net\/es\/leyes-coartan-libertad-expresion-accion-organizacion\/\",\"name\":\"Legislaciones que coartan la libertad de expresi\u00f3n de acci\u00f3n y organizaci\u00f3n en el Estado espa\u00f1ol\",\"isPartOf\":{\"@id\":\"https:\/\/dev.xnet-x.net\/es\/#website\"},\"primaryImageOfPage\":{\"@id\":\"https:\/\/dev.xnet-x.net\/es\/leyes-coartan-libertad-expresion-accion-organizacion\/#primaryimage\"},\"image\":{\"@id\":\"https:\/\/dev.xnet-x.net\/es\/leyes-coartan-libertad-expresion-accion-organizacion\/#primaryimage\"},\"thumbnailUrl\":\"https:\/\/dev.xnet-x.net\/img\/leyes-coartan-libertad-expresion.jpg\",\"datePublished\":\"2015-12-01T16:52:40+00:00\",\"dateModified\":\"2017-01-08T16:51:18+00:00\",\"description\":\"Contra las nuevas leyes represivas (Leyes Mordaza Ley Torquemada) que coartan nuestras libertades, ciudadan\u00eda organizada y derecho a saber e informar.\",\"breadcrumb\":{\"@id\":\"https:\/\/dev.xnet-x.net\/es\/leyes-coartan-libertad-expresion-accion-organizacion\/#breadcrumb\"},\"inLanguage\":\"es\",\"potentialAction\":[{\"@type\":\"ReadAction\",\"target\":[[\"https:\/\/dev.xnet-x.net\/es\/leyes-coartan-libertad-expresion-accion-organizacion\/\"]]}]},{\"@type\":\"ImageObject\",\"inLanguage\":\"es\",\"@id\":\"https:\/\/dev.xnet-x.net\/es\/leyes-coartan-libertad-expresion-accion-organizacion\/#primaryimage\",\"url\":\"https:\/\/dev.xnet-x.net\/img\/leyes-coartan-libertad-expresion.jpg\",\"contentUrl\":\"https:\/\/dev.xnet-x.net\/img\/leyes-coartan-libertad-expresion.jpg\",\"width\":673,\"height\":389,\"caption\":\"Legislaciones que coartan la libertad de expresi\u00f3n de acci\u00f3n y organizaci\u00f3n en el Estado espa\u00f1ol\"},{\"@type\":\"BreadcrumbList\",\"@id\":\"https:\/\/dev.xnet-x.net\/es\/leyes-coartan-libertad-expresion-accion-organizacion\/#breadcrumb\",\"itemListElement\":[{\"@type\":\"ListItem\",\"position\":1,\"name\":\"Portada\",\"item\":\"https:\/\/dev.xnet-x.net\/es\/\"},{\"@type\":\"ListItem\",\"position\":2,\"name\":\"Legislaciones que coartan la libertad de expresi\u00f3n de acci\u00f3n y organizaci\u00f3n en el Estado espa\u00f1ol\"}]},{\"@type\":\"WebSite\",\"@id\":\"https:\/\/dev.xnet-x.net\/es\/#website\",\"url\":\"https:\/\/dev.xnet-x.net\/es\/\",\"name\":\"[:es]Xnet - Internet, derechos y democracia en la era digital[:ca]Xnet - Internet, drets i democr\u00e0cia en l'era digital[:en]Xnet - Internet freedoms & digital rights[:]\",\"description\":\"Xnet: Internet, informaci\u00f3n y cultura libres. Tecnopol\u00edtica. Datos, algoritmos y derechos digitales. Libertad de expresi\u00f3n. Democracia y anticorrupci\u00f3n\",\"publisher\":{\"@id\":\"https:\/\/dev.xnet-x.net\/es\/#organization\"},\"potentialAction\":[{\"@type\":\"SearchAction\",\"target\":{\"@type\":\"EntryPoint\",\"urlTemplate\":\"https:\/\/dev.xnet-x.net\/es\/?s={search_term_string}\"},\"query-input\":{\"@type\":\"PropertyValueSpecification\",\"valueRequired\":true,\"valueName\":\"search_term_string\"}}],\"inLanguage\":\"es\"},{\"@type\":\"Organization\",\"@id\":\"https:\/\/dev.xnet-x.net\/es\/#organization\",\"name\":\"Xnet - Internet, derechos y democracia en la era digital\",\"url\":\"https:\/\/dev.xnet-x.net\/es\/\",\"logo\":{\"@type\":\"ImageObject\",\"inLanguage\":\"es\",\"@id\":\"https:\/\/dev.xnet-x.net\/es\/#\/schema\/logo\/image\/\",\"url\":\"https:\/\/xnet-x.net\/img\/xnet-logo.png\",\"contentUrl\":\"https:\/\/xnet-x.net\/img\/xnet-logo.png\",\"width\":512,\"height\":512,\"caption\":\"Xnet - Internet, derechos y democracia en la era digital\"},\"image\":{\"@id\":\"https:\/\/dev.xnet-x.net\/es\/#\/schema\/logo\/image\/\"},\"sameAs\":[\"http:\/\/facebook.com\/RedX.Net\/\",\"https:\/\/x.com\/x_net_\",\"https:\/\/es.wikipedia.org\/wiki\/Xnet\"]},{\"@type\":\"Person\",\"@id\":\"https:\/\/dev.xnet-x.net\/es\/#\/schema\/person\/286e07d1c80ea3bcc60b6ef8b146e637\",\"name\":\"Xnet\",\"image\":{\"@type\":\"ImageObject\",\"inLanguage\":\"es\",\"@id\":\"https:\/\/dev.xnet-x.net\/es\/#\/schema\/person\/image\/\",\"url\":\"https:\/\/secure.gravatar.com\/avatar\/76eee622ce1df16aa986c0f990545e62b4c87e399e6c2a5fcfe24a092d2ba829?s=96&d=mm&r=g\",\"contentUrl\":\"https:\/\/secure.gravatar.com\/avatar\/76eee622ce1df16aa986c0f990545e62b4c87e399e6c2a5fcfe24a092d2ba829?s=96&d=mm&r=g\",\"caption\":\"Xnet\"}}]}<\/script>\n<!-- \/ Yoast SEO plugin. -->","yoast_head_json":{"title":"Legislaciones que coartan la libertad de expresi\u00f3n de acci\u00f3n y organizaci\u00f3n en el Estado espa\u00f1ol","description":"Contra las nuevas leyes represivas (Leyes Mordaza Ley Torquemada) que coartan nuestras libertades, ciudadan\u00eda organizada y derecho a saber e informar.","robots":{"index":"index","follow":"follow","max-snippet":"max-snippet:-1","max-image-preview":"max-image-preview:large","max-video-preview":"max-video-preview:-1"},"canonical":"https:\/\/dev.xnet-x.net\/es\/leyes-coartan-libertad-expresion-accion-organizacion\/","twitter_misc":{"Escrito por":"Xnet","Tiempo de lectura":"12 minutos"},"schema":{"@context":"https:\/\/schema.org","@graph":[{"@type":"Article","@id":"https:\/\/dev.xnet-x.net\/es\/leyes-coartan-libertad-expresion-accion-organizacion\/#article","isPartOf":{"@id":"https:\/\/dev.xnet-x.net\/es\/leyes-coartan-libertad-expresion-accion-organizacion\/"},"author":{"name":"Xnet","@id":"https:\/\/dev.xnet-x.net\/es\/#\/schema\/person\/286e07d1c80ea3bcc60b6ef8b146e637"},"headline":"Legislaciones que coartan la libertad de expresi\u00f3n de acci\u00f3n y organizaci\u00f3n en el Estado espa\u00f1ol","datePublished":"2015-12-01T16:52:40+00:00","dateModified":"2017-01-08T16:51:18+00:00","mainEntityOfPage":{"@id":"https:\/\/dev.xnet-x.net\/es\/leyes-coartan-libertad-expresion-accion-organizacion\/"},"wordCount":2438,"publisher":{"@id":"https:\/\/dev.xnet-x.net\/es\/#organization"},"image":{"@id":"https:\/\/dev.xnet-x.net\/es\/leyes-coartan-libertad-expresion-accion-organizacion\/#primaryimage"},"thumbnailUrl":"https:\/\/dev.xnet-x.net\/img\/leyes-coartan-libertad-expresion.jpg","articleSection":["Blog - Nuestras acciones"],"inLanguage":"es"},{"@type":"WebPage","@id":"https:\/\/dev.xnet-x.net\/es\/leyes-coartan-libertad-expresion-accion-organizacion\/","url":"https:\/\/dev.xnet-x.net\/es\/leyes-coartan-libertad-expresion-accion-organizacion\/","name":"Legislaciones que coartan la libertad de expresi\u00f3n de acci\u00f3n y organizaci\u00f3n en el Estado espa\u00f1ol","isPartOf":{"@id":"https:\/\/dev.xnet-x.net\/es\/#website"},"primaryImageOfPage":{"@id":"https:\/\/dev.xnet-x.net\/es\/leyes-coartan-libertad-expresion-accion-organizacion\/#primaryimage"},"image":{"@id":"https:\/\/dev.xnet-x.net\/es\/leyes-coartan-libertad-expresion-accion-organizacion\/#primaryimage"},"thumbnailUrl":"https:\/\/dev.xnet-x.net\/img\/leyes-coartan-libertad-expresion.jpg","datePublished":"2015-12-01T16:52:40+00:00","dateModified":"2017-01-08T16:51:18+00:00","description":"Contra las nuevas leyes represivas (Leyes Mordaza Ley Torquemada) que coartan nuestras libertades, ciudadan\u00eda organizada y derecho a saber e informar.","breadcrumb":{"@id":"https:\/\/dev.xnet-x.net\/es\/leyes-coartan-libertad-expresion-accion-organizacion\/#breadcrumb"},"inLanguage":"es","potentialAction":[{"@type":"ReadAction","target":[["https:\/\/dev.xnet-x.net\/es\/leyes-coartan-libertad-expresion-accion-organizacion\/"]]}]},{"@type":"ImageObject","inLanguage":"es","@id":"https:\/\/dev.xnet-x.net\/es\/leyes-coartan-libertad-expresion-accion-organizacion\/#primaryimage","url":"https:\/\/dev.xnet-x.net\/img\/leyes-coartan-libertad-expresion.jpg","contentUrl":"https:\/\/dev.xnet-x.net\/img\/leyes-coartan-libertad-expresion.jpg","width":673,"height":389,"caption":"Legislaciones que coartan la libertad de expresi\u00f3n de acci\u00f3n y organizaci\u00f3n en el Estado espa\u00f1ol"},{"@type":"BreadcrumbList","@id":"https:\/\/dev.xnet-x.net\/es\/leyes-coartan-libertad-expresion-accion-organizacion\/#breadcrumb","itemListElement":[{"@type":"ListItem","position":1,"name":"Portada","item":"https:\/\/dev.xnet-x.net\/es\/"},{"@type":"ListItem","position":2,"name":"Legislaciones que coartan la libertad de expresi\u00f3n de acci\u00f3n y organizaci\u00f3n en el Estado espa\u00f1ol"}]},{"@type":"WebSite","@id":"https:\/\/dev.xnet-x.net\/es\/#website","url":"https:\/\/dev.xnet-x.net\/es\/","name":"[:es]Xnet - Internet, derechos y democracia en la era digital[:ca]Xnet - Internet, drets i democr\u00e0cia en l'era digital[:en]Xnet - Internet freedoms & digital rights[:]","description":"Xnet: Internet, informaci\u00f3n y cultura libres. Tecnopol\u00edtica. Datos, algoritmos y derechos digitales. Libertad de expresi\u00f3n. Democracia y anticorrupci\u00f3n","publisher":{"@id":"https:\/\/dev.xnet-x.net\/es\/#organization"},"potentialAction":[{"@type":"SearchAction","target":{"@type":"EntryPoint","urlTemplate":"https:\/\/dev.xnet-x.net\/es\/?s={search_term_string}"},"query-input":{"@type":"PropertyValueSpecification","valueRequired":true,"valueName":"search_term_string"}}],"inLanguage":"es"},{"@type":"Organization","@id":"https:\/\/dev.xnet-x.net\/es\/#organization","name":"Xnet - Internet, derechos y democracia en la era digital","url":"https:\/\/dev.xnet-x.net\/es\/","logo":{"@type":"ImageObject","inLanguage":"es","@id":"https:\/\/dev.xnet-x.net\/es\/#\/schema\/logo\/image\/","url":"https:\/\/xnet-x.net\/img\/xnet-logo.png","contentUrl":"https:\/\/xnet-x.net\/img\/xnet-logo.png","width":512,"height":512,"caption":"Xnet - Internet, derechos y democracia en la era digital"},"image":{"@id":"https:\/\/dev.xnet-x.net\/es\/#\/schema\/logo\/image\/"},"sameAs":["http:\/\/facebook.com\/RedX.Net\/","https:\/\/x.com\/x_net_","https:\/\/es.wikipedia.org\/wiki\/Xnet"]},{"@type":"Person","@id":"https:\/\/dev.xnet-x.net\/es\/#\/schema\/person\/286e07d1c80ea3bcc60b6ef8b146e637","name":"Xnet","image":{"@type":"ImageObject","inLanguage":"es","@id":"https:\/\/dev.xnet-x.net\/es\/#\/schema\/person\/image\/","url":"https:\/\/secure.gravatar.com\/avatar\/76eee622ce1df16aa986c0f990545e62b4c87e399e6c2a5fcfe24a092d2ba829?s=96&d=mm&r=g","contentUrl":"https:\/\/secure.gravatar.com\/avatar\/76eee622ce1df16aa986c0f990545e62b4c87e399e6c2a5fcfe24a092d2ba829?s=96&d=mm&r=g","caption":"Xnet"}}]}},"_links":{"self":[{"href":"https:\/\/dev.xnet-x.net\/es\/wp-json\/wp\/v2\/posts\/9259","targetHints":{"allow":["GET"]}}],"collection":[{"href":"https:\/\/dev.xnet-x.net\/es\/wp-json\/wp\/v2\/posts"}],"about":[{"href":"https:\/\/dev.xnet-x.net\/es\/wp-json\/wp\/v2\/types\/post"}],"author":[{"embeddable":true,"href":"https:\/\/dev.xnet-x.net\/es\/wp-json\/wp\/v2\/users\/8"}],"replies":[{"embeddable":true,"href":"https:\/\/dev.xnet-x.net\/es\/wp-json\/wp\/v2\/comments?post=9259"}],"version-history":[{"count":5,"href":"https:\/\/dev.xnet-x.net\/es\/wp-json\/wp\/v2\/posts\/9259\/revisions"}],"predecessor-version":[{"id":9264,"href":"https:\/\/dev.xnet-x.net\/es\/wp-json\/wp\/v2\/posts\/9259\/revisions\/9264"}],"wp:featuredmedia":[{"embeddable":true,"href":"https:\/\/dev.xnet-x.net\/es\/wp-json\/wp\/v2\/media\/11218"}],"wp:attachment":[{"href":"https:\/\/dev.xnet-x.net\/es\/wp-json\/wp\/v2\/media?parent=9259"}],"wp:term":[{"taxonomy":"category","embeddable":true,"href":"https:\/\/dev.xnet-x.net\/es\/wp-json\/wp\/v2\/categories?post=9259"},{"taxonomy":"post_tag","embeddable":true,"href":"https:\/\/dev.xnet-x.net\/es\/wp-json\/wp\/v2\/tags?post=9259"}],"curies":[{"name":"wp","href":"https:\/\/api.w.org\/{rel}","templated":true}]}}