{"id":8971,"date":"2015-12-15T09:46:17","date_gmt":"2015-12-15T08:46:17","guid":{"rendered":"https:\/\/xnet-x.net\/?p=8971"},"modified":"2021-08-18T10:54:56","modified_gmt":"2021-08-18T08:54:56","slug":"no-votis-carme-chacon","status":"publish","type":"post","link":"https:\/\/dev.xnet-x.net\/es\/no-votes-a-carme-chacon\/","title":{"rendered":"No votes a Carme Chac\u00f3n"},"content":{"rendered":"<p><\/p>\n<h2 style=\"margin-top:0 !important\">Una carrera pol\u00edtica gracias a la burbuja de la vivienda<\/h2>\n<p><em>O por qu\u00e9 ning\u00fan ciudadano responsable votar\u00e1 por Carme Chac\u00f3n (<strong>n\u00ba1 del PSOE\/PSC por la circunscripci\u00f3n de Barcelona<\/strong> en Catalunya) el 20 de Diciembre.<\/em><br \/>\n&nbsp;<\/p>\n<div class=\"auto-resizable-iframe\" style=\"padding-left:20px; max-width: 600px;  margin: 0px auto;\">\n<div style=\" position: relative;  padding-bottom: 60%;  height: 0px;\"><iframe style=\"  position: absolute;  top: 0px;  left: 0px;  width: 100%;  height: 100%;\" frameborder=\"0\" allowfullscreen=\"\" src=\"https:\/\/www.youtube.com\/embed\/hn8yoTlk2VU\"><\/iframe><\/div>\n<\/div>\n<p>&nbsp;<\/p>\n<h3>No olvides.<br \/>\nCarmen Chac\u00f3n fue la ministra de Vivienda que infl\u00f3 la burbuja.<\/h3>\n<p>Carme Chac\u00f3n fue la m\u00e1xima responsable de vivienda durante los a\u00f1os que m\u00e1s necesario hubiese sido una pol\u00edtica a la altura del momento. En lugar de eso, se limit\u00f3 a aplicar medidas electoralistas y al servicio de los grandes especuladores inmobiliarios que dejaron a miles de ciudadanos atrapados en la estafa hipotecaria.<\/p>\n<p>La excusa de que era imposible prever la crisis no es cre\u00edble.<br \/>\nEn los a\u00f1os 2006 y 2007, la sociedad civil precursora del <a href=\"https:\/\/es.wikipedia.org\/wiki\/Movimiento_por_una_vivienda_digna_en_Espa%C3%B1a#Mayo_de_2006:_sentadas\" target=\"_blank\" rel=\"noopener noreferrer\">15M reclamaba, con VdeVivienda<\/a>, medidas reales contra el problema de la vivienda, avisando con claridad de la existencia de la burbuja inmobiliaria.<br \/>\n&nbsp;<\/p>\n<div style=\"text-align:center;\">\n<a style=\"margin-right:20px;\" href=\"https:\/\/xnet-x.net\/img\/VdeVivienda-avisando-de-la-burbuja-inmobiliaria.jpg\"><img loading=\"lazy\" decoding=\"async\" width=\"300\" height=\"183\" src=\"https:\/\/xnet-x.net\/img\/VdeVivienda-avisando-de-la-burbuja-inmobiliaria-300x183.jpg\" alt=\"VdeVivienda sentada avisando de la burbuja inmobiliaria\" class=\"size-medium wp-image-8972\" srcset=\"https:\/\/dev.xnet-x.net\/img\/VdeVivienda-avisando-de-la-burbuja-inmobiliaria-300x183.jpg 300w, https:\/\/dev.xnet-x.net\/img\/VdeVivienda-avisando-de-la-burbuja-inmobiliaria.jpg 500w\" sizes=\"auto, (max-width: 300px) 100vw, 300px\" \/><\/a><a href=\"https:\/\/xnet-x.net\/img\/VdeVivienda-manifestacion-por-una-vivienda-digna.jpg\"><img loading=\"lazy\" decoding=\"async\" width=\"300\" height=\"183\" src=\"https:\/\/xnet-x.net\/img\/VdeVivienda-manifestacion-por-una-vivienda-digna-300x183.jpg\" alt=\"VdeVivienda manifestaci\u00f3n por una vivienda digna\" class=\"size-medium wp-image-8973\" srcset=\"https:\/\/dev.xnet-x.net\/img\/VdeVivienda-manifestacion-por-una-vivienda-digna-300x183.jpg 300w, https:\/\/dev.xnet-x.net\/img\/VdeVivienda-manifestacion-por-una-vivienda-digna.jpg 500w\" sizes=\"auto, (max-width: 300px) 100vw, 300px\" \/><\/a>\n<\/div>\n<p>&nbsp;<\/p>\n<p>Pero la pol\u00edtica de Carme Chac\u00f3n sobre vivienda se limitaba a negar la realidad.<\/p>\n<p>Solo tom\u00f3 dos medidas:<\/p>\n<ul>\n<li>\nEn plena agon\u00eda de la burbuja, con precios de alquiler exorbitados e hipotecas a 40-50-60 a\u00f1os, solo se le ocurri\u00f3 seguir \u00ab<strong>subvencionando la burbuja<\/strong>\u00bb con 210 euros para los alquileres de los \u201cj\u00f3venes\u201d. Esto permiti\u00f3 que <a href=\"http:\/\/elpais.com\/diario\/2008\/05\/26\/economia\/1211752803_850215.html\" title=\"Las ayudas a j\u00f3venes dan pie a subidas en los alquileres\" target=\"_blank\" rel=\"noopener noreferrer\">los alquileres subieran m\u00e1s<\/a> a\u00fan y que los grandes especuladores inmobiliarios siguieran cobrando a pesar de lo insostenible de los precios de las viviendas.<\/li>\n<li>Pero su medida estrella fue, en sus propias palabras, \u201c<strong>agilizar los desahucios<\/strong>\u201d. Una de las <a href=\"http:\/\/elpais.com\/diario\/2007\/09\/29\/economia\/1191016813_850215.html\">decisiones pol\u00edticas<\/a> que ha causado m\u00e1s sufrimiento y que deber\u00eda perseguirla toda su carrera.<\/li>\n<\/ul>\n<p><strong>No te olvides de lo que nos hizo.<\/strong><\/p>\n<p>No debemos consentir que alguien que ha tomado este tipo de decisiones siga dedic\u00e1ndose a la pol\u00edtica encabezando una lista electoral.<\/p>\n<p>Visto con el tiempo, la \u00fanica duda es si Chac\u00f3n era simplemente incapaz y respond\u00eda a \u00f3rdenes de los lobbies del sector o  si lo hizo con intencionalidad. Lo que s\u00ed sabemos es que en una entrevista con la bbc el 25\/07\/2007, cuando le preguntan por el inminente estallido  burbuja, la cort\u00f3 con un \u00ab<em><a href=\"https:\/\/youtu.be\/TdxmuTh313o?t=2m6s\" target=\"_blank\" rel=\"noopener noreferrer\">Vamos a terminar ahora mismo, si no te importa<\/a><\/em>\u00ab.<\/p>\n<p><strong>Contra la impunidad de quien gobierna contra todos nosotros, demu\u00e9strale que tenemos memoria.<\/strong><\/p>\n<h3>No le votes.<\/h3>\n<h3>No votes a Carme Chac\u00f3n.<\/h3>\n<p><\/p>","protected":false},"excerpt":{"rendered":"<p>[V\u00eddeo] #20D No votes a Carme Chac\u00f3n, Ministra de Vivienda que agiliz\u00f3 los desahucios e infl\u00f3 la burbuja<\/p>\n","protected":false},"author":8,"featured_media":0,"comment_status":"closed","ping_status":"closed","sticky":false,"template":"","format":"standard","meta":{"footnotes":""},"categories":[52],"tags":[],"class_list":["post-8971","post","type-post","status-publish","format-standard","hentry","category-blog","ejes-tecnopolitica-hacktivismo-artivismo"],"yoast_head":"<!-- This site is optimized with the Yoast SEO plugin v26.7 - https:\/\/yoast.com\/wordpress\/plugins\/seo\/ -->\n<title>No votes a Carme Chac\u00f3n<\/title>\n<meta name=\"description\" content=\"No votes a Carme Chac\u00f3n, la Ministra de Vivienda que agiliz\u00f3 los deshaucios e infl\u00f3 la burbuja inmobiliaria. No te olvides de lo que nos hizo. No le votes.\" \/>\n<meta name=\"robots\" content=\"index, follow, max-snippet:-1, max-image-preview:large, max-video-preview:-1\" \/>\n<link rel=\"canonical\" href=\"https:\/\/dev.xnet-x.net\/es\/no-votes-a-carme-chacon\/\" \/>\n<meta name=\"twitter:label1\" content=\"Escrito por\" \/>\n\t<meta name=\"twitter:data1\" content=\"Xnet\" \/>\n\t<meta name=\"twitter:label2\" content=\"Tiempo de lectura\" \/>\n\t<meta name=\"twitter:data2\" content=\"3 minutos\" \/>\n<script type=\"application\/ld+json\" class=\"yoast-schema-graph\">{\"@context\":\"https:\/\/schema.org\",\"@graph\":[{\"@type\":\"Article\",\"@id\":\"https:\/\/dev.xnet-x.net\/es\/no-votes-a-carme-chacon\/#article\",\"isPartOf\":{\"@id\":\"https:\/\/dev.xnet-x.net\/es\/no-votes-a-carme-chacon\/\"},\"author\":{\"name\":\"Xnet\",\"@id\":\"https:\/\/dev.xnet-x.net\/es\/#\/schema\/person\/286e07d1c80ea3bcc60b6ef8b146e637\"},\"headline\":\"No votes a Carme Chac\u00f3n\",\"datePublished\":\"2015-12-15T08:46:17+00:00\",\"dateModified\":\"2021-08-18T08:54:56+00:00\",\"mainEntityOfPage\":{\"@id\":\"https:\/\/dev.xnet-x.net\/es\/no-votes-a-carme-chacon\/\"},\"wordCount\":547,\"publisher\":{\"@id\":\"https:\/\/dev.xnet-x.net\/es\/#organization\"},\"image\":{\"@id\":\"https:\/\/dev.xnet-x.net\/es\/no-votes-a-carme-chacon\/#primaryimage\"},\"thumbnailUrl\":\"https:\/\/xnet-x.net\/img\/VdeVivienda-avisando-de-la-burbuja-inmobiliaria-300x183.jpg\",\"articleSection\":[\"Blog - Nuestras acciones\"],\"inLanguage\":\"es\"},{\"@type\":\"WebPage\",\"@id\":\"https:\/\/dev.xnet-x.net\/es\/no-votes-a-carme-chacon\/\",\"url\":\"https:\/\/dev.xnet-x.net\/es\/no-votes-a-carme-chacon\/\",\"name\":\"No votes a Carme Chac\u00f3n\",\"isPartOf\":{\"@id\":\"https:\/\/dev.xnet-x.net\/es\/#website\"},\"primaryImageOfPage\":{\"@id\":\"https:\/\/dev.xnet-x.net\/es\/no-votes-a-carme-chacon\/#primaryimage\"},\"image\":{\"@id\":\"https:\/\/dev.xnet-x.net\/es\/no-votes-a-carme-chacon\/#primaryimage\"},\"thumbnailUrl\":\"https:\/\/xnet-x.net\/img\/VdeVivienda-avisando-de-la-burbuja-inmobiliaria-300x183.jpg\",\"datePublished\":\"2015-12-15T08:46:17+00:00\",\"dateModified\":\"2021-08-18T08:54:56+00:00\",\"description\":\"No votes a Carme Chac\u00f3n, la Ministra de Vivienda que agiliz\u00f3 los deshaucios e infl\u00f3 la burbuja inmobiliaria. No te olvides de lo que nos hizo. No le votes.\",\"breadcrumb\":{\"@id\":\"https:\/\/dev.xnet-x.net\/es\/no-votes-a-carme-chacon\/#breadcrumb\"},\"inLanguage\":\"es\",\"potentialAction\":[{\"@type\":\"ReadAction\",\"target\":[[\"https:\/\/dev.xnet-x.net\/es\/no-votes-a-carme-chacon\/\"]]}]},{\"@type\":\"ImageObject\",\"inLanguage\":\"es\",\"@id\":\"https:\/\/dev.xnet-x.net\/es\/no-votes-a-carme-chacon\/#primaryimage\",\"url\":\"https:\/\/xnet-x.net\/img\/VdeVivienda-avisando-de-la-burbuja-inmobiliaria-300x183.jpg\",\"contentUrl\":\"https:\/\/xnet-x.net\/img\/VdeVivienda-avisando-de-la-burbuja-inmobiliaria-300x183.jpg\"},{\"@type\":\"BreadcrumbList\",\"@id\":\"https:\/\/dev.xnet-x.net\/es\/no-votes-a-carme-chacon\/#breadcrumb\",\"itemListElement\":[{\"@type\":\"ListItem\",\"position\":1,\"name\":\"Portada\",\"item\":\"https:\/\/dev.xnet-x.net\/es\/\"},{\"@type\":\"ListItem\",\"position\":2,\"name\":\"No votes a Carme Chac\u00f3n\"}]},{\"@type\":\"WebSite\",\"@id\":\"https:\/\/dev.xnet-x.net\/es\/#website\",\"url\":\"https:\/\/dev.xnet-x.net\/es\/\",\"name\":\"[:es]Xnet - Internet, derechos y democracia en la era digital[:ca]Xnet - Internet, drets i democr\u00e0cia en l'era digital[:en]Xnet - Internet freedoms & digital rights[:]\",\"description\":\"Xnet: Internet, informaci\u00f3n y cultura libres. Tecnopol\u00edtica. Datos, algoritmos y derechos digitales. Libertad de expresi\u00f3n. Democracia y anticorrupci\u00f3n\",\"publisher\":{\"@id\":\"https:\/\/dev.xnet-x.net\/es\/#organization\"},\"potentialAction\":[{\"@type\":\"SearchAction\",\"target\":{\"@type\":\"EntryPoint\",\"urlTemplate\":\"https:\/\/dev.xnet-x.net\/es\/?s={search_term_string}\"},\"query-input\":{\"@type\":\"PropertyValueSpecification\",\"valueRequired\":true,\"valueName\":\"search_term_string\"}}],\"inLanguage\":\"es\"},{\"@type\":\"Organization\",\"@id\":\"https:\/\/dev.xnet-x.net\/es\/#organization\",\"name\":\"Xnet - Internet, derechos y democracia en la era digital\",\"url\":\"https:\/\/dev.xnet-x.net\/es\/\",\"logo\":{\"@type\":\"ImageObject\",\"inLanguage\":\"es\",\"@id\":\"https:\/\/dev.xnet-x.net\/es\/#\/schema\/logo\/image\/\",\"url\":\"https:\/\/xnet-x.net\/img\/xnet-logo.png\",\"contentUrl\":\"https:\/\/xnet-x.net\/img\/xnet-logo.png\",\"width\":512,\"height\":512,\"caption\":\"Xnet - Internet, derechos y democracia en la era digital\"},\"image\":{\"@id\":\"https:\/\/dev.xnet-x.net\/es\/#\/schema\/logo\/image\/\"},\"sameAs\":[\"http:\/\/facebook.com\/RedX.Net\/\",\"https:\/\/x.com\/x_net_\",\"https:\/\/es.wikipedia.org\/wiki\/Xnet\"]},{\"@type\":\"Person\",\"@id\":\"https:\/\/dev.xnet-x.net\/es\/#\/schema\/person\/286e07d1c80ea3bcc60b6ef8b146e637\",\"name\":\"Xnet\",\"image\":{\"@type\":\"ImageObject\",\"inLanguage\":\"es\",\"@id\":\"https:\/\/dev.xnet-x.net\/es\/#\/schema\/person\/image\/\",\"url\":\"https:\/\/secure.gravatar.com\/avatar\/76eee622ce1df16aa986c0f990545e62b4c87e399e6c2a5fcfe24a092d2ba829?s=96&d=mm&r=g\",\"contentUrl\":\"https:\/\/secure.gravatar.com\/avatar\/76eee622ce1df16aa986c0f990545e62b4c87e399e6c2a5fcfe24a092d2ba829?s=96&d=mm&r=g\",\"caption\":\"Xnet\"}}]}<\/script>\n<!-- \/ Yoast SEO plugin. -->","yoast_head_json":{"title":"No votes a Carme Chac\u00f3n","description":"No votes a Carme Chac\u00f3n, la Ministra de Vivienda que agiliz\u00f3 los deshaucios e infl\u00f3 la burbuja inmobiliaria. No te olvides de lo que nos hizo. No le votes.","robots":{"index":"index","follow":"follow","max-snippet":"max-snippet:-1","max-image-preview":"max-image-preview:large","max-video-preview":"max-video-preview:-1"},"canonical":"https:\/\/dev.xnet-x.net\/es\/no-votes-a-carme-chacon\/","twitter_misc":{"Escrito por":"Xnet","Tiempo de lectura":"3 minutos"},"schema":{"@context":"https:\/\/schema.org","@graph":[{"@type":"Article","@id":"https:\/\/dev.xnet-x.net\/es\/no-votes-a-carme-chacon\/#article","isPartOf":{"@id":"https:\/\/dev.xnet-x.net\/es\/no-votes-a-carme-chacon\/"},"author":{"name":"Xnet","@id":"https:\/\/dev.xnet-x.net\/es\/#\/schema\/person\/286e07d1c80ea3bcc60b6ef8b146e637"},"headline":"No votes a Carme Chac\u00f3n","datePublished":"2015-12-15T08:46:17+00:00","dateModified":"2021-08-18T08:54:56+00:00","mainEntityOfPage":{"@id":"https:\/\/dev.xnet-x.net\/es\/no-votes-a-carme-chacon\/"},"wordCount":547,"publisher":{"@id":"https:\/\/dev.xnet-x.net\/es\/#organization"},"image":{"@id":"https:\/\/dev.xnet-x.net\/es\/no-votes-a-carme-chacon\/#primaryimage"},"thumbnailUrl":"https:\/\/xnet-x.net\/img\/VdeVivienda-avisando-de-la-burbuja-inmobiliaria-300x183.jpg","articleSection":["Blog - Nuestras acciones"],"inLanguage":"es"},{"@type":"WebPage","@id":"https:\/\/dev.xnet-x.net\/es\/no-votes-a-carme-chacon\/","url":"https:\/\/dev.xnet-x.net\/es\/no-votes-a-carme-chacon\/","name":"No votes a Carme Chac\u00f3n","isPartOf":{"@id":"https:\/\/dev.xnet-x.net\/es\/#website"},"primaryImageOfPage":{"@id":"https:\/\/dev.xnet-x.net\/es\/no-votes-a-carme-chacon\/#primaryimage"},"image":{"@id":"https:\/\/dev.xnet-x.net\/es\/no-votes-a-carme-chacon\/#primaryimage"},"thumbnailUrl":"https:\/\/xnet-x.net\/img\/VdeVivienda-avisando-de-la-burbuja-inmobiliaria-300x183.jpg","datePublished":"2015-12-15T08:46:17+00:00","dateModified":"2021-08-18T08:54:56+00:00","description":"No votes a Carme Chac\u00f3n, la Ministra de Vivienda que agiliz\u00f3 los deshaucios e infl\u00f3 la burbuja inmobiliaria. No te olvides de lo que nos hizo. No le votes.","breadcrumb":{"@id":"https:\/\/dev.xnet-x.net\/es\/no-votes-a-carme-chacon\/#breadcrumb"},"inLanguage":"es","potentialAction":[{"@type":"ReadAction","target":[["https:\/\/dev.xnet-x.net\/es\/no-votes-a-carme-chacon\/"]]}]},{"@type":"ImageObject","inLanguage":"es","@id":"https:\/\/dev.xnet-x.net\/es\/no-votes-a-carme-chacon\/#primaryimage","url":"https:\/\/xnet-x.net\/img\/VdeVivienda-avisando-de-la-burbuja-inmobiliaria-300x183.jpg","contentUrl":"https:\/\/xnet-x.net\/img\/VdeVivienda-avisando-de-la-burbuja-inmobiliaria-300x183.jpg"},{"@type":"BreadcrumbList","@id":"https:\/\/dev.xnet-x.net\/es\/no-votes-a-carme-chacon\/#breadcrumb","itemListElement":[{"@type":"ListItem","position":1,"name":"Portada","item":"https:\/\/dev.xnet-x.net\/es\/"},{"@type":"ListItem","position":2,"name":"No votes a Carme Chac\u00f3n"}]},{"@type":"WebSite","@id":"https:\/\/dev.xnet-x.net\/es\/#website","url":"https:\/\/dev.xnet-x.net\/es\/","name":"[:es]Xnet - Internet, derechos y democracia en la era digital[:ca]Xnet - Internet, drets i democr\u00e0cia en l'era digital[:en]Xnet - Internet freedoms & digital rights[:]","description":"Xnet: Internet, informaci\u00f3n y cultura libres. Tecnopol\u00edtica. Datos, algoritmos y derechos digitales. Libertad de expresi\u00f3n. Democracia y anticorrupci\u00f3n","publisher":{"@id":"https:\/\/dev.xnet-x.net\/es\/#organization"},"potentialAction":[{"@type":"SearchAction","target":{"@type":"EntryPoint","urlTemplate":"https:\/\/dev.xnet-x.net\/es\/?s={search_term_string}"},"query-input":{"@type":"PropertyValueSpecification","valueRequired":true,"valueName":"search_term_string"}}],"inLanguage":"es"},{"@type":"Organization","@id":"https:\/\/dev.xnet-x.net\/es\/#organization","name":"Xnet - Internet, derechos y democracia en la era digital","url":"https:\/\/dev.xnet-x.net\/es\/","logo":{"@type":"ImageObject","inLanguage":"es","@id":"https:\/\/dev.xnet-x.net\/es\/#\/schema\/logo\/image\/","url":"https:\/\/xnet-x.net\/img\/xnet-logo.png","contentUrl":"https:\/\/xnet-x.net\/img\/xnet-logo.png","width":512,"height":512,"caption":"Xnet - Internet, derechos y democracia en la era digital"},"image":{"@id":"https:\/\/dev.xnet-x.net\/es\/#\/schema\/logo\/image\/"},"sameAs":["http:\/\/facebook.com\/RedX.Net\/","https:\/\/x.com\/x_net_","https:\/\/es.wikipedia.org\/wiki\/Xnet"]},{"@type":"Person","@id":"https:\/\/dev.xnet-x.net\/es\/#\/schema\/person\/286e07d1c80ea3bcc60b6ef8b146e637","name":"Xnet","image":{"@type":"ImageObject","inLanguage":"es","@id":"https:\/\/dev.xnet-x.net\/es\/#\/schema\/person\/image\/","url":"https:\/\/secure.gravatar.com\/avatar\/76eee622ce1df16aa986c0f990545e62b4c87e399e6c2a5fcfe24a092d2ba829?s=96&d=mm&r=g","contentUrl":"https:\/\/secure.gravatar.com\/avatar\/76eee622ce1df16aa986c0f990545e62b4c87e399e6c2a5fcfe24a092d2ba829?s=96&d=mm&r=g","caption":"Xnet"}}]}},"_links":{"self":[{"href":"https:\/\/dev.xnet-x.net\/es\/wp-json\/wp\/v2\/posts\/8971","targetHints":{"allow":["GET"]}}],"collection":[{"href":"https:\/\/dev.xnet-x.net\/es\/wp-json\/wp\/v2\/posts"}],"about":[{"href":"https:\/\/dev.xnet-x.net\/es\/wp-json\/wp\/v2\/types\/post"}],"author":[{"embeddable":true,"href":"https:\/\/dev.xnet-x.net\/es\/wp-json\/wp\/v2\/users\/8"}],"replies":[{"embeddable":true,"href":"https:\/\/dev.xnet-x.net\/es\/wp-json\/wp\/v2\/comments?post=8971"}],"version-history":[{"count":9,"href":"https:\/\/dev.xnet-x.net\/es\/wp-json\/wp\/v2\/posts\/8971\/revisions"}],"predecessor-version":[{"id":22884,"href":"https:\/\/dev.xnet-x.net\/es\/wp-json\/wp\/v2\/posts\/8971\/revisions\/22884"}],"wp:attachment":[{"href":"https:\/\/dev.xnet-x.net\/es\/wp-json\/wp\/v2\/media?parent=8971"}],"wp:term":[{"taxonomy":"category","embeddable":true,"href":"https:\/\/dev.xnet-x.net\/es\/wp-json\/wp\/v2\/categories?post=8971"},{"taxonomy":"post_tag","embeddable":true,"href":"https:\/\/dev.xnet-x.net\/es\/wp-json\/wp\/v2\/tags?post=8971"}],"curies":[{"name":"wp","href":"https:\/\/api.w.org\/{rel}","templated":true}]}}