{"id":8644,"date":"2015-10-29T10:21:08","date_gmt":"2015-10-29T09:21:08","guid":{"rendered":"https:\/\/xnet-x.net\/?p=8644"},"modified":"2021-07-01T12:42:04","modified_gmt":"2021-07-01T10:42:04","slug":"transparency-vs-privacy","status":"publish","type":"post","link":"https:\/\/dev.xnet-x.net\/es\/transparencia-y-privacidad\/","title":{"rendered":"Transparencia &#038; privacidad"},"content":{"rendered":"<p><strong>Exposici\u00f3n introductoria del <a href=\"http:\/\/2015.fcforum.net\" rel=\"noopener noreferrer\" target=\"_blank\">FCForum 2015<\/a><\/strong><\/p>\n<p><strong>Foro Internacional Internet y Democracia organizado por Xnet<\/strong><\/p>\n<p><em>Escrito por Simona Levi de Xnet (organizadores)<\/em><\/p>\n<p>Cuando algo pasa de ser un instrumento para la democracia y la justicia a ser un \u00abvalor\u00bb, un lema, un fin en s\u00ed mismo, es que tenemos un problema. Mirad lo que nos han hecho con el \u00abAmor\u00bb, la \u00abPaz\u00bb, la \u00abUni\u00f3n\u00bb\u2026,la \u201cDemocracia\u201d, la \u201cJusticia\u201d\u2026<\/p>\n<p>La \u00abtransparencia\u00bb y la \u00abprivacidad\u00bb, se han convertido en armas arrojadizas en manos de la propaganda de unos y de otros cuando la \u00abtransparencia\u00bb sirve para acorralar a la gente que, de manera an\u00f3nima, filtra informaci\u00f3n relevante, informaci\u00f3n que se nos oculta o cuando desobedecen para modificar leyes injustas, o cuando. La \u00abprivacidad\u00bb se utiliza para borrar los cr\u00edmenes de banqueros, pol\u00edticos y grandes monopolios.<\/p>\n<p>En las tertulias se criminalizan, con total naturalidad, a activistas porque \u201cno se sabe quienes son\u201d mientras quese defiende a g\u00e1ngsters institucionales porque \u201clos pol\u00edticos tambi\u00e9n tienen derecho a su privacidad\u201d. <\/p>\n<p>En la era post revelaciones de Snowden, a la pregunta de d\u00f3nde ponemos el l\u00edmite, los activistas por los derechos digitales tenemos damos una respuesta sin ambig\u00fcedades: \u201cTransparencia para los gobiernos; privacidad para todos nosotros\u201d.<\/p>\n<p>En una situaci\u00f3n de asimetr\u00eda evidente entre el establishment, que tiene todo tipo de recursos para perpetrar abusos y el resto de la poblaci\u00f3n, debemos abogar por una transparencia radical que implique adem\u00e1s claridad y accesibilidad para el gobierno, los partidos pol\u00edticos, las instituciones, las grandes fortunas y las estructuras tanto p\u00fablicas como privadas \u2014 que tengan impacto sobre m\u00e1s del 10% de la poblaci\u00f3n; y esto implica a todos sus miembros mientras est\u00e9n en ejercicio, sin derecho al olvido.<\/p>\n<p>Del mismo modo, debemos preservar para el resto de las personas o para los grupos de ciudadanos independientes que se junten a resolver cualquier  problema, un radical respeto por su privacidad, anonimato o derecho a ser vistos sin ser reconocidos [<a href=\"#1\">1<\/a>].<\/p>\n<p>Se ha de parar los pies a la demagogia h\u00e1bilmente disfrazada de tecnofobia sensiblera, que nos cuenta que todos debemos ser identificados e identificables en las redes por nuestro bien y, c\u00f3mo no, por nuestra seguridad. Si dejamos abrirse esta brecha represiva en el espacio virtual, trasladarla al espacio f\u00edsico est\u00e1 solo a un paso. <\/p>\n<p>Siempre y en todos los espacios, los delitos deben y pueden ser perseguidos sin socavar los derechos fundamentales [<a href=\"#2\">2<\/a>].<\/p>\n<p>Nadie con m\u00ednimos rudimentos de historia y en su sano juicio pedir\u00eda que, cuando llevamos una carta a Correos, tuvi\u00e9ramos que dejarla abierta para que el cartero, a su antojo y sin mandato judicial, pueda echar un vistazo a lo que escribimos no sea que seamos terroristas, ped\u00f3filos o simplemente expresemos algo que est\u00e9 en desacuerdo con alguna ley vigente.<\/p>\n<h3 style=\"padding-top:15px; font-size:1.5em; paddin-bottom:10px;\">Transparencia &#038; Participaci\u00f3n<\/h3>\n<p>Por otra parte, no queremos transformar la transparencia que hemos defendido en el 15M en un valor moralista que sirva para el lavado de cara de unos y otros. Los abanderados de la Transparencia &#038; la Participaci\u00f3n hoy en d\u00eda suelen anunciar programas colaborativos, que no lo son o lo son poco y mal; listas abiertas que no lo son, o lo son demasiado o demasiado poco; y cuentas transparentes que son imposibles de descifrar. Es el poder de la propaganda contra el poder de la inteligencia. Ya sabemos quien gana: el que escriba la Historia.<\/p>\n<p>\u201cTransparencia &#038; Participaci\u00f3n\u201d son las nuevas promesas de la Demagogia 3.0. Esto es lo que ocurre cuando una hip\u00f3tesis proyectual para un cambio radical se le arrebata a la gente que lucha desde sus lugares de acci\u00f3n y se transforma en un lema con copyright de marcas electorales y con un dise\u00f1o hegem\u00f3nico sobre todos nosotros; \u201cTransparencia &#038; Participaci\u00f3n \u201cse convierten en \u201cLa Dictadura del Proletariado\u201d de la post posmodernidad, en la falsa nueva pol\u00edtica: una simple mentira.<\/p>\n<p>No pueden ser \u201cellos\u201d los garantes de su ejecuci\u00f3n, ser\u00edan juez y parte. Debemos construir los cauces para que pueda ser controlada desde el com\u00fan, tal y como ya se hace en muchas comunidades online y como propuso el Partido X con el prototipo de Democracia y Punto [<a href=\"#3\">3<\/a>].<\/p>\n<p>Queremos que la transparencia siga siendo una herramienta efectiva para la acci\u00f3n y la transformaci\u00f3n, para una democracia real. <\/p>\n<p>Por esto, adem\u00e1s, hay que preguntarse no s\u00f3lo c\u00f3mo crear cauces para acceder y liberar informaci\u00f3n, sino tambi\u00e9n qu\u00e9 hacer con esta informaci\u00f3n y qui\u00e9n tiene que hacer algo con ella.<\/p>\n<p>Mientras luchamos para crear nuevas instituciones que s\u00ed tengan estos cauces, las filtraciones ciudadanas han demostrado, de momento, tener un valor incalculable para desmantelar el ecosistema de corrupci\u00f3n que permit\u00eda la continuidad de las instituciones anteriores. <\/p>\n<h3 style=\"padding-top:15px; font-size:1.5em; paddin-bottom:10px;\">De lo divino y lo humano y de qu\u00e9 tiene que ver la prensa con todo ello<\/h3>\n<p>Creando 15MpaRato, la querella que impuls\u00f3 el caso Bankia, y un a\u00f1o m\u00e1s tarde,  la filtraci\u00f3n de los Correos de Blesa, los documentos que llevaron a las Tarjetas Negras, aprendimos muchas cosas, una del todo inesperada: no es dif\u00edcil imputar banqueros y pol\u00edticos; lo dif\u00edcil es que se sepa que no lo han hecho sus iguales, sino gente de a pie, gente normal y corriente. Ni la Prensa, ni los partidos, ni los jueces, ni los gobiernos est\u00e1n dispuestos a contar y reconocer que esto puede hacerlo cualquiera. Ninguno de ellos quiere perder su aura divina, ninguno de ellos quiere reconocer que sin las muchas y muchas personas que act\u00faan, nada de esto estar\u00eda ocurriendo y eso a pesar de que el 15M ha dejado buena constancia de ello.<\/p>\n<p>Como ciudadanos de a pie, desde dentro del caso Bankia, descubrimos cu\u00e1nto esfuerzo requiere conseguir un informe; que una prueba sea aceptada por el tribunal; que un testimonio sea tomado en consideraci\u00f3n por la prensa y no coaptado por los partidos pol\u00edticos. El cambio que se ha dado contra la corrupci\u00f3n despu\u00e9s del 15M es porque cada vez hay m\u00e1s ciudadanos que no soltamos la presa, que dale que te pego conseguimos el informe, la prueba o difundimos un testimonio; y ya no estamos aislados, somos redes con muchos apoyos, cuando uno cae, sabemos que otro tomar\u00e1 el relevo. <\/p>\n<p>Aun as\u00ed, lo m\u00e1s normal es que los medios digan cosas como: \u201cUn informe de la CNMV, a la que ha tenido acceso este diario, dice que\u2026 \u201c.<br \/>\nLa imagen que nos transmite una frase como esta es de una CNMV.\u201d, \u00a1Tan buenas personas! que de sol a sol curran haciendo informes y que luego estos informes caen del cielo en un bosque muy tenebroso, donde por casualidad estaba paseando alg\u00fan director, de alg\u00fan diario\u2026<br \/>\nEn nuestra humilde experiencia, los informes se hacen cuando ya no tienen m\u00e1s remedio, cuando los tienes contra las cuerdas y no pueden zafarse; a Rato lo sueltan como lastre despu\u00e9s de dos a\u00f1os de aportar pruebas abrumadoras, y la prensa accede porque alguien quiere, de uno u otro bando, incluido el nuestro.<\/p>\n<p>El <strong>Monopolio de la Verdad TM que ha estado vigente hasta ahora era la Trinidad Medios (los \u201cserios\u201d), Gobierno y Partidos<\/strong>. Entre ellos hay un pacto t\u00e1cito por el que no se tiene que saber que existe algo que traza la historia fuera de este tri\u00e1ngulo.<\/p>\n<p>En realidad esta Trinidad es la que tiene m\u00e1s inter\u00e9s en que todo se mantenga igual.<\/p>\n<p>Dentro de este contexto, sigue habiendo cientos de periodistas que creen en la funci\u00f3n social de su profesi\u00f3n, que investigan y que saben lo importante de la cooperaci\u00f3n con la ciudadan\u00eda activa. Con ellos debemos crear un nuevo contrato de colaboraci\u00f3n que permita que se escriba la historia tal y como la estamos forjando entre todos.<\/p>\n<p>En cooperaci\u00f3n deconstruimos un relato que nos quiere pasivos. No es s\u00f3lo por dignidad y memoria hist\u00f3rica, es tambi\u00e9n para dar alas al nuevo modelo que es el que est\u00e1 cambiando las cosas. Cuanto m\u00e1s se sepa, m\u00e1s seremos y cuanto m\u00e1s seamos, m\u00e1s \u00e9xito tendr\u00e1. <\/p>\n<p>Es urgente. Porque como siempre, cuando el sistema se ve acorralado,genera leyes liberticidas para proteger el statu quo. Desde Wikileaks a Snowden, de Falciani, a la Gurtel, al caso Pujol o a la P\u00fanica hasta los Correos de Blesa y los papeles de B\u00e1rcenas, las filtraciones ciudadanas que se han abierto camino en los medios han quebrado tramas de estado vigentes desde hace m\u00e1s de 30 a\u00f1os. Y<br \/>\nlas respuestas no se han hecho esperar: aqu\u00ed la ley Torquemada [<a href=\"#4\">4<\/a>] o los sistemas de vigilancia escondidos en la aparentemente inocua Ley de Cine [<a href=\"#5\">5<\/a>], en otros lugares, un impulso a una nueva doctrina jur\u00eddica [<a href=\"#6\">6<\/a>] por la cual, en nombre de la recuperaci\u00f3n econ\u00f3mica  \u2014que como excusa nunca se agota\u2014, se considera criminal cualquier revelaci\u00f3n que pueda afectar secretos de empresas privadas. Mira por donde, de tener recorrido, todos los casos antes mencionados, desde Falciani, a la Gurtel, al caso Pujol o a la P\u00fanica hasta los Correos de Blesa y los papeles de B\u00e1rcenas no ser\u00edan considerados no v\u00e1lidos y quienes los denunciaron ser\u00edan tratados como criminales. <em>Et voil\u00e0!<\/em><\/p>\n<p>Se trata, en suma, de establecer una alianza entre los profesionales de la informaci\u00f3n y la ciudadan\u00eda que ha decidido sacar a la luz la informaci\u00f3n necesaria, reconoci\u00e9ndonos mutuamente y con una responsabilidad com\u00fan y, al mismo tiempo, darnos medios de protecci\u00f3n mutua contra el control y los recortes de la libertad de expresi\u00f3n y de acci\u00f3n. <\/p>\n<p>El objetivo es ser una sociedad civil empoderada que acceda libremente a la informaci\u00f3n y la gestione para vigilar sus propias instituciones.<br \/>\nDemocracia que algunos la llaman.<\/p>\n<h3 style=\"padding-top:15px; font-size:1.5em; paddin-bottom:10px;\">La paradoja del anonimato y del reconocimiento<\/h3>\n<p>Por esto, es tan importante para nosotros tanto la <strong>lucha para la protecci\u00f3n<\/strong> de las fuentes como la <strong>lucha por su reconocimiento<\/strong> por parte de la prensa, de los gobiernos, de las instituciones y de los partidos pol\u00edticos.<\/p>\n<p>Preservar nuestra privacidad y ser reconocidos no est\u00e1n re\u00f1idos.<br \/>\nLos Zapatistas lo explican muy gr\u00e1ficamente cuando dicen <em>\u00abEscondemos la cara para poder ser vistos\u00bb<\/em>.<\/p>\n<p>No es importante saber exactamente qui\u00e9n es el que hace, pero s\u00ed es importante saber que por todas partes hay personas que toman carta en asuntos donde las instituciones hacen dejaci\u00f3n de funciones. Y si no la hay, puede que la haya. Cualquiera debe ver preservada su posibilidad de denunciar abusos sin sufrir represalias por ello. Aunque no la ejerza jam\u00e1s.<br \/>\nEsto en ning\u00fan caso deber\u00eda ser una excepci\u00f3n ni deber\u00eda ser fuente de peligro o de persecuci\u00f3n, ni mucho menos deber\u00eda devastar la vida de la gente y su intimidad.<br \/>\nEsto deber\u00eda ser algo establecido y protegido, en un estado de derecho.<br \/>\nUna vez m\u00e1s exigir la protecci\u00f3n legal de nuestros datos no debe llevarnos a culpar a la tecnolog\u00eda. El respeto es una cuesti\u00f3n pol\u00edtica y de derechos y libertades como siempre lo ha sido, antes y despu\u00e9s de Internet.<br \/>\nLa circulaci\u00f3n de datos puede ser usada en nuestro beneficio y no en nuestra contra.<\/p>\n<p>En el quinto a\u00f1o de la era 15M, sabemos que estamos avanzando defendiendo y haciendo un uso colectivo e implacable de nuestro derecho a saber y a informar, a ser vistos y reconocidos sin ser perseguidos, y para defender estas libertades, vamos a organizarnos.<br \/>\n&nbsp;<\/p>\n<p><em>Notas y referencias:<\/em><\/p>\n<p>[<a id=\"1\">1<\/a>] STOA \u2013 Documento comisionado por el Parlamento Europeo<br \/>\n\u201cEn este momento la encriptaci\u00f3n es el \u00fanico medio para defenderse de la vigilancia masiva\u00bb.<br \/>\n<a href=\"https:\/\/www.europarl.europa.eu\/RegData\/etudes\/STUD\/2015\/527409\/EPRS_STU(2015)527409_REV1_EN.pdf\" rel=\"noopener noreferrer\" target=\"_blank\">http:\/\/www.europarl.europa.eu\/stoa\/cms\/cache\/offonce\/home\/publications\/studies;jsessionid=490A3E7E5D44BEDAA600139DBB98DBAB?reference=EPRS_STU(2015)527409<\/a><\/p>\n<p>[<a id=\"2\">2<\/a>] El informe de la Alta Comisionada de la ONU para los Derechos Humanos<br \/>\n\u201cLa vigilancia invasiva, as\u00ed como la recogida y el almacenamiento de datos personales derivados de la comunicaci\u00f3n digital \u2014si forma parte de programas de vigilancia dirigida o masiva\u2014 no solo puede infringir el derecho a la privacidad, sino tambi\u00e9n un rango de otros derechos fundamentales.\u201d<br \/>\n<a href=\"https:\/\/www.fayerwayer.com\/2014\/07\/onu-la-vigilancia-masiva-necesita-controles-que-respeten-dd-hh\/\" rel=\"noopener noreferrer\" target=\"_blank\">https:\/\/www.fayerwayer.com\/2014\/07\/onu-la-vigilancia-masiva-necesita-controles-que-respeten-dd-hh\/<\/a><\/p>\n<p>[<a id=\"3\">3<\/a>] Ley Torquemada<br \/>\n<a href=\"https:\/\/xnet-x.net\/ley-torquemada-como-nos-afecta-como-defendernos\" rel=\"noopener noreferrer\" target=\"_blank\">https:\/\/xnet-x.net\/ley-torquemada-como-nos-afecta-como-defendernos<\/a><\/p>\n<p>[<a id=\"4\">4<\/a>] Democracia y Punto<br \/>\n<a href=\"http:\/\/partidox.org\/democracia-y-punto\/\" rel=\"noopener noreferrer\" target=\"_blank\">http:\/\/partidox.org\/democracia-y-punto\/<\/a><\/p>\n<p>[<a id=\"5\">5<\/a>] En la Ley del Cine: \u201cM\u00e1s de 1 mill\u00f3n de euros ser\u00e1n destinados a sistemas de escucha en \u00abambientes hostiles\u00bb y otros 4 millones a la geolocalizaci\u00f3n a trav\u00e9s del m\u00f3vil\u201d<br \/>\n<a href=\"http:\/\/www.eldiario.es\/politica\/Gobierno-escuchas-seguimientos-Ley-Cine_0_426958224.html\" rel=\"noopener noreferrer\" target=\"_blank\">http:\/\/www.eldiario.es\/politica\/Gobierno-escuchas-seguimientos-Ley-Cine_0_426958224.html<\/a><\/p>\n<p>[<a id=\"6\">6<\/a>] Xnet contra la Directiva Europea de Secretos Comerciales<br \/>\n<a href=\"https:\/\/xnet-x.net\/directiva-secretos-comerciales\/\" rel=\"noopener noreferrer\" target=\"_blank\">https:\/\/xnet-x.net\/directiva-secretos-comerciales\/<\/a><\/p>\n<p><\/p>","protected":false},"excerpt":{"rendered":"<p>En la era post revelaciones @Snowden exigimos #transparencia a los gobiernos; #privacidad para nosotros. .@X_net_ por la protecci\u00f3n de #alertadores\/#denunciantes #Whistleblowers<\/p>\n","protected":false},"author":8,"featured_media":8678,"comment_status":"closed","ping_status":"closed","sticky":false,"template":"","format":"standard","meta":{"footnotes":""},"categories":[52],"tags":[],"class_list":["post-8644","post","type-post","status-publish","format-standard","has-post-thumbnail","hentry","category-blog","ejes-libertad-expresion-informacion"],"yoast_head":"<!-- This site is optimized with the Yoast SEO plugin v26.7 - https:\/\/yoast.com\/wordpress\/plugins\/seo\/ -->\n<title>Transparencia para gobiernos; privacidad para todos nosotros<\/title>\n<meta name=\"description\" content=\"En la era post Snowden, como activistas por los derechos digitales reclamamos \u201cTransparencia para los gobiernos; privacidad para todos nosotros\u201d.\" \/>\n<meta name=\"robots\" content=\"index, follow, max-snippet:-1, max-image-preview:large, max-video-preview:-1\" \/>\n<link rel=\"canonical\" href=\"https:\/\/dev.xnet-x.net\/es\/transparencia-y-privacidad\/\" \/>\n<meta name=\"twitter:label1\" content=\"Escrito por\" \/>\n\t<meta name=\"twitter:data1\" content=\"Xnet\" \/>\n\t<meta name=\"twitter:label2\" content=\"Tiempo de lectura\" \/>\n\t<meta name=\"twitter:data2\" content=\"11 minutos\" \/>\n<script type=\"application\/ld+json\" class=\"yoast-schema-graph\">{\"@context\":\"https:\/\/schema.org\",\"@graph\":[{\"@type\":\"Article\",\"@id\":\"https:\/\/dev.xnet-x.net\/es\/transparencia-y-privacidad\/#article\",\"isPartOf\":{\"@id\":\"https:\/\/dev.xnet-x.net\/es\/transparencia-y-privacidad\/\"},\"author\":{\"name\":\"Xnet\",\"@id\":\"https:\/\/dev.xnet-x.net\/es\/#\/schema\/person\/286e07d1c80ea3bcc60b6ef8b146e637\"},\"headline\":\"Transparencia &#038; privacidad\",\"datePublished\":\"2015-10-29T09:21:08+00:00\",\"dateModified\":\"2021-07-01T10:42:04+00:00\",\"mainEntityOfPage\":{\"@id\":\"https:\/\/dev.xnet-x.net\/es\/transparencia-y-privacidad\/\"},\"wordCount\":2146,\"publisher\":{\"@id\":\"https:\/\/dev.xnet-x.net\/es\/#organization\"},\"image\":{\"@id\":\"https:\/\/dev.xnet-x.net\/es\/transparencia-y-privacidad\/#primaryimage\"},\"thumbnailUrl\":\"https:\/\/dev.xnet-x.net\/img\/transparency-for-the-state-privacy-for-the-rest-of-us.jpg\",\"articleSection\":[\"Blog - Nuestras acciones\"],\"inLanguage\":\"es\"},{\"@type\":\"WebPage\",\"@id\":\"https:\/\/dev.xnet-x.net\/es\/transparencia-y-privacidad\/\",\"url\":\"https:\/\/dev.xnet-x.net\/es\/transparencia-y-privacidad\/\",\"name\":\"Transparencia para gobiernos; privacidad para todos nosotros\",\"isPartOf\":{\"@id\":\"https:\/\/dev.xnet-x.net\/es\/#website\"},\"primaryImageOfPage\":{\"@id\":\"https:\/\/dev.xnet-x.net\/es\/transparencia-y-privacidad\/#primaryimage\"},\"image\":{\"@id\":\"https:\/\/dev.xnet-x.net\/es\/transparencia-y-privacidad\/#primaryimage\"},\"thumbnailUrl\":\"https:\/\/dev.xnet-x.net\/img\/transparency-for-the-state-privacy-for-the-rest-of-us.jpg\",\"datePublished\":\"2015-10-29T09:21:08+00:00\",\"dateModified\":\"2021-07-01T10:42:04+00:00\",\"description\":\"En la era post Snowden, como activistas por los derechos digitales reclamamos \u201cTransparencia para los gobiernos; privacidad para todos nosotros\u201d.\",\"breadcrumb\":{\"@id\":\"https:\/\/dev.xnet-x.net\/es\/transparencia-y-privacidad\/#breadcrumb\"},\"inLanguage\":\"es\",\"potentialAction\":[{\"@type\":\"ReadAction\",\"target\":[[\"https:\/\/dev.xnet-x.net\/es\/transparencia-y-privacidad\/\"]]}]},{\"@type\":\"ImageObject\",\"inLanguage\":\"es\",\"@id\":\"https:\/\/dev.xnet-x.net\/es\/transparencia-y-privacidad\/#primaryimage\",\"url\":\"https:\/\/dev.xnet-x.net\/img\/transparency-for-the-state-privacy-for-the-rest-of-us.jpg\",\"contentUrl\":\"https:\/\/dev.xnet-x.net\/img\/transparency-for-the-state-privacy-for-the-rest-of-us.jpg\",\"width\":800,\"height\":600,\"caption\":\"Transparency for the state, privacy for the rest of us\"},{\"@type\":\"BreadcrumbList\",\"@id\":\"https:\/\/dev.xnet-x.net\/es\/transparencia-y-privacidad\/#breadcrumb\",\"itemListElement\":[{\"@type\":\"ListItem\",\"position\":1,\"name\":\"Portada\",\"item\":\"https:\/\/dev.xnet-x.net\/es\/\"},{\"@type\":\"ListItem\",\"position\":2,\"name\":\"Transparencia &#038; privacidad\"}]},{\"@type\":\"WebSite\",\"@id\":\"https:\/\/dev.xnet-x.net\/es\/#website\",\"url\":\"https:\/\/dev.xnet-x.net\/es\/\",\"name\":\"[:es]Xnet - Internet, derechos y democracia en la era digital[:ca]Xnet - Internet, drets i democr\u00e0cia en l'era digital[:en]Xnet - Internet freedoms & digital rights[:]\",\"description\":\"Xnet: Internet, informaci\u00f3n y cultura libres. Tecnopol\u00edtica. Datos, algoritmos y derechos digitales. Libertad de expresi\u00f3n. Democracia y anticorrupci\u00f3n\",\"publisher\":{\"@id\":\"https:\/\/dev.xnet-x.net\/es\/#organization\"},\"potentialAction\":[{\"@type\":\"SearchAction\",\"target\":{\"@type\":\"EntryPoint\",\"urlTemplate\":\"https:\/\/dev.xnet-x.net\/es\/?s={search_term_string}\"},\"query-input\":{\"@type\":\"PropertyValueSpecification\",\"valueRequired\":true,\"valueName\":\"search_term_string\"}}],\"inLanguage\":\"es\"},{\"@type\":\"Organization\",\"@id\":\"https:\/\/dev.xnet-x.net\/es\/#organization\",\"name\":\"Xnet - Internet, derechos y democracia en la era digital\",\"url\":\"https:\/\/dev.xnet-x.net\/es\/\",\"logo\":{\"@type\":\"ImageObject\",\"inLanguage\":\"es\",\"@id\":\"https:\/\/dev.xnet-x.net\/es\/#\/schema\/logo\/image\/\",\"url\":\"https:\/\/xnet-x.net\/img\/xnet-logo.png\",\"contentUrl\":\"https:\/\/xnet-x.net\/img\/xnet-logo.png\",\"width\":512,\"height\":512,\"caption\":\"Xnet - Internet, derechos y democracia en la era digital\"},\"image\":{\"@id\":\"https:\/\/dev.xnet-x.net\/es\/#\/schema\/logo\/image\/\"},\"sameAs\":[\"http:\/\/facebook.com\/RedX.Net\/\",\"https:\/\/x.com\/x_net_\",\"https:\/\/es.wikipedia.org\/wiki\/Xnet\"]},{\"@type\":\"Person\",\"@id\":\"https:\/\/dev.xnet-x.net\/es\/#\/schema\/person\/286e07d1c80ea3bcc60b6ef8b146e637\",\"name\":\"Xnet\",\"image\":{\"@type\":\"ImageObject\",\"inLanguage\":\"es\",\"@id\":\"https:\/\/dev.xnet-x.net\/es\/#\/schema\/person\/image\/\",\"url\":\"https:\/\/secure.gravatar.com\/avatar\/76eee622ce1df16aa986c0f990545e62b4c87e399e6c2a5fcfe24a092d2ba829?s=96&d=mm&r=g\",\"contentUrl\":\"https:\/\/secure.gravatar.com\/avatar\/76eee622ce1df16aa986c0f990545e62b4c87e399e6c2a5fcfe24a092d2ba829?s=96&d=mm&r=g\",\"caption\":\"Xnet\"}}]}<\/script>\n<!-- \/ Yoast SEO plugin. -->","yoast_head_json":{"title":"Transparencia para gobiernos; privacidad para todos nosotros","description":"En la era post Snowden, como activistas por los derechos digitales reclamamos \u201cTransparencia para los gobiernos; privacidad para todos nosotros\u201d.","robots":{"index":"index","follow":"follow","max-snippet":"max-snippet:-1","max-image-preview":"max-image-preview:large","max-video-preview":"max-video-preview:-1"},"canonical":"https:\/\/dev.xnet-x.net\/es\/transparencia-y-privacidad\/","twitter_misc":{"Escrito por":"Xnet","Tiempo de lectura":"11 minutos"},"schema":{"@context":"https:\/\/schema.org","@graph":[{"@type":"Article","@id":"https:\/\/dev.xnet-x.net\/es\/transparencia-y-privacidad\/#article","isPartOf":{"@id":"https:\/\/dev.xnet-x.net\/es\/transparencia-y-privacidad\/"},"author":{"name":"Xnet","@id":"https:\/\/dev.xnet-x.net\/es\/#\/schema\/person\/286e07d1c80ea3bcc60b6ef8b146e637"},"headline":"Transparencia &#038; privacidad","datePublished":"2015-10-29T09:21:08+00:00","dateModified":"2021-07-01T10:42:04+00:00","mainEntityOfPage":{"@id":"https:\/\/dev.xnet-x.net\/es\/transparencia-y-privacidad\/"},"wordCount":2146,"publisher":{"@id":"https:\/\/dev.xnet-x.net\/es\/#organization"},"image":{"@id":"https:\/\/dev.xnet-x.net\/es\/transparencia-y-privacidad\/#primaryimage"},"thumbnailUrl":"https:\/\/dev.xnet-x.net\/img\/transparency-for-the-state-privacy-for-the-rest-of-us.jpg","articleSection":["Blog - Nuestras acciones"],"inLanguage":"es"},{"@type":"WebPage","@id":"https:\/\/dev.xnet-x.net\/es\/transparencia-y-privacidad\/","url":"https:\/\/dev.xnet-x.net\/es\/transparencia-y-privacidad\/","name":"Transparencia para gobiernos; privacidad para todos nosotros","isPartOf":{"@id":"https:\/\/dev.xnet-x.net\/es\/#website"},"primaryImageOfPage":{"@id":"https:\/\/dev.xnet-x.net\/es\/transparencia-y-privacidad\/#primaryimage"},"image":{"@id":"https:\/\/dev.xnet-x.net\/es\/transparencia-y-privacidad\/#primaryimage"},"thumbnailUrl":"https:\/\/dev.xnet-x.net\/img\/transparency-for-the-state-privacy-for-the-rest-of-us.jpg","datePublished":"2015-10-29T09:21:08+00:00","dateModified":"2021-07-01T10:42:04+00:00","description":"En la era post Snowden, como activistas por los derechos digitales reclamamos \u201cTransparencia para los gobiernos; privacidad para todos nosotros\u201d.","breadcrumb":{"@id":"https:\/\/dev.xnet-x.net\/es\/transparencia-y-privacidad\/#breadcrumb"},"inLanguage":"es","potentialAction":[{"@type":"ReadAction","target":[["https:\/\/dev.xnet-x.net\/es\/transparencia-y-privacidad\/"]]}]},{"@type":"ImageObject","inLanguage":"es","@id":"https:\/\/dev.xnet-x.net\/es\/transparencia-y-privacidad\/#primaryimage","url":"https:\/\/dev.xnet-x.net\/img\/transparency-for-the-state-privacy-for-the-rest-of-us.jpg","contentUrl":"https:\/\/dev.xnet-x.net\/img\/transparency-for-the-state-privacy-for-the-rest-of-us.jpg","width":800,"height":600,"caption":"Transparency for the state, privacy for the rest of us"},{"@type":"BreadcrumbList","@id":"https:\/\/dev.xnet-x.net\/es\/transparencia-y-privacidad\/#breadcrumb","itemListElement":[{"@type":"ListItem","position":1,"name":"Portada","item":"https:\/\/dev.xnet-x.net\/es\/"},{"@type":"ListItem","position":2,"name":"Transparencia &#038; privacidad"}]},{"@type":"WebSite","@id":"https:\/\/dev.xnet-x.net\/es\/#website","url":"https:\/\/dev.xnet-x.net\/es\/","name":"[:es]Xnet - Internet, derechos y democracia en la era digital[:ca]Xnet - Internet, drets i democr\u00e0cia en l'era digital[:en]Xnet - Internet freedoms & digital rights[:]","description":"Xnet: Internet, informaci\u00f3n y cultura libres. Tecnopol\u00edtica. Datos, algoritmos y derechos digitales. Libertad de expresi\u00f3n. Democracia y anticorrupci\u00f3n","publisher":{"@id":"https:\/\/dev.xnet-x.net\/es\/#organization"},"potentialAction":[{"@type":"SearchAction","target":{"@type":"EntryPoint","urlTemplate":"https:\/\/dev.xnet-x.net\/es\/?s={search_term_string}"},"query-input":{"@type":"PropertyValueSpecification","valueRequired":true,"valueName":"search_term_string"}}],"inLanguage":"es"},{"@type":"Organization","@id":"https:\/\/dev.xnet-x.net\/es\/#organization","name":"Xnet - Internet, derechos y democracia en la era digital","url":"https:\/\/dev.xnet-x.net\/es\/","logo":{"@type":"ImageObject","inLanguage":"es","@id":"https:\/\/dev.xnet-x.net\/es\/#\/schema\/logo\/image\/","url":"https:\/\/xnet-x.net\/img\/xnet-logo.png","contentUrl":"https:\/\/xnet-x.net\/img\/xnet-logo.png","width":512,"height":512,"caption":"Xnet - Internet, derechos y democracia en la era digital"},"image":{"@id":"https:\/\/dev.xnet-x.net\/es\/#\/schema\/logo\/image\/"},"sameAs":["http:\/\/facebook.com\/RedX.Net\/","https:\/\/x.com\/x_net_","https:\/\/es.wikipedia.org\/wiki\/Xnet"]},{"@type":"Person","@id":"https:\/\/dev.xnet-x.net\/es\/#\/schema\/person\/286e07d1c80ea3bcc60b6ef8b146e637","name":"Xnet","image":{"@type":"ImageObject","inLanguage":"es","@id":"https:\/\/dev.xnet-x.net\/es\/#\/schema\/person\/image\/","url":"https:\/\/secure.gravatar.com\/avatar\/76eee622ce1df16aa986c0f990545e62b4c87e399e6c2a5fcfe24a092d2ba829?s=96&d=mm&r=g","contentUrl":"https:\/\/secure.gravatar.com\/avatar\/76eee622ce1df16aa986c0f990545e62b4c87e399e6c2a5fcfe24a092d2ba829?s=96&d=mm&r=g","caption":"Xnet"}}]}},"_links":{"self":[{"href":"https:\/\/dev.xnet-x.net\/es\/wp-json\/wp\/v2\/posts\/8644","targetHints":{"allow":["GET"]}}],"collection":[{"href":"https:\/\/dev.xnet-x.net\/es\/wp-json\/wp\/v2\/posts"}],"about":[{"href":"https:\/\/dev.xnet-x.net\/es\/wp-json\/wp\/v2\/types\/post"}],"author":[{"embeddable":true,"href":"https:\/\/dev.xnet-x.net\/es\/wp-json\/wp\/v2\/users\/8"}],"replies":[{"embeddable":true,"href":"https:\/\/dev.xnet-x.net\/es\/wp-json\/wp\/v2\/comments?post=8644"}],"version-history":[{"count":13,"href":"https:\/\/dev.xnet-x.net\/es\/wp-json\/wp\/v2\/posts\/8644\/revisions"}],"predecessor-version":[{"id":22340,"href":"https:\/\/dev.xnet-x.net\/es\/wp-json\/wp\/v2\/posts\/8644\/revisions\/22340"}],"wp:featuredmedia":[{"embeddable":true,"href":"https:\/\/dev.xnet-x.net\/es\/wp-json\/wp\/v2\/media\/8678"}],"wp:attachment":[{"href":"https:\/\/dev.xnet-x.net\/es\/wp-json\/wp\/v2\/media?parent=8644"}],"wp:term":[{"taxonomy":"category","embeddable":true,"href":"https:\/\/dev.xnet-x.net\/es\/wp-json\/wp\/v2\/categories?post=8644"},{"taxonomy":"post_tag","embeddable":true,"href":"https:\/\/dev.xnet-x.net\/es\/wp-json\/wp\/v2\/tags?post=8644"}],"curies":[{"name":"wp","href":"https:\/\/api.w.org\/{rel}","templated":true}]}}