{"id":8628,"date":"2015-10-23T10:50:58","date_gmt":"2015-10-23T09:50:58","guid":{"rendered":"https:\/\/xnet-x.net\/?p=8628"},"modified":"2015-10-31T10:39:52","modified_gmt":"2015-10-31T09:39:52","slug":"ada-colau-recibe-fcforum","status":"publish","type":"post","link":"https:\/\/dev.xnet-x.net\/es\/ada-colau-recibe-fcforum\/","title":{"rendered":"Una delegaci\u00f3n del Free Culture Forum, organizado por Xnet, es recibida por la alcaldesa de Barcelona Ada Colau"},"content":{"rendered":"<p>La  alcaldesa de Barcelona, Ada Colau, recibe una delegaci\u00f3n del <a href=\"http:\/\/2015.fcfroum.net\" target=\"_blank\">Free Culture Forum<\/a>, organizado por Xnet, congreso internacional que organiza anualmente Xnet en Barcelona, como observatorio de derechos democr\u00e1ticos en la era digital. La raz\u00f3n de este encuentro ha sido la de compartir los primeros   resultados de las jornadas de trabajo que se  celebraron ayer en forma  de  recomendaciones de pol\u00edticas locales.<\/p>\n<p>La delegaci\u00f3n ha entregado un primer borrador de lo que ser\u00e1n los documentos  finales de los diferentes grupos de trabajo en esta  s\u00e9ptima edici\u00f3n del Free Culture Forum, centrados en la defensa de la neutralidad de Internet como herramienta de democratizaci\u00f3n, en la protecci\u00f3n de la  sociedad civil frente a la vigilancia masiva y en la  organizaci\u00f3n de respuestas comunes a leyes como las Mordaza o la nueva ley de enjuiciamiento criminal, conocida como ley Torquemada. <\/p>\n<p>Se entregan tambi\u00e9n recomendaciones espec\u00edficas en cuanto al papel que los gobiernos municipales pueden tener en la creaci\u00f3n de una red de afinidad y colaboraci\u00f3n global basada en el inter\u00e9s com\u00fan en la defensa de Internet, la libertad de expresi\u00f3n e informaci\u00f3n, y la cultura libre como conditio sine qua non para una democracia real.<\/p>\n<p>La delegaci\u00f3n ha obtenido el compromiso por parte del Ayuntamiento de Barcelona de estudiar estas recomendaciones en los aspectos relacionados con las pol\u00edticas locales.<\/p>\n<h3>La delegacion del Free Culture Forum ha estado compuesta por:<\/h3>\n<ul style=\"padding-left:15px;\">\n<li style=\"padding-bottom:15px;\"><strong>Simona Levi<\/strong>, miembro de <a href=\"https:\/\/xnet-x.net\">Xnet<\/a>,  grupo de activistas que trabajan desde 2008 en diferentes campos  relacionados con la democracia en red; la defensa de un Internet libre y neutral; la libre circulaci\u00f3n de la cultura, el  conocimiento, la informaci\u00f3n y la defensa del periodismo ciudadano por  el derecho a saber, informar y estar informados; la lucha legal, t\u00e9cnica  y comunicativa contra la corrupci\u00f3n; y la tecnopol\u00edtica entendida como  la pr\u00e1ctica y la acci\u00f3n en Red para el empoderamiento, la justicia y la transformaci\u00f3n social. Organizadores del Foro Internacional de Cultura libre que tiene lugar en Barcelona desde 2008. <\/li>\n<li style=\"padding-bottom:15px;\"><strong>Gavin McFadyen<\/strong> (US): director del <a href=\"http:\/\/www.tcij.org\/\" target=\"_blank\" title=\"Centre for Investigative Journalism\">Centre for Investigative Journalism<\/a> (CIJ), profesor en la City University of London y consagrado periodista de investigaci\u00f3n especialista en whistleblowing.<\/li>\n<li style=\"padding-bottom:15px;\"><strong>James Love<\/strong> (US):  desde la <a href=\"http:\/\/keionline.org\/\" title=\"Knolwdge Ecology International\" target=\"_blank\">Knowledge Ecology International<\/a> (KEI)  hizo posible la  producci\u00f3n y venta de medicamentos gen\u00e9ricos en India, rompiendo el  monopolio sobre las patentes de las farmac\u00e9uticas. Una parte  significativa de su trabajo se centra precisamente en impedir  que las legislaciones sobre patentes de medicamentos conduzcan a  precios muy elevados de tratamientos como el C\u00e1ncer, Sida o la Hepatitis C; y  las pol\u00edticas comerciales entre gobiernos y  farmac\u00e9uticas. Trabaja, adem\u00e1s, sobre el impacto de los derechos de  propiedad intelectual sobre los consumidores desde hace 20 a\u00f1os.<\/li>\n<li style=\"padding-bottom:15px;\"><strong>Jeremy Malcolm<\/strong> (US): miembro de <a href=\"http:\/\/eff.org\/\" title=\"Electronic Frontier Foundation\" target=\"_blank\">EFF<\/a> (Electronic Frontier Foundation), hist\u00f3rica organizaci\u00f3n de referencia en US en la lucha por los derechos digitales. <\/li>\n<li style=\"padding-bottom:15px;\"><strong>European Digital Rights<\/strong> (<a href=\"http:\/\/edri.org\/\" target=\"_blank\" title=\"European Digital Rights\">EDRi<\/a>) (Bruxelles):  Maryant  Fern\u00e1ndez P\u00e9rez  abogada y manager de EDRI,  un grupo de apoyo internacional que defiende los derechos civiles en el  campo de la informaci\u00f3n y las tecnolog\u00edas de la comunicaci\u00f3n.<\/li>\n<li style=\"padding-bottom:15px;\"><strong>J\u00e9r\u00e9mie Zimmermann<\/strong> (Francia): Co-fundador  de <a href=\"http:\/\/www.laquadrature.net\/\" title=\"La Quadrature du Net\" target=\"_blank\">La Quadrature du Net<\/a>, asociaci\u00f3n que defiende los derechos y libertades de los ciudadanos en  Internet. Fue la organizaci\u00f3n que lider\u00f3 la lucha contra ACTA en el Parlamento Europeo. <\/li>\n<li style=\"padding-bottom:15px;\"><strong>Renata \u00c1vila<\/strong>: Abogada  de Derechos Humanos en Guatemala que trabaj\u00f3 con la Premio Nobel de  la  Paz Rigoberta Mench\u00fa Tum en el caso de genocidio en su pa\u00eds. Junto con  \u200bSir Tim Berners-Lee lidera la Iniciativa \u201cWeb We  Want\u201d, un proyecto de  la Web Foundation que busca a preservar y hacer  valer los derechos  humanos en la era digital, respondiendo as\u00ed a las amenazas del futuro de  Internet. Actualmente es miembro de la direcci\u00f3n de <a href=\"http:\/\/creativecommons.org\/\" title=\"Creative Commons\" target=\"_blank\">Creative Commons<\/a> y  tambi\u00e9n de la <a href=\"https:\/\/www.couragefound.org\/\" title=\"Courage Foundaton\" target=\"_blank\">Courage Foundation<\/a>, asistiendo, desde \u00e9sta \u00faltima, a  \u201cwhistleblowers\u201d y fuentes period\u00edsticas en riesgo.<\/li>\n<\/ul>\n<p><\/p>","protected":false},"excerpt":{"rendered":"<p>Una delegaci\u00f3n del Free Culture Forum es recibida por la alcaldesa de Barcelona Ada Colau #FCForum15<\/p>\n","protected":false},"author":8,"featured_media":9945,"comment_status":"closed","ping_status":"closed","sticky":false,"template":"","format":"standard","meta":{"footnotes":""},"categories":[52],"tags":[],"class_list":["post-8628","post","type-post","status-publish","format-standard","has-post-thumbnail","hentry","category-blog"],"yoast_head":"<!-- This site is optimized with the Yoast SEO plugin v26.7 - https:\/\/yoast.com\/wordpress\/plugins\/seo\/ -->\n<title>Una delegaci\u00f3n del Free Culture Forum, organizado por Xnet, es recibida por la alcaldesa de Barcelona Ada Colau<\/title>\n<meta name=\"robots\" content=\"index, follow, max-snippet:-1, max-image-preview:large, max-video-preview:-1\" \/>\n<link rel=\"canonical\" href=\"https:\/\/dev.xnet-x.net\/es\/ada-colau-recibe-fcforum\/\" \/>\n<meta name=\"twitter:label1\" content=\"Escrito por\" \/>\n\t<meta name=\"twitter:data1\" content=\"Xnet\" \/>\n\t<meta name=\"twitter:label2\" content=\"Tiempo de lectura\" \/>\n\t<meta name=\"twitter:data2\" content=\"3 minutos\" \/>\n<script type=\"application\/ld+json\" class=\"yoast-schema-graph\">{\"@context\":\"https:\/\/schema.org\",\"@graph\":[{\"@type\":\"Article\",\"@id\":\"https:\/\/dev.xnet-x.net\/es\/ada-colau-recibe-fcforum\/#article\",\"isPartOf\":{\"@id\":\"https:\/\/dev.xnet-x.net\/es\/ada-colau-recibe-fcforum\/\"},\"author\":{\"name\":\"Xnet\",\"@id\":\"https:\/\/dev.xnet-x.net\/es\/#\/schema\/person\/286e07d1c80ea3bcc60b6ef8b146e637\"},\"headline\":\"Una delegaci\u00f3n del Free Culture Forum, organizado por Xnet, es recibida por la alcaldesa de Barcelona Ada Colau\",\"datePublished\":\"2015-10-23T09:50:58+00:00\",\"dateModified\":\"2015-10-31T09:39:52+00:00\",\"mainEntityOfPage\":{\"@id\":\"https:\/\/dev.xnet-x.net\/es\/ada-colau-recibe-fcforum\/\"},\"wordCount\":694,\"publisher\":{\"@id\":\"https:\/\/dev.xnet-x.net\/es\/#organization\"},\"image\":{\"@id\":\"https:\/\/dev.xnet-x.net\/es\/ada-colau-recibe-fcforum\/#primaryimage\"},\"thumbnailUrl\":\"https:\/\/dev.xnet-x.net\/img\/free-culture-forum-2015-ada-colau.jpg\",\"articleSection\":[\"Blog - Nuestras acciones\"],\"inLanguage\":\"es\"},{\"@type\":\"WebPage\",\"@id\":\"https:\/\/dev.xnet-x.net\/es\/ada-colau-recibe-fcforum\/\",\"url\":\"https:\/\/dev.xnet-x.net\/es\/ada-colau-recibe-fcforum\/\",\"name\":\"Una delegaci\u00f3n del Free Culture Forum, organizado por Xnet, es recibida por la alcaldesa de Barcelona Ada Colau\",\"isPartOf\":{\"@id\":\"https:\/\/dev.xnet-x.net\/es\/#website\"},\"primaryImageOfPage\":{\"@id\":\"https:\/\/dev.xnet-x.net\/es\/ada-colau-recibe-fcforum\/#primaryimage\"},\"image\":{\"@id\":\"https:\/\/dev.xnet-x.net\/es\/ada-colau-recibe-fcforum\/#primaryimage\"},\"thumbnailUrl\":\"https:\/\/dev.xnet-x.net\/img\/free-culture-forum-2015-ada-colau.jpg\",\"datePublished\":\"2015-10-23T09:50:58+00:00\",\"dateModified\":\"2015-10-31T09:39:52+00:00\",\"breadcrumb\":{\"@id\":\"https:\/\/dev.xnet-x.net\/es\/ada-colau-recibe-fcforum\/#breadcrumb\"},\"inLanguage\":\"es\",\"potentialAction\":[{\"@type\":\"ReadAction\",\"target\":[[\"https:\/\/dev.xnet-x.net\/es\/ada-colau-recibe-fcforum\/\"]]}]},{\"@type\":\"ImageObject\",\"inLanguage\":\"es\",\"@id\":\"https:\/\/dev.xnet-x.net\/es\/ada-colau-recibe-fcforum\/#primaryimage\",\"url\":\"https:\/\/dev.xnet-x.net\/img\/free-culture-forum-2015-ada-colau.jpg\",\"contentUrl\":\"https:\/\/dev.xnet-x.net\/img\/free-culture-forum-2015-ada-colau.jpg\",\"width\":1200,\"height\":830,\"caption\":\"Una delegaci\u00f3n del Free Culture Forum, organizado por Xnet, es recibida por la alcaldesa de Barcelona Ada Colau\"},{\"@type\":\"BreadcrumbList\",\"@id\":\"https:\/\/dev.xnet-x.net\/es\/ada-colau-recibe-fcforum\/#breadcrumb\",\"itemListElement\":[{\"@type\":\"ListItem\",\"position\":1,\"name\":\"Portada\",\"item\":\"https:\/\/dev.xnet-x.net\/es\/\"},{\"@type\":\"ListItem\",\"position\":2,\"name\":\"Una delegaci\u00f3n del Free Culture Forum, organizado por Xnet, es recibida por la alcaldesa de Barcelona Ada Colau\"}]},{\"@type\":\"WebSite\",\"@id\":\"https:\/\/dev.xnet-x.net\/es\/#website\",\"url\":\"https:\/\/dev.xnet-x.net\/es\/\",\"name\":\"[:es]Xnet - Internet, derechos y democracia en la era digital[:ca]Xnet - Internet, drets i democr\u00e0cia en l'era digital[:en]Xnet - Internet freedoms & digital rights[:]\",\"description\":\"Xnet: Internet, informaci\u00f3n y cultura libres. Tecnopol\u00edtica. Datos, algoritmos y derechos digitales. Libertad de expresi\u00f3n. Democracia y anticorrupci\u00f3n\",\"publisher\":{\"@id\":\"https:\/\/dev.xnet-x.net\/es\/#organization\"},\"potentialAction\":[{\"@type\":\"SearchAction\",\"target\":{\"@type\":\"EntryPoint\",\"urlTemplate\":\"https:\/\/dev.xnet-x.net\/es\/?s={search_term_string}\"},\"query-input\":{\"@type\":\"PropertyValueSpecification\",\"valueRequired\":true,\"valueName\":\"search_term_string\"}}],\"inLanguage\":\"es\"},{\"@type\":\"Organization\",\"@id\":\"https:\/\/dev.xnet-x.net\/es\/#organization\",\"name\":\"Xnet - Internet, derechos y democracia en la era digital\",\"url\":\"https:\/\/dev.xnet-x.net\/es\/\",\"logo\":{\"@type\":\"ImageObject\",\"inLanguage\":\"es\",\"@id\":\"https:\/\/dev.xnet-x.net\/es\/#\/schema\/logo\/image\/\",\"url\":\"https:\/\/xnet-x.net\/img\/xnet-logo.png\",\"contentUrl\":\"https:\/\/xnet-x.net\/img\/xnet-logo.png\",\"width\":512,\"height\":512,\"caption\":\"Xnet - Internet, derechos y democracia en la era digital\"},\"image\":{\"@id\":\"https:\/\/dev.xnet-x.net\/es\/#\/schema\/logo\/image\/\"},\"sameAs\":[\"http:\/\/facebook.com\/RedX.Net\/\",\"https:\/\/x.com\/x_net_\",\"https:\/\/es.wikipedia.org\/wiki\/Xnet\"]},{\"@type\":\"Person\",\"@id\":\"https:\/\/dev.xnet-x.net\/es\/#\/schema\/person\/286e07d1c80ea3bcc60b6ef8b146e637\",\"name\":\"Xnet\",\"image\":{\"@type\":\"ImageObject\",\"inLanguage\":\"es\",\"@id\":\"https:\/\/dev.xnet-x.net\/es\/#\/schema\/person\/image\/\",\"url\":\"https:\/\/secure.gravatar.com\/avatar\/76eee622ce1df16aa986c0f990545e62b4c87e399e6c2a5fcfe24a092d2ba829?s=96&d=mm&r=g\",\"contentUrl\":\"https:\/\/secure.gravatar.com\/avatar\/76eee622ce1df16aa986c0f990545e62b4c87e399e6c2a5fcfe24a092d2ba829?s=96&d=mm&r=g\",\"caption\":\"Xnet\"}}]}<\/script>\n<!-- \/ Yoast SEO plugin. -->","yoast_head_json":{"title":"Una delegaci\u00f3n del Free Culture Forum, organizado por Xnet, es recibida por la alcaldesa de Barcelona Ada Colau","robots":{"index":"index","follow":"follow","max-snippet":"max-snippet:-1","max-image-preview":"max-image-preview:large","max-video-preview":"max-video-preview:-1"},"canonical":"https:\/\/dev.xnet-x.net\/es\/ada-colau-recibe-fcforum\/","twitter_misc":{"Escrito por":"Xnet","Tiempo de lectura":"3 minutos"},"schema":{"@context":"https:\/\/schema.org","@graph":[{"@type":"Article","@id":"https:\/\/dev.xnet-x.net\/es\/ada-colau-recibe-fcforum\/#article","isPartOf":{"@id":"https:\/\/dev.xnet-x.net\/es\/ada-colau-recibe-fcforum\/"},"author":{"name":"Xnet","@id":"https:\/\/dev.xnet-x.net\/es\/#\/schema\/person\/286e07d1c80ea3bcc60b6ef8b146e637"},"headline":"Una delegaci\u00f3n del Free Culture Forum, organizado por Xnet, es recibida por la alcaldesa de Barcelona Ada Colau","datePublished":"2015-10-23T09:50:58+00:00","dateModified":"2015-10-31T09:39:52+00:00","mainEntityOfPage":{"@id":"https:\/\/dev.xnet-x.net\/es\/ada-colau-recibe-fcforum\/"},"wordCount":694,"publisher":{"@id":"https:\/\/dev.xnet-x.net\/es\/#organization"},"image":{"@id":"https:\/\/dev.xnet-x.net\/es\/ada-colau-recibe-fcforum\/#primaryimage"},"thumbnailUrl":"https:\/\/dev.xnet-x.net\/img\/free-culture-forum-2015-ada-colau.jpg","articleSection":["Blog - Nuestras acciones"],"inLanguage":"es"},{"@type":"WebPage","@id":"https:\/\/dev.xnet-x.net\/es\/ada-colau-recibe-fcforum\/","url":"https:\/\/dev.xnet-x.net\/es\/ada-colau-recibe-fcforum\/","name":"Una delegaci\u00f3n del Free Culture Forum, organizado por Xnet, es recibida por la alcaldesa de Barcelona Ada Colau","isPartOf":{"@id":"https:\/\/dev.xnet-x.net\/es\/#website"},"primaryImageOfPage":{"@id":"https:\/\/dev.xnet-x.net\/es\/ada-colau-recibe-fcforum\/#primaryimage"},"image":{"@id":"https:\/\/dev.xnet-x.net\/es\/ada-colau-recibe-fcforum\/#primaryimage"},"thumbnailUrl":"https:\/\/dev.xnet-x.net\/img\/free-culture-forum-2015-ada-colau.jpg","datePublished":"2015-10-23T09:50:58+00:00","dateModified":"2015-10-31T09:39:52+00:00","breadcrumb":{"@id":"https:\/\/dev.xnet-x.net\/es\/ada-colau-recibe-fcforum\/#breadcrumb"},"inLanguage":"es","potentialAction":[{"@type":"ReadAction","target":[["https:\/\/dev.xnet-x.net\/es\/ada-colau-recibe-fcforum\/"]]}]},{"@type":"ImageObject","inLanguage":"es","@id":"https:\/\/dev.xnet-x.net\/es\/ada-colau-recibe-fcforum\/#primaryimage","url":"https:\/\/dev.xnet-x.net\/img\/free-culture-forum-2015-ada-colau.jpg","contentUrl":"https:\/\/dev.xnet-x.net\/img\/free-culture-forum-2015-ada-colau.jpg","width":1200,"height":830,"caption":"Una delegaci\u00f3n del Free Culture Forum, organizado por Xnet, es recibida por la alcaldesa de Barcelona Ada Colau"},{"@type":"BreadcrumbList","@id":"https:\/\/dev.xnet-x.net\/es\/ada-colau-recibe-fcforum\/#breadcrumb","itemListElement":[{"@type":"ListItem","position":1,"name":"Portada","item":"https:\/\/dev.xnet-x.net\/es\/"},{"@type":"ListItem","position":2,"name":"Una delegaci\u00f3n del Free Culture Forum, organizado por Xnet, es recibida por la alcaldesa de Barcelona Ada Colau"}]},{"@type":"WebSite","@id":"https:\/\/dev.xnet-x.net\/es\/#website","url":"https:\/\/dev.xnet-x.net\/es\/","name":"[:es]Xnet - Internet, derechos y democracia en la era digital[:ca]Xnet - Internet, drets i democr\u00e0cia en l'era digital[:en]Xnet - Internet freedoms & digital rights[:]","description":"Xnet: Internet, informaci\u00f3n y cultura libres. Tecnopol\u00edtica. Datos, algoritmos y derechos digitales. Libertad de expresi\u00f3n. Democracia y anticorrupci\u00f3n","publisher":{"@id":"https:\/\/dev.xnet-x.net\/es\/#organization"},"potentialAction":[{"@type":"SearchAction","target":{"@type":"EntryPoint","urlTemplate":"https:\/\/dev.xnet-x.net\/es\/?s={search_term_string}"},"query-input":{"@type":"PropertyValueSpecification","valueRequired":true,"valueName":"search_term_string"}}],"inLanguage":"es"},{"@type":"Organization","@id":"https:\/\/dev.xnet-x.net\/es\/#organization","name":"Xnet - Internet, derechos y democracia en la era digital","url":"https:\/\/dev.xnet-x.net\/es\/","logo":{"@type":"ImageObject","inLanguage":"es","@id":"https:\/\/dev.xnet-x.net\/es\/#\/schema\/logo\/image\/","url":"https:\/\/xnet-x.net\/img\/xnet-logo.png","contentUrl":"https:\/\/xnet-x.net\/img\/xnet-logo.png","width":512,"height":512,"caption":"Xnet - Internet, derechos y democracia en la era digital"},"image":{"@id":"https:\/\/dev.xnet-x.net\/es\/#\/schema\/logo\/image\/"},"sameAs":["http:\/\/facebook.com\/RedX.Net\/","https:\/\/x.com\/x_net_","https:\/\/es.wikipedia.org\/wiki\/Xnet"]},{"@type":"Person","@id":"https:\/\/dev.xnet-x.net\/es\/#\/schema\/person\/286e07d1c80ea3bcc60b6ef8b146e637","name":"Xnet","image":{"@type":"ImageObject","inLanguage":"es","@id":"https:\/\/dev.xnet-x.net\/es\/#\/schema\/person\/image\/","url":"https:\/\/secure.gravatar.com\/avatar\/76eee622ce1df16aa986c0f990545e62b4c87e399e6c2a5fcfe24a092d2ba829?s=96&d=mm&r=g","contentUrl":"https:\/\/secure.gravatar.com\/avatar\/76eee622ce1df16aa986c0f990545e62b4c87e399e6c2a5fcfe24a092d2ba829?s=96&d=mm&r=g","caption":"Xnet"}}]}},"_links":{"self":[{"href":"https:\/\/dev.xnet-x.net\/es\/wp-json\/wp\/v2\/posts\/8628","targetHints":{"allow":["GET"]}}],"collection":[{"href":"https:\/\/dev.xnet-x.net\/es\/wp-json\/wp\/v2\/posts"}],"about":[{"href":"https:\/\/dev.xnet-x.net\/es\/wp-json\/wp\/v2\/types\/post"}],"author":[{"embeddable":true,"href":"https:\/\/dev.xnet-x.net\/es\/wp-json\/wp\/v2\/users\/8"}],"replies":[{"embeddable":true,"href":"https:\/\/dev.xnet-x.net\/es\/wp-json\/wp\/v2\/comments?post=8628"}],"version-history":[{"count":3,"href":"https:\/\/dev.xnet-x.net\/es\/wp-json\/wp\/v2\/posts\/8628\/revisions"}],"predecessor-version":[{"id":8716,"href":"https:\/\/dev.xnet-x.net\/es\/wp-json\/wp\/v2\/posts\/8628\/revisions\/8716"}],"wp:featuredmedia":[{"embeddable":true,"href":"https:\/\/dev.xnet-x.net\/es\/wp-json\/wp\/v2\/media\/9945"}],"wp:attachment":[{"href":"https:\/\/dev.xnet-x.net\/es\/wp-json\/wp\/v2\/media?parent=8628"}],"wp:term":[{"taxonomy":"category","embeddable":true,"href":"https:\/\/dev.xnet-x.net\/es\/wp-json\/wp\/v2\/categories?post=8628"},{"taxonomy":"post_tag","embeddable":true,"href":"https:\/\/dev.xnet-x.net\/es\/wp-json\/wp\/v2\/tags?post=8628"}],"curies":[{"name":"wp","href":"https:\/\/api.w.org\/{rel}","templated":true}]}}