{"id":8491,"date":"2015-09-21T09:18:19","date_gmt":"2015-09-21T08:18:19","guid":{"rendered":"https:\/\/xnet-x.net\/?p=8491"},"modified":"2021-08-18T11:09:38","modified_gmt":"2021-08-18T09:09:38","slug":"personam-crida-les-candidatures-les-eleccions-catalanes","status":"publish","type":"post","link":"https:\/\/dev.xnet-x.net\/es\/personame\/","title":{"rendered":"Pers\u00f3name &#8211; Llamamiento a las candidaturas a las elecciones catalanas"},"content":{"rendered":"<p><strong>El Grupo Ciudadano contra la Corrupci\u00f3n en Catalunya denuncia que el Govern NO se ha personado en el caso contra Urdangar\u00edn y la Infanta aunque el Parlamento vot\u00f3 a favor de la personaci\u00f3n por abrumadora mayor\u00eda.<br \/>\n<\/strong><br \/>\nEl 6 de marzo de 2015, gracias a la acci\u00f3n de la sociedad civil organizada del <a href=\"http:\/\/xnet-x.net\/grupo-anticorrupcion-catalunya\/\" title=\"Grupo ciudadano contra la corrupci\u00f3n\" target=\"_ blank \" rel=\"noopener noreferrer\">Grupo Ciudadano contra la Corrupci\u00f3n en Catalu\u00f1a<\/a>, se consigui\u00f3 un hito hist\u00f3rico, pol\u00edtica y jur\u00eddicamente sin precedentes: <a href=\"https:\/\/xnet-x.net\/hacienda-somos-todos-enmienda\/\" title=\"Hacienda somos todos, enmienda\" target=\"_ blank \" rel=\"noopener noreferrer\"> el Parlament de Catalunya aprob\u00f3<\/a> por 62 votos a favor y 60 abstenciones (CiU y PP) la personaci\u00f3n de la Generalitat de Catalunya como acusaci\u00f3n en el juicio a Urdangar\u00edn y la Infanta Cristina, consider\u00e1ndose la Generalitat de Catalunya perjudicada directa del fraude.<\/p>\n<p>Un hito hist\u00f3rico porque es la primera vez que una instituci\u00f3n contradice la postura de Hacienda (que se niega a acusar a la Infanta aunque fue directiva conjuntamente con su marido); <strong>un hito porque sienta las bases jur\u00eddicas para que las autonom\u00edas puedan defender directamente lo que les defraude<\/strong>, m\u00e1s significativo a\u00fan dentro del contexto del debate sobre la autonom\u00eda fiscal y desde la imprescindible acci\u00f3n institucional complementaria contra el fraude.<\/p>\n<p>Despu\u00e9s de seis meses, afirmamos que no consta de ninguna manera que el Govern haya implementado lo aprobado por el Parlamento, ni existe ning\u00fan rastro de personaci\u00f3n en la causa judicial por parte de la Generalitat.<\/p>\n<p>El Govern ha hecho decaer el procedimiento y tendremos que volver a votar. Denunciamos este hecho y pedimos un Govern que cumpla con sus compromisos.<\/p>\n<p><strong>Queremos que el Govern de Catalunya se persone, nos persone a la ciudadan\u00eda catalana, como es su obligaci\u00f3n, para recuperar el dinero que es de todos<\/strong>, para acabar con los privilegios feudales y la impunidad de las \u00e9lites y para recordar que no hay dobles rasantes ni dobles morales seg\u00fan quien sea el defraudador.<\/p>\n<p>Hemos pedido el compromiso de todos los partidos que votaron a favor de la personaci\u00f3n de la Generalidad contra Urdangar\u00edn y la Infanta para que se vuelva a votar en el Parlamento y cumplan con sus obligaciones en caso de que gobiernen Catalu\u00f1a despu\u00e9s del 27S.<\/p>\n<p>As\u00ed nos han contestado (de menor a mayor representaci\u00f3n parlamentaria &#8211; primero las candidaturas que propusieron la enmienda y luego las que se sumaron).<\/p>\n<h3>CUP<\/h3>\n<p>Cristina de Borb\u00f3n e I\u00f1aki Urdangar\u00edn encarnan la impunidad con que las \u00e9lites del pa\u00eds han actuado mientras la crisis hac\u00eda estragos entre la poblaci\u00f3n. Con el expresidente balear, Jaume Matas, son los principales imputados en el proceso Palma Arena, por unos delitos contra la hacienda p\u00fablica que podr\u00edan conllevar una reducci\u00f3n en los ingresos del presupuesto de la Generalitat de Catalunya, a la que le corresponde el 50% del IRPF recaudado por los dos miembros de la Casa Real. La CUP-CC insta al nuevo Govern de la Generalitat a hacer cumplir el acuerdo aprobado por el pleno del Parlamento person\u00e1ndose como acusaci\u00f3n en este caso, dado que la conducta de los encausados \u200b\u200bha provocado una disminuci\u00f3n de ingresos perjudicando la capacidad econ\u00f3mica del pa\u00eds a la hora de sufragar el coste de las pol\u00edticas sociales, educativas, etc&#8230; En este sentido, la CUP emplazar\u00e1 el nuevo ejecutivo catal\u00e1n a rechazar cualquier aplicaci\u00f3n de la Doctrina Bot\u00edn a las personas implicadas, lo que supondr\u00eda un nuevo episodio de justicia de clase de la que la oligarqu\u00eda se ha beneficiado durante muchos a\u00f1os para mantener sus privilegios.<\/p>\n<h3>ERC<\/h3>\n<p>De acuerdo con nuestro compromiso con la transparencia y la lucha contra la corrupci\u00f3n, y en relaci\u00f3n a la iniciativa impulsada por el Grupo Ciudadano contra la Corrupci\u00f3n, manifestamos nuestro compromiso con el resultado de la votaci\u00f3n del Parlamento del pasado 6 de marzo favorable que la Generalitat se persone en el caso Palma Arena, y llegado el caso de formar Govern, actuaremos en consecuencia.<\/p>\n<h3>CATALUNYASIQUEESPOT<\/h3>\n<p>Tenemos un compromiso absoluto con la defensa de los intereses de lo p\u00fablico, de lo que nos es com\u00fan. Catalu\u00f1a S\u00ed se Puede propone una acci\u00f3n integral contra el fraude y la corrupci\u00f3n, sea donde sea, venga de donde venga. Una de estas acciones es adoptar el compromiso de que si nuestra candidatura forma parte del pr\u00f3ximo Gobierno de la Generalitat, nos personaremos como gobierno en el caso Palma Arena, como ya hab\u00eda acordado el Parlamento la \u00faltima legislatura.<\/p>\n<h3>PSC<\/h3>\n<p>El Partido de los Socialistas, comprometido en la lucha contra evasi\u00f3n, fraude fiscal y la corrupci\u00f3n, se compromete a realizar las acciones necesarias para que la Generalitat se persone como parte en la forma procesal m\u00e1s adecuada en los procesos judiciales abiertos por corrupci\u00f3n pol\u00edtica en los que se juzguen hechos que pudieran suponer un perjuicio efectivo contra la Hacienda P\u00fablica. En cuanto a la moci\u00f3n 189\/X aprobada en el Pleno del Parlamento el pasado mes de marzo y que decuare, nos comprometemos a facilitar una nueva votaci\u00f3n y cumplir con el resultado.<br \/>\n<\/p>","protected":false},"excerpt":{"rendered":"<p>Llamamiento del #GrupAnticorrupcio a candidaturas #27S \u00a1Pers\u00f3name en el Caso Urdangarin-Infanta!. .@X_net_ lucha contra la #corrupcion.<\/p>\n","protected":false},"author":8,"featured_media":8493,"comment_status":"closed","ping_status":"closed","sticky":false,"template":"","format":"standard","meta":{"footnotes":""},"categories":[52],"tags":[],"class_list":["post-8491","post","type-post","status-publish","format-standard","has-post-thumbnail","hentry","category-blog","ejes-anticorrupcion","ejes-tecnopolitica-hacktivismo-artivismo"],"yoast_head":"<!-- This site is optimized with the Yoast SEO plugin v26.7 - https:\/\/yoast.com\/wordpress\/plugins\/seo\/ -->\n<title>Pers\u00f3name - Candidaturas a las elecciones catalanas<\/title>\n<meta name=\"description\" content=\"El Grup Anticorrupci\u00f3 pide a las candidaturas que votaron a favor, el compromiso de personarse desde la Generalitat contra Urdangar\u00edn y la Infanta.\" \/>\n<meta name=\"robots\" content=\"index, follow, max-snippet:-1, max-image-preview:large, max-video-preview:-1\" \/>\n<link rel=\"canonical\" href=\"https:\/\/dev.xnet-x.net\/es\/personame\/\" \/>\n<meta name=\"twitter:label1\" content=\"Escrito por\" \/>\n\t<meta name=\"twitter:data1\" content=\"Xnet\" \/>\n\t<meta name=\"twitter:label2\" content=\"Tiempo de lectura\" \/>\n\t<meta name=\"twitter:data2\" content=\"8 minutos\" \/>\n<script type=\"application\/ld+json\" class=\"yoast-schema-graph\">{\"@context\":\"https:\/\/schema.org\",\"@graph\":[{\"@type\":\"Article\",\"@id\":\"https:\/\/dev.xnet-x.net\/es\/personame\/#article\",\"isPartOf\":{\"@id\":\"https:\/\/dev.xnet-x.net\/es\/personame\/\"},\"author\":{\"name\":\"Xnet\",\"@id\":\"https:\/\/dev.xnet-x.net\/es\/#\/schema\/person\/286e07d1c80ea3bcc60b6ef8b146e637\"},\"headline\":\"Pers\u00f3name &#8211; Llamamiento a las candidaturas a las elecciones catalanas\",\"datePublished\":\"2015-09-21T08:18:19+00:00\",\"dateModified\":\"2021-08-18T09:09:38+00:00\",\"mainEntityOfPage\":{\"@id\":\"https:\/\/dev.xnet-x.net\/es\/personame\/\"},\"wordCount\":1738,\"publisher\":{\"@id\":\"https:\/\/dev.xnet-x.net\/es\/#organization\"},\"image\":{\"@id\":\"https:\/\/dev.xnet-x.net\/es\/personame\/#primaryimage\"},\"thumbnailUrl\":\"https:\/\/dev.xnet-x.net\/img\/personame-img.png\",\"articleSection\":[\"Blog - Nuestras acciones\"],\"inLanguage\":\"es\"},{\"@type\":\"WebPage\",\"@id\":\"https:\/\/dev.xnet-x.net\/es\/personame\/\",\"url\":\"https:\/\/dev.xnet-x.net\/es\/personame\/\",\"name\":\"Pers\u00f3name - Candidaturas a las elecciones catalanas\",\"isPartOf\":{\"@id\":\"https:\/\/dev.xnet-x.net\/es\/#website\"},\"primaryImageOfPage\":{\"@id\":\"https:\/\/dev.xnet-x.net\/es\/personame\/#primaryimage\"},\"image\":{\"@id\":\"https:\/\/dev.xnet-x.net\/es\/personame\/#primaryimage\"},\"thumbnailUrl\":\"https:\/\/dev.xnet-x.net\/img\/personame-img.png\",\"datePublished\":\"2015-09-21T08:18:19+00:00\",\"dateModified\":\"2021-08-18T09:09:38+00:00\",\"description\":\"El Grup Anticorrupci\u00f3 pide a las candidaturas que votaron a favor, el compromiso de personarse desde la Generalitat contra Urdangar\u00edn y la Infanta.\",\"breadcrumb\":{\"@id\":\"https:\/\/dev.xnet-x.net\/es\/personame\/#breadcrumb\"},\"inLanguage\":\"es\",\"potentialAction\":[{\"@type\":\"ReadAction\",\"target\":[[\"https:\/\/dev.xnet-x.net\/es\/personame\/\"]]}]},{\"@type\":\"ImageObject\",\"inLanguage\":\"es\",\"@id\":\"https:\/\/dev.xnet-x.net\/es\/personame\/#primaryimage\",\"url\":\"https:\/\/dev.xnet-x.net\/img\/personame-img.png\",\"contentUrl\":\"https:\/\/dev.xnet-x.net\/img\/personame-img.png\",\"width\":1182,\"height\":622,\"caption\":\"Crida del GrupAnticorrupcio a les candidatures 27S, persona'm al cas Urdangarin-Infanta\"},{\"@type\":\"BreadcrumbList\",\"@id\":\"https:\/\/dev.xnet-x.net\/es\/personame\/#breadcrumb\",\"itemListElement\":[{\"@type\":\"ListItem\",\"position\":1,\"name\":\"Portada\",\"item\":\"https:\/\/dev.xnet-x.net\/es\/\"},{\"@type\":\"ListItem\",\"position\":2,\"name\":\"Pers\u00f3name &#8211; Llamamiento a las candidaturas a las elecciones catalanas\"}]},{\"@type\":\"WebSite\",\"@id\":\"https:\/\/dev.xnet-x.net\/es\/#website\",\"url\":\"https:\/\/dev.xnet-x.net\/es\/\",\"name\":\"[:es]Xnet - Internet, derechos y democracia en la era digital[:ca]Xnet - Internet, drets i democr\u00e0cia en l'era digital[:en]Xnet - Internet freedoms & digital rights[:]\",\"description\":\"Xnet: Internet, informaci\u00f3n y cultura libres. Tecnopol\u00edtica. Datos, algoritmos y derechos digitales. Libertad de expresi\u00f3n. Democracia y anticorrupci\u00f3n\",\"publisher\":{\"@id\":\"https:\/\/dev.xnet-x.net\/es\/#organization\"},\"potentialAction\":[{\"@type\":\"SearchAction\",\"target\":{\"@type\":\"EntryPoint\",\"urlTemplate\":\"https:\/\/dev.xnet-x.net\/es\/?s={search_term_string}\"},\"query-input\":{\"@type\":\"PropertyValueSpecification\",\"valueRequired\":true,\"valueName\":\"search_term_string\"}}],\"inLanguage\":\"es\"},{\"@type\":\"Organization\",\"@id\":\"https:\/\/dev.xnet-x.net\/es\/#organization\",\"name\":\"Xnet - Internet, derechos y democracia en la era digital\",\"url\":\"https:\/\/dev.xnet-x.net\/es\/\",\"logo\":{\"@type\":\"ImageObject\",\"inLanguage\":\"es\",\"@id\":\"https:\/\/dev.xnet-x.net\/es\/#\/schema\/logo\/image\/\",\"url\":\"https:\/\/xnet-x.net\/img\/xnet-logo.png\",\"contentUrl\":\"https:\/\/xnet-x.net\/img\/xnet-logo.png\",\"width\":512,\"height\":512,\"caption\":\"Xnet - Internet, derechos y democracia en la era digital\"},\"image\":{\"@id\":\"https:\/\/dev.xnet-x.net\/es\/#\/schema\/logo\/image\/\"},\"sameAs\":[\"http:\/\/facebook.com\/RedX.Net\/\",\"https:\/\/x.com\/x_net_\",\"https:\/\/es.wikipedia.org\/wiki\/Xnet\"]},{\"@type\":\"Person\",\"@id\":\"https:\/\/dev.xnet-x.net\/es\/#\/schema\/person\/286e07d1c80ea3bcc60b6ef8b146e637\",\"name\":\"Xnet\",\"image\":{\"@type\":\"ImageObject\",\"inLanguage\":\"es\",\"@id\":\"https:\/\/dev.xnet-x.net\/es\/#\/schema\/person\/image\/\",\"url\":\"https:\/\/secure.gravatar.com\/avatar\/76eee622ce1df16aa986c0f990545e62b4c87e399e6c2a5fcfe24a092d2ba829?s=96&d=mm&r=g\",\"contentUrl\":\"https:\/\/secure.gravatar.com\/avatar\/76eee622ce1df16aa986c0f990545e62b4c87e399e6c2a5fcfe24a092d2ba829?s=96&d=mm&r=g\",\"caption\":\"Xnet\"}}]}<\/script>\n<!-- \/ Yoast SEO plugin. -->","yoast_head_json":{"title":"Pers\u00f3name - Candidaturas a las elecciones catalanas","description":"El Grup Anticorrupci\u00f3 pide a las candidaturas que votaron a favor, el compromiso de personarse desde la Generalitat contra Urdangar\u00edn y la Infanta.","robots":{"index":"index","follow":"follow","max-snippet":"max-snippet:-1","max-image-preview":"max-image-preview:large","max-video-preview":"max-video-preview:-1"},"canonical":"https:\/\/dev.xnet-x.net\/es\/personame\/","twitter_misc":{"Escrito por":"Xnet","Tiempo de lectura":"8 minutos"},"schema":{"@context":"https:\/\/schema.org","@graph":[{"@type":"Article","@id":"https:\/\/dev.xnet-x.net\/es\/personame\/#article","isPartOf":{"@id":"https:\/\/dev.xnet-x.net\/es\/personame\/"},"author":{"name":"Xnet","@id":"https:\/\/dev.xnet-x.net\/es\/#\/schema\/person\/286e07d1c80ea3bcc60b6ef8b146e637"},"headline":"Pers\u00f3name &#8211; Llamamiento a las candidaturas a las elecciones catalanas","datePublished":"2015-09-21T08:18:19+00:00","dateModified":"2021-08-18T09:09:38+00:00","mainEntityOfPage":{"@id":"https:\/\/dev.xnet-x.net\/es\/personame\/"},"wordCount":1738,"publisher":{"@id":"https:\/\/dev.xnet-x.net\/es\/#organization"},"image":{"@id":"https:\/\/dev.xnet-x.net\/es\/personame\/#primaryimage"},"thumbnailUrl":"https:\/\/dev.xnet-x.net\/img\/personame-img.png","articleSection":["Blog - Nuestras acciones"],"inLanguage":"es"},{"@type":"WebPage","@id":"https:\/\/dev.xnet-x.net\/es\/personame\/","url":"https:\/\/dev.xnet-x.net\/es\/personame\/","name":"Pers\u00f3name - Candidaturas a las elecciones catalanas","isPartOf":{"@id":"https:\/\/dev.xnet-x.net\/es\/#website"},"primaryImageOfPage":{"@id":"https:\/\/dev.xnet-x.net\/es\/personame\/#primaryimage"},"image":{"@id":"https:\/\/dev.xnet-x.net\/es\/personame\/#primaryimage"},"thumbnailUrl":"https:\/\/dev.xnet-x.net\/img\/personame-img.png","datePublished":"2015-09-21T08:18:19+00:00","dateModified":"2021-08-18T09:09:38+00:00","description":"El Grup Anticorrupci\u00f3 pide a las candidaturas que votaron a favor, el compromiso de personarse desde la Generalitat contra Urdangar\u00edn y la Infanta.","breadcrumb":{"@id":"https:\/\/dev.xnet-x.net\/es\/personame\/#breadcrumb"},"inLanguage":"es","potentialAction":[{"@type":"ReadAction","target":[["https:\/\/dev.xnet-x.net\/es\/personame\/"]]}]},{"@type":"ImageObject","inLanguage":"es","@id":"https:\/\/dev.xnet-x.net\/es\/personame\/#primaryimage","url":"https:\/\/dev.xnet-x.net\/img\/personame-img.png","contentUrl":"https:\/\/dev.xnet-x.net\/img\/personame-img.png","width":1182,"height":622,"caption":"Crida del GrupAnticorrupcio a les candidatures 27S, persona'm al cas Urdangarin-Infanta"},{"@type":"BreadcrumbList","@id":"https:\/\/dev.xnet-x.net\/es\/personame\/#breadcrumb","itemListElement":[{"@type":"ListItem","position":1,"name":"Portada","item":"https:\/\/dev.xnet-x.net\/es\/"},{"@type":"ListItem","position":2,"name":"Pers\u00f3name &#8211; Llamamiento a las candidaturas a las elecciones catalanas"}]},{"@type":"WebSite","@id":"https:\/\/dev.xnet-x.net\/es\/#website","url":"https:\/\/dev.xnet-x.net\/es\/","name":"[:es]Xnet - Internet, derechos y democracia en la era digital[:ca]Xnet - Internet, drets i democr\u00e0cia en l'era digital[:en]Xnet - Internet freedoms & digital rights[:]","description":"Xnet: Internet, informaci\u00f3n y cultura libres. Tecnopol\u00edtica. Datos, algoritmos y derechos digitales. Libertad de expresi\u00f3n. Democracia y anticorrupci\u00f3n","publisher":{"@id":"https:\/\/dev.xnet-x.net\/es\/#organization"},"potentialAction":[{"@type":"SearchAction","target":{"@type":"EntryPoint","urlTemplate":"https:\/\/dev.xnet-x.net\/es\/?s={search_term_string}"},"query-input":{"@type":"PropertyValueSpecification","valueRequired":true,"valueName":"search_term_string"}}],"inLanguage":"es"},{"@type":"Organization","@id":"https:\/\/dev.xnet-x.net\/es\/#organization","name":"Xnet - Internet, derechos y democracia en la era digital","url":"https:\/\/dev.xnet-x.net\/es\/","logo":{"@type":"ImageObject","inLanguage":"es","@id":"https:\/\/dev.xnet-x.net\/es\/#\/schema\/logo\/image\/","url":"https:\/\/xnet-x.net\/img\/xnet-logo.png","contentUrl":"https:\/\/xnet-x.net\/img\/xnet-logo.png","width":512,"height":512,"caption":"Xnet - Internet, derechos y democracia en la era digital"},"image":{"@id":"https:\/\/dev.xnet-x.net\/es\/#\/schema\/logo\/image\/"},"sameAs":["http:\/\/facebook.com\/RedX.Net\/","https:\/\/x.com\/x_net_","https:\/\/es.wikipedia.org\/wiki\/Xnet"]},{"@type":"Person","@id":"https:\/\/dev.xnet-x.net\/es\/#\/schema\/person\/286e07d1c80ea3bcc60b6ef8b146e637","name":"Xnet","image":{"@type":"ImageObject","inLanguage":"es","@id":"https:\/\/dev.xnet-x.net\/es\/#\/schema\/person\/image\/","url":"https:\/\/secure.gravatar.com\/avatar\/76eee622ce1df16aa986c0f990545e62b4c87e399e6c2a5fcfe24a092d2ba829?s=96&d=mm&r=g","contentUrl":"https:\/\/secure.gravatar.com\/avatar\/76eee622ce1df16aa986c0f990545e62b4c87e399e6c2a5fcfe24a092d2ba829?s=96&d=mm&r=g","caption":"Xnet"}}]}},"_links":{"self":[{"href":"https:\/\/dev.xnet-x.net\/es\/wp-json\/wp\/v2\/posts\/8491","targetHints":{"allow":["GET"]}}],"collection":[{"href":"https:\/\/dev.xnet-x.net\/es\/wp-json\/wp\/v2\/posts"}],"about":[{"href":"https:\/\/dev.xnet-x.net\/es\/wp-json\/wp\/v2\/types\/post"}],"author":[{"embeddable":true,"href":"https:\/\/dev.xnet-x.net\/es\/wp-json\/wp\/v2\/users\/8"}],"replies":[{"embeddable":true,"href":"https:\/\/dev.xnet-x.net\/es\/wp-json\/wp\/v2\/comments?post=8491"}],"version-history":[{"count":7,"href":"https:\/\/dev.xnet-x.net\/es\/wp-json\/wp\/v2\/posts\/8491\/revisions"}],"predecessor-version":[{"id":19324,"href":"https:\/\/dev.xnet-x.net\/es\/wp-json\/wp\/v2\/posts\/8491\/revisions\/19324"}],"wp:featuredmedia":[{"embeddable":true,"href":"https:\/\/dev.xnet-x.net\/es\/wp-json\/wp\/v2\/media\/8493"}],"wp:attachment":[{"href":"https:\/\/dev.xnet-x.net\/es\/wp-json\/wp\/v2\/media?parent=8491"}],"wp:term":[{"taxonomy":"category","embeddable":true,"href":"https:\/\/dev.xnet-x.net\/es\/wp-json\/wp\/v2\/categories?post=8491"},{"taxonomy":"post_tag","embeddable":true,"href":"https:\/\/dev.xnet-x.net\/es\/wp-json\/wp\/v2\/tags?post=8491"}],"curies":[{"name":"wp","href":"https:\/\/api.w.org\/{rel}","templated":true}]}}