{"id":8242,"date":"2015-10-31T10:00:33","date_gmt":"2015-10-31T09:00:33","guid":{"rendered":"https:\/\/xnet-x.net\/?p=8242"},"modified":"2024-10-23T09:55:36","modified_gmt":"2024-10-23T07:55:36","slug":"grupo-ciudadano-contra-la-corrupcion","status":"publish","type":"post","link":"https:\/\/dev.xnet-x.net\/es\/grupo-ciudadano-contra-la-corrupcion\/","title":{"rendered":"GRUPO CIUDADANO CONTRA LA CORRUPCI\u00d3N en el Estado espa\u00f1ol"},"content":{"rendered":"<p>Replicando  el exitoso modelo del <a href=\"https:\/\/xnet-x.net\/grupo-anticorrupcion-catalunya\">Grupo Ciudadano contra la Corrupci\u00f3n en Catalunya<\/a>,  promovido por Xnet alrededor de su Buz\u00f3n de filtraciones  ciudadanas contra la corrupci\u00f3n, se parte de su experiencia y buenos  resultados para estructurar el Grupo Ciudadano contra la Corrupci\u00f3n a  nivel estatal.<\/p>\n<p>El  objetivo no es la uni\u00f3n en un grupo \u00fanico y nuevo, sino potenciar y  federar las competencias de grupos y personas ya  activas en la lucha  ciudadana contra la corrupci\u00f3n, creando una red estable, coordinada y  colaborativa en la lucha contra la corrupci\u00f3n sin necesidad de  consensuar acciones y objetivos pero s\u00ed intercambiando informaci\u00f3n \u00fatil y  facilitando las rec\u00edprocas acciones y campa\u00f1as.<\/p>\n<h3>Objetivos<\/h3>\n<ul>\n<li>Dejar constancia de que #LaCiudadan\u00edaLoHizo.<\/li>\n<li>Optimizar y acelerar el trabajo de cada uno de los actores que forman  parte  del Grupo Ciudadano contra la Corrupci\u00f3n.<\/li>\n<li>Amplificar la presi\u00f3n ciudadana sobre las instituciones   c\u00f3mplices, y respaldar el trabajo de aquellos servidores p\u00fablicos que hacen su trabajo  honestamente.<\/li>\n<li style=\"padding-bottom:15px;\">Garantizar el derecho a la informaci\u00f3n de la opini\u00f3n p\u00fablica  y  facilitar los canales para la colaboraci\u00f3n ciudadana.<\/li>\n<li>Una parte de nosotros se ocupar\u00e1 de: ayudar y proteger a denunciantes\/alertadores que deciden denunciar la corrupci\u00f3n (ver aqu\u00ed el <strong><a href=\"\/decalogo-proteccion-denunciantes-alertadores\">dec\u00e1logo al final<\/a><\/strong>). Normalizaci\u00f3n progresiva: ni h\u00e9roes ni v\u00edctimas.<\/li>\n<\/ul>\n<h3>De forma urgente:<\/h3>\n<p>En  lugar de tomarse medidas adecuadas que apoyen la lucha contra la corrupci\u00f3n, desde el gobierno se est\u00e1n implementado medidas en el  sentido totalmente contrario, encaminadas a garantizar la impunidad:<\/p>\n<p>La  movilizaci\u00f3n de abogados, fiscales y jueces contra la <a href=\"https:\/\/xnet-x.net\/ley-torquemada-como-nos-afecta-como-defendernos\/\">Ley de  Enjuiciamiento Criminal<\/a> operada a trav\u00e9s de la Ley 41\/2015, de  5 de  octubre, -en vigor el pr\u00f3ximo 6 de diciembre-, que facilita la impunidad marcando unos plazos imposibles de cumplir, sobre todo en  grandes casos de corrupci\u00f3n que requieren comisiones rogatorias o investigaciones complejas, merece el apoyo urgente de la ciudadan\u00eda y de todos los grupos que trabajamos contra la corrupci\u00f3n.<\/p>\n<h3 style=\"padding-top:15px; font-size:2em; padding-bottom:20px;\">PARTICIPANTES<\/h3>\n<p><strong>PROMOTORES<\/strong><\/p>\n<h3 style=\"padding-top:15px\">Xnet y el Buz\u00f3n de Xnet de filtraciones contra la corrupci\u00f3n (coordinaci\u00f3n y portavoc\u00eda)<\/h3>\n<p>Grupo de activistas que trabajan en diferentes campos relacionados con la  democracia en red y la defensa de la neutralidad de la red. Sus l\u00edneas  de acci\u00f3n giran en torno a cinco ejes: la libre circulaci\u00f3n de la  cultura, la neutralidad de la Red, la tecnopol\u00edtica, la defensa del  periodismo ciudadano y la lucha legal contra la corrupci\u00f3n.<br \/>\n<a href=\"https:\/\/xnet-x.net\">https:\/\/xnet-x.net<\/a><\/p>\n<p>TRABAJO DESTACADO EN EL \u00c1MBITO DE LA LUCHA CONTRA LA CORRUPCI\u00d3N:<br \/>\n&#8211; <a href=\"https:\/\/xnet-x.net\/buzon-xnet\/\" target=\"_blank\" rel=\"noopener noreferrer\">Buz\u00f3n de Xnet<\/a> de filtraciones ciudadanas contra la corrupci\u00f3n.<br \/>\n&#8211; Lleva a la opini\u00f3n p\u00fablica y publica ordenadamente los Correos de Blesa en http:\/\/correosdeblesa.com<br \/>\n&#8211; Blog para dar salida y denunciar medi\u00e1ticamente casos llegados al Buz\u00f3n Xnet.<br \/>\n&#8211; Impulsores de 15MpaRato y otros dispositivos ciudadanos.<\/p>\n<p>PROYECTOS ACTUALES\/DE FUTURO EN EL \u00c1MBITO DE LA LUCHA CONTRA LA CORRUPCI\u00d3N:<br \/>\n&#8211; Tratamiento de distintos casos llegados al buz\u00f3n de filtraciones.<br \/>\n&#8211; Proporcionamos recursos y herramientas a personas y grupos organiz\u00e1ndose contra la corrupci\u00f3n.<br \/>\n&#8211; Creando redes de trabajo y colaboraci\u00f3n basadas en la federaci\u00f3n de competencias.<br \/>\n&#8211; Trabajando sobre denunciantes\/alertadores y su situaci\u00f3n jur\u00eddica en el estado espa\u00f1ol y en Europa.<br \/>\n&#8211; Experiencias y recomendaciones recogidas en el <a href=\"http:\/\/blogs.publico.es\/el-cuarto-poder-en-red\/2014\/12\/09\/como-luchamos-contra-la-corrupcion-manual-de-uso-para-la-ciudadania\/\" target=\"_blank\" rel=\"noopener noreferrer\">manual de uso<\/a> para la ciudadan\u00eda.<\/p>\n<h3 style=\"padding-top:20px\">15MpaRato<\/h3>\n<p>Acusaci\u00f3n  ciudadana que abri\u00f3 e impulsa el Caso Bankia en la Audiencia Nacional  sin m\u00e1s ayuda que la colaboraci\u00f3n ciudadana, muchas veces en forma de   filtraciones de informaci\u00f3n, y que ha logrado abrir piezas judiciales por la salida a bolsa, las Preferentes y las Tarjetas Black.<br \/>\n<a href=\"https:\/\/15mparato.wordpress.com\" title=\"15MpaRato\" target=\"_blank\" rel=\"noopener noreferrer\">https:\/\/15mparato.wordpress.com<\/a><\/p>\n<p>PROYECTOS ACTUALES\/DE FUTURO:<br \/>\n&#8211; A punto de cerrar la instrucci\u00f3n del caso, 15MpaRato se prepara para el juicio oral.<br \/>\n&#8211; Investigando sobre los controladores como CNMV, AEAT, FROB o auditoras por posibles fraudes o dejadez de funciones.<\/p>\n<h3 style=\"padding-top:20px\">David Fern\u00e1ndez<\/h3>\n<p>Ex-Presidente  de la Comisi\u00f3n Parlamentaria sobre el Cas Pujol como diputado de la  CUP-Parlament Destacado activista contra la corrupci\u00f3n y por la  democracia.<\/p>\n<p>PROYECTOS ACTUALES\/DE FUTURO:<br \/>\n&#8211; Trabajando en el <a href=\"http:\/\/llumsitaquigrafs.cat\/\" target=\"_blank\" rel=\"noopener noreferrer\">Atlas de la Corrupci\u00f3n en Catalunya<\/a>. Un repaso por las causas, efectos y costes de la corrupci\u00f3n, tpograf\u00eda de los casos as\u00ed como un gu\u00eda pr\u00e1ctica para la lucha contra la corrupci\u00f3n.<br \/>\n&nbsp;<\/p>\n<p><strong>CONFORMAN TAMBI\u00c9N<\/strong><\/p>\n<h3 style=\"padding-top:20px\">Grup Contra la Corrupci\u00f3 a Catalunya <\/h3>\n<p>Espacio   en el que participan algunas de las personas y organizaciones  que m\u00e1s   han destacado en la lucha contra la corrupci\u00f3n en Catalunya.<br \/>\n<a href=\"https:\/\/xnet-x.net\/grupo-anticorrupcion-catalunya\" title=\"Grupo Anticorrupci\u00f3n\">https:\/\/xnet-x.net\/grupo-anticorrupcion-catalunya<\/a><\/p>\n<p>TRABAJO DESTACADO:<br \/>\n&#8211; Aportado informaciones a la Comisi\u00f3n parlamentaria del <a href=\"https:\/\/xnet-x.net\/caso-pujol-grup-anticorrupcio-primer-round\/\">Cas Pujol<\/a>.<br \/>\n&#8211; Consigue el voto parlamentario a favor de la  personaci\u00f3n de la Generalitat en el caso <a href=\"https:\/\/xnet-x.net\/hacienda-somos-todos-enmienda\/\">Urdangar\u00edn-Infanta<\/a> contra la doctrina  Bot\u00edn. <\/p>\n<p>PROYECTOS ACTUALES\/DE FUTURO:<br \/>\n&#8211; Impulsar una nueva votaci\u00f3n a favor de la personaci\u00f3n de la Generalitat contra la doctrina Bot\u00edn en el caso Urdangar\u00edn-Infanta en la nueva legislatura, hasta conseguir que el nuevo Govern lleve a cabo la personaci\u00f3n.<\/p>\n<h3 style=\"padding-top:15px; font-size:1.5em;\">Participantes actuales del Grupo contra la Corrupci\u00f3n en el Estado  Espa\u00f1ol<\/h3>\n<h3 style=\"padding-top:20px\">Kontuz<\/h3>\n<p>Asociaci\u00f3n ciudadana de usuarios, consumidores y contribuyentes de Navarra que ha  jugado un papel clave destapando los grandes casos de corrupci\u00f3n en Navarra como los casos Otano y Urralburu o el saqueo de la Caja de ahorros de Navarra,  entre otros.<br \/>\n<a href=\"http:\/\/www.kontuz.org\/\" target=\"_blank\" rel=\"noopener noreferrer\">http:\/\/www.kontuz.org\/<\/a><\/p>\n<p>En el libro &#8216;<a href=\"http:\/\/www.txalaparta.eus\/libro\/7862\/el-banquete\/\" title=\"El banquete\" target=\"_blank\" rel=\"noopener noreferrer\">El banquete. Expolio y desaparici\u00f3n de la CAN<\/a>&#8216; se relatan los resultados de sus investigaciones: el esc\u00e1ndalo de la desaparici\u00f3n de la CAN y el entramado que se esconde tr\u00e1s el Gobierno de Navarra.<\/p>\n<p>TRABAJO DESTACADO:<br \/>\n&#8211; Han llevado a 3 ex presidentes de Navarra a los tribunales por temas de corrupci\u00f3n.<\/p>\n<p>PROYECTOS ACTUALES\/DE FUTURO:<br \/>\n&#8211; Impulsan la creaci\u00f3n de una oficina anticorrupci\u00f3n en Navarra.<br \/>\n\u2013 Siguen con los casos CAN y Banca C\u00edvica, a\u00fan abiertos.<\/p>\n<h3 style=\"padding-top:20px\">Audita Sanidad<\/h3>\n<p>Grupo de Trabajo para una Auditor\u00eda Ciudadana de la Deuda en Sanidad Comunidad de Madrid y para la investigaci\u00f3n de la corrupci\u00f3n como causa y  efecto de la privatizaci\u00f3n sanitaria.<br \/>\n<a href=\"http:\/\/auditasanidad.org\/\" target=\"_blank\" rel=\"noopener noreferrer\">http:\/\/auditasanidad.org\/<\/a><\/p>\n<p>TRABAJO DESTACADO:<br \/>\n\u2013 Terminando un informe sobre la \u201cContrataci\u00f3n P\u00fablica de la Consejer\u00eda de Sanidad en 2014&#8243; intentado relacionarla con los lobbies sanitarios y los niveles de corrupci\u00f3n en los concursos de licitaci\u00f3n.<\/p>\n<p>PROYECTOS ACTUALES\/DE FUTURO:<br \/>\n&#8211; Trabajan sobre las posibles tramas entre el poder pol\u00edtico y las \u00e9lites econ\u00f3micas en la sanidad de la Comunidad de Madrid.<br \/>\n&#8211; Han iniciado proceso de recogida de informaci\u00f3n sobre Manuel Lamela (Exconsejero de Sanidad) para investigar en profundidad su comportamiento antes, en y despu\u00e9s de dejar el cargo.<br \/>\n\u2013 Buscan colaboraciones de otros grupos y personas individuales para investigar sobre la incidencia de la G\u00fcrtel y la Operaci\u00f3n P\u00fanica en el \u00e1mbito de la Sanidad.<br \/>\n&#8211; Apertura de un Observatorio Ciudadano de la Sanidad en la Comunidad de Madrid.<\/p>\n<h3 style=\"padding-top:20px\">Asufin<\/h3>\n<p>Asociaci\u00f3n de Usuarios Afectados por Permutas y Derivados Financieros constituida en 2009 por ciudadanos estafados con productos financieros como los Swaps que hoy en d\u00eda atiende a estafados por todo tipo de productos financieros complejos. A la vez que realiza una labor de divulgaci\u00f3n, publicando y haciendo accesibles para estafados sentencias y textos legales.<br \/>\n<a href=\"http:\/\/asufin.com\" title=\"Asufin\" target=\"_blank\" rel=\"noopener noreferrer\">http:\/\/asufin.com<\/a><\/p>\n<p>La asociaci\u00f3n centra su actividad en la prevenci\u00f3n, informaci\u00f3n, formaci\u00f3n y defensa de los usuarios financieros. Son pioneros en la difusi\u00f3n de todo tipo de informaci\u00f3n, autos, publicidad y sentencias, para ayudar a los afectados y a sus abogados en su defensa judicial. Adem\u00e1s, organizan seminarios abiertos sobre ESTRATEGIAS JUDICIALES para conseguir la nulidad de los contratos.<br \/>\nSiempre defienden clientes minoristas y publican todos los resultados en su web.<\/p>\n<p>Est\u00e1n trabajando con expertos acerca de la contrataci\u00f3n de derivados financieros (Swaps) por parte de ayuntamientos con posibles intereses partidistas y en las actuaciones contrarias a los intereses de los coiudadanos por parte de la abogacia del estado y fiscalias.<\/p>\n<h3 style=\"padding-top:20px\">Encarni Cort\u00e9s<\/h3>\n<p>Fue elegida concejal en Benalm\u00e1dena por UCB, el partido que aup\u00f3 al poder  en Benalm\u00e1dena primero al PSOE y luego al PP. Dimiti\u00f3 de sus cargos en  el partido al principio de la legislatura pasando a ser concejal no  adscrita tras observar irregularidades. A causa de ello sufri\u00f3 el  aislamiento en su municipio con graves consecuencias econ\u00f3micas (se vio obligada a cerrar el negocio familiar) Finalmente, por sus denuncias, algunos miembros del gobierno de Benalm\u00e1dena de UCB fueron imputados. En las \u00faltimas elecciones ella volvi\u00f3 a ser elegida concejal.<\/p>\n<p>TRABAJO DESTACADO:<br \/>\n&#8211; Caso del Comedor Social.<\/p>\n<p>PROYECTOS ACTUALES\/DE FUTURO:<br \/>\n&#8211; Por propuesta expresa de Encarnaci\u00f3n Cort\u00e9s comienza Auditor\u00eda de descubrimiento y gesti\u00f3n del  puerto deportivo de la localidad, correspondiente a los ejercicios  econ\u00f3micos 2012, 2013, 2014 y 2015 hasta la fecha. Finalmente la Audiencia Provincial ha ordenado no archivar sus otras dos denuncias y comenzar sendas invesitgaciones policiales.<\/p>\n<h3 style=\"padding-top:20px\">Acci\u00f3n C\u00edvica<\/h3>\n<p>Acci\u00f3n C\u00edvica brinda su estructura para que abogados de cualquier punto del Estado puedan personarse como acusaci\u00f3n popular, en representaci\u00f3n de la misma y de forma desinteresada, en procedimientos judiciales por  desv\u00edo de fondos p\u00fablicos<br \/>\n<a href=\"http:\/\/accion-civica.org\/\" target=\"_blank\" rel=\"noopener noreferrer\">http:\/\/accion-civica.org\/<\/a><\/p>\n<p>TRABAJO DESTACADO de sus miembros:<br \/>\n\u2013 Antonio Penad\u00e9s lleva 3 a\u00f1os ejerciendo la Acusaci\u00f3n popular en el Caso Cooperaci\u00f3n por desv\u00edo de subvenciones p\u00fablicas destinadas a pa\u00edses subdesarrollados. El juicio de la primera pieza separada se sald\u00f3 con 7 personas encarceladas.<br \/>\n\u2013 Joan Llinares sac\u00f3 a luz la documentaci\u00f3n clave que impidi\u00f3 el cierre de la instrucci\u00f3n del Cas Palau.<\/p>\n<p>PROYECTOS ACTUALES\/DE FUTURO:<br \/>\n\u2013 Actualmente ejerciendo la Acusaci\u00f3n popular en la instrucci\u00f3n de la pieza 3 del Caso Cooperaci\u00f3n (hospital de Hait\u00ed).<br \/>\n\u2013 Estudio de denuncias y plante\u00e1ndose en qu\u00e9 caso actuar como acusaci\u00f3n popular.<br \/>\n\u2013 Colaboraci\u00f3n con otras instituciones en torno a propuestas contra la corrupci\u00f3n y medidas en pro de la eficiencia y la racionalizaci\u00f3n de la estructura del Estado. Divulgaci\u00f3n del problema de la corrupci\u00f3n a trav\u00e9s de redes sociales, medios de comunicaci\u00f3n y actos p\u00fablicos.<\/p>\n<h3 style=\"padding-top:20px\">Fernando Urruticoechea<\/h3>\n<p>Tras 30 a\u00f1os trabajando en la administraci\u00f3n p\u00fablica como interventor de  varios municipios, ha informado sobre ilegalidades de las que han surgido denuncias y demandas judiciales en diversos municipios.<\/p>\n<p>TRABAJO DESTACADO:<br \/>\n\u2013 Castro Urdiales: reporta en sus informes cientos de irregularidades que han supuesto 17 instrucciones judiciales con 4 de ellas juzgadas con 8 condenados y 160 imputaciones en las 13 causas pendientes, que dos de los tres \u00faltimos alcaldes del pueblo est\u00e9n imputados y uno condenado. Est\u00e1n implicadas todas las fuerzas pol\u00edticas (PP, PSOE y  Partido Regionalista C\u00e1ntabro e Izquierda Unida), funcionarios y empresarios.<br \/>\n&#8211; Desde hace a\u00f1os realiza asesoramiento a asociaciones; ahora en concreto a Observatorios Ciudadanos Municipales y grupos de Auditor\u00eda Ciudadana de la Deuda.<\/p>\n<p>PROYECTOS ACTUALES\/DE FUTURO:<br \/>\n&#8211; Planea trabajar sobre el problema de la falsificaci\u00f3n contable de las CCAA y Ayuntamientos, especialmente en relaci\u00f3n al resarcimiento de la multa de 19 millones de euros impuesta por EUROSTAT al Estado por falsificaci\u00f3n contable de las cuentas de la Generalitat de Valencia.<\/p>\n<p>-Dentro del objetivo de protecci\u00f3n a denunciantes trat\u00f3 de conseguir amparo concreto para el colectivo de Interventores y Secretarios Municipales cuya indefensi\u00f3n y miedo mayoritario es la causa de su inoperancia frente a la corrupci\u00f3n. Por lo tanto este colectivo es de especial riesgo y debe contar con especial protecci\u00f3n.<\/p>\n<h3 style=\"padding-top:20px\">ASESORES<\/h3>\n<h3 style=\"padding-top:20px\">Ra\u00fal Burillo<\/h3>\n<p>Inspector de Hacienda desde 1990. En la actualidad en Zaragoza. Antes  ejerci\u00f3 como delegado especial de la Agencia Tributaria en Balears desde el a\u00f1o 2004 y anteriormente en Catalunya.<br \/>\nMientras Ra\u00fal Burillo estuvo al frente del equipo de inspectores de Hacienda en Balears la Agencia Tributaria tuvo un papel clave en la investigaci\u00f3n de casos como  \u2018Palma Arena\u2019, \u2018Son Oms\u2019, \u2018Voltor\u2019, \u2018Ibatur\u2019, o \u2018Maquillaje\u2019 adem\u00e1s de operaciones importantes contra el fraude del IVA o contra el blanqueo de capitales o en las dobles ventas inmobiliarias en el marco de la \u2018operaci\u00f3n Rel\u00e1mpago\u2019, entre otras. <\/p>\n<p>En la actualidad, contin\u00faa su trabajo como inspector a la vez que colabora de forma personal con el Grupo Ciudadano contra la Corrupci\u00f3n.<\/p>\n<h3 style=\"padding-top:20px\">Gestha<\/h3>\n<p>Gestha, sindicato constituido al amparo de la legislaci\u00f3n vigente, fue fundado en 1998 present\u00e1ndose por primera vez a las elecciones sindicales en el a\u00f1o 1999.<\/p>\n<p>Es \u00abel sindicato m\u00e1s representativo\u00bb del Cuerpo T\u00e9cnico de Hacienda de la AEAT y de los Cuerpos T\u00e9cnicos del Ministerio de Hacienda. Tiene el car\u00e1cter de MAYORITARIO.<\/p>\n<p>Nace al amparo de las distintas Asociaciones Profesionales, con las cuales se complementa y persigue la mejor defensa de los intereses de sus asociados, as\u00ed como la de todo el personal al servicio de la administraci\u00f3n, donde desarrolla su labor. Geogr\u00e1ficamente abarca todas las CC.AA. que integran el Estado Espa\u00f1ol.<br \/>\n<a href=\"http:\/\/www.gestha.es\/\" title=\"Gestha\" target=\"_blank\" rel=\"noopener noreferrer\">http:\/\/www.gestha.es\/<\/a><\/p>\n<h3 style=\"padding-top:20px\">Pau Monserrat<\/h3>\n<p>Economista especializado en productos financieros y divulgador de econom\u00eda en medios de comunicaci\u00f3n.<\/p>\n<p>Autor  de la Banca Culpable: la mejor manera de que nadie responda de los  desprop\u00f3sitos  realizados en el negocio bancario es negar que haya culpas ni culpables  o, mejor, aceptar que existe responsabilidad  compartida por todos: banqueros y bancarios, Gobierno, supervisores y clientes. <\/p>\n<h3 style=\"padding-top:20px\">Plataforma Auditor\u00eda Ciudadana de la Deuda (PACD)<\/h3>\n<p>Red  de ciudadanos presente por toda la geograf\u00eda encargada de estudiar los indicios de ilegitimidad en la generaci\u00f3n de deuda que el Gobierno  espa\u00f1ol, junto con la UE o los gobiernos auton\u00f3micos y locales, est\u00e1n  utilizando como justificaci\u00f3n para aplicar sus pol\u00edticas de austeridad.<br \/>\n<a href=\"http:\/\/auditoriaciudadana.net\" target=\"_blank\" rel=\"noopener noreferrer\">http:\/\/auditoriaciudadana.net<\/a><\/p>\n<p>Entre sus l\u00edneas de trabajo est\u00e1n:<br \/>\n&#8211;  La presentaci\u00f3n de mociones en distintos ayuntamientos para el no pago de deudas ileg\u00edtimas y la implementaci\u00f3n de auditor\u00edas ciudadanas.<br \/>\n&#8211;  La creaci\u00f3n de los Observatorios Ciudadanos Municipales (<a href=\"http:\/\/auditoriaciudadana.net\/2015\/07\/22\/sabias-que-ya-hay-en-el-estado-espanol-32-observatorios-ciudadanos-municipales\/\" target=\"_blank\" rel=\"noopener noreferrer\">OCMs<\/a>); un espacio ciudadano para fiscalizar los ayuntamientos de manera colectiva, abierta y permanente.<br \/>\n&#8211; El <a href=\"https:\/\/www.dropbox.com\/s\/efrzk11n4mp62hb\/Analisis%20Deuda%20EE%20PACD%20Definitivo.pdf\" target=\"_blank\" rel=\"noopener noreferrer\">an\u00e1lisis de la deuda<\/a> del Estado espa\u00f1ol.<br \/>\n&#8211;  Colaboraci\u00f3n con nuevos ayuntamientos para desarrollar la participaci\u00f3n ciudadana, mejorar la transparencia de las instituciones y elaborar procesos para auditor\u00edas ciudadanas (ya en marcha en la ciudad de <a href=\"http:\/\/madrid.auditoriaciudadana.net\/2015\/09\/03\/propuesta-de-auditoria-ciudadana-de-la-deuda-del-ayuntamiento-de-madrid\/\" target=\"_blank\" rel=\"noopener noreferrer\">Madrid<\/a>).<br \/>\n&#8211;  Co-elaboraci\u00f3n del concepto ciudadano y soberano de ilegitimidad de la deuda, con especial atenci\u00f3n a la ilegitimidad de los <a href=\"http:\/\/auditoriaciudadana.net\/wp-content\/uploads\/2015\/10\/InformeRescatesBancarios.pdf\" target=\"_blank\" rel=\"noopener noreferrer\">rescates<\/a> a la  banca en el Estado espa\u00f1ol.<br \/>\n&#8211; Trabajo internacional de redes e intercambio de experiencias y conocimientos a trav\u00e9s de la red <a href=\"http:\/\/www.citizen-audit.net\/\" target=\"_blank\" rel=\"noopener noreferrer\">ICAN<\/a>.<br \/>\n&nbsp;<\/p>","protected":false},"excerpt":{"rendered":"<p>#Grupoanticorrupcion: Federar competencias entre ciudadanos que luchan contra la corrupci\u00f3n<\/p>\n","protected":false},"author":8,"featured_media":8270,"comment_status":"closed","ping_status":"closed","sticky":false,"template":"","format":"standard","meta":{"footnotes":""},"categories":[52],"tags":[],"class_list":["post-8242","post","type-post","status-publish","format-standard","has-post-thumbnail","hentry","category-blog","ejes-anticorrupcion","ejes-luchas-por-las-libertades-civiles"],"yoast_head":"<!-- This site is optimized with the Yoast SEO plugin v26.7 - https:\/\/yoast.com\/wordpress\/plugins\/seo\/ -->\n<title>GRUPO CIUDADANO CONTRA LA CORRUPCI\u00d3N en el Estado espa\u00f1ol<\/title>\n<meta name=\"robots\" content=\"index, follow, max-snippet:-1, max-image-preview:large, max-video-preview:-1\" \/>\n<link rel=\"canonical\" href=\"https:\/\/dev.xnet-x.net\/es\/grupo-ciudadano-contra-la-corrupcion\/\" \/>\n<meta name=\"twitter:label1\" content=\"Escrito por\" \/>\n\t<meta name=\"twitter:data1\" content=\"Xnet\" \/>\n\t<meta name=\"twitter:label2\" content=\"Tiempo de lectura\" \/>\n\t<meta name=\"twitter:data2\" content=\"11 minutos\" \/>\n<script type=\"application\/ld+json\" class=\"yoast-schema-graph\">{\"@context\":\"https:\/\/schema.org\",\"@graph\":[{\"@type\":\"Article\",\"@id\":\"https:\/\/dev.xnet-x.net\/es\/grupo-ciudadano-contra-la-corrupcion\/#article\",\"isPartOf\":{\"@id\":\"https:\/\/dev.xnet-x.net\/es\/grupo-ciudadano-contra-la-corrupcion\/\"},\"author\":{\"name\":\"Xnet\",\"@id\":\"https:\/\/dev.xnet-x.net\/es\/#\/schema\/person\/286e07d1c80ea3bcc60b6ef8b146e637\"},\"headline\":\"GRUPO CIUDADANO CONTRA LA CORRUPCI\u00d3N en el Estado espa\u00f1ol\",\"datePublished\":\"2015-10-31T09:00:33+00:00\",\"dateModified\":\"2024-10-23T07:55:36+00:00\",\"mainEntityOfPage\":{\"@id\":\"https:\/\/dev.xnet-x.net\/es\/grupo-ciudadano-contra-la-corrupcion\/\"},\"wordCount\":4712,\"publisher\":{\"@id\":\"https:\/\/dev.xnet-x.net\/es\/#organization\"},\"image\":{\"@id\":\"https:\/\/dev.xnet-x.net\/es\/grupo-ciudadano-contra-la-corrupcion\/#primaryimage\"},\"thumbnailUrl\":\"https:\/\/dev.xnet-x.net\/img\/grupo-ciudadano-contra-corrupcion.png\",\"articleSection\":[\"Blog - Nuestras acciones\"],\"inLanguage\":\"es\"},{\"@type\":\"WebPage\",\"@id\":\"https:\/\/dev.xnet-x.net\/es\/grupo-ciudadano-contra-la-corrupcion\/\",\"url\":\"https:\/\/dev.xnet-x.net\/es\/grupo-ciudadano-contra-la-corrupcion\/\",\"name\":\"GRUPO CIUDADANO CONTRA LA CORRUPCI\u00d3N en el Estado espa\u00f1ol\",\"isPartOf\":{\"@id\":\"https:\/\/dev.xnet-x.net\/es\/#website\"},\"primaryImageOfPage\":{\"@id\":\"https:\/\/dev.xnet-x.net\/es\/grupo-ciudadano-contra-la-corrupcion\/#primaryimage\"},\"image\":{\"@id\":\"https:\/\/dev.xnet-x.net\/es\/grupo-ciudadano-contra-la-corrupcion\/#primaryimage\"},\"thumbnailUrl\":\"https:\/\/dev.xnet-x.net\/img\/grupo-ciudadano-contra-corrupcion.png\",\"datePublished\":\"2015-10-31T09:00:33+00:00\",\"dateModified\":\"2024-10-23T07:55:36+00:00\",\"breadcrumb\":{\"@id\":\"https:\/\/dev.xnet-x.net\/es\/grupo-ciudadano-contra-la-corrupcion\/#breadcrumb\"},\"inLanguage\":\"es\",\"potentialAction\":[{\"@type\":\"ReadAction\",\"target\":[[\"https:\/\/dev.xnet-x.net\/es\/grupo-ciudadano-contra-la-corrupcion\/\"]]}]},{\"@type\":\"ImageObject\",\"inLanguage\":\"es\",\"@id\":\"https:\/\/dev.xnet-x.net\/es\/grupo-ciudadano-contra-la-corrupcion\/#primaryimage\",\"url\":\"https:\/\/dev.xnet-x.net\/img\/grupo-ciudadano-contra-corrupcion.png\",\"contentUrl\":\"https:\/\/dev.xnet-x.net\/img\/grupo-ciudadano-contra-corrupcion.png\",\"width\":640,\"height\":325,\"caption\":\"Grupo Ciudadano Contra la Corrupci\u00f3n\"},{\"@type\":\"BreadcrumbList\",\"@id\":\"https:\/\/dev.xnet-x.net\/es\/grupo-ciudadano-contra-la-corrupcion\/#breadcrumb\",\"itemListElement\":[{\"@type\":\"ListItem\",\"position\":1,\"name\":\"Portada\",\"item\":\"https:\/\/dev.xnet-x.net\/es\/\"},{\"@type\":\"ListItem\",\"position\":2,\"name\":\"GRUPO CIUDADANO CONTRA LA CORRUPCI\u00d3N en el Estado espa\u00f1ol\"}]},{\"@type\":\"WebSite\",\"@id\":\"https:\/\/dev.xnet-x.net\/es\/#website\",\"url\":\"https:\/\/dev.xnet-x.net\/es\/\",\"name\":\"[:es]Xnet - Internet, derechos y democracia en la era digital[:ca]Xnet - Internet, drets i democr\u00e0cia en l'era digital[:en]Xnet - Internet freedoms & digital rights[:]\",\"description\":\"Xnet: Internet, informaci\u00f3n y cultura libres. Tecnopol\u00edtica. Datos, algoritmos y derechos digitales. Libertad de expresi\u00f3n. Democracia y anticorrupci\u00f3n\",\"publisher\":{\"@id\":\"https:\/\/dev.xnet-x.net\/es\/#organization\"},\"potentialAction\":[{\"@type\":\"SearchAction\",\"target\":{\"@type\":\"EntryPoint\",\"urlTemplate\":\"https:\/\/dev.xnet-x.net\/es\/?s={search_term_string}\"},\"query-input\":{\"@type\":\"PropertyValueSpecification\",\"valueRequired\":true,\"valueName\":\"search_term_string\"}}],\"inLanguage\":\"es\"},{\"@type\":\"Organization\",\"@id\":\"https:\/\/dev.xnet-x.net\/es\/#organization\",\"name\":\"Xnet - Internet, derechos y democracia en la era digital\",\"url\":\"https:\/\/dev.xnet-x.net\/es\/\",\"logo\":{\"@type\":\"ImageObject\",\"inLanguage\":\"es\",\"@id\":\"https:\/\/dev.xnet-x.net\/es\/#\/schema\/logo\/image\/\",\"url\":\"https:\/\/xnet-x.net\/img\/xnet-logo.png\",\"contentUrl\":\"https:\/\/xnet-x.net\/img\/xnet-logo.png\",\"width\":512,\"height\":512,\"caption\":\"Xnet - Internet, derechos y democracia en la era digital\"},\"image\":{\"@id\":\"https:\/\/dev.xnet-x.net\/es\/#\/schema\/logo\/image\/\"},\"sameAs\":[\"http:\/\/facebook.com\/RedX.Net\/\",\"https:\/\/x.com\/x_net_\",\"https:\/\/es.wikipedia.org\/wiki\/Xnet\"]},{\"@type\":\"Person\",\"@id\":\"https:\/\/dev.xnet-x.net\/es\/#\/schema\/person\/286e07d1c80ea3bcc60b6ef8b146e637\",\"name\":\"Xnet\",\"image\":{\"@type\":\"ImageObject\",\"inLanguage\":\"es\",\"@id\":\"https:\/\/dev.xnet-x.net\/es\/#\/schema\/person\/image\/\",\"url\":\"https:\/\/secure.gravatar.com\/avatar\/76eee622ce1df16aa986c0f990545e62b4c87e399e6c2a5fcfe24a092d2ba829?s=96&d=mm&r=g\",\"contentUrl\":\"https:\/\/secure.gravatar.com\/avatar\/76eee622ce1df16aa986c0f990545e62b4c87e399e6c2a5fcfe24a092d2ba829?s=96&d=mm&r=g\",\"caption\":\"Xnet\"}}]}<\/script>\n<!-- \/ Yoast SEO plugin. -->","yoast_head_json":{"title":"GRUPO CIUDADANO CONTRA LA CORRUPCI\u00d3N en el Estado espa\u00f1ol","robots":{"index":"index","follow":"follow","max-snippet":"max-snippet:-1","max-image-preview":"max-image-preview:large","max-video-preview":"max-video-preview:-1"},"canonical":"https:\/\/dev.xnet-x.net\/es\/grupo-ciudadano-contra-la-corrupcion\/","twitter_misc":{"Escrito por":"Xnet","Tiempo de lectura":"11 minutos"},"schema":{"@context":"https:\/\/schema.org","@graph":[{"@type":"Article","@id":"https:\/\/dev.xnet-x.net\/es\/grupo-ciudadano-contra-la-corrupcion\/#article","isPartOf":{"@id":"https:\/\/dev.xnet-x.net\/es\/grupo-ciudadano-contra-la-corrupcion\/"},"author":{"name":"Xnet","@id":"https:\/\/dev.xnet-x.net\/es\/#\/schema\/person\/286e07d1c80ea3bcc60b6ef8b146e637"},"headline":"GRUPO CIUDADANO CONTRA LA CORRUPCI\u00d3N en el Estado espa\u00f1ol","datePublished":"2015-10-31T09:00:33+00:00","dateModified":"2024-10-23T07:55:36+00:00","mainEntityOfPage":{"@id":"https:\/\/dev.xnet-x.net\/es\/grupo-ciudadano-contra-la-corrupcion\/"},"wordCount":4712,"publisher":{"@id":"https:\/\/dev.xnet-x.net\/es\/#organization"},"image":{"@id":"https:\/\/dev.xnet-x.net\/es\/grupo-ciudadano-contra-la-corrupcion\/#primaryimage"},"thumbnailUrl":"https:\/\/dev.xnet-x.net\/img\/grupo-ciudadano-contra-corrupcion.png","articleSection":["Blog - Nuestras acciones"],"inLanguage":"es"},{"@type":"WebPage","@id":"https:\/\/dev.xnet-x.net\/es\/grupo-ciudadano-contra-la-corrupcion\/","url":"https:\/\/dev.xnet-x.net\/es\/grupo-ciudadano-contra-la-corrupcion\/","name":"GRUPO CIUDADANO CONTRA LA CORRUPCI\u00d3N en el Estado espa\u00f1ol","isPartOf":{"@id":"https:\/\/dev.xnet-x.net\/es\/#website"},"primaryImageOfPage":{"@id":"https:\/\/dev.xnet-x.net\/es\/grupo-ciudadano-contra-la-corrupcion\/#primaryimage"},"image":{"@id":"https:\/\/dev.xnet-x.net\/es\/grupo-ciudadano-contra-la-corrupcion\/#primaryimage"},"thumbnailUrl":"https:\/\/dev.xnet-x.net\/img\/grupo-ciudadano-contra-corrupcion.png","datePublished":"2015-10-31T09:00:33+00:00","dateModified":"2024-10-23T07:55:36+00:00","breadcrumb":{"@id":"https:\/\/dev.xnet-x.net\/es\/grupo-ciudadano-contra-la-corrupcion\/#breadcrumb"},"inLanguage":"es","potentialAction":[{"@type":"ReadAction","target":[["https:\/\/dev.xnet-x.net\/es\/grupo-ciudadano-contra-la-corrupcion\/"]]}]},{"@type":"ImageObject","inLanguage":"es","@id":"https:\/\/dev.xnet-x.net\/es\/grupo-ciudadano-contra-la-corrupcion\/#primaryimage","url":"https:\/\/dev.xnet-x.net\/img\/grupo-ciudadano-contra-corrupcion.png","contentUrl":"https:\/\/dev.xnet-x.net\/img\/grupo-ciudadano-contra-corrupcion.png","width":640,"height":325,"caption":"Grupo Ciudadano Contra la Corrupci\u00f3n"},{"@type":"BreadcrumbList","@id":"https:\/\/dev.xnet-x.net\/es\/grupo-ciudadano-contra-la-corrupcion\/#breadcrumb","itemListElement":[{"@type":"ListItem","position":1,"name":"Portada","item":"https:\/\/dev.xnet-x.net\/es\/"},{"@type":"ListItem","position":2,"name":"GRUPO CIUDADANO CONTRA LA CORRUPCI\u00d3N en el Estado espa\u00f1ol"}]},{"@type":"WebSite","@id":"https:\/\/dev.xnet-x.net\/es\/#website","url":"https:\/\/dev.xnet-x.net\/es\/","name":"[:es]Xnet - Internet, derechos y democracia en la era digital[:ca]Xnet - Internet, drets i democr\u00e0cia en l'era digital[:en]Xnet - Internet freedoms & digital rights[:]","description":"Xnet: Internet, informaci\u00f3n y cultura libres. Tecnopol\u00edtica. Datos, algoritmos y derechos digitales. Libertad de expresi\u00f3n. Democracia y anticorrupci\u00f3n","publisher":{"@id":"https:\/\/dev.xnet-x.net\/es\/#organization"},"potentialAction":[{"@type":"SearchAction","target":{"@type":"EntryPoint","urlTemplate":"https:\/\/dev.xnet-x.net\/es\/?s={search_term_string}"},"query-input":{"@type":"PropertyValueSpecification","valueRequired":true,"valueName":"search_term_string"}}],"inLanguage":"es"},{"@type":"Organization","@id":"https:\/\/dev.xnet-x.net\/es\/#organization","name":"Xnet - Internet, derechos y democracia en la era digital","url":"https:\/\/dev.xnet-x.net\/es\/","logo":{"@type":"ImageObject","inLanguage":"es","@id":"https:\/\/dev.xnet-x.net\/es\/#\/schema\/logo\/image\/","url":"https:\/\/xnet-x.net\/img\/xnet-logo.png","contentUrl":"https:\/\/xnet-x.net\/img\/xnet-logo.png","width":512,"height":512,"caption":"Xnet - Internet, derechos y democracia en la era digital"},"image":{"@id":"https:\/\/dev.xnet-x.net\/es\/#\/schema\/logo\/image\/"},"sameAs":["http:\/\/facebook.com\/RedX.Net\/","https:\/\/x.com\/x_net_","https:\/\/es.wikipedia.org\/wiki\/Xnet"]},{"@type":"Person","@id":"https:\/\/dev.xnet-x.net\/es\/#\/schema\/person\/286e07d1c80ea3bcc60b6ef8b146e637","name":"Xnet","image":{"@type":"ImageObject","inLanguage":"es","@id":"https:\/\/dev.xnet-x.net\/es\/#\/schema\/person\/image\/","url":"https:\/\/secure.gravatar.com\/avatar\/76eee622ce1df16aa986c0f990545e62b4c87e399e6c2a5fcfe24a092d2ba829?s=96&d=mm&r=g","contentUrl":"https:\/\/secure.gravatar.com\/avatar\/76eee622ce1df16aa986c0f990545e62b4c87e399e6c2a5fcfe24a092d2ba829?s=96&d=mm&r=g","caption":"Xnet"}}]}},"_links":{"self":[{"href":"https:\/\/dev.xnet-x.net\/es\/wp-json\/wp\/v2\/posts\/8242","targetHints":{"allow":["GET"]}}],"collection":[{"href":"https:\/\/dev.xnet-x.net\/es\/wp-json\/wp\/v2\/posts"}],"about":[{"href":"https:\/\/dev.xnet-x.net\/es\/wp-json\/wp\/v2\/types\/post"}],"author":[{"embeddable":true,"href":"https:\/\/dev.xnet-x.net\/es\/wp-json\/wp\/v2\/users\/8"}],"replies":[{"embeddable":true,"href":"https:\/\/dev.xnet-x.net\/es\/wp-json\/wp\/v2\/comments?post=8242"}],"version-history":[{"count":12,"href":"https:\/\/dev.xnet-x.net\/es\/wp-json\/wp\/v2\/posts\/8242\/revisions"}],"predecessor-version":[{"id":27590,"href":"https:\/\/dev.xnet-x.net\/es\/wp-json\/wp\/v2\/posts\/8242\/revisions\/27590"}],"wp:featuredmedia":[{"embeddable":true,"href":"https:\/\/dev.xnet-x.net\/es\/wp-json\/wp\/v2\/media\/8270"}],"wp:attachment":[{"href":"https:\/\/dev.xnet-x.net\/es\/wp-json\/wp\/v2\/media?parent=8242"}],"wp:term":[{"taxonomy":"category","embeddable":true,"href":"https:\/\/dev.xnet-x.net\/es\/wp-json\/wp\/v2\/categories?post=8242"},{"taxonomy":"post_tag","embeddable":true,"href":"https:\/\/dev.xnet-x.net\/es\/wp-json\/wp\/v2\/tags?post=8242"}],"curies":[{"name":"wp","href":"https:\/\/api.w.org\/{rel}","templated":true}]}}