{"id":7686,"date":"2015-04-10T11:34:22","date_gmt":"2015-04-10T10:34:22","guid":{"rendered":"http:\/\/xnet-x.net\/?p=7686"},"modified":"2015-04-14T18:57:00","modified_gmt":"2015-04-14T17:57:00","slug":"la-accion-politica-anonima-y-la-tragedia-de-los-comunes-en-red-notas-para-un-texto-en-creacion","status":"publish","type":"post","link":"https:\/\/dev.xnet-x.net\/es\/accion-politica-anonima\/","title":{"rendered":"La acci\u00f3n pol\u00edtica an\u00f3nima y la tragedia de los comunes en red &#8211; Notas para un texto en creaci\u00f3n"},"content":{"rendered":"<p><br \/>\nComo toda la gente que conoce nuestro trabajo sabe, somos defensores de la acci\u00f3n pol\u00edtica an\u00f3nima que puede ir desde el simple noprotagonismo y nocorporativimo en las acciones hasta el anonimato estricto y as\u00ed lo hemos aplicado en muchas de las acciones que hemos impulsado desde Xnet. <\/p>\n<p>No tenemos ninguna duda de que ese anonimato ha sido clave a la hora de centrar la atenci\u00f3n en los objetivos de las acciones antes que en las personas.<br \/>\nPero, como todo en la vida, tiene contraperestaciones. <\/p>\n<p>Como anunciamos hace unos meses, desde este verano hemos decidido dar m\u00e1s activamente caras y portavoc\u00eda a muchos de los dispositivos que estamos coordinando, debido a la cooptaci\u00f3n que est\u00e1n sufriendo. Es evidente,  en el caso de 15MpaRato, por ejemplo y esto no nos ha pasado solo a nosotros. El famoso caso de Democracia Real Ya es un ejemplo conocido por todos.<\/p>\n<p>Estamos escribiendo un texto extenso sobre el tema a ra\u00edz de una conversacion reciente con la antrop\u00f3loga Gabriela Coleman que ha estudiado ampliamente como basta que una persona no respete o sea incapaz de respetar ese acuerdo de no protagonismo o de protagonismo distribuido en el grupo de activistas para que la naturaleza humana y nuestra tendencia a necesitar poner caras con las que asociar las acciones haga el resto y el capital simb\u00f3lico de todo un grupo trabajando en red sea utilizado no para el grupo, sino para intereses personales. Por eso, el mismo anonimato que funcion\u00f3 como ventaja estrat\u00e9gica en el lanzamiento de algunas acciones a la larga, a menudo, termina por convertirse en un problema. <\/p>\n<p><\/p>","protected":false},"excerpt":{"rendered":"<p>La acci\u00f3n pol\u00edtica an\u00f3nima y la tragedia de los comunes en red &#8211; Notas para un texto en creaci\u00f3n<\/p>\n","protected":false},"author":8,"featured_media":0,"comment_status":"closed","ping_status":"closed","sticky":false,"template":"","format":"standard","meta":{"footnotes":""},"categories":[52],"tags":[],"class_list":["post-7686","post","type-post","status-publish","format-standard","hentry","category-blog"],"yoast_head":"<!-- This site is optimized with the Yoast SEO plugin v26.7 - https:\/\/yoast.com\/wordpress\/plugins\/seo\/ -->\n<title>La acci\u00f3n pol\u00edtica an\u00f3nima y la tragedia de los comunes en red - Notas para un texto en creaci\u00f3n<\/title>\n<meta name=\"robots\" content=\"index, follow, max-snippet:-1, max-image-preview:large, max-video-preview:-1\" \/>\n<link rel=\"canonical\" href=\"https:\/\/dev.xnet-x.net\/es\/accion-politica-anonima\/\" \/>\n<meta name=\"twitter:label1\" content=\"Escrito por\" \/>\n\t<meta name=\"twitter:data1\" content=\"Xnet\" \/>\n\t<meta name=\"twitter:label2\" content=\"Tiempo de lectura\" \/>\n\t<meta name=\"twitter:data2\" content=\"1 minuto\" \/>\n<script type=\"application\/ld+json\" class=\"yoast-schema-graph\">{\"@context\":\"https:\/\/schema.org\",\"@graph\":[{\"@type\":\"Article\",\"@id\":\"https:\/\/dev.xnet-x.net\/es\/accion-politica-anonima\/#article\",\"isPartOf\":{\"@id\":\"https:\/\/dev.xnet-x.net\/es\/accion-politica-anonima\/\"},\"author\":{\"name\":\"Xnet\",\"@id\":\"https:\/\/dev.xnet-x.net\/es\/#\/schema\/person\/286e07d1c80ea3bcc60b6ef8b146e637\"},\"headline\":\"La acci\u00f3n pol\u00edtica an\u00f3nima y la tragedia de los comunes en red &#8211; Notas para un texto en creaci\u00f3n\",\"datePublished\":\"2015-04-10T10:34:22+00:00\",\"dateModified\":\"2015-04-14T17:57:00+00:00\",\"mainEntityOfPage\":{\"@id\":\"https:\/\/dev.xnet-x.net\/es\/accion-politica-anonima\/\"},\"wordCount\":301,\"publisher\":{\"@id\":\"https:\/\/dev.xnet-x.net\/es\/#organization\"},\"articleSection\":[\"Blog - Nuestras acciones\"],\"inLanguage\":\"es\"},{\"@type\":\"WebPage\",\"@id\":\"https:\/\/dev.xnet-x.net\/es\/accion-politica-anonima\/\",\"url\":\"https:\/\/dev.xnet-x.net\/es\/accion-politica-anonima\/\",\"name\":\"La acci\u00f3n pol\u00edtica an\u00f3nima y la tragedia de los comunes en red - Notas para un texto en creaci\u00f3n\",\"isPartOf\":{\"@id\":\"https:\/\/dev.xnet-x.net\/es\/#website\"},\"datePublished\":\"2015-04-10T10:34:22+00:00\",\"dateModified\":\"2015-04-14T17:57:00+00:00\",\"breadcrumb\":{\"@id\":\"https:\/\/dev.xnet-x.net\/es\/accion-politica-anonima\/#breadcrumb\"},\"inLanguage\":\"es\",\"potentialAction\":[{\"@type\":\"ReadAction\",\"target\":[[\"https:\/\/dev.xnet-x.net\/es\/accion-politica-anonima\/\"]]}]},{\"@type\":\"BreadcrumbList\",\"@id\":\"https:\/\/dev.xnet-x.net\/es\/accion-politica-anonima\/#breadcrumb\",\"itemListElement\":[{\"@type\":\"ListItem\",\"position\":1,\"name\":\"Portada\",\"item\":\"https:\/\/dev.xnet-x.net\/es\/\"},{\"@type\":\"ListItem\",\"position\":2,\"name\":\"La acci\u00f3n pol\u00edtica an\u00f3nima y la tragedia de los comunes en red &#8211; Notas para un texto en creaci\u00f3n\"}]},{\"@type\":\"WebSite\",\"@id\":\"https:\/\/dev.xnet-x.net\/es\/#website\",\"url\":\"https:\/\/dev.xnet-x.net\/es\/\",\"name\":\"[:es]Xnet - Internet, derechos y democracia en la era digital[:ca]Xnet - Internet, drets i democr\u00e0cia en l'era digital[:en]Xnet - Internet freedoms & digital rights[:]\",\"description\":\"Xnet: Internet, informaci\u00f3n y cultura libres. Tecnopol\u00edtica. Datos, algoritmos y derechos digitales. Libertad de expresi\u00f3n. Democracia y anticorrupci\u00f3n\",\"publisher\":{\"@id\":\"https:\/\/dev.xnet-x.net\/es\/#organization\"},\"potentialAction\":[{\"@type\":\"SearchAction\",\"target\":{\"@type\":\"EntryPoint\",\"urlTemplate\":\"https:\/\/dev.xnet-x.net\/es\/?s={search_term_string}\"},\"query-input\":{\"@type\":\"PropertyValueSpecification\",\"valueRequired\":true,\"valueName\":\"search_term_string\"}}],\"inLanguage\":\"es\"},{\"@type\":\"Organization\",\"@id\":\"https:\/\/dev.xnet-x.net\/es\/#organization\",\"name\":\"Xnet - Internet, derechos y democracia en la era digital\",\"url\":\"https:\/\/dev.xnet-x.net\/es\/\",\"logo\":{\"@type\":\"ImageObject\",\"inLanguage\":\"es\",\"@id\":\"https:\/\/dev.xnet-x.net\/es\/#\/schema\/logo\/image\/\",\"url\":\"https:\/\/xnet-x.net\/img\/xnet-logo.png\",\"contentUrl\":\"https:\/\/xnet-x.net\/img\/xnet-logo.png\",\"width\":512,\"height\":512,\"caption\":\"Xnet - Internet, derechos y democracia en la era digital\"},\"image\":{\"@id\":\"https:\/\/dev.xnet-x.net\/es\/#\/schema\/logo\/image\/\"},\"sameAs\":[\"http:\/\/facebook.com\/RedX.Net\/\",\"https:\/\/x.com\/x_net_\",\"https:\/\/es.wikipedia.org\/wiki\/Xnet\"]},{\"@type\":\"Person\",\"@id\":\"https:\/\/dev.xnet-x.net\/es\/#\/schema\/person\/286e07d1c80ea3bcc60b6ef8b146e637\",\"name\":\"Xnet\",\"image\":{\"@type\":\"ImageObject\",\"inLanguage\":\"es\",\"@id\":\"https:\/\/dev.xnet-x.net\/es\/#\/schema\/person\/image\/\",\"url\":\"https:\/\/secure.gravatar.com\/avatar\/76eee622ce1df16aa986c0f990545e62b4c87e399e6c2a5fcfe24a092d2ba829?s=96&d=mm&r=g\",\"contentUrl\":\"https:\/\/secure.gravatar.com\/avatar\/76eee622ce1df16aa986c0f990545e62b4c87e399e6c2a5fcfe24a092d2ba829?s=96&d=mm&r=g\",\"caption\":\"Xnet\"}}]}<\/script>\n<!-- \/ Yoast SEO plugin. -->","yoast_head_json":{"title":"La acci\u00f3n pol\u00edtica an\u00f3nima y la tragedia de los comunes en red - Notas para un texto en creaci\u00f3n","robots":{"index":"index","follow":"follow","max-snippet":"max-snippet:-1","max-image-preview":"max-image-preview:large","max-video-preview":"max-video-preview:-1"},"canonical":"https:\/\/dev.xnet-x.net\/es\/accion-politica-anonima\/","twitter_misc":{"Escrito por":"Xnet","Tiempo de lectura":"1 minuto"},"schema":{"@context":"https:\/\/schema.org","@graph":[{"@type":"Article","@id":"https:\/\/dev.xnet-x.net\/es\/accion-politica-anonima\/#article","isPartOf":{"@id":"https:\/\/dev.xnet-x.net\/es\/accion-politica-anonima\/"},"author":{"name":"Xnet","@id":"https:\/\/dev.xnet-x.net\/es\/#\/schema\/person\/286e07d1c80ea3bcc60b6ef8b146e637"},"headline":"La acci\u00f3n pol\u00edtica an\u00f3nima y la tragedia de los comunes en red &#8211; Notas para un texto en creaci\u00f3n","datePublished":"2015-04-10T10:34:22+00:00","dateModified":"2015-04-14T17:57:00+00:00","mainEntityOfPage":{"@id":"https:\/\/dev.xnet-x.net\/es\/accion-politica-anonima\/"},"wordCount":301,"publisher":{"@id":"https:\/\/dev.xnet-x.net\/es\/#organization"},"articleSection":["Blog - Nuestras acciones"],"inLanguage":"es"},{"@type":"WebPage","@id":"https:\/\/dev.xnet-x.net\/es\/accion-politica-anonima\/","url":"https:\/\/dev.xnet-x.net\/es\/accion-politica-anonima\/","name":"La acci\u00f3n pol\u00edtica an\u00f3nima y la tragedia de los comunes en red - Notas para un texto en creaci\u00f3n","isPartOf":{"@id":"https:\/\/dev.xnet-x.net\/es\/#website"},"datePublished":"2015-04-10T10:34:22+00:00","dateModified":"2015-04-14T17:57:00+00:00","breadcrumb":{"@id":"https:\/\/dev.xnet-x.net\/es\/accion-politica-anonima\/#breadcrumb"},"inLanguage":"es","potentialAction":[{"@type":"ReadAction","target":[["https:\/\/dev.xnet-x.net\/es\/accion-politica-anonima\/"]]}]},{"@type":"BreadcrumbList","@id":"https:\/\/dev.xnet-x.net\/es\/accion-politica-anonima\/#breadcrumb","itemListElement":[{"@type":"ListItem","position":1,"name":"Portada","item":"https:\/\/dev.xnet-x.net\/es\/"},{"@type":"ListItem","position":2,"name":"La acci\u00f3n pol\u00edtica an\u00f3nima y la tragedia de los comunes en red &#8211; Notas para un texto en creaci\u00f3n"}]},{"@type":"WebSite","@id":"https:\/\/dev.xnet-x.net\/es\/#website","url":"https:\/\/dev.xnet-x.net\/es\/","name":"[:es]Xnet - Internet, derechos y democracia en la era digital[:ca]Xnet - Internet, drets i democr\u00e0cia en l'era digital[:en]Xnet - Internet freedoms & digital rights[:]","description":"Xnet: Internet, informaci\u00f3n y cultura libres. Tecnopol\u00edtica. Datos, algoritmos y derechos digitales. Libertad de expresi\u00f3n. Democracia y anticorrupci\u00f3n","publisher":{"@id":"https:\/\/dev.xnet-x.net\/es\/#organization"},"potentialAction":[{"@type":"SearchAction","target":{"@type":"EntryPoint","urlTemplate":"https:\/\/dev.xnet-x.net\/es\/?s={search_term_string}"},"query-input":{"@type":"PropertyValueSpecification","valueRequired":true,"valueName":"search_term_string"}}],"inLanguage":"es"},{"@type":"Organization","@id":"https:\/\/dev.xnet-x.net\/es\/#organization","name":"Xnet - Internet, derechos y democracia en la era digital","url":"https:\/\/dev.xnet-x.net\/es\/","logo":{"@type":"ImageObject","inLanguage":"es","@id":"https:\/\/dev.xnet-x.net\/es\/#\/schema\/logo\/image\/","url":"https:\/\/xnet-x.net\/img\/xnet-logo.png","contentUrl":"https:\/\/xnet-x.net\/img\/xnet-logo.png","width":512,"height":512,"caption":"Xnet - Internet, derechos y democracia en la era digital"},"image":{"@id":"https:\/\/dev.xnet-x.net\/es\/#\/schema\/logo\/image\/"},"sameAs":["http:\/\/facebook.com\/RedX.Net\/","https:\/\/x.com\/x_net_","https:\/\/es.wikipedia.org\/wiki\/Xnet"]},{"@type":"Person","@id":"https:\/\/dev.xnet-x.net\/es\/#\/schema\/person\/286e07d1c80ea3bcc60b6ef8b146e637","name":"Xnet","image":{"@type":"ImageObject","inLanguage":"es","@id":"https:\/\/dev.xnet-x.net\/es\/#\/schema\/person\/image\/","url":"https:\/\/secure.gravatar.com\/avatar\/76eee622ce1df16aa986c0f990545e62b4c87e399e6c2a5fcfe24a092d2ba829?s=96&d=mm&r=g","contentUrl":"https:\/\/secure.gravatar.com\/avatar\/76eee622ce1df16aa986c0f990545e62b4c87e399e6c2a5fcfe24a092d2ba829?s=96&d=mm&r=g","caption":"Xnet"}}]}},"_links":{"self":[{"href":"https:\/\/dev.xnet-x.net\/es\/wp-json\/wp\/v2\/posts\/7686","targetHints":{"allow":["GET"]}}],"collection":[{"href":"https:\/\/dev.xnet-x.net\/es\/wp-json\/wp\/v2\/posts"}],"about":[{"href":"https:\/\/dev.xnet-x.net\/es\/wp-json\/wp\/v2\/types\/post"}],"author":[{"embeddable":true,"href":"https:\/\/dev.xnet-x.net\/es\/wp-json\/wp\/v2\/users\/8"}],"replies":[{"embeddable":true,"href":"https:\/\/dev.xnet-x.net\/es\/wp-json\/wp\/v2\/comments?post=7686"}],"version-history":[{"count":3,"href":"https:\/\/dev.xnet-x.net\/es\/wp-json\/wp\/v2\/posts\/7686\/revisions"}],"predecessor-version":[{"id":7689,"href":"https:\/\/dev.xnet-x.net\/es\/wp-json\/wp\/v2\/posts\/7686\/revisions\/7689"}],"wp:attachment":[{"href":"https:\/\/dev.xnet-x.net\/es\/wp-json\/wp\/v2\/media?parent=7686"}],"wp:term":[{"taxonomy":"category","embeddable":true,"href":"https:\/\/dev.xnet-x.net\/es\/wp-json\/wp\/v2\/categories?post=7686"},{"taxonomy":"post_tag","embeddable":true,"href":"https:\/\/dev.xnet-x.net\/es\/wp-json\/wp\/v2\/tags?post=7686"}],"curies":[{"name":"wp","href":"https:\/\/api.w.org\/{rel}","templated":true}]}}