{"id":7643,"date":"2015-03-27T19:20:30","date_gmt":"2015-03-27T18:20:30","guid":{"rendered":"http:\/\/xnet-x.net\/?p=7643"},"modified":"2016-08-24T15:58:27","modified_gmt":"2016-08-24T14:58:27","slug":"cierre-pirate-bay","status":"publish","type":"post","link":"https:\/\/dev.xnet-x.net\/es\/cierre-pirate-bay\/","title":{"rendered":"Llamamiento a la acci\u00f3n ante el cierre de The Pirate Bay \u00bfqui\u00e9nes son los verdaderos piratas?"},"content":{"rendered":"<p>Buenos d\u00edas:<\/p>\n<p><strong>Hoy un juez ha ordenado el cierre en Espa\u00f1a de The Pirate Bay<\/strong>. Los matones del copyright lo celebran sin haberse enterado que hasta los propios fundadores de Pirate Bay ya han dicho que est\u00e1 pasado de moda. Declaraci\u00f3n de uno de los fundadores: https:\/\/www.fayerwayer.com\/2014\/12\/co-fundador-de-the-pirate-bay-prefiere-que-el-sitio-permanezca-muerto\/<\/p>\n<p>Sabemos que la gente que quiere poner puertas al campo no est\u00e1 actualizada ni ama la innovaci\u00f3n.<\/p>\n<p>A\u00fan as\u00ed, es muy grave y debemos reaccionar. Tras la nueva Ley de Propiedad Intelectual y el tr\u00edo Mordaza, sigue una carrera hacia atr\u00e1s hasta el medioevo m\u00e1s oscuro.<\/p>\n<p>En el Buz\u00f3n de Xnet tenemos ya material interesante sobre los empresarios del copyright que tanto se rasgan las vestiduras con las p\u00e1ginas de intercambio, los lobbistas que fuerzan leyes de censura para poder enriquecerse con ello.<\/p>\n<p><strong>La ciudadan\u00eda va a demostrar qui\u00e9nes son los verdaderos piratas<\/strong>, tal y como lo hicimos en 2011, haciendo caer la c\u00fapula de la SGAE por corrupta.<\/p>\n<p><strong>Pedimos que todas las personas que tengan m\u00e1s informaci\u00f3n sobre este tema en concreto, la env\u00eden al Buz\u00f3n de Xnet de filtraciones ciudadanas. Por otra parte, invitamos a todos los periodistas que quieran tratar el tema a contactarnos por la misma v\u00eda.<\/strong><\/p>\n<p><strong>Buz\u00f3n de Xnet: http:\/\/xnet-x.net\/buzon-filtrar-casos-de-corrupcion\/<\/strong><\/p>","protected":false},"excerpt":{"rendered":"<p>Llamamiento a la acci\u00f3n ante el cierre de The Pirate Bay \u00bfqui\u00e9nes son los verdaderos piratas?<\/p>\n","protected":false},"author":8,"featured_media":7644,"comment_status":"closed","ping_status":"closed","sticky":false,"template":"","format":"standard","meta":{"footnotes":""},"categories":[52],"tags":[],"class_list":["post-7643","post","type-post","status-publish","format-standard","has-post-thumbnail","hentry","category-blog","ejes-cultura-libre"],"yoast_head":"<!-- This site is optimized with the Yoast SEO plugin v26.7 - https:\/\/yoast.com\/wordpress\/plugins\/seo\/ -->\n<title>Llamamiento a la acci\u00f3n ante el cierre de The Pirate Bay \u00bfqui\u00e9nes son los verdaderos piratas?<\/title>\n<meta name=\"robots\" content=\"index, follow, max-snippet:-1, max-image-preview:large, max-video-preview:-1\" \/>\n<link rel=\"canonical\" href=\"https:\/\/dev.xnet-x.net\/es\/cierre-pirate-bay\/\" \/>\n<meta name=\"twitter:label1\" content=\"Escrito por\" \/>\n\t<meta name=\"twitter:data1\" content=\"Xnet\" \/>\n\t<meta name=\"twitter:label2\" content=\"Tiempo de lectura\" \/>\n\t<meta name=\"twitter:data2\" content=\"1 minuto\" \/>\n<script type=\"application\/ld+json\" class=\"yoast-schema-graph\">{\"@context\":\"https:\/\/schema.org\",\"@graph\":[{\"@type\":\"Article\",\"@id\":\"https:\/\/dev.xnet-x.net\/es\/cierre-pirate-bay\/#article\",\"isPartOf\":{\"@id\":\"https:\/\/dev.xnet-x.net\/es\/cierre-pirate-bay\/\"},\"author\":{\"name\":\"Xnet\",\"@id\":\"https:\/\/dev.xnet-x.net\/es\/#\/schema\/person\/286e07d1c80ea3bcc60b6ef8b146e637\"},\"headline\":\"Llamamiento a la acci\u00f3n ante el cierre de The Pirate Bay \u00bfqui\u00e9nes son los verdaderos piratas?\",\"datePublished\":\"2015-03-27T18:20:30+00:00\",\"dateModified\":\"2016-08-24T14:58:27+00:00\",\"mainEntityOfPage\":{\"@id\":\"https:\/\/dev.xnet-x.net\/es\/cierre-pirate-bay\/\"},\"wordCount\":247,\"publisher\":{\"@id\":\"https:\/\/dev.xnet-x.net\/es\/#organization\"},\"image\":{\"@id\":\"https:\/\/dev.xnet-x.net\/es\/cierre-pirate-bay\/#primaryimage\"},\"thumbnailUrl\":\"https:\/\/dev.xnet-x.net\/img\/cierre-pirate-bay-imagen.jpg\",\"articleSection\":[\"Blog - Nuestras acciones\"],\"inLanguage\":\"es\"},{\"@type\":\"WebPage\",\"@id\":\"https:\/\/dev.xnet-x.net\/es\/cierre-pirate-bay\/\",\"url\":\"https:\/\/dev.xnet-x.net\/es\/cierre-pirate-bay\/\",\"name\":\"Llamamiento a la acci\u00f3n ante el cierre de The Pirate Bay \u00bfqui\u00e9nes son los verdaderos piratas?\",\"isPartOf\":{\"@id\":\"https:\/\/dev.xnet-x.net\/es\/#website\"},\"primaryImageOfPage\":{\"@id\":\"https:\/\/dev.xnet-x.net\/es\/cierre-pirate-bay\/#primaryimage\"},\"image\":{\"@id\":\"https:\/\/dev.xnet-x.net\/es\/cierre-pirate-bay\/#primaryimage\"},\"thumbnailUrl\":\"https:\/\/dev.xnet-x.net\/img\/cierre-pirate-bay-imagen.jpg\",\"datePublished\":\"2015-03-27T18:20:30+00:00\",\"dateModified\":\"2016-08-24T14:58:27+00:00\",\"breadcrumb\":{\"@id\":\"https:\/\/dev.xnet-x.net\/es\/cierre-pirate-bay\/#breadcrumb\"},\"inLanguage\":\"es\",\"potentialAction\":[{\"@type\":\"ReadAction\",\"target\":[[\"https:\/\/dev.xnet-x.net\/es\/cierre-pirate-bay\/\"]]}]},{\"@type\":\"ImageObject\",\"inLanguage\":\"es\",\"@id\":\"https:\/\/dev.xnet-x.net\/es\/cierre-pirate-bay\/#primaryimage\",\"url\":\"https:\/\/dev.xnet-x.net\/img\/cierre-pirate-bay-imagen.jpg\",\"contentUrl\":\"https:\/\/dev.xnet-x.net\/img\/cierre-pirate-bay-imagen.jpg\",\"width\":646,\"height\":363,\"caption\":\"Cierran de Pirate Bay en Espa\u00f1a\"},{\"@type\":\"BreadcrumbList\",\"@id\":\"https:\/\/dev.xnet-x.net\/es\/cierre-pirate-bay\/#breadcrumb\",\"itemListElement\":[{\"@type\":\"ListItem\",\"position\":1,\"name\":\"Portada\",\"item\":\"https:\/\/dev.xnet-x.net\/es\/\"},{\"@type\":\"ListItem\",\"position\":2,\"name\":\"Llamamiento a la acci\u00f3n ante el cierre de The Pirate Bay \u00bfqui\u00e9nes son los verdaderos piratas?\"}]},{\"@type\":\"WebSite\",\"@id\":\"https:\/\/dev.xnet-x.net\/es\/#website\",\"url\":\"https:\/\/dev.xnet-x.net\/es\/\",\"name\":\"[:es]Xnet - Internet, derechos y democracia en la era digital[:ca]Xnet - Internet, drets i democr\u00e0cia en l'era digital[:en]Xnet - Internet freedoms & digital rights[:]\",\"description\":\"Xnet: Internet, informaci\u00f3n y cultura libres. Tecnopol\u00edtica. Datos, algoritmos y derechos digitales. Libertad de expresi\u00f3n. Democracia y anticorrupci\u00f3n\",\"publisher\":{\"@id\":\"https:\/\/dev.xnet-x.net\/es\/#organization\"},\"potentialAction\":[{\"@type\":\"SearchAction\",\"target\":{\"@type\":\"EntryPoint\",\"urlTemplate\":\"https:\/\/dev.xnet-x.net\/es\/?s={search_term_string}\"},\"query-input\":{\"@type\":\"PropertyValueSpecification\",\"valueRequired\":true,\"valueName\":\"search_term_string\"}}],\"inLanguage\":\"es\"},{\"@type\":\"Organization\",\"@id\":\"https:\/\/dev.xnet-x.net\/es\/#organization\",\"name\":\"Xnet - Internet, derechos y democracia en la era digital\",\"url\":\"https:\/\/dev.xnet-x.net\/es\/\",\"logo\":{\"@type\":\"ImageObject\",\"inLanguage\":\"es\",\"@id\":\"https:\/\/dev.xnet-x.net\/es\/#\/schema\/logo\/image\/\",\"url\":\"https:\/\/xnet-x.net\/img\/xnet-logo.png\",\"contentUrl\":\"https:\/\/xnet-x.net\/img\/xnet-logo.png\",\"width\":512,\"height\":512,\"caption\":\"Xnet - Internet, derechos y democracia en la era digital\"},\"image\":{\"@id\":\"https:\/\/dev.xnet-x.net\/es\/#\/schema\/logo\/image\/\"},\"sameAs\":[\"http:\/\/facebook.com\/RedX.Net\/\",\"https:\/\/x.com\/x_net_\",\"https:\/\/es.wikipedia.org\/wiki\/Xnet\"]},{\"@type\":\"Person\",\"@id\":\"https:\/\/dev.xnet-x.net\/es\/#\/schema\/person\/286e07d1c80ea3bcc60b6ef8b146e637\",\"name\":\"Xnet\",\"image\":{\"@type\":\"ImageObject\",\"inLanguage\":\"es\",\"@id\":\"https:\/\/dev.xnet-x.net\/es\/#\/schema\/person\/image\/\",\"url\":\"https:\/\/secure.gravatar.com\/avatar\/76eee622ce1df16aa986c0f990545e62b4c87e399e6c2a5fcfe24a092d2ba829?s=96&d=mm&r=g\",\"contentUrl\":\"https:\/\/secure.gravatar.com\/avatar\/76eee622ce1df16aa986c0f990545e62b4c87e399e6c2a5fcfe24a092d2ba829?s=96&d=mm&r=g\",\"caption\":\"Xnet\"}}]}<\/script>\n<!-- \/ Yoast SEO plugin. -->","yoast_head_json":{"title":"Llamamiento a la acci\u00f3n ante el cierre de The Pirate Bay \u00bfqui\u00e9nes son los verdaderos piratas?","robots":{"index":"index","follow":"follow","max-snippet":"max-snippet:-1","max-image-preview":"max-image-preview:large","max-video-preview":"max-video-preview:-1"},"canonical":"https:\/\/dev.xnet-x.net\/es\/cierre-pirate-bay\/","twitter_misc":{"Escrito por":"Xnet","Tiempo de lectura":"1 minuto"},"schema":{"@context":"https:\/\/schema.org","@graph":[{"@type":"Article","@id":"https:\/\/dev.xnet-x.net\/es\/cierre-pirate-bay\/#article","isPartOf":{"@id":"https:\/\/dev.xnet-x.net\/es\/cierre-pirate-bay\/"},"author":{"name":"Xnet","@id":"https:\/\/dev.xnet-x.net\/es\/#\/schema\/person\/286e07d1c80ea3bcc60b6ef8b146e637"},"headline":"Llamamiento a la acci\u00f3n ante el cierre de The Pirate Bay \u00bfqui\u00e9nes son los verdaderos piratas?","datePublished":"2015-03-27T18:20:30+00:00","dateModified":"2016-08-24T14:58:27+00:00","mainEntityOfPage":{"@id":"https:\/\/dev.xnet-x.net\/es\/cierre-pirate-bay\/"},"wordCount":247,"publisher":{"@id":"https:\/\/dev.xnet-x.net\/es\/#organization"},"image":{"@id":"https:\/\/dev.xnet-x.net\/es\/cierre-pirate-bay\/#primaryimage"},"thumbnailUrl":"https:\/\/dev.xnet-x.net\/img\/cierre-pirate-bay-imagen.jpg","articleSection":["Blog - Nuestras acciones"],"inLanguage":"es"},{"@type":"WebPage","@id":"https:\/\/dev.xnet-x.net\/es\/cierre-pirate-bay\/","url":"https:\/\/dev.xnet-x.net\/es\/cierre-pirate-bay\/","name":"Llamamiento a la acci\u00f3n ante el cierre de The Pirate Bay \u00bfqui\u00e9nes son los verdaderos piratas?","isPartOf":{"@id":"https:\/\/dev.xnet-x.net\/es\/#website"},"primaryImageOfPage":{"@id":"https:\/\/dev.xnet-x.net\/es\/cierre-pirate-bay\/#primaryimage"},"image":{"@id":"https:\/\/dev.xnet-x.net\/es\/cierre-pirate-bay\/#primaryimage"},"thumbnailUrl":"https:\/\/dev.xnet-x.net\/img\/cierre-pirate-bay-imagen.jpg","datePublished":"2015-03-27T18:20:30+00:00","dateModified":"2016-08-24T14:58:27+00:00","breadcrumb":{"@id":"https:\/\/dev.xnet-x.net\/es\/cierre-pirate-bay\/#breadcrumb"},"inLanguage":"es","potentialAction":[{"@type":"ReadAction","target":[["https:\/\/dev.xnet-x.net\/es\/cierre-pirate-bay\/"]]}]},{"@type":"ImageObject","inLanguage":"es","@id":"https:\/\/dev.xnet-x.net\/es\/cierre-pirate-bay\/#primaryimage","url":"https:\/\/dev.xnet-x.net\/img\/cierre-pirate-bay-imagen.jpg","contentUrl":"https:\/\/dev.xnet-x.net\/img\/cierre-pirate-bay-imagen.jpg","width":646,"height":363,"caption":"Cierran de Pirate Bay en Espa\u00f1a"},{"@type":"BreadcrumbList","@id":"https:\/\/dev.xnet-x.net\/es\/cierre-pirate-bay\/#breadcrumb","itemListElement":[{"@type":"ListItem","position":1,"name":"Portada","item":"https:\/\/dev.xnet-x.net\/es\/"},{"@type":"ListItem","position":2,"name":"Llamamiento a la acci\u00f3n ante el cierre de The Pirate Bay \u00bfqui\u00e9nes son los verdaderos piratas?"}]},{"@type":"WebSite","@id":"https:\/\/dev.xnet-x.net\/es\/#website","url":"https:\/\/dev.xnet-x.net\/es\/","name":"[:es]Xnet - Internet, derechos y democracia en la era digital[:ca]Xnet - Internet, drets i democr\u00e0cia en l'era digital[:en]Xnet - Internet freedoms & digital rights[:]","description":"Xnet: Internet, informaci\u00f3n y cultura libres. Tecnopol\u00edtica. Datos, algoritmos y derechos digitales. Libertad de expresi\u00f3n. Democracia y anticorrupci\u00f3n","publisher":{"@id":"https:\/\/dev.xnet-x.net\/es\/#organization"},"potentialAction":[{"@type":"SearchAction","target":{"@type":"EntryPoint","urlTemplate":"https:\/\/dev.xnet-x.net\/es\/?s={search_term_string}"},"query-input":{"@type":"PropertyValueSpecification","valueRequired":true,"valueName":"search_term_string"}}],"inLanguage":"es"},{"@type":"Organization","@id":"https:\/\/dev.xnet-x.net\/es\/#organization","name":"Xnet - Internet, derechos y democracia en la era digital","url":"https:\/\/dev.xnet-x.net\/es\/","logo":{"@type":"ImageObject","inLanguage":"es","@id":"https:\/\/dev.xnet-x.net\/es\/#\/schema\/logo\/image\/","url":"https:\/\/xnet-x.net\/img\/xnet-logo.png","contentUrl":"https:\/\/xnet-x.net\/img\/xnet-logo.png","width":512,"height":512,"caption":"Xnet - Internet, derechos y democracia en la era digital"},"image":{"@id":"https:\/\/dev.xnet-x.net\/es\/#\/schema\/logo\/image\/"},"sameAs":["http:\/\/facebook.com\/RedX.Net\/","https:\/\/x.com\/x_net_","https:\/\/es.wikipedia.org\/wiki\/Xnet"]},{"@type":"Person","@id":"https:\/\/dev.xnet-x.net\/es\/#\/schema\/person\/286e07d1c80ea3bcc60b6ef8b146e637","name":"Xnet","image":{"@type":"ImageObject","inLanguage":"es","@id":"https:\/\/dev.xnet-x.net\/es\/#\/schema\/person\/image\/","url":"https:\/\/secure.gravatar.com\/avatar\/76eee622ce1df16aa986c0f990545e62b4c87e399e6c2a5fcfe24a092d2ba829?s=96&d=mm&r=g","contentUrl":"https:\/\/secure.gravatar.com\/avatar\/76eee622ce1df16aa986c0f990545e62b4c87e399e6c2a5fcfe24a092d2ba829?s=96&d=mm&r=g","caption":"Xnet"}}]}},"_links":{"self":[{"href":"https:\/\/dev.xnet-x.net\/es\/wp-json\/wp\/v2\/posts\/7643","targetHints":{"allow":["GET"]}}],"collection":[{"href":"https:\/\/dev.xnet-x.net\/es\/wp-json\/wp\/v2\/posts"}],"about":[{"href":"https:\/\/dev.xnet-x.net\/es\/wp-json\/wp\/v2\/types\/post"}],"author":[{"embeddable":true,"href":"https:\/\/dev.xnet-x.net\/es\/wp-json\/wp\/v2\/users\/8"}],"replies":[{"embeddable":true,"href":"https:\/\/dev.xnet-x.net\/es\/wp-json\/wp\/v2\/comments?post=7643"}],"version-history":[{"count":5,"href":"https:\/\/dev.xnet-x.net\/es\/wp-json\/wp\/v2\/posts\/7643\/revisions"}],"predecessor-version":[{"id":8218,"href":"https:\/\/dev.xnet-x.net\/es\/wp-json\/wp\/v2\/posts\/7643\/revisions\/8218"}],"wp:featuredmedia":[{"embeddable":true,"href":"https:\/\/dev.xnet-x.net\/es\/wp-json\/wp\/v2\/media\/7644"}],"wp:attachment":[{"href":"https:\/\/dev.xnet-x.net\/es\/wp-json\/wp\/v2\/media?parent=7643"}],"wp:term":[{"taxonomy":"category","embeddable":true,"href":"https:\/\/dev.xnet-x.net\/es\/wp-json\/wp\/v2\/categories?post=7643"},{"taxonomy":"post_tag","embeddable":true,"href":"https:\/\/dev.xnet-x.net\/es\/wp-json\/wp\/v2\/tags?post=7643"}],"curies":[{"name":"wp","href":"https:\/\/api.w.org\/{rel}","templated":true}]}}