{"id":7536,"date":"2015-03-06T12:15:20","date_gmt":"2015-03-06T11:15:20","guid":{"rendered":"http:\/\/xnet-x.net\/?p=7536"},"modified":"2016-08-24T17:30:15","modified_gmt":"2016-08-24T16:30:15","slug":"organizaciones-civiles-denuncian-los-abusos-de-la-nueva-ley-de-patentes","status":"publish","type":"post","link":"https:\/\/dev.xnet-x.net\/es\/ley-patentes-como-tal\/","title":{"rendered":"Organizaciones Civiles Denuncian los Abusos de la Nueva Ley de Patentes"},"content":{"rendered":"<p>#NoPatentesALaVida<br \/>\n#NoSoftwarePatent<\/p>\n<p>Se pretende sacar adelante la Ley de Patentes antes de fin de legislatura: <a href=\"https:\/\/intranet.congreso.es\/portal\/page\/portal\/Congreso\/PopUpCGI?CMD=VERLST&#038;BASE=pu10&#038;DOCS=1-1&#038;DOCORDER=LIFO&#038;QUERY=%28BOCG-10-A-122-1.CODI.%29#(P\u00e1gina1)\" target=\"_blank\">Proyecto de Ley de Patentes<\/a>.<\/p>\n<p>Esta ley puede acabar haciendo un da\u00f1o irreparable por sus efectos colaterales.<\/p>\n<p>Antes de esta propuesta la ley de patentes espa\u00f1ola estaba acorde a la decisi\u00f3n de la Uni\u00f3n Europea de no permitir las patentes de software o de vida, sin embargo esta nueva redacci\u00f3n se aproxima a las directrices de la Oficina Europea de Patentes (EPO), una organizaci\u00f3n extracomunitaria que trata de extender la patentabilidad a todos los campos.<\/p>\n<p>La f\u00f3rmula usada es conocida desde hace m\u00e1s de 10 a\u00f1os cuando la EPO intent\u00f3 introducir una directiva de la interpretacion de la patentabilidad de la Uni\u00f3n Europea de la cla\u00fasula \u201c<a href=\"#1\">como tal<\/a>\u201d (as such) que pretend\u00eda que los \u201cinventos implementados en ordenador\u201d se tratasen como un todo y el privilegio de explotaci\u00f3n exclusiva se aplica sobre cada una de las partes.<\/p>\n<p>Afortunadamente la Uni\u00f3n Europea desestim\u00f3 esta pretensi\u00f3n gracias a una intensa presi\u00f3n ciudadana el 2005. Sin embargo la EPO, lejos de cesar en su empe\u00f1o, ha seguido admitiendo este tipo de patentes (se estima que han aceptado m\u00e1s de cien mil patentes de software). Ahora trabaja convenciendo a las oficinas de patentes nacionales que aboguen por la extensi\u00f3n de la patentabilidad de su negociado. Naturalmente el gobierno espa\u00f1ol quiere picar para beneficiar a sus amigos.<br \/>\n&nbsp;<\/p>\n<p><a id=\"#1\"><\/a><br \/>\nEsta propuesta de ley es el resultado de ese esfuerzo e impacta sobre materias tan sensibles como:<br \/>\na) Los descubrimientos, las teor\u00edas cient\u00edficas y los m\u00e9todos matem\u00e1ticos.<br \/>\nb) Las obras literarias, art\u00edsticas o cualquier otra creaci\u00f3n est\u00e9tica, as\u00ed como las obras cient\u00edficas.<br \/>\nc) Los planes, reglas y m\u00e9todos para el ejercicio de actividades intelectuales, para juegos o para actividades econ\u00f3mico-comerciales, as\u00ed como los programas de ordenadores.<br \/>\nd) Las formas de presentar informaciones.<\/p>\n<p><em>LEY DE 1986 VIGENTE ACTUALMENTE:<\/em><br \/>\n===<br \/>\n<strong>5.<\/strong> Lo dispuesto en el apartado anterior excluye la patentabilidad de las materias o<br \/>\nactividades mencionadas en el mismo solamente en la medida en que la solicitud de patente<br \/>\no la patente se refiera exclusivamente a una de ellas.<\/p>\n<p><em>PROYECTO DE LEY DE 2014\/2015:<\/em><br \/>\n===<br \/>\n<strong>5.<\/strong> Lo dispuesto en el apartado anterior excluye la patentabilidad de las materias o<br \/>\nactividades mencionadas en el mismo solamente en la medida en que la solicitud de patente<br \/>\no la patente se refiera exclusivamente a una de ellas considerada <strong>como tal<\/strong>.<br \/>\n=== <\/p>\n<p>Consulta el comparador de Ley de Patentes: http:\/\/fontanon.github.io\/leypatentes-diff\/ por OpenKratio<\/p>\n<p>Lee tambi\u00e9n:<br \/>\n    http:\/\/es.wikipedia.org\/wiki\/Patente_de_software<br \/>https:\/\/fernando-acero.livejournal.com\/98919.html<\/p>\n<p>    Esto son los ponentes. Tiene que llegarles la informaci\u00f3n por mail , tw etc:<br \/>\n    @teogarciaegea <https:\/\/twitter.com\/teogarciaegea> que es quien tiene la mayor\u00eda<br \/>\n    @Patri_Blanquet <https:\/\/twitter.com\/Patri_Blanquer><br \/>\n    @cmgorriaran <https:\/\/twitter.com\/cmgorriaran><\/p>\n<p>GPP: Teodoro Garc\u00eda Egea<br \/>\nteodoro.garcia@congreso.es<br \/>http:\/\/www.teodorogarciaegea.com\/<br \/>https:\/\/twitter.com\/teogarciaegea<br \/>https:\/\/www.facebook.com\/teodoro.garciaegea<\/p>\n<p>GPS:  Helena Castellano<br \/>\nhelena.castellano@congreso.es<br \/>helenacastellanoramon@gmail.com<br \/>https:\/\/twitter.com\/helenabierzo<\/p>\n<p>GPS:  Patricia Blanquer (y Helena Castellano)<br \/>\npatricia.blanquer@congreso.es<br \/>correu@patriciablanquer.es<br \/>https:\/\/twitter.com\/Patri_Blanquer<br \/>http:\/\/www.patriciablanquer.es\/                <\/p>\n<p>GC-CIU: Inma Riera<br \/>\nimma.riera@congreso.es<br \/>https:\/\/twitter.com\/i_rierare<\/p>\n<p>GUPyD: Carlos Mart\u00ednez Gorriaran<br \/>\nsecretaria.upyd@congreso.es<br \/>http:\/\/carlosmartinezgorriaran.net\/<br \/>https:\/\/twitter.com\/cmgorriaran<\/p>\n<p>GV EAJ-PNV: Pedro Azpiazu<br \/>\npedro.azpiazu@congreso.es<br \/>https:\/\/twitter.com\/PedroAzpiazu<\/p>\n<p>GIP: Jos\u00e9 Luis Centella<br \/>\njlcg2@hotmail.com<br \/>https:\/\/twitter.com\/1centella<br \/>https:\/\/www.facebook.com\/joseluis.centella<\/p>\n<p>    Fdo:<br \/>\n    Xnet<br \/>\n    OKNF Spain<br \/>\n    OpenKratio<\/p>","protected":false},"excerpt":{"rendered":"<p>El PP pretende sacar adelante Ley de Patentes antes de fin de legislatura #NoPatentesALaVida<\/p>\n","protected":false},"author":8,"featured_media":7554,"comment_status":"closed","ping_status":"closed","sticky":false,"template":"","format":"standard","meta":{"footnotes":""},"categories":[52],"tags":[],"class_list":["post-7536","post","type-post","status-publish","format-standard","has-post-thumbnail","hentry","category-blog","ejes-cultura-libre"],"yoast_head":"<!-- This site is optimized with the Yoast SEO plugin v26.7 - https:\/\/yoast.com\/wordpress\/plugins\/seo\/ -->\n<title>Organizaciones Civiles Denuncian los Abusos de la Nueva Ley de Patentes<\/title>\n<meta name=\"robots\" content=\"index, follow, max-snippet:-1, max-image-preview:large, max-video-preview:-1\" \/>\n<link rel=\"canonical\" href=\"https:\/\/dev.xnet-x.net\/es\/ley-patentes-como-tal\/\" \/>\n<meta name=\"twitter:label1\" content=\"Escrito por\" \/>\n\t<meta name=\"twitter:data1\" content=\"Xnet\" \/>\n\t<meta name=\"twitter:label2\" content=\"Tiempo de lectura\" \/>\n\t<meta name=\"twitter:data2\" content=\"3 minutos\" \/>\n<script type=\"application\/ld+json\" class=\"yoast-schema-graph\">{\"@context\":\"https:\/\/schema.org\",\"@graph\":[{\"@type\":\"Article\",\"@id\":\"https:\/\/dev.xnet-x.net\/es\/ley-patentes-como-tal\/#article\",\"isPartOf\":{\"@id\":\"https:\/\/dev.xnet-x.net\/es\/ley-patentes-como-tal\/\"},\"author\":{\"name\":\"Xnet\",\"@id\":\"https:\/\/dev.xnet-x.net\/es\/#\/schema\/person\/286e07d1c80ea3bcc60b6ef8b146e637\"},\"headline\":\"Organizaciones Civiles Denuncian los Abusos de la Nueva Ley de Patentes\",\"datePublished\":\"2015-03-06T11:15:20+00:00\",\"dateModified\":\"2016-08-24T16:30:15+00:00\",\"mainEntityOfPage\":{\"@id\":\"https:\/\/dev.xnet-x.net\/es\/ley-patentes-como-tal\/\"},\"wordCount\":591,\"publisher\":{\"@id\":\"https:\/\/dev.xnet-x.net\/es\/#organization\"},\"image\":{\"@id\":\"https:\/\/dev.xnet-x.net\/es\/ley-patentes-como-tal\/#primaryimage\"},\"thumbnailUrl\":\"https:\/\/dev.xnet-x.net\/img\/la-paja-como-tal.jpg\",\"articleSection\":[\"Blog - Nuestras acciones\"],\"inLanguage\":\"es\"},{\"@type\":\"WebPage\",\"@id\":\"https:\/\/dev.xnet-x.net\/es\/ley-patentes-como-tal\/\",\"url\":\"https:\/\/dev.xnet-x.net\/es\/ley-patentes-como-tal\/\",\"name\":\"Organizaciones Civiles Denuncian los Abusos de la Nueva Ley de Patentes\",\"isPartOf\":{\"@id\":\"https:\/\/dev.xnet-x.net\/es\/#website\"},\"primaryImageOfPage\":{\"@id\":\"https:\/\/dev.xnet-x.net\/es\/ley-patentes-como-tal\/#primaryimage\"},\"image\":{\"@id\":\"https:\/\/dev.xnet-x.net\/es\/ley-patentes-como-tal\/#primaryimage\"},\"thumbnailUrl\":\"https:\/\/dev.xnet-x.net\/img\/la-paja-como-tal.jpg\",\"datePublished\":\"2015-03-06T11:15:20+00:00\",\"dateModified\":\"2016-08-24T16:30:15+00:00\",\"breadcrumb\":{\"@id\":\"https:\/\/dev.xnet-x.net\/es\/ley-patentes-como-tal\/#breadcrumb\"},\"inLanguage\":\"es\",\"potentialAction\":[{\"@type\":\"ReadAction\",\"target\":[[\"https:\/\/dev.xnet-x.net\/es\/ley-patentes-como-tal\/\"]]}]},{\"@type\":\"ImageObject\",\"inLanguage\":\"es\",\"@id\":\"https:\/\/dev.xnet-x.net\/es\/ley-patentes-como-tal\/#primaryimage\",\"url\":\"https:\/\/dev.xnet-x.net\/img\/la-paja-como-tal.jpg\",\"contentUrl\":\"https:\/\/dev.xnet-x.net\/img\/la-paja-como-tal.jpg\",\"width\":868,\"height\":456,\"caption\":\"La Paja como tal\"},{\"@type\":\"BreadcrumbList\",\"@id\":\"https:\/\/dev.xnet-x.net\/es\/ley-patentes-como-tal\/#breadcrumb\",\"itemListElement\":[{\"@type\":\"ListItem\",\"position\":1,\"name\":\"Portada\",\"item\":\"https:\/\/dev.xnet-x.net\/es\/\"},{\"@type\":\"ListItem\",\"position\":2,\"name\":\"Organizaciones Civiles Denuncian los Abusos de la Nueva Ley de Patentes\"}]},{\"@type\":\"WebSite\",\"@id\":\"https:\/\/dev.xnet-x.net\/es\/#website\",\"url\":\"https:\/\/dev.xnet-x.net\/es\/\",\"name\":\"[:es]Xnet - Internet, derechos y democracia en la era digital[:ca]Xnet - Internet, drets i democr\u00e0cia en l'era digital[:en]Xnet - Internet freedoms & digital rights[:]\",\"description\":\"Xnet: Internet, informaci\u00f3n y cultura libres. Tecnopol\u00edtica. Datos, algoritmos y derechos digitales. Libertad de expresi\u00f3n. Democracia y anticorrupci\u00f3n\",\"publisher\":{\"@id\":\"https:\/\/dev.xnet-x.net\/es\/#organization\"},\"potentialAction\":[{\"@type\":\"SearchAction\",\"target\":{\"@type\":\"EntryPoint\",\"urlTemplate\":\"https:\/\/dev.xnet-x.net\/es\/?s={search_term_string}\"},\"query-input\":{\"@type\":\"PropertyValueSpecification\",\"valueRequired\":true,\"valueName\":\"search_term_string\"}}],\"inLanguage\":\"es\"},{\"@type\":\"Organization\",\"@id\":\"https:\/\/dev.xnet-x.net\/es\/#organization\",\"name\":\"Xnet - Internet, derechos y democracia en la era digital\",\"url\":\"https:\/\/dev.xnet-x.net\/es\/\",\"logo\":{\"@type\":\"ImageObject\",\"inLanguage\":\"es\",\"@id\":\"https:\/\/dev.xnet-x.net\/es\/#\/schema\/logo\/image\/\",\"url\":\"https:\/\/xnet-x.net\/img\/xnet-logo.png\",\"contentUrl\":\"https:\/\/xnet-x.net\/img\/xnet-logo.png\",\"width\":512,\"height\":512,\"caption\":\"Xnet - Internet, derechos y democracia en la era digital\"},\"image\":{\"@id\":\"https:\/\/dev.xnet-x.net\/es\/#\/schema\/logo\/image\/\"},\"sameAs\":[\"http:\/\/facebook.com\/RedX.Net\/\",\"https:\/\/x.com\/x_net_\",\"https:\/\/es.wikipedia.org\/wiki\/Xnet\"]},{\"@type\":\"Person\",\"@id\":\"https:\/\/dev.xnet-x.net\/es\/#\/schema\/person\/286e07d1c80ea3bcc60b6ef8b146e637\",\"name\":\"Xnet\",\"image\":{\"@type\":\"ImageObject\",\"inLanguage\":\"es\",\"@id\":\"https:\/\/dev.xnet-x.net\/es\/#\/schema\/person\/image\/\",\"url\":\"https:\/\/secure.gravatar.com\/avatar\/76eee622ce1df16aa986c0f990545e62b4c87e399e6c2a5fcfe24a092d2ba829?s=96&d=mm&r=g\",\"contentUrl\":\"https:\/\/secure.gravatar.com\/avatar\/76eee622ce1df16aa986c0f990545e62b4c87e399e6c2a5fcfe24a092d2ba829?s=96&d=mm&r=g\",\"caption\":\"Xnet\"}}]}<\/script>\n<!-- \/ Yoast SEO plugin. -->","yoast_head_json":{"title":"Organizaciones Civiles Denuncian los Abusos de la Nueva Ley de Patentes","robots":{"index":"index","follow":"follow","max-snippet":"max-snippet:-1","max-image-preview":"max-image-preview:large","max-video-preview":"max-video-preview:-1"},"canonical":"https:\/\/dev.xnet-x.net\/es\/ley-patentes-como-tal\/","twitter_misc":{"Escrito por":"Xnet","Tiempo de lectura":"3 minutos"},"schema":{"@context":"https:\/\/schema.org","@graph":[{"@type":"Article","@id":"https:\/\/dev.xnet-x.net\/es\/ley-patentes-como-tal\/#article","isPartOf":{"@id":"https:\/\/dev.xnet-x.net\/es\/ley-patentes-como-tal\/"},"author":{"name":"Xnet","@id":"https:\/\/dev.xnet-x.net\/es\/#\/schema\/person\/286e07d1c80ea3bcc60b6ef8b146e637"},"headline":"Organizaciones Civiles Denuncian los Abusos de la Nueva Ley de Patentes","datePublished":"2015-03-06T11:15:20+00:00","dateModified":"2016-08-24T16:30:15+00:00","mainEntityOfPage":{"@id":"https:\/\/dev.xnet-x.net\/es\/ley-patentes-como-tal\/"},"wordCount":591,"publisher":{"@id":"https:\/\/dev.xnet-x.net\/es\/#organization"},"image":{"@id":"https:\/\/dev.xnet-x.net\/es\/ley-patentes-como-tal\/#primaryimage"},"thumbnailUrl":"https:\/\/dev.xnet-x.net\/img\/la-paja-como-tal.jpg","articleSection":["Blog - Nuestras acciones"],"inLanguage":"es"},{"@type":"WebPage","@id":"https:\/\/dev.xnet-x.net\/es\/ley-patentes-como-tal\/","url":"https:\/\/dev.xnet-x.net\/es\/ley-patentes-como-tal\/","name":"Organizaciones Civiles Denuncian los Abusos de la Nueva Ley de Patentes","isPartOf":{"@id":"https:\/\/dev.xnet-x.net\/es\/#website"},"primaryImageOfPage":{"@id":"https:\/\/dev.xnet-x.net\/es\/ley-patentes-como-tal\/#primaryimage"},"image":{"@id":"https:\/\/dev.xnet-x.net\/es\/ley-patentes-como-tal\/#primaryimage"},"thumbnailUrl":"https:\/\/dev.xnet-x.net\/img\/la-paja-como-tal.jpg","datePublished":"2015-03-06T11:15:20+00:00","dateModified":"2016-08-24T16:30:15+00:00","breadcrumb":{"@id":"https:\/\/dev.xnet-x.net\/es\/ley-patentes-como-tal\/#breadcrumb"},"inLanguage":"es","potentialAction":[{"@type":"ReadAction","target":[["https:\/\/dev.xnet-x.net\/es\/ley-patentes-como-tal\/"]]}]},{"@type":"ImageObject","inLanguage":"es","@id":"https:\/\/dev.xnet-x.net\/es\/ley-patentes-como-tal\/#primaryimage","url":"https:\/\/dev.xnet-x.net\/img\/la-paja-como-tal.jpg","contentUrl":"https:\/\/dev.xnet-x.net\/img\/la-paja-como-tal.jpg","width":868,"height":456,"caption":"La Paja como tal"},{"@type":"BreadcrumbList","@id":"https:\/\/dev.xnet-x.net\/es\/ley-patentes-como-tal\/#breadcrumb","itemListElement":[{"@type":"ListItem","position":1,"name":"Portada","item":"https:\/\/dev.xnet-x.net\/es\/"},{"@type":"ListItem","position":2,"name":"Organizaciones Civiles Denuncian los Abusos de la Nueva Ley de Patentes"}]},{"@type":"WebSite","@id":"https:\/\/dev.xnet-x.net\/es\/#website","url":"https:\/\/dev.xnet-x.net\/es\/","name":"[:es]Xnet - Internet, derechos y democracia en la era digital[:ca]Xnet - Internet, drets i democr\u00e0cia en l'era digital[:en]Xnet - Internet freedoms & digital rights[:]","description":"Xnet: Internet, informaci\u00f3n y cultura libres. Tecnopol\u00edtica. Datos, algoritmos y derechos digitales. Libertad de expresi\u00f3n. Democracia y anticorrupci\u00f3n","publisher":{"@id":"https:\/\/dev.xnet-x.net\/es\/#organization"},"potentialAction":[{"@type":"SearchAction","target":{"@type":"EntryPoint","urlTemplate":"https:\/\/dev.xnet-x.net\/es\/?s={search_term_string}"},"query-input":{"@type":"PropertyValueSpecification","valueRequired":true,"valueName":"search_term_string"}}],"inLanguage":"es"},{"@type":"Organization","@id":"https:\/\/dev.xnet-x.net\/es\/#organization","name":"Xnet - Internet, derechos y democracia en la era digital","url":"https:\/\/dev.xnet-x.net\/es\/","logo":{"@type":"ImageObject","inLanguage":"es","@id":"https:\/\/dev.xnet-x.net\/es\/#\/schema\/logo\/image\/","url":"https:\/\/xnet-x.net\/img\/xnet-logo.png","contentUrl":"https:\/\/xnet-x.net\/img\/xnet-logo.png","width":512,"height":512,"caption":"Xnet - Internet, derechos y democracia en la era digital"},"image":{"@id":"https:\/\/dev.xnet-x.net\/es\/#\/schema\/logo\/image\/"},"sameAs":["http:\/\/facebook.com\/RedX.Net\/","https:\/\/x.com\/x_net_","https:\/\/es.wikipedia.org\/wiki\/Xnet"]},{"@type":"Person","@id":"https:\/\/dev.xnet-x.net\/es\/#\/schema\/person\/286e07d1c80ea3bcc60b6ef8b146e637","name":"Xnet","image":{"@type":"ImageObject","inLanguage":"es","@id":"https:\/\/dev.xnet-x.net\/es\/#\/schema\/person\/image\/","url":"https:\/\/secure.gravatar.com\/avatar\/76eee622ce1df16aa986c0f990545e62b4c87e399e6c2a5fcfe24a092d2ba829?s=96&d=mm&r=g","contentUrl":"https:\/\/secure.gravatar.com\/avatar\/76eee622ce1df16aa986c0f990545e62b4c87e399e6c2a5fcfe24a092d2ba829?s=96&d=mm&r=g","caption":"Xnet"}}]}},"_links":{"self":[{"href":"https:\/\/dev.xnet-x.net\/es\/wp-json\/wp\/v2\/posts\/7536","targetHints":{"allow":["GET"]}}],"collection":[{"href":"https:\/\/dev.xnet-x.net\/es\/wp-json\/wp\/v2\/posts"}],"about":[{"href":"https:\/\/dev.xnet-x.net\/es\/wp-json\/wp\/v2\/types\/post"}],"author":[{"embeddable":true,"href":"https:\/\/dev.xnet-x.net\/es\/wp-json\/wp\/v2\/users\/8"}],"replies":[{"embeddable":true,"href":"https:\/\/dev.xnet-x.net\/es\/wp-json\/wp\/v2\/comments?post=7536"}],"version-history":[{"count":5,"href":"https:\/\/dev.xnet-x.net\/es\/wp-json\/wp\/v2\/posts\/7536\/revisions"}],"predecessor-version":[{"id":7563,"href":"https:\/\/dev.xnet-x.net\/es\/wp-json\/wp\/v2\/posts\/7536\/revisions\/7563"}],"wp:featuredmedia":[{"embeddable":true,"href":"https:\/\/dev.xnet-x.net\/es\/wp-json\/wp\/v2\/media\/7554"}],"wp:attachment":[{"href":"https:\/\/dev.xnet-x.net\/es\/wp-json\/wp\/v2\/media?parent=7536"}],"wp:term":[{"taxonomy":"category","embeddable":true,"href":"https:\/\/dev.xnet-x.net\/es\/wp-json\/wp\/v2\/categories?post=7536"},{"taxonomy":"post_tag","embeddable":true,"href":"https:\/\/dev.xnet-x.net\/es\/wp-json\/wp\/v2\/tags?post=7536"}],"curies":[{"name":"wp","href":"https:\/\/api.w.org\/{rel}","templated":true}]}}