{"id":7413,"date":"2015-02-17T16:50:24","date_gmt":"2015-02-17T15:50:24","guid":{"rendered":"http:\/\/xnet-x.net\/?p=7413"},"modified":"2017-10-28T00:21:44","modified_gmt":"2017-10-27T23:21:44","slug":"hacienda-somos-todos","status":"publish","type":"post","link":"https:\/\/dev.xnet-x.net\/es\/hacienda-somos-todos\/","title":{"rendered":"Hacienda somos todos"},"content":{"rendered":"<p><strong>Actualizaci\u00f3n:<\/strong><br \/>\n<strong>El Grupo Ciudadano contra la Corrupci\u00f3 a Catalunya consigue que se apruebe la personaci\u00f3n como acusacion de la generalitat contra I\u00f1aki Urdangar\u00edn y la Infanta Cristina en el caso Palma Arena.<br \/>M\u00e1s info: <a href=\"https:\/\/xnet-x.net\/hacienda-somos-todos-enmienda\">https:\/\/xnet-x.net\/hacienda-somos-todos-enmienda<\/a><\/strong><br \/>\n&nbsp;<\/p>\n<p>Como sociedad civil, recogemos las palabras del Juez Castro en el <a href=\"http:\/\/cdn27.hiberus.com\/uploads\/documentos\/2014\/12\/22\/documentos_autoaperturajuicionos_8f5f984e.pdf\" target=\"_blank\">auto de apertura<\/a> (Fundamentos Jur\u00eddicos a partir de p\u00e0gina 66) del juicio oral contra la Infanta Cristina por delito fiscal: \u00ab<strong><a href=\"http:\/\/www.europapress.es\/illes-balears\/noticia-castro-auto-infanta-defraudas-pagamos-todos-20141222125251.html\" target=\"_blank\">Lo que t\u00fa defraudas, lo pagamos todos<\/a><\/strong>\u00ab.<\/p>\n<p>Reaccionamos ahora, acabada la instrucci\u00f3n, porque las argumentaciones del Juez  recogidas en el auto de apertura del juicio oral, as\u00ed como las  posteriores actuaciones de la Fiscal\u00eda, la Agencia Tributaria y <a href=\"https:\/\/es.noticias.yahoo.com\/video\/la-defensa-la-infanta-cristina-125435069.html\" target=\"_blank\">los abogados de la defensa<\/a> del bufete de Roca Junyent, padre de la Constituci\u00f3n (sic) y fundador de CIU, nos han hecho pensar que debemos actuar.<\/p>\n<p>Como ciudadanos responsables, en ning\u00fan caso queremos alargar la instrucci\u00f3n o entorpecer el proceso con esta acci\u00f3n. En su momento, desde 15MpaRato pensamos personarnos y decidimos no hacerlo para no ralentizar la instrucci\u00f3n. As\u00ed que tambi\u00e9n en este caso, actuamos con la intenci\u00f3n de apoyar la labor del juez Castro.<\/p>\n<p>La  llamada \u00ab<strong>doctrina Bot\u00edn<\/strong>\u00ab, a la que se refiere la defensa tambi\u00e9n en su \u00faltimo recurso, se \u00abinvent\u00f3\u00bb para garantizar la impunidad de los m\u00e1s poderosos. No es balad\u00ed el nombre que figura en su t\u00edtulo. Fue dictada por el Tribunal Supremo en diciembre de 2007 estableciendo que \u201cNo puede  abrirse juicio oral solo a instancias de la acusaci\u00f3n popular, sino que  es necesario que lo inste bien el Ministerio Fiscal, bien el acusador particular\u201d, como \u00fanicas partes leg\u00edtimamente perjudicadas.<\/p>\n<p>Y aqu\u00ed estamos, la ciudadan\u00eda perjudicada, ya que una vez m\u00e1s, en el presente caso el <strong>Ministerio Fiscal y la Agencia Tributaria, en dejaci\u00f3n de sus funciones<\/strong>, han demostrado que no est\u00e1n por la labor de defender los intereses de los ciudadanos.<\/p>\n<p>Creemos que el bien jur\u00eddico protegido en el delito fiscal no le corresponde en exclusiva a una sola instancia administrativa. Creemos que la Agencia Tributaria no tiene el monopolio de la condici\u00f3n de ofendido o perjudicado en los delitos contra la Hacienda P\u00fablica, ya que estos atentan contra un bien de titularidad colectiva, compete a la Sociedad Civil en su conjunto, quien es la aut\u00e9ntica perjudicada. Si no fuera as\u00ed, ser\u00eda tanto como dejar la persecuci\u00f3n real de este delito en manos de la voluntad pol\u00edtica de acusar o no por parte del poder ejecutivo de turno, que no solo controla al Ministerio Fiscal sino tambi\u00e9n a la propia Agencia Tributaria Estatal que lo tendr\u00edan tan f\u00e1cil como no acusar para acabar con el enjuiciamiento del delito. Lo han hecho y lo quieren seguir haciendo.<\/p>\n<p>Sin duda el caso que nos ocupa es m\u00e1s flagrante, porque como ya ha apuntado la Audiencia Provincial de Palma existen importantes diferencias entre el asunto \u00abBot\u00edn\u00bb y el asunto \u00abBorb\u00f3n\u00bb. En este \u00faltimo, el Ministerio Fiscal y la acusaci\u00f3n particular s\u00ed acusan a sr. Urdangar\u00edn por el mismo delito por el que no se quiere acusar a quien la instrucci\u00f3n ha considerado cooperador necesario del mismo delito, la Infanta, en un absurdo jur\u00eddico que llevar\u00eda a una f\u00e1cil defensa por parte de los acusados: simplemente tendr\u00edan que trasladar los hechos y su culpabilidad a quien no ha sido acusado. No estamos ante doctrina Bot\u00edn sino que se  quiere crear la <strong>doctrina Borb\u00f3n<\/strong>.<\/p>\n<p>Pero queremos llegar m\u00e1s lejos. Queremos dejar sin argumentos desde la Sociedad Civil a lo que parece una discrepancia jur\u00eddica cuando es mucho m\u00e1s que eso. Una vez m\u00e1s, la sociedad civil ha de vigilar e intervenir para defender sus intereses ya que las instituciones que deber\u00edan representarnos no los defienden. Es en este contexto que el Grupo Ciudadano Contra la Corrupci\u00f3n en Catalunya impulsado por Xnet y que reagrupa personas y grupos activos contra la corrupci\u00f3n en Catalunya (<strong>Xnet con su <a href=\"\/buzon-filtrar-casos-de-corrupcion\">Buz\u00f3n<\/a> de filtraciones contra la corrupci\u00f3n; <strong>David Fern\u00e1ndez<\/strong> diputado de la CUP presidente de la <a href=\"http:\/\/llumsitaquigrafs.tumblr.com\/\" title=\"ir a la web de Llums y Taqu\u00edgraf\" target=\"_blank\">Comisi\u00f3n Parlamentaria sobre el cas Pujol<\/a>; <a href=\"http:\/\/15mparato.wordpress.com\/\" title=\"ir al aweb de 15MpaRato\" target=\"_blank\">15MpaRato<\/a>; <a href=\"http:\/\/www.cafeambllet.com\/\" title=\"ir a le web de Caf\u00e8 amb Llet\" target=\"_blank\">Caf\u00e9 amb Llet<\/a>; la <a href=\"http:\/\/www.favb.cat\/\" title=\"ir a la web de FAVB\" target=\"_blank\">FAVB<\/a>; junto con otros expertos ciudadanos y con el apoyo de la <a href=\"http:\/\/partidox.org\/comision-anticorrupcion\/\" title=\"ir a la web del Partido X\" target=\"_blank\">Comisi\u00f3n Anticorrupci\u00f3n del Partido X<\/a><\/strong>) ha redactado, en el ejercicio de su derecho de petici\u00f3n, los siguientes escritos de solicitud formal, que han sido presentados ante la presidencia de la Generalitat de Catalunya,  la Agencia Tributaria de Catalunya, la Conselleria d&#8217;Economia i Coneixement y la Agencia Triubutaria Nacional.<br \/>\n&nbsp;<br \/>\n<strong>Ponemos tambi\u00e9n los documentos a disposici\u00f3n, para que cualquier ciudadano pueda presentarlos (click para descargar el pdf):<\/strong><br \/>\n&nbsp;<\/p>\n<div style=\"text-align:center; float:left; width:48%; margin: 5px 1%; min-width: 280px;\">\n<a href=\"\/docs\/carta-presidencia-generalitat.pdf\"><strong>Generalitat de Catalunya<\/strong><br \/>\n<img decoding=\"async\" src=\"https:\/\/xnet-x.net\/img\/generalitat-de-catalunya.jpg\" alt=\"generalitat-de-catalunya\" style=\"width:100%\" \/><\/a>\n<\/div>\n<div style=\"text-align:center; float:left; width:48%; margin: 5px 1%; min-width: 280px;\">\n<a href=\"\/docs\/carta-hisenda-cat.pdf\"><strong>Ag\u00e8ncia Tributaria de Catalunya<\/strong><br \/>\n<img decoding=\"async\" src=\"https:\/\/xnet-x.net\/img\/agencia-tributaria-de-catalunya.jpg\" style=\"width:100%\" alt=\"agencia-tributaria-de-catalunya\" \/><\/a>\n<\/div>\n<div style=\"text-align:center; float:left; width:48%; margin: 5px 1%; min-width: 280px;\">\n<a href=\"\/docs\/carta-conseller-economia.pdf\"><strong>Conselleria d&#8217;Economia i Coneixement<\/strong><br \/>\n<img decoding=\"async\" src=\"https:\/\/xnet-x.net\/img\/conseller-economia-coneixement.jpg\" style=\"width:100%\" alt=\"conseller-economia-coneixement\" \/><\/a>\n<\/div>\n<div style=\"text-align:center; float:left; width:48%; margin: 5px 1%; min-width: 280px;\">\n<a href=\"\/docs\/carta-hacienda-cast.pdf\"><strong>Agencia Triubutaria Nacional<\/strong><br \/>\n<img decoding=\"async\" src=\"https:\/\/xnet-x.net\/img\/agencia-tributaria.jpg\" style=\"width:100%\" alt=\"agencia-tributaria\" \" \/><\/a>\n<\/div>\n<p>&nbsp;<\/p>\n<h3>\u00bfPor qu\u00e9 desde Catalunya?<\/h3>\n<p>Ante la actitud del Ministerio Fiscal y de la Agencia Estatal de Administraci\u00f3n Tributaria en este caso y reserv\u00e1ndonos acciones en este sentido, hemos pensado que existe una nueva oportunidad de evitar definitivamente que se justifique la doctrina Bot\u00edn. En estos escritos dejamos claro porque la Generalitat y la Agencia Tributaria de Catalunya deber\u00edan personarse como partes perjudicadas para defender los leg\u00edtimos intereses de los ciudadanos que representan y a los que sirven.<\/p>\n<p>Al ser Catalunya el lugar de residencia de los imputados, la Generalitat  tiene un inter\u00e9s directo en el producto de la recaudaci\u00f3n de tributos como el IRPF, por lo que consideramos que la sociedad civil catalana, en al menos un 50% de las cuotas delictivas defraudadas, es un perjudicado directo por el presunto delito contra la Hacienda P\u00fablica, y como tal, deber\u00eda ser defendida por sus representantes, evitando as\u00ed cualquier atisbo de duda sobre la posible aplicaci\u00f3n de la \u00abdoctrina Bot\u00edn\u00bb. De esta manera demostramos de manera indubitada que la condici\u00f3n de perjudicado no le corresponde en exclusividad a la Agencia Tributaria Estatal. Una cosa es que la Ley de Financiaci\u00f3n de las Comunidades Aut\u00f3nomas le otorgue la exclusividad en la aplicaci\u00f3n (gesti\u00f3n e inspecci\u00f3n del IRPF -impuesto objeto del delito-), y otra muy diferente es que los recursos de ese impuesto sean en exclusiva del Estado. No siendo esto as\u00ed, ya que el 50% de la recaudaci\u00f3n de IRPF corresponde a la  Comunidad Aut\u00f3noma donde resida el declarante, en caso de delitos del art\u00edculo 305 del C\u00f3digo Penal es claro que existe un perjudicado m\u00e1s: la Comunidad Aut\u00f3noma que ha sido tambi\u00e9n defraudada.<\/p>\n<p>Hemos visto recientemente un Govern llen\u00e1ndose la boca de defender los intereses de las y los catalanes. Ahora pedimos que lo hagan y que demuestren si una hipot\u00e9tica Agencia Tributaria Catalana de pleno derecho y autonom\u00eda estar\u00eda del lado de la justicia o de los privilegios. <\/p>\n<p>Exigimos a nuestros representantes que hagan su trabajo, porque <strong>hacienda somos todos<\/strong>.<\/p>\n<p><a href=\"http:\/\/xnet-x.net\/grupo-anticorrupcion-catalunya\">Grupo Ciudadano Contra la Corrupci\u00f3n en Catalunya<\/a><\/p>","protected":false},"excerpt":{"rendered":"<p>#GrupAnticorrupcio exige a nuestros representantes que se personen contra la Infanta y Urdangar\u00edn<\/p>\n","protected":false},"author":8,"featured_media":7455,"comment_status":"closed","ping_status":"closed","sticky":false,"template":"","format":"standard","meta":{"footnotes":""},"categories":[52],"tags":[],"class_list":["post-7413","post","type-post","status-publish","format-standard","has-post-thumbnail","hentry","category-blog","ejes-anticorrupcion"],"yoast_head":"<!-- This site is optimized with the Yoast SEO plugin v26.7 - https:\/\/yoast.com\/wordpress\/plugins\/seo\/ -->\n<title>Hacienda somos todos<\/title>\n<meta name=\"robots\" content=\"index, follow, max-snippet:-1, max-image-preview:large, max-video-preview:-1\" \/>\n<link rel=\"canonical\" href=\"https:\/\/dev.xnet-x.net\/es\/hacienda-somos-todos\/\" \/>\n<meta name=\"twitter:label1\" content=\"Escrito por\" \/>\n\t<meta name=\"twitter:data1\" content=\"Xnet\" \/>\n\t<meta name=\"twitter:label2\" content=\"Tiempo de lectura\" \/>\n\t<meta name=\"twitter:data2\" content=\"10 minutos\" \/>\n<script type=\"application\/ld+json\" class=\"yoast-schema-graph\">{\"@context\":\"https:\/\/schema.org\",\"@graph\":[{\"@type\":\"Article\",\"@id\":\"https:\/\/dev.xnet-x.net\/es\/hacienda-somos-todos\/#article\",\"isPartOf\":{\"@id\":\"https:\/\/dev.xnet-x.net\/es\/hacienda-somos-todos\/\"},\"author\":{\"name\":\"Xnet\",\"@id\":\"https:\/\/dev.xnet-x.net\/es\/#\/schema\/person\/286e07d1c80ea3bcc60b6ef8b146e637\"},\"headline\":\"Hacienda somos todos\",\"datePublished\":\"2015-02-17T15:50:24+00:00\",\"dateModified\":\"2017-10-27T23:21:44+00:00\",\"mainEntityOfPage\":{\"@id\":\"https:\/\/dev.xnet-x.net\/es\/hacienda-somos-todos\/\"},\"wordCount\":1934,\"publisher\":{\"@id\":\"https:\/\/dev.xnet-x.net\/es\/#organization\"},\"image\":{\"@id\":\"https:\/\/dev.xnet-x.net\/es\/hacienda-somos-todos\/#primaryimage\"},\"thumbnailUrl\":\"https:\/\/dev.xnet-x.net\/img\/hacienda-somos-todos-img.png\",\"articleSection\":[\"Blog - Nuestras acciones\"],\"inLanguage\":\"es\"},{\"@type\":\"WebPage\",\"@id\":\"https:\/\/dev.xnet-x.net\/es\/hacienda-somos-todos\/\",\"url\":\"https:\/\/dev.xnet-x.net\/es\/hacienda-somos-todos\/\",\"name\":\"Hacienda somos todos\",\"isPartOf\":{\"@id\":\"https:\/\/dev.xnet-x.net\/es\/#website\"},\"primaryImageOfPage\":{\"@id\":\"https:\/\/dev.xnet-x.net\/es\/hacienda-somos-todos\/#primaryimage\"},\"image\":{\"@id\":\"https:\/\/dev.xnet-x.net\/es\/hacienda-somos-todos\/#primaryimage\"},\"thumbnailUrl\":\"https:\/\/dev.xnet-x.net\/img\/hacienda-somos-todos-img.png\",\"datePublished\":\"2015-02-17T15:50:24+00:00\",\"dateModified\":\"2017-10-27T23:21:44+00:00\",\"breadcrumb\":{\"@id\":\"https:\/\/dev.xnet-x.net\/es\/hacienda-somos-todos\/#breadcrumb\"},\"inLanguage\":\"es\",\"potentialAction\":[{\"@type\":\"ReadAction\",\"target\":[[\"https:\/\/dev.xnet-x.net\/es\/hacienda-somos-todos\/\"]]}]},{\"@type\":\"ImageObject\",\"inLanguage\":\"es\",\"@id\":\"https:\/\/dev.xnet-x.net\/es\/hacienda-somos-todos\/#primaryimage\",\"url\":\"https:\/\/dev.xnet-x.net\/img\/hacienda-somos-todos-img.png\",\"contentUrl\":\"https:\/\/dev.xnet-x.net\/img\/hacienda-somos-todos-img.png\",\"width\":1182,\"height\":622,\"caption\":\"Hacienda Somos Todos\"},{\"@type\":\"BreadcrumbList\",\"@id\":\"https:\/\/dev.xnet-x.net\/es\/hacienda-somos-todos\/#breadcrumb\",\"itemListElement\":[{\"@type\":\"ListItem\",\"position\":1,\"name\":\"Portada\",\"item\":\"https:\/\/dev.xnet-x.net\/es\/\"},{\"@type\":\"ListItem\",\"position\":2,\"name\":\"Hacienda somos todos\"}]},{\"@type\":\"WebSite\",\"@id\":\"https:\/\/dev.xnet-x.net\/es\/#website\",\"url\":\"https:\/\/dev.xnet-x.net\/es\/\",\"name\":\"[:es]Xnet - Internet, derechos y democracia en la era digital[:ca]Xnet - Internet, drets i democr\u00e0cia en l'era digital[:en]Xnet - Internet freedoms & digital rights[:]\",\"description\":\"Xnet: Internet, informaci\u00f3n y cultura libres. Tecnopol\u00edtica. Datos, algoritmos y derechos digitales. Libertad de expresi\u00f3n. Democracia y anticorrupci\u00f3n\",\"publisher\":{\"@id\":\"https:\/\/dev.xnet-x.net\/es\/#organization\"},\"potentialAction\":[{\"@type\":\"SearchAction\",\"target\":{\"@type\":\"EntryPoint\",\"urlTemplate\":\"https:\/\/dev.xnet-x.net\/es\/?s={search_term_string}\"},\"query-input\":{\"@type\":\"PropertyValueSpecification\",\"valueRequired\":true,\"valueName\":\"search_term_string\"}}],\"inLanguage\":\"es\"},{\"@type\":\"Organization\",\"@id\":\"https:\/\/dev.xnet-x.net\/es\/#organization\",\"name\":\"Xnet - Internet, derechos y democracia en la era digital\",\"url\":\"https:\/\/dev.xnet-x.net\/es\/\",\"logo\":{\"@type\":\"ImageObject\",\"inLanguage\":\"es\",\"@id\":\"https:\/\/dev.xnet-x.net\/es\/#\/schema\/logo\/image\/\",\"url\":\"https:\/\/xnet-x.net\/img\/xnet-logo.png\",\"contentUrl\":\"https:\/\/xnet-x.net\/img\/xnet-logo.png\",\"width\":512,\"height\":512,\"caption\":\"Xnet - Internet, derechos y democracia en la era digital\"},\"image\":{\"@id\":\"https:\/\/dev.xnet-x.net\/es\/#\/schema\/logo\/image\/\"},\"sameAs\":[\"http:\/\/facebook.com\/RedX.Net\/\",\"https:\/\/x.com\/x_net_\",\"https:\/\/es.wikipedia.org\/wiki\/Xnet\"]},{\"@type\":\"Person\",\"@id\":\"https:\/\/dev.xnet-x.net\/es\/#\/schema\/person\/286e07d1c80ea3bcc60b6ef8b146e637\",\"name\":\"Xnet\",\"image\":{\"@type\":\"ImageObject\",\"inLanguage\":\"es\",\"@id\":\"https:\/\/dev.xnet-x.net\/es\/#\/schema\/person\/image\/\",\"url\":\"https:\/\/secure.gravatar.com\/avatar\/76eee622ce1df16aa986c0f990545e62b4c87e399e6c2a5fcfe24a092d2ba829?s=96&d=mm&r=g\",\"contentUrl\":\"https:\/\/secure.gravatar.com\/avatar\/76eee622ce1df16aa986c0f990545e62b4c87e399e6c2a5fcfe24a092d2ba829?s=96&d=mm&r=g\",\"caption\":\"Xnet\"}}]}<\/script>\n<!-- \/ Yoast SEO plugin. -->","yoast_head_json":{"title":"Hacienda somos todos","robots":{"index":"index","follow":"follow","max-snippet":"max-snippet:-1","max-image-preview":"max-image-preview:large","max-video-preview":"max-video-preview:-1"},"canonical":"https:\/\/dev.xnet-x.net\/es\/hacienda-somos-todos\/","twitter_misc":{"Escrito por":"Xnet","Tiempo de lectura":"10 minutos"},"schema":{"@context":"https:\/\/schema.org","@graph":[{"@type":"Article","@id":"https:\/\/dev.xnet-x.net\/es\/hacienda-somos-todos\/#article","isPartOf":{"@id":"https:\/\/dev.xnet-x.net\/es\/hacienda-somos-todos\/"},"author":{"name":"Xnet","@id":"https:\/\/dev.xnet-x.net\/es\/#\/schema\/person\/286e07d1c80ea3bcc60b6ef8b146e637"},"headline":"Hacienda somos todos","datePublished":"2015-02-17T15:50:24+00:00","dateModified":"2017-10-27T23:21:44+00:00","mainEntityOfPage":{"@id":"https:\/\/dev.xnet-x.net\/es\/hacienda-somos-todos\/"},"wordCount":1934,"publisher":{"@id":"https:\/\/dev.xnet-x.net\/es\/#organization"},"image":{"@id":"https:\/\/dev.xnet-x.net\/es\/hacienda-somos-todos\/#primaryimage"},"thumbnailUrl":"https:\/\/dev.xnet-x.net\/img\/hacienda-somos-todos-img.png","articleSection":["Blog - Nuestras acciones"],"inLanguage":"es"},{"@type":"WebPage","@id":"https:\/\/dev.xnet-x.net\/es\/hacienda-somos-todos\/","url":"https:\/\/dev.xnet-x.net\/es\/hacienda-somos-todos\/","name":"Hacienda somos todos","isPartOf":{"@id":"https:\/\/dev.xnet-x.net\/es\/#website"},"primaryImageOfPage":{"@id":"https:\/\/dev.xnet-x.net\/es\/hacienda-somos-todos\/#primaryimage"},"image":{"@id":"https:\/\/dev.xnet-x.net\/es\/hacienda-somos-todos\/#primaryimage"},"thumbnailUrl":"https:\/\/dev.xnet-x.net\/img\/hacienda-somos-todos-img.png","datePublished":"2015-02-17T15:50:24+00:00","dateModified":"2017-10-27T23:21:44+00:00","breadcrumb":{"@id":"https:\/\/dev.xnet-x.net\/es\/hacienda-somos-todos\/#breadcrumb"},"inLanguage":"es","potentialAction":[{"@type":"ReadAction","target":[["https:\/\/dev.xnet-x.net\/es\/hacienda-somos-todos\/"]]}]},{"@type":"ImageObject","inLanguage":"es","@id":"https:\/\/dev.xnet-x.net\/es\/hacienda-somos-todos\/#primaryimage","url":"https:\/\/dev.xnet-x.net\/img\/hacienda-somos-todos-img.png","contentUrl":"https:\/\/dev.xnet-x.net\/img\/hacienda-somos-todos-img.png","width":1182,"height":622,"caption":"Hacienda Somos Todos"},{"@type":"BreadcrumbList","@id":"https:\/\/dev.xnet-x.net\/es\/hacienda-somos-todos\/#breadcrumb","itemListElement":[{"@type":"ListItem","position":1,"name":"Portada","item":"https:\/\/dev.xnet-x.net\/es\/"},{"@type":"ListItem","position":2,"name":"Hacienda somos todos"}]},{"@type":"WebSite","@id":"https:\/\/dev.xnet-x.net\/es\/#website","url":"https:\/\/dev.xnet-x.net\/es\/","name":"[:es]Xnet - Internet, derechos y democracia en la era digital[:ca]Xnet - Internet, drets i democr\u00e0cia en l'era digital[:en]Xnet - Internet freedoms & digital rights[:]","description":"Xnet: Internet, informaci\u00f3n y cultura libres. Tecnopol\u00edtica. Datos, algoritmos y derechos digitales. Libertad de expresi\u00f3n. Democracia y anticorrupci\u00f3n","publisher":{"@id":"https:\/\/dev.xnet-x.net\/es\/#organization"},"potentialAction":[{"@type":"SearchAction","target":{"@type":"EntryPoint","urlTemplate":"https:\/\/dev.xnet-x.net\/es\/?s={search_term_string}"},"query-input":{"@type":"PropertyValueSpecification","valueRequired":true,"valueName":"search_term_string"}}],"inLanguage":"es"},{"@type":"Organization","@id":"https:\/\/dev.xnet-x.net\/es\/#organization","name":"Xnet - Internet, derechos y democracia en la era digital","url":"https:\/\/dev.xnet-x.net\/es\/","logo":{"@type":"ImageObject","inLanguage":"es","@id":"https:\/\/dev.xnet-x.net\/es\/#\/schema\/logo\/image\/","url":"https:\/\/xnet-x.net\/img\/xnet-logo.png","contentUrl":"https:\/\/xnet-x.net\/img\/xnet-logo.png","width":512,"height":512,"caption":"Xnet - Internet, derechos y democracia en la era digital"},"image":{"@id":"https:\/\/dev.xnet-x.net\/es\/#\/schema\/logo\/image\/"},"sameAs":["http:\/\/facebook.com\/RedX.Net\/","https:\/\/x.com\/x_net_","https:\/\/es.wikipedia.org\/wiki\/Xnet"]},{"@type":"Person","@id":"https:\/\/dev.xnet-x.net\/es\/#\/schema\/person\/286e07d1c80ea3bcc60b6ef8b146e637","name":"Xnet","image":{"@type":"ImageObject","inLanguage":"es","@id":"https:\/\/dev.xnet-x.net\/es\/#\/schema\/person\/image\/","url":"https:\/\/secure.gravatar.com\/avatar\/76eee622ce1df16aa986c0f990545e62b4c87e399e6c2a5fcfe24a092d2ba829?s=96&d=mm&r=g","contentUrl":"https:\/\/secure.gravatar.com\/avatar\/76eee622ce1df16aa986c0f990545e62b4c87e399e6c2a5fcfe24a092d2ba829?s=96&d=mm&r=g","caption":"Xnet"}}]}},"_links":{"self":[{"href":"https:\/\/dev.xnet-x.net\/es\/wp-json\/wp\/v2\/posts\/7413","targetHints":{"allow":["GET"]}}],"collection":[{"href":"https:\/\/dev.xnet-x.net\/es\/wp-json\/wp\/v2\/posts"}],"about":[{"href":"https:\/\/dev.xnet-x.net\/es\/wp-json\/wp\/v2\/types\/post"}],"author":[{"embeddable":true,"href":"https:\/\/dev.xnet-x.net\/es\/wp-json\/wp\/v2\/users\/8"}],"replies":[{"embeddable":true,"href":"https:\/\/dev.xnet-x.net\/es\/wp-json\/wp\/v2\/comments?post=7413"}],"version-history":[{"count":7,"href":"https:\/\/dev.xnet-x.net\/es\/wp-json\/wp\/v2\/posts\/7413\/revisions"}],"predecessor-version":[{"id":7438,"href":"https:\/\/dev.xnet-x.net\/es\/wp-json\/wp\/v2\/posts\/7413\/revisions\/7438"}],"wp:featuredmedia":[{"embeddable":true,"href":"https:\/\/dev.xnet-x.net\/es\/wp-json\/wp\/v2\/media\/7455"}],"wp:attachment":[{"href":"https:\/\/dev.xnet-x.net\/es\/wp-json\/wp\/v2\/media?parent=7413"}],"wp:term":[{"taxonomy":"category","embeddable":true,"href":"https:\/\/dev.xnet-x.net\/es\/wp-json\/wp\/v2\/categories?post=7413"},{"taxonomy":"post_tag","embeddable":true,"href":"https:\/\/dev.xnet-x.net\/es\/wp-json\/wp\/v2\/tags?post=7413"}],"curies":[{"name":"wp","href":"https:\/\/api.w.org\/{rel}","templated":true}]}}