{"id":7055,"date":"2015-01-11T14:00:21","date_gmt":"2015-01-11T13:00:21","guid":{"rendered":"http:\/\/xnet-x.net\/?p=7055"},"modified":"2021-09-08T12:42:40","modified_gmt":"2021-09-08T10:42:40","slug":"grupo-anticorrupcion-catalunya","status":"publish","type":"post","link":"https:\/\/dev.xnet-x.net\/es\/grupo-anticorrupcion-catalunya\/","title":{"rendered":"Nace el Grupo Ciudadano Contra la Corrupci\u00f3n en Catalunya"},"content":{"rendered":"<p><\/p>\n<h3 style=\"text-align:center\">V\u00eddeo de la rueda de prensa de presentaci\u00f3n<\/h3>\n<div style=\"text-align:center\"><iframe loading=\"lazy\" src=\"https:\/\/embed.bambuser.com\/broadcast\/5231104\" width=\"240\" height=\"170\" frameborder=\"0\">Your browser does not support iframes.<\/iframe><\/div>\n<p><strong><a href=\"http:\/\/xnet-x.net\/\">Xnet<\/a><\/strong> &#8211; grupo activista que desde 2008 trabaja por la democracia, el derecho a la informaci\u00f3n y contra la corrupci\u00f3n &#8211; convoca este espacio en el que participan algunas de las personas y organizaciones que m\u00e1s han destacado en la lucha contra la corrupci\u00f3n en Catalunya.<\/p>\n<p>No se trata de crear un grupo nuevo sino de potenciar y federar las competencias de grupos y personas ya activas en la materia  en una red activa, estable, coordinada y colaborativa contra la corrupci\u00f3n.<\/p>\n<blockquote><p>Aqu\u00ed estamos porque gobiernos acabados, atrincherados tras c\u00f3digos penales y leyes pensados para <a href=\"http:\/\/www.eldiario.es\/politica\/herramientas-sindicatos-empresas-responsabilidad-corrupcion_0_345416070.html\" target=\"_blank\" rel=\"noopener noreferrer\">castigar a qui\u00e9n lucha y construye y facilitar la impunidad a los corruptos<\/a>,  pueden ser derrotados defendiendo  y haciendo un uso colectivo e implacable de  nuestro derecho a saber y a  informar.<\/p><\/blockquote>\n<p>&nbsp;<\/p>\n<h3>El equipo de trabajo tiene la siguiente <strong>composici\u00f3n y funciones<\/strong>:<\/h3>\n<ul>\n<li style=\"margin-bottom:15px;\"><strong><a href=\"https:\/\/xnet-x.net\">Xnet<\/a><\/strong>, en las personas de <em>Simona Levi<\/em>, <em>Sergio Salgado<\/em> y <em>Pau L\u00f3pez<\/em> llevar\u00e1n la <a href=\"http:\/\/xnet-x.net\/quienes-somos\">coordinaci\u00f3n y portavoc\u00eda<\/a>. Xnet pone tambi\u00e9n a disposici\u00f3n el <a href=\"https:\/\/xnet-x.net\/buzon-xnet\"><strong>Buz\u00f3n de Xnet<\/strong> de filtraciones contra la corrupci\u00f3n<\/a>  para encauzar la informaci\u00f3n relevante  que env\u00ede el resto de la ciudadan\u00eda.<\/li>\n<li style=\"margin-bottom:15px;\"><a href=\"https:\/\/twitter.com\/HiginiaRoig\"><strong><em>David Fern\u00e1ndez<\/em><\/strong><\/a> en cuanto presidente de la <strong>Comisi\u00f3n Parlamentaria<\/strong> sobre el Cas Pujol como diputado de la <a href=\"http:\/\/www.parlament.cup.cat\/\"><em>CUP-Parlament<\/em><\/a> llevar\u00e1 la <a href=\"http:\/\/llumsitaquigrafs.tumblr.com\/\">coordinaci\u00f3n del trabajo alrededor de la comisi\u00f3n parlamentaria sobre el Cas Pujol<\/a>; este trabajo seguir\u00e1 a nivel ciudadano aunque se convoquen elecciones.<\/li>\n<li style=\"margin-bottom:15px;\">Los activistas de <strong><a href=\"http:\/\/15mparato.wordpress.com\/\">15MpaRato<\/a><\/strong> se encargar\u00e1n de la coordinaci\u00f3n y difusi\u00f3n de la estrategia jur\u00eddica.<\/li>\n<li style=\"margin-bottom:15px;\"><strong><a href=\"http:\/\/www.cafeambllet.com\/\" title=\"ir a la revista Caf\u00e8 amb Llet\" target=\"_blank\" rel=\"noopener noreferrer\">Caf\u00e8 amb Llet<\/a><\/strong> como expertos en la lucha contra la corrupci\u00f3n en el \u00e1mbito de la sanidad.<\/li>\n<li style=\"margin-bottom:15px;\"><strong><a href=\"http:\/\/www.favb.cat\/\" title=\"ir a la p\u00e1gina web de FAVB\" target=\"_blank\" rel=\"noopener noreferrer\">FAVB<\/a><\/strong> como ejemplo de vigilancia ciudadana anticorrupci\u00f3n en casos como el \u00abCas Palau\u00bb y la trama de corrupci\u00f3n de Ciutat Vella. Desde 2009 lleva alertando del \u00abataque sostenido contra la p\u00fablico\u00bb y de la necesidad de que  \u00ab<a href=\"http:\/\/www.favb.cat\/files\/manifest_corrupcio.pdf\" target=\"_blank\" rel=\"noopener noreferrer\">transformemos nuestra indignaci\u00f3n en movimiento<\/a>\u00ab<\/li>\n<li style=\"margin-bottom:15px;\"><strong>Rafa Burgos<\/strong>, periodista y escritor, autor de \u00ab<em>Crema Catalana. Amiguismo, corrupci\u00f3n y otras miserias\u00bb<\/em> (Icaria Editorial) y <em>\u00abLa Casta. Qui\u00e9nes son y c\u00f3mo act\u00faan\u00bb<\/em> (El viejo topo) donde explica, sin alejarse de la informaci\u00f3n veraz pero con iron\u00eda, todo aquello que esconden bancos, monarqu\u00eda, escuelas de negocios o medios de comunicaci\u00f3n.<\/li>\n<li style=\"margin-bottom:15px;\">Con la colaboraci\u00f3n de la Comisi\u00f3n Anticorrupci\u00f3n del <strong><a href=\"http:\/\/partidox.org\" title=\"ir a la web del Partido X\" target=\"_blank\" rel=\"noopener noreferrer\">Partido X<\/a><\/strong> por sus competencias y redes de apoyo muy activas en la materia.<\/li>\n<\/ul>\n<p>Como <strong>consultores expertos<\/strong> cuenta con:<\/p>\n<ul>\n<li style=\"margin-bottom:15px;\">El equipo de activistas, periodistas, auditores, consultores y abogados del <strong>Buz\u00f3n de Xnet<\/strong>.<\/li>\n<li style=\"margin-bottom:15px;\"><strong>Ra\u00fal Burillo<\/strong>: Delegaci\u00f3n especial de la Agencia Tributaria en Catalunya hasta 2006 y delegado especial de la Agencia Tributaria en Baleares hasta 2010.<\/li>\n<\/ul>\n<p>&nbsp;<\/p>\n<h3>Los objetivos de este Grupo Ciudadano Contra la Corrupci\u00f3n en Catalunya son:<\/h3>\n<ul>\n<li style=\"margin-bottom:15px;\"><strong>Tomar la iniciativa<\/strong>, desde la ciudadan\u00eda, <strong>de la comisi\u00f3n de investigaci\u00f3n parlamentaria del \u00abcaso Pujol\u00bb<\/strong> que se ver\u00e1 interrumpida por la convocatoria electoral.<\/li>\n<li style=\"margin-bottom:15px;\"><strong>Dejar constancia de que <a href=\"https:\/\/twitter.com\/search?q=%23laciudadanialohizo&#038;src=typd\" target=\"_blank\" rel=\"noopener noreferrer\">#LaCiudadan\u00edaLoHizo<\/a><\/strong>.   No ha sido el Gobierno, no ha sido el Govern, no han sido los  partidos,  nada de esto ha sido por casualidad. Si estamos desmantelando  las redes  de corrupci\u00f3n ha sido gracias al trabajo de la ciudadan\u00eda  organizada.<\/li>\n<li style=\"margin-bottom:15px;\"><strong>Optimizar el trabajo de cada uno de los actores<\/strong> que forman parte del Grupo Ciudadano Contra la Corrupci\u00f3n en Catalunya para acelerar el proceso en lo posible, sus objetivos de esclarecimiento, reparaci\u00f3n, garant\u00edas de no-repetici\u00f3n en varios casos, en lo posible.<\/li>\n<li style=\"margin-bottom:15px;\"><strong>Amplificar<\/strong> la presi\u00f3n ciudadana contra las instituciones c\u00f3mplices, y respaldar el trabajo de aquellos servidores p\u00fablicos que, por lo contrario,  hacen su trabajo honestamente as\u00ed como proteger y ayudar de las personas que denuncian la corrupci\u00f3n.<\/li>\n<li style=\"margin-bottom:15px;\"><strong>Garantizar el derecho a la informaci\u00f3n<\/strong> de la opini\u00f3n p\u00fablica y facilitar los canales para la colaboraci\u00f3n ciudadana  en investigaciones de c\u00f3digo abierto y por nuestros propios medios que funcionen como control democr\u00e1tico, tales como el <strong>Buz\u00f3n de Xnet de filtraciones contra la corrupci\u00f3n<\/strong>.<\/li>\n<li style=\"margin-bottom:15px;\"><strong>Evitar el uso del trabajo en anticorrupci\u00f3n de la ciudadan\u00eda con fines electorales<\/strong> en un a\u00f1o denso de citas electorales.  Los partidos no lo hicieron. <a href=\"https:\/\/twitter.com\/search?q=%23laciudadanialohizo&#038;src=typd\" target=\"_blank\" rel=\"noopener noreferrer\">#LaCiudadan\u00edaLoHizo<\/a> y m\u00e1s all\u00e1 de los ciclos electorales, nosotros seguiremos.<\/li>\n<li style=\"margin-bottom:15px;\">Ayudar y proteger a los ciudadanos y ciudadanas que deciden denunciar la corrupci\u00f3n. Ver el <a href=\"http:\/\/blogs.publico.es\/el-cuarto-poder-en-red\/2014\/12\/09\/como-luchamos-contra-la-corrupcion-manual-de-uso-para-la-ciudadania\/\">manual de lucha contra la corrupci\u00f3n de Xnet<\/a>.<\/li>\n<\/ul>\n<p>&nbsp;<\/p>\n<p>Invitamos a toda la ciudadan\u00eda a contribuir al trabajo de este grupo aportando informaci\u00f3n a trav\u00e9s del <strong><a href=\"\/buzon-filtrar-casos-de-corrupcion\">Buz\u00f3n de Xnet<\/a><\/strong>.<br \/>\n&nbsp;<\/p>\n<p>Desempe\u00f1aremos nuestro trabajo a trav\u00e9s de interpelaciones y  acciones concretas.<\/p>\n<p>La primera de ellas est\u00e1 relacionada con la Comisi\u00f3n Parlamentaria sobre el Caso Pujol.<\/p>\n<p>Trabajamos,hoy  y en primera instancia, para esclarecer el esquema delictivo, las  din\u00e1micas de blanqueo y evasi\u00f3n de capitales y fraude fiscal en relaci\u00f3n  al caso Pujol. <\/p>\n<p>Hoy, el uso por las autoridades  tributarias, pol\u00edticas y judiciales nos suscitan algunas dudas sobre el  uso correcto y diligente de los datos facilitados.<br \/>\n&nbsp;<\/p>\n<div style=\"padding:15px; border: 1px solid #f05;\">\nEl Ayuntamiento de Barcelona crea la <strong>Oficina para la Transparencia y las Buenas Pr\u00e1cticas del Ayuntamiento de Barcelona<\/strong> para cuya gesti\u00f3n cuenta con el asesoramiento del Grupo Ciudadano contra la Corrupci\u00f3n en Catalunya. <\/p>\n<p>Esta colaboraci\u00f3n consistir\u00e1 en que por parte del Ayuntamiento se podr\u00e1 consultar peri\u00f3dicamente las acciones de la Oficina con el Grup Ciutad\u00e0 Contra la Corrupci\u00f3 a Catalunya. Por otra parte el Grup se compromete a vigilar el buen funcionamiento de la Oficina.<br \/>\n<a href=\"https:\/\/xnet-x.net\/oficina-transparencia-buenas-practicas-ayuntamiento-bcn\/\">https:\/\/xnet-x.net\/oficina-transparencia-buenas-practicas-ayuntamiento-bcn\/<\/a>\n<\/div>\n<p>&nbsp;<\/p>\n<div style=\"padding:15px; border: 1px solid #f05;\">\nVictoria del Grupo Ciudadano contra la Corrupci\u00f3n en Catalunya: el Parlament de Catalunya aprueba la personaci\u00f3n de la Generalitat contra Urdangar\u00edn, la Infanta y la \u201cdoctrina Bot\u00edn\u201d<br \/>\n<a href=\"https:\/\/xnet-x.net\/hacienda-somos-todos-enmienda\/\">https:\/\/xnet-x.net\/hacienda-somos-todos-enmienda\/<\/a>\n<\/div>\n<p>&nbsp;<\/p>\n<div style=\"padding:15px; border: 1px solid #f05;\">\nTras la primera reuni\u00f3n que tuvo lugar este lunes, vamos a abordar inicialmente dos aspectos relevantes y, este lunes 26 en la pr\u00f3xima reuni\u00f3n de la Comisi\u00f3n, vamos a requerir los materiales que se derivan de las siguientes consideraciones:<\/p>\n<p>En  primer lugar, desde la perspectiva de la investigaci\u00f3n en curso,  queremos esclarecer si los \u00f3rganos judiciales han requerido de forma  exhaustiva y suficiente la colaboraci\u00f3n y documentaci\u00f3n de los que  disponen las unidades especializadas en fraude de la AEAT en Madrid.<\/p>\n<p>Por esta raz\u00f3n <strong>requerimos que en la pr\u00f3xima reuni\u00f3n de la Comisi\u00f3n Parlamentaria  se estudie nuevas comparecencias o solicitud de  informaciones, en relaci\u00f3n a la fiscal  Carmen Launa de la fiscal\u00eda de  Madrid<\/strong>. Adem\u00e1s pediremos los documentos  necesarios para <strong>comprobar si la  fiscal\u00eda catalana ha requerido toda la  documentaci\u00f3n necesaria para  esclarecer el caso<\/strong>.<\/p>\n<p>En   segundo lugar, en relaci\u00f3n al dinero defraudado y frente a las  negativas a cooperar, tanto de Andorra como de Suiza, vamos a <strong>pedir la  relaci\u00f3n de datos aduaneros de todas las empresas vinculadas con la  familia Pujol y, por otro lado, vamos a pedir la colaboraci\u00f3n del  <a href=\"http:\/\/www.eurofisc.eu\/en\/index.php\" target=\"_blank\" rel=\"noopener noreferrer\">Eurofisc<\/a>,  para rastrear los movimientos de estas empresas por toda Europa<\/strong>,   teniendo en cuenta que el Eurofisc tiene tambi\u00e9n un registro de empresas  ya  consideradas fraudulentas.<\/p>\n<p>Por  otra parte, como el grueso de la investigaci\u00f3n patrimonial est\u00e1 en los  hijos, tiene especial relevancia la <strong>documentaci\u00f3n de AEAT: base de datos  completa, expedientes de comprobaci\u00f3n iniciados, declaraciones  presentadas, regularizaciones extraordinarias, denuncias recibidas&#8230;  as\u00ed como los tr\u00e1mites relacionados con el Impuesto de Sucesiones<\/strong>.<\/p>\n<p>Tambi\u00e9n  pedimos que comparezcan los representantes de algunos viejos conocidos  como el Banco Santander y Bankia que decidieron vender sus oficinas al  fondo que controlan los Pujol.<\/p>\n<p>Todo   esto permitir\u00e1 a la sociedad civil investigar por sus propios medios,  ayudar a aquellos servidores p\u00fablicos que est\u00e1n haciendo correctamente  su  trabajo, se\u00f1alar los que no lo est\u00e1n haciendo, <strong>aportar preguntas a  los comparecientes ante la comisi\u00f3n y mantener informada a la opini\u00f3n  p\u00fablica<\/strong>.\n<\/div>\n<p>&nbsp;<\/p>\n<p><span style=\"text-decoration:underline\">Contacto:<\/span><br \/>\nMail: <strong>contact(at)xnet-x.net<\/strong><br \/>\nTwitter: <strong><a href=\"https:\/\/twitter.com\/x_net_\" target=\"_blank\" rel=\"noopener noreferrer\">@X_net_<\/a><\/strong><br \/>\nFacebook: <strong><a href=\"https:\/\/facebook.com\/RedX.Net\" target=\"_blank\" rel=\"noopener noreferrer\">Xnet<\/a><\/strong><br \/>\n&nbsp;<\/p>\n<p><\/p>","protected":false},"excerpt":{"rendered":"<p>Nace el #GrupAnticorrupcio a Catalunya. La ciudadan\u00eda toma las riendas contra la corrupci\u00f3n e impunidad<\/p>\n","protected":false},"author":8,"featured_media":7815,"comment_status":"closed","ping_status":"closed","sticky":false,"template":"","format":"standard","meta":{"footnotes":""},"categories":[52],"tags":[],"class_list":["post-7055","post","type-post","status-publish","format-standard","has-post-thumbnail","hentry","category-blog","ejes-anticorrupcion","ejes-luchas-por-las-libertades-civiles"],"yoast_head":"<!-- This site is optimized with the Yoast SEO plugin v26.7 - https:\/\/yoast.com\/wordpress\/plugins\/seo\/ -->\n<title>Nace el Grupo Ciudadano Contra la Corrupci\u00f3n en Catalunya<\/title>\n<meta name=\"robots\" content=\"index, follow, max-snippet:-1, max-image-preview:large, max-video-preview:-1\" \/>\n<link rel=\"canonical\" href=\"https:\/\/dev.xnet-x.net\/es\/grupo-anticorrupcion-catalunya\/\" \/>\n<meta name=\"twitter:label1\" content=\"Escrito por\" \/>\n\t<meta name=\"twitter:data1\" content=\"Xnet\" \/>\n\t<meta name=\"twitter:label2\" content=\"Tiempo de lectura\" \/>\n\t<meta name=\"twitter:data2\" content=\"16 minutos\" \/>\n<script type=\"application\/ld+json\" class=\"yoast-schema-graph\">{\"@context\":\"https:\/\/schema.org\",\"@graph\":[{\"@type\":\"Article\",\"@id\":\"https:\/\/dev.xnet-x.net\/es\/grupo-anticorrupcion-catalunya\/#article\",\"isPartOf\":{\"@id\":\"https:\/\/dev.xnet-x.net\/es\/grupo-anticorrupcion-catalunya\/\"},\"author\":{\"name\":\"Xnet\",\"@id\":\"https:\/\/dev.xnet-x.net\/es\/#\/schema\/person\/286e07d1c80ea3bcc60b6ef8b146e637\"},\"headline\":\"Nace el Grupo Ciudadano Contra la Corrupci\u00f3n en Catalunya\",\"datePublished\":\"2015-01-11T13:00:21+00:00\",\"dateModified\":\"2021-09-08T10:42:40+00:00\",\"mainEntityOfPage\":{\"@id\":\"https:\/\/dev.xnet-x.net\/es\/grupo-anticorrupcion-catalunya\/\"},\"wordCount\":3310,\"publisher\":{\"@id\":\"https:\/\/dev.xnet-x.net\/es\/#organization\"},\"image\":{\"@id\":\"https:\/\/dev.xnet-x.net\/es\/grupo-anticorrupcion-catalunya\/#primaryimage\"},\"thumbnailUrl\":\"https:\/\/dev.xnet-x.net\/img\/grup-anticorrupcio-catalunya-img.jpg\",\"articleSection\":[\"Blog - Nuestras acciones\"],\"inLanguage\":\"es\"},{\"@type\":\"WebPage\",\"@id\":\"https:\/\/dev.xnet-x.net\/es\/grupo-anticorrupcion-catalunya\/\",\"url\":\"https:\/\/dev.xnet-x.net\/es\/grupo-anticorrupcion-catalunya\/\",\"name\":\"Nace el Grupo Ciudadano Contra la Corrupci\u00f3n en Catalunya\",\"isPartOf\":{\"@id\":\"https:\/\/dev.xnet-x.net\/es\/#website\"},\"primaryImageOfPage\":{\"@id\":\"https:\/\/dev.xnet-x.net\/es\/grupo-anticorrupcion-catalunya\/#primaryimage\"},\"image\":{\"@id\":\"https:\/\/dev.xnet-x.net\/es\/grupo-anticorrupcion-catalunya\/#primaryimage\"},\"thumbnailUrl\":\"https:\/\/dev.xnet-x.net\/img\/grup-anticorrupcio-catalunya-img.jpg\",\"datePublished\":\"2015-01-11T13:00:21+00:00\",\"dateModified\":\"2021-09-08T10:42:40+00:00\",\"breadcrumb\":{\"@id\":\"https:\/\/dev.xnet-x.net\/es\/grupo-anticorrupcion-catalunya\/#breadcrumb\"},\"inLanguage\":\"es\",\"potentialAction\":[{\"@type\":\"ReadAction\",\"target\":[[\"https:\/\/dev.xnet-x.net\/es\/grupo-anticorrupcion-catalunya\/\"]]}]},{\"@type\":\"ImageObject\",\"inLanguage\":\"es\",\"@id\":\"https:\/\/dev.xnet-x.net\/es\/grupo-anticorrupcion-catalunya\/#primaryimage\",\"url\":\"https:\/\/dev.xnet-x.net\/img\/grup-anticorrupcio-catalunya-img.jpg\",\"contentUrl\":\"https:\/\/dev.xnet-x.net\/img\/grup-anticorrupcio-catalunya-img.jpg\",\"width\":1200,\"height\":630,\"caption\":\"Grup de trebal Contra la Corrupci\u00f3 a Catalunya\"},{\"@type\":\"BreadcrumbList\",\"@id\":\"https:\/\/dev.xnet-x.net\/es\/grupo-anticorrupcion-catalunya\/#breadcrumb\",\"itemListElement\":[{\"@type\":\"ListItem\",\"position\":1,\"name\":\"Portada\",\"item\":\"https:\/\/dev.xnet-x.net\/es\/\"},{\"@type\":\"ListItem\",\"position\":2,\"name\":\"Nace el Grupo Ciudadano Contra la Corrupci\u00f3n en Catalunya\"}]},{\"@type\":\"WebSite\",\"@id\":\"https:\/\/dev.xnet-x.net\/es\/#website\",\"url\":\"https:\/\/dev.xnet-x.net\/es\/\",\"name\":\"[:es]Xnet - Internet, derechos y democracia en la era digital[:ca]Xnet - Internet, drets i democr\u00e0cia en l'era digital[:en]Xnet - Internet freedoms & digital rights[:]\",\"description\":\"Xnet: Internet, informaci\u00f3n y cultura libres. Tecnopol\u00edtica. Datos, algoritmos y derechos digitales. Libertad de expresi\u00f3n. Democracia y anticorrupci\u00f3n\",\"publisher\":{\"@id\":\"https:\/\/dev.xnet-x.net\/es\/#organization\"},\"potentialAction\":[{\"@type\":\"SearchAction\",\"target\":{\"@type\":\"EntryPoint\",\"urlTemplate\":\"https:\/\/dev.xnet-x.net\/es\/?s={search_term_string}\"},\"query-input\":{\"@type\":\"PropertyValueSpecification\",\"valueRequired\":true,\"valueName\":\"search_term_string\"}}],\"inLanguage\":\"es\"},{\"@type\":\"Organization\",\"@id\":\"https:\/\/dev.xnet-x.net\/es\/#organization\",\"name\":\"Xnet - Internet, derechos y democracia en la era digital\",\"url\":\"https:\/\/dev.xnet-x.net\/es\/\",\"logo\":{\"@type\":\"ImageObject\",\"inLanguage\":\"es\",\"@id\":\"https:\/\/dev.xnet-x.net\/es\/#\/schema\/logo\/image\/\",\"url\":\"https:\/\/xnet-x.net\/img\/xnet-logo.png\",\"contentUrl\":\"https:\/\/xnet-x.net\/img\/xnet-logo.png\",\"width\":512,\"height\":512,\"caption\":\"Xnet - Internet, derechos y democracia en la era digital\"},\"image\":{\"@id\":\"https:\/\/dev.xnet-x.net\/es\/#\/schema\/logo\/image\/\"},\"sameAs\":[\"http:\/\/facebook.com\/RedX.Net\/\",\"https:\/\/x.com\/x_net_\",\"https:\/\/es.wikipedia.org\/wiki\/Xnet\"]},{\"@type\":\"Person\",\"@id\":\"https:\/\/dev.xnet-x.net\/es\/#\/schema\/person\/286e07d1c80ea3bcc60b6ef8b146e637\",\"name\":\"Xnet\",\"image\":{\"@type\":\"ImageObject\",\"inLanguage\":\"es\",\"@id\":\"https:\/\/dev.xnet-x.net\/es\/#\/schema\/person\/image\/\",\"url\":\"https:\/\/secure.gravatar.com\/avatar\/76eee622ce1df16aa986c0f990545e62b4c87e399e6c2a5fcfe24a092d2ba829?s=96&d=mm&r=g\",\"contentUrl\":\"https:\/\/secure.gravatar.com\/avatar\/76eee622ce1df16aa986c0f990545e62b4c87e399e6c2a5fcfe24a092d2ba829?s=96&d=mm&r=g\",\"caption\":\"Xnet\"}}]}<\/script>\n<!-- \/ Yoast SEO plugin. -->","yoast_head_json":{"title":"Nace el Grupo Ciudadano Contra la Corrupci\u00f3n en Catalunya","robots":{"index":"index","follow":"follow","max-snippet":"max-snippet:-1","max-image-preview":"max-image-preview:large","max-video-preview":"max-video-preview:-1"},"canonical":"https:\/\/dev.xnet-x.net\/es\/grupo-anticorrupcion-catalunya\/","twitter_misc":{"Escrito por":"Xnet","Tiempo de lectura":"16 minutos"},"schema":{"@context":"https:\/\/schema.org","@graph":[{"@type":"Article","@id":"https:\/\/dev.xnet-x.net\/es\/grupo-anticorrupcion-catalunya\/#article","isPartOf":{"@id":"https:\/\/dev.xnet-x.net\/es\/grupo-anticorrupcion-catalunya\/"},"author":{"name":"Xnet","@id":"https:\/\/dev.xnet-x.net\/es\/#\/schema\/person\/286e07d1c80ea3bcc60b6ef8b146e637"},"headline":"Nace el Grupo Ciudadano Contra la Corrupci\u00f3n en Catalunya","datePublished":"2015-01-11T13:00:21+00:00","dateModified":"2021-09-08T10:42:40+00:00","mainEntityOfPage":{"@id":"https:\/\/dev.xnet-x.net\/es\/grupo-anticorrupcion-catalunya\/"},"wordCount":3310,"publisher":{"@id":"https:\/\/dev.xnet-x.net\/es\/#organization"},"image":{"@id":"https:\/\/dev.xnet-x.net\/es\/grupo-anticorrupcion-catalunya\/#primaryimage"},"thumbnailUrl":"https:\/\/dev.xnet-x.net\/img\/grup-anticorrupcio-catalunya-img.jpg","articleSection":["Blog - Nuestras acciones"],"inLanguage":"es"},{"@type":"WebPage","@id":"https:\/\/dev.xnet-x.net\/es\/grupo-anticorrupcion-catalunya\/","url":"https:\/\/dev.xnet-x.net\/es\/grupo-anticorrupcion-catalunya\/","name":"Nace el Grupo Ciudadano Contra la Corrupci\u00f3n en Catalunya","isPartOf":{"@id":"https:\/\/dev.xnet-x.net\/es\/#website"},"primaryImageOfPage":{"@id":"https:\/\/dev.xnet-x.net\/es\/grupo-anticorrupcion-catalunya\/#primaryimage"},"image":{"@id":"https:\/\/dev.xnet-x.net\/es\/grupo-anticorrupcion-catalunya\/#primaryimage"},"thumbnailUrl":"https:\/\/dev.xnet-x.net\/img\/grup-anticorrupcio-catalunya-img.jpg","datePublished":"2015-01-11T13:00:21+00:00","dateModified":"2021-09-08T10:42:40+00:00","breadcrumb":{"@id":"https:\/\/dev.xnet-x.net\/es\/grupo-anticorrupcion-catalunya\/#breadcrumb"},"inLanguage":"es","potentialAction":[{"@type":"ReadAction","target":[["https:\/\/dev.xnet-x.net\/es\/grupo-anticorrupcion-catalunya\/"]]}]},{"@type":"ImageObject","inLanguage":"es","@id":"https:\/\/dev.xnet-x.net\/es\/grupo-anticorrupcion-catalunya\/#primaryimage","url":"https:\/\/dev.xnet-x.net\/img\/grup-anticorrupcio-catalunya-img.jpg","contentUrl":"https:\/\/dev.xnet-x.net\/img\/grup-anticorrupcio-catalunya-img.jpg","width":1200,"height":630,"caption":"Grup de trebal Contra la Corrupci\u00f3 a Catalunya"},{"@type":"BreadcrumbList","@id":"https:\/\/dev.xnet-x.net\/es\/grupo-anticorrupcion-catalunya\/#breadcrumb","itemListElement":[{"@type":"ListItem","position":1,"name":"Portada","item":"https:\/\/dev.xnet-x.net\/es\/"},{"@type":"ListItem","position":2,"name":"Nace el Grupo Ciudadano Contra la Corrupci\u00f3n en Catalunya"}]},{"@type":"WebSite","@id":"https:\/\/dev.xnet-x.net\/es\/#website","url":"https:\/\/dev.xnet-x.net\/es\/","name":"[:es]Xnet - Internet, derechos y democracia en la era digital[:ca]Xnet - Internet, drets i democr\u00e0cia en l'era digital[:en]Xnet - Internet freedoms & digital rights[:]","description":"Xnet: Internet, informaci\u00f3n y cultura libres. Tecnopol\u00edtica. Datos, algoritmos y derechos digitales. Libertad de expresi\u00f3n. Democracia y anticorrupci\u00f3n","publisher":{"@id":"https:\/\/dev.xnet-x.net\/es\/#organization"},"potentialAction":[{"@type":"SearchAction","target":{"@type":"EntryPoint","urlTemplate":"https:\/\/dev.xnet-x.net\/es\/?s={search_term_string}"},"query-input":{"@type":"PropertyValueSpecification","valueRequired":true,"valueName":"search_term_string"}}],"inLanguage":"es"},{"@type":"Organization","@id":"https:\/\/dev.xnet-x.net\/es\/#organization","name":"Xnet - Internet, derechos y democracia en la era digital","url":"https:\/\/dev.xnet-x.net\/es\/","logo":{"@type":"ImageObject","inLanguage":"es","@id":"https:\/\/dev.xnet-x.net\/es\/#\/schema\/logo\/image\/","url":"https:\/\/xnet-x.net\/img\/xnet-logo.png","contentUrl":"https:\/\/xnet-x.net\/img\/xnet-logo.png","width":512,"height":512,"caption":"Xnet - Internet, derechos y democracia en la era digital"},"image":{"@id":"https:\/\/dev.xnet-x.net\/es\/#\/schema\/logo\/image\/"},"sameAs":["http:\/\/facebook.com\/RedX.Net\/","https:\/\/x.com\/x_net_","https:\/\/es.wikipedia.org\/wiki\/Xnet"]},{"@type":"Person","@id":"https:\/\/dev.xnet-x.net\/es\/#\/schema\/person\/286e07d1c80ea3bcc60b6ef8b146e637","name":"Xnet","image":{"@type":"ImageObject","inLanguage":"es","@id":"https:\/\/dev.xnet-x.net\/es\/#\/schema\/person\/image\/","url":"https:\/\/secure.gravatar.com\/avatar\/76eee622ce1df16aa986c0f990545e62b4c87e399e6c2a5fcfe24a092d2ba829?s=96&d=mm&r=g","contentUrl":"https:\/\/secure.gravatar.com\/avatar\/76eee622ce1df16aa986c0f990545e62b4c87e399e6c2a5fcfe24a092d2ba829?s=96&d=mm&r=g","caption":"Xnet"}}]}},"_links":{"self":[{"href":"https:\/\/dev.xnet-x.net\/es\/wp-json\/wp\/v2\/posts\/7055","targetHints":{"allow":["GET"]}}],"collection":[{"href":"https:\/\/dev.xnet-x.net\/es\/wp-json\/wp\/v2\/posts"}],"about":[{"href":"https:\/\/dev.xnet-x.net\/es\/wp-json\/wp\/v2\/types\/post"}],"author":[{"embeddable":true,"href":"https:\/\/dev.xnet-x.net\/es\/wp-json\/wp\/v2\/users\/8"}],"replies":[{"embeddable":true,"href":"https:\/\/dev.xnet-x.net\/es\/wp-json\/wp\/v2\/comments?post=7055"}],"version-history":[{"count":11,"href":"https:\/\/dev.xnet-x.net\/es\/wp-json\/wp\/v2\/posts\/7055\/revisions"}],"predecessor-version":[{"id":22936,"href":"https:\/\/dev.xnet-x.net\/es\/wp-json\/wp\/v2\/posts\/7055\/revisions\/22936"}],"wp:featuredmedia":[{"embeddable":true,"href":"https:\/\/dev.xnet-x.net\/es\/wp-json\/wp\/v2\/media\/7815"}],"wp:attachment":[{"href":"https:\/\/dev.xnet-x.net\/es\/wp-json\/wp\/v2\/media?parent=7055"}],"wp:term":[{"taxonomy":"category","embeddable":true,"href":"https:\/\/dev.xnet-x.net\/es\/wp-json\/wp\/v2\/categories?post=7055"},{"taxonomy":"post_tag","embeddable":true,"href":"https:\/\/dev.xnet-x.net\/es\/wp-json\/wp\/v2\/tags?post=7055"}],"curies":[{"name":"wp","href":"https:\/\/api.w.org\/{rel}","templated":true}]}}