{"id":6447,"date":"2014-10-05T17:46:17","date_gmt":"2014-10-05T16:46:17","guid":{"rendered":"http:\/\/xnet-x.net\/?p=6447"},"modified":"2018-07-13T15:09:10","modified_gmt":"2018-07-13T13:09:10","slug":"no-al-ttip","status":"publish","type":"post","link":"https:\/\/dev.xnet-x.net\/es\/recordando-lo-aprendido-en-la-lucha-contra-acta-y-la-ley-sinde-dentro-del-marco-de-la-resistencia-al-ttip\/","title":{"rendered":"Recordando lo aprendido en la lucha contra ACTA y la Ley Sinde, dentro del marco de la resistencia al TTIP"},"content":{"rendered":"<p><em>Este s\u00e1bado a las 19:15h Simona recordar\u00e1 lo aprendido con #ACTA y como aplicarlo a la lucha contra el #TTIP, dentro de las <a href=\"http:\/\/noalttip.blogspot.com.es\/p\/11-de-oct-dia-de-accion-contra-el-ttip.html\" title=\"ir a la web de Plataforma NoalTTIP\" target=\"_blank\">jornadas del D\u00eda de Acci\u00f3n Contra el TTIP<\/a>, en el CCCB de BCN.<\/em><\/p>\n<p>Una <strong>Red neutral<\/strong>, donde nadie tenga el poder de ejercer un bloqueo que restrinja la libre interconexi\u00f3n, informaci\u00f3n y comunicaci\u00f3n de sus usuarios y donde <strong>mi Bit no vale menos que el Bit de una multinacional<\/strong>, existe por que los \u00abpadres fundadores ;)\u00bb la han hecho as\u00ed. Se puede mejorar, pero se debe sobretodo preservar contra los ataques que quieren transformar una vez m\u00e1s una herramienta de todos en una herramienta de unos pocos. <\/p>\n<h3>La lucha por la neutralidad de la Red y por la aprobaci\u00f3n de legislaciones que la blinden legalmente es una batalla clave para la democracia en el SXXI y la libertad humana.<\/h3>\n<p>La raz\u00f3n para atacar la neutralidad de la Red tiene una doble funci\u00f3n.<br \/>\n-Pol\u00edtica:  un control total por parte de los gobiernos y de los intereses que los  dirigen sobre la herramienta, sobre un espacio en el que las  oportunidades de partida son iguales para todos. Para ejercer este  control se necesitan excusas e inculcar miedos suficientes como para que  una poblaci\u00f3n acepte mansamente ser expoliada de sus libertades.<\/p>\n<p>&#8211;  Econ\u00f3mica: Todos los modelos que democratizan la posibilidad de  emprender afectan monopolios econ\u00f3micos que reclaman ser protegidos.  Para ejercer este control se necesitan excusas e inculcar miedos  suficientes como para que una poblaci\u00f3n acepte mansamente ser expoliada de formas  de subsistencia comunes. <\/p>\n<p>Internet es una herramienta de democratizaci\u00f3n a muchos niveles. Como los llamados Tratados de Libre Comercio y como EN los Tratados de Libre Comercio, <strong>las diferentes leyes dirigidos a controlar Internet han tenido y tienen el mismo esp\u00edritu: legislar salt\u00e1ndose los cauces democr\u00e1ticos reconocidos<\/strong>, creando e intentando aplicar una legalidad diferente a la que contempla el ordenamiento jur\u00eddico y que consideramos unos m\u00ednimos que adem\u00e1s han sido conquistado por luchas anteriores.<\/p>\n<p>Por ejemplo, si recordamos la primera redacci\u00f3n de la llamada  Ley Sinde:<\/p>\n<div style=\"padding:15px; border: 2px solid #c6c6c6\"><em>2. Los \u00f3rganos competentes [figura \u00abret\u00f3rica\u00bb para disfrazar que ya no es un tribunal que act\u00faa sino un simple \u00f3rgano administrativo, al estilo de una comisi\u00f3n de censura, aut\u00f3noma de la ley] para la adopci\u00f3n de las medidas, con el objeto de identificar al responsable del servicio de la sociedad de la informaci\u00f3n [o sea cualquiera que use internet, desde un simple blog a la mism\u00edsima Telef\u00f3nica]  que est\u00e1 realizando la conducta presuntamente vulneradora [zas, me salto la presunci\u00f3n de inocencia], podr\u00e1n requerir a los prestadores de servicios de la sociedad de la informaci\u00f3n la comunicaci\u00f3n de los datos que permitan tal identificaci\u00f3n a fin de que pueda comparecer en el procedimiento. Los prestadores estar\u00e1n obligados a facilitar los datos de que dispongan.<\/em><\/div>\n<p>&nbsp;<br \/>\nVemos como su redacci\u00f3n revela, adem\u00e1s de una total ignorancia sobre qu\u00e9 es y c\u00f3mo funciona esto de Internet, se salta de un solo brinco la legalidad y la presunci\u00f3n de inocencia, permitiendo que sean las multinacionales y lobbys, con el benepl\u00e1cito de los gobiernos y dejando a un lado los \u00f3rganos judiciales, los que controlen qu\u00e9 es legal o no en la Red.<\/p>\n<p>Seg\u00fan este modelo, las empresan privadas vigilan y supervisan la informaci\u00f3n compartida; Telef\u00f3nica, y no la ley, controla el espacio; mientras que los jueces solo cursan (autorizan) las \u00f3rdenes (\u00abvamos a cerrar tu web\u00bb, \u00abdame todos los datos de este usuario\u00bb) sin que medie resoluci\u00f3n alguna, esto es, sin esclarecer o no si hay delito.<br \/>\nTodo esto llevado a cabo mediante un tr\u00e1mite de urgencia reservado hasta el momento para cuestiones de m\u00e1xima importancia tales como:<\/p>\n<div style=\"padding:15px;\">\na) La salvaguarda del orden p\u00fablico, la investigaci\u00f3n penal, la seguridad p\u00fablica y la defensa nacional.<br \/>\nb)   La protecci\u00f3n de la salud p\u00fablica o de las personas f\u00edsicas o  jur\u00eddicas  que tengan la condici\u00f3n de consumidores o usuarios, incluso  cuando  act\u00faen como inversores.<br \/>\nc)   El respeto a la dignidad de la persona y al principio de no   discriminaci\u00f3n por motivos de raza, sexo, religi\u00f3n, opini\u00f3n,   nacionalidad, discapacidad o cualquier otra circunstancia personal o   social.<br \/>\nd) La protecci\u00f3n de la juventud y de la infancia.\n<\/div>\n<p>Un tr\u00e1mite que solo era utilizado para la defensa de intereses comunes pasa de este modo a estar al servicio del<strong> gremio del copyright, un monopolio que dificulta la libre circulaci\u00f3n de la cultura y el beneficio de las autoras y autores<\/strong>, equiparando los intereses gremiales de las multinacionales a los del com\u00fan, la ciudadan\u00eda.<\/p>\n<p>Pero como bien ilustra Cory Doctorow, la guerra del  copyright es solo un ensayo de una v\u00eda para intentar el control de  internet.<\/p>\n<p>El esp\u00edritu de esta primera versi\u00f3n de la ley, cuyo da\u00f1o desactivamos en su esencia en dos a\u00f1os de lucha, es parte de esta nueva moda econ\u00f3mico-legislativa (no tan nueva porque tiene varios decenios empezando por los pa\u00edses en desarrollo) que, a medida que se afianzan embrionarias \u00abdemocracias\u00bb, busca el modo de pasar por encima de los cauces que se van paulatinamente considerando democr\u00e1ticos.<\/p>\n<p>Esta misma estructura  se da con todos los Tratados de Libre Comercio que se han sufrido en otros continentes y que intentan que suframos en Europa tambi\u00e9n. <\/p>\n<p>Tratados que se caracterizan por una total falta de transparencia, adem\u00e1s de ser producto de <strong>procesos de negociaci\u00f3n absolutamente  antidemocr\u00e1ticos en los que se elude cualquier tipo de mecanismo de participaci\u00f3n en la toma de acuerdos<\/strong>, dejando a un lado ciudadan\u00eda y Parlamentos, incluyen, adem\u00e1s, articulaciones cuyo objetivo es otorgar a grandes empresas y corporaciones el derecho a obviar los Tribunales de Justicia nacionales e internacionales.<\/p>\n<p>As\u00ed se intent\u00f3 con ACTA  que versaba no solo sobre propiedad intelectual, sino tambi\u00e9n sobre patentes y marcas,  incluyendo aquellas patentes con una elevada carga social, como las  manipulaciones gen\u00e9ticas, los productos transg\u00e9nicos, las patentes de  software, modelos de negocio impuestos, etc.).<\/p>\n<p>Debemos hacer notar  adem\u00e1s que todos estos tratados y leyes se refieren a delitos o supestos delitos por los cuales ya existe un marco jur\u00eddico en los cuaces normales y reconocidos del ordenamiento jur\u00eddico.<\/p>\n<p>ACTA fue, hasta el TTIP, el m\u00e1s masivo intento en Europa, pero demostramos que no eran impunes; tumbamos ACTA completamente en 2 a\u00f1os de lucha, demostrando que la la presi\u00f3n de los grupos de la sociedad civil consigue y seguir\u00e1 consiguiendo victorias.<\/p>\n<p>Si en ACTA todos los puntos estaban incluidos directamente, ahora, como veremos en CETA, TTIP y TISA se ha volcado un esfuerzo considerable en fragmentar el contenido e intentar ocupar en muchos frentes diferentes y agotadores a la sociedad civil. A\u00fan as\u00ed la vigilancia ciudadana no cesa de conseguir victorias.<\/p>\n<p><strong>La lucha es, adem\u00e1s, mem\u00e9tica<\/strong>.<\/p>\n<div style=\"float:left; margin: 20px;\">\n<a href=\"http:\/\/xnet-x.net\/img\/logo-solo-pulpo-ttip.png\"><img loading=\"lazy\" decoding=\"async\" src=\"http:\/\/xnet-x.net\/img\/logo-solo-pulpo-ttip-300x300.png\" alt=\"NOalTTIP\" width=\"300\" height=\"300\" class=\"alignleft size-medium wp-image-4983\" \/><\/a>\n<\/div>\n<p>Como hemos dicho, la cruzada por la protecci\u00f3n de los monopolios va acompa\u00f1ada de un intento de criminalizaci\u00f3n de la herramienta que intentan controlar. Si el mensaje \u00abesta herramienta sirve para hacer el mal\u00bb cala en la sociedad, los ciudadanos nos volvemos menos reacios a aceptar perder poder sobre ella.<\/p>\n<p>Mientras los monopolios del copyright est\u00e1n m\u00e1s bien agotados o en parte reconvertidos y menos agresivos en estos tratados, el control de la herramienta, el control de Internet se est\u00e1 intentando por otros imaginarios criminalizadores.<\/p>\n<p><a href=\"http:\/\/edri.org\/ttip-good-samaritan-meets-trojan-horse\/\" title=\"ir a la web de EDRi\" target=\"_blank\">Informaciones recientes indican que EE.UU. solicita  incluir en el TTIP parte de su Ley de Decencia en las  Comunicaciones  (CDA)<\/a>. Bajo la cl\u00e1usula del \u00abbuen samaritano\u00bb, esta ley otorga a los proveedeores de servicios e intermediarios de internet  el  derecho de  actuar, siempre que sea de \u00abbuena fe\u00bb, como polic\u00edas de  la  Red,  monitorizando e incluso sancionando preventivamente actos que puedan  suponer una posible infracci\u00f3n. <strong>Bajo dulces palabras como \u00abdecencia\u00bb y \u00abbuena fe\u00bb se quiere imponer una legislaci\u00f3n que pone otra vez  a las corporaciones por encima de la justicia y el estado de derecho <\/strong>y abre las puertas de par en par a la censura, poniendo en riesgo, no solo la neutralidad de la red, sino tambi\u00e9n los derechos fundamentales de nosotros, los  usuarios.<\/p>\n<p>Y de nuevo, estamos hablando de delitos sobre los que ya existe legislaci\u00f3n. Internet no es otro mundo, es una parte importante de \u00e9ste. Ya hay leyes contra el acoso, aplicables al \u00abciberacoso\u00bb u otras formas de \u00abindecencias\u00bb.<\/p>\n<p>Si bien es cierto que del TTIP no se ha podido filtrar casi nada sobre la inclusi\u00f3n de temas de copyright, <strong>lo peor del tratado ACTA podr\u00eda reaparecer de nuevo como un grave ataque a derechos fundamentales <\/strong>como son la libertad de expresi\u00f3n, la privacidad y el libre acceso a la informaci\u00f3n y el conocimiento, entre otros. <\/p>\n<p>Su  propia estructura, la del TTIP, es parte de este dise\u00f1o que pretende saltarse los cauces convencionales de la democracia justo ahora que la ciudadan\u00eda los est\u00e1 conquistando.<\/p>\n<p>Y una vez m\u00e1s no lo permitiremos.<\/p>\n<p>\u00a1Seguimos!<\/p>","protected":false},"excerpt":{"rendered":"<p>Mi Bit no vale menos q el Bit de una multinacional #NetNeutrality Internet libre o barb\u00e1rie #NOalTTIP<\/p>\n","protected":false},"author":5,"featured_media":6448,"comment_status":"closed","ping_status":"closed","sticky":false,"template":"","format":"standard","meta":{"footnotes":""},"categories":[52],"tags":[],"class_list":["post-6447","post","type-post","status-publish","format-standard","has-post-thumbnail","hentry","category-blog"],"yoast_head":"<!-- This site is optimized with the Yoast SEO plugin v26.7 - https:\/\/yoast.com\/wordpress\/plugins\/seo\/ -->\n<title>Recordando lo aprendido en la lucha contra ACTA y la Ley Sinde, dentro del marco de la resistencia al TTIP<\/title>\n<meta name=\"robots\" content=\"index, follow, max-snippet:-1, max-image-preview:large, max-video-preview:-1\" \/>\n<link rel=\"canonical\" href=\"https:\/\/dev.xnet-x.net\/es\/recordando-lo-aprendido-en-la-lucha-contra-acta-y-la-ley-sinde-dentro-del-marco-de-la-resistencia-al-ttip\/\" \/>\n<meta name=\"twitter:label1\" content=\"Escrito por\" \/>\n\t<meta name=\"twitter:data1\" content=\"Xnet\" \/>\n\t<meta name=\"twitter:label2\" content=\"Tiempo de lectura\" \/>\n\t<meta name=\"twitter:data2\" content=\"14 minutos\" \/>\n<script type=\"application\/ld+json\" class=\"yoast-schema-graph\">{\"@context\":\"https:\/\/schema.org\",\"@graph\":[{\"@type\":\"Article\",\"@id\":\"https:\/\/dev.xnet-x.net\/es\/recordando-lo-aprendido-en-la-lucha-contra-acta-y-la-ley-sinde-dentro-del-marco-de-la-resistencia-al-ttip\/#article\",\"isPartOf\":{\"@id\":\"https:\/\/dev.xnet-x.net\/es\/recordando-lo-aprendido-en-la-lucha-contra-acta-y-la-ley-sinde-dentro-del-marco-de-la-resistencia-al-ttip\/\"},\"author\":{\"name\":\"Xnet\",\"@id\":\"https:\/\/dev.xnet-x.net\/es\/#\/schema\/person\/919c7ab500254f012b3e8975a5cf2bc3\"},\"headline\":\"Recordando lo aprendido en la lucha contra ACTA y la Ley Sinde, dentro del marco de la resistencia al TTIP\",\"datePublished\":\"2014-10-05T16:46:17+00:00\",\"dateModified\":\"2018-07-13T13:09:10+00:00\",\"mainEntityOfPage\":{\"@id\":\"https:\/\/dev.xnet-x.net\/es\/recordando-lo-aprendido-en-la-lucha-contra-acta-y-la-ley-sinde-dentro-del-marco-de-la-resistencia-al-ttip\/\"},\"wordCount\":2871,\"publisher\":{\"@id\":\"https:\/\/dev.xnet-x.net\/es\/#organization\"},\"image\":{\"@id\":\"https:\/\/dev.xnet-x.net\/es\/recordando-lo-aprendido-en-la-lucha-contra-acta-y-la-ley-sinde-dentro-del-marco-de-la-resistencia-al-ttip\/#primaryimage\"},\"thumbnailUrl\":\"https:\/\/dev.xnet-x.net\/img\/logo-solo-pulpo-ttip.png\",\"articleSection\":[\"Blog - Nuestras acciones\"],\"inLanguage\":\"es\"},{\"@type\":\"WebPage\",\"@id\":\"https:\/\/dev.xnet-x.net\/es\/recordando-lo-aprendido-en-la-lucha-contra-acta-y-la-ley-sinde-dentro-del-marco-de-la-resistencia-al-ttip\/\",\"url\":\"https:\/\/dev.xnet-x.net\/es\/recordando-lo-aprendido-en-la-lucha-contra-acta-y-la-ley-sinde-dentro-del-marco-de-la-resistencia-al-ttip\/\",\"name\":\"Recordando lo aprendido en la lucha contra ACTA y la Ley Sinde, dentro del marco de la resistencia al TTIP\",\"isPartOf\":{\"@id\":\"https:\/\/dev.xnet-x.net\/es\/#website\"},\"primaryImageOfPage\":{\"@id\":\"https:\/\/dev.xnet-x.net\/es\/recordando-lo-aprendido-en-la-lucha-contra-acta-y-la-ley-sinde-dentro-del-marco-de-la-resistencia-al-ttip\/#primaryimage\"},\"image\":{\"@id\":\"https:\/\/dev.xnet-x.net\/es\/recordando-lo-aprendido-en-la-lucha-contra-acta-y-la-ley-sinde-dentro-del-marco-de-la-resistencia-al-ttip\/#primaryimage\"},\"thumbnailUrl\":\"https:\/\/dev.xnet-x.net\/img\/logo-solo-pulpo-ttip.png\",\"datePublished\":\"2014-10-05T16:46:17+00:00\",\"dateModified\":\"2018-07-13T13:09:10+00:00\",\"breadcrumb\":{\"@id\":\"https:\/\/dev.xnet-x.net\/es\/recordando-lo-aprendido-en-la-lucha-contra-acta-y-la-ley-sinde-dentro-del-marco-de-la-resistencia-al-ttip\/#breadcrumb\"},\"inLanguage\":\"es\",\"potentialAction\":[{\"@type\":\"ReadAction\",\"target\":[[\"https:\/\/dev.xnet-x.net\/es\/recordando-lo-aprendido-en-la-lucha-contra-acta-y-la-ley-sinde-dentro-del-marco-de-la-resistencia-al-ttip\/\"]]}]},{\"@type\":\"ImageObject\",\"inLanguage\":\"es\",\"@id\":\"https:\/\/dev.xnet-x.net\/es\/recordando-lo-aprendido-en-la-lucha-contra-acta-y-la-ley-sinde-dentro-del-marco-de-la-resistencia-al-ttip\/#primaryimage\",\"url\":\"https:\/\/dev.xnet-x.net\/img\/logo-solo-pulpo-ttip.png\",\"contentUrl\":\"https:\/\/dev.xnet-x.net\/img\/logo-solo-pulpo-ttip.png\",\"width\":699,\"height\":700,\"caption\":\"NOalTTIP\"},{\"@type\":\"BreadcrumbList\",\"@id\":\"https:\/\/dev.xnet-x.net\/es\/recordando-lo-aprendido-en-la-lucha-contra-acta-y-la-ley-sinde-dentro-del-marco-de-la-resistencia-al-ttip\/#breadcrumb\",\"itemListElement\":[{\"@type\":\"ListItem\",\"position\":1,\"name\":\"Portada\",\"item\":\"https:\/\/dev.xnet-x.net\/es\/\"},{\"@type\":\"ListItem\",\"position\":2,\"name\":\"Recordando lo aprendido en la lucha contra ACTA y la Ley Sinde, dentro del marco de la resistencia al TTIP\"}]},{\"@type\":\"WebSite\",\"@id\":\"https:\/\/dev.xnet-x.net\/es\/#website\",\"url\":\"https:\/\/dev.xnet-x.net\/es\/\",\"name\":\"[:es]Xnet - Internet, derechos y democracia en la era digital[:ca]Xnet - Internet, drets i democr\u00e0cia en l'era digital[:en]Xnet - Internet freedoms & digital rights[:]\",\"description\":\"Xnet: Internet, informaci\u00f3n y cultura libres. Tecnopol\u00edtica. Datos, algoritmos y derechos digitales. Libertad de expresi\u00f3n. Democracia y anticorrupci\u00f3n\",\"publisher\":{\"@id\":\"https:\/\/dev.xnet-x.net\/es\/#organization\"},\"potentialAction\":[{\"@type\":\"SearchAction\",\"target\":{\"@type\":\"EntryPoint\",\"urlTemplate\":\"https:\/\/dev.xnet-x.net\/es\/?s={search_term_string}\"},\"query-input\":{\"@type\":\"PropertyValueSpecification\",\"valueRequired\":true,\"valueName\":\"search_term_string\"}}],\"inLanguage\":\"es\"},{\"@type\":\"Organization\",\"@id\":\"https:\/\/dev.xnet-x.net\/es\/#organization\",\"name\":\"Xnet - Internet, derechos y democracia en la era digital\",\"url\":\"https:\/\/dev.xnet-x.net\/es\/\",\"logo\":{\"@type\":\"ImageObject\",\"inLanguage\":\"es\",\"@id\":\"https:\/\/dev.xnet-x.net\/es\/#\/schema\/logo\/image\/\",\"url\":\"https:\/\/xnet-x.net\/img\/xnet-logo.png\",\"contentUrl\":\"https:\/\/xnet-x.net\/img\/xnet-logo.png\",\"width\":512,\"height\":512,\"caption\":\"Xnet - Internet, derechos y democracia en la era digital\"},\"image\":{\"@id\":\"https:\/\/dev.xnet-x.net\/es\/#\/schema\/logo\/image\/\"},\"sameAs\":[\"http:\/\/facebook.com\/RedX.Net\/\",\"https:\/\/x.com\/x_net_\",\"https:\/\/es.wikipedia.org\/wiki\/Xnet\"]},{\"@type\":\"Person\",\"@id\":\"https:\/\/dev.xnet-x.net\/es\/#\/schema\/person\/919c7ab500254f012b3e8975a5cf2bc3\",\"name\":\"Xnet\",\"image\":{\"@type\":\"ImageObject\",\"inLanguage\":\"es\",\"@id\":\"https:\/\/dev.xnet-x.net\/es\/#\/schema\/person\/image\/\",\"url\":\"https:\/\/secure.gravatar.com\/avatar\/8b8563db88d55a25627c485761032c68d19ec6fbca59b20305af9bd0e10cb624?s=96&d=mm&r=g\",\"contentUrl\":\"https:\/\/secure.gravatar.com\/avatar\/8b8563db88d55a25627c485761032c68d19ec6fbca59b20305af9bd0e10cb624?s=96&d=mm&r=g\",\"caption\":\"Xnet\"}}]}<\/script>\n<!-- \/ Yoast SEO plugin. -->","yoast_head_json":{"title":"Recordando lo aprendido en la lucha contra ACTA y la Ley Sinde, dentro del marco de la resistencia al TTIP","robots":{"index":"index","follow":"follow","max-snippet":"max-snippet:-1","max-image-preview":"max-image-preview:large","max-video-preview":"max-video-preview:-1"},"canonical":"https:\/\/dev.xnet-x.net\/es\/recordando-lo-aprendido-en-la-lucha-contra-acta-y-la-ley-sinde-dentro-del-marco-de-la-resistencia-al-ttip\/","twitter_misc":{"Escrito por":"Xnet","Tiempo de lectura":"14 minutos"},"schema":{"@context":"https:\/\/schema.org","@graph":[{"@type":"Article","@id":"https:\/\/dev.xnet-x.net\/es\/recordando-lo-aprendido-en-la-lucha-contra-acta-y-la-ley-sinde-dentro-del-marco-de-la-resistencia-al-ttip\/#article","isPartOf":{"@id":"https:\/\/dev.xnet-x.net\/es\/recordando-lo-aprendido-en-la-lucha-contra-acta-y-la-ley-sinde-dentro-del-marco-de-la-resistencia-al-ttip\/"},"author":{"name":"Xnet","@id":"https:\/\/dev.xnet-x.net\/es\/#\/schema\/person\/919c7ab500254f012b3e8975a5cf2bc3"},"headline":"Recordando lo aprendido en la lucha contra ACTA y la Ley Sinde, dentro del marco de la resistencia al TTIP","datePublished":"2014-10-05T16:46:17+00:00","dateModified":"2018-07-13T13:09:10+00:00","mainEntityOfPage":{"@id":"https:\/\/dev.xnet-x.net\/es\/recordando-lo-aprendido-en-la-lucha-contra-acta-y-la-ley-sinde-dentro-del-marco-de-la-resistencia-al-ttip\/"},"wordCount":2871,"publisher":{"@id":"https:\/\/dev.xnet-x.net\/es\/#organization"},"image":{"@id":"https:\/\/dev.xnet-x.net\/es\/recordando-lo-aprendido-en-la-lucha-contra-acta-y-la-ley-sinde-dentro-del-marco-de-la-resistencia-al-ttip\/#primaryimage"},"thumbnailUrl":"https:\/\/dev.xnet-x.net\/img\/logo-solo-pulpo-ttip.png","articleSection":["Blog - Nuestras acciones"],"inLanguage":"es"},{"@type":"WebPage","@id":"https:\/\/dev.xnet-x.net\/es\/recordando-lo-aprendido-en-la-lucha-contra-acta-y-la-ley-sinde-dentro-del-marco-de-la-resistencia-al-ttip\/","url":"https:\/\/dev.xnet-x.net\/es\/recordando-lo-aprendido-en-la-lucha-contra-acta-y-la-ley-sinde-dentro-del-marco-de-la-resistencia-al-ttip\/","name":"Recordando lo aprendido en la lucha contra ACTA y la Ley Sinde, dentro del marco de la resistencia al TTIP","isPartOf":{"@id":"https:\/\/dev.xnet-x.net\/es\/#website"},"primaryImageOfPage":{"@id":"https:\/\/dev.xnet-x.net\/es\/recordando-lo-aprendido-en-la-lucha-contra-acta-y-la-ley-sinde-dentro-del-marco-de-la-resistencia-al-ttip\/#primaryimage"},"image":{"@id":"https:\/\/dev.xnet-x.net\/es\/recordando-lo-aprendido-en-la-lucha-contra-acta-y-la-ley-sinde-dentro-del-marco-de-la-resistencia-al-ttip\/#primaryimage"},"thumbnailUrl":"https:\/\/dev.xnet-x.net\/img\/logo-solo-pulpo-ttip.png","datePublished":"2014-10-05T16:46:17+00:00","dateModified":"2018-07-13T13:09:10+00:00","breadcrumb":{"@id":"https:\/\/dev.xnet-x.net\/es\/recordando-lo-aprendido-en-la-lucha-contra-acta-y-la-ley-sinde-dentro-del-marco-de-la-resistencia-al-ttip\/#breadcrumb"},"inLanguage":"es","potentialAction":[{"@type":"ReadAction","target":[["https:\/\/dev.xnet-x.net\/es\/recordando-lo-aprendido-en-la-lucha-contra-acta-y-la-ley-sinde-dentro-del-marco-de-la-resistencia-al-ttip\/"]]}]},{"@type":"ImageObject","inLanguage":"es","@id":"https:\/\/dev.xnet-x.net\/es\/recordando-lo-aprendido-en-la-lucha-contra-acta-y-la-ley-sinde-dentro-del-marco-de-la-resistencia-al-ttip\/#primaryimage","url":"https:\/\/dev.xnet-x.net\/img\/logo-solo-pulpo-ttip.png","contentUrl":"https:\/\/dev.xnet-x.net\/img\/logo-solo-pulpo-ttip.png","width":699,"height":700,"caption":"NOalTTIP"},{"@type":"BreadcrumbList","@id":"https:\/\/dev.xnet-x.net\/es\/recordando-lo-aprendido-en-la-lucha-contra-acta-y-la-ley-sinde-dentro-del-marco-de-la-resistencia-al-ttip\/#breadcrumb","itemListElement":[{"@type":"ListItem","position":1,"name":"Portada","item":"https:\/\/dev.xnet-x.net\/es\/"},{"@type":"ListItem","position":2,"name":"Recordando lo aprendido en la lucha contra ACTA y la Ley Sinde, dentro del marco de la resistencia al TTIP"}]},{"@type":"WebSite","@id":"https:\/\/dev.xnet-x.net\/es\/#website","url":"https:\/\/dev.xnet-x.net\/es\/","name":"[:es]Xnet - Internet, derechos y democracia en la era digital[:ca]Xnet - Internet, drets i democr\u00e0cia en l'era digital[:en]Xnet - Internet freedoms & digital rights[:]","description":"Xnet: Internet, informaci\u00f3n y cultura libres. Tecnopol\u00edtica. Datos, algoritmos y derechos digitales. Libertad de expresi\u00f3n. Democracia y anticorrupci\u00f3n","publisher":{"@id":"https:\/\/dev.xnet-x.net\/es\/#organization"},"potentialAction":[{"@type":"SearchAction","target":{"@type":"EntryPoint","urlTemplate":"https:\/\/dev.xnet-x.net\/es\/?s={search_term_string}"},"query-input":{"@type":"PropertyValueSpecification","valueRequired":true,"valueName":"search_term_string"}}],"inLanguage":"es"},{"@type":"Organization","@id":"https:\/\/dev.xnet-x.net\/es\/#organization","name":"Xnet - Internet, derechos y democracia en la era digital","url":"https:\/\/dev.xnet-x.net\/es\/","logo":{"@type":"ImageObject","inLanguage":"es","@id":"https:\/\/dev.xnet-x.net\/es\/#\/schema\/logo\/image\/","url":"https:\/\/xnet-x.net\/img\/xnet-logo.png","contentUrl":"https:\/\/xnet-x.net\/img\/xnet-logo.png","width":512,"height":512,"caption":"Xnet - Internet, derechos y democracia en la era digital"},"image":{"@id":"https:\/\/dev.xnet-x.net\/es\/#\/schema\/logo\/image\/"},"sameAs":["http:\/\/facebook.com\/RedX.Net\/","https:\/\/x.com\/x_net_","https:\/\/es.wikipedia.org\/wiki\/Xnet"]},{"@type":"Person","@id":"https:\/\/dev.xnet-x.net\/es\/#\/schema\/person\/919c7ab500254f012b3e8975a5cf2bc3","name":"Xnet","image":{"@type":"ImageObject","inLanguage":"es","@id":"https:\/\/dev.xnet-x.net\/es\/#\/schema\/person\/image\/","url":"https:\/\/secure.gravatar.com\/avatar\/8b8563db88d55a25627c485761032c68d19ec6fbca59b20305af9bd0e10cb624?s=96&d=mm&r=g","contentUrl":"https:\/\/secure.gravatar.com\/avatar\/8b8563db88d55a25627c485761032c68d19ec6fbca59b20305af9bd0e10cb624?s=96&d=mm&r=g","caption":"Xnet"}}]}},"_links":{"self":[{"href":"https:\/\/dev.xnet-x.net\/es\/wp-json\/wp\/v2\/posts\/6447","targetHints":{"allow":["GET"]}}],"collection":[{"href":"https:\/\/dev.xnet-x.net\/es\/wp-json\/wp\/v2\/posts"}],"about":[{"href":"https:\/\/dev.xnet-x.net\/es\/wp-json\/wp\/v2\/types\/post"}],"author":[{"embeddable":true,"href":"https:\/\/dev.xnet-x.net\/es\/wp-json\/wp\/v2\/users\/5"}],"replies":[{"embeddable":true,"href":"https:\/\/dev.xnet-x.net\/es\/wp-json\/wp\/v2\/comments?post=6447"}],"version-history":[{"count":10,"href":"https:\/\/dev.xnet-x.net\/es\/wp-json\/wp\/v2\/posts\/6447\/revisions"}],"predecessor-version":[{"id":15565,"href":"https:\/\/dev.xnet-x.net\/es\/wp-json\/wp\/v2\/posts\/6447\/revisions\/15565"}],"wp:featuredmedia":[{"embeddable":true,"href":"https:\/\/dev.xnet-x.net\/es\/wp-json\/wp\/v2\/media\/6448"}],"wp:attachment":[{"href":"https:\/\/dev.xnet-x.net\/es\/wp-json\/wp\/v2\/media?parent=6447"}],"wp:term":[{"taxonomy":"category","embeddable":true,"href":"https:\/\/dev.xnet-x.net\/es\/wp-json\/wp\/v2\/categories?post=6447"},{"taxonomy":"post_tag","embeddable":true,"href":"https:\/\/dev.xnet-x.net\/es\/wp-json\/wp\/v2\/tags?post=6447"}],"curies":[{"name":"wp","href":"https:\/\/api.w.org\/{rel}","templated":true}]}}