{"id":5394,"date":"2015-01-01T00:07:00","date_gmt":"2014-12-31T23:07:00","guid":{"rendered":"http:\/\/xnet-x.net\/?p=5394"},"modified":"2025-12-11T11:01:41","modified_gmt":"2025-12-11T09:01:41","slug":"simona-levi-tecnopolitica-derechos-digitales","status":"publish","type":"post","link":"https:\/\/dev.xnet-x.net\/es\/simona-levi\/","title":{"rendered":"Simona Levi (Fundadora) | Incidencia"},"content":{"rendered":"<p>Directora de teatro, dramaturga, estratega tecnopol\u00edtica, consultora independiente y activista, en 2017 la revista <a href=\"https:\/\/www.rollingstone.com\/culture\/pictures\/25-people-shaping-future-in-tech-science-medicine-activism-w511978\" rel=\"noopener noreferrer\" target=\"_blank\">Rolling Stone<\/a> eligi\u00f3 a Simona Levi como una de las 25 personas que est\u00e1n dando forma al futuro.<\/p>\n<p>Desde 2018 dise\u00f1a y co-dirige el <a href=\"https:\/\/xnet-x.net\/posgrado-tecnopolitica-simona-levi\/\" rel=\"noopener noreferrer\" target=\"_blank\">Curso de Postgrado en Tecnopol\u00edtica y Derechos en la Era Digital<\/a> primero en la Universitat Pompeu Fabra, luego en la Universitat de Barcelona. <\/p>\n<p>Es iniciadora de proyectos como Xnet &#8211; Instituto para la digitalizaci\u00f3n democr\u00e1tica y los derechos digitales &#8211;  o 15MPARATO, que ha impulsado el caso Bankia \u2013 el 5\u00ba banco del estado espa\u00f1ol &#8211; y el caso de las tarjetas black que ha llevado a la condena de 65 pol\u00edticos y banqueros, de los que 15 encarcelados, entre los cuales se encuentra el exministro de econom\u00eda de Espa\u00f1a y expresidente del Fondo Monetario Internacional. <\/p>\n<p>En 2021, public\u00f3 para la Oficina de Publicaciones de la Uni\u00f3n Europea el informe \u00abPropuesta para una digitalizaci\u00f3n soberana y democr\u00e1tica de Europa\u00bb a solicitud del Presidente del Parlamento Europeo\u200b.<\/p>\n<p>Es autora de varios libros. Entre ellos destacamos \u00ab<a href=\"https:\/\/xnet-x.net\/es\/digitalizacion-democratica-soberania-digital-personas\/\" rel=\"noopener\" target=\"_blank\"><strong>Digitalizaci\u00f3n Democr\u00e1tica. Soberan\u00eda Digital para las Personas<\/a><\/strong>\u00bb (Rayo Verde 2024); \u00ab<strong><a href=\"https:\/\/xnet-x.net\/en\/fakeyou-disinformation-free-download\/\" rel=\"noopener\" target=\"_blank\">Fake You -An Activist\u2019s Guide to Defeating Disinformation<\/strong> \u2013 Don\u2019t blame the people, don\u2019t blame the Internet. Blame the power<\/a>\u00bb (Xnet 2024); \u00ab<strong><a href=\"https:\/\/xnet-x.net\/es\/informe-fake-news-desinformacion\/\" rel=\"noopener\" target=\"_blank\"> #FakeYou \u2014 Fake news y desinformaci\u00f3n<\/strong><\/a> \u2013 Gobiernos, partidos pol\u00edticos, medios de comunicaci\u00f3n de masas, corporaciones, grandes fortunas: monopolios de la manipulaci\u00f3n informativa y recortes de la libertad de expresi\u00f3n\u00bb (Rayo Verde 2019); \u00ab<strong><a href=\"https:\/\/xnet-x.net\/es\/votar-y-cobrar-la-impunidad-como-forma-de-gobierno\/\" rel=\"noopener\" target=\"_blank\">Votar y cobrar. La impunidad como forma de gobierno<\/a><\/strong>\u00bb (Capit\u00e1n Swing 2017); \u201c<strong>Tecnopol\u00edtica, internet y r-evoluciones<\/strong>\u201d y \u201c<strong>Cultura libre digital \u2013 Nociones b\u00e1sicas para defender lo que es de todxs<\/strong>\u201d, estos dos \u00faltimos publicados en 2012 por la editorial Icaria.<\/p>\n<p>Sus espect\u00e1culos se han representado en teatros y festivales de toda Europa y ha creado festivales de gran impacto como los <a href=\"https:\/\/xnet-x.net\/contactanos-para\/the-oxcars\/\" rel=\"noopener noreferrer\" target=\"_blank\">OXcars<\/a> o <a href=\"https:\/\/conservas.tk\/festivales\/innmotion\/\" rel=\"noopener noreferrer\" target=\"_blank\">InnMotion<\/a>.<\/p>\n<p>Es miembro del Grupo de Trabajo sobre Soberan\u00eda Digital Europea y Herramientas e Infraestructuras Comunes Digitales de la Direcci\u00f3n General de Planificaci\u00f3n Estrat\u00e9gica del Ministerio para la Transformaci\u00f3n Digital del Gobierno de Espa\u00f1a.<\/p>\n<p>Es y ha sido divulgadora en medios y asesora de incontables organizaciones ciudadanas e instituciones tales como la <a href=\"https:\/\/www.lamoncloa.gob.es\/presidente\/actividades\/Documents\/2021\/140721-Carta_Derechos_Digitales_RedEs.pdf\" rel=\"noopener\" target=\"_blank\">Secretar\u00eda de Estado de Digitalizaci\u00f3n e Inteligencia Artificial del Gobierno de Espa\u00f1a<\/a>, la <a href=\"http:\/\/web.archive.org\/web\/20220807221910\/https:\/\/politiquesdigitals.gencat.cat\/ca\/ciutadania\/drets-responsabilitats\/participacio\/#grup-coordinador\" rel=\"noopener\" target=\"_blank\">Direcci\u00f3n de Sociedad Digital y la Direcci\u00f3n General de Administraci\u00f3n Digital de la Generalitat de Catalunya<\/a>, (en ambas instituciones ha sido miembro del grupo asesor para la redacci\u00f3n de la Carta para los Derechos Digitales), el Departament de Just\u00edcia de la Generalitat de Catalunya sobre la Ley de Defensa de Alertadores, el <a href=\"https:\/\/planderechosculturales.cultura.gob.es\/dam\/jcr:6724d89c-cb41-49d8-bb15-15dbb7c268f9\/dgdc-esp.pdf\" target=\"_blank\">Plan de Derechos Culturales del Ministerio de Cultura<\/a>, Evaluadora de la Comisi\u00f3n Europea sobre proyectos candidatos a financiaci\u00f3n en \u00e1mbito de la mejora de la democracia, Bithabitat-<a href=\"http:\/\/web.archive.org\/web\/20230116121500\/https:\/\/ajuntament.barcelona.cat\/digital\/sites\/default\/files\/compromis_per_limpuls_de_la_innovacio_a_barcelona.pdf\" rel=\"noopener\" target=\"_blank\">Plataforma de Innovaci\u00f3n Urbana del Ayuntamiento de Barcelona <\/a>, el <a href=\"https:\/\/i2cat.net\/\" rel=\"noopener\" target=\"_blank\">Centro de Investigaci\u00f3n de Internet e Innovaci\u00f3n Digital Fundaci\u00f3n i2CAT<\/a>, el consejo asesor de derechos humanos de la Generalitat de Catalunya o el <a href=\"https:\/\/eapc.gencat.cat\/ca\/publicacions\/epum\/editorial-board\/\" rel=\"noopener\" target=\"_blank\">European Public Mosaic \u2013 Open Journal on Public Service<\/a> de la Escuela de Administraci\u00f3n de la Generalitat de Catalunya.<\/p>\n<p>Ha sido destacada del 15M desde Barcelona y de los movimientos para el derecho a la vivienda.<br \/>\n<a id=\"maddalena-falzoni\"><\/a><\/p>\n<p><a href=\"https:\/\/xnet-x.net\/simona-levi-cv\/\">LEER M\u00c1S: Ir a curr\u00edculum extenso -><\/a><\/p>","protected":false},"excerpt":{"rendered":"<p>Directora de teatro, dramaturga, estratega tecnopol\u00edtica, investigadora, como activista en los \u00faltimos a\u00f1os se ha centrado en la renovaci\u00f3n de la democracia en la era digital y la cultura libre. Co-fundadora de @X_net_ y @15MpaRato.<\/p>\n","protected":false},"author":5,"featured_media":24924,"comment_status":"closed","ping_status":"closed","sticky":false,"template":"","format":"standard","meta":{"footnotes":""},"categories":[72],"tags":[],"class_list":["post-5394","post","type-post","status-publish","format-standard","has-post-thumbnail","hentry","category-quienes"],"yoast_head":"<!-- This site is optimized with the Yoast SEO plugin v26.7 - https:\/\/yoast.com\/wordpress\/plugins\/seo\/ -->\n<title>Simona Levi, estratega tecnopol\u00edtica. Xnet y 15MpaRato<\/title>\n<meta name=\"description\" content=\"Directora de teatro y estratega tecnopol\u00edtica. Activista pro-renovaci\u00f3n de la democracia en la era digital. Simona Levi funda Xnet y 15MpaRato.\" \/>\n<meta name=\"robots\" content=\"index, follow, max-snippet:-1, max-image-preview:large, max-video-preview:-1\" \/>\n<link rel=\"canonical\" href=\"https:\/\/dev.xnet-x.net\/es\/simona-levi\/\" \/>\n<meta name=\"twitter:label1\" content=\"Escrito por\" \/>\n\t<meta name=\"twitter:data1\" content=\"Xnet\" \/>\n\t<meta name=\"twitter:label2\" content=\"Tiempo de lectura\" \/>\n\t<meta name=\"twitter:data2\" content=\"3 minutos\" \/>\n<script type=\"application\/ld+json\" class=\"yoast-schema-graph\">{\"@context\":\"https:\/\/schema.org\",\"@graph\":[{\"@type\":\"Article\",\"@id\":\"https:\/\/dev.xnet-x.net\/es\/simona-levi\/#article\",\"isPartOf\":{\"@id\":\"https:\/\/dev.xnet-x.net\/es\/simona-levi\/\"},\"author\":{\"name\":\"Xnet\",\"@id\":\"https:\/\/dev.xnet-x.net\/es\/#\/schema\/person\/919c7ab500254f012b3e8975a5cf2bc3\"},\"headline\":\"Simona Levi (Fundadora) | Incidencia\",\"datePublished\":\"2014-12-31T23:07:00+00:00\",\"dateModified\":\"2025-12-11T09:01:41+00:00\",\"mainEntityOfPage\":{\"@id\":\"https:\/\/dev.xnet-x.net\/es\/simona-levi\/\"},\"wordCount\":1675,\"publisher\":{\"@id\":\"https:\/\/dev.xnet-x.net\/es\/#organization\"},\"image\":{\"@id\":\"https:\/\/dev.xnet-x.net\/es\/simona-levi\/#primaryimage\"},\"thumbnailUrl\":\"https:\/\/dev.xnet-x.net\/img\/simona-levi-activista-e1707900555737.jpg\",\"articleSection\":[\"Qui\u00e9nes somos\"],\"inLanguage\":\"es\"},{\"@type\":\"WebPage\",\"@id\":\"https:\/\/dev.xnet-x.net\/es\/simona-levi\/\",\"url\":\"https:\/\/dev.xnet-x.net\/es\/simona-levi\/\",\"name\":\"Simona Levi, estratega tecnopol\u00edtica. Xnet y 15MpaRato\",\"isPartOf\":{\"@id\":\"https:\/\/dev.xnet-x.net\/es\/#website\"},\"primaryImageOfPage\":{\"@id\":\"https:\/\/dev.xnet-x.net\/es\/simona-levi\/#primaryimage\"},\"image\":{\"@id\":\"https:\/\/dev.xnet-x.net\/es\/simona-levi\/#primaryimage\"},\"thumbnailUrl\":\"https:\/\/dev.xnet-x.net\/img\/simona-levi-activista-e1707900555737.jpg\",\"datePublished\":\"2014-12-31T23:07:00+00:00\",\"dateModified\":\"2025-12-11T09:01:41+00:00\",\"description\":\"Directora de teatro y estratega tecnopol\u00edtica. Activista pro-renovaci\u00f3n de la democracia en la era digital. Simona Levi funda Xnet y 15MpaRato.\",\"breadcrumb\":{\"@id\":\"https:\/\/dev.xnet-x.net\/es\/simona-levi\/#breadcrumb\"},\"inLanguage\":\"es\",\"potentialAction\":[{\"@type\":\"ReadAction\",\"target\":[[\"https:\/\/dev.xnet-x.net\/es\/simona-levi\/\"]]}]},{\"@type\":\"ImageObject\",\"inLanguage\":\"es\",\"@id\":\"https:\/\/dev.xnet-x.net\/es\/simona-levi\/#primaryimage\",\"url\":\"https:\/\/dev.xnet-x.net\/img\/simona-levi-activista-e1707900555737.jpg\",\"contentUrl\":\"https:\/\/dev.xnet-x.net\/img\/simona-levi-activista-e1707900555737.jpg\",\"width\":283,\"height\":297,\"caption\":\"[:es]Simona Levi, activista de 15MpaRato luchando contra la corrupci\u00f3n.[:ca]Simona Levi, activista de 15MpaRato lluitant contra la corrupci\u00f3.[:en]Simona Levi, 15MpaRato activist fighting against corruption.[:]\"},{\"@type\":\"BreadcrumbList\",\"@id\":\"https:\/\/dev.xnet-x.net\/es\/simona-levi\/#breadcrumb\",\"itemListElement\":[{\"@type\":\"ListItem\",\"position\":1,\"name\":\"Portada\",\"item\":\"https:\/\/dev.xnet-x.net\/es\/\"},{\"@type\":\"ListItem\",\"position\":2,\"name\":\"Simona Levi (Fundadora) | Incidencia\"}]},{\"@type\":\"WebSite\",\"@id\":\"https:\/\/dev.xnet-x.net\/es\/#website\",\"url\":\"https:\/\/dev.xnet-x.net\/es\/\",\"name\":\"[:es]Xnet - Internet, derechos y democracia en la era digital[:ca]Xnet - Internet, drets i democr\u00e0cia en l'era digital[:en]Xnet - Internet freedoms & digital rights[:]\",\"description\":\"Xnet: Internet, informaci\u00f3n y cultura libres. Tecnopol\u00edtica. Datos, algoritmos y derechos digitales. Libertad de expresi\u00f3n. Democracia y anticorrupci\u00f3n\",\"publisher\":{\"@id\":\"https:\/\/dev.xnet-x.net\/es\/#organization\"},\"potentialAction\":[{\"@type\":\"SearchAction\",\"target\":{\"@type\":\"EntryPoint\",\"urlTemplate\":\"https:\/\/dev.xnet-x.net\/es\/?s={search_term_string}\"},\"query-input\":{\"@type\":\"PropertyValueSpecification\",\"valueRequired\":true,\"valueName\":\"search_term_string\"}}],\"inLanguage\":\"es\"},{\"@type\":\"Organization\",\"@id\":\"https:\/\/dev.xnet-x.net\/es\/#organization\",\"name\":\"Xnet - Internet, derechos y democracia en la era digital\",\"url\":\"https:\/\/dev.xnet-x.net\/es\/\",\"logo\":{\"@type\":\"ImageObject\",\"inLanguage\":\"es\",\"@id\":\"https:\/\/dev.xnet-x.net\/es\/#\/schema\/logo\/image\/\",\"url\":\"https:\/\/xnet-x.net\/img\/xnet-logo.png\",\"contentUrl\":\"https:\/\/xnet-x.net\/img\/xnet-logo.png\",\"width\":512,\"height\":512,\"caption\":\"Xnet - Internet, derechos y democracia en la era digital\"},\"image\":{\"@id\":\"https:\/\/dev.xnet-x.net\/es\/#\/schema\/logo\/image\/\"},\"sameAs\":[\"http:\/\/facebook.com\/RedX.Net\/\",\"https:\/\/x.com\/x_net_\",\"https:\/\/es.wikipedia.org\/wiki\/Xnet\"]},{\"@type\":\"Person\",\"@id\":\"https:\/\/dev.xnet-x.net\/es\/#\/schema\/person\/919c7ab500254f012b3e8975a5cf2bc3\",\"name\":\"Xnet\",\"image\":{\"@type\":\"ImageObject\",\"inLanguage\":\"es\",\"@id\":\"https:\/\/dev.xnet-x.net\/es\/#\/schema\/person\/image\/\",\"url\":\"https:\/\/secure.gravatar.com\/avatar\/8b8563db88d55a25627c485761032c68d19ec6fbca59b20305af9bd0e10cb624?s=96&d=mm&r=g\",\"contentUrl\":\"https:\/\/secure.gravatar.com\/avatar\/8b8563db88d55a25627c485761032c68d19ec6fbca59b20305af9bd0e10cb624?s=96&d=mm&r=g\",\"caption\":\"Xnet\"}}]}<\/script>\n<!-- \/ Yoast SEO plugin. -->","yoast_head_json":{"title":"Simona Levi, estratega tecnopol\u00edtica. Xnet y 15MpaRato","description":"Directora de teatro y estratega tecnopol\u00edtica. Activista pro-renovaci\u00f3n de la democracia en la era digital. Simona Levi funda Xnet y 15MpaRato.","robots":{"index":"index","follow":"follow","max-snippet":"max-snippet:-1","max-image-preview":"max-image-preview:large","max-video-preview":"max-video-preview:-1"},"canonical":"https:\/\/dev.xnet-x.net\/es\/simona-levi\/","twitter_misc":{"Escrito por":"Xnet","Tiempo de lectura":"3 minutos"},"schema":{"@context":"https:\/\/schema.org","@graph":[{"@type":"Article","@id":"https:\/\/dev.xnet-x.net\/es\/simona-levi\/#article","isPartOf":{"@id":"https:\/\/dev.xnet-x.net\/es\/simona-levi\/"},"author":{"name":"Xnet","@id":"https:\/\/dev.xnet-x.net\/es\/#\/schema\/person\/919c7ab500254f012b3e8975a5cf2bc3"},"headline":"Simona Levi (Fundadora) | Incidencia","datePublished":"2014-12-31T23:07:00+00:00","dateModified":"2025-12-11T09:01:41+00:00","mainEntityOfPage":{"@id":"https:\/\/dev.xnet-x.net\/es\/simona-levi\/"},"wordCount":1675,"publisher":{"@id":"https:\/\/dev.xnet-x.net\/es\/#organization"},"image":{"@id":"https:\/\/dev.xnet-x.net\/es\/simona-levi\/#primaryimage"},"thumbnailUrl":"https:\/\/dev.xnet-x.net\/img\/simona-levi-activista-e1707900555737.jpg","articleSection":["Qui\u00e9nes somos"],"inLanguage":"es"},{"@type":"WebPage","@id":"https:\/\/dev.xnet-x.net\/es\/simona-levi\/","url":"https:\/\/dev.xnet-x.net\/es\/simona-levi\/","name":"Simona Levi, estratega tecnopol\u00edtica. Xnet y 15MpaRato","isPartOf":{"@id":"https:\/\/dev.xnet-x.net\/es\/#website"},"primaryImageOfPage":{"@id":"https:\/\/dev.xnet-x.net\/es\/simona-levi\/#primaryimage"},"image":{"@id":"https:\/\/dev.xnet-x.net\/es\/simona-levi\/#primaryimage"},"thumbnailUrl":"https:\/\/dev.xnet-x.net\/img\/simona-levi-activista-e1707900555737.jpg","datePublished":"2014-12-31T23:07:00+00:00","dateModified":"2025-12-11T09:01:41+00:00","description":"Directora de teatro y estratega tecnopol\u00edtica. Activista pro-renovaci\u00f3n de la democracia en la era digital. Simona Levi funda Xnet y 15MpaRato.","breadcrumb":{"@id":"https:\/\/dev.xnet-x.net\/es\/simona-levi\/#breadcrumb"},"inLanguage":"es","potentialAction":[{"@type":"ReadAction","target":[["https:\/\/dev.xnet-x.net\/es\/simona-levi\/"]]}]},{"@type":"ImageObject","inLanguage":"es","@id":"https:\/\/dev.xnet-x.net\/es\/simona-levi\/#primaryimage","url":"https:\/\/dev.xnet-x.net\/img\/simona-levi-activista-e1707900555737.jpg","contentUrl":"https:\/\/dev.xnet-x.net\/img\/simona-levi-activista-e1707900555737.jpg","width":283,"height":297,"caption":"[:es]Simona Levi, activista de 15MpaRato luchando contra la corrupci\u00f3n.[:ca]Simona Levi, activista de 15MpaRato lluitant contra la corrupci\u00f3.[:en]Simona Levi, 15MpaRato activist fighting against corruption.[:]"},{"@type":"BreadcrumbList","@id":"https:\/\/dev.xnet-x.net\/es\/simona-levi\/#breadcrumb","itemListElement":[{"@type":"ListItem","position":1,"name":"Portada","item":"https:\/\/dev.xnet-x.net\/es\/"},{"@type":"ListItem","position":2,"name":"Simona Levi (Fundadora) | Incidencia"}]},{"@type":"WebSite","@id":"https:\/\/dev.xnet-x.net\/es\/#website","url":"https:\/\/dev.xnet-x.net\/es\/","name":"[:es]Xnet - Internet, derechos y democracia en la era digital[:ca]Xnet - Internet, drets i democr\u00e0cia en l'era digital[:en]Xnet - Internet freedoms & digital rights[:]","description":"Xnet: Internet, informaci\u00f3n y cultura libres. Tecnopol\u00edtica. Datos, algoritmos y derechos digitales. Libertad de expresi\u00f3n. Democracia y anticorrupci\u00f3n","publisher":{"@id":"https:\/\/dev.xnet-x.net\/es\/#organization"},"potentialAction":[{"@type":"SearchAction","target":{"@type":"EntryPoint","urlTemplate":"https:\/\/dev.xnet-x.net\/es\/?s={search_term_string}"},"query-input":{"@type":"PropertyValueSpecification","valueRequired":true,"valueName":"search_term_string"}}],"inLanguage":"es"},{"@type":"Organization","@id":"https:\/\/dev.xnet-x.net\/es\/#organization","name":"Xnet - Internet, derechos y democracia en la era digital","url":"https:\/\/dev.xnet-x.net\/es\/","logo":{"@type":"ImageObject","inLanguage":"es","@id":"https:\/\/dev.xnet-x.net\/es\/#\/schema\/logo\/image\/","url":"https:\/\/xnet-x.net\/img\/xnet-logo.png","contentUrl":"https:\/\/xnet-x.net\/img\/xnet-logo.png","width":512,"height":512,"caption":"Xnet - Internet, derechos y democracia en la era digital"},"image":{"@id":"https:\/\/dev.xnet-x.net\/es\/#\/schema\/logo\/image\/"},"sameAs":["http:\/\/facebook.com\/RedX.Net\/","https:\/\/x.com\/x_net_","https:\/\/es.wikipedia.org\/wiki\/Xnet"]},{"@type":"Person","@id":"https:\/\/dev.xnet-x.net\/es\/#\/schema\/person\/919c7ab500254f012b3e8975a5cf2bc3","name":"Xnet","image":{"@type":"ImageObject","inLanguage":"es","@id":"https:\/\/dev.xnet-x.net\/es\/#\/schema\/person\/image\/","url":"https:\/\/secure.gravatar.com\/avatar\/8b8563db88d55a25627c485761032c68d19ec6fbca59b20305af9bd0e10cb624?s=96&d=mm&r=g","contentUrl":"https:\/\/secure.gravatar.com\/avatar\/8b8563db88d55a25627c485761032c68d19ec6fbca59b20305af9bd0e10cb624?s=96&d=mm&r=g","caption":"Xnet"}}]}},"_links":{"self":[{"href":"https:\/\/dev.xnet-x.net\/es\/wp-json\/wp\/v2\/posts\/5394","targetHints":{"allow":["GET"]}}],"collection":[{"href":"https:\/\/dev.xnet-x.net\/es\/wp-json\/wp\/v2\/posts"}],"about":[{"href":"https:\/\/dev.xnet-x.net\/es\/wp-json\/wp\/v2\/types\/post"}],"author":[{"embeddable":true,"href":"https:\/\/dev.xnet-x.net\/es\/wp-json\/wp\/v2\/users\/5"}],"replies":[{"embeddable":true,"href":"https:\/\/dev.xnet-x.net\/es\/wp-json\/wp\/v2\/comments?post=5394"}],"version-history":[{"count":22,"href":"https:\/\/dev.xnet-x.net\/es\/wp-json\/wp\/v2\/posts\/5394\/revisions"}],"predecessor-version":[{"id":28716,"href":"https:\/\/dev.xnet-x.net\/es\/wp-json\/wp\/v2\/posts\/5394\/revisions\/28716"}],"wp:featuredmedia":[{"embeddable":true,"href":"https:\/\/dev.xnet-x.net\/es\/wp-json\/wp\/v2\/media\/24924"}],"wp:attachment":[{"href":"https:\/\/dev.xnet-x.net\/es\/wp-json\/wp\/v2\/media?parent=5394"}],"wp:term":[{"taxonomy":"category","embeddable":true,"href":"https:\/\/dev.xnet-x.net\/es\/wp-json\/wp\/v2\/categories?post=5394"},{"taxonomy":"post_tag","embeddable":true,"href":"https:\/\/dev.xnet-x.net\/es\/wp-json\/wp\/v2\/tags?post=5394"}],"curies":[{"name":"wp","href":"https:\/\/api.w.org\/{rel}","templated":true}]}}