{"id":536,"date":"2010-05-05T01:59:43","date_gmt":"2010-05-04T23:59:43","guid":{"rendered":"http:\/\/la-ex.net\/?p=536"},"modified":"2025-05-16T10:43:27","modified_gmt":"2025-05-16T08:43:27","slug":"fin-del-discurso-unico-de-las-industrias-en-tema-de-copyright","status":"publish","type":"post","link":"https:\/\/dev.xnet-x.net\/es\/fin-del-discurso-unico-de-las-industrias-en-tema-de-copyright\/","title":{"rendered":"Fin del discurso \u00fanico de las industrias en tema de copyright"},"content":{"rendered":"<p>Hoy se presenta en Bruselas \u00ab<a href=\"http:\/\/www.copyright4creativity.eu\/  \" target=\"_blank\">Copyright for Creativity<\/a>\u00ab.<\/p>\n<p>Una alianza sin precedentes a nivel europeo que incluye a proveedores de Internet, profesionales del management art\u00edstico, consumidores, bibliotecas y representantes de la sociedad civil presentar\u00e1 hoy en Bruselas una declaraci\u00f3n que pide mayor visi\u00f3n de futuro en las legislaciones sobre copyright y una mayor apuesta por los nuevos modelos econ\u00f3micos y de remuneraci\u00f3n de la comunidad creativa.<\/p>\n<p>\u00ab<a href=\"http:\/\/www.copyright4creativity.eu\/  \" target=\"_blank\">Copyright for Creativity<\/a>\u00bb &#8211; as\u00ed se llama la Declaraci\u00f3n que incluye ejemplos pr\u00e1cticos &#8211; est\u00e1 firmada por organizaciones como el International Music Managers&#8217; Forum (IMMF)\u00a0\u00a0 y The Computer and Communications Industry Association de la que es tambi\u00e9n miembro Microsoft.<\/p>\n<p><a href=\"http:\/\/www.copyright4creativity.eu\/\">http:\/\/www.copyright4creativity.eu\/<\/a><\/p>\n<p>En Espa\u00f1a la iniciativa es apoyada por el <a href=\"http:\/\/fcforum.net\" target=\"_blank\">FcForum<\/a>.<\/p>","protected":false},"excerpt":{"rendered":"<p>Hoy se presenta en Bruselas \u00abCopyright for Creativity\u00ab. Una alianza sin precedentes a nivel europeo que incluye a proveedores de Internet, profesionales del management art\u00edstico, consumidores, bibliotecas y representantes de la sociedad civil presentar\u00e1 hoy en Bruselas una declaraci\u00f3n que pide mayor visi\u00f3n de futuro en las legislaciones sobre copyright y una mayor apuesta por [&hellip;]<\/p>\n","protected":false},"author":5,"featured_media":0,"comment_status":"closed","ping_status":"closed","sticky":false,"template":"","format":"standard","meta":{"footnotes":""},"categories":[52],"tags":[],"class_list":["post-536","post","type-post","status-publish","format-standard","hentry","category-blog"],"yoast_head":"<!-- This site is optimized with the Yoast SEO plugin v26.7 - https:\/\/yoast.com\/wordpress\/plugins\/seo\/ -->\n<title>Fin del discurso \u00fanico de las industrias en tema de copyright<\/title>\n<meta name=\"description\" content=\"Una alianza sin precedentes a nivel europeo que incluye a proveedores de Internet, profesionales y representantes de la sociedad civil.\" \/>\n<meta name=\"robots\" content=\"index, follow, max-snippet:-1, max-image-preview:large, max-video-preview:-1\" \/>\n<link rel=\"canonical\" href=\"https:\/\/dev.xnet-x.net\/es\/fin-del-discurso-unico-de-las-industrias-en-tema-de-copyright\/\" \/>\n<meta name=\"twitter:label1\" content=\"Escrito por\" \/>\n\t<meta name=\"twitter:data1\" content=\"Xnet\" \/>\n\t<meta name=\"twitter:label2\" content=\"Tiempo de lectura\" \/>\n\t<meta name=\"twitter:data2\" content=\"1 minuto\" \/>\n<script type=\"application\/ld+json\" class=\"yoast-schema-graph\">{\"@context\":\"https:\/\/schema.org\",\"@graph\":[{\"@type\":\"Article\",\"@id\":\"https:\/\/dev.xnet-x.net\/es\/fin-del-discurso-unico-de-las-industrias-en-tema-de-copyright\/#article\",\"isPartOf\":{\"@id\":\"https:\/\/dev.xnet-x.net\/es\/fin-del-discurso-unico-de-las-industrias-en-tema-de-copyright\/\"},\"author\":{\"name\":\"Xnet\",\"@id\":\"https:\/\/dev.xnet-x.net\/es\/#\/schema\/person\/919c7ab500254f012b3e8975a5cf2bc3\"},\"headline\":\"Fin del discurso \u00fanico de las industrias en tema de copyright\",\"datePublished\":\"2010-05-04T23:59:43+00:00\",\"dateModified\":\"2025-05-16T08:43:27+00:00\",\"mainEntityOfPage\":{\"@id\":\"https:\/\/dev.xnet-x.net\/es\/fin-del-discurso-unico-de-las-industrias-en-tema-de-copyright\/\"},\"wordCount\":310,\"publisher\":{\"@id\":\"https:\/\/dev.xnet-x.net\/es\/#organization\"},\"articleSection\":[\"Blog - Nuestras acciones\"],\"inLanguage\":\"es\"},{\"@type\":\"WebPage\",\"@id\":\"https:\/\/dev.xnet-x.net\/es\/fin-del-discurso-unico-de-las-industrias-en-tema-de-copyright\/\",\"url\":\"https:\/\/dev.xnet-x.net\/es\/fin-del-discurso-unico-de-las-industrias-en-tema-de-copyright\/\",\"name\":\"Fin del discurso \u00fanico de las industrias en tema de copyright\",\"isPartOf\":{\"@id\":\"https:\/\/dev.xnet-x.net\/es\/#website\"},\"datePublished\":\"2010-05-04T23:59:43+00:00\",\"dateModified\":\"2025-05-16T08:43:27+00:00\",\"description\":\"Una alianza sin precedentes a nivel europeo que incluye a proveedores de Internet, profesionales y representantes de la sociedad civil.\",\"breadcrumb\":{\"@id\":\"https:\/\/dev.xnet-x.net\/es\/fin-del-discurso-unico-de-las-industrias-en-tema-de-copyright\/#breadcrumb\"},\"inLanguage\":\"es\",\"potentialAction\":[{\"@type\":\"ReadAction\",\"target\":[[\"https:\/\/dev.xnet-x.net\/es\/fin-del-discurso-unico-de-las-industrias-en-tema-de-copyright\/\"]]}]},{\"@type\":\"BreadcrumbList\",\"@id\":\"https:\/\/dev.xnet-x.net\/es\/fin-del-discurso-unico-de-las-industrias-en-tema-de-copyright\/#breadcrumb\",\"itemListElement\":[{\"@type\":\"ListItem\",\"position\":1,\"name\":\"Portada\",\"item\":\"https:\/\/dev.xnet-x.net\/es\/\"},{\"@type\":\"ListItem\",\"position\":2,\"name\":\"Fin del discurso \u00fanico de las industrias en tema de copyright\"}]},{\"@type\":\"WebSite\",\"@id\":\"https:\/\/dev.xnet-x.net\/es\/#website\",\"url\":\"https:\/\/dev.xnet-x.net\/es\/\",\"name\":\"[:es]Xnet - Internet, derechos y democracia en la era digital[:ca]Xnet - Internet, drets i democr\u00e0cia en l'era digital[:en]Xnet - Internet freedoms & digital rights[:]\",\"description\":\"Xnet: Internet, informaci\u00f3n y cultura libres. Tecnopol\u00edtica. Datos, algoritmos y derechos digitales. Libertad de expresi\u00f3n. Democracia y anticorrupci\u00f3n\",\"publisher\":{\"@id\":\"https:\/\/dev.xnet-x.net\/es\/#organization\"},\"potentialAction\":[{\"@type\":\"SearchAction\",\"target\":{\"@type\":\"EntryPoint\",\"urlTemplate\":\"https:\/\/dev.xnet-x.net\/es\/?s={search_term_string}\"},\"query-input\":{\"@type\":\"PropertyValueSpecification\",\"valueRequired\":true,\"valueName\":\"search_term_string\"}}],\"inLanguage\":\"es\"},{\"@type\":\"Organization\",\"@id\":\"https:\/\/dev.xnet-x.net\/es\/#organization\",\"name\":\"Xnet - Internet, derechos y democracia en la era digital\",\"url\":\"https:\/\/dev.xnet-x.net\/es\/\",\"logo\":{\"@type\":\"ImageObject\",\"inLanguage\":\"es\",\"@id\":\"https:\/\/dev.xnet-x.net\/es\/#\/schema\/logo\/image\/\",\"url\":\"https:\/\/xnet-x.net\/img\/xnet-logo.png\",\"contentUrl\":\"https:\/\/xnet-x.net\/img\/xnet-logo.png\",\"width\":512,\"height\":512,\"caption\":\"Xnet - Internet, derechos y democracia en la era digital\"},\"image\":{\"@id\":\"https:\/\/dev.xnet-x.net\/es\/#\/schema\/logo\/image\/\"},\"sameAs\":[\"http:\/\/facebook.com\/RedX.Net\/\",\"https:\/\/x.com\/x_net_\",\"https:\/\/es.wikipedia.org\/wiki\/Xnet\"]},{\"@type\":\"Person\",\"@id\":\"https:\/\/dev.xnet-x.net\/es\/#\/schema\/person\/919c7ab500254f012b3e8975a5cf2bc3\",\"name\":\"Xnet\",\"image\":{\"@type\":\"ImageObject\",\"inLanguage\":\"es\",\"@id\":\"https:\/\/dev.xnet-x.net\/es\/#\/schema\/person\/image\/\",\"url\":\"https:\/\/secure.gravatar.com\/avatar\/8b8563db88d55a25627c485761032c68d19ec6fbca59b20305af9bd0e10cb624?s=96&d=mm&r=g\",\"contentUrl\":\"https:\/\/secure.gravatar.com\/avatar\/8b8563db88d55a25627c485761032c68d19ec6fbca59b20305af9bd0e10cb624?s=96&d=mm&r=g\",\"caption\":\"Xnet\"}}]}<\/script>\n<!-- \/ Yoast SEO plugin. -->","yoast_head_json":{"title":"Fin del discurso \u00fanico de las industrias en tema de copyright","description":"Una alianza sin precedentes a nivel europeo que incluye a proveedores de Internet, profesionales y representantes de la sociedad civil.","robots":{"index":"index","follow":"follow","max-snippet":"max-snippet:-1","max-image-preview":"max-image-preview:large","max-video-preview":"max-video-preview:-1"},"canonical":"https:\/\/dev.xnet-x.net\/es\/fin-del-discurso-unico-de-las-industrias-en-tema-de-copyright\/","twitter_misc":{"Escrito por":"Xnet","Tiempo de lectura":"1 minuto"},"schema":{"@context":"https:\/\/schema.org","@graph":[{"@type":"Article","@id":"https:\/\/dev.xnet-x.net\/es\/fin-del-discurso-unico-de-las-industrias-en-tema-de-copyright\/#article","isPartOf":{"@id":"https:\/\/dev.xnet-x.net\/es\/fin-del-discurso-unico-de-las-industrias-en-tema-de-copyright\/"},"author":{"name":"Xnet","@id":"https:\/\/dev.xnet-x.net\/es\/#\/schema\/person\/919c7ab500254f012b3e8975a5cf2bc3"},"headline":"Fin del discurso \u00fanico de las industrias en tema de copyright","datePublished":"2010-05-04T23:59:43+00:00","dateModified":"2025-05-16T08:43:27+00:00","mainEntityOfPage":{"@id":"https:\/\/dev.xnet-x.net\/es\/fin-del-discurso-unico-de-las-industrias-en-tema-de-copyright\/"},"wordCount":310,"publisher":{"@id":"https:\/\/dev.xnet-x.net\/es\/#organization"},"articleSection":["Blog - Nuestras acciones"],"inLanguage":"es"},{"@type":"WebPage","@id":"https:\/\/dev.xnet-x.net\/es\/fin-del-discurso-unico-de-las-industrias-en-tema-de-copyright\/","url":"https:\/\/dev.xnet-x.net\/es\/fin-del-discurso-unico-de-las-industrias-en-tema-de-copyright\/","name":"Fin del discurso \u00fanico de las industrias en tema de copyright","isPartOf":{"@id":"https:\/\/dev.xnet-x.net\/es\/#website"},"datePublished":"2010-05-04T23:59:43+00:00","dateModified":"2025-05-16T08:43:27+00:00","description":"Una alianza sin precedentes a nivel europeo que incluye a proveedores de Internet, profesionales y representantes de la sociedad civil.","breadcrumb":{"@id":"https:\/\/dev.xnet-x.net\/es\/fin-del-discurso-unico-de-las-industrias-en-tema-de-copyright\/#breadcrumb"},"inLanguage":"es","potentialAction":[{"@type":"ReadAction","target":[["https:\/\/dev.xnet-x.net\/es\/fin-del-discurso-unico-de-las-industrias-en-tema-de-copyright\/"]]}]},{"@type":"BreadcrumbList","@id":"https:\/\/dev.xnet-x.net\/es\/fin-del-discurso-unico-de-las-industrias-en-tema-de-copyright\/#breadcrumb","itemListElement":[{"@type":"ListItem","position":1,"name":"Portada","item":"https:\/\/dev.xnet-x.net\/es\/"},{"@type":"ListItem","position":2,"name":"Fin del discurso \u00fanico de las industrias en tema de copyright"}]},{"@type":"WebSite","@id":"https:\/\/dev.xnet-x.net\/es\/#website","url":"https:\/\/dev.xnet-x.net\/es\/","name":"[:es]Xnet - Internet, derechos y democracia en la era digital[:ca]Xnet - Internet, drets i democr\u00e0cia en l'era digital[:en]Xnet - Internet freedoms & digital rights[:]","description":"Xnet: Internet, informaci\u00f3n y cultura libres. Tecnopol\u00edtica. Datos, algoritmos y derechos digitales. Libertad de expresi\u00f3n. Democracia y anticorrupci\u00f3n","publisher":{"@id":"https:\/\/dev.xnet-x.net\/es\/#organization"},"potentialAction":[{"@type":"SearchAction","target":{"@type":"EntryPoint","urlTemplate":"https:\/\/dev.xnet-x.net\/es\/?s={search_term_string}"},"query-input":{"@type":"PropertyValueSpecification","valueRequired":true,"valueName":"search_term_string"}}],"inLanguage":"es"},{"@type":"Organization","@id":"https:\/\/dev.xnet-x.net\/es\/#organization","name":"Xnet - Internet, derechos y democracia en la era digital","url":"https:\/\/dev.xnet-x.net\/es\/","logo":{"@type":"ImageObject","inLanguage":"es","@id":"https:\/\/dev.xnet-x.net\/es\/#\/schema\/logo\/image\/","url":"https:\/\/xnet-x.net\/img\/xnet-logo.png","contentUrl":"https:\/\/xnet-x.net\/img\/xnet-logo.png","width":512,"height":512,"caption":"Xnet - Internet, derechos y democracia en la era digital"},"image":{"@id":"https:\/\/dev.xnet-x.net\/es\/#\/schema\/logo\/image\/"},"sameAs":["http:\/\/facebook.com\/RedX.Net\/","https:\/\/x.com\/x_net_","https:\/\/es.wikipedia.org\/wiki\/Xnet"]},{"@type":"Person","@id":"https:\/\/dev.xnet-x.net\/es\/#\/schema\/person\/919c7ab500254f012b3e8975a5cf2bc3","name":"Xnet","image":{"@type":"ImageObject","inLanguage":"es","@id":"https:\/\/dev.xnet-x.net\/es\/#\/schema\/person\/image\/","url":"https:\/\/secure.gravatar.com\/avatar\/8b8563db88d55a25627c485761032c68d19ec6fbca59b20305af9bd0e10cb624?s=96&d=mm&r=g","contentUrl":"https:\/\/secure.gravatar.com\/avatar\/8b8563db88d55a25627c485761032c68d19ec6fbca59b20305af9bd0e10cb624?s=96&d=mm&r=g","caption":"Xnet"}}]}},"_links":{"self":[{"href":"https:\/\/dev.xnet-x.net\/es\/wp-json\/wp\/v2\/posts\/536","targetHints":{"allow":["GET"]}}],"collection":[{"href":"https:\/\/dev.xnet-x.net\/es\/wp-json\/wp\/v2\/posts"}],"about":[{"href":"https:\/\/dev.xnet-x.net\/es\/wp-json\/wp\/v2\/types\/post"}],"author":[{"embeddable":true,"href":"https:\/\/dev.xnet-x.net\/es\/wp-json\/wp\/v2\/users\/5"}],"replies":[{"embeddable":true,"href":"https:\/\/dev.xnet-x.net\/es\/wp-json\/wp\/v2\/comments?post=536"}],"version-history":[{"count":2,"href":"https:\/\/dev.xnet-x.net\/es\/wp-json\/wp\/v2\/posts\/536\/revisions"}],"predecessor-version":[{"id":5232,"href":"https:\/\/dev.xnet-x.net\/es\/wp-json\/wp\/v2\/posts\/536\/revisions\/5232"}],"wp:attachment":[{"href":"https:\/\/dev.xnet-x.net\/es\/wp-json\/wp\/v2\/media?parent=536"}],"wp:term":[{"taxonomy":"category","embeddable":true,"href":"https:\/\/dev.xnet-x.net\/es\/wp-json\/wp\/v2\/categories?post=536"},{"taxonomy":"post_tag","embeddable":true,"href":"https:\/\/dev.xnet-x.net\/es\/wp-json\/wp\/v2\/tags?post=536"}],"curies":[{"name":"wp","href":"https:\/\/api.w.org\/{rel}","templated":true}]}}