{"id":4887,"date":"2013-10-02T15:17:48","date_gmt":"2013-10-02T14:17:48","guid":{"rendered":"http:\/\/xnet-x.net\/?p=4887"},"modified":"2025-05-16T11:46:42","modified_gmt":"2025-05-16T09:46:42","slug":"vuelvenoxcars13fcforum13","status":"publish","type":"post","link":"https:\/\/dev.xnet-x.net\/es\/vuelven-los-oxcars-y-el-fcforum-2013\/","title":{"rendered":"Vuelven los Oxcars y el FCForum"},"content":{"rendered":"<p><strong>OXCARS Y FREE CULTURE FORUM (FCFORUM) 2013<\/strong> &#8211; 24 y 25 de octubre 2013<\/p>\n<p>Barcelona, un a\u00f1o m\u00e1s se convierte en la capital de la cultura libre y la defensa de los derechos digitales.<\/p>\n<p><a href=\"http:\/\/oxcars13.xnet-x.net\/\" target=\"_blank\">Los oXcars<\/a>, \u00abel mayor evento de cultura libre de todos los tiempos\u00bb llega a sus 6\u00aa edici\u00f3n. <strong> El 24 de octubre 2013 &#8211; 20,30h &#8211; Sala Apolo de Barcelona (Carrer Nou de la Rambla, 113)<br \/>\n<\/strong><\/p>\n<p>Este a\u00f1o contaremos con grandes artistas y geniales personalidades en la defensa de la libertad digital como <strong>el abogado David Bravo con el show \u00abNosotros los Radicales\u00bb l<\/strong> alz\u00e1ndose frente a las agresiones a la libertad de expresi\u00f3n impl\u00edcitas en la ley Sinde-Wert-Lassalle y en la pr\u00f3xima reforma al c\u00f3digo penal que criminaliza la libre circulaci\u00f3n de la cultura.<\/p>\n<p>David Bravo ser\u00e1 el centro de una gala donde participar\u00e1n <a href=\"http:\/\/oxcars13.whois\u2013x.net\/programa\/\">otros destacados exponentes de la cultura libre y del activismo<\/a> como el grupo<strong> KASHBA; Paul Borons, el genial creador de \u201cOdio las mates\u201d; Toque a Bankia y su herramientas de boicot; Robocicla, My Open Source Cure, SCANN, OCAX, Petra Cortright y muchas otras sorpresas.<br \/>\n<\/strong><br \/>\n\u00a1Las entradas ya est\u00e1n a la venta <a href=\"http:\/\/oxcars13.xnet-x.net\/info\/\" target=\"_blank\">aqu\u00ed<\/a> !<\/p>\n<p><a href=\"http:\/\/xnet-x.net\/img\/fcforum.jpeg\"><img loading=\"lazy\" decoding=\"async\" class=\"alignleft size-medium wp-image-4903\" title=\"fcforum\" alt=\"\" src=\"http:\/\/xnet-x.net\/img\/fcforum-300x225.jpg\" width=\"300\" height=\"225\" srcset=\"https:\/\/dev.xnet-x.net\/img\/fcforum-300x225.jpg 300w, https:\/\/dev.xnet-x.net\/img\/fcforum.jpeg 605w\" sizes=\"auto, (max-width: 300px) 100vw, 300px\" \/><\/a><strong>FREE CULTURE FORUM | 25 de octubre 2013 &#8211; De 10h a 21h &#8211; Arts Santa M\u00f2nica de Barcelona (La Rambla, 7)<\/strong><\/p>\n<p>El <a href=\"http:\/\/www.2013.fcforum.net\/\">FCForum<\/a> es el mayor evento de tecnopol\u00edtica del Estado espa\u00f1ol y este a\u00f1o alcanza su 5\u00aa edici\u00f3n.<\/p>\n<p>Entrada libre.<\/p>\n<p>El Foro Internacional de Cultura Libre (FCForum) es una red internacional que acompa\u00f1a los oXcars. Es su vertiente pr\u00e1ctica. Construye y coordina un marco global de acci\u00f3n y una agenda com\u00fan para temas relacionados con la cultura libre y el acceso al conocimiento y tiene gran proyecci\u00f3n internacional a nivel de la sociedad civil y de numerosas instituciones.<\/p>\n<p>En esta edici\u00f3n se abordar\u00e1 la Democracia Digital a trav\u00e9s de los siguientes temas:<br \/>\n&#8211; Creatividad, cultura y conocimiento: Nuevos modelos de acceso y producci\u00f3n<br \/>\n&#8211; Ciencia de Datos. Posibilidades y limites del Big Data<br \/>\n&#8211; Democracia de Red<br \/>\n&#8211; Dinero electr\u00f3nico y moneda distribuida. Fortalezas y debilidades<\/p>\n<p><strong>M\u00e1s informaci\u00f3n:<\/strong><\/p>\n<p>http:\/\/www.2013.fcforum.net\/<br \/>\nhttp:\/\/oxcars13.xnet-x.net\/<\/p>\n<p>En Twitter utilizaremos hasta el 24 25 de octubre los HT<br \/>\n<a href=\"https:\/\/twitter.com\/search?q=%23oxcars13&amp;src=typd&amp;f=realtime\">#Oxcars13<\/a><br \/>\n<a href=\"https:\/\/twitter.com\/search?q=%23FCForum13&amp;src=hash&amp;f=realtime\">#FCForum13<\/a><\/p>\n<p>En FB hemos abierto estos dos eventos.<br \/>\nhttps:\/\/www.facebook.com\/events\/648213735198667<br \/>\nhttps:\/\/www.facebook.com\/events\/379114195552706<br \/>\nAy\u00fadanos a compartirlos. Si est\u00e1is en Barcelona 24 y 25 de Octubre no<br \/>\nhag\u00e1is planes, si no est\u00e1is haced planes de veniros. Como todos los a\u00f1os,<br \/>\nser\u00e1 divertido.<\/p>","protected":false},"excerpt":{"rendered":"<p>OXCARS Y FREE CULTURE FORUM (FCFORUM) 2013 &#8211; 24 y 25 de octubre 2013 Barcelona, un a\u00f1o m\u00e1s se convierte en la capital de la cultura libre y la defensa de los derechos digitales. Los oXcars, \u00abel mayor evento de cultura libre de todos los tiempos\u00bb llega a sus 6\u00aa edici\u00f3n. El 24 de octubre [&hellip;]<\/p>\n","protected":false},"author":5,"featured_media":4902,"comment_status":"closed","ping_status":"closed","sticky":false,"template":"","format":"standard","meta":{"footnotes":""},"categories":[52],"tags":[],"class_list":["post-4887","post","type-post","status-publish","format-standard","has-post-thumbnail","hentry","category-blog"],"yoast_head":"<!-- This site is optimized with the Yoast SEO plugin v26.7 - https:\/\/yoast.com\/wordpress\/plugins\/seo\/ -->\n<title>Oxcars Y Free Culture Forum 2013<\/title>\n<meta name=\"description\" content=\"Barcelona, un a\u00f1o m\u00e1s se convierte en la capital de la cultura libre y la defensa de los derechos digitales.\" \/>\n<meta name=\"robots\" content=\"index, follow, max-snippet:-1, max-image-preview:large, max-video-preview:-1\" \/>\n<link rel=\"canonical\" href=\"https:\/\/dev.xnet-x.net\/es\/vuelven-los-oxcars-y-el-fcforum-2013\/\" \/>\n<meta name=\"twitter:label1\" content=\"Escrito por\" \/>\n\t<meta name=\"twitter:data1\" content=\"Xnet\" \/>\n\t<meta name=\"twitter:label2\" content=\"Tiempo de lectura\" \/>\n\t<meta name=\"twitter:data2\" content=\"3 minutos\" \/>\n<script type=\"application\/ld+json\" class=\"yoast-schema-graph\">{\"@context\":\"https:\/\/schema.org\",\"@graph\":[{\"@type\":\"Article\",\"@id\":\"https:\/\/dev.xnet-x.net\/es\/vuelven-los-oxcars-y-el-fcforum-2013\/#article\",\"isPartOf\":{\"@id\":\"https:\/\/dev.xnet-x.net\/es\/vuelven-los-oxcars-y-el-fcforum-2013\/\"},\"author\":{\"name\":\"Xnet\",\"@id\":\"https:\/\/dev.xnet-x.net\/es\/#\/schema\/person\/919c7ab500254f012b3e8975a5cf2bc3\"},\"headline\":\"Vuelven los Oxcars y el FCForum\",\"datePublished\":\"2013-10-02T14:17:48+00:00\",\"dateModified\":\"2025-05-16T09:46:42+00:00\",\"mainEntityOfPage\":{\"@id\":\"https:\/\/dev.xnet-x.net\/es\/vuelven-los-oxcars-y-el-fcforum-2013\/\"},\"wordCount\":430,\"publisher\":{\"@id\":\"https:\/\/dev.xnet-x.net\/es\/#organization\"},\"image\":{\"@id\":\"https:\/\/dev.xnet-x.net\/es\/vuelven-los-oxcars-y-el-fcforum-2013\/#primaryimage\"},\"thumbnailUrl\":\"https:\/\/dev.xnet-x.net\/img\/001_oxcars2011.jpg\",\"articleSection\":[\"Blog - Nuestras acciones\"],\"inLanguage\":\"es\"},{\"@type\":\"WebPage\",\"@id\":\"https:\/\/dev.xnet-x.net\/es\/vuelven-los-oxcars-y-el-fcforum-2013\/\",\"url\":\"https:\/\/dev.xnet-x.net\/es\/vuelven-los-oxcars-y-el-fcforum-2013\/\",\"name\":\"Oxcars Y Free Culture Forum 2013\",\"isPartOf\":{\"@id\":\"https:\/\/dev.xnet-x.net\/es\/#website\"},\"primaryImageOfPage\":{\"@id\":\"https:\/\/dev.xnet-x.net\/es\/vuelven-los-oxcars-y-el-fcforum-2013\/#primaryimage\"},\"image\":{\"@id\":\"https:\/\/dev.xnet-x.net\/es\/vuelven-los-oxcars-y-el-fcforum-2013\/#primaryimage\"},\"thumbnailUrl\":\"https:\/\/dev.xnet-x.net\/img\/001_oxcars2011.jpg\",\"datePublished\":\"2013-10-02T14:17:48+00:00\",\"dateModified\":\"2025-05-16T09:46:42+00:00\",\"description\":\"Barcelona, un a\u00f1o m\u00e1s se convierte en la capital de la cultura libre y la defensa de los derechos digitales.\",\"breadcrumb\":{\"@id\":\"https:\/\/dev.xnet-x.net\/es\/vuelven-los-oxcars-y-el-fcforum-2013\/#breadcrumb\"},\"inLanguage\":\"es\",\"potentialAction\":[{\"@type\":\"ReadAction\",\"target\":[[\"https:\/\/dev.xnet-x.net\/es\/vuelven-los-oxcars-y-el-fcforum-2013\/\"]]}]},{\"@type\":\"ImageObject\",\"inLanguage\":\"es\",\"@id\":\"https:\/\/dev.xnet-x.net\/es\/vuelven-los-oxcars-y-el-fcforum-2013\/#primaryimage\",\"url\":\"https:\/\/dev.xnet-x.net\/img\/001_oxcars2011.jpg\",\"contentUrl\":\"https:\/\/dev.xnet-x.net\/img\/001_oxcars2011.jpg\",\"width\":\"720\",\"height\":\"480\",\"caption\":\"oxcars 2011\"},{\"@type\":\"BreadcrumbList\",\"@id\":\"https:\/\/dev.xnet-x.net\/es\/vuelven-los-oxcars-y-el-fcforum-2013\/#breadcrumb\",\"itemListElement\":[{\"@type\":\"ListItem\",\"position\":1,\"name\":\"Portada\",\"item\":\"https:\/\/dev.xnet-x.net\/es\/\"},{\"@type\":\"ListItem\",\"position\":2,\"name\":\"Vuelven los Oxcars y el FCForum\"}]},{\"@type\":\"WebSite\",\"@id\":\"https:\/\/dev.xnet-x.net\/es\/#website\",\"url\":\"https:\/\/dev.xnet-x.net\/es\/\",\"name\":\"[:es]Xnet - Internet, derechos y democracia en la era digital[:ca]Xnet - Internet, drets i democr\u00e0cia en l'era digital[:en]Xnet - Internet freedoms & digital rights[:]\",\"description\":\"Xnet: Internet, informaci\u00f3n y cultura libres. Tecnopol\u00edtica. Datos, algoritmos y derechos digitales. Libertad de expresi\u00f3n. Democracia y anticorrupci\u00f3n\",\"publisher\":{\"@id\":\"https:\/\/dev.xnet-x.net\/es\/#organization\"},\"potentialAction\":[{\"@type\":\"SearchAction\",\"target\":{\"@type\":\"EntryPoint\",\"urlTemplate\":\"https:\/\/dev.xnet-x.net\/es\/?s={search_term_string}\"},\"query-input\":{\"@type\":\"PropertyValueSpecification\",\"valueRequired\":true,\"valueName\":\"search_term_string\"}}],\"inLanguage\":\"es\"},{\"@type\":\"Organization\",\"@id\":\"https:\/\/dev.xnet-x.net\/es\/#organization\",\"name\":\"Xnet - Internet, derechos y democracia en la era digital\",\"url\":\"https:\/\/dev.xnet-x.net\/es\/\",\"logo\":{\"@type\":\"ImageObject\",\"inLanguage\":\"es\",\"@id\":\"https:\/\/dev.xnet-x.net\/es\/#\/schema\/logo\/image\/\",\"url\":\"https:\/\/xnet-x.net\/img\/xnet-logo.png\",\"contentUrl\":\"https:\/\/xnet-x.net\/img\/xnet-logo.png\",\"width\":512,\"height\":512,\"caption\":\"Xnet - Internet, derechos y democracia en la era digital\"},\"image\":{\"@id\":\"https:\/\/dev.xnet-x.net\/es\/#\/schema\/logo\/image\/\"},\"sameAs\":[\"http:\/\/facebook.com\/RedX.Net\/\",\"https:\/\/x.com\/x_net_\",\"https:\/\/es.wikipedia.org\/wiki\/Xnet\"]},{\"@type\":\"Person\",\"@id\":\"https:\/\/dev.xnet-x.net\/es\/#\/schema\/person\/919c7ab500254f012b3e8975a5cf2bc3\",\"name\":\"Xnet\",\"image\":{\"@type\":\"ImageObject\",\"inLanguage\":\"es\",\"@id\":\"https:\/\/dev.xnet-x.net\/es\/#\/schema\/person\/image\/\",\"url\":\"https:\/\/secure.gravatar.com\/avatar\/8b8563db88d55a25627c485761032c68d19ec6fbca59b20305af9bd0e10cb624?s=96&d=mm&r=g\",\"contentUrl\":\"https:\/\/secure.gravatar.com\/avatar\/8b8563db88d55a25627c485761032c68d19ec6fbca59b20305af9bd0e10cb624?s=96&d=mm&r=g\",\"caption\":\"Xnet\"}}]}<\/script>\n<!-- \/ Yoast SEO plugin. -->","yoast_head_json":{"title":"Oxcars Y Free Culture Forum 2013","description":"Barcelona, un a\u00f1o m\u00e1s se convierte en la capital de la cultura libre y la defensa de los derechos digitales.","robots":{"index":"index","follow":"follow","max-snippet":"max-snippet:-1","max-image-preview":"max-image-preview:large","max-video-preview":"max-video-preview:-1"},"canonical":"https:\/\/dev.xnet-x.net\/es\/vuelven-los-oxcars-y-el-fcforum-2013\/","twitter_misc":{"Escrito por":"Xnet","Tiempo de lectura":"3 minutos"},"schema":{"@context":"https:\/\/schema.org","@graph":[{"@type":"Article","@id":"https:\/\/dev.xnet-x.net\/es\/vuelven-los-oxcars-y-el-fcforum-2013\/#article","isPartOf":{"@id":"https:\/\/dev.xnet-x.net\/es\/vuelven-los-oxcars-y-el-fcforum-2013\/"},"author":{"name":"Xnet","@id":"https:\/\/dev.xnet-x.net\/es\/#\/schema\/person\/919c7ab500254f012b3e8975a5cf2bc3"},"headline":"Vuelven los Oxcars y el FCForum","datePublished":"2013-10-02T14:17:48+00:00","dateModified":"2025-05-16T09:46:42+00:00","mainEntityOfPage":{"@id":"https:\/\/dev.xnet-x.net\/es\/vuelven-los-oxcars-y-el-fcforum-2013\/"},"wordCount":430,"publisher":{"@id":"https:\/\/dev.xnet-x.net\/es\/#organization"},"image":{"@id":"https:\/\/dev.xnet-x.net\/es\/vuelven-los-oxcars-y-el-fcforum-2013\/#primaryimage"},"thumbnailUrl":"https:\/\/dev.xnet-x.net\/img\/001_oxcars2011.jpg","articleSection":["Blog - Nuestras acciones"],"inLanguage":"es"},{"@type":"WebPage","@id":"https:\/\/dev.xnet-x.net\/es\/vuelven-los-oxcars-y-el-fcforum-2013\/","url":"https:\/\/dev.xnet-x.net\/es\/vuelven-los-oxcars-y-el-fcforum-2013\/","name":"Oxcars Y Free Culture Forum 2013","isPartOf":{"@id":"https:\/\/dev.xnet-x.net\/es\/#website"},"primaryImageOfPage":{"@id":"https:\/\/dev.xnet-x.net\/es\/vuelven-los-oxcars-y-el-fcforum-2013\/#primaryimage"},"image":{"@id":"https:\/\/dev.xnet-x.net\/es\/vuelven-los-oxcars-y-el-fcforum-2013\/#primaryimage"},"thumbnailUrl":"https:\/\/dev.xnet-x.net\/img\/001_oxcars2011.jpg","datePublished":"2013-10-02T14:17:48+00:00","dateModified":"2025-05-16T09:46:42+00:00","description":"Barcelona, un a\u00f1o m\u00e1s se convierte en la capital de la cultura libre y la defensa de los derechos digitales.","breadcrumb":{"@id":"https:\/\/dev.xnet-x.net\/es\/vuelven-los-oxcars-y-el-fcforum-2013\/#breadcrumb"},"inLanguage":"es","potentialAction":[{"@type":"ReadAction","target":[["https:\/\/dev.xnet-x.net\/es\/vuelven-los-oxcars-y-el-fcforum-2013\/"]]}]},{"@type":"ImageObject","inLanguage":"es","@id":"https:\/\/dev.xnet-x.net\/es\/vuelven-los-oxcars-y-el-fcforum-2013\/#primaryimage","url":"https:\/\/dev.xnet-x.net\/img\/001_oxcars2011.jpg","contentUrl":"https:\/\/dev.xnet-x.net\/img\/001_oxcars2011.jpg","width":"720","height":"480","caption":"oxcars 2011"},{"@type":"BreadcrumbList","@id":"https:\/\/dev.xnet-x.net\/es\/vuelven-los-oxcars-y-el-fcforum-2013\/#breadcrumb","itemListElement":[{"@type":"ListItem","position":1,"name":"Portada","item":"https:\/\/dev.xnet-x.net\/es\/"},{"@type":"ListItem","position":2,"name":"Vuelven los Oxcars y el FCForum"}]},{"@type":"WebSite","@id":"https:\/\/dev.xnet-x.net\/es\/#website","url":"https:\/\/dev.xnet-x.net\/es\/","name":"[:es]Xnet - Internet, derechos y democracia en la era digital[:ca]Xnet - Internet, drets i democr\u00e0cia en l'era digital[:en]Xnet - Internet freedoms & digital rights[:]","description":"Xnet: Internet, informaci\u00f3n y cultura libres. Tecnopol\u00edtica. Datos, algoritmos y derechos digitales. Libertad de expresi\u00f3n. Democracia y anticorrupci\u00f3n","publisher":{"@id":"https:\/\/dev.xnet-x.net\/es\/#organization"},"potentialAction":[{"@type":"SearchAction","target":{"@type":"EntryPoint","urlTemplate":"https:\/\/dev.xnet-x.net\/es\/?s={search_term_string}"},"query-input":{"@type":"PropertyValueSpecification","valueRequired":true,"valueName":"search_term_string"}}],"inLanguage":"es"},{"@type":"Organization","@id":"https:\/\/dev.xnet-x.net\/es\/#organization","name":"Xnet - Internet, derechos y democracia en la era digital","url":"https:\/\/dev.xnet-x.net\/es\/","logo":{"@type":"ImageObject","inLanguage":"es","@id":"https:\/\/dev.xnet-x.net\/es\/#\/schema\/logo\/image\/","url":"https:\/\/xnet-x.net\/img\/xnet-logo.png","contentUrl":"https:\/\/xnet-x.net\/img\/xnet-logo.png","width":512,"height":512,"caption":"Xnet - Internet, derechos y democracia en la era digital"},"image":{"@id":"https:\/\/dev.xnet-x.net\/es\/#\/schema\/logo\/image\/"},"sameAs":["http:\/\/facebook.com\/RedX.Net\/","https:\/\/x.com\/x_net_","https:\/\/es.wikipedia.org\/wiki\/Xnet"]},{"@type":"Person","@id":"https:\/\/dev.xnet-x.net\/es\/#\/schema\/person\/919c7ab500254f012b3e8975a5cf2bc3","name":"Xnet","image":{"@type":"ImageObject","inLanguage":"es","@id":"https:\/\/dev.xnet-x.net\/es\/#\/schema\/person\/image\/","url":"https:\/\/secure.gravatar.com\/avatar\/8b8563db88d55a25627c485761032c68d19ec6fbca59b20305af9bd0e10cb624?s=96&d=mm&r=g","contentUrl":"https:\/\/secure.gravatar.com\/avatar\/8b8563db88d55a25627c485761032c68d19ec6fbca59b20305af9bd0e10cb624?s=96&d=mm&r=g","caption":"Xnet"}}]}},"_links":{"self":[{"href":"https:\/\/dev.xnet-x.net\/es\/wp-json\/wp\/v2\/posts\/4887","targetHints":{"allow":["GET"]}}],"collection":[{"href":"https:\/\/dev.xnet-x.net\/es\/wp-json\/wp\/v2\/posts"}],"about":[{"href":"https:\/\/dev.xnet-x.net\/es\/wp-json\/wp\/v2\/types\/post"}],"author":[{"embeddable":true,"href":"https:\/\/dev.xnet-x.net\/es\/wp-json\/wp\/v2\/users\/5"}],"replies":[{"embeddable":true,"href":"https:\/\/dev.xnet-x.net\/es\/wp-json\/wp\/v2\/comments?post=4887"}],"version-history":[{"count":5,"href":"https:\/\/dev.xnet-x.net\/es\/wp-json\/wp\/v2\/posts\/4887\/revisions"}],"predecessor-version":[{"id":28311,"href":"https:\/\/dev.xnet-x.net\/es\/wp-json\/wp\/v2\/posts\/4887\/revisions\/28311"}],"wp:featuredmedia":[{"embeddable":true,"href":"https:\/\/dev.xnet-x.net\/es\/wp-json\/wp\/v2\/media\/4902"}],"wp:attachment":[{"href":"https:\/\/dev.xnet-x.net\/es\/wp-json\/wp\/v2\/media?parent=4887"}],"wp:term":[{"taxonomy":"category","embeddable":true,"href":"https:\/\/dev.xnet-x.net\/es\/wp-json\/wp\/v2\/categories?post=4887"},{"taxonomy":"post_tag","embeddable":true,"href":"https:\/\/dev.xnet-x.net\/es\/wp-json\/wp\/v2\/tags?post=4887"}],"curies":[{"name":"wp","href":"https:\/\/api.w.org\/{rel}","templated":true}]}}