{"id":4412,"date":"2012-05-03T14:17:33","date_gmt":"2012-05-03T13:17:33","guid":{"rendered":"http:\/\/xnet-x.net\/?p=4412"},"modified":"2016-08-24T17:26:32","modified_gmt":"2016-08-24T16:26:32","slug":"carta-abierta-a-la-nueva-directiva-de-sgae-y-su-presidente","status":"publish","type":"post","link":"https:\/\/dev.xnet-x.net\/es\/carta-abierta-a-la-nueva-directiva-de-la-sgae-y-su-presidente\/","title":{"rendered":"Carta abierta a la nueva directiva de la SGAE y su presidente"},"content":{"rendered":"<p><\/p>\n<div class=\"intro\">\n<p>Apreciados directivos y directivas de la SGAE, apreciado Ant\u00f3n Reixa,<\/p>\n<p>nos alegramos que hayan entrado promesas de renovaci\u00f3n en la entidad de gesti\u00f3n.<\/p>\n<p>Realmente contamos con que ahora las hag\u00e1is realidad.<\/p>\n<p>En vuestros programas hab\u00e9is expresado deseos de de reconciliaci\u00f3n con la ciudadan\u00eda, y es por eso que a continuaci\u00f3n os reproducimos las <strong>demandas que la sociedad civil ha reclamado en incontables ocasiones<\/strong>.<\/p>\n<p>Para abrir una relaci\u00f3n fluida entre vuestra organizaci\u00f3n, sus socios y la gente, toda la gente que es usuaria de vuestro repertorio, creemos que se han de tener en cuenta estos puntos:<\/p>\n<div class=\"inside_intro\">\n<ol>\n<li>\u00a01 &#8211; <strong>Cancelaci\u00f3n de todos los pleitos y amenazas legales<\/strong> a las que est\u00e1is sometiendo a los comercios y otras asociaciones o peque\u00f1as empresas. El dinero hay que ir a buscarlo d\u00f3nde efectivamente est\u00e1: all\u00e1 donde se explotan los talentos y no en peque\u00f1os negocios, los cuales utilizan de fondo bienes culturales. Los bienes culturales se crean por inspiraci\u00f3n de fondo de la vida misma. A diferencia de cualquier otro trabajo, a los artistas se les reconoce un plus con los derechos de autor por su funci\u00f3n social. Pero si el arte pierde su funci\u00f3n social, los derechos de autor pierden su raz\u00f3n de existir.<\/li>\n<li>\u00a02- <strong>Defensa de la leg\u00edtima aspiraci\u00f3n de la gente a acceder a bienes culturales libremente<\/strong> cuando no se produzca \u00e1nimo de lucro, as\u00ed como nosotros defendemos que cuando hay lucro este lucro ha de repercutir en los autores (a-u-t-o-r-e-s no otros agentes e intermediarios que tan solo deber\u00edan ser colaboradores de los autores).<\/li>\n<li>\u00a03 &#8211; <strong>Defensa de contratos justos entre autores y productores<\/strong> para que los autores por fin entiendan que sus condiciones de precariedad no se la producen sus fans, quienes tan solo les ayudan en la difusi\u00f3n, sino los contratos injustos que firman con las industrias.<\/li>\n<li>\u00a04 &#8211; <strong>No pretender cobrar un canon a Internet y a lo digital:<\/strong> lo digital es un cambio de era para todos, para los artistas tambi\u00e9n, y hay que fomentarlo no tasarlo. Si los telecos se forran hay que pelear para bajar su precio y democratizar su alcance. Hay herramientas como <a title=\"Flattr\" href=\"http:\/\/flattr.com\/\" target=\"_blank\">Flattr<\/a> para potenciar el uso de cauce de internet para promover cultura. Esto es lo que se ha de apoyar, no impuestos indiscriminado que repercuten el el usuario final.<\/li>\n<li>\u00a05 &#8211; <strong>Renovaci\u00f3n de los emprendimientos culturales. Basta de monopolios.<\/strong> Es absurdo que <a title=\"Netflix\" href=\"https:\/\/signup.netflix.com\/global\" target=\"_blank\">Netflix<\/a> no pueda llegar a Europa porque <em>las entidades de gesti\u00f3n piden precios exorbitantes<\/em>. Pedimos a las entidades de gesti\u00f3n que ayuden el cambio de paradigma productivo, no que lo obstaculicen.<\/li>\n<li>\u00a06 &#8211; Por \u00faltimo, nos preguntamos si este cambio de direcci\u00f3n incluyen recuperar el sentido del humor. De ser as\u00ed, \u00bfno os importar\u00e1 que nos volvamos a llamar EXGAE ;) (ahahahahah! No, hombre, d\u00e9jalo, esto ser\u00eda demasiado) ?<\/li>\n<\/ol>\n<\/div>\n<p>Estamos a vuestra completa disposici\u00f3n para debatir y ayudar si os decid\u00eds a dar estos pasos hist\u00f3ricos hacia la <strong>democratizaci\u00f3n de la cultura y los derechos de los autores.<\/strong><\/p>\n<p>De lo contrario solo podemos desear una exSGAE ;-).<\/p>\n<p>Manos a la obra<br \/>\n<strong>Xnet<\/strong><\/p>\n<\/div>\n<p><\/p>","protected":false},"excerpt":{"rendered":"<p>Apreciados directivos y directivas de la SGAE, apreciado Ant\u00f3n Reixa, nos alegramos que hayan entrado promesas de renovaci\u00f3n en la entidad de gesti\u00f3n. Realmente contamos con que ahora las hag\u00e1is realidad. En vuestros programas hab\u00e9is expresado deseos de de reconciliaci\u00f3n con la ciudadan\u00eda, y es por eso que a continuaci\u00f3n os reproducimos las demandas que [&hellip;]<\/p>\n","protected":false},"author":5,"featured_media":4423,"comment_status":"closed","ping_status":"closed","sticky":false,"template":"","format":"standard","meta":{"footnotes":""},"categories":[52],"tags":[],"class_list":["post-4412","post","type-post","status-publish","format-standard","has-post-thumbnail","hentry","category-blog"],"yoast_head":"<!-- This site is optimized with the Yoast SEO plugin v26.7 - https:\/\/yoast.com\/wordpress\/plugins\/seo\/ -->\n<title>Carta abierta a la nueva directiva de la SGAE y su presidente<\/title>\n<meta name=\"robots\" content=\"index, follow, max-snippet:-1, max-image-preview:large, max-video-preview:-1\" \/>\n<link rel=\"canonical\" href=\"https:\/\/dev.xnet-x.net\/es\/carta-abierta-a-la-nueva-directiva-de-la-sgae-y-su-presidente\/\" \/>\n<meta name=\"twitter:label1\" content=\"Escrito por\" \/>\n\t<meta name=\"twitter:data1\" content=\"Xnet\" \/>\n\t<meta name=\"twitter:label2\" content=\"Tiempo de lectura\" \/>\n\t<meta name=\"twitter:data2\" content=\"3 minutos\" \/>\n<script type=\"application\/ld+json\" class=\"yoast-schema-graph\">{\"@context\":\"https:\/\/schema.org\",\"@graph\":[{\"@type\":\"Article\",\"@id\":\"https:\/\/dev.xnet-x.net\/es\/carta-abierta-a-la-nueva-directiva-de-la-sgae-y-su-presidente\/#article\",\"isPartOf\":{\"@id\":\"https:\/\/dev.xnet-x.net\/es\/carta-abierta-a-la-nueva-directiva-de-la-sgae-y-su-presidente\/\"},\"author\":{\"name\":\"Xnet\",\"@id\":\"https:\/\/dev.xnet-x.net\/es\/#\/schema\/person\/919c7ab500254f012b3e8975a5cf2bc3\"},\"headline\":\"Carta abierta a la nueva directiva de la SGAE y su presidente\",\"datePublished\":\"2012-05-03T13:17:33+00:00\",\"dateModified\":\"2016-08-24T16:26:32+00:00\",\"mainEntityOfPage\":{\"@id\":\"https:\/\/dev.xnet-x.net\/es\/carta-abierta-a-la-nueva-directiva-de-la-sgae-y-su-presidente\/\"},\"wordCount\":543,\"publisher\":{\"@id\":\"https:\/\/dev.xnet-x.net\/es\/#organization\"},\"image\":{\"@id\":\"https:\/\/dev.xnet-x.net\/es\/carta-abierta-a-la-nueva-directiva-de-la-sgae-y-su-presidente\/#primaryimage\"},\"thumbnailUrl\":\"https:\/\/dev.xnet-x.net\/img\/reixa.jpeg\",\"articleSection\":[\"Blog - Nuestras acciones\"],\"inLanguage\":\"es\"},{\"@type\":\"WebPage\",\"@id\":\"https:\/\/dev.xnet-x.net\/es\/carta-abierta-a-la-nueva-directiva-de-la-sgae-y-su-presidente\/\",\"url\":\"https:\/\/dev.xnet-x.net\/es\/carta-abierta-a-la-nueva-directiva-de-la-sgae-y-su-presidente\/\",\"name\":\"Carta abierta a la nueva directiva de la SGAE y su presidente\",\"isPartOf\":{\"@id\":\"https:\/\/dev.xnet-x.net\/es\/#website\"},\"primaryImageOfPage\":{\"@id\":\"https:\/\/dev.xnet-x.net\/es\/carta-abierta-a-la-nueva-directiva-de-la-sgae-y-su-presidente\/#primaryimage\"},\"image\":{\"@id\":\"https:\/\/dev.xnet-x.net\/es\/carta-abierta-a-la-nueva-directiva-de-la-sgae-y-su-presidente\/#primaryimage\"},\"thumbnailUrl\":\"https:\/\/dev.xnet-x.net\/img\/reixa.jpeg\",\"datePublished\":\"2012-05-03T13:17:33+00:00\",\"dateModified\":\"2016-08-24T16:26:32+00:00\",\"breadcrumb\":{\"@id\":\"https:\/\/dev.xnet-x.net\/es\/carta-abierta-a-la-nueva-directiva-de-la-sgae-y-su-presidente\/#breadcrumb\"},\"inLanguage\":\"es\",\"potentialAction\":[{\"@type\":\"ReadAction\",\"target\":[[\"https:\/\/dev.xnet-x.net\/es\/carta-abierta-a-la-nueva-directiva-de-la-sgae-y-su-presidente\/\"]]}]},{\"@type\":\"ImageObject\",\"inLanguage\":\"es\",\"@id\":\"https:\/\/dev.xnet-x.net\/es\/carta-abierta-a-la-nueva-directiva-de-la-sgae-y-su-presidente\/#primaryimage\",\"url\":\"https:\/\/dev.xnet-x.net\/img\/reixa.jpeg\",\"contentUrl\":\"https:\/\/dev.xnet-x.net\/img\/reixa.jpeg\",\"width\":\"192\",\"height\":\"192\",\"caption\":\"reixa\"},{\"@type\":\"BreadcrumbList\",\"@id\":\"https:\/\/dev.xnet-x.net\/es\/carta-abierta-a-la-nueva-directiva-de-la-sgae-y-su-presidente\/#breadcrumb\",\"itemListElement\":[{\"@type\":\"ListItem\",\"position\":1,\"name\":\"Portada\",\"item\":\"https:\/\/dev.xnet-x.net\/es\/\"},{\"@type\":\"ListItem\",\"position\":2,\"name\":\"Carta abierta a la nueva directiva de la SGAE y su presidente\"}]},{\"@type\":\"WebSite\",\"@id\":\"https:\/\/dev.xnet-x.net\/es\/#website\",\"url\":\"https:\/\/dev.xnet-x.net\/es\/\",\"name\":\"[:es]Xnet - Internet, derechos y democracia en la era digital[:ca]Xnet - Internet, drets i democr\u00e0cia en l'era digital[:en]Xnet - Internet freedoms & digital rights[:]\",\"description\":\"Xnet: Internet, informaci\u00f3n y cultura libres. Tecnopol\u00edtica. Datos, algoritmos y derechos digitales. Libertad de expresi\u00f3n. Democracia y anticorrupci\u00f3n\",\"publisher\":{\"@id\":\"https:\/\/dev.xnet-x.net\/es\/#organization\"},\"potentialAction\":[{\"@type\":\"SearchAction\",\"target\":{\"@type\":\"EntryPoint\",\"urlTemplate\":\"https:\/\/dev.xnet-x.net\/es\/?s={search_term_string}\"},\"query-input\":{\"@type\":\"PropertyValueSpecification\",\"valueRequired\":true,\"valueName\":\"search_term_string\"}}],\"inLanguage\":\"es\"},{\"@type\":\"Organization\",\"@id\":\"https:\/\/dev.xnet-x.net\/es\/#organization\",\"name\":\"Xnet - Internet, derechos y democracia en la era digital\",\"url\":\"https:\/\/dev.xnet-x.net\/es\/\",\"logo\":{\"@type\":\"ImageObject\",\"inLanguage\":\"es\",\"@id\":\"https:\/\/dev.xnet-x.net\/es\/#\/schema\/logo\/image\/\",\"url\":\"https:\/\/xnet-x.net\/img\/xnet-logo.png\",\"contentUrl\":\"https:\/\/xnet-x.net\/img\/xnet-logo.png\",\"width\":512,\"height\":512,\"caption\":\"Xnet - Internet, derechos y democracia en la era digital\"},\"image\":{\"@id\":\"https:\/\/dev.xnet-x.net\/es\/#\/schema\/logo\/image\/\"},\"sameAs\":[\"http:\/\/facebook.com\/RedX.Net\/\",\"https:\/\/x.com\/x_net_\",\"https:\/\/es.wikipedia.org\/wiki\/Xnet\"]},{\"@type\":\"Person\",\"@id\":\"https:\/\/dev.xnet-x.net\/es\/#\/schema\/person\/919c7ab500254f012b3e8975a5cf2bc3\",\"name\":\"Xnet\",\"image\":{\"@type\":\"ImageObject\",\"inLanguage\":\"es\",\"@id\":\"https:\/\/dev.xnet-x.net\/es\/#\/schema\/person\/image\/\",\"url\":\"https:\/\/secure.gravatar.com\/avatar\/8b8563db88d55a25627c485761032c68d19ec6fbca59b20305af9bd0e10cb624?s=96&d=mm&r=g\",\"contentUrl\":\"https:\/\/secure.gravatar.com\/avatar\/8b8563db88d55a25627c485761032c68d19ec6fbca59b20305af9bd0e10cb624?s=96&d=mm&r=g\",\"caption\":\"Xnet\"}}]}<\/script>\n<!-- \/ Yoast SEO plugin. -->","yoast_head_json":{"title":"Carta abierta a la nueva directiva de la SGAE y su presidente","robots":{"index":"index","follow":"follow","max-snippet":"max-snippet:-1","max-image-preview":"max-image-preview:large","max-video-preview":"max-video-preview:-1"},"canonical":"https:\/\/dev.xnet-x.net\/es\/carta-abierta-a-la-nueva-directiva-de-la-sgae-y-su-presidente\/","twitter_misc":{"Escrito por":"Xnet","Tiempo de lectura":"3 minutos"},"schema":{"@context":"https:\/\/schema.org","@graph":[{"@type":"Article","@id":"https:\/\/dev.xnet-x.net\/es\/carta-abierta-a-la-nueva-directiva-de-la-sgae-y-su-presidente\/#article","isPartOf":{"@id":"https:\/\/dev.xnet-x.net\/es\/carta-abierta-a-la-nueva-directiva-de-la-sgae-y-su-presidente\/"},"author":{"name":"Xnet","@id":"https:\/\/dev.xnet-x.net\/es\/#\/schema\/person\/919c7ab500254f012b3e8975a5cf2bc3"},"headline":"Carta abierta a la nueva directiva de la SGAE y su presidente","datePublished":"2012-05-03T13:17:33+00:00","dateModified":"2016-08-24T16:26:32+00:00","mainEntityOfPage":{"@id":"https:\/\/dev.xnet-x.net\/es\/carta-abierta-a-la-nueva-directiva-de-la-sgae-y-su-presidente\/"},"wordCount":543,"publisher":{"@id":"https:\/\/dev.xnet-x.net\/es\/#organization"},"image":{"@id":"https:\/\/dev.xnet-x.net\/es\/carta-abierta-a-la-nueva-directiva-de-la-sgae-y-su-presidente\/#primaryimage"},"thumbnailUrl":"https:\/\/dev.xnet-x.net\/img\/reixa.jpeg","articleSection":["Blog - Nuestras acciones"],"inLanguage":"es"},{"@type":"WebPage","@id":"https:\/\/dev.xnet-x.net\/es\/carta-abierta-a-la-nueva-directiva-de-la-sgae-y-su-presidente\/","url":"https:\/\/dev.xnet-x.net\/es\/carta-abierta-a-la-nueva-directiva-de-la-sgae-y-su-presidente\/","name":"Carta abierta a la nueva directiva de la SGAE y su presidente","isPartOf":{"@id":"https:\/\/dev.xnet-x.net\/es\/#website"},"primaryImageOfPage":{"@id":"https:\/\/dev.xnet-x.net\/es\/carta-abierta-a-la-nueva-directiva-de-la-sgae-y-su-presidente\/#primaryimage"},"image":{"@id":"https:\/\/dev.xnet-x.net\/es\/carta-abierta-a-la-nueva-directiva-de-la-sgae-y-su-presidente\/#primaryimage"},"thumbnailUrl":"https:\/\/dev.xnet-x.net\/img\/reixa.jpeg","datePublished":"2012-05-03T13:17:33+00:00","dateModified":"2016-08-24T16:26:32+00:00","breadcrumb":{"@id":"https:\/\/dev.xnet-x.net\/es\/carta-abierta-a-la-nueva-directiva-de-la-sgae-y-su-presidente\/#breadcrumb"},"inLanguage":"es","potentialAction":[{"@type":"ReadAction","target":[["https:\/\/dev.xnet-x.net\/es\/carta-abierta-a-la-nueva-directiva-de-la-sgae-y-su-presidente\/"]]}]},{"@type":"ImageObject","inLanguage":"es","@id":"https:\/\/dev.xnet-x.net\/es\/carta-abierta-a-la-nueva-directiva-de-la-sgae-y-su-presidente\/#primaryimage","url":"https:\/\/dev.xnet-x.net\/img\/reixa.jpeg","contentUrl":"https:\/\/dev.xnet-x.net\/img\/reixa.jpeg","width":"192","height":"192","caption":"reixa"},{"@type":"BreadcrumbList","@id":"https:\/\/dev.xnet-x.net\/es\/carta-abierta-a-la-nueva-directiva-de-la-sgae-y-su-presidente\/#breadcrumb","itemListElement":[{"@type":"ListItem","position":1,"name":"Portada","item":"https:\/\/dev.xnet-x.net\/es\/"},{"@type":"ListItem","position":2,"name":"Carta abierta a la nueva directiva de la SGAE y su presidente"}]},{"@type":"WebSite","@id":"https:\/\/dev.xnet-x.net\/es\/#website","url":"https:\/\/dev.xnet-x.net\/es\/","name":"[:es]Xnet - Internet, derechos y democracia en la era digital[:ca]Xnet - Internet, drets i democr\u00e0cia en l'era digital[:en]Xnet - Internet freedoms & digital rights[:]","description":"Xnet: Internet, informaci\u00f3n y cultura libres. Tecnopol\u00edtica. Datos, algoritmos y derechos digitales. Libertad de expresi\u00f3n. Democracia y anticorrupci\u00f3n","publisher":{"@id":"https:\/\/dev.xnet-x.net\/es\/#organization"},"potentialAction":[{"@type":"SearchAction","target":{"@type":"EntryPoint","urlTemplate":"https:\/\/dev.xnet-x.net\/es\/?s={search_term_string}"},"query-input":{"@type":"PropertyValueSpecification","valueRequired":true,"valueName":"search_term_string"}}],"inLanguage":"es"},{"@type":"Organization","@id":"https:\/\/dev.xnet-x.net\/es\/#organization","name":"Xnet - Internet, derechos y democracia en la era digital","url":"https:\/\/dev.xnet-x.net\/es\/","logo":{"@type":"ImageObject","inLanguage":"es","@id":"https:\/\/dev.xnet-x.net\/es\/#\/schema\/logo\/image\/","url":"https:\/\/xnet-x.net\/img\/xnet-logo.png","contentUrl":"https:\/\/xnet-x.net\/img\/xnet-logo.png","width":512,"height":512,"caption":"Xnet - Internet, derechos y democracia en la era digital"},"image":{"@id":"https:\/\/dev.xnet-x.net\/es\/#\/schema\/logo\/image\/"},"sameAs":["http:\/\/facebook.com\/RedX.Net\/","https:\/\/x.com\/x_net_","https:\/\/es.wikipedia.org\/wiki\/Xnet"]},{"@type":"Person","@id":"https:\/\/dev.xnet-x.net\/es\/#\/schema\/person\/919c7ab500254f012b3e8975a5cf2bc3","name":"Xnet","image":{"@type":"ImageObject","inLanguage":"es","@id":"https:\/\/dev.xnet-x.net\/es\/#\/schema\/person\/image\/","url":"https:\/\/secure.gravatar.com\/avatar\/8b8563db88d55a25627c485761032c68d19ec6fbca59b20305af9bd0e10cb624?s=96&d=mm&r=g","contentUrl":"https:\/\/secure.gravatar.com\/avatar\/8b8563db88d55a25627c485761032c68d19ec6fbca59b20305af9bd0e10cb624?s=96&d=mm&r=g","caption":"Xnet"}}]}},"_links":{"self":[{"href":"https:\/\/dev.xnet-x.net\/es\/wp-json\/wp\/v2\/posts\/4412","targetHints":{"allow":["GET"]}}],"collection":[{"href":"https:\/\/dev.xnet-x.net\/es\/wp-json\/wp\/v2\/posts"}],"about":[{"href":"https:\/\/dev.xnet-x.net\/es\/wp-json\/wp\/v2\/types\/post"}],"author":[{"embeddable":true,"href":"https:\/\/dev.xnet-x.net\/es\/wp-json\/wp\/v2\/users\/5"}],"replies":[{"embeddable":true,"href":"https:\/\/dev.xnet-x.net\/es\/wp-json\/wp\/v2\/comments?post=4412"}],"version-history":[{"count":6,"href":"https:\/\/dev.xnet-x.net\/es\/wp-json\/wp\/v2\/posts\/4412\/revisions"}],"predecessor-version":[{"id":10421,"href":"https:\/\/dev.xnet-x.net\/es\/wp-json\/wp\/v2\/posts\/4412\/revisions\/10421"}],"wp:featuredmedia":[{"embeddable":true,"href":"https:\/\/dev.xnet-x.net\/es\/wp-json\/wp\/v2\/media\/4423"}],"wp:attachment":[{"href":"https:\/\/dev.xnet-x.net\/es\/wp-json\/wp\/v2\/media?parent=4412"}],"wp:term":[{"taxonomy":"category","embeddable":true,"href":"https:\/\/dev.xnet-x.net\/es\/wp-json\/wp\/v2\/categories?post=4412"},{"taxonomy":"post_tag","embeddable":true,"href":"https:\/\/dev.xnet-x.net\/es\/wp-json\/wp\/v2\/tags?post=4412"}],"curies":[{"name":"wp","href":"https:\/\/api.w.org\/{rel}","templated":true}]}}