{"id":411,"date":"2010-03-22T03:54:21","date_gmt":"2010-03-22T01:54:21","guid":{"rendered":"http:\/\/la-ex.net\/?p=411"},"modified":"2021-09-08T12:40:40","modified_gmt":"2021-09-08T10:40:40","slug":"d-evolution-summit-los-beneficios-la-cultura","status":"publish","type":"post","link":"https:\/\/dev.xnet-x.net\/es\/d-evolution-summit\/","title":{"rendered":"(D&#8217;) Evolution Summit: \u00abLos Beneficios de la Cultura\u00bb"},"content":{"rendered":"<p><a href=\"http:\/\/d-evolution.fcforum.net\" target=\"_blank\" rel=\"noopener noreferrer\"><img loading=\"lazy\" decoding=\"async\" class=\"aligncenter size-full wp-image-416\" title=\"d-evolution-600\" alt=\"\" src=\"https:\/\/xnet-x.net\/wp-content\/uploads\/2010\/03\/d-evolution-600.gif\" width=\"600\" height=\"200\" \/><\/a><\/p>\n<p><strong>La sociedad civil se organiza para encarar el tr\u00e1mite parlamentario de la Ley de Econom\u00eda Sostenible y defender Internet.<\/strong><br \/>\n(Primera entrega)<\/p>\n<p><a href=\"http:\/\/redsostenible.wikia.com\" target=\"_blank\" rel=\"noopener noreferrer\">Red SOStenible<\/a>, plataforma que reagrupa a iniciativas, grupos, blogs, entidades y personas que est\u00e1n trabajando en defensa de los derechos en Internet, quiere proponer a todos los ciudadanos y ciudadanas la coordinaci\u00f3n colaborativa de varias acciones que se llevar\u00e1n a cabo a partir de hoy.<br \/>\nSabemos que todo el mundo est\u00e1 muy ocupado, as\u00ed que hemos pensado en cosas que requieren de unos pocos minutos por parte de cada uno pero que pueden ser muy efectivas si las hacemos todos a la vez en nuestras Redes.<\/p>\n<p>El mensaje que se quiere hacer llegar a la clase pol\u00edtica y que es com\u00fan a todo el mundo en estos d\u00edas, se resume en 2 lineas de actuaci\u00f3n:<\/p>\n<p>1 &#8211; La clase pol\u00edtica tiene que saber que Internet tiene memoria. No votaremos a quienes, en el tr\u00e1mite parlamentario, comulguen con los recortes a la Red de Redes. La Disposici\u00f3n Final Primera tiene que suprimirse o, cuanto menos, enmendarse.<\/p>\n<p><a href=\"http:\/\/internettienememoria.blogspot.com\/\" target=\"_blank\" rel=\"noopener noreferrer\">http:\/\/internettienememoria.blogspot.com\/<\/a><\/p>\n<p>2 &#8211; La Cumbre de Ministros de cultura de la Uni\u00f3n Europea que se llevar\u00e1 a cabo en Barcelona la semana que viene (30.31 de marzo 2010) ser\u00e1 muy contestada por la ciudadan\u00eda.<br \/>\nNo se puede consentir impunemente tan absoluta falta de escucha y la prepotencia de sus planteamientos \u00abecon\u00f3micos\u00bb sobre derechos y bienes comunes. Haremos para que nos escuchen.<\/p>\n<p>Las acciones de presi\u00f3n empezar\u00e1n hoy con el env\u00edo de una carta a todos los ministros de cultura de los 27 pa\u00edses de la UE para que asistan a los eventos ciudadanos que les preparamos, y continuar\u00e1n cada d\u00eda con la difusi\u00f3n en la Red de informaci\u00f3n, sin duda, \u00fatil a los parlamentarios y a los ministros europeos, hasta culminar los d\u00edas 29.30.31 de marzo en 3 d\u00edas de eventos presenciales en Barcelona, momento destacado de los cuales ser\u00e1 una rueda de prensa ciudadana en una hist\u00f3rica plaza, colindante al lugar donde se realiza la cumbre de ministros.<\/p>\n<p>Ciudadanas y ciudadanos se han puesto ya manos a la obra y han creado:<br \/>\n<a href=\"http:\/\/d-evolution.fcforum.net\/\" target=\"_blank\" rel=\"noopener noreferrer\">http:\/\/d-evolution.fcforum.net\/<\/a><\/p>\n<div class=\"youtube-container auto-resizable-iframe\" style=\"max-width: 560px;  margin: 0px auto;\">\n<div class=\"youtube-player\" data-id=\"8Vz5S2-tNAc\" style=\" position: relative;  padding-bottom: 60%;  height: 0px;\"><\/div>\n<\/p><\/div>\n<p>Para participar desde hoy mismo:<br \/>\n<a href=\"http:\/\/d-evolution.fcforum.net\/como-participar\/\" target=\"_blank\" rel=\"noopener noreferrer\">http:\/\/d-evolution.fcforum.net\/como-participar\/<\/a><\/p>\n<p>Se acaba de abrir el evento en FAcebook:<br \/>\n<a href=\"http:\/\/www.facebook.com\/event.php?eid=107057225987663&amp;index=1\" target=\"_blank\" rel=\"noopener noreferrer\">D\u00eda 29<\/a><br \/>\n<a href=\"http:\/\/www.facebook.com\/event.php?eid=110207848992347&amp;index=1\" target=\"_blank\" rel=\"noopener noreferrer\">D\u00eda 30<\/a><br \/>\n<a href=\"http:\/\/www.facebook.com\/event.php?eid=110207848992347&amp;index=1\" target=\"_blank\" rel=\"noopener noreferrer\">D\u00eda 31<\/a><\/p>\n<p>Hoy primera acci\u00f3n:<br \/>\nInvita a las y los ministros y a las y los diputados:<br \/>\n<a href=\"http:\/\/d-evolution.fcforum.net\/carta-a-ministros\/\" target=\"_blank\" rel=\"noopener noreferrer\">http:\/\/d-evolution.fcforum.net\/carta-a-ministros\/<\/a><br \/>\n(Es importante que se mande tambi\u00e9n a los ministros de otros pa\u00edses porque recibir una petici\u00f3n de escucha antes de una visita al extranjero despierta la atenci\u00f3n y seguro que hablar\u00e1n entre ellos. Esto aumenta la presi\u00f3n y la posibilidad de cr\u00edticas).<\/p>\n<p>Ma\u00f1ana la segunda ;-)<\/p>\n<p><em>(Y no se acaba aqu\u00ed. Despu\u00e9s de Pascua reanudaremos la interpelaci\u00f3n a los parlamentarios).<\/em><\/p>\n<p>Por favor, tambi\u00e9n para apoyar esta iniciativa, difunde este mail.<\/p>","protected":false},"excerpt":{"rendered":"<p>La sociedad civil se organiza para encarar el tr\u00e1mite parlamentario de la Ley de Econom\u00eda Sostenible y defender Internet. (Primera entrega) Red SOStenible, plataforma que reagrupa a iniciativas, grupos, blogs, entidades y personas que est\u00e1n trabajando en defensa de los derechos en Internet, quiere proponer a todos los ciudadanos y ciudadanas la coordinaci\u00f3n colaborativa de [&hellip;]<\/p>\n","protected":false},"author":5,"featured_media":13419,"comment_status":"closed","ping_status":"closed","sticky":false,"template":"","format":"standard","meta":{"footnotes":""},"categories":[52],"tags":[],"class_list":["post-411","post","type-post","status-publish","format-standard","has-post-thumbnail","hentry","category-blog","ejes-cultura-libre","ejes-luchas-por-las-libertades-civiles"],"yoast_head":"<!-- This site is optimized with the Yoast SEO plugin v26.7 - https:\/\/yoast.com\/wordpress\/plugins\/seo\/ -->\n<title>(D&#039;) Evolution Summit: &quot;Los Beneficios de la Cultura&quot;<\/title>\n<meta name=\"description\" content=\"La sociedad civil se organiza para encarar el tr\u00e1mite parlamentario de la Ley de Econom\u00eda Sostenible y defender Internet.\" \/>\n<meta name=\"robots\" content=\"index, follow, max-snippet:-1, max-image-preview:large, max-video-preview:-1\" \/>\n<link rel=\"canonical\" href=\"https:\/\/dev.xnet-x.net\/es\/d-evolution-summit\/\" \/>\n<meta name=\"twitter:label1\" content=\"Escrito por\" \/>\n\t<meta name=\"twitter:data1\" content=\"Xnet\" \/>\n\t<meta name=\"twitter:label2\" content=\"Tiempo de lectura\" \/>\n\t<meta name=\"twitter:data2\" content=\"3 minutos\" \/>\n<script type=\"application\/ld+json\" class=\"yoast-schema-graph\">{\"@context\":\"https:\/\/schema.org\",\"@graph\":[{\"@type\":\"Article\",\"@id\":\"https:\/\/dev.xnet-x.net\/es\/d-evolution-summit\/#article\",\"isPartOf\":{\"@id\":\"https:\/\/dev.xnet-x.net\/es\/d-evolution-summit\/\"},\"author\":{\"name\":\"Xnet\",\"@id\":\"https:\/\/dev.xnet-x.net\/es\/#\/schema\/person\/919c7ab500254f012b3e8975a5cf2bc3\"},\"headline\":\"(D&#8217;) Evolution Summit: \u00abLos Beneficios de la Cultura\u00bb\",\"datePublished\":\"2010-03-22T01:54:21+00:00\",\"dateModified\":\"2021-09-08T10:40:40+00:00\",\"mainEntityOfPage\":{\"@id\":\"https:\/\/dev.xnet-x.net\/es\/d-evolution-summit\/\"},\"wordCount\":509,\"publisher\":{\"@id\":\"https:\/\/dev.xnet-x.net\/es\/#organization\"},\"image\":{\"@id\":\"https:\/\/dev.xnet-x.net\/es\/d-evolution-summit\/#primaryimage\"},\"thumbnailUrl\":\"https:\/\/dev.xnet-x.net\/img\/d-evolution-summit-img.gif\",\"articleSection\":[\"Blog - Nuestras acciones\"],\"inLanguage\":\"es\"},{\"@type\":\"WebPage\",\"@id\":\"https:\/\/dev.xnet-x.net\/es\/d-evolution-summit\/\",\"url\":\"https:\/\/dev.xnet-x.net\/es\/d-evolution-summit\/\",\"name\":\"(D') Evolution Summit: \\\"Los Beneficios de la Cultura\\\"\",\"isPartOf\":{\"@id\":\"https:\/\/dev.xnet-x.net\/es\/#website\"},\"primaryImageOfPage\":{\"@id\":\"https:\/\/dev.xnet-x.net\/es\/d-evolution-summit\/#primaryimage\"},\"image\":{\"@id\":\"https:\/\/dev.xnet-x.net\/es\/d-evolution-summit\/#primaryimage\"},\"thumbnailUrl\":\"https:\/\/dev.xnet-x.net\/img\/d-evolution-summit-img.gif\",\"datePublished\":\"2010-03-22T01:54:21+00:00\",\"dateModified\":\"2021-09-08T10:40:40+00:00\",\"description\":\"La sociedad civil se organiza para encarar el tr\u00e1mite parlamentario de la Ley de Econom\u00eda Sostenible y defender Internet.\",\"breadcrumb\":{\"@id\":\"https:\/\/dev.xnet-x.net\/es\/d-evolution-summit\/#breadcrumb\"},\"inLanguage\":\"es\",\"potentialAction\":[{\"@type\":\"ReadAction\",\"target\":[[\"https:\/\/dev.xnet-x.net\/es\/d-evolution-summit\/\"]]}]},{\"@type\":\"ImageObject\",\"inLanguage\":\"es\",\"@id\":\"https:\/\/dev.xnet-x.net\/es\/d-evolution-summit\/#primaryimage\",\"url\":\"https:\/\/dev.xnet-x.net\/img\/d-evolution-summit-img.gif\",\"contentUrl\":\"https:\/\/dev.xnet-x.net\/img\/d-evolution-summit-img.gif\",\"width\":212,\"height\":193,\"caption\":\"D'-evolution Summit\"},{\"@type\":\"BreadcrumbList\",\"@id\":\"https:\/\/dev.xnet-x.net\/es\/d-evolution-summit\/#breadcrumb\",\"itemListElement\":[{\"@type\":\"ListItem\",\"position\":1,\"name\":\"Portada\",\"item\":\"https:\/\/dev.xnet-x.net\/es\/\"},{\"@type\":\"ListItem\",\"position\":2,\"name\":\"(D&#8217;) Evolution Summit: \u00abLos Beneficios de la Cultura\u00bb\"}]},{\"@type\":\"WebSite\",\"@id\":\"https:\/\/dev.xnet-x.net\/es\/#website\",\"url\":\"https:\/\/dev.xnet-x.net\/es\/\",\"name\":\"[:es]Xnet - Internet, derechos y democracia en la era digital[:ca]Xnet - Internet, drets i democr\u00e0cia en l'era digital[:en]Xnet - Internet freedoms & digital rights[:]\",\"description\":\"Xnet: Internet, informaci\u00f3n y cultura libres. Tecnopol\u00edtica. Datos, algoritmos y derechos digitales. Libertad de expresi\u00f3n. Democracia y anticorrupci\u00f3n\",\"publisher\":{\"@id\":\"https:\/\/dev.xnet-x.net\/es\/#organization\"},\"potentialAction\":[{\"@type\":\"SearchAction\",\"target\":{\"@type\":\"EntryPoint\",\"urlTemplate\":\"https:\/\/dev.xnet-x.net\/es\/?s={search_term_string}\"},\"query-input\":{\"@type\":\"PropertyValueSpecification\",\"valueRequired\":true,\"valueName\":\"search_term_string\"}}],\"inLanguage\":\"es\"},{\"@type\":\"Organization\",\"@id\":\"https:\/\/dev.xnet-x.net\/es\/#organization\",\"name\":\"Xnet - Internet, derechos y democracia en la era digital\",\"url\":\"https:\/\/dev.xnet-x.net\/es\/\",\"logo\":{\"@type\":\"ImageObject\",\"inLanguage\":\"es\",\"@id\":\"https:\/\/dev.xnet-x.net\/es\/#\/schema\/logo\/image\/\",\"url\":\"https:\/\/xnet-x.net\/img\/xnet-logo.png\",\"contentUrl\":\"https:\/\/xnet-x.net\/img\/xnet-logo.png\",\"width\":512,\"height\":512,\"caption\":\"Xnet - Internet, derechos y democracia en la era digital\"},\"image\":{\"@id\":\"https:\/\/dev.xnet-x.net\/es\/#\/schema\/logo\/image\/\"},\"sameAs\":[\"http:\/\/facebook.com\/RedX.Net\/\",\"https:\/\/x.com\/x_net_\",\"https:\/\/es.wikipedia.org\/wiki\/Xnet\"]},{\"@type\":\"Person\",\"@id\":\"https:\/\/dev.xnet-x.net\/es\/#\/schema\/person\/919c7ab500254f012b3e8975a5cf2bc3\",\"name\":\"Xnet\",\"image\":{\"@type\":\"ImageObject\",\"inLanguage\":\"es\",\"@id\":\"https:\/\/dev.xnet-x.net\/es\/#\/schema\/person\/image\/\",\"url\":\"https:\/\/secure.gravatar.com\/avatar\/8b8563db88d55a25627c485761032c68d19ec6fbca59b20305af9bd0e10cb624?s=96&d=mm&r=g\",\"contentUrl\":\"https:\/\/secure.gravatar.com\/avatar\/8b8563db88d55a25627c485761032c68d19ec6fbca59b20305af9bd0e10cb624?s=96&d=mm&r=g\",\"caption\":\"Xnet\"}}]}<\/script>\n<!-- \/ Yoast SEO plugin. -->","yoast_head_json":{"title":"(D') Evolution Summit: \"Los Beneficios de la Cultura\"","description":"La sociedad civil se organiza para encarar el tr\u00e1mite parlamentario de la Ley de Econom\u00eda Sostenible y defender Internet.","robots":{"index":"index","follow":"follow","max-snippet":"max-snippet:-1","max-image-preview":"max-image-preview:large","max-video-preview":"max-video-preview:-1"},"canonical":"https:\/\/dev.xnet-x.net\/es\/d-evolution-summit\/","twitter_misc":{"Escrito por":"Xnet","Tiempo de lectura":"3 minutos"},"schema":{"@context":"https:\/\/schema.org","@graph":[{"@type":"Article","@id":"https:\/\/dev.xnet-x.net\/es\/d-evolution-summit\/#article","isPartOf":{"@id":"https:\/\/dev.xnet-x.net\/es\/d-evolution-summit\/"},"author":{"name":"Xnet","@id":"https:\/\/dev.xnet-x.net\/es\/#\/schema\/person\/919c7ab500254f012b3e8975a5cf2bc3"},"headline":"(D&#8217;) Evolution Summit: \u00abLos Beneficios de la Cultura\u00bb","datePublished":"2010-03-22T01:54:21+00:00","dateModified":"2021-09-08T10:40:40+00:00","mainEntityOfPage":{"@id":"https:\/\/dev.xnet-x.net\/es\/d-evolution-summit\/"},"wordCount":509,"publisher":{"@id":"https:\/\/dev.xnet-x.net\/es\/#organization"},"image":{"@id":"https:\/\/dev.xnet-x.net\/es\/d-evolution-summit\/#primaryimage"},"thumbnailUrl":"https:\/\/dev.xnet-x.net\/img\/d-evolution-summit-img.gif","articleSection":["Blog - Nuestras acciones"],"inLanguage":"es"},{"@type":"WebPage","@id":"https:\/\/dev.xnet-x.net\/es\/d-evolution-summit\/","url":"https:\/\/dev.xnet-x.net\/es\/d-evolution-summit\/","name":"(D') Evolution Summit: \"Los Beneficios de la Cultura\"","isPartOf":{"@id":"https:\/\/dev.xnet-x.net\/es\/#website"},"primaryImageOfPage":{"@id":"https:\/\/dev.xnet-x.net\/es\/d-evolution-summit\/#primaryimage"},"image":{"@id":"https:\/\/dev.xnet-x.net\/es\/d-evolution-summit\/#primaryimage"},"thumbnailUrl":"https:\/\/dev.xnet-x.net\/img\/d-evolution-summit-img.gif","datePublished":"2010-03-22T01:54:21+00:00","dateModified":"2021-09-08T10:40:40+00:00","description":"La sociedad civil se organiza para encarar el tr\u00e1mite parlamentario de la Ley de Econom\u00eda Sostenible y defender Internet.","breadcrumb":{"@id":"https:\/\/dev.xnet-x.net\/es\/d-evolution-summit\/#breadcrumb"},"inLanguage":"es","potentialAction":[{"@type":"ReadAction","target":[["https:\/\/dev.xnet-x.net\/es\/d-evolution-summit\/"]]}]},{"@type":"ImageObject","inLanguage":"es","@id":"https:\/\/dev.xnet-x.net\/es\/d-evolution-summit\/#primaryimage","url":"https:\/\/dev.xnet-x.net\/img\/d-evolution-summit-img.gif","contentUrl":"https:\/\/dev.xnet-x.net\/img\/d-evolution-summit-img.gif","width":212,"height":193,"caption":"D'-evolution Summit"},{"@type":"BreadcrumbList","@id":"https:\/\/dev.xnet-x.net\/es\/d-evolution-summit\/#breadcrumb","itemListElement":[{"@type":"ListItem","position":1,"name":"Portada","item":"https:\/\/dev.xnet-x.net\/es\/"},{"@type":"ListItem","position":2,"name":"(D&#8217;) Evolution Summit: \u00abLos Beneficios de la Cultura\u00bb"}]},{"@type":"WebSite","@id":"https:\/\/dev.xnet-x.net\/es\/#website","url":"https:\/\/dev.xnet-x.net\/es\/","name":"[:es]Xnet - Internet, derechos y democracia en la era digital[:ca]Xnet - Internet, drets i democr\u00e0cia en l'era digital[:en]Xnet - Internet freedoms & digital rights[:]","description":"Xnet: Internet, informaci\u00f3n y cultura libres. Tecnopol\u00edtica. Datos, algoritmos y derechos digitales. Libertad de expresi\u00f3n. Democracia y anticorrupci\u00f3n","publisher":{"@id":"https:\/\/dev.xnet-x.net\/es\/#organization"},"potentialAction":[{"@type":"SearchAction","target":{"@type":"EntryPoint","urlTemplate":"https:\/\/dev.xnet-x.net\/es\/?s={search_term_string}"},"query-input":{"@type":"PropertyValueSpecification","valueRequired":true,"valueName":"search_term_string"}}],"inLanguage":"es"},{"@type":"Organization","@id":"https:\/\/dev.xnet-x.net\/es\/#organization","name":"Xnet - Internet, derechos y democracia en la era digital","url":"https:\/\/dev.xnet-x.net\/es\/","logo":{"@type":"ImageObject","inLanguage":"es","@id":"https:\/\/dev.xnet-x.net\/es\/#\/schema\/logo\/image\/","url":"https:\/\/xnet-x.net\/img\/xnet-logo.png","contentUrl":"https:\/\/xnet-x.net\/img\/xnet-logo.png","width":512,"height":512,"caption":"Xnet - Internet, derechos y democracia en la era digital"},"image":{"@id":"https:\/\/dev.xnet-x.net\/es\/#\/schema\/logo\/image\/"},"sameAs":["http:\/\/facebook.com\/RedX.Net\/","https:\/\/x.com\/x_net_","https:\/\/es.wikipedia.org\/wiki\/Xnet"]},{"@type":"Person","@id":"https:\/\/dev.xnet-x.net\/es\/#\/schema\/person\/919c7ab500254f012b3e8975a5cf2bc3","name":"Xnet","image":{"@type":"ImageObject","inLanguage":"es","@id":"https:\/\/dev.xnet-x.net\/es\/#\/schema\/person\/image\/","url":"https:\/\/secure.gravatar.com\/avatar\/8b8563db88d55a25627c485761032c68d19ec6fbca59b20305af9bd0e10cb624?s=96&d=mm&r=g","contentUrl":"https:\/\/secure.gravatar.com\/avatar\/8b8563db88d55a25627c485761032c68d19ec6fbca59b20305af9bd0e10cb624?s=96&d=mm&r=g","caption":"Xnet"}}]}},"_links":{"self":[{"href":"https:\/\/dev.xnet-x.net\/es\/wp-json\/wp\/v2\/posts\/411","targetHints":{"allow":["GET"]}}],"collection":[{"href":"https:\/\/dev.xnet-x.net\/es\/wp-json\/wp\/v2\/posts"}],"about":[{"href":"https:\/\/dev.xnet-x.net\/es\/wp-json\/wp\/v2\/types\/post"}],"author":[{"embeddable":true,"href":"https:\/\/dev.xnet-x.net\/es\/wp-json\/wp\/v2\/users\/5"}],"replies":[{"embeddable":true,"href":"https:\/\/dev.xnet-x.net\/es\/wp-json\/wp\/v2\/comments?post=411"}],"version-history":[{"count":9,"href":"https:\/\/dev.xnet-x.net\/es\/wp-json\/wp\/v2\/posts\/411\/revisions"}],"predecessor-version":[{"id":22940,"href":"https:\/\/dev.xnet-x.net\/es\/wp-json\/wp\/v2\/posts\/411\/revisions\/22940"}],"wp:featuredmedia":[{"embeddable":true,"href":"https:\/\/dev.xnet-x.net\/es\/wp-json\/wp\/v2\/media\/13419"}],"wp:attachment":[{"href":"https:\/\/dev.xnet-x.net\/es\/wp-json\/wp\/v2\/media?parent=411"}],"wp:term":[{"taxonomy":"category","embeddable":true,"href":"https:\/\/dev.xnet-x.net\/es\/wp-json\/wp\/v2\/categories?post=411"},{"taxonomy":"post_tag","embeddable":true,"href":"https:\/\/dev.xnet-x.net\/es\/wp-json\/wp\/v2\/tags?post=411"}],"curies":[{"name":"wp","href":"https:\/\/api.w.org\/{rel}","templated":true}]}}