{"id":3121,"date":"2011-02-27T14:53:16","date_gmt":"2011-02-27T13:53:16","guid":{"rendered":"http:\/\/la-ex.net\/?p=3121"},"modified":"2016-08-24T16:12:56","modified_gmt":"2016-08-24T15:12:56","slug":"modelos-sostenibles-creatividad","status":"publish","type":"post","link":"https:\/\/dev.xnet-x.net\/es\/declaracion-y-manual-nuevos-modelos-sostenibles-para-la-creatividad-en-la-era-digital-si-no-los-conocen-es-porque-no-quieren\/","title":{"rendered":"Declaraci\u00f3n y manual: Nuevos modelos sostenibles para la creatividad en la era digital (si no los conocen es porque no quieren)"},"content":{"rendered":"<p>Tras 4 meses de trabajo en red a nivel internacional, el FCForum publica hoy <a href=\"http:\/\/fcforum.net\/es\/sustainable-models-for-creativity\" target=\"_blank\"><em><strong>La Declaraci\u00f3n y el \u201cManual\u201d sobre modelos sostenibles para la creatividad en la era digital.<\/strong><\/em><\/a><\/p>\n<p>Hay muchos modelos que ya est\u00e1n operando o que son posibles. Este documento examina algunos de ellos y pide que se aliente y promueva su desarrollo.<\/p>\n<p>Lo que viene a demostrar es que soluciones pr\u00e1cticas las hay. Cosa bien distinta es que no interesen a pol\u00edticos a sueldo de multinacionales y de intereses particulares. <a href=\"http:\/\/www.nolesvotes.com\/\" target=\"_blank\">#NoLesVotes<\/a>.<\/p>\n<p>El <a href=\"http:\/\/2010.fcforum.net\" target=\"_blank\">FCForum<\/a> es una plataforma internacional impulsada por <a href=\"http:\/\/xnet-x.net\">Xnet (exEXGAE)<\/a> que re\u00fane cada a\u00f1o a organizaciones clave y voces activas en el \u00e1mbito de la cultura libre para crear y coordinar un marco global de acci\u00f3n. El texto que se publica hoy es el resultado del encuentro de 150 organizaciones en octubre de 2010. Editado por Xnet (exEXGAE), <a href=\"http:\/\/www.ypsite.net\/\" target=\"_blank\">YProduction<\/a> y Mayo Fuster Morell, a parte de aportar una <strong>an\u00e1lisis de cada sector<\/strong> y la <strong>descripci\u00f3n detallada de los nuevos modelos<\/strong> operantes y posibles, defienden que:<\/p>\n<p>el modelo actual de copyright es contraproducente y la reconversi\u00f3n del sector cultural es inevitable y necesaria; hay que acabar con los monopolios creados por algunas entidades y corporaciones para su propio beneficio, en muchos casos con la complicidad activa del gobierno; compartir e intercambiar ideas tiene una importancia central en la cultura y debemos ampliar los esfuerzos institucionales para apoyarlos; es necesario e importante que la gente (en un sentido mucho m\u00e1s amplio de \u00e9l que se ha considerado hasta ahora) sea compensada socialmente por su valioso esfuerzo creativo.<\/p>\n<p>Adem\u00e1s alerta de que el acuerdo del que se habla en los pasillos de ministerios y telecos para ampliar el canon digital a la propia conexi\u00f3n a internet es absolutamente inaceptable en las condiciones actuales y ser\u00e1 rechazado por la sociedad civil.<\/p>\n<p>El documento, que sigue recogiendo adhesiones, se publica firmado por m\u00e1s de 40 organizaciones y especialistas nacionales e internacionales tales como EFF, P2P Foundation, La Quadrature du Net, Consumers International, Red SOStenible, <a href=\"http:\/\/www.enriquedans.com\/2011\/02\/modelos-sostenibles-para-la-creatividad-en-la-era-digital.html\" target=\"_blank\">Enrique Dans<\/a>, Ricardo Galli, el abogado Carlos Almeida, Creative Commons Espa\u00f1a y Alemania y muchos otros.<br \/>\nInvitamos a la ciudadan\u00eda, a los y las reformadoras pol\u00edticas y a las instituciones a seguir la discusi\u00f3n sobre nuevos modelos sostenibles para la creatividad en un <a href=\"http:\/\/list.fcforum.net\/wws\/info\/modelos-sostenibles\" target=\"_blank\">espacio de debate online<\/a> que ha sido creado expresamente.<\/p>\n<p>Si te interesa participar escr\u00edbenos a: info@fcforum.net<\/p>\n<p>En nuestro pa\u00eds Alex de la Iglesia abri\u00f3 una brecha importante por la que el debate ya no puede ser silenciado. Este documento es una base pr\u00e1ctica para seguir.<\/p>\n<p>Tenemos que defender y ampliar el \u00e1mbito en el que la creatividad humana y el conocimiento pueden prosperar libremente y de forma sostenible. Como sociedad civil, es nuestra responsabilidad oponernos a las pr\u00e1cticas de saqueo del patrimonio com\u00fan y a las trabas a nuestro desarrollo futuro.<\/p>\n<p>Se seguir\u00e1n recogiendo adhesiones y aportaciones. Con ellas se ir\u00e1n elaborando nuevas versiones a medida que nuevas exigencias y nuevas soluciones se manifiesten.<\/p>\n<p><strong>Nuevos modelos de negocio? Si no los encuentran es porque no quieren.<\/strong><\/p>\n<p>Comparte, difunde, participa.<\/p>\n<p>Mira tambi\u00e9n:<br \/>\n<a href=\"http:\/\/www.elpais.com\/articulo\/Pantallas\/Hoja\/ruta\/economia\/digital\/elpepirtv\/20110228elpepirtv_3\/Tes\" target=\"_blank\">El Pa\u00eds<\/a>, el blog de Enrique Dans, la p\u00e1gina de la <a href=\"http:\/\/blog.p2pfoundation.net\/fcforum-declaration-sustainable-models-for-creativity\/2011\/02\/28\" target=\"_blank\">P2P Foundation,<\/a> entre otros.<\/p>","protected":false},"excerpt":{"rendered":"<p>Tras 4 meses de trabajo en red a nivel internacional, el FCForum publica hoy La Declaraci\u00f3n y el \u201cManual\u201d sobre modelos sostenibles para la creatividad en la era digital. Hay muchos modelos que ya est\u00e1n operando o que son posibles. Este documento examina algunos de ellos y pide que se aliente y promueva su desarrollo. [&hellip;]<\/p>\n","protected":false},"author":5,"featured_media":8929,"comment_status":"closed","ping_status":"closed","sticky":false,"template":"","format":"standard","meta":{"footnotes":""},"categories":[52],"tags":[],"class_list":["post-3121","post","type-post","status-publish","format-standard","has-post-thumbnail","hentry","category-blog","ejes-cultura-libre"],"yoast_head":"<!-- This site is optimized with the Yoast SEO plugin v26.7 - https:\/\/yoast.com\/wordpress\/plugins\/seo\/ -->\n<title>Declaraci\u00f3n y manual: Nuevos modelos sostenibles para la creatividad en la era digital (si no los conocen es porque no quieren)<\/title>\n<meta name=\"robots\" content=\"index, follow, max-snippet:-1, max-image-preview:large, max-video-preview:-1\" \/>\n<link rel=\"canonical\" href=\"https:\/\/dev.xnet-x.net\/es\/declaracion-y-manual-nuevos-modelos-sostenibles-para-la-creatividad-en-la-era-digital-si-no-los-conocen-es-porque-no-quieren\/\" \/>\n<meta name=\"twitter:label1\" content=\"Escrito por\" \/>\n\t<meta name=\"twitter:data1\" content=\"Xnet\" \/>\n\t<meta name=\"twitter:label2\" content=\"Tiempo de lectura\" \/>\n\t<meta name=\"twitter:data2\" content=\"5 minutos\" \/>\n<script type=\"application\/ld+json\" class=\"yoast-schema-graph\">{\"@context\":\"https:\/\/schema.org\",\"@graph\":[{\"@type\":\"Article\",\"@id\":\"https:\/\/dev.xnet-x.net\/es\/declaracion-y-manual-nuevos-modelos-sostenibles-para-la-creatividad-en-la-era-digital-si-no-los-conocen-es-porque-no-quieren\/#article\",\"isPartOf\":{\"@id\":\"https:\/\/dev.xnet-x.net\/es\/declaracion-y-manual-nuevos-modelos-sostenibles-para-la-creatividad-en-la-era-digital-si-no-los-conocen-es-porque-no-quieren\/\"},\"author\":{\"name\":\"Xnet\",\"@id\":\"https:\/\/dev.xnet-x.net\/es\/#\/schema\/person\/919c7ab500254f012b3e8975a5cf2bc3\"},\"headline\":\"Declaraci\u00f3n y manual: Nuevos modelos sostenibles para la creatividad en la era digital (si no los conocen es porque no quieren)\",\"datePublished\":\"2011-02-27T13:53:16+00:00\",\"dateModified\":\"2016-08-24T15:12:56+00:00\",\"mainEntityOfPage\":{\"@id\":\"https:\/\/dev.xnet-x.net\/es\/declaracion-y-manual-nuevos-modelos-sostenibles-para-la-creatividad-en-la-era-digital-si-no-los-conocen-es-porque-no-quieren\/\"},\"wordCount\":1147,\"publisher\":{\"@id\":\"https:\/\/dev.xnet-x.net\/es\/#organization\"},\"image\":{\"@id\":\"https:\/\/dev.xnet-x.net\/es\/declaracion-y-manual-nuevos-modelos-sostenibles-para-la-creatividad-en-la-era-digital-si-no-los-conocen-es-porque-no-quieren\/#primaryimage\"},\"thumbnailUrl\":\"https:\/\/dev.xnet-x.net\/img\/modelos-sostenibles-para-la-creatividad-en-la-era-digital-img.png\",\"articleSection\":[\"Blog - Nuestras acciones\"],\"inLanguage\":\"es\"},{\"@type\":\"WebPage\",\"@id\":\"https:\/\/dev.xnet-x.net\/es\/declaracion-y-manual-nuevos-modelos-sostenibles-para-la-creatividad-en-la-era-digital-si-no-los-conocen-es-porque-no-quieren\/\",\"url\":\"https:\/\/dev.xnet-x.net\/es\/declaracion-y-manual-nuevos-modelos-sostenibles-para-la-creatividad-en-la-era-digital-si-no-los-conocen-es-porque-no-quieren\/\",\"name\":\"Declaraci\u00f3n y manual: Nuevos modelos sostenibles para la creatividad en la era digital (si no los conocen es porque no quieren)\",\"isPartOf\":{\"@id\":\"https:\/\/dev.xnet-x.net\/es\/#website\"},\"primaryImageOfPage\":{\"@id\":\"https:\/\/dev.xnet-x.net\/es\/declaracion-y-manual-nuevos-modelos-sostenibles-para-la-creatividad-en-la-era-digital-si-no-los-conocen-es-porque-no-quieren\/#primaryimage\"},\"image\":{\"@id\":\"https:\/\/dev.xnet-x.net\/es\/declaracion-y-manual-nuevos-modelos-sostenibles-para-la-creatividad-en-la-era-digital-si-no-los-conocen-es-porque-no-quieren\/#primaryimage\"},\"thumbnailUrl\":\"https:\/\/dev.xnet-x.net\/img\/modelos-sostenibles-para-la-creatividad-en-la-era-digital-img.png\",\"datePublished\":\"2011-02-27T13:53:16+00:00\",\"dateModified\":\"2016-08-24T15:12:56+00:00\",\"breadcrumb\":{\"@id\":\"https:\/\/dev.xnet-x.net\/es\/declaracion-y-manual-nuevos-modelos-sostenibles-para-la-creatividad-en-la-era-digital-si-no-los-conocen-es-porque-no-quieren\/#breadcrumb\"},\"inLanguage\":\"es\",\"potentialAction\":[{\"@type\":\"ReadAction\",\"target\":[[\"https:\/\/dev.xnet-x.net\/es\/declaracion-y-manual-nuevos-modelos-sostenibles-para-la-creatividad-en-la-era-digital-si-no-los-conocen-es-porque-no-quieren\/\"]]}]},{\"@type\":\"ImageObject\",\"inLanguage\":\"es\",\"@id\":\"https:\/\/dev.xnet-x.net\/es\/declaracion-y-manual-nuevos-modelos-sostenibles-para-la-creatividad-en-la-era-digital-si-no-los-conocen-es-porque-no-quieren\/#primaryimage\",\"url\":\"https:\/\/dev.xnet-x.net\/img\/modelos-sostenibles-para-la-creatividad-en-la-era-digital-img.png\",\"contentUrl\":\"https:\/\/dev.xnet-x.net\/img\/modelos-sostenibles-para-la-creatividad-en-la-era-digital-img.png\",\"width\":1187,\"height\":1666,\"caption\":\"Modelos Sostenibles para la Creatividad en la Era Digital\"},{\"@type\":\"BreadcrumbList\",\"@id\":\"https:\/\/dev.xnet-x.net\/es\/declaracion-y-manual-nuevos-modelos-sostenibles-para-la-creatividad-en-la-era-digital-si-no-los-conocen-es-porque-no-quieren\/#breadcrumb\",\"itemListElement\":[{\"@type\":\"ListItem\",\"position\":1,\"name\":\"Portada\",\"item\":\"https:\/\/dev.xnet-x.net\/es\/\"},{\"@type\":\"ListItem\",\"position\":2,\"name\":\"Declaraci\u00f3n y manual: Nuevos modelos sostenibles para la creatividad en la era digital (si no los conocen es porque no quieren)\"}]},{\"@type\":\"WebSite\",\"@id\":\"https:\/\/dev.xnet-x.net\/es\/#website\",\"url\":\"https:\/\/dev.xnet-x.net\/es\/\",\"name\":\"[:es]Xnet - Internet, derechos y democracia en la era digital[:ca]Xnet - Internet, drets i democr\u00e0cia en l'era digital[:en]Xnet - Internet freedoms & digital rights[:]\",\"description\":\"Xnet: Internet, informaci\u00f3n y cultura libres. Tecnopol\u00edtica. Datos, algoritmos y derechos digitales. Libertad de expresi\u00f3n. Democracia y anticorrupci\u00f3n\",\"publisher\":{\"@id\":\"https:\/\/dev.xnet-x.net\/es\/#organization\"},\"potentialAction\":[{\"@type\":\"SearchAction\",\"target\":{\"@type\":\"EntryPoint\",\"urlTemplate\":\"https:\/\/dev.xnet-x.net\/es\/?s={search_term_string}\"},\"query-input\":{\"@type\":\"PropertyValueSpecification\",\"valueRequired\":true,\"valueName\":\"search_term_string\"}}],\"inLanguage\":\"es\"},{\"@type\":\"Organization\",\"@id\":\"https:\/\/dev.xnet-x.net\/es\/#organization\",\"name\":\"Xnet - Internet, derechos y democracia en la era digital\",\"url\":\"https:\/\/dev.xnet-x.net\/es\/\",\"logo\":{\"@type\":\"ImageObject\",\"inLanguage\":\"es\",\"@id\":\"https:\/\/dev.xnet-x.net\/es\/#\/schema\/logo\/image\/\",\"url\":\"https:\/\/xnet-x.net\/img\/xnet-logo.png\",\"contentUrl\":\"https:\/\/xnet-x.net\/img\/xnet-logo.png\",\"width\":512,\"height\":512,\"caption\":\"Xnet - Internet, derechos y democracia en la era digital\"},\"image\":{\"@id\":\"https:\/\/dev.xnet-x.net\/es\/#\/schema\/logo\/image\/\"},\"sameAs\":[\"http:\/\/facebook.com\/RedX.Net\/\",\"https:\/\/x.com\/x_net_\",\"https:\/\/es.wikipedia.org\/wiki\/Xnet\"]},{\"@type\":\"Person\",\"@id\":\"https:\/\/dev.xnet-x.net\/es\/#\/schema\/person\/919c7ab500254f012b3e8975a5cf2bc3\",\"name\":\"Xnet\",\"image\":{\"@type\":\"ImageObject\",\"inLanguage\":\"es\",\"@id\":\"https:\/\/dev.xnet-x.net\/es\/#\/schema\/person\/image\/\",\"url\":\"https:\/\/secure.gravatar.com\/avatar\/8b8563db88d55a25627c485761032c68d19ec6fbca59b20305af9bd0e10cb624?s=96&d=mm&r=g\",\"contentUrl\":\"https:\/\/secure.gravatar.com\/avatar\/8b8563db88d55a25627c485761032c68d19ec6fbca59b20305af9bd0e10cb624?s=96&d=mm&r=g\",\"caption\":\"Xnet\"}}]}<\/script>\n<!-- \/ Yoast SEO plugin. -->","yoast_head_json":{"title":"Declaraci\u00f3n y manual: Nuevos modelos sostenibles para la creatividad en la era digital (si no los conocen es porque no quieren)","robots":{"index":"index","follow":"follow","max-snippet":"max-snippet:-1","max-image-preview":"max-image-preview:large","max-video-preview":"max-video-preview:-1"},"canonical":"https:\/\/dev.xnet-x.net\/es\/declaracion-y-manual-nuevos-modelos-sostenibles-para-la-creatividad-en-la-era-digital-si-no-los-conocen-es-porque-no-quieren\/","twitter_misc":{"Escrito por":"Xnet","Tiempo de lectura":"5 minutos"},"schema":{"@context":"https:\/\/schema.org","@graph":[{"@type":"Article","@id":"https:\/\/dev.xnet-x.net\/es\/declaracion-y-manual-nuevos-modelos-sostenibles-para-la-creatividad-en-la-era-digital-si-no-los-conocen-es-porque-no-quieren\/#article","isPartOf":{"@id":"https:\/\/dev.xnet-x.net\/es\/declaracion-y-manual-nuevos-modelos-sostenibles-para-la-creatividad-en-la-era-digital-si-no-los-conocen-es-porque-no-quieren\/"},"author":{"name":"Xnet","@id":"https:\/\/dev.xnet-x.net\/es\/#\/schema\/person\/919c7ab500254f012b3e8975a5cf2bc3"},"headline":"Declaraci\u00f3n y manual: Nuevos modelos sostenibles para la creatividad en la era digital (si no los conocen es porque no quieren)","datePublished":"2011-02-27T13:53:16+00:00","dateModified":"2016-08-24T15:12:56+00:00","mainEntityOfPage":{"@id":"https:\/\/dev.xnet-x.net\/es\/declaracion-y-manual-nuevos-modelos-sostenibles-para-la-creatividad-en-la-era-digital-si-no-los-conocen-es-porque-no-quieren\/"},"wordCount":1147,"publisher":{"@id":"https:\/\/dev.xnet-x.net\/es\/#organization"},"image":{"@id":"https:\/\/dev.xnet-x.net\/es\/declaracion-y-manual-nuevos-modelos-sostenibles-para-la-creatividad-en-la-era-digital-si-no-los-conocen-es-porque-no-quieren\/#primaryimage"},"thumbnailUrl":"https:\/\/dev.xnet-x.net\/img\/modelos-sostenibles-para-la-creatividad-en-la-era-digital-img.png","articleSection":["Blog - Nuestras acciones"],"inLanguage":"es"},{"@type":"WebPage","@id":"https:\/\/dev.xnet-x.net\/es\/declaracion-y-manual-nuevos-modelos-sostenibles-para-la-creatividad-en-la-era-digital-si-no-los-conocen-es-porque-no-quieren\/","url":"https:\/\/dev.xnet-x.net\/es\/declaracion-y-manual-nuevos-modelos-sostenibles-para-la-creatividad-en-la-era-digital-si-no-los-conocen-es-porque-no-quieren\/","name":"Declaraci\u00f3n y manual: Nuevos modelos sostenibles para la creatividad en la era digital (si no los conocen es porque no quieren)","isPartOf":{"@id":"https:\/\/dev.xnet-x.net\/es\/#website"},"primaryImageOfPage":{"@id":"https:\/\/dev.xnet-x.net\/es\/declaracion-y-manual-nuevos-modelos-sostenibles-para-la-creatividad-en-la-era-digital-si-no-los-conocen-es-porque-no-quieren\/#primaryimage"},"image":{"@id":"https:\/\/dev.xnet-x.net\/es\/declaracion-y-manual-nuevos-modelos-sostenibles-para-la-creatividad-en-la-era-digital-si-no-los-conocen-es-porque-no-quieren\/#primaryimage"},"thumbnailUrl":"https:\/\/dev.xnet-x.net\/img\/modelos-sostenibles-para-la-creatividad-en-la-era-digital-img.png","datePublished":"2011-02-27T13:53:16+00:00","dateModified":"2016-08-24T15:12:56+00:00","breadcrumb":{"@id":"https:\/\/dev.xnet-x.net\/es\/declaracion-y-manual-nuevos-modelos-sostenibles-para-la-creatividad-en-la-era-digital-si-no-los-conocen-es-porque-no-quieren\/#breadcrumb"},"inLanguage":"es","potentialAction":[{"@type":"ReadAction","target":[["https:\/\/dev.xnet-x.net\/es\/declaracion-y-manual-nuevos-modelos-sostenibles-para-la-creatividad-en-la-era-digital-si-no-los-conocen-es-porque-no-quieren\/"]]}]},{"@type":"ImageObject","inLanguage":"es","@id":"https:\/\/dev.xnet-x.net\/es\/declaracion-y-manual-nuevos-modelos-sostenibles-para-la-creatividad-en-la-era-digital-si-no-los-conocen-es-porque-no-quieren\/#primaryimage","url":"https:\/\/dev.xnet-x.net\/img\/modelos-sostenibles-para-la-creatividad-en-la-era-digital-img.png","contentUrl":"https:\/\/dev.xnet-x.net\/img\/modelos-sostenibles-para-la-creatividad-en-la-era-digital-img.png","width":1187,"height":1666,"caption":"Modelos Sostenibles para la Creatividad en la Era Digital"},{"@type":"BreadcrumbList","@id":"https:\/\/dev.xnet-x.net\/es\/declaracion-y-manual-nuevos-modelos-sostenibles-para-la-creatividad-en-la-era-digital-si-no-los-conocen-es-porque-no-quieren\/#breadcrumb","itemListElement":[{"@type":"ListItem","position":1,"name":"Portada","item":"https:\/\/dev.xnet-x.net\/es\/"},{"@type":"ListItem","position":2,"name":"Declaraci\u00f3n y manual: Nuevos modelos sostenibles para la creatividad en la era digital (si no los conocen es porque no quieren)"}]},{"@type":"WebSite","@id":"https:\/\/dev.xnet-x.net\/es\/#website","url":"https:\/\/dev.xnet-x.net\/es\/","name":"[:es]Xnet - Internet, derechos y democracia en la era digital[:ca]Xnet - Internet, drets i democr\u00e0cia en l'era digital[:en]Xnet - Internet freedoms & digital rights[:]","description":"Xnet: Internet, informaci\u00f3n y cultura libres. Tecnopol\u00edtica. Datos, algoritmos y derechos digitales. Libertad de expresi\u00f3n. Democracia y anticorrupci\u00f3n","publisher":{"@id":"https:\/\/dev.xnet-x.net\/es\/#organization"},"potentialAction":[{"@type":"SearchAction","target":{"@type":"EntryPoint","urlTemplate":"https:\/\/dev.xnet-x.net\/es\/?s={search_term_string}"},"query-input":{"@type":"PropertyValueSpecification","valueRequired":true,"valueName":"search_term_string"}}],"inLanguage":"es"},{"@type":"Organization","@id":"https:\/\/dev.xnet-x.net\/es\/#organization","name":"Xnet - Internet, derechos y democracia en la era digital","url":"https:\/\/dev.xnet-x.net\/es\/","logo":{"@type":"ImageObject","inLanguage":"es","@id":"https:\/\/dev.xnet-x.net\/es\/#\/schema\/logo\/image\/","url":"https:\/\/xnet-x.net\/img\/xnet-logo.png","contentUrl":"https:\/\/xnet-x.net\/img\/xnet-logo.png","width":512,"height":512,"caption":"Xnet - Internet, derechos y democracia en la era digital"},"image":{"@id":"https:\/\/dev.xnet-x.net\/es\/#\/schema\/logo\/image\/"},"sameAs":["http:\/\/facebook.com\/RedX.Net\/","https:\/\/x.com\/x_net_","https:\/\/es.wikipedia.org\/wiki\/Xnet"]},{"@type":"Person","@id":"https:\/\/dev.xnet-x.net\/es\/#\/schema\/person\/919c7ab500254f012b3e8975a5cf2bc3","name":"Xnet","image":{"@type":"ImageObject","inLanguage":"es","@id":"https:\/\/dev.xnet-x.net\/es\/#\/schema\/person\/image\/","url":"https:\/\/secure.gravatar.com\/avatar\/8b8563db88d55a25627c485761032c68d19ec6fbca59b20305af9bd0e10cb624?s=96&d=mm&r=g","contentUrl":"https:\/\/secure.gravatar.com\/avatar\/8b8563db88d55a25627c485761032c68d19ec6fbca59b20305af9bd0e10cb624?s=96&d=mm&r=g","caption":"Xnet"}}]}},"_links":{"self":[{"href":"https:\/\/dev.xnet-x.net\/es\/wp-json\/wp\/v2\/posts\/3121","targetHints":{"allow":["GET"]}}],"collection":[{"href":"https:\/\/dev.xnet-x.net\/es\/wp-json\/wp\/v2\/posts"}],"about":[{"href":"https:\/\/dev.xnet-x.net\/es\/wp-json\/wp\/v2\/types\/post"}],"author":[{"embeddable":true,"href":"https:\/\/dev.xnet-x.net\/es\/wp-json\/wp\/v2\/users\/5"}],"replies":[{"embeddable":true,"href":"https:\/\/dev.xnet-x.net\/es\/wp-json\/wp\/v2\/comments?post=3121"}],"version-history":[{"count":6,"href":"https:\/\/dev.xnet-x.net\/es\/wp-json\/wp\/v2\/posts\/3121\/revisions"}],"predecessor-version":[{"id":9431,"href":"https:\/\/dev.xnet-x.net\/es\/wp-json\/wp\/v2\/posts\/3121\/revisions\/9431"}],"wp:featuredmedia":[{"embeddable":true,"href":"https:\/\/dev.xnet-x.net\/es\/wp-json\/wp\/v2\/media\/8929"}],"wp:attachment":[{"href":"https:\/\/dev.xnet-x.net\/es\/wp-json\/wp\/v2\/media?parent=3121"}],"wp:term":[{"taxonomy":"category","embeddable":true,"href":"https:\/\/dev.xnet-x.net\/es\/wp-json\/wp\/v2\/categories?post=3121"},{"taxonomy":"post_tag","embeddable":true,"href":"https:\/\/dev.xnet-x.net\/es\/wp-json\/wp\/v2\/tags?post=3121"}],"curies":[{"name":"wp","href":"https:\/\/api.w.org\/{rel}","templated":true}]}}