{"id":28569,"date":"2025-09-06T08:38:28","date_gmt":"2025-09-06T06:38:28","guid":{"rendered":"https:\/\/xnet-x.net\/es\/?p=28569"},"modified":"2025-09-08T15:00:33","modified_gmt":"2025-09-08T13:00:33","slug":"el-negocio-de-la-desinformacion-y-la-ley-1","status":"publish","type":"post","link":"https:\/\/dev.xnet-x.net\/es\/emfa-negocio-desinformacion-y-ley-1\/","title":{"rendered":"El negocio de la desinformaci\u00f3n y la ley (1)"},"content":{"rendered":"<p><\/p>\n<h4>La industria de la (des)informaci\u00f3n: exasperar la realidad; destruir la credibilidad\u2028<br \/>\n<em>Por Simona Levi, Xnet &#8211; Instituto para la Digitalizaci\u00f3n Democr\u00e1tica<\/em><\/h4>\n<p>El 8 de agosto ha entrado en vigor <strong>Ley Europea de Libertad de Medios (EMFA)<\/strong>.<\/p>\n<p>Vivimos rodeados de titulares chillones y promesas de exclusivas que poco tienen de exclusividad. Partidos pol\u00edticos, instituciones, negocio medi\u00e1tico y en general cualquiera que tenga medios econ\u00f3micos puede convertir la informaci\u00f3n en un espect\u00e1culo grotesco que prioriza el ruido al rigor, el impacto visual a la profundidad y el esc\u00e1ndalo a los hechos. En esta lucha por captar atenci\u00f3n, ergo el poder de influencia y la monetizaci\u00f3n, se ha sembrado un terreno f\u00e9rtil para la obsolescencia de estos mismo actores, incluso de los honestos: el p\u00fablico ya no les cree. De hecho est\u00e1 dispuesto a creer cualquier cosa antes de dejarse enga\u00f1ar una y otra vez. La redignificaci\u00f3n del periodismo es una urgencia.<\/p>\n<p>La historia de la circulaci\u00f3n de la informaci\u00f3n desde siempre est\u00e1 tejida con los hilos de intereses que, m\u00e1s que informar, buscan perpetuar sus propias narrativas y preservar su hegemon\u00eda. En nuestra \u00e9poca, con nuevos recursos ser\u00eda ingenuo creer que no iba a ser lo mismo: el drama (real o simulado) reina y el contexto y las soluciones desaparecen, ahogado en un mar de sensacionalismo.<\/p>\n<p>El periodismo de titulares alarmistas, las promesas pol\u00edticas huecas y las estrategias corporativas opacas no solo degradan la calidad del debate p\u00fablico, sino que tambi\u00e9n minan la confianza y destruyen las posibilidades de \u00e9xito del buen periodismo. En un mundo donde todo es \u00abhist\u00f3rico\u00bb o \u00absin precedentes\u00bb, el p\u00fablico acaba desarrollando un escepticismo defensivo: si todo es una emergencia, entonces nada lo es. Esto no es solo un problema de estilo, sino una crisis que erosiona los cimientos de una sociedad que quiere ser democr\u00e1tica. Lo que deber\u00eda unirnos en solidaridad y acci\u00f3n se convierte en una ola de agotamiento y desconexi\u00f3n.<\/p>\n<p>Cuando llega una crisis real, este modelo muestra su verdadero coste. El ruido medi\u00e1tico, las promesas pol\u00edticas incumplidas y las respuestas empresariales interesadas contribuyen a una desconfianza generalizada, alimentando por necesidad movimientos conspiranoicos e intolerantes y dificultando la coordinaci\u00f3n colectiva. En estos momentos, la espectacularizaci\u00f3n de la informaci\u00f3n bajo sus intereses pol\u00edticos y sus ganancias espurias muestra cuan irresponsable y peligrosa es.<\/p>\n<p>La soluci\u00f3n no pasa por culpar a internet o a la ciudadan\u00eda, sino por exigir responsabilidad a los grandes actores: corporaciones medi\u00e1ticas, partidos pol\u00edticos, instituciones y poderes econ\u00f3micos. Tal y como llevo analizando desde 2018 bajo el paraguas de #FakeYou, una investigaci\u00f3n para la acci\u00f3n estrat\u00e9gica y legislativa, existe un camino claro: separar la libertad de expresi\u00f3n del negocio de la (des)informaci\u00f3n o de la informaci\u00f3n institucional y regular con severidad estos \u00faltimos en base a una obligaci\u00f3n de verificaci\u00f3n y trazabilidad. Esto incluye dotar a la ciudadan\u00eda de herramientas para auditar el ecosistema informativo y de poder.<\/p>\n<p>Por esto la Ley Europea de Libertad de Medios (EMFA), en vigor desde el 8 de agosto, podr\u00eda y deber\u00eda ser una buena noticia, pero finalmente lo es solo a medias. La Ley busca mejorar el ecosistema medi\u00e1tico y fortalecer el pluralismo. Por fin obliga a la transparencia en la propiedad de los medios y amplia la garant\u00edas para que los periodistas puedan proteger sus fuentes.<br \/>\n\u00a0<br \/>\nPero al mismo tiempo contiene tambi\u00e9n una grave discriminaci\u00f3n, una \u00abMedia Exemption\u00bb por la que los medios que se autodeclaren como tales estar\u00e1n m\u00e1s protegidos que otras fuentes que puedan ser igualmente fiables, incluso cuando se ha demostrado que los primeros violan alguna norma de las plataformas de publicaci\u00f3n. Esto no es una buena noticia si realmente queremos atacar las ra\u00edces de la desinformaci\u00f3n y contradice los avances conseguidos con la Ley Europea de Servicios Digitales de 2024. Independientemente de su buen hacer period\u00edstico, cualquier actor puede autoproclamarse proveedor de medios y as\u00ed obtener privilegios de visibilidad.<br \/>\nLa Ley se retomar\u00e1 en oto\u00f1o en el Proyecto de Ley del Congreso espa\u00f1ol para la Mejora de la Gobernanza Democr\u00e1tica en Servicios Digitales y Ordenaci\u00f3n de los Medios de Comunicaci\u00f3n. Es crucial que interpelemos los partidos pol\u00edticos para que la Ley espa\u00f1ola corrija estos errores.<\/p>\n<p>La espectacularizaci\u00f3n de la informaci\u00f3n y el ruido disfrazado de periodismo no son una simple an\u00e9cdota: es una estrategia de control que erosiona nuestra capacidad de discernir y actuar. Si queremos una sociedad m\u00e1s justa y democr\u00e1tica, debemos exigir a todos los grandes actores que sirvan al inter\u00e9s p\u00fablico, no a sus agendas particulares. El tiempo de los fuegos artificiales informativos debe llegar a su fin. Es hora de construir un modelo que priorice los matices sobre el impacto, el an\u00e1lisis sobre el esc\u00e1ndalo y la verificaci\u00f3n sobre la sospecha. Nada nuevo, ya se invent\u00f3; se llama periodismo.<br \/>\n&nbsp;<\/p>\n<p>M\u00e1s informaci\u00f3n sobre EMFA:<br \/>\n<a href=\"https:\/\/xnet-x.net\/es\/emfa-libertad-medios-anuncios-politicos-political-ads\/\" target=\"_blank\">https:\/\/xnet-x.net\/es\/emfa-libertad-medios-anuncios-politicos-political-ads\/<\/a><\/p>\n<p>&nbsp;<\/p>","protected":false},"excerpt":{"rendered":"<p>La industria de la (des)informaci\u00f3n: exasperar la realidad; destruir la credibilidad\u2028 Por Simona Levi, Xnet &#8211; Instituto para la Digitalizaci\u00f3n Democr\u00e1tica El 8 de agosto ha entrado en vigor Ley Europea de Libertad de Medios (EMFA). Vivimos rodeados de titulares chillones y promesas de exclusivas que poco tienen de exclusividad. Partidos pol\u00edticos, instituciones, negocio medi\u00e1tico [&hellip;]<\/p>\n","protected":false},"author":15,"featured_media":28586,"comment_status":"closed","ping_status":"closed","sticky":false,"template":"","format":"standard","meta":{"footnotes":""},"categories":[52],"tags":[],"class_list":["post-28569","post","type-post","status-publish","format-standard","has-post-thumbnail","hentry","category-blog","ejes-libertad-expresion-informacion"],"yoast_head":"<!-- This site is optimized with the Yoast SEO plugin v26.7 - https:\/\/yoast.com\/wordpress\/plugins\/seo\/ -->\n<title>El negocio de la desinformaci\u00f3n y la ley<\/title>\n<meta name=\"description\" content=\"La industria de la (des)informaci\u00f3n exaspera la realidad y destruye la credibilidad. Entra en vigor la Ley Europea de Libertad de Medios-EMFA.\" \/>\n<meta name=\"robots\" content=\"index, follow, max-snippet:-1, max-image-preview:large, max-video-preview:-1\" \/>\n<link rel=\"canonical\" href=\"https:\/\/dev.xnet-x.net\/es\/emfa-negocio-desinformacion-y-ley-1\/\" \/>\n<meta name=\"twitter:label1\" content=\"Escrito por\" \/>\n\t<meta name=\"twitter:data1\" content=\"Xnet\" \/>\n\t<meta name=\"twitter:label2\" content=\"Tiempo de lectura\" \/>\n\t<meta name=\"twitter:data2\" content=\"1 minuto\" \/>\n<script type=\"application\/ld+json\" class=\"yoast-schema-graph\">{\"@context\":\"https:\/\/schema.org\",\"@graph\":[{\"@type\":\"Article\",\"@id\":\"https:\/\/dev.xnet-x.net\/es\/emfa-negocio-desinformacion-y-ley-1\/#article\",\"isPartOf\":{\"@id\":\"https:\/\/dev.xnet-x.net\/es\/emfa-negocio-desinformacion-y-ley-1\/\"},\"author\":{\"name\":\"Xnet\",\"@id\":\"https:\/\/dev.xnet-x.net\/es\/#\/schema\/person\/02880890b95968f2b3bd4cfd79843d49\"},\"headline\":\"El negocio de la desinformaci\u00f3n y la ley (1)\",\"datePublished\":\"2025-09-06T06:38:28+00:00\",\"dateModified\":\"2025-09-08T13:00:33+00:00\",\"mainEntityOfPage\":{\"@id\":\"https:\/\/dev.xnet-x.net\/es\/emfa-negocio-desinformacion-y-ley-1\/\"},\"wordCount\":1786,\"publisher\":{\"@id\":\"https:\/\/dev.xnet-x.net\/es\/#organization\"},\"image\":{\"@id\":\"https:\/\/dev.xnet-x.net\/es\/emfa-negocio-desinformacion-y-ley-1\/#primaryimage\"},\"thumbnailUrl\":\"https:\/\/dev.xnet-x.net\/img\/emfa.jpg\",\"articleSection\":[\"Blog - Nuestras acciones\"],\"inLanguage\":\"es\"},{\"@type\":\"WebPage\",\"@id\":\"https:\/\/dev.xnet-x.net\/es\/emfa-negocio-desinformacion-y-ley-1\/\",\"url\":\"https:\/\/dev.xnet-x.net\/es\/emfa-negocio-desinformacion-y-ley-1\/\",\"name\":\"El negocio de la desinformaci\u00f3n y la ley\",\"isPartOf\":{\"@id\":\"https:\/\/dev.xnet-x.net\/es\/#website\"},\"primaryImageOfPage\":{\"@id\":\"https:\/\/dev.xnet-x.net\/es\/emfa-negocio-desinformacion-y-ley-1\/#primaryimage\"},\"image\":{\"@id\":\"https:\/\/dev.xnet-x.net\/es\/emfa-negocio-desinformacion-y-ley-1\/#primaryimage\"},\"thumbnailUrl\":\"https:\/\/dev.xnet-x.net\/img\/emfa.jpg\",\"datePublished\":\"2025-09-06T06:38:28+00:00\",\"dateModified\":\"2025-09-08T13:00:33+00:00\",\"description\":\"La industria de la (des)informaci\u00f3n exaspera la realidad y destruye la credibilidad. Entra en vigor la Ley Europea de Libertad de Medios-EMFA.\",\"breadcrumb\":{\"@id\":\"https:\/\/dev.xnet-x.net\/es\/emfa-negocio-desinformacion-y-ley-1\/#breadcrumb\"},\"inLanguage\":\"es\",\"potentialAction\":[{\"@type\":\"ReadAction\",\"target\":[[\"https:\/\/dev.xnet-x.net\/es\/emfa-negocio-desinformacion-y-ley-1\/\"]]}]},{\"@type\":\"ImageObject\",\"inLanguage\":\"es\",\"@id\":\"https:\/\/dev.xnet-x.net\/es\/emfa-negocio-desinformacion-y-ley-1\/#primaryimage\",\"url\":\"https:\/\/dev.xnet-x.net\/img\/emfa.jpg\",\"contentUrl\":\"https:\/\/dev.xnet-x.net\/img\/emfa.jpg\",\"width\":838,\"height\":420},{\"@type\":\"BreadcrumbList\",\"@id\":\"https:\/\/dev.xnet-x.net\/es\/emfa-negocio-desinformacion-y-ley-1\/#breadcrumb\",\"itemListElement\":[{\"@type\":\"ListItem\",\"position\":1,\"name\":\"Portada\",\"item\":\"https:\/\/dev.xnet-x.net\/es\/\"},{\"@type\":\"ListItem\",\"position\":2,\"name\":\"El negocio de la desinformaci\u00f3n y la ley (1)\"}]},{\"@type\":\"WebSite\",\"@id\":\"https:\/\/dev.xnet-x.net\/es\/#website\",\"url\":\"https:\/\/dev.xnet-x.net\/es\/\",\"name\":\"[:es]Xnet - Internet, derechos y democracia en la era digital[:ca]Xnet - Internet, drets i democr\u00e0cia en l'era digital[:en]Xnet - Internet freedoms & digital rights[:]\",\"description\":\"Xnet: Internet, informaci\u00f3n y cultura libres. Tecnopol\u00edtica. Datos, algoritmos y derechos digitales. Libertad de expresi\u00f3n. Democracia y anticorrupci\u00f3n\",\"publisher\":{\"@id\":\"https:\/\/dev.xnet-x.net\/es\/#organization\"},\"potentialAction\":[{\"@type\":\"SearchAction\",\"target\":{\"@type\":\"EntryPoint\",\"urlTemplate\":\"https:\/\/dev.xnet-x.net\/es\/?s={search_term_string}\"},\"query-input\":{\"@type\":\"PropertyValueSpecification\",\"valueRequired\":true,\"valueName\":\"search_term_string\"}}],\"inLanguage\":\"es\"},{\"@type\":\"Organization\",\"@id\":\"https:\/\/dev.xnet-x.net\/es\/#organization\",\"name\":\"Xnet - Internet, derechos y democracia en la era digital\",\"url\":\"https:\/\/dev.xnet-x.net\/es\/\",\"logo\":{\"@type\":\"ImageObject\",\"inLanguage\":\"es\",\"@id\":\"https:\/\/dev.xnet-x.net\/es\/#\/schema\/logo\/image\/\",\"url\":\"https:\/\/xnet-x.net\/img\/xnet-logo.png\",\"contentUrl\":\"https:\/\/xnet-x.net\/img\/xnet-logo.png\",\"width\":512,\"height\":512,\"caption\":\"Xnet - Internet, derechos y democracia en la era digital\"},\"image\":{\"@id\":\"https:\/\/dev.xnet-x.net\/es\/#\/schema\/logo\/image\/\"},\"sameAs\":[\"http:\/\/facebook.com\/RedX.Net\/\",\"https:\/\/x.com\/x_net_\",\"https:\/\/es.wikipedia.org\/wiki\/Xnet\"]},{\"@type\":\"Person\",\"@id\":\"https:\/\/dev.xnet-x.net\/es\/#\/schema\/person\/02880890b95968f2b3bd4cfd79843d49\",\"name\":\"Xnet\",\"image\":{\"@type\":\"ImageObject\",\"inLanguage\":\"es\",\"@id\":\"https:\/\/dev.xnet-x.net\/es\/#\/schema\/person\/image\/\",\"url\":\"https:\/\/secure.gravatar.com\/avatar\/41a61c327d24125228571dadd14748b0afd881e633e6e61518dacc4fef53cc93?s=96&d=mm&r=g\",\"contentUrl\":\"https:\/\/secure.gravatar.com\/avatar\/41a61c327d24125228571dadd14748b0afd881e633e6e61518dacc4fef53cc93?s=96&d=mm&r=g\",\"caption\":\"Xnet\"}}]}<\/script>\n<!-- \/ Yoast SEO plugin. -->","yoast_head_json":{"title":"El negocio de la desinformaci\u00f3n y la ley","description":"La industria de la (des)informaci\u00f3n exaspera la realidad y destruye la credibilidad. Entra en vigor la Ley Europea de Libertad de Medios-EMFA.","robots":{"index":"index","follow":"follow","max-snippet":"max-snippet:-1","max-image-preview":"max-image-preview:large","max-video-preview":"max-video-preview:-1"},"canonical":"https:\/\/dev.xnet-x.net\/es\/emfa-negocio-desinformacion-y-ley-1\/","twitter_misc":{"Escrito por":"Xnet","Tiempo de lectura":"1 minuto"},"schema":{"@context":"https:\/\/schema.org","@graph":[{"@type":"Article","@id":"https:\/\/dev.xnet-x.net\/es\/emfa-negocio-desinformacion-y-ley-1\/#article","isPartOf":{"@id":"https:\/\/dev.xnet-x.net\/es\/emfa-negocio-desinformacion-y-ley-1\/"},"author":{"name":"Xnet","@id":"https:\/\/dev.xnet-x.net\/es\/#\/schema\/person\/02880890b95968f2b3bd4cfd79843d49"},"headline":"El negocio de la desinformaci\u00f3n y la ley (1)","datePublished":"2025-09-06T06:38:28+00:00","dateModified":"2025-09-08T13:00:33+00:00","mainEntityOfPage":{"@id":"https:\/\/dev.xnet-x.net\/es\/emfa-negocio-desinformacion-y-ley-1\/"},"wordCount":1786,"publisher":{"@id":"https:\/\/dev.xnet-x.net\/es\/#organization"},"image":{"@id":"https:\/\/dev.xnet-x.net\/es\/emfa-negocio-desinformacion-y-ley-1\/#primaryimage"},"thumbnailUrl":"https:\/\/dev.xnet-x.net\/img\/emfa.jpg","articleSection":["Blog - Nuestras acciones"],"inLanguage":"es"},{"@type":"WebPage","@id":"https:\/\/dev.xnet-x.net\/es\/emfa-negocio-desinformacion-y-ley-1\/","url":"https:\/\/dev.xnet-x.net\/es\/emfa-negocio-desinformacion-y-ley-1\/","name":"El negocio de la desinformaci\u00f3n y la ley","isPartOf":{"@id":"https:\/\/dev.xnet-x.net\/es\/#website"},"primaryImageOfPage":{"@id":"https:\/\/dev.xnet-x.net\/es\/emfa-negocio-desinformacion-y-ley-1\/#primaryimage"},"image":{"@id":"https:\/\/dev.xnet-x.net\/es\/emfa-negocio-desinformacion-y-ley-1\/#primaryimage"},"thumbnailUrl":"https:\/\/dev.xnet-x.net\/img\/emfa.jpg","datePublished":"2025-09-06T06:38:28+00:00","dateModified":"2025-09-08T13:00:33+00:00","description":"La industria de la (des)informaci\u00f3n exaspera la realidad y destruye la credibilidad. Entra en vigor la Ley Europea de Libertad de Medios-EMFA.","breadcrumb":{"@id":"https:\/\/dev.xnet-x.net\/es\/emfa-negocio-desinformacion-y-ley-1\/#breadcrumb"},"inLanguage":"es","potentialAction":[{"@type":"ReadAction","target":[["https:\/\/dev.xnet-x.net\/es\/emfa-negocio-desinformacion-y-ley-1\/"]]}]},{"@type":"ImageObject","inLanguage":"es","@id":"https:\/\/dev.xnet-x.net\/es\/emfa-negocio-desinformacion-y-ley-1\/#primaryimage","url":"https:\/\/dev.xnet-x.net\/img\/emfa.jpg","contentUrl":"https:\/\/dev.xnet-x.net\/img\/emfa.jpg","width":838,"height":420},{"@type":"BreadcrumbList","@id":"https:\/\/dev.xnet-x.net\/es\/emfa-negocio-desinformacion-y-ley-1\/#breadcrumb","itemListElement":[{"@type":"ListItem","position":1,"name":"Portada","item":"https:\/\/dev.xnet-x.net\/es\/"},{"@type":"ListItem","position":2,"name":"El negocio de la desinformaci\u00f3n y la ley (1)"}]},{"@type":"WebSite","@id":"https:\/\/dev.xnet-x.net\/es\/#website","url":"https:\/\/dev.xnet-x.net\/es\/","name":"[:es]Xnet - Internet, derechos y democracia en la era digital[:ca]Xnet - Internet, drets i democr\u00e0cia en l'era digital[:en]Xnet - Internet freedoms & digital rights[:]","description":"Xnet: Internet, informaci\u00f3n y cultura libres. Tecnopol\u00edtica. Datos, algoritmos y derechos digitales. Libertad de expresi\u00f3n. Democracia y anticorrupci\u00f3n","publisher":{"@id":"https:\/\/dev.xnet-x.net\/es\/#organization"},"potentialAction":[{"@type":"SearchAction","target":{"@type":"EntryPoint","urlTemplate":"https:\/\/dev.xnet-x.net\/es\/?s={search_term_string}"},"query-input":{"@type":"PropertyValueSpecification","valueRequired":true,"valueName":"search_term_string"}}],"inLanguage":"es"},{"@type":"Organization","@id":"https:\/\/dev.xnet-x.net\/es\/#organization","name":"Xnet - Internet, derechos y democracia en la era digital","url":"https:\/\/dev.xnet-x.net\/es\/","logo":{"@type":"ImageObject","inLanguage":"es","@id":"https:\/\/dev.xnet-x.net\/es\/#\/schema\/logo\/image\/","url":"https:\/\/xnet-x.net\/img\/xnet-logo.png","contentUrl":"https:\/\/xnet-x.net\/img\/xnet-logo.png","width":512,"height":512,"caption":"Xnet - Internet, derechos y democracia en la era digital"},"image":{"@id":"https:\/\/dev.xnet-x.net\/es\/#\/schema\/logo\/image\/"},"sameAs":["http:\/\/facebook.com\/RedX.Net\/","https:\/\/x.com\/x_net_","https:\/\/es.wikipedia.org\/wiki\/Xnet"]},{"@type":"Person","@id":"https:\/\/dev.xnet-x.net\/es\/#\/schema\/person\/02880890b95968f2b3bd4cfd79843d49","name":"Xnet","image":{"@type":"ImageObject","inLanguage":"es","@id":"https:\/\/dev.xnet-x.net\/es\/#\/schema\/person\/image\/","url":"https:\/\/secure.gravatar.com\/avatar\/41a61c327d24125228571dadd14748b0afd881e633e6e61518dacc4fef53cc93?s=96&d=mm&r=g","contentUrl":"https:\/\/secure.gravatar.com\/avatar\/41a61c327d24125228571dadd14748b0afd881e633e6e61518dacc4fef53cc93?s=96&d=mm&r=g","caption":"Xnet"}}]}},"_links":{"self":[{"href":"https:\/\/dev.xnet-x.net\/es\/wp-json\/wp\/v2\/posts\/28569","targetHints":{"allow":["GET"]}}],"collection":[{"href":"https:\/\/dev.xnet-x.net\/es\/wp-json\/wp\/v2\/posts"}],"about":[{"href":"https:\/\/dev.xnet-x.net\/es\/wp-json\/wp\/v2\/types\/post"}],"author":[{"embeddable":true,"href":"https:\/\/dev.xnet-x.net\/es\/wp-json\/wp\/v2\/users\/15"}],"replies":[{"embeddable":true,"href":"https:\/\/dev.xnet-x.net\/es\/wp-json\/wp\/v2\/comments?post=28569"}],"version-history":[{"count":13,"href":"https:\/\/dev.xnet-x.net\/es\/wp-json\/wp\/v2\/posts\/28569\/revisions"}],"predecessor-version":[{"id":28592,"href":"https:\/\/dev.xnet-x.net\/es\/wp-json\/wp\/v2\/posts\/28569\/revisions\/28592"}],"wp:featuredmedia":[{"embeddable":true,"href":"https:\/\/dev.xnet-x.net\/es\/wp-json\/wp\/v2\/media\/28586"}],"wp:attachment":[{"href":"https:\/\/dev.xnet-x.net\/es\/wp-json\/wp\/v2\/media?parent=28569"}],"wp:term":[{"taxonomy":"category","embeddable":true,"href":"https:\/\/dev.xnet-x.net\/es\/wp-json\/wp\/v2\/categories?post=28569"},{"taxonomy":"post_tag","embeddable":true,"href":"https:\/\/dev.xnet-x.net\/es\/wp-json\/wp\/v2\/tags?post=28569"}],"curies":[{"name":"wp","href":"https:\/\/api.w.org\/{rel}","templated":true}]}}