{"id":283,"date":"2009-12-06T19:18:29","date_gmt":"2009-12-06T17:18:29","guid":{"rendered":"http:\/\/la-ex.net\/?p=283"},"modified":"2025-04-22T08:26:14","modified_gmt":"2025-04-22T06:26:14","slug":"4-cosas","status":"publish","type":"post","link":"https:\/\/dev.xnet-x.net\/es\/4-cosas-que-pedir-tras-manifiesto-en-defensa-de-los-derechos-fundamentales-en-internet\/","title":{"rendered":"Han o\u00eddo, ahora tiene que escuchar: son 4 cosas&#8230; que hay que pedir \u00a1Ahora!"},"content":{"rendered":"<p><\/p>\n<h1 style=\"text-align: center;\"><big><span style=\"font-size: 14pt; font-family: Arial;\"><strong>4 cosas que pedir ahora <\/strong><\/span><span style=\"color: #ff00ff;\"><span style=\"font-size: 14pt; font-family: Arial;\"><strong> <\/strong><\/span><\/span><\/big><\/h1>\n<p class=\"MsoNormal\" style=\"margin-bottom: 12pt;\"><span style=\"font-size: 10pt; font-family: Arial;\"><strong><!--[endif]--><\/strong><\/span><\/p>\n<p class=\"MsoNormal\" style=\"margin-bottom: 12pt; padding-left: 30px;\"><span style=\"font-size: 10pt; font-family: Arial;\">Despu\u00e9s de que nos hayan por fin o\u00eddo con el <a rel=\"nofollow\" href=\"http:\/\/www.facebook.com\/group.php?gid=186879394498\" target=\"_blank\"><em>Manifiesto en defensa de los derechos fundamentales en Internet<\/em><\/a><\/span><span style=\"font-size: 10pt; font-family: Arial;\">, tenemos que hacernos escuchar.<\/span><\/p>\n<p class=\"MsoNormal\" style=\"margin-bottom: 12pt;\">\n<p class=\"MsoNormal\" style=\"margin-bottom: 12pt;\">\n<p class=\"MsoNormal\" style=\"margin-bottom: 12pt;\">\n<p class=\"MsoNormal\" style=\"margin-bottom: 12pt;\"><span style=\"font-size: 10pt; font-family: Arial;\"><strong>Vamos a pedir:<\/strong><\/span><\/p>\n<p class=\"MsoNormal\" style=\"margin-bottom: 12pt;\"><span style=\"font-size: 10pt; font-family: Arial;\"><strong>1 \u2013 La retirada de la normativa sobre cortes a Internet (LES)<br \/>\n<\/strong><\/span><\/p>\n<p class=\"MsoNormal\" style=\"margin-bottom: 12pt;\"><span style=\"font-size: 10pt; font-family: Arial;\"><strong>2 \u2013 Fin de la propaganda contra los derechos civiles en entorno digital<\/strong><\/span><\/p>\n<p class=\"MsoNormal\" style=\"margin-bottom: 12pt;\"><span style=\"font-size: 10pt; font-family: Arial;\"><strong>3 &#8211; Desmantelar la estructura de las entidades de gesti\u00f3n<\/strong><\/span><\/p>\n<p class=\"MsoNormal\" style=\"margin-bottom: 12pt;\"><span style=\"font-size: 10pt; font-family: Arial;\"><strong>4 \u2013 Aplicaci\u00f3n inmediata de la <a href=\"http:\/\/fcforum.net\/es\/\" target=\"_blank\"><em>Carta por la Innovaci\u00f3n, la Creatividad y el Acceso al Conocimiento<\/em><\/a><em> <\/em><\/strong><\/span><\/p>\n<p class=\"MsoNormal\" style=\"margin-bottom: 12pt;\">\n<p class=\"MsoNormal\" style=\"margin-bottom: 12pt;\"><span style=\"font-size: 10pt; font-family: Arial;\"><strong>Pidamos:<\/strong><\/span><\/p>\n<p class=\"MsoNormal\" style=\"margin-bottom: 12pt;\"><span style=\"font-size: 10pt; font-family: Arial;\"><!--[if !supportEmptyParas]--> <!--[endif]--><\/span><\/p>\n<p class=\"MsoNormal\" style=\"margin-bottom: 12pt;\"><span style=\"font-size: 10pt; font-family: Arial;\"><strong>1- La retirada<span> <\/span>de la cl\u00e1usula<\/strong><\/span><span style=\"font-size: 10pt; font-family: Arial;\"> del <a title=\"descarga el pdf\" rel=\"nofollow\" href=\"http:\/\/tinyurl.com\/yju3lhy\" target=\"_blank\">Anteproyecto de Ley de Econom\u00eda Sostenible<\/a> <\/span><span style=\"font-size: 10pt; font-family: Arial;\">que prev\u00e9 el corte de Internet por decisi\u00f3n de <strong>una simple comisi\u00f3n administrativa<\/strong><\/span><span style=\"font-size: 10pt; font-family: Arial;\"> decidida por el Ministerio de Cultura. Es <a rel=\"nofollow\" href=\"http:\/\/narros.congreso.es\/constitucion\/constitucion\/indice\/titulos\/articulos.jsp?ini=18&amp;tipo=2\" target=\"_blank\">inconstitucional<\/a>. El proyecto de ley prev\u00e9 que la <a rel=\"nofollow\" href=\"http:\/\/www.elmundo.es\/elmundo\/2009\/12\/02\/navegante\/1259769048.html\" target=\"_blank\"><strong>S<\/strong><\/a><\/span><a rel=\"nofollow\" href=\"http:\/\/www.elmundo.es\/elmundo\/2009\/12\/02\/navegante\/1259769048.html\" target=\"_blank\"><span style=\"font-size: 10pt; font-family: Arial;\">ecci\u00f3n <strong>S<\/strong><\/span><\/a><span style=\"font-size: 10pt; font-family: Arial;\"><a rel=\"nofollow\" href=\"http:\/\/www.elmundo.es\/elmundo\/2009\/12\/02\/navegante\/1259769048.html\" target=\"_blank\">egunda<\/a> .<\/span><span style=\"font-size: 10pt; font-family: Arial;\"> <\/span><\/p>\n<p class=\"MsoNormal\" style=\"margin-bottom: 12pt;\"><span style=\"font-size: 10pt; font-family: Arial;\"><strong>2 &#8211; <\/strong><\/span><span style=\"font-size: 10pt; font-family: Arial;\">El legislador, los gobiernos y los partidos tienen, de una vez por todas, que <strong>distinguir entre el compartir y el lucrarse<\/strong><\/span><span style=\"font-size: 10pt; font-family: Arial;\"> con el trabajo de otro sin que esta persona perciba los justos beneficios. Lo que es ilegal no son los archivos, es lucrarse con ello. \u00bfC\u00f3mo habr\u00e1 que decirlo?<\/span><\/p>\n<p class=\"MsoNormal\" style=\"margin-bottom: 12pt;\"><span style=\"font-size: 10pt; font-family: Arial;\">Que se dejen ya de hablar de \u00ab<em>archivos ilegales<\/em>\u00ab. Los \u00fanicos archivos ilegales son los de pedofilia o de terrorismo. Las canciones de Chenoa pueden no gustar, pero no tanto como para que sean ilegales :-). Los archivos de m\u00fasica no son ilegales e intercambiarlos privadamente es un sacrosanto derecho de acceso a la informaci\u00f3n y al conocimiento, amparado por la ley y la constituci\u00f3n, adem\u00e1s de por la l\u00f3gica. Pedimos pues que no se utilicen m\u00e1s, en discursos ni <span> <\/span>documentos p\u00fablicos u oficiales ni en la prensa, los t\u00e9rminos \u201c<em>descargas o copias\u00a0 ilegales<\/em>\u201d (<a rel=\"nofollow\" href=\"http:\/\/www.enriquedans.com\/2009\/12\/de-ignorantes-cliches-y-malas-intenciones.html\" target=\"_blank\">las descargas y las copias no son intr\u00ednsecamente ilegales,\u00a0 lo es lucrarse con ellas sin consentimiento<\/a>). Sino los ciudadanos tendremos que querellarnos con el propio estado por calumnia, desacato a la presunci\u00f3n de inocencia y falsedad en documento p\u00fablico. <\/span><\/p>\n<p class=\"MsoNormal\" style=\"margin-bottom: 12pt;\"><span style=\"font-size: 10pt; font-family: Arial;\"><strong>3 &#8211;<\/strong><\/span><span style=\"font-size: 10pt; font-family: Arial;\"> <strong>Desmantelar el actual sistema de entidades de gesti\u00f3n<\/strong><\/span><span style=\"font-size: 10pt; font-family: Arial;\">: obsoleto, inadecuado, antidemocr\u00e1tico, poco transparente. Las entidades de gesti\u00f3n recaudan de forma arbitraria grandes cantidades de dinero que no invierten en la creaci\u00f3n sino que sirven justamente a crear este mensaje distorsionado que enga\u00f1a hasta a sus propios socios. Distorsionan la informaci\u00f3n a su favor hasta atacar la base de nuestra constituci\u00f3n para mantener su monopolio. Impiden que la profesi\u00f3n art\u00edstica desarrolle posibilidades fuera de su control, frenando el avance tecnol\u00f3gico (proh\u00edben en sus estatutos las licencias libres y, de hecho, el uso de internet). Se benefician del enfrentamiento entre artistas y ciudadanos cuando artistas y ciudadanos quieren lo mismo: el bien de los creadores, de todos los creatores y no solo de una \u00ednfima parte de los socios de las entidades de gesti\u00f3n (<a title=\"Consulta la relaci\u00f3n ingresos-derechos de los socios de SGAE\" href=\"\/que-es\/sgae\">el 10% de sus socios<\/a>, m\u00e1s o menos). Hay que desmantelar la estructura actual de las entidades de gesti\u00f3n para crear un <strong>sistema justo de reparto de derechos de autor<\/strong><\/span><span style=\"font-family: Arial;\"> (v\u00e9ase punto 4).<br \/>\n<\/span><\/p>\n<p class=\"MsoNormal\"><span style=\"font-size: 10pt; font-family: Arial;\"><strong>4 &#8211;<\/strong><\/span><span style=\"font-size: 10pt; font-family: Arial;\"> Todo esto que pedimos ya est\u00e1 escrito. El 29 de octubre pasado se reunieron en el <a href=\"http:\/\/fcforum.net\/es\/live\" target=\"_blank\">Foro de Cultura Libre<\/a> m\u00e1s de 100 \u00abespecialistas\u00bb, juristas, artistas, ciudadanos y organizaciones de gran relieve, adem\u00e1s de dos Comisiones de la Comunidad Europea. Los participantes han acordado la <em>\u00ab<strong><a rel=\"nofollow\" href=\"http:\/\/www.co-ment.net\/text\/1984\/\" target=\"_blank\">Carta por la innovaci\u00f3n, la creatividad y el acceso al conocimiento<\/a><\/strong>\u00ab, <\/em><\/span><span style=\"font-size: 10pt; font-family: Arial;\">una <a href=\"http:\/\/fcforum.net\/es\/\" target=\"_blank\"><strong>Carta que contiene demandas legales claras<\/strong><\/a><\/span><span style=\"font-size: 10pt; font-family: Arial;\"> para el respeto de los <strong>derechos de <span style=\"text-decoration: underline;\">ciudadanos y artistas<\/span><\/strong><\/span><span style=\"font-size: 10pt; font-family: Arial;\"> y el desarrollo de una<span> <\/span>era digital prospera y beneficiosa para todos. Esta <a rel=\"nofollow\" href=\"http:\/\/fcforum.net\/es\/\" target=\"_blank\">Carta<\/a> ha llegado ya a todos los ministerios. <\/span><\/p>\n<p class=\"MsoNormal\" style=\"margin-bottom: 12pt;\"><span style=\"font-size: 10pt; font-family: Arial;\"><!--[if !supportEmptyParas]--> <!--[endif]--><\/span><\/p>\n<p class=\"MsoNormal\" style=\"margin-bottom: 12pt;\"><strong><span style=\"font-size: 10pt; font-family: Arial;\">Pod\u00e9is verla y comentarla aqu\u00ed:<a rel=\"nofollow\" href=\"http:\/\/www.co-ment.net\/text\/1984\/\" target=\"_blank\"><span style=\"text-decoration: none; color: #000000;\"> http:\/\/www.co-ment.net\/text\/1984\/<\/span><\/a><\/span><\/strong><\/p>\n<p class=\"MsoNormal\" style=\"margin-bottom: 12pt;\"><span style=\"font-size: 10pt; font-family: Arial;\">Hay que pedir que todos los partidos y los ministerios implicados en la comisi\u00f3n interministerial sobre \u00abpropiedad intelectual\u00bb (econom\u00eda, cultura, justicia, industria&#8230;.) <strong>adopten la Carta<\/strong><\/span><span style=\"font-size: 10pt; font-family: Arial;\"> que representa las propuestas de la sociedad civil para apoyar la creaci\u00f3n y <em>dar de comer<\/em><\/span><span style=\"font-size: 10pt; font-family: Arial;\"> a los artistas sin perjudicar a los derechos fundamentales (\u00bfc\u00f3mo?: <strong>licencias libres, uso de internet, protecci\u00f3n de los salarios de los artistas, mejora del dominio publico y del uso justo, derecho a compartir, derecho a que no se lucren con tu trabajo sin que te repercuta, derecho a cita<\/strong><\/span><span style=\"font-size: 10pt; font-family: Arial;\"><strong>).<\/strong> PEDIMOS QUE reciban una delegaci\u00f3n ciudadana de juristas, sin:\u00a0\u00a0 \u00ab<a rel=\"nofollow\" href=\"http:\/\/www.rtve.es\/noticias\/20091203\/termina-sin-avances-reunion-entre-cultura-expertos-internet-han-contado-todo-directo-twitter\/304134.shtml\" target=\"_blank\">disculpad, me tengo que ir a un museo que se inaugura pero os dejo aqu\u00ed reunidos<\/a>\u00ab<strong> Y QUE DISCUTAN PUNTO POR PUNTO.<\/strong><\/span><\/p>\n<p class=\"MsoNormal\" style=\"margin-bottom: 12pt;\"><span style=\"font-size: 10pt; font-family: Arial;\"><small><strong>+ BONUS TRACK (por pedir que no quede)<\/strong><\/small><\/span><\/p>\n<p class=\"MsoNormal\" style=\"margin-bottom: 12pt;\"><span style=\"font-size: 10pt; font-family: Arial;\"><small><strong>5 &#8211;<\/strong><\/small><\/span><span style=\"font-size: 10pt; font-family: Arial;\"><small> Respecto a las <strong>presiones recibidas desde EEUU<\/strong><\/small><\/span><span style=\"font-size: 10pt; font-family: Arial;\"><small> a Zapatero y Rajoy<strong>, PEDIMOS AL EMBAJADOR QUE NOS RECIBA <span> <\/span>PARA EXPLICARLE <\/strong><\/small><\/span><span style=\"font-size: 10pt; font-family: Arial;\"><small>lo que refleja de forma muy exhaustiva y documentada el <a href=\"https:\/\/web.archive.org\/web\/20160306213038\/http:\/\/a2knetwork.org\/sites\/default\/files\/ip-watchlist09-es.pdf\" target=\"_blank\">informe<\/a> de la prestigiosa organizaci\u00f3n Consumer International:<\/small><\/span><\/p>\n<p class=\"MsoNormal\" style=\"margin: 0cm 0cm 12pt 36pt; text-indent: -18pt;\"><!--[if !supportLists]--><span style=\"font-size: 10pt; font-family: Arial;\"><small>&#8211;<span> <\/span><\/small><\/span><!--[endif]--><span style=\"font-size: 10pt; font-family: Arial;\"><small>La pol\u00edtica estadounidense en materia de protecci\u00f3n de la \u201cpropiedad intelectual\u201d mantiene una doble moral: el rigor que exigen a sus \u201caliados\u201d no es el mismo que practican en su propio pa\u00eds ya que la aplicaci\u00f3n del \u201cfair use\u201d, vigente en su legislaci\u00f3n, permite muchas m\u00e1s excepciones al \u201ccopyright\u201d de las que permiten nuestras las legislaciones.<\/small><\/span><\/p>\n<p class=\"MsoNormal\" style=\"margin: 0cm 0cm 12pt 36pt; text-indent: -18pt;\"><!--[if !supportLists]--><span style=\"font-size: 10pt; font-family: Arial;\"><small>&#8211;<span> <\/span><\/small><\/span><!--[endif]--><span style=\"font-size: 10pt; font-family: Arial;\"><small>La industria del entretenimiento made in USA hace presi\u00f3n para defender su mercado (Informe 301). Pero los intereses de la industria cultural espa\u00f1ola son justamente que cese el monopolio de la industria americana y que se equilibren las cuotas de mercado. Es un despilfarro dejar que la industria americana fagocite todo el mercado y luego subvencionar el cine nacional, forzando de forma artificial  y por decreto su mayor presencia en las salas.<\/small><\/span><\/p>\n<p class=\"MsoNormal\" style=\"margin-bottom: 12pt;\"><span style=\"font-size: 10pt; font-family: Arial;\"><small><strong>6 &#8211; <\/strong><\/small><\/span><span style=\"font-size: 10pt; font-family: Arial;\"><small>Que <strong><a rel=\"nofollow\" href=\"http:\/\/www.tuexperto.com\/2009\/11\/20\/el-gobierno-gasta-1-millon-de-euros-en-la-web-de-promusicae\/\" target=\"_blank\">el mismo dinero<\/a> <\/strong><\/small><\/span><span style=\"font-size: 10pt; font-family: Arial;\"><small>dado por el Ministerio de Industria para el Portal de Promusicae,  (un portal car\u00edsimo<span> <\/span>para la web 2.0), antiecon\u00f3mico y que no comprende la esencia de las reglas de internet, sea dado para la creaci\u00f3n de una plataforma P2P y streaming que fomente el intercambio y correcta remuneracion de los creadores con uso de licencias libres y sin mediadores. Este portal lo crear\u00e1n los ciudadanos de forma cooperativa. Pedimos <a rel=\"nofollow\" href=\"http:\/\/bandaancha.eu\/articulo\/6930\/descargar-musica-gratis-nuevo-portal-promusicae\" target=\"_blank\">la misma cantidad<\/a> que han dado a Promusicae para su propaganda:<span> <\/span>737000 euros.<\/small><\/span><\/p>\n<p class=\"MsoNormal\" style=\"margin-bottom: 12pt;\"><span style=\"font-size: 10pt; font-family: Arial;\"><small> <\/small><\/span><\/p>\n<p class=\"MsoNormal\" style=\"margin-bottom: 12pt;\">\n<p class=\"MsoNormal\" style=\"margin-bottom: 12pt;\"><span style=\"font-size: 10pt; font-family: Arial;\"><small>\u00bf<strong>PORQU\u00c9?<\/strong><\/small><\/span><\/p>\n<p class=\"MsoNormal\" style=\"margin-bottom: 12pt;\"><span style=\"font-size: 10pt; font-family: Arial;\"><small>A &#8211; Los ciudadanos defendemos m\u00e1s que nadie los derechos de autor y los derechos de los artistas a vivir de su trabajo. De todos los artistas, no solo los de las multinacionales y de los lobbies.<\/small><\/span><\/p>\n<p class=\"MsoNormal\" style=\"margin-bottom: 12pt;\"><span style=\"font-size: 10pt; font-family: Arial;\"><small>B &#8211;  Hay <a rel=\"nofollow\" href=\"http:\/\/www.co-ment.net\/text\/1984\/\" target=\"_blank\">soluci\u00f3n<\/a> y los ciudadanos llevamos a\u00f1os dici\u00e9ndolo y practic\u00e1ndolo.<\/small><\/span><\/p>\n<p class=\"MsoNormal\" style=\"margin-bottom: 12pt;\"><span style=\"font-size: 10pt; font-family: Arial;\"><small>C &#8211; Los artistas sin <a rel=\"nofollow\" href=\"http:\/\/www.theinquirer.es\/2009\/11\/17\/lo-que-las-discograficas-ocultan.html\" target=\"_blank\">intermediarios ganan m\u00e1s<\/a> y los usuarios de<a rel=\"nofollow\" href=\"http:\/\/www.elmundo.es\/elmundo\/2009\/11\/20\/cultura\/1258739927.html\" target=\"_blank\"> redes de intercambio gastan m\u00e1s<\/a>. La industria cultural y la SGAE tergiversan la informaci\u00f3n.<\/small><\/span><\/p>\n<p class=\"MsoNormal\"><span style=\"font-size: 10pt; font-family: Arial;\"><small><a rel=\"nofollow\" href=\"http:\/\/noticias.lainformacion.com\/economia-negocios-y-finanzas\/redes\/los-usuarios-que-descargan-archivos-p2p-gastan-mas-dinero_Fo58z3eGxWsRG0NKpjhCE7\/\"><\/a> D &#8211; Esta s\u00ed que es una <strong>concentraci\u00f3n de artistas en favor de una cultura libre<\/strong><\/small><\/span><span style=\"font-size: 10pt; font-family: Arial;\"><small> y del empleo:<\/small><\/span><\/p>\n<p class=\"MsoNormal\" style=\"margin-bottom: 12pt;\"><span style=\"font-size: 10pt; font-family: Arial;\"><small>Todos los a\u00f1o, en los <a href=\"http:\/\/oxcars09.xnet-x.net\" target=\"_blank\">oXcars<\/a> m\u00e1s de <strong>2000 abarrotan durante 5 horas<\/strong><\/small><\/span><span style=\"font-size: 10pt; font-family: Arial;\"><small> la Sala Apolo de Barcelona en pro de una cultura compartida y <a rel=\"nofollow\" href=\"http:\/\/www.elincordio.com\/2009\/11\/18\/el-arte-como-pretexto\/\" target=\"_blank\">beneficiosa para todos.<\/a><\/small><\/span><\/p>\n<p class=\"MsoNormal\" style=\"margin-bottom: 12pt;\"><span style=\"font-size: 10pt; font-family: Arial;\"><!--[if !supportEmptyParas]--><small> <!--[endif]--><\/small><\/span><\/p>\n<p class=\"MsoNormal\" style=\"margin-bottom: 12pt;\"><span style=\"font-size: 10pt; font-family: Arial;\"><small><strong><!--[if !supportEmptyParas]--> <!--[endif]--><\/strong><\/small><\/span><\/p>\n<p class=\"MsoNormal\" style=\"margin-bottom: 12pt;\"><span style=\"font-size: 10pt; font-family: Arial;\"><small><strong><!--[if !supportEmptyParas]--> <!--[endif]--><\/strong><\/small><\/span><\/p>\n<p class=\"MsoNormal\" style=\"margin-bottom: 12pt;\"><span style=\"font-size: 10pt; font-family: Arial;\"><small><em>Si quieres que esta informaci\u00f3n circule y sea escuchada, dif\u00fandela por Internet.<\/em><\/small><\/span><\/p>\n<p style=\"text-align: left;\"><small><\/small><br \/>\n<!--EndFragment--><\/p>\n<p><\/p>","protected":false},"excerpt":{"rendered":"<p>4 cosas que pedir ahora Despu\u00e9s de que nos hayan por fin o\u00eddo con el Manifiesto en defensa de los derechos fundamentales en Internet, tenemos que hacernos escuchar. Vamos a pedir: 1 \u2013 La retirada de la normativa sobre cortes a Internet (LES) 2 \u2013 Fin de la propaganda contra los derechos civiles en entorno [&hellip;]<\/p>\n","protected":false},"author":5,"featured_media":0,"comment_status":"closed","ping_status":"closed","sticky":false,"template":"","format":"standard","meta":{"footnotes":""},"categories":[52,4],"tags":[],"class_list":["post-283","post","type-post","status-publish","format-standard","hentry","category-blog","category-nuestras-actividades"],"yoast_head":"<!-- This site is optimized with the Yoast SEO plugin v26.7 - https:\/\/yoast.com\/wordpress\/plugins\/seo\/ -->\n<title>Han o\u00eddo, ahora tiene que escuchar: son 4 cosas... que hay que pedir \u00a1Ahora!<\/title>\n<meta name=\"robots\" content=\"index, follow, max-snippet:-1, max-image-preview:large, max-video-preview:-1\" \/>\n<link rel=\"canonical\" href=\"https:\/\/dev.xnet-x.net\/es\/4-cosas-que-pedir-tras-manifiesto-en-defensa-de-los-derechos-fundamentales-en-internet\/\" \/>\n<meta name=\"twitter:label1\" content=\"Escrito por\" \/>\n\t<meta name=\"twitter:data1\" content=\"Xnet\" \/>\n\t<meta name=\"twitter:label2\" content=\"Tiempo de lectura\" \/>\n\t<meta name=\"twitter:data2\" content=\"6 minutos\" \/>\n<script type=\"application\/ld+json\" class=\"yoast-schema-graph\">{\"@context\":\"https:\/\/schema.org\",\"@graph\":[{\"@type\":\"Article\",\"@id\":\"https:\/\/dev.xnet-x.net\/es\/4-cosas-que-pedir-tras-manifiesto-en-defensa-de-los-derechos-fundamentales-en-internet\/#article\",\"isPartOf\":{\"@id\":\"https:\/\/dev.xnet-x.net\/es\/4-cosas-que-pedir-tras-manifiesto-en-defensa-de-los-derechos-fundamentales-en-internet\/\"},\"author\":{\"name\":\"Xnet\",\"@id\":\"https:\/\/dev.xnet-x.net\/es\/#\/schema\/person\/919c7ab500254f012b3e8975a5cf2bc3\"},\"headline\":\"Han o\u00eddo, ahora tiene que escuchar: son 4 cosas&#8230; que hay que pedir \u00a1Ahora!\",\"datePublished\":\"2009-12-06T17:18:29+00:00\",\"dateModified\":\"2025-04-22T06:26:14+00:00\",\"mainEntityOfPage\":{\"@id\":\"https:\/\/dev.xnet-x.net\/es\/4-cosas-que-pedir-tras-manifiesto-en-defensa-de-los-derechos-fundamentales-en-internet\/\"},\"wordCount\":2373,\"publisher\":{\"@id\":\"https:\/\/dev.xnet-x.net\/es\/#organization\"},\"articleSection\":[\"Blog - Nuestras acciones\",\"Nuestras Actividades\"],\"inLanguage\":\"es\"},{\"@type\":\"WebPage\",\"@id\":\"https:\/\/dev.xnet-x.net\/es\/4-cosas-que-pedir-tras-manifiesto-en-defensa-de-los-derechos-fundamentales-en-internet\/\",\"url\":\"https:\/\/dev.xnet-x.net\/es\/4-cosas-que-pedir-tras-manifiesto-en-defensa-de-los-derechos-fundamentales-en-internet\/\",\"name\":\"Han o\u00eddo, ahora tiene que escuchar: son 4 cosas... que hay que pedir \u00a1Ahora!\",\"isPartOf\":{\"@id\":\"https:\/\/dev.xnet-x.net\/es\/#website\"},\"datePublished\":\"2009-12-06T17:18:29+00:00\",\"dateModified\":\"2025-04-22T06:26:14+00:00\",\"breadcrumb\":{\"@id\":\"https:\/\/dev.xnet-x.net\/es\/4-cosas-que-pedir-tras-manifiesto-en-defensa-de-los-derechos-fundamentales-en-internet\/#breadcrumb\"},\"inLanguage\":\"es\",\"potentialAction\":[{\"@type\":\"ReadAction\",\"target\":[[\"https:\/\/dev.xnet-x.net\/es\/4-cosas-que-pedir-tras-manifiesto-en-defensa-de-los-derechos-fundamentales-en-internet\/\"]]}]},{\"@type\":\"BreadcrumbList\",\"@id\":\"https:\/\/dev.xnet-x.net\/es\/4-cosas-que-pedir-tras-manifiesto-en-defensa-de-los-derechos-fundamentales-en-internet\/#breadcrumb\",\"itemListElement\":[{\"@type\":\"ListItem\",\"position\":1,\"name\":\"Portada\",\"item\":\"https:\/\/dev.xnet-x.net\/es\/\"},{\"@type\":\"ListItem\",\"position\":2,\"name\":\"Han o\u00eddo, ahora tiene que escuchar: son 4 cosas&#8230; que hay que pedir \u00a1Ahora!\"}]},{\"@type\":\"WebSite\",\"@id\":\"https:\/\/dev.xnet-x.net\/es\/#website\",\"url\":\"https:\/\/dev.xnet-x.net\/es\/\",\"name\":\"[:es]Xnet - Internet, derechos y democracia en la era digital[:ca]Xnet - Internet, drets i democr\u00e0cia en l'era digital[:en]Xnet - Internet freedoms & digital rights[:]\",\"description\":\"Xnet: Internet, informaci\u00f3n y cultura libres. Tecnopol\u00edtica. Datos, algoritmos y derechos digitales. Libertad de expresi\u00f3n. Democracia y anticorrupci\u00f3n\",\"publisher\":{\"@id\":\"https:\/\/dev.xnet-x.net\/es\/#organization\"},\"potentialAction\":[{\"@type\":\"SearchAction\",\"target\":{\"@type\":\"EntryPoint\",\"urlTemplate\":\"https:\/\/dev.xnet-x.net\/es\/?s={search_term_string}\"},\"query-input\":{\"@type\":\"PropertyValueSpecification\",\"valueRequired\":true,\"valueName\":\"search_term_string\"}}],\"inLanguage\":\"es\"},{\"@type\":\"Organization\",\"@id\":\"https:\/\/dev.xnet-x.net\/es\/#organization\",\"name\":\"Xnet - Internet, derechos y democracia en la era digital\",\"url\":\"https:\/\/dev.xnet-x.net\/es\/\",\"logo\":{\"@type\":\"ImageObject\",\"inLanguage\":\"es\",\"@id\":\"https:\/\/dev.xnet-x.net\/es\/#\/schema\/logo\/image\/\",\"url\":\"https:\/\/xnet-x.net\/img\/xnet-logo.png\",\"contentUrl\":\"https:\/\/xnet-x.net\/img\/xnet-logo.png\",\"width\":512,\"height\":512,\"caption\":\"Xnet - Internet, derechos y democracia en la era digital\"},\"image\":{\"@id\":\"https:\/\/dev.xnet-x.net\/es\/#\/schema\/logo\/image\/\"},\"sameAs\":[\"http:\/\/facebook.com\/RedX.Net\/\",\"https:\/\/x.com\/x_net_\",\"https:\/\/es.wikipedia.org\/wiki\/Xnet\"]},{\"@type\":\"Person\",\"@id\":\"https:\/\/dev.xnet-x.net\/es\/#\/schema\/person\/919c7ab500254f012b3e8975a5cf2bc3\",\"name\":\"Xnet\",\"image\":{\"@type\":\"ImageObject\",\"inLanguage\":\"es\",\"@id\":\"https:\/\/dev.xnet-x.net\/es\/#\/schema\/person\/image\/\",\"url\":\"https:\/\/secure.gravatar.com\/avatar\/8b8563db88d55a25627c485761032c68d19ec6fbca59b20305af9bd0e10cb624?s=96&d=mm&r=g\",\"contentUrl\":\"https:\/\/secure.gravatar.com\/avatar\/8b8563db88d55a25627c485761032c68d19ec6fbca59b20305af9bd0e10cb624?s=96&d=mm&r=g\",\"caption\":\"Xnet\"}}]}<\/script>\n<!-- \/ Yoast SEO plugin. -->","yoast_head_json":{"title":"Han o\u00eddo, ahora tiene que escuchar: son 4 cosas... que hay que pedir \u00a1Ahora!","robots":{"index":"index","follow":"follow","max-snippet":"max-snippet:-1","max-image-preview":"max-image-preview:large","max-video-preview":"max-video-preview:-1"},"canonical":"https:\/\/dev.xnet-x.net\/es\/4-cosas-que-pedir-tras-manifiesto-en-defensa-de-los-derechos-fundamentales-en-internet\/","twitter_misc":{"Escrito por":"Xnet","Tiempo de lectura":"6 minutos"},"schema":{"@context":"https:\/\/schema.org","@graph":[{"@type":"Article","@id":"https:\/\/dev.xnet-x.net\/es\/4-cosas-que-pedir-tras-manifiesto-en-defensa-de-los-derechos-fundamentales-en-internet\/#article","isPartOf":{"@id":"https:\/\/dev.xnet-x.net\/es\/4-cosas-que-pedir-tras-manifiesto-en-defensa-de-los-derechos-fundamentales-en-internet\/"},"author":{"name":"Xnet","@id":"https:\/\/dev.xnet-x.net\/es\/#\/schema\/person\/919c7ab500254f012b3e8975a5cf2bc3"},"headline":"Han o\u00eddo, ahora tiene que escuchar: son 4 cosas&#8230; que hay que pedir \u00a1Ahora!","datePublished":"2009-12-06T17:18:29+00:00","dateModified":"2025-04-22T06:26:14+00:00","mainEntityOfPage":{"@id":"https:\/\/dev.xnet-x.net\/es\/4-cosas-que-pedir-tras-manifiesto-en-defensa-de-los-derechos-fundamentales-en-internet\/"},"wordCount":2373,"publisher":{"@id":"https:\/\/dev.xnet-x.net\/es\/#organization"},"articleSection":["Blog - Nuestras acciones","Nuestras Actividades"],"inLanguage":"es"},{"@type":"WebPage","@id":"https:\/\/dev.xnet-x.net\/es\/4-cosas-que-pedir-tras-manifiesto-en-defensa-de-los-derechos-fundamentales-en-internet\/","url":"https:\/\/dev.xnet-x.net\/es\/4-cosas-que-pedir-tras-manifiesto-en-defensa-de-los-derechos-fundamentales-en-internet\/","name":"Han o\u00eddo, ahora tiene que escuchar: son 4 cosas... que hay que pedir \u00a1Ahora!","isPartOf":{"@id":"https:\/\/dev.xnet-x.net\/es\/#website"},"datePublished":"2009-12-06T17:18:29+00:00","dateModified":"2025-04-22T06:26:14+00:00","breadcrumb":{"@id":"https:\/\/dev.xnet-x.net\/es\/4-cosas-que-pedir-tras-manifiesto-en-defensa-de-los-derechos-fundamentales-en-internet\/#breadcrumb"},"inLanguage":"es","potentialAction":[{"@type":"ReadAction","target":[["https:\/\/dev.xnet-x.net\/es\/4-cosas-que-pedir-tras-manifiesto-en-defensa-de-los-derechos-fundamentales-en-internet\/"]]}]},{"@type":"BreadcrumbList","@id":"https:\/\/dev.xnet-x.net\/es\/4-cosas-que-pedir-tras-manifiesto-en-defensa-de-los-derechos-fundamentales-en-internet\/#breadcrumb","itemListElement":[{"@type":"ListItem","position":1,"name":"Portada","item":"https:\/\/dev.xnet-x.net\/es\/"},{"@type":"ListItem","position":2,"name":"Han o\u00eddo, ahora tiene que escuchar: son 4 cosas&#8230; que hay que pedir \u00a1Ahora!"}]},{"@type":"WebSite","@id":"https:\/\/dev.xnet-x.net\/es\/#website","url":"https:\/\/dev.xnet-x.net\/es\/","name":"[:es]Xnet - Internet, derechos y democracia en la era digital[:ca]Xnet - Internet, drets i democr\u00e0cia en l'era digital[:en]Xnet - Internet freedoms & digital rights[:]","description":"Xnet: Internet, informaci\u00f3n y cultura libres. Tecnopol\u00edtica. Datos, algoritmos y derechos digitales. Libertad de expresi\u00f3n. Democracia y anticorrupci\u00f3n","publisher":{"@id":"https:\/\/dev.xnet-x.net\/es\/#organization"},"potentialAction":[{"@type":"SearchAction","target":{"@type":"EntryPoint","urlTemplate":"https:\/\/dev.xnet-x.net\/es\/?s={search_term_string}"},"query-input":{"@type":"PropertyValueSpecification","valueRequired":true,"valueName":"search_term_string"}}],"inLanguage":"es"},{"@type":"Organization","@id":"https:\/\/dev.xnet-x.net\/es\/#organization","name":"Xnet - Internet, derechos y democracia en la era digital","url":"https:\/\/dev.xnet-x.net\/es\/","logo":{"@type":"ImageObject","inLanguage":"es","@id":"https:\/\/dev.xnet-x.net\/es\/#\/schema\/logo\/image\/","url":"https:\/\/xnet-x.net\/img\/xnet-logo.png","contentUrl":"https:\/\/xnet-x.net\/img\/xnet-logo.png","width":512,"height":512,"caption":"Xnet - Internet, derechos y democracia en la era digital"},"image":{"@id":"https:\/\/dev.xnet-x.net\/es\/#\/schema\/logo\/image\/"},"sameAs":["http:\/\/facebook.com\/RedX.Net\/","https:\/\/x.com\/x_net_","https:\/\/es.wikipedia.org\/wiki\/Xnet"]},{"@type":"Person","@id":"https:\/\/dev.xnet-x.net\/es\/#\/schema\/person\/919c7ab500254f012b3e8975a5cf2bc3","name":"Xnet","image":{"@type":"ImageObject","inLanguage":"es","@id":"https:\/\/dev.xnet-x.net\/es\/#\/schema\/person\/image\/","url":"https:\/\/secure.gravatar.com\/avatar\/8b8563db88d55a25627c485761032c68d19ec6fbca59b20305af9bd0e10cb624?s=96&d=mm&r=g","contentUrl":"https:\/\/secure.gravatar.com\/avatar\/8b8563db88d55a25627c485761032c68d19ec6fbca59b20305af9bd0e10cb624?s=96&d=mm&r=g","caption":"Xnet"}}]}},"_links":{"self":[{"href":"https:\/\/dev.xnet-x.net\/es\/wp-json\/wp\/v2\/posts\/283","targetHints":{"allow":["GET"]}}],"collection":[{"href":"https:\/\/dev.xnet-x.net\/es\/wp-json\/wp\/v2\/posts"}],"about":[{"href":"https:\/\/dev.xnet-x.net\/es\/wp-json\/wp\/v2\/types\/post"}],"author":[{"embeddable":true,"href":"https:\/\/dev.xnet-x.net\/es\/wp-json\/wp\/v2\/users\/5"}],"replies":[{"embeddable":true,"href":"https:\/\/dev.xnet-x.net\/es\/wp-json\/wp\/v2\/comments?post=283"}],"version-history":[{"count":7,"href":"https:\/\/dev.xnet-x.net\/es\/wp-json\/wp\/v2\/posts\/283\/revisions"}],"predecessor-version":[{"id":28095,"href":"https:\/\/dev.xnet-x.net\/es\/wp-json\/wp\/v2\/posts\/283\/revisions\/28095"}],"wp:attachment":[{"href":"https:\/\/dev.xnet-x.net\/es\/wp-json\/wp\/v2\/media?parent=283"}],"wp:term":[{"taxonomy":"category","embeddable":true,"href":"https:\/\/dev.xnet-x.net\/es\/wp-json\/wp\/v2\/categories?post=283"},{"taxonomy":"post_tag","embeddable":true,"href":"https:\/\/dev.xnet-x.net\/es\/wp-json\/wp\/v2\/tags?post=283"}],"curies":[{"name":"wp","href":"https:\/\/api.w.org\/{rel}","templated":true}]}}