{"id":27682,"date":"2024-11-08T10:23:17","date_gmt":"2024-11-08T08:23:17","guid":{"rendered":"https:\/\/xnet-x.net\/es\/?p=27682"},"modified":"2024-11-12T11:09:13","modified_gmt":"2024-11-12T09:09:13","slug":"lucharemos-en-las-redes","status":"publish","type":"post","link":"https:\/\/dev.xnet-x.net\/es\/lucharemos-en-las-redes\/","title":{"rendered":"Lucharemos en las redes"},"content":{"rendered":"<p><\/p>\n<h3><a href=\"https:\/\/es.wikipedia.org\/wiki\/Lucharemos_en_las_playas\">Lucharemos en las redes<\/a><\/h3>\n<h6><em>Parafraseando el discurso de Churchill tras la ca\u00edda de Francia<\/em><\/h6>\n<h6>-M\u00e9s abaix en catala <span class=\"HwtZe\" lang=\"ca\"><span class=\"jCAhz ChMk0b\"><span class=\"ryNqvb\">tradu\u00eft amb amor per https:\/\/mastodon.social\/@ssanf01 <\/span><\/span><\/span><\/h6>\n<h6>-Bellow in english<\/h6>\n<p>&nbsp;<\/p>\n<p>A pesar de que gran parte de <a href=\"https:\/\/es.wikipedia.org\/wiki\/La_riqueza_de_las_redes\">la riqueza generada por las redes<\/a> del buen y viejo Internet ha sido expoliada, y administraciones enteras de los <a href=\"https:\/\/es.wikisource.org\/wiki\/Declaraci%C3%B3n_de_independencia_del_ciberespacio\">gobiernos del mundo industrial<\/a> han ca\u00eddo o pueden caer en las manos de oligarcas digitales y del control odioso de los gigantes tecnol\u00f3gicos, no vamos a languidecer ni desfallecer.<\/p>\n<p>Llegaremos hasta el final. Lucharemos en las redes, lucharemos en los servidores y en los repositorios, lucharemos con creciente confianza y creciente fuerza en la carrera por una inteligencia artificial de c\u00f3digo abierto. Defenderemos Internet, cualquiera que sea el costo. Lucharemos por nuestra privacidad, lucharemos por la <a href=\"https:\/\/es.wikipedia.org\/wiki\/Neutralidad_de_red\">neutralidad de la red<\/a>, lucharemos por el <a href=\"https:\/\/es.wikipedia.org\/wiki\/Acceso_abierto\">acceso libre a la informaci\u00f3n<\/a> y por la transparencia, lucharemos por la descentralizaci\u00f3n.\u00a0Y nunca nos rendiremos.<\/p>\n<p>E incluso si, cosa que ni por un momento creemos que suceda, Internet o una gran parte de \u00e9l fuera subyugado e impusieran en \u00e9l la escasez artificial, entonces el <a href=\"https:\/\/www.ivoox.com\/en\/nictohilofilia-por-internet-es-bosque-oscuro-audios-mp3_rf_80017872_1.html\">bosque oscuro<\/a> m\u00e1s all\u00e1 de la web indexable, armado y protegido por la <a href=\"https:\/\/es.wikipedia.org\/wiki\/Cliente-servidor\">arquitectura b\u00e1sica de la red<\/a>, cargar\u00eda con el peso de la resistencia, hasta que <a href=\"https:\/\/en.wikipedia.org\/wiki\/Decentralized_web\">el p\u00e9ndulo de nuestra historia<\/a> vuelva a oscilar, y as\u00ed, Internet, con todo su poder y su fuerza, avance al rescate y a la liberaci\u00f3n de nuestras democracias.<\/p>\n<h5>Algemes\u00ed, Valencia 8 de noviembre de 2024.<\/h5>\n<hr \/>\n<h3>Lluitarem a les xarxes<\/h3>\n<h6><strong>Parafrasejant el discurs de Churchill despr\u00e9s de la caiguda de Fran\u00e7a<\/strong><\/h6>\n<p>A pesar que gran part de la riquesa generada per les xarxes del bon i vell Internet ha estat espoliada, i administracions senceres dels governs del m\u00f3n industrial han caigut o poden caure a les mans d&#8217;oligarques digitals i del control odi\u00f3s dels gegants tecnol\u00f2gics, no llanguirem ni defallirem.<\/p>\n<p>Arribarem fins al final. Lluitarem en les xarxes, lluitarem en els servidors i en els repositoris, lluitarem amb creixent confian\u00e7a i creixent for\u00e7a en la carrera per una intel\u00b7lig\u00e8ncia artificial de codi obert. Defensarem Internet, sigui quin sigui el cost. Lluitarem per la nostra privacitat, lluitarem per la neutralitat de la xarxa, lluitarem per l&#8217;acc\u00e9s lliure a la informaci\u00f3 i per la transpar\u00e8ncia, lluitarem per la descentralitzaci\u00f3. I mai ens rendirem.<\/p>\n<p>I fins i tot si, cosa que ni per un moment creiem que succeeixi, Internet o una gran part d&#8217;ell fos subjugat i imposessin en ell l&#8217;escassetat artificial, llavors el bosc fosc m\u00e9s enll\u00e0 de la web indexable, armat i protegit per l&#8217;arquitectura b\u00e0sica de la xarxa, carregaria amb el pes de la resist\u00e8ncia, fins que el p\u00e8ndol de la nostra hist\u00f2ria torni a oscil\u00b7lar, i aix\u00ed, Internet, amb tot el seu poder i la seva for\u00e7a, avanci al rescat i a l&#8217;alliberament de les nostres democr\u00e0cies.<\/p>\n<h5><strong><span class=\"HwtZe\" lang=\"ca\"><span class=\"jCAhz ChMk0b\"><span class=\"ryNqvb\">Algemes\u00ed, Val\u00e8ncia 8 de novembre del 2024.<\/span><\/span><\/span><\/strong><\/h5>\n<hr \/>\n<h3 id=\"post-title-t3_1gmeo3s\" class=\"font-semibold text-neutral-content-strong m-0 text-18 xs:text-24 mb-xs px-md xs:px-0 xs:mb-md overflow-hidden\" aria-label=\"Post Title: We Shall Fight on the Networks\">We Shall Fight on the Networks<\/h3>\n<div class=\"text-neutral-content\">\n<div class=\"mb-sm mb-xs px-md xs:px-0 overflow-hidden\" data-post-click-location=\"text-body\">\n<div id=\"t3_1gmeo3s-post-rtjson-content\" class=\"md max-h-[253px] overflow-hidden s:max-h-[318px] m:max-h-[337px] l:max-h-[352px] xl:max-h-[452px] text-14\">\n<h6>(To paraphrase Churchill&#8217;s speech after the fall of France)<\/h6>\n<p>Even though much of <a class=\"relative pointer-events-auto a cursor-pointer underline \" href=\"https:\/\/en.wikipedia.org\/wiki\/The_Wealth_of_Networks\" target=\"_blank\" rel=\"noopener nofollow ugc\">the wealth generated by the good old Internet<\/a> has been looted, and entire <a class=\"relative pointer-events-auto a cursor-pointer underline \" href=\"https:\/\/www.eff.org\/cyberspace-independence\" target=\"_blank\" rel=\"noopener nofollow ugc\">Governments of the Industrial World<\/a> have fallen, or may fall, into the grip of digital oligarchs and the odious control of Big Tech, we shall not flag or fail.<\/p>\n<p>We shall go on to the end. We shall fight on the networks, we shall fight on the servers and in the repositories, we shall fight with growing confidence and growing strength in <a class=\"relative pointer-events-auto a cursor-pointer underline \" href=\"https:\/\/semianalysis.com\/2023\/05\/04\/google-we-have-no-moat-and-neither\/\" target=\"_blank\" rel=\"noopener nofollow ugc\">the race for open source AI<\/a>. We shall defend the Internet, whatever the cost may be. We shall fight for our privacy, we shall fight for <a class=\"relative pointer-events-auto a cursor-pointer underline \" href=\"https:\/\/en.wikipedia.org\/wiki\/Net_neutrality\" target=\"_blank\" rel=\"noopener nofollow ugc\">net neutrality<\/a>, we shall fight for free access to information and transparency, we shall fight for decentralisation. We shall never surrender!<\/p>\n<p>And even if, which I do not for a moment believe, the Internet or a large part of it were subjugated and an <a class=\"relative pointer-events-auto a cursor-pointer underline \" href=\"https:\/\/en.wikipedia.org\/wiki\/Artificial_scarcity\" target=\"_blank\" rel=\"noopener nofollow ugc\">artificial scarcity<\/a> imposed upon it, then the dark forest beyond the indexable web, armed and guarded by <a class=\"relative pointer-events-auto a cursor-pointer underline \" href=\"https:\/\/en.wikipedia.org\/wiki\/Client%E2%80%93server_model\" target=\"_blank\" rel=\"noopener nofollow ugc\">the core architecture of the networ<\/a>k, would carry on the struggle, until <a class=\"relative pointer-events-auto a cursor-pointer underline \" href=\"https:\/\/en.wikipedia.org\/wiki\/Decentralized_web\" target=\"_blank\" rel=\"noopener nofollow ugc\">the pendulum of our history<\/a> swings once more and the Internet, with all its power and might, steps forth to the rescue and the liberation of our democracies.<\/p>\n<h5><strong>Valencia, 8 November 2024.<\/strong><\/h5>\n<\/div>\n<\/div>\n<\/div>\n<h6><\/h6>\n<p><\/p>","protected":false},"excerpt":{"rendered":"<p>Lucharemos en las redes Parafraseando el discurso de Churchill tras la ca\u00edda de Francia -M\u00e9s abaix en catala tradu\u00eft amb amor per https:\/\/mastodon.social\/@ssanf01 -Bellow in english &nbsp; A pesar de que gran parte de la riqueza generada por las redes del buen y viejo Internet ha sido expoliada, y administraciones enteras de los gobiernos del [&hellip;]<\/p>\n","protected":false},"author":10,"featured_media":27707,"comment_status":"closed","ping_status":"closed","sticky":false,"template":"","format":"standard","meta":{"footnotes":""},"categories":[52],"tags":[],"class_list":["post-27682","post","type-post","status-publish","format-standard","has-post-thumbnail","hentry","category-blog"],"yoast_head":"<!-- This site is optimized with the Yoast SEO plugin v26.7 - https:\/\/yoast.com\/wordpress\/plugins\/seo\/ -->\n<title>Lucharemos por una inteligencia artificial de c\u00f3digo abierto.<\/title>\n<meta name=\"description\" content=\"Llegaremos hasta el final. lucharemos con creciente confianza y fuerza en la carrera por una inteligencia artificial de c\u00f3digo abierto.\" \/>\n<meta name=\"robots\" content=\"index, follow, max-snippet:-1, max-image-preview:large, max-video-preview:-1\" \/>\n<link rel=\"canonical\" href=\"https:\/\/dev.xnet-x.net\/es\/lucharemos-en-las-redes\/\" \/>\n<meta name=\"twitter:label1\" content=\"Escrito por\" \/>\n\t<meta name=\"twitter:data1\" content=\"Sergio\" \/>\n\t<meta name=\"twitter:label2\" content=\"Tiempo de lectura\" \/>\n\t<meta name=\"twitter:data2\" content=\"4 minutos\" \/>\n<script type=\"application\/ld+json\" class=\"yoast-schema-graph\">{\"@context\":\"https:\/\/schema.org\",\"@graph\":[{\"@type\":\"Article\",\"@id\":\"https:\/\/dev.xnet-x.net\/es\/lucharemos-en-las-redes\/#article\",\"isPartOf\":{\"@id\":\"https:\/\/dev.xnet-x.net\/es\/lucharemos-en-las-redes\/\"},\"author\":{\"name\":\"Sergio\",\"@id\":\"https:\/\/dev.xnet-x.net\/es\/#\/schema\/person\/9a88147d2b896119a28fe0907b7ee8c6\"},\"headline\":\"Lucharemos en las redes\",\"datePublished\":\"2024-11-08T08:23:17+00:00\",\"dateModified\":\"2024-11-12T09:09:13+00:00\",\"mainEntityOfPage\":{\"@id\":\"https:\/\/dev.xnet-x.net\/es\/lucharemos-en-las-redes\/\"},\"wordCount\":742,\"publisher\":{\"@id\":\"https:\/\/dev.xnet-x.net\/es\/#organization\"},\"image\":{\"@id\":\"https:\/\/dev.xnet-x.net\/es\/lucharemos-en-las-redes\/#primaryimage\"},\"thumbnailUrl\":\"https:\/\/dev.xnet-x.net\/img\/lucharemos-redes.jpg\",\"articleSection\":[\"Blog - Nuestras acciones\"],\"inLanguage\":\"es\"},{\"@type\":\"WebPage\",\"@id\":\"https:\/\/dev.xnet-x.net\/es\/lucharemos-en-las-redes\/\",\"url\":\"https:\/\/dev.xnet-x.net\/es\/lucharemos-en-las-redes\/\",\"name\":\"Lucharemos por una inteligencia artificial de c\u00f3digo abierto.\",\"isPartOf\":{\"@id\":\"https:\/\/dev.xnet-x.net\/es\/#website\"},\"primaryImageOfPage\":{\"@id\":\"https:\/\/dev.xnet-x.net\/es\/lucharemos-en-las-redes\/#primaryimage\"},\"image\":{\"@id\":\"https:\/\/dev.xnet-x.net\/es\/lucharemos-en-las-redes\/#primaryimage\"},\"thumbnailUrl\":\"https:\/\/dev.xnet-x.net\/img\/lucharemos-redes.jpg\",\"datePublished\":\"2024-11-08T08:23:17+00:00\",\"dateModified\":\"2024-11-12T09:09:13+00:00\",\"description\":\"Llegaremos hasta el final. lucharemos con creciente confianza y fuerza en la carrera por una inteligencia artificial de c\u00f3digo abierto.\",\"breadcrumb\":{\"@id\":\"https:\/\/dev.xnet-x.net\/es\/lucharemos-en-las-redes\/#breadcrumb\"},\"inLanguage\":\"es\",\"potentialAction\":[{\"@type\":\"ReadAction\",\"target\":[[\"https:\/\/dev.xnet-x.net\/es\/lucharemos-en-las-redes\/\"]]}]},{\"@type\":\"ImageObject\",\"inLanguage\":\"es\",\"@id\":\"https:\/\/dev.xnet-x.net\/es\/lucharemos-en-las-redes\/#primaryimage\",\"url\":\"https:\/\/dev.xnet-x.net\/img\/lucharemos-redes.jpg\",\"contentUrl\":\"https:\/\/dev.xnet-x.net\/img\/lucharemos-redes.jpg\",\"width\":838,\"height\":420},{\"@type\":\"BreadcrumbList\",\"@id\":\"https:\/\/dev.xnet-x.net\/es\/lucharemos-en-las-redes\/#breadcrumb\",\"itemListElement\":[{\"@type\":\"ListItem\",\"position\":1,\"name\":\"Portada\",\"item\":\"https:\/\/dev.xnet-x.net\/es\/\"},{\"@type\":\"ListItem\",\"position\":2,\"name\":\"Lucharemos en las redes\"}]},{\"@type\":\"WebSite\",\"@id\":\"https:\/\/dev.xnet-x.net\/es\/#website\",\"url\":\"https:\/\/dev.xnet-x.net\/es\/\",\"name\":\"[:es]Xnet - Internet, derechos y democracia en la era digital[:ca]Xnet - Internet, drets i democr\u00e0cia en l'era digital[:en]Xnet - Internet freedoms & digital rights[:]\",\"description\":\"Xnet: Internet, informaci\u00f3n y cultura libres. Tecnopol\u00edtica. Datos, algoritmos y derechos digitales. Libertad de expresi\u00f3n. Democracia y anticorrupci\u00f3n\",\"publisher\":{\"@id\":\"https:\/\/dev.xnet-x.net\/es\/#organization\"},\"potentialAction\":[{\"@type\":\"SearchAction\",\"target\":{\"@type\":\"EntryPoint\",\"urlTemplate\":\"https:\/\/dev.xnet-x.net\/es\/?s={search_term_string}\"},\"query-input\":{\"@type\":\"PropertyValueSpecification\",\"valueRequired\":true,\"valueName\":\"search_term_string\"}}],\"inLanguage\":\"es\"},{\"@type\":\"Organization\",\"@id\":\"https:\/\/dev.xnet-x.net\/es\/#organization\",\"name\":\"Xnet - Internet, derechos y democracia en la era digital\",\"url\":\"https:\/\/dev.xnet-x.net\/es\/\",\"logo\":{\"@type\":\"ImageObject\",\"inLanguage\":\"es\",\"@id\":\"https:\/\/dev.xnet-x.net\/es\/#\/schema\/logo\/image\/\",\"url\":\"https:\/\/xnet-x.net\/img\/xnet-logo.png\",\"contentUrl\":\"https:\/\/xnet-x.net\/img\/xnet-logo.png\",\"width\":512,\"height\":512,\"caption\":\"Xnet - Internet, derechos y democracia en la era digital\"},\"image\":{\"@id\":\"https:\/\/dev.xnet-x.net\/es\/#\/schema\/logo\/image\/\"},\"sameAs\":[\"http:\/\/facebook.com\/RedX.Net\/\",\"https:\/\/x.com\/x_net_\",\"https:\/\/es.wikipedia.org\/wiki\/Xnet\"]},{\"@type\":\"Person\",\"@id\":\"https:\/\/dev.xnet-x.net\/es\/#\/schema\/person\/9a88147d2b896119a28fe0907b7ee8c6\",\"name\":\"Sergio\",\"image\":{\"@type\":\"ImageObject\",\"inLanguage\":\"es\",\"@id\":\"https:\/\/dev.xnet-x.net\/es\/#\/schema\/person\/image\/\",\"url\":\"https:\/\/secure.gravatar.com\/avatar\/4f7ca05f2f5f09b1fed96171cf64b1eeefd5690386297dede4e2be206df8fcdf?s=96&d=mm&r=g\",\"contentUrl\":\"https:\/\/secure.gravatar.com\/avatar\/4f7ca05f2f5f09b1fed96171cf64b1eeefd5690386297dede4e2be206df8fcdf?s=96&d=mm&r=g\",\"caption\":\"Sergio\"}}]}<\/script>\n<!-- \/ Yoast SEO plugin. -->","yoast_head_json":{"title":"Lucharemos por una inteligencia artificial de c\u00f3digo abierto.","description":"Llegaremos hasta el final. lucharemos con creciente confianza y fuerza en la carrera por una inteligencia artificial de c\u00f3digo abierto.","robots":{"index":"index","follow":"follow","max-snippet":"max-snippet:-1","max-image-preview":"max-image-preview:large","max-video-preview":"max-video-preview:-1"},"canonical":"https:\/\/dev.xnet-x.net\/es\/lucharemos-en-las-redes\/","twitter_misc":{"Escrito por":"Sergio","Tiempo de lectura":"4 minutos"},"schema":{"@context":"https:\/\/schema.org","@graph":[{"@type":"Article","@id":"https:\/\/dev.xnet-x.net\/es\/lucharemos-en-las-redes\/#article","isPartOf":{"@id":"https:\/\/dev.xnet-x.net\/es\/lucharemos-en-las-redes\/"},"author":{"name":"Sergio","@id":"https:\/\/dev.xnet-x.net\/es\/#\/schema\/person\/9a88147d2b896119a28fe0907b7ee8c6"},"headline":"Lucharemos en las redes","datePublished":"2024-11-08T08:23:17+00:00","dateModified":"2024-11-12T09:09:13+00:00","mainEntityOfPage":{"@id":"https:\/\/dev.xnet-x.net\/es\/lucharemos-en-las-redes\/"},"wordCount":742,"publisher":{"@id":"https:\/\/dev.xnet-x.net\/es\/#organization"},"image":{"@id":"https:\/\/dev.xnet-x.net\/es\/lucharemos-en-las-redes\/#primaryimage"},"thumbnailUrl":"https:\/\/dev.xnet-x.net\/img\/lucharemos-redes.jpg","articleSection":["Blog - Nuestras acciones"],"inLanguage":"es"},{"@type":"WebPage","@id":"https:\/\/dev.xnet-x.net\/es\/lucharemos-en-las-redes\/","url":"https:\/\/dev.xnet-x.net\/es\/lucharemos-en-las-redes\/","name":"Lucharemos por una inteligencia artificial de c\u00f3digo abierto.","isPartOf":{"@id":"https:\/\/dev.xnet-x.net\/es\/#website"},"primaryImageOfPage":{"@id":"https:\/\/dev.xnet-x.net\/es\/lucharemos-en-las-redes\/#primaryimage"},"image":{"@id":"https:\/\/dev.xnet-x.net\/es\/lucharemos-en-las-redes\/#primaryimage"},"thumbnailUrl":"https:\/\/dev.xnet-x.net\/img\/lucharemos-redes.jpg","datePublished":"2024-11-08T08:23:17+00:00","dateModified":"2024-11-12T09:09:13+00:00","description":"Llegaremos hasta el final. lucharemos con creciente confianza y fuerza en la carrera por una inteligencia artificial de c\u00f3digo abierto.","breadcrumb":{"@id":"https:\/\/dev.xnet-x.net\/es\/lucharemos-en-las-redes\/#breadcrumb"},"inLanguage":"es","potentialAction":[{"@type":"ReadAction","target":[["https:\/\/dev.xnet-x.net\/es\/lucharemos-en-las-redes\/"]]}]},{"@type":"ImageObject","inLanguage":"es","@id":"https:\/\/dev.xnet-x.net\/es\/lucharemos-en-las-redes\/#primaryimage","url":"https:\/\/dev.xnet-x.net\/img\/lucharemos-redes.jpg","contentUrl":"https:\/\/dev.xnet-x.net\/img\/lucharemos-redes.jpg","width":838,"height":420},{"@type":"BreadcrumbList","@id":"https:\/\/dev.xnet-x.net\/es\/lucharemos-en-las-redes\/#breadcrumb","itemListElement":[{"@type":"ListItem","position":1,"name":"Portada","item":"https:\/\/dev.xnet-x.net\/es\/"},{"@type":"ListItem","position":2,"name":"Lucharemos en las redes"}]},{"@type":"WebSite","@id":"https:\/\/dev.xnet-x.net\/es\/#website","url":"https:\/\/dev.xnet-x.net\/es\/","name":"[:es]Xnet - Internet, derechos y democracia en la era digital[:ca]Xnet - Internet, drets i democr\u00e0cia en l'era digital[:en]Xnet - Internet freedoms & digital rights[:]","description":"Xnet: Internet, informaci\u00f3n y cultura libres. Tecnopol\u00edtica. Datos, algoritmos y derechos digitales. Libertad de expresi\u00f3n. Democracia y anticorrupci\u00f3n","publisher":{"@id":"https:\/\/dev.xnet-x.net\/es\/#organization"},"potentialAction":[{"@type":"SearchAction","target":{"@type":"EntryPoint","urlTemplate":"https:\/\/dev.xnet-x.net\/es\/?s={search_term_string}"},"query-input":{"@type":"PropertyValueSpecification","valueRequired":true,"valueName":"search_term_string"}}],"inLanguage":"es"},{"@type":"Organization","@id":"https:\/\/dev.xnet-x.net\/es\/#organization","name":"Xnet - Internet, derechos y democracia en la era digital","url":"https:\/\/dev.xnet-x.net\/es\/","logo":{"@type":"ImageObject","inLanguage":"es","@id":"https:\/\/dev.xnet-x.net\/es\/#\/schema\/logo\/image\/","url":"https:\/\/xnet-x.net\/img\/xnet-logo.png","contentUrl":"https:\/\/xnet-x.net\/img\/xnet-logo.png","width":512,"height":512,"caption":"Xnet - Internet, derechos y democracia en la era digital"},"image":{"@id":"https:\/\/dev.xnet-x.net\/es\/#\/schema\/logo\/image\/"},"sameAs":["http:\/\/facebook.com\/RedX.Net\/","https:\/\/x.com\/x_net_","https:\/\/es.wikipedia.org\/wiki\/Xnet"]},{"@type":"Person","@id":"https:\/\/dev.xnet-x.net\/es\/#\/schema\/person\/9a88147d2b896119a28fe0907b7ee8c6","name":"Sergio","image":{"@type":"ImageObject","inLanguage":"es","@id":"https:\/\/dev.xnet-x.net\/es\/#\/schema\/person\/image\/","url":"https:\/\/secure.gravatar.com\/avatar\/4f7ca05f2f5f09b1fed96171cf64b1eeefd5690386297dede4e2be206df8fcdf?s=96&d=mm&r=g","contentUrl":"https:\/\/secure.gravatar.com\/avatar\/4f7ca05f2f5f09b1fed96171cf64b1eeefd5690386297dede4e2be206df8fcdf?s=96&d=mm&r=g","caption":"Sergio"}}]}},"_links":{"self":[{"href":"https:\/\/dev.xnet-x.net\/es\/wp-json\/wp\/v2\/posts\/27682","targetHints":{"allow":["GET"]}}],"collection":[{"href":"https:\/\/dev.xnet-x.net\/es\/wp-json\/wp\/v2\/posts"}],"about":[{"href":"https:\/\/dev.xnet-x.net\/es\/wp-json\/wp\/v2\/types\/post"}],"author":[{"embeddable":true,"href":"https:\/\/dev.xnet-x.net\/es\/wp-json\/wp\/v2\/users\/10"}],"replies":[{"embeddable":true,"href":"https:\/\/dev.xnet-x.net\/es\/wp-json\/wp\/v2\/comments?post=27682"}],"version-history":[{"count":5,"href":"https:\/\/dev.xnet-x.net\/es\/wp-json\/wp\/v2\/posts\/27682\/revisions"}],"predecessor-version":[{"id":27717,"href":"https:\/\/dev.xnet-x.net\/es\/wp-json\/wp\/v2\/posts\/27682\/revisions\/27717"}],"wp:featuredmedia":[{"embeddable":true,"href":"https:\/\/dev.xnet-x.net\/es\/wp-json\/wp\/v2\/media\/27707"}],"wp:attachment":[{"href":"https:\/\/dev.xnet-x.net\/es\/wp-json\/wp\/v2\/media?parent=27682"}],"wp:term":[{"taxonomy":"category","embeddable":true,"href":"https:\/\/dev.xnet-x.net\/es\/wp-json\/wp\/v2\/categories?post=27682"},{"taxonomy":"post_tag","embeddable":true,"href":"https:\/\/dev.xnet-x.net\/es\/wp-json\/wp\/v2\/tags?post=27682"}],"curies":[{"name":"wp","href":"https:\/\/api.w.org\/{rel}","templated":true}]}}