{"id":274,"date":"2009-09-05T20:29:36","date_gmt":"2009-09-05T18:29:36","guid":{"rendered":"http:\/\/la-ex.net\/?p=274"},"modified":"2017-10-10T15:10:02","modified_gmt":"2017-10-10T14:10:02","slug":"carta-ciudadana-a-la-ministra-de-cultura","status":"publish","type":"post","link":"https:\/\/dev.xnet-x.net\/es\/carta-ciudadana-a-la-ministra-de-cultura\/","title":{"rendered":"Carta ciudadana a la Ministra de Cultura"},"content":{"rendered":"<p>EXCELENT\u00cdSIMA \u00c1NGELES GONZ\u00c1LEZ SINDE<\/p>\n<p>Herramientas de trabajo para que pueda legislar en defensa de los derechos civiles en el entorno digital, en defensa de un acceso libre y democr\u00e1tico a internet<!--more--><strong><a href=\"\/la-avaricia\/carta-a-sinde\" target=\"_blank\">CARTA CIUDADANA<\/a> A LA MINISTRA DE CULTURA, <\/strong><\/p>\n<p><span style=\"font-family: Helvetica,Arial,sans-serif;\"><a href=\"\/la-avaricia\/carta-a-sinde\" target=\"_blank\">Aqu\u00ed<\/a> encontrar\u00e1 todo cuanto necesita para llevar a cabo una pol\u00edtica que equilibre los derechos de los autores con los derechos de acceso de la sociedad a la informaci\u00f3n y a la cultura:<\/span><\/p>\n<p><span style=\"font-family: Helvetica,Arial,sans-serif;\">&#8211; D\u00e9calogo para la reforma de la Ley de Propiedad Intelectual<\/span><\/p>\n<p><span style=\"font-family: Helvetica,Arial,sans-serif;\">&#8211; Recomendaciones respecto al Paquete de Telecomunicaci\u00f3n en el Parlamento Europeo<\/span><\/p>\n<p><span style=\"font-family: Helvetica,Arial,sans-serif;\">&#8211; Algunas de las organizaciones ciudadanas que la tiene que asesorar<\/span><\/p>\n<p><span style=\"font-family: Helvetica,Arial,sans-serif;\"><a href=\"\/la-avaricia\/carta-a-sinde\" target=\"_blank\"><span id=\"sample-permalink\">http:\/\/xnet-x.net\/la-avaricia\/<span id=\"editable-post-name\" title=\"Click to edit this part of the permalink\">carta-a-sinde<\/span><\/span><\/a><\/span><\/p>","protected":false},"excerpt":{"rendered":"<p>EXCELENT\u00cdSIMA \u00c1NGELES GONZ\u00c1LEZ SINDE Herramientas de trabajo para que pueda legislar en defensa de los derechos civiles en el entorno digital, en defensa de un acceso libre y democr\u00e1tico a internet<\/p>\n","protected":false},"author":5,"featured_media":0,"comment_status":"closed","ping_status":"closed","sticky":false,"template":"","format":"standard","meta":{"footnotes":""},"categories":[52,4],"tags":[],"class_list":["post-274","post","type-post","status-publish","format-standard","hentry","category-blog","category-nuestras-actividades"],"yoast_head":"<!-- This site is optimized with the Yoast SEO plugin v26.7 - https:\/\/yoast.com\/wordpress\/plugins\/seo\/ -->\n<title>Carta ciudadana a la Ministra de Cultura<\/title>\n<meta name=\"robots\" content=\"index, follow, max-snippet:-1, max-image-preview:large, max-video-preview:-1\" \/>\n<link rel=\"canonical\" href=\"https:\/\/dev.xnet-x.net\/es\/carta-ciudadana-a-la-ministra-de-cultura\/\" \/>\n<meta name=\"twitter:label1\" content=\"Escrito por\" \/>\n\t<meta name=\"twitter:data1\" content=\"Xnet\" \/>\n\t<meta name=\"twitter:label2\" content=\"Tiempo de lectura\" \/>\n\t<meta name=\"twitter:data2\" content=\"1 minuto\" \/>\n<script type=\"application\/ld+json\" class=\"yoast-schema-graph\">{\"@context\":\"https:\/\/schema.org\",\"@graph\":[{\"@type\":\"Article\",\"@id\":\"https:\/\/dev.xnet-x.net\/es\/carta-ciudadana-a-la-ministra-de-cultura\/#article\",\"isPartOf\":{\"@id\":\"https:\/\/dev.xnet-x.net\/es\/carta-ciudadana-a-la-ministra-de-cultura\/\"},\"author\":{\"name\":\"Xnet\",\"@id\":\"https:\/\/dev.xnet-x.net\/es\/#\/schema\/person\/919c7ab500254f012b3e8975a5cf2bc3\"},\"headline\":\"Carta ciudadana a la Ministra de Cultura\",\"datePublished\":\"2009-09-05T18:29:36+00:00\",\"dateModified\":\"2017-10-10T14:10:02+00:00\",\"mainEntityOfPage\":{\"@id\":\"https:\/\/dev.xnet-x.net\/es\/carta-ciudadana-a-la-ministra-de-cultura\/\"},\"wordCount\":125,\"publisher\":{\"@id\":\"https:\/\/dev.xnet-x.net\/es\/#organization\"},\"articleSection\":[\"Blog - Nuestras acciones\",\"Nuestras Actividades\"],\"inLanguage\":\"es\"},{\"@type\":\"WebPage\",\"@id\":\"https:\/\/dev.xnet-x.net\/es\/carta-ciudadana-a-la-ministra-de-cultura\/\",\"url\":\"https:\/\/dev.xnet-x.net\/es\/carta-ciudadana-a-la-ministra-de-cultura\/\",\"name\":\"Carta ciudadana a la Ministra de Cultura\",\"isPartOf\":{\"@id\":\"https:\/\/dev.xnet-x.net\/es\/#website\"},\"datePublished\":\"2009-09-05T18:29:36+00:00\",\"dateModified\":\"2017-10-10T14:10:02+00:00\",\"breadcrumb\":{\"@id\":\"https:\/\/dev.xnet-x.net\/es\/carta-ciudadana-a-la-ministra-de-cultura\/#breadcrumb\"},\"inLanguage\":\"es\",\"potentialAction\":[{\"@type\":\"ReadAction\",\"target\":[[\"https:\/\/dev.xnet-x.net\/es\/carta-ciudadana-a-la-ministra-de-cultura\/\"]]}]},{\"@type\":\"BreadcrumbList\",\"@id\":\"https:\/\/dev.xnet-x.net\/es\/carta-ciudadana-a-la-ministra-de-cultura\/#breadcrumb\",\"itemListElement\":[{\"@type\":\"ListItem\",\"position\":1,\"name\":\"Portada\",\"item\":\"https:\/\/dev.xnet-x.net\/es\/\"},{\"@type\":\"ListItem\",\"position\":2,\"name\":\"Carta ciudadana a la Ministra de Cultura\"}]},{\"@type\":\"WebSite\",\"@id\":\"https:\/\/dev.xnet-x.net\/es\/#website\",\"url\":\"https:\/\/dev.xnet-x.net\/es\/\",\"name\":\"[:es]Xnet - Internet, derechos y democracia en la era digital[:ca]Xnet - Internet, drets i democr\u00e0cia en l'era digital[:en]Xnet - Internet freedoms & digital rights[:]\",\"description\":\"Xnet: Internet, informaci\u00f3n y cultura libres. Tecnopol\u00edtica. Datos, algoritmos y derechos digitales. Libertad de expresi\u00f3n. Democracia y anticorrupci\u00f3n\",\"publisher\":{\"@id\":\"https:\/\/dev.xnet-x.net\/es\/#organization\"},\"potentialAction\":[{\"@type\":\"SearchAction\",\"target\":{\"@type\":\"EntryPoint\",\"urlTemplate\":\"https:\/\/dev.xnet-x.net\/es\/?s={search_term_string}\"},\"query-input\":{\"@type\":\"PropertyValueSpecification\",\"valueRequired\":true,\"valueName\":\"search_term_string\"}}],\"inLanguage\":\"es\"},{\"@type\":\"Organization\",\"@id\":\"https:\/\/dev.xnet-x.net\/es\/#organization\",\"name\":\"Xnet - Internet, derechos y democracia en la era digital\",\"url\":\"https:\/\/dev.xnet-x.net\/es\/\",\"logo\":{\"@type\":\"ImageObject\",\"inLanguage\":\"es\",\"@id\":\"https:\/\/dev.xnet-x.net\/es\/#\/schema\/logo\/image\/\",\"url\":\"https:\/\/xnet-x.net\/img\/xnet-logo.png\",\"contentUrl\":\"https:\/\/xnet-x.net\/img\/xnet-logo.png\",\"width\":512,\"height\":512,\"caption\":\"Xnet - Internet, derechos y democracia en la era digital\"},\"image\":{\"@id\":\"https:\/\/dev.xnet-x.net\/es\/#\/schema\/logo\/image\/\"},\"sameAs\":[\"http:\/\/facebook.com\/RedX.Net\/\",\"https:\/\/x.com\/x_net_\",\"https:\/\/es.wikipedia.org\/wiki\/Xnet\"]},{\"@type\":\"Person\",\"@id\":\"https:\/\/dev.xnet-x.net\/es\/#\/schema\/person\/919c7ab500254f012b3e8975a5cf2bc3\",\"name\":\"Xnet\",\"image\":{\"@type\":\"ImageObject\",\"inLanguage\":\"es\",\"@id\":\"https:\/\/dev.xnet-x.net\/es\/#\/schema\/person\/image\/\",\"url\":\"https:\/\/secure.gravatar.com\/avatar\/8b8563db88d55a25627c485761032c68d19ec6fbca59b20305af9bd0e10cb624?s=96&d=mm&r=g\",\"contentUrl\":\"https:\/\/secure.gravatar.com\/avatar\/8b8563db88d55a25627c485761032c68d19ec6fbca59b20305af9bd0e10cb624?s=96&d=mm&r=g\",\"caption\":\"Xnet\"}}]}<\/script>\n<!-- \/ Yoast SEO plugin. -->","yoast_head_json":{"title":"Carta ciudadana a la Ministra de Cultura","robots":{"index":"index","follow":"follow","max-snippet":"max-snippet:-1","max-image-preview":"max-image-preview:large","max-video-preview":"max-video-preview:-1"},"canonical":"https:\/\/dev.xnet-x.net\/es\/carta-ciudadana-a-la-ministra-de-cultura\/","twitter_misc":{"Escrito por":"Xnet","Tiempo de lectura":"1 minuto"},"schema":{"@context":"https:\/\/schema.org","@graph":[{"@type":"Article","@id":"https:\/\/dev.xnet-x.net\/es\/carta-ciudadana-a-la-ministra-de-cultura\/#article","isPartOf":{"@id":"https:\/\/dev.xnet-x.net\/es\/carta-ciudadana-a-la-ministra-de-cultura\/"},"author":{"name":"Xnet","@id":"https:\/\/dev.xnet-x.net\/es\/#\/schema\/person\/919c7ab500254f012b3e8975a5cf2bc3"},"headline":"Carta ciudadana a la Ministra de Cultura","datePublished":"2009-09-05T18:29:36+00:00","dateModified":"2017-10-10T14:10:02+00:00","mainEntityOfPage":{"@id":"https:\/\/dev.xnet-x.net\/es\/carta-ciudadana-a-la-ministra-de-cultura\/"},"wordCount":125,"publisher":{"@id":"https:\/\/dev.xnet-x.net\/es\/#organization"},"articleSection":["Blog - Nuestras acciones","Nuestras Actividades"],"inLanguage":"es"},{"@type":"WebPage","@id":"https:\/\/dev.xnet-x.net\/es\/carta-ciudadana-a-la-ministra-de-cultura\/","url":"https:\/\/dev.xnet-x.net\/es\/carta-ciudadana-a-la-ministra-de-cultura\/","name":"Carta ciudadana a la Ministra de Cultura","isPartOf":{"@id":"https:\/\/dev.xnet-x.net\/es\/#website"},"datePublished":"2009-09-05T18:29:36+00:00","dateModified":"2017-10-10T14:10:02+00:00","breadcrumb":{"@id":"https:\/\/dev.xnet-x.net\/es\/carta-ciudadana-a-la-ministra-de-cultura\/#breadcrumb"},"inLanguage":"es","potentialAction":[{"@type":"ReadAction","target":[["https:\/\/dev.xnet-x.net\/es\/carta-ciudadana-a-la-ministra-de-cultura\/"]]}]},{"@type":"BreadcrumbList","@id":"https:\/\/dev.xnet-x.net\/es\/carta-ciudadana-a-la-ministra-de-cultura\/#breadcrumb","itemListElement":[{"@type":"ListItem","position":1,"name":"Portada","item":"https:\/\/dev.xnet-x.net\/es\/"},{"@type":"ListItem","position":2,"name":"Carta ciudadana a la Ministra de Cultura"}]},{"@type":"WebSite","@id":"https:\/\/dev.xnet-x.net\/es\/#website","url":"https:\/\/dev.xnet-x.net\/es\/","name":"[:es]Xnet - Internet, derechos y democracia en la era digital[:ca]Xnet - Internet, drets i democr\u00e0cia en l'era digital[:en]Xnet - Internet freedoms & digital rights[:]","description":"Xnet: Internet, informaci\u00f3n y cultura libres. Tecnopol\u00edtica. Datos, algoritmos y derechos digitales. Libertad de expresi\u00f3n. Democracia y anticorrupci\u00f3n","publisher":{"@id":"https:\/\/dev.xnet-x.net\/es\/#organization"},"potentialAction":[{"@type":"SearchAction","target":{"@type":"EntryPoint","urlTemplate":"https:\/\/dev.xnet-x.net\/es\/?s={search_term_string}"},"query-input":{"@type":"PropertyValueSpecification","valueRequired":true,"valueName":"search_term_string"}}],"inLanguage":"es"},{"@type":"Organization","@id":"https:\/\/dev.xnet-x.net\/es\/#organization","name":"Xnet - Internet, derechos y democracia en la era digital","url":"https:\/\/dev.xnet-x.net\/es\/","logo":{"@type":"ImageObject","inLanguage":"es","@id":"https:\/\/dev.xnet-x.net\/es\/#\/schema\/logo\/image\/","url":"https:\/\/xnet-x.net\/img\/xnet-logo.png","contentUrl":"https:\/\/xnet-x.net\/img\/xnet-logo.png","width":512,"height":512,"caption":"Xnet - Internet, derechos y democracia en la era digital"},"image":{"@id":"https:\/\/dev.xnet-x.net\/es\/#\/schema\/logo\/image\/"},"sameAs":["http:\/\/facebook.com\/RedX.Net\/","https:\/\/x.com\/x_net_","https:\/\/es.wikipedia.org\/wiki\/Xnet"]},{"@type":"Person","@id":"https:\/\/dev.xnet-x.net\/es\/#\/schema\/person\/919c7ab500254f012b3e8975a5cf2bc3","name":"Xnet","image":{"@type":"ImageObject","inLanguage":"es","@id":"https:\/\/dev.xnet-x.net\/es\/#\/schema\/person\/image\/","url":"https:\/\/secure.gravatar.com\/avatar\/8b8563db88d55a25627c485761032c68d19ec6fbca59b20305af9bd0e10cb624?s=96&d=mm&r=g","contentUrl":"https:\/\/secure.gravatar.com\/avatar\/8b8563db88d55a25627c485761032c68d19ec6fbca59b20305af9bd0e10cb624?s=96&d=mm&r=g","caption":"Xnet"}}]}},"_links":{"self":[{"href":"https:\/\/dev.xnet-x.net\/es\/wp-json\/wp\/v2\/posts\/274","targetHints":{"allow":["GET"]}}],"collection":[{"href":"https:\/\/dev.xnet-x.net\/es\/wp-json\/wp\/v2\/posts"}],"about":[{"href":"https:\/\/dev.xnet-x.net\/es\/wp-json\/wp\/v2\/types\/post"}],"author":[{"embeddable":true,"href":"https:\/\/dev.xnet-x.net\/es\/wp-json\/wp\/v2\/users\/5"}],"replies":[{"embeddable":true,"href":"https:\/\/dev.xnet-x.net\/es\/wp-json\/wp\/v2\/comments?post=274"}],"version-history":[{"count":4,"href":"https:\/\/dev.xnet-x.net\/es\/wp-json\/wp\/v2\/posts\/274\/revisions"}],"predecessor-version":[{"id":13287,"href":"https:\/\/dev.xnet-x.net\/es\/wp-json\/wp\/v2\/posts\/274\/revisions\/13287"}],"wp:attachment":[{"href":"https:\/\/dev.xnet-x.net\/es\/wp-json\/wp\/v2\/media?parent=274"}],"wp:term":[{"taxonomy":"category","embeddable":true,"href":"https:\/\/dev.xnet-x.net\/es\/wp-json\/wp\/v2\/categories?post=274"},{"taxonomy":"post_tag","embeddable":true,"href":"https:\/\/dev.xnet-x.net\/es\/wp-json\/wp\/v2\/tags?post=274"}],"curies":[{"name":"wp","href":"https:\/\/api.w.org\/{rel}","templated":true}]}}