{"id":27208,"date":"2024-09-02T09:03:42","date_gmt":"2024-09-02T07:03:42","guid":{"rendered":"https:\/\/xnet-x.net\/es\/?p=27208"},"modified":"2025-02-14T11:41:32","modified_gmt":"2025-02-14T09:41:32","slug":"presentamos-nuevo-libro-digitalizacion-democratica-soberania-digital-para-las-personas","status":"publish","type":"post","link":"https:\/\/dev.xnet-x.net\/es\/digitalizacion-democratica-soberania-digital-personas\/","title":{"rendered":"Presentamos nuevo libro -> Digitalizaci\u00f3n Democr\u00e1tica &#8211; Soberan\u00eda Digital para las Personas"},"content":{"rendered":"<p><\/p>\n<p style=\"text-align: center;font-size:130%;\">Desde el 2 de septiembre 2024 en todas las librer\u00eda<\/p>\n<div style=\"margin: 20px auto; text-align:center\"><img decoding=\"async\" src=\"https:\/\/xnet-x.net\/img\/digit-es1.png\" alt=\"\" width=\"80%\" height=\"\" class=\"aligncenter size-full wp-image-27209\" srcset=\"https:\/\/dev.xnet-x.net\/img\/digit-es1.png 887w, https:\/\/dev.xnet-x.net\/img\/digit-es1-188x300.png 188w, https:\/\/dev.xnet-x.net\/img\/digit-es1-642x1024.png 642w, https:\/\/dev.xnet-x.net\/img\/digit-es1-768x1224.png 768w\" sizes=\"(max-width: 887px) 100vw, 887px\" \/><\/a><\/div>\n<p>&nbsp;<\/p>\n<p style=\"text-align:none;font-size:160%;\">Digitalizaci\u00f3n Democr\u00e1tica &#8211; Soberan\u00eda Digital para las Personas<\/p>\n<p><img loading=\"lazy\" decoding=\"async\" src=\"https:\/\/xnet-x.net\/img\/digitalizacion-d-189x300.png\" alt=\"\" width=\"189\" height=\"300\" class=\"alignleft size-medium wp-image-27197\" srcset=\"https:\/\/dev.xnet-x.net\/img\/digitalizacion-d-189x300.png 189w, https:\/\/dev.xnet-x.net\/img\/digitalizacion-d.png 250w\" sizes=\"auto, (max-width: 189px) 100vw, 189px\" \/>&nbsp;<\/p>\n<h4><strong>De c\u00f3mo las instituciones han permitido que nuestros espacios digitales cotidianos sean transformados en latifundios extractivos privados&#8230; y de c\u00f3mo revertirlo.<\/strong><\/p>\n<p>\u00abCualquier acercamiento a la cuesti\u00f3n de la digitalizaci\u00f3n esta dominado, hoy, o bien por el miedo o bien por el oportunismo solucionista. Contra estas dos posiciones, este libro nos devuelve nuestra condici\u00f3n activa como ciudadanos de las sociedades digitalizadas.\u00bb<br \/>\n<strong>Marina Gare\u00e9s, fil\u00f3sofa y profesora<\/strong><\/p>\n<p>\u00abGracias por la visi\u00f3n inconmovible y por demostrarnos que el compromiso y la acci\u00f3n pueden transformar el mundo. Un libro imperdible.\u00bb<br \/>\n<strong>Xantal Llavina, Periodista TIC, Directora del Revoluci\u00f3 4.0<\/strong><\/p>\n<p>Este libro es fruto de un trabajo exhaustivo en la Uni\u00f3n Europea y formar\u00e1 parte del eje central del congreso sobre este tema en octubre en Barcelona.<\/p>\n<p>&nbsp;<\/p>\n<p><span style=\"font-size:120%;\">Sinopsis<\/span><\/p>\n<ul>\nLa transformaci\u00f3n digital est\u00e1 en el centro de la agenda pol\u00edtica actual, pero la digitalizaci\u00f3n de las sociedades lleva ya medio siglo en marcha. La cuesti\u00f3n no es, pues, si la digitalizaci\u00f3n tendr\u00e1 lugar, sino si est\u00e1 siendo democr\u00e1tica y, por lo tanto, beneficiosa para la mayor\u00eda, o no. La ret\u00f3rica ideol\u00f3gica de los diversos bandos la envuelve en estereotipos que son distracciones del verdadero problema, la responsabilidad pol\u00edtica.<\/p>\n<p>\u00abDigitalizaci\u00f3n democr\u00e1tica\u00bb trata de nuestro uso cotidiano de las herramientas digitales, las de cada d\u00eda, las de cualquiera. Desmonta mitos y propone caminos concretos y obligaciones institucionales para la soberan\u00eda digital de las personas, el derecho distribuido a emprender, la creaci\u00f3n de infraestructuras y herramientas digitales comunes y p\u00fablicas. Para una digitalizaci\u00f3n m\u00e1s democr\u00e1tica, distribuida y no monopol\u00edstica.<\/p>\n<p>Al referirse a la digitalizaci\u00f3n, a menudo se hace referencia a grandes proyectos de infraestructura como 5G, supercomputadoras, computadoras cu\u00e1nticas, etc., o a discusiones sobre el uso de lo digital en las sociedades en t\u00e9rminos de alfabetizaci\u00f3n medi\u00e1tica y participaci\u00f3n digital o democracia electr\u00f3nica.<\/p>\n<p>Sin embargo, antes de todo ello hay una capa ineludible que hace posible la vida digital cotidiana, desde los servicios esenciales hasta el uso individual: el acceso a Internet; la creaci\u00f3n de contenidos y su almacenamiento; la comunicaci\u00f3n interpersonal en l\u00ednea; la navegaci\u00f3n; etc. <\/p>\n<p>Esta capa a menudo se da por descontada, cuando en realidad necesita una seria consideraci\u00f3n para garantizar que el futuro digital de Europa no se est\u00e9 construyendo sobre cimientos t\u00f3xicos y salvaguardas dif\u00edcilmente verificables para derechos humanos.<\/p>\n<p>El libro destaca la importancia de una transici\u00f3n digital basada en los derechos humanos y la soberan\u00eda digital de la ciudadan\u00eda y subraya la necesidad de que las personas tengan control sobre sus propios datos y los contenidos que generan.<\/p>\n<p>Desde esta perspectiva, alerta sobre las graves lagunas en la digitalizaci\u00f3n de las sociedades: la capa b\u00e1sica de la vida digital cotidiana est\u00e1 construyendo sobre bases t\u00f3xicas para las libertades fundamentales, la innovaci\u00f3n y para el desarrollo del ecosistema de emprendedur\u00eda digital.<\/p>\n<p>Asimismo, se critica la falta de alternativas, espec\u00edficamente en tres \u00e1reas, y se proponen soluciones, concretamente tres prototipos\/acciones para: la actividad digital cotidiana de las personas, entidades y administraciones; la comunicaci\u00f3n interpersonal, y la navegaci\u00f3n.<\/ul>\n<p>&nbsp;<\/p>\n<p><span style=\"font-size:110%;\">Algunas definiciones:<\/span><\/p>\n<ul>\n<em>Digitalizaci\u00f3n democr\u00e1tica<\/em>: una transici\u00f3n digital basada en los derechos humanos, desde el dise\u00f1o y por defecto.<\/p>\n<p><em>Digitalizaci\u00f3n soberana<\/em>: una digitalizaci\u00f3n en la que incluso el actor m\u00e1s peque\u00f1o en la arquitectura democr\u00e1tica, es decir, cada persona, puede controlar, de forma desintermediada, el uso y destino de los contenidos que ha creado y los datos que ha generado.<\/ul>\n<p>&nbsp;<\/p>\n<p><span style=\"font-size:110%;\">Algunas citas:<\/span><\/p>\n<ul>\n<em>\u201cLa cuesti\u00f3n, obviamente, no es si la digitalizaci\u00f3n se producir\u00e1 o no, sino si ser\u00e1 democr\u00e1tica y, por tanto, beneficiosa para la mayor\u00eda, o no.\u201d<\/p>\n<p> \u201cEl predominio de unas pocas empresas de Big Tech en la provisi\u00f3n de la capa de digitalizaci\u00f3n b\u00e1sica, incluso en instituciones y servicios esenciales, env\u00eda una se\u00f1al equivocada al mercado: que la digitalizaci\u00f3n puede ocurrir a expensas de las peque\u00f1as y medianas empresas, la innovaci\u00f3n y a menudo de los derechos humanos\u201d.<\/p>\n<p>\u201cCuando la capa b\u00e1sica de la vida digital cotidiana vulnera sistem\u00e1ticamente los derechos de las personas que la utilizan, todo lo que se haga con ella, ocurrir\u00e1 en un marco sin garant\u00edas democr\u00e1ticas\u201d.<\/p>\n<p>\u201cEl \u00e9xito de la digitalizaci\u00f3n no debe venir con la destrucci\u00f3n de derechos fundamentales como da\u00f1o colateral\u201d.<\/p>\n<p>\u201cCuando una instituci\u00f3n contin\u00faa utilizando diariamente software no auditable y no interoperable, est\u00e1 violando sistem\u00e1ticamente los derechos de la poblaci\u00f3n\u201d.<\/em><\/ul>\n<p>&nbsp;<\/p>\n<p><span style=\"font-size:110%;\">Origen:<\/span><\/p>\n<ul>\nSe ha utilizado como fuente principal de este libro, con la misma autor\u00eda:<br \/>\nel <em>reflexion paper<\/em> encargado a la autora por el Servicio de Investigaci\u00f3n del Parlamento Europeo a petici\u00f3n del presidente del Parlamento Europeo, David Sassoli.<\/p>\n<p>Levi, S., et al. (2021). <em>Proposal for a Sovereign and Democratic Digitalisation of Europe<\/em>. Publication Office of the European Union.<br \/>\n<a href=\"https:\/\/op.europa.eu\/en\/publication-detail\/-\/publication\/dae77969-7812-11ec-9136-01aa75ed71a1\" rel=\"noopener\" target=\"_blank\">https:\/\/op.europa.eu\/en\/publication-detail\/-\/publication\/dae77969-7812-11ec-9136-01aa75ed71a1<\/a>\n<\/ul>\n<p>&nbsp;<\/p>\n<p><strong>Contribuciones:<\/strong><br \/>\nMarc Realp Campalans, Xavier Puig Soler, \u00c0lex Puig, Vocdoni, Miriam Carles, Sergio Salgado, Claudia Delso, Cecilia Bayo, Enginyeria sense Fronteres, Ramon Roca, Dra. Mara Balestrini, Dr. Floren Cabello, Andrea G. Rodr\u00edguez, Isaac Moncl\u00fas, Xnet.<br \/>\n<\/h4>\n<p>&nbsp;<\/p>\n<p><span style=\"font-size:120%;\"><strong>Algunos extractos de prensa:<\/strong><\/span><\/p>\n<p style=\"text-align: center;\"><span style=\"font-size:120%;\"><a href=\"https:\/\/www.publico.es\/ciencias\/simona-levi-instituciones-crear-sistemas-democraticos-sustituir-monopolio-digital-big-tech.html\" rel=\"noopener\" target=\"_blank\">Servidores soberanos, es decir, controlados por las personas, y software auditable y, por lo tanto, software libre, porque es el \u00fanico que se puede auditar de manera distribuida. El libro quiere insistir en que no se trata de una tarea heroica de las personas, sino de una obligaci\u00f3n de las instituciones que no se est\u00e1 cumpliendo.<\/a><\/span><\/p>\n<div style=\"margin: 20px auto; text-align:center\"><img decoding=\"async\" src=\"https:\/\/xnet-x.net\/img\/publico-es-simona-levi-libro.jpg\" alt=\"\" width=\"90%\" height=\"\" class=\"aligncenter size-full wp-image-27541\" srcset=\"https:\/\/dev.xnet-x.net\/img\/publico-es-simona-levi-libro.jpg 1288w, https:\/\/dev.xnet-x.net\/img\/publico-es-simona-levi-libro-300x245.jpg 300w, https:\/\/dev.xnet-x.net\/img\/publico-es-simona-levi-libro-1024x837.jpg 1024w, https:\/\/dev.xnet-x.net\/img\/publico-es-simona-levi-libro-768x628.jpg 768w\" sizes=\"(max-width: 1288px) 100vw, 1288px\" \/><\/a><\/div>\n<p>&nbsp;<\/p>\n<p style=\"text-align: center;\"><span style=\"font-size:120%;\"><a href=\"https:\/\/www.elperiodico.com\/es\/tecnologia\/20240926\/simona-levi-entrevista-digitalizacion-democracia-tecnologia-internet-108353323\" rel=\"noopener\" target=\"_blank\">Dejemos de culpar a la gente y pidamos a las instituciones que construyan un mundo digital que sea auditable, transparente y democr\u00e1tico<\/a><\/span><\/p>\n<div style=\"margin: 20px auto; text-align:center\"><img decoding=\"async\" src=\"https:\/\/xnet-x.net\/img\/periodico-simona-levi-libro.png\" alt=\"\" width=\"90%\" height=\"\" class=\"aligncenter size-full wp-image-27533\" srcset=\"https:\/\/dev.xnet-x.net\/img\/periodico-simona-levi-libro.png 1288w, https:\/\/dev.xnet-x.net\/img\/periodico-simona-levi-libro-300x178.png 300w, https:\/\/dev.xnet-x.net\/img\/periodico-simona-levi-libro-1024x607.png 1024w, https:\/\/dev.xnet-x.net\/img\/periodico-simona-levi-libro-768x455.png 768w\" sizes=\"(max-width: 1288px) 100vw, 1288px\" \/><\/a><\/div>\n<p>&nbsp;<\/p>\n<p style=\"text-align: center;\"><span style=\"font-size:120%;\"><a href=\"https:\/\/elpais.com\/ideas\/2024-08-30\/simona-levi-activista-los-partidos-son-empresas-privadas-que-mantenemos-entre-todos.html?utm_medium=social&#038;utm_campaign=echobox&#038;utm_source=Twitter&#038;ssm=TW_CM#Echobox=1725030566\" rel=\"noopener\" target=\"_blank\">Las grandes corporaciones han copado nuestro uso cotidiano de internet<\/a><\/span><\/p>\n<div style=\"margin: 20px auto; text-align:center\"><img decoding=\"async\" src=\"https:\/\/xnet-x.net\/img\/elpais-simona-levi-libro.png\" alt=\"\" width=\"90%\" height=\"\" class=\"aligncenter size-full wp-image-27457\" srcset=\"https:\/\/dev.xnet-x.net\/img\/elpais-simona-levi-libro.png 1288w, https:\/\/dev.xnet-x.net\/img\/elpais-simona-levi-libro-300x178.png 300w, https:\/\/dev.xnet-x.net\/img\/elpais-simona-levi-libro-1024x607.png 1024w, https:\/\/dev.xnet-x.net\/img\/elpais-simona-levi-libro-768x455.png 768w\" sizes=\"(max-width: 1288px) 100vw, 1288px\" \/><\/a><\/div>\n<p>&nbsp;<\/p>\n<p style=\"text-align: center;\"><span style=\"font-size:120%;\"><a href=\"https:\/\/www.lavanguardia.com\/cultura\/20240905\/9913005\/simona-levi-soberania-digital-big-tech-codigo-libre-elon-musk.html\" rel=\"noopener\" target=\"_blank\">Simona Levi: \u201cAlmacenamos toda nuestra vida \u00edntima y profesional en servidores que nos cierran la puerta en la cara\u201dLa activista defiende en el libro &#8216;Digitalizaci\u00f3n democr\u00e1tica&#8217; recuperar el control de las herramientas digitales m\u00e1s cotidianas.<\/a><\/span><\/p>\n<p style=\"text-align: center;\"><span style=\"font-size:120%;\"><a href=\"https:\/\/www.lavanguardia.com\/opinion\/20240905\/9911944\/semaforos-jueves-5-septiembre-angelina-torres-simona-levi-antonia-vicens-viktor-orban.html\" rel=\"noopener\" target=\"_blank\">Simona Levi ha sido semaforo verde en La Vanguardia el 5\/9\/2024<\/a><\/span><\/p>\n<div style=\"margin: 20px auto; text-align:center\"><img decoding=\"async\" src=\"https:\/\/xnet-x.net\/img\/lavanguardia-simona.png\" alt=\"\" width=\"90%\" height=\"\" class=\"aligncenter size-full wp-image-27454\" srcset=\"https:\/\/dev.xnet-x.net\/img\/lavanguardia-simona.png 1192w, https:\/\/dev.xnet-x.net\/img\/lavanguardia-simona-300x204.png 300w, https:\/\/dev.xnet-x.net\/img\/lavanguardia-simona-1024x698.png 1024w, https:\/\/dev.xnet-x.net\/img\/lavanguardia-simona-768x523.png 768w\" sizes=\"(max-width: 1192px) 100vw, 1192px\" \/><\/a><\/div>\n<p>&nbsp;<\/p>\n<p style=\"text-align: center;\"><span style=\"font-size:120%;\"><a href=\"https:\/\/www.infolibre.es\/medios\/simona-levi-entrevista_1_1871593.html\" rel=\"noopener\" target=\"_blank\">Sobre c\u00f3mo las instituciones han cedido Internet para que las poderosas tecnol\u00f3gicas lo transformen en su propio latifundio privado<\/a><\/p>\n<div style=\"margin: 20px auto; text-align:center\"><img decoding=\"async\" src=\"https:\/\/xnet-x.net\/img\/infolibre-simona-levi-libro.png\" alt=\"\" width=\"90%\" height=\"\" class=\"aligncenter size-full wp-image-27461\" srcset=\"https:\/\/dev.xnet-x.net\/img\/infolibre-simona-levi-libro.png 1933w, https:\/\/dev.xnet-x.net\/img\/infolibre-simona-levi-libro-300x150.png 300w, https:\/\/dev.xnet-x.net\/img\/infolibre-simona-levi-libro-1024x512.png 1024w, https:\/\/dev.xnet-x.net\/img\/infolibre-simona-levi-libro-768x384.png 768w, https:\/\/dev.xnet-x.net\/img\/infolibre-simona-levi-libro-1536x768.png 1536w, https:\/\/dev.xnet-x.net\/img\/infolibre-simona-levi-libro-832x416.png 832w, https:\/\/dev.xnet-x.net\/img\/infolibre-simona-levi-libro-480x240.png 480w\" sizes=\"(max-width: 1933px) 100vw, 1933px\" \/><\/a><\/div>\n<p><\/span><\/p>\n<p>&nbsp;<\/p>\n<p style=\"text-align: center;\"><span style=\"font-size:120%;\"><a href=\"https:\/\/www.lamarea.com\/2024\/09\/10\/simona-levi-digitalizacion-democratica\/\" rel=\"noopener\" target=\"_blank\">Simona Levi: \u201cLas instituciones han permitido que la tierra libre de Internet sea ocupada por latifundistas\u201d<\/a><\/p>\n<div style=\"margin: 20px auto; text-align:center\"><img decoding=\"async\" src=\"https:\/\/xnet-x.net\/img\/lamarea-simona-levi-libro.jpg\" alt=\"\" width=\"90%\" height=\"\" class=\"aligncenter size-full wp-image-27486\" srcset=\"https:\/\/dev.xnet-x.net\/img\/lamarea-simona-levi-libro.jpg 1192w, https:\/\/dev.xnet-x.net\/img\/lamarea-simona-levi-libro-300x204.jpg 300w, https:\/\/dev.xnet-x.net\/img\/lamarea-simona-levi-libro-1024x698.jpg 1024w, https:\/\/dev.xnet-x.net\/img\/lamarea-simona-levi-libro-768x523.jpg 768w\" sizes=\"(max-width: 1192px) 100vw, 1192px\" \/><\/a><\/div>\n<p><\/span><\/p>\n<p>&nbsp;<br \/>\n<span style=\"font-size:120%;\">Prensa en Catal\u00e1n<\/span><\/p>\n<p style=\"text-align: center;\"><span style=\"font-size:100%;\"><a href=\"https:\/\/elpais.com\/quadern\/literatura\/2024-11-03\/es-possible-recuperar-internet-dels-bilionaris.html\" rel=\"noopener\" target=\"_blank\">\u00c9s possible recuperar internet dels bilionaris?<\/a><\/span><\/p>\n<div style=\"margin: 20px auto; text-align:center\"><img decoding=\"async\" src=\"https:\/\/xnet-x.net\/img\/pais-cat-simona-levi-llibre.jpg\" alt=\"\" width=\"90%\" height=\"\" class=\"aligncenter size-full wp-image-27676\" srcset=\"https:\/\/dev.xnet-x.net\/img\/pais-cat-simona-levi-llibre.jpg 2163w, https:\/\/dev.xnet-x.net\/img\/pais-cat-simona-levi-llibre-300x233.jpg 300w, https:\/\/dev.xnet-x.net\/img\/pais-cat-simona-levi-llibre-1024x794.jpg 1024w, https:\/\/dev.xnet-x.net\/img\/pais-cat-simona-levi-llibre-768x596.jpg 768w, https:\/\/dev.xnet-x.net\/img\/pais-cat-simona-levi-llibre-1536x1192.jpg 1536w, https:\/\/dev.xnet-x.net\/img\/pais-cat-simona-levi-llibre-2048x1589.jpg 2048w\" sizes=\"(max-width: 2163px) 100vw, 2163px\" \/><\/a><\/div>\n<p>&nbsp;<\/p>\n<p style=\"text-align: center;\"><a href=\"https:\/\/www.nuvol.com\/llibres\/assaig\/simona-levi-sesta-fent-un-discurs-anti-internet-per-controlar-nos-398738\" rel=\"noopener\" target=\"_blank\">Simona Levi sap que el m\u00f3n digital en qu\u00e8 vivim no \u00e9s democr\u00e0tic, podria ser-ho i est\u00e0 decidida a liderar el moviment social que cal per canviar-ho<\/a><\/p>\n<\/h4>\n<div style=\"margin: 20px auto; text-align:center\"><img decoding=\"async\" src=\"https:\/\/xnet-x.net\/img\/nuvol-simona-levi-llibre.jpg\" alt=\"\" width=\"90%\" height=\"\" class=\"aligncenter size-full wp-image-27548\" srcset=\"https:\/\/dev.xnet-x.net\/img\/nuvol-simona-levi-llibre.jpg 2060w, https:\/\/dev.xnet-x.net\/img\/nuvol-simona-levi-llibre-300x228.jpg 300w, https:\/\/dev.xnet-x.net\/img\/nuvol-simona-levi-llibre-1024x780.jpg 1024w, https:\/\/dev.xnet-x.net\/img\/nuvol-simona-levi-llibre-768x585.jpg 768w, https:\/\/dev.xnet-x.net\/img\/nuvol-simona-levi-llibre-1536x1170.jpg 1536w, https:\/\/dev.xnet-x.net\/img\/nuvol-simona-levi-llibre-2048x1560.jpg 2048w\" sizes=\"(max-width: 2060px) 100vw, 2060px\" \/><\/a><\/div>\n<p>&nbsp;<\/p>\n<p style=\"text-align: center;\"><a href=\"https:\/\/www.vilaweb.cat\/noticies\/entrevista-simona-levi-sobirania-digital-democracia\/\" rel=\"noopener\" target=\"_blank\">Simona Levi: \u201cLes institucions cometen un lliberticidi quan denigren drets en l\u2019\u00e0mbit digital\u201d<\/a><\/p>\n<\/h4>\n<div style=\"margin: 20px auto; text-align:center\"><img decoding=\"async\" src=\"https:\/\/xnet-x.net\/img\/vilaweb-simona-levi-llibre.png\" alt=\"\" width=\"90%\" height=\"\" class=\"aligncenter size-full wp-image-27467\" srcset=\"https:\/\/dev.xnet-x.net\/img\/vilaweb-simona-levi-llibre.png 1822w, https:\/\/dev.xnet-x.net\/img\/vilaweb-simona-levi-llibre-300x165.png 300w, https:\/\/dev.xnet-x.net\/img\/vilaweb-simona-levi-llibre-1024x564.png 1024w, https:\/\/dev.xnet-x.net\/img\/vilaweb-simona-levi-llibre-768x423.png 768w, https:\/\/dev.xnet-x.net\/img\/vilaweb-simona-levi-llibre-1536x846.png 1536w\" sizes=\"(max-width: 1822px) 100vw, 1822px\" \/><\/a><\/div>\n<p>&nbsp;<\/p>\n<h4>TV-R\u00c0DIO<\/h4>\n<div style=\"margin: 20px auto; text-align:center\"><a href=\"https:\/\/www.ccma.cat\/3cat\/simona-levi-cal-prohibir-la-intromissio-dels-algoritmes-a-la-nostra-intimitat\/audio\/1217153\/\" target=\"_blank\" rel=\"noopener noreferrer\"><img decoding=\"async\" src=\"https:\/\/xnet-x.net\/img\/revolucio4.0-simona-levi-llibre.jpg\" alt=\"\" width=\"90%\" height=\"\" class=\"aligncenter size-full wp-image-27470\" srcset=\"https:\/\/dev.xnet-x.net\/img\/revolucio4.0-simona-levi-llibre.jpg 1839w, https:\/\/dev.xnet-x.net\/img\/revolucio4.0-simona-levi-llibre-300x81.jpg 300w, https:\/\/dev.xnet-x.net\/img\/revolucio4.0-simona-levi-llibre-1024x276.jpg 1024w, https:\/\/dev.xnet-x.net\/img\/revolucio4.0-simona-levi-llibre-768x207.jpg 768w, https:\/\/dev.xnet-x.net\/img\/revolucio4.0-simona-levi-llibre-1536x413.jpg 1536w\" sizes=\"(max-width: 1839px) 100vw, 1839px\" \/><\/a><\/div>\n<div style=\"margin: 20px auto; text-align:center\"><a href=\"https:\/\/www.ccma.cat\/3cat\/simona-levi-dxnet-el-secret-de-correspondencia-dret-del-s-xviii-no-es-compleix-amb-els-mails\/audio\/1217066\/?ext=SM_TW_F4_CE24_\" target=\"_blank\" rel=\"noopener noreferrer\"><img decoding=\"async\" src=\"https:\/\/xnet-x.net\/img\/cat-nit-simona-levi-llibre.jpg\" alt=\"\" width=\"90%\" height=\"\" class=\"aligncenter size-full wp-image-27474\" srcset=\"https:\/\/dev.xnet-x.net\/img\/cat-nit-simona-levi-llibre.jpg 1803w, https:\/\/dev.xnet-x.net\/img\/cat-nit-simona-levi-llibre-300x86.jpg 300w, https:\/\/dev.xnet-x.net\/img\/cat-nit-simona-levi-llibre-1024x294.jpg 1024w, https:\/\/dev.xnet-x.net\/img\/cat-nit-simona-levi-llibre-768x220.jpg 768w, https:\/\/dev.xnet-x.net\/img\/cat-nit-simona-levi-llibre-1536x440.jpg 1536w\" sizes=\"(max-width: 1803px) 100vw, 1803px\" \/><\/a><\/div>\n<div style=\"margin: 20px auto; text-align:center\"><a href=\"https:\/\/www.ccma.cat\/3cat\/telegram-plataforma-per-delinquir\/video\/6298771\/\" target=\"_blank\" rel=\"noopener noreferrer\"><img decoding=\"async\" src=\"https:\/\/xnet-x.net\/img\/matins-simona-levi-llibre.jpg\" alt=\"\" width=\"90%\" height=\"\" class=\"aligncenter size-full wp-image-27475\" srcset=\"https:\/\/dev.xnet-x.net\/img\/matins-simona-levi-llibre.jpg 1193w, https:\/\/dev.xnet-x.net\/img\/matins-simona-levi-llibre-300x132.jpg 300w, https:\/\/dev.xnet-x.net\/img\/matins-simona-levi-llibre-1024x449.jpg 1024w, https:\/\/dev.xnet-x.net\/img\/matins-simona-levi-llibre-768x337.jpg 768w\" sizes=\"(max-width: 1193px) 100vw, 1193px\" \/><\/a><\/div>\n<p><\/p>","protected":false},"excerpt":{"rendered":"<p>Desde el 2 de septiembre 2024 en todas las librer\u00eda &nbsp; Digitalizaci\u00f3n Democr\u00e1tica &#8211; Soberan\u00eda Digital para las Personas &nbsp; De c\u00f3mo las instituciones han permitido que nuestros espacios digitales cotidianos sean transformados en latifundios extractivos privados&#8230; y de c\u00f3mo revertirlo. \u00abCualquier acercamiento a la cuesti\u00f3n de la digitalizaci\u00f3n esta dominado, hoy, o bien por [&hellip;]<\/p>\n","protected":false},"author":15,"featured_media":27313,"comment_status":"closed","ping_status":"closed","sticky":false,"template":"","format":"standard","meta":{"footnotes":""},"categories":[52],"tags":[],"class_list":["post-27208","post","type-post","status-publish","format-standard","has-post-thumbnail","hentry","category-blog","ejes-cultura-libre","ejes-neutralidad-de-la-red"],"yoast_head":"<!-- This site is optimized with the Yoast SEO plugin v26.7 - https:\/\/yoast.com\/wordpress\/plugins\/seo\/ -->\n<title>Digitalizaci\u00f3n Democr\u00e1tica - Soberan\u00eda Digital para las Personas<\/title>\n<meta name=\"description\" content=\"Presentamos nuevo libro: Digitalizaci\u00f3n Democr\u00e1tica. De c\u00f3mo las instituciones han permitido la transformaci\u00f3n de nuestros espacios digitales.\" \/>\n<meta name=\"robots\" content=\"index, follow, max-snippet:-1, max-image-preview:large, max-video-preview:-1\" \/>\n<link rel=\"canonical\" href=\"https:\/\/dev.xnet-x.net\/es\/digitalizacion-democratica-soberania-digital-personas\/\" \/>\n<meta name=\"twitter:label1\" content=\"Escrito por\" \/>\n\t<meta name=\"twitter:data1\" content=\"Xnet\" \/>\n\t<meta name=\"twitter:label2\" content=\"Tiempo de lectura\" \/>\n\t<meta name=\"twitter:data2\" content=\"8 minutos\" \/>\n<script type=\"application\/ld+json\" class=\"yoast-schema-graph\">{\"@context\":\"https:\/\/schema.org\",\"@graph\":[{\"@type\":\"Article\",\"@id\":\"https:\/\/dev.xnet-x.net\/es\/digitalizacion-democratica-soberania-digital-personas\/#article\",\"isPartOf\":{\"@id\":\"https:\/\/dev.xnet-x.net\/es\/digitalizacion-democratica-soberania-digital-personas\/\"},\"author\":{\"name\":\"Xnet\",\"@id\":\"https:\/\/dev.xnet-x.net\/es\/#\/schema\/person\/02880890b95968f2b3bd4cfd79843d49\"},\"headline\":\"Presentamos nuevo libro -> Digitalizaci\u00f3n Democr\u00e1tica &#8211; Soberan\u00eda Digital para las Personas\",\"datePublished\":\"2024-09-02T07:03:42+00:00\",\"dateModified\":\"2025-02-14T09:41:32+00:00\",\"mainEntityOfPage\":{\"@id\":\"https:\/\/dev.xnet-x.net\/es\/digitalizacion-democratica-soberania-digital-personas\/\"},\"wordCount\":2344,\"publisher\":{\"@id\":\"https:\/\/dev.xnet-x.net\/es\/#organization\"},\"image\":{\"@id\":\"https:\/\/dev.xnet-x.net\/es\/digitalizacion-democratica-soberania-digital-personas\/#primaryimage\"},\"thumbnailUrl\":\"https:\/\/dev.xnet-x.net\/img\/dd-soberaniaES.jpg\",\"articleSection\":[\"Blog - Nuestras acciones\"],\"inLanguage\":\"es\"},{\"@type\":\"WebPage\",\"@id\":\"https:\/\/dev.xnet-x.net\/es\/digitalizacion-democratica-soberania-digital-personas\/\",\"url\":\"https:\/\/dev.xnet-x.net\/es\/digitalizacion-democratica-soberania-digital-personas\/\",\"name\":\"Digitalizaci\u00f3n Democr\u00e1tica - Soberan\u00eda Digital para las Personas\",\"isPartOf\":{\"@id\":\"https:\/\/dev.xnet-x.net\/es\/#website\"},\"primaryImageOfPage\":{\"@id\":\"https:\/\/dev.xnet-x.net\/es\/digitalizacion-democratica-soberania-digital-personas\/#primaryimage\"},\"image\":{\"@id\":\"https:\/\/dev.xnet-x.net\/es\/digitalizacion-democratica-soberania-digital-personas\/#primaryimage\"},\"thumbnailUrl\":\"https:\/\/dev.xnet-x.net\/img\/dd-soberaniaES.jpg\",\"datePublished\":\"2024-09-02T07:03:42+00:00\",\"dateModified\":\"2025-02-14T09:41:32+00:00\",\"description\":\"Presentamos nuevo libro: Digitalizaci\u00f3n Democr\u00e1tica. De c\u00f3mo las instituciones han permitido la transformaci\u00f3n de nuestros espacios digitales.\",\"breadcrumb\":{\"@id\":\"https:\/\/dev.xnet-x.net\/es\/digitalizacion-democratica-soberania-digital-personas\/#breadcrumb\"},\"inLanguage\":\"es\",\"potentialAction\":[{\"@type\":\"ReadAction\",\"target\":[[\"https:\/\/dev.xnet-x.net\/es\/digitalizacion-democratica-soberania-digital-personas\/\"]]}]},{\"@type\":\"ImageObject\",\"inLanguage\":\"es\",\"@id\":\"https:\/\/dev.xnet-x.net\/es\/digitalizacion-democratica-soberania-digital-personas\/#primaryimage\",\"url\":\"https:\/\/dev.xnet-x.net\/img\/dd-soberaniaES.jpg\",\"contentUrl\":\"https:\/\/dev.xnet-x.net\/img\/dd-soberaniaES.jpg\",\"width\":838,\"height\":420},{\"@type\":\"BreadcrumbList\",\"@id\":\"https:\/\/dev.xnet-x.net\/es\/digitalizacion-democratica-soberania-digital-personas\/#breadcrumb\",\"itemListElement\":[{\"@type\":\"ListItem\",\"position\":1,\"name\":\"Portada\",\"item\":\"https:\/\/dev.xnet-x.net\/es\/\"},{\"@type\":\"ListItem\",\"position\":2,\"name\":\"Presentamos nuevo libro -> Digitalizaci\u00f3n Democr\u00e1tica &#8211; Soberan\u00eda Digital para las Personas\"}]},{\"@type\":\"WebSite\",\"@id\":\"https:\/\/dev.xnet-x.net\/es\/#website\",\"url\":\"https:\/\/dev.xnet-x.net\/es\/\",\"name\":\"[:es]Xnet - Internet, derechos y democracia en la era digital[:ca]Xnet - Internet, drets i democr\u00e0cia en l'era digital[:en]Xnet - Internet freedoms & digital rights[:]\",\"description\":\"Xnet: Internet, informaci\u00f3n y cultura libres. Tecnopol\u00edtica. Datos, algoritmos y derechos digitales. Libertad de expresi\u00f3n. Democracia y anticorrupci\u00f3n\",\"publisher\":{\"@id\":\"https:\/\/dev.xnet-x.net\/es\/#organization\"},\"potentialAction\":[{\"@type\":\"SearchAction\",\"target\":{\"@type\":\"EntryPoint\",\"urlTemplate\":\"https:\/\/dev.xnet-x.net\/es\/?s={search_term_string}\"},\"query-input\":{\"@type\":\"PropertyValueSpecification\",\"valueRequired\":true,\"valueName\":\"search_term_string\"}}],\"inLanguage\":\"es\"},{\"@type\":\"Organization\",\"@id\":\"https:\/\/dev.xnet-x.net\/es\/#organization\",\"name\":\"Xnet - Internet, derechos y democracia en la era digital\",\"url\":\"https:\/\/dev.xnet-x.net\/es\/\",\"logo\":{\"@type\":\"ImageObject\",\"inLanguage\":\"es\",\"@id\":\"https:\/\/dev.xnet-x.net\/es\/#\/schema\/logo\/image\/\",\"url\":\"https:\/\/xnet-x.net\/img\/xnet-logo.png\",\"contentUrl\":\"https:\/\/xnet-x.net\/img\/xnet-logo.png\",\"width\":512,\"height\":512,\"caption\":\"Xnet - Internet, derechos y democracia en la era digital\"},\"image\":{\"@id\":\"https:\/\/dev.xnet-x.net\/es\/#\/schema\/logo\/image\/\"},\"sameAs\":[\"http:\/\/facebook.com\/RedX.Net\/\",\"https:\/\/x.com\/x_net_\",\"https:\/\/es.wikipedia.org\/wiki\/Xnet\"]},{\"@type\":\"Person\",\"@id\":\"https:\/\/dev.xnet-x.net\/es\/#\/schema\/person\/02880890b95968f2b3bd4cfd79843d49\",\"name\":\"Xnet\",\"image\":{\"@type\":\"ImageObject\",\"inLanguage\":\"es\",\"@id\":\"https:\/\/dev.xnet-x.net\/es\/#\/schema\/person\/image\/\",\"url\":\"https:\/\/secure.gravatar.com\/avatar\/41a61c327d24125228571dadd14748b0afd881e633e6e61518dacc4fef53cc93?s=96&d=mm&r=g\",\"contentUrl\":\"https:\/\/secure.gravatar.com\/avatar\/41a61c327d24125228571dadd14748b0afd881e633e6e61518dacc4fef53cc93?s=96&d=mm&r=g\",\"caption\":\"Xnet\"}}]}<\/script>\n<!-- \/ Yoast SEO plugin. -->","yoast_head_json":{"title":"Digitalizaci\u00f3n Democr\u00e1tica - Soberan\u00eda Digital para las Personas","description":"Presentamos nuevo libro: Digitalizaci\u00f3n Democr\u00e1tica. De c\u00f3mo las instituciones han permitido la transformaci\u00f3n de nuestros espacios digitales.","robots":{"index":"index","follow":"follow","max-snippet":"max-snippet:-1","max-image-preview":"max-image-preview:large","max-video-preview":"max-video-preview:-1"},"canonical":"https:\/\/dev.xnet-x.net\/es\/digitalizacion-democratica-soberania-digital-personas\/","twitter_misc":{"Escrito por":"Xnet","Tiempo de lectura":"8 minutos"},"schema":{"@context":"https:\/\/schema.org","@graph":[{"@type":"Article","@id":"https:\/\/dev.xnet-x.net\/es\/digitalizacion-democratica-soberania-digital-personas\/#article","isPartOf":{"@id":"https:\/\/dev.xnet-x.net\/es\/digitalizacion-democratica-soberania-digital-personas\/"},"author":{"name":"Xnet","@id":"https:\/\/dev.xnet-x.net\/es\/#\/schema\/person\/02880890b95968f2b3bd4cfd79843d49"},"headline":"Presentamos nuevo libro -> Digitalizaci\u00f3n Democr\u00e1tica &#8211; Soberan\u00eda Digital para las Personas","datePublished":"2024-09-02T07:03:42+00:00","dateModified":"2025-02-14T09:41:32+00:00","mainEntityOfPage":{"@id":"https:\/\/dev.xnet-x.net\/es\/digitalizacion-democratica-soberania-digital-personas\/"},"wordCount":2344,"publisher":{"@id":"https:\/\/dev.xnet-x.net\/es\/#organization"},"image":{"@id":"https:\/\/dev.xnet-x.net\/es\/digitalizacion-democratica-soberania-digital-personas\/#primaryimage"},"thumbnailUrl":"https:\/\/dev.xnet-x.net\/img\/dd-soberaniaES.jpg","articleSection":["Blog - Nuestras acciones"],"inLanguage":"es"},{"@type":"WebPage","@id":"https:\/\/dev.xnet-x.net\/es\/digitalizacion-democratica-soberania-digital-personas\/","url":"https:\/\/dev.xnet-x.net\/es\/digitalizacion-democratica-soberania-digital-personas\/","name":"Digitalizaci\u00f3n Democr\u00e1tica - Soberan\u00eda Digital para las Personas","isPartOf":{"@id":"https:\/\/dev.xnet-x.net\/es\/#website"},"primaryImageOfPage":{"@id":"https:\/\/dev.xnet-x.net\/es\/digitalizacion-democratica-soberania-digital-personas\/#primaryimage"},"image":{"@id":"https:\/\/dev.xnet-x.net\/es\/digitalizacion-democratica-soberania-digital-personas\/#primaryimage"},"thumbnailUrl":"https:\/\/dev.xnet-x.net\/img\/dd-soberaniaES.jpg","datePublished":"2024-09-02T07:03:42+00:00","dateModified":"2025-02-14T09:41:32+00:00","description":"Presentamos nuevo libro: Digitalizaci\u00f3n Democr\u00e1tica. De c\u00f3mo las instituciones han permitido la transformaci\u00f3n de nuestros espacios digitales.","breadcrumb":{"@id":"https:\/\/dev.xnet-x.net\/es\/digitalizacion-democratica-soberania-digital-personas\/#breadcrumb"},"inLanguage":"es","potentialAction":[{"@type":"ReadAction","target":[["https:\/\/dev.xnet-x.net\/es\/digitalizacion-democratica-soberania-digital-personas\/"]]}]},{"@type":"ImageObject","inLanguage":"es","@id":"https:\/\/dev.xnet-x.net\/es\/digitalizacion-democratica-soberania-digital-personas\/#primaryimage","url":"https:\/\/dev.xnet-x.net\/img\/dd-soberaniaES.jpg","contentUrl":"https:\/\/dev.xnet-x.net\/img\/dd-soberaniaES.jpg","width":838,"height":420},{"@type":"BreadcrumbList","@id":"https:\/\/dev.xnet-x.net\/es\/digitalizacion-democratica-soberania-digital-personas\/#breadcrumb","itemListElement":[{"@type":"ListItem","position":1,"name":"Portada","item":"https:\/\/dev.xnet-x.net\/es\/"},{"@type":"ListItem","position":2,"name":"Presentamos nuevo libro -> Digitalizaci\u00f3n Democr\u00e1tica &#8211; Soberan\u00eda Digital para las Personas"}]},{"@type":"WebSite","@id":"https:\/\/dev.xnet-x.net\/es\/#website","url":"https:\/\/dev.xnet-x.net\/es\/","name":"[:es]Xnet - Internet, derechos y democracia en la era digital[:ca]Xnet - Internet, drets i democr\u00e0cia en l'era digital[:en]Xnet - Internet freedoms & digital rights[:]","description":"Xnet: Internet, informaci\u00f3n y cultura libres. Tecnopol\u00edtica. Datos, algoritmos y derechos digitales. Libertad de expresi\u00f3n. Democracia y anticorrupci\u00f3n","publisher":{"@id":"https:\/\/dev.xnet-x.net\/es\/#organization"},"potentialAction":[{"@type":"SearchAction","target":{"@type":"EntryPoint","urlTemplate":"https:\/\/dev.xnet-x.net\/es\/?s={search_term_string}"},"query-input":{"@type":"PropertyValueSpecification","valueRequired":true,"valueName":"search_term_string"}}],"inLanguage":"es"},{"@type":"Organization","@id":"https:\/\/dev.xnet-x.net\/es\/#organization","name":"Xnet - Internet, derechos y democracia en la era digital","url":"https:\/\/dev.xnet-x.net\/es\/","logo":{"@type":"ImageObject","inLanguage":"es","@id":"https:\/\/dev.xnet-x.net\/es\/#\/schema\/logo\/image\/","url":"https:\/\/xnet-x.net\/img\/xnet-logo.png","contentUrl":"https:\/\/xnet-x.net\/img\/xnet-logo.png","width":512,"height":512,"caption":"Xnet - Internet, derechos y democracia en la era digital"},"image":{"@id":"https:\/\/dev.xnet-x.net\/es\/#\/schema\/logo\/image\/"},"sameAs":["http:\/\/facebook.com\/RedX.Net\/","https:\/\/x.com\/x_net_","https:\/\/es.wikipedia.org\/wiki\/Xnet"]},{"@type":"Person","@id":"https:\/\/dev.xnet-x.net\/es\/#\/schema\/person\/02880890b95968f2b3bd4cfd79843d49","name":"Xnet","image":{"@type":"ImageObject","inLanguage":"es","@id":"https:\/\/dev.xnet-x.net\/es\/#\/schema\/person\/image\/","url":"https:\/\/secure.gravatar.com\/avatar\/41a61c327d24125228571dadd14748b0afd881e633e6e61518dacc4fef53cc93?s=96&d=mm&r=g","contentUrl":"https:\/\/secure.gravatar.com\/avatar\/41a61c327d24125228571dadd14748b0afd881e633e6e61518dacc4fef53cc93?s=96&d=mm&r=g","caption":"Xnet"}}]}},"_links":{"self":[{"href":"https:\/\/dev.xnet-x.net\/es\/wp-json\/wp\/v2\/posts\/27208","targetHints":{"allow":["GET"]}}],"collection":[{"href":"https:\/\/dev.xnet-x.net\/es\/wp-json\/wp\/v2\/posts"}],"about":[{"href":"https:\/\/dev.xnet-x.net\/es\/wp-json\/wp\/v2\/types\/post"}],"author":[{"embeddable":true,"href":"https:\/\/dev.xnet-x.net\/es\/wp-json\/wp\/v2\/users\/15"}],"replies":[{"embeddable":true,"href":"https:\/\/dev.xnet-x.net\/es\/wp-json\/wp\/v2\/comments?post=27208"}],"version-history":[{"count":20,"href":"https:\/\/dev.xnet-x.net\/es\/wp-json\/wp\/v2\/posts\/27208\/revisions"}],"predecessor-version":[{"id":27227,"href":"https:\/\/dev.xnet-x.net\/es\/wp-json\/wp\/v2\/posts\/27208\/revisions\/27227"}],"wp:featuredmedia":[{"embeddable":true,"href":"https:\/\/dev.xnet-x.net\/es\/wp-json\/wp\/v2\/media\/27313"}],"wp:attachment":[{"href":"https:\/\/dev.xnet-x.net\/es\/wp-json\/wp\/v2\/media?parent=27208"}],"wp:term":[{"taxonomy":"category","embeddable":true,"href":"https:\/\/dev.xnet-x.net\/es\/wp-json\/wp\/v2\/categories?post=27208"},{"taxonomy":"post_tag","embeddable":true,"href":"https:\/\/dev.xnet-x.net\/es\/wp-json\/wp\/v2\/tags?post=27208"}],"curies":[{"name":"wp","href":"https:\/\/api.w.org\/{rel}","templated":true}]}}