{"id":272,"date":"2010-03-30T20:20:13","date_gmt":"2010-03-30T19:20:13","guid":{"rendered":"http:\/\/la-ex.net\/?p=272"},"modified":"2021-09-08T12:41:23","modified_gmt":"2021-09-08T10:41:23","slug":"molina-pirate","status":"publish","type":"post","link":"https:\/\/dev.xnet-x.net\/es\/molina-pirate\/","title":{"rendered":"Molina p\u00edrate"},"content":{"rendered":"<p><\/p>\n<p style=\"text-align: center;\"><span style=\"font-family: Helvetica,Arial,sans-serif;\"><strong>Violaci\u00f3n de derechos fundamentales en Internet por parte del ministerio de Cultura:<br \/>\nEl Ministerio de cultura hace o\u00eddo sordo antes las protestas; los ciudadanos se organizan.<\/strong><\/p>\n<div class=\"youtube-container auto-resizable-iframe\" style=\"max-width: 500px;  margin: 0px auto;\">\n<div class=\"youtube-player\" data-id=\"gmGTSJJrzp8\" style=\" position: relative;  padding-bottom: 56%;  height: 0px;\"><\/div>\n<\/div>\n<p style=\"text-align: center;\"><span style=\"font-family: Helvetica,Arial,sans-serif;\">La licencia de este video es totalmente libre; puedes copiarlo, modificarlo y sobre todo distribuirlo.<\/span><\/p>\n<p style=\"text-align: center;\"><span style=\"font-family: Helvetica,Arial,sans-serif;\"><a href=\"http:\/\/vimeo.com\/3742855\">MOLINA P\u00cdRATE! pasalo, pegalo en tu blog&#8230;es de todos<\/a> from <a href=\"http:\/\/vimeo.com\/user1451565\">MOLINA P\u00cdRATE!<\/a> on <a href=\"http:\/\/vimeo.com\">Vimeo<\/a>.<\/span><\/p>\n<p style=\"text-align: center;\"><span style=\"font-family: Helvetica,Arial,sans-serif;\"><a href=\"http:\/\/maquinadeturing.telenoika.net\/exgae\/molinapirate.ogg.tar.gz\" target=\"_blank\" rel=\"noopener noreferrer\">Descarga aqu\u00ed el video en formato .ogg<\/a><br \/>\nUn gran regalo para el d\u00eda del padre: un video viral inunda la red ofreciendo una gu\u00eda para darse de baja de las operadoras de ADSL que est\u00e1n dispuestas a vigilar a sus usuarios.<br \/>\nEs el resultado de un \u00abconcurso\u00bb en <a href=\"http:\/\/twitter.com\/molinapirate\" target=\"_blank\" rel=\"noopener noreferrer\">Twitter<\/a> lanzado hace 2 meses en el que los ciudadanos expresaban su repulsa hacia la pol\u00edtica del ministerio de cultura en materia de derecho de autor.<\/span><\/p>\n<p><span style=\"font-family: Helvetica,Arial,sans-serif;\">Desde el d\u00eda de su lanzamiento miles de personas se han suscrito tanto que es uno de los 10 Twitter con m\u00e1s followers de Espa\u00f1a.<\/span><\/p>\n<p><span style=\"font-family: Helvetica,Arial,sans-serif;\">Este v\u00eddeo es el resultado de esta colaboraci\u00f3n entre ciudadanos frente a la amenaza de un inminente acuerdo impulsado por el ministerio para que las empresas privadas proveedoras de Internet controlen el uso que realizan los ciudadanos de sus conexiones ADSL.<\/span><\/p>\n<p><span style=\"font-family: Helvetica,Arial,sans-serif;\">Con el v\u00eddeo viene <a href=\"\/herramientas\/baja-adsl-para-internautas\/\" target=\"_blank\" rel=\"noopener noreferrer\">una gu\u00eda<\/a>, elaborada por varias entidades por la defensas de los consumidores y de los derechos civiles. Es una gu\u00eda para darse de baja de las operadores de ADSL que est\u00e1n dispuestas a vigilar a sus usuarios. Y tambi\u00e9n una gu\u00eda para darse de alta en las que no.<\/span><\/p>\n<p><span style=\"font-family: Helvetica,Arial,sans-serif;\">La ciudadan\u00eda ha decidido organizarse, exasperada por una pol\u00edtica en materia de derecho de autor amiguista, obsoleta e incompetente, de espalda al progreso y al bien com\u00fan, absolutamente no consensuada con la sociedad civil sino volcada \u00fanicamente a favorecer intereses privados de los grandes lobbies de la industria cultural y del entretenimiento.<\/span><\/p>\n<p><span style=\"font-family: Helvetica,Arial,sans-serif;\">Desde comienzo de 2009 se suceden las protestas frente al inminente acuerdo entre proveedores de Internet y entidades de gesti\u00f3n forzado por el ministerio de cultura, unas medidas a imagen de las que tantos problemas en el parlamento est\u00e1n dando en este momento a Sarkozy en Francia: medidas caras, poco efectivas y sobretodo contrarias a las necesidades legitimas de progreso social por medio de las herramientas digitales exigidas por los ciudadanos (que, no olvidemos, ya est\u00e1 pagando el canon por el mismo \u00abconcepto\u00bb).<\/span><\/p>\n<p><span style=\"font-family: Helvetica,Arial,sans-serif;\">Los ciudadanos se organizan. Es s\u00f3lo el comienzo.<\/span><\/p>\n<p><span style=\"font-family: Helvetica,Arial,sans-serif;\">Desc\u00e1rgate<a href=\"http:\/\/conservas.tk\/archivos\/Carta_abierta_al_ministro_de_industria.pdf\" target=\"_blank\" rel=\"noopener noreferrer\"> aqu\u00ed<\/a> carta abierta al ministro de industria.<\/span><\/p>\n<p><span style=\"font-family: Helvetica,Arial,sans-serif;\">M\u00e1s informaciones en:<br \/>\n<a href=\"http:\/\/molinapirate.blogspot.com\/\" target=\"_blank\" rel=\"noopener noreferrer\">http:\/\/molinapirate.blogspot.com\/<\/a><\/span><br \/>\n<a id=\"molinapirate\">&nbsp;<\/a><br \/>\n&nbsp;<\/p>\n<h3><a href=\"#molinapirate\">#<\/a>&nbsp;MolinaPirate<\/h3>\n<p>&nbsp;<\/p>\n<div style=\"text-align:center\"><a href=\"https:\/\/xnet-x.net\/img\/molinapirate.png\"><img decoding=\"async\" src=\"https:\/\/xnet-x.net\/img\/molinapirate.png\" alt=\"molinapirate\" style=\"width:94%;\"><\/a><\/p>\n<div style=\"text-align:right; font-style:italic\">Principales nodos e interacciones en la campa\u00f1a \u00ab<strong>@MolinaPirate<\/strong>\u00bb en 2009 y 2010<\/div>\n<\/div>\n<p>&nbsp;<\/p>\n<div style=\"background:#d5045c;font-weight:bold;padding:10px 15px; text-align:center; text-indent:0 !important;margin-top:15px;color:white;margin-bottom:10px;font-size:130%\">Presencia e influencia en las redes durante la campa\u00f1a \u00ab@MolinaPirate\u00bb en 2009 y 2010<\/div>\n<table class=\"default-lines press-table\" style=\"float:left; width:40%; margin:0 5%;min-width:200px;\">\n<thead>\n<tr style=\"background:#d5045c\">\n<th><\/th>\n<th style=\"color:white\">Impulsores<\/th>\n<th><\/th>\n<\/tr>\n<\/thead>\n<tbody>\n<tr>\n<td>1<\/td>\n<td>@x_net_<\/td>\n<td>8<\/td>\n<\/tr>\n<tr>\n<td>2<\/td>\n<td>@molinapirate<\/td>\n<td>4<\/td>\n<\/tr>\n<tr>\n<td>3<\/td>\n<td>@txipi<\/td>\n<td>1<\/td>\n<\/tr>\n<tr>\n<td>4<\/td>\n<td>@adelgado<\/td>\n<td>0<\/td>\n<\/tr>\n<tr>\n<td>5<\/td>\n<td>@cesar_a_molina<\/td>\n<td>0<\/td>\n<\/tr>\n<tr>\n<td>6<\/td>\n<td>@xanninguen<\/td>\n<td>0<\/td>\n<\/tr>\n<tr>\n<td>7<\/td>\n<td>@rebelion001<\/td>\n<td>0<\/td>\n<\/tr>\n<tr>\n<td>8<\/td>\n<td>@torresburriel<\/td>\n<td>0<\/td>\n<\/tr>\n<tr>\n<td>9<\/td>\n<td>@jaleon<\/td>\n<td>0<\/td>\n<\/tr>\n<tr>\n<td>10<\/td>\n<td>@dersony<\/td>\n<td>0<\/td>\n<\/tr>\n<tr>\n<td>11<\/td>\n<td>@philippecalvo<\/td>\n<td>0<\/td>\n<\/tr>\n<tr>\n<td>12<\/td>\n<td>@afontcu<\/td>\n<td>0<\/td>\n<\/tr>\n<tr>\n<td>13<\/td>\n<td>@mierdaconarroz<\/td>\n<td>0<\/td>\n<\/tr>\n<tr>\n<td>14<\/td>\n<td>@mathieudt<\/td>\n<td>0<\/td>\n<\/tr>\n<tr>\n<td>15<\/td>\n<td>@gigabiktor<\/td>\n<td>0<\/td>\n<\/tr>\n<tr>\n<td>16<\/td>\n<td>@gaeddal<\/td>\n<td>0<\/td>\n<\/tr>\n<tr>\n<td>17<\/td>\n<td>@spyder46<\/td>\n<td>0<\/td>\n<\/tr>\n<tr>\n<td>18<\/td>\n<td>@patxangas<\/td>\n<td>0<\/td>\n<\/tr>\n<tr>\n<td>19<\/td>\n<td>@pedrojimenez<\/td>\n<td>0<\/td>\n<\/tr>\n<tr>\n<td>20<\/td>\n<td>@dmbatanero<\/td>\n<td>0<\/td>\n<\/tr>\n<\/tbody>\n<\/table>\n<table class=\"default-lines press-table\" style=\"float:left; width:40%; margin:0 5%;min-width:200px;\">\n<thead>\n<tr style=\"background:#d5045c\">\n<th><\/th>\n<th style=\"color:white\">Referentes<\/th>\n<th><\/th>\n<\/tr>\n<\/thead>\n<tbody>\n<tr>\n<td>1<\/td>\n<td>@molinapirate<\/td>\n<td>0,6332<\/td>\n<\/tr>\n<tr>\n<td>2<\/td>\n<td>@txipi<\/td>\n<td>0,0069<\/td>\n<\/tr>\n<tr>\n<td>3<\/td>\n<td>@adelgado<\/td>\n<td>0,0069<\/td>\n<\/tr>\n<tr>\n<td>4<\/td>\n<td>@x_net_<\/td>\n<td>0,0000<\/td>\n<\/tr>\n<tr>\n<td>5<\/td>\n<td>@cesar_a_molina<\/td>\n<td>0,0000<\/td>\n<\/tr>\n<tr>\n<td>6<\/td>\n<td>@xanninguen<\/td>\n<td>0,0000<\/td>\n<\/tr>\n<tr>\n<td>7<\/td>\n<td>@rebelion001<\/td>\n<td>0,0000<\/td>\n<\/tr>\n<tr>\n<td>8<\/td>\n<td>@torresburriel<\/td>\n<td>0,0000<\/td>\n<\/tr>\n<tr>\n<td>9<\/td>\n<td>@jaleon<\/td>\n<td>0,0000<\/td>\n<\/tr>\n<tr>\n<td>10<\/td>\n<td>@dersony<\/td>\n<td>0,0000<\/td>\n<\/tr>\n<tr>\n<td>11<\/td>\n<td>@philippecalvo<\/td>\n<td>0,0000<\/td>\n<\/tr>\n<tr>\n<td>12<\/td>\n<td>@afontcu<\/td>\n<td>0,0000<\/td>\n<\/tr>\n<tr>\n<td>13<\/td>\n<td>@mierdaconarroz<\/td>\n<td>0,0000<\/td>\n<\/tr>\n<tr>\n<td>14<\/td>\n<td>@mathieudt<\/td>\n<td>0,0000<\/td>\n<\/tr>\n<tr>\n<td>15<\/td>\n<td>@gigabiktor<\/td>\n<td>0,0000<\/td>\n<\/tr>\n<tr>\n<td>16<\/td>\n<td>@gaeddal<\/td>\n<td>0,0000<\/td>\n<\/tr>\n<tr>\n<td>17<\/td>\n<td>@spyder46<\/td>\n<td>0,0000<\/td>\n<\/tr>\n<tr>\n<td>18<\/td>\n<td>@patxangas<\/td>\n<td>0,0000<\/td>\n<\/tr>\n<tr>\n<td>19<\/td>\n<td>@pedrojimenez<\/td>\n<td>0,0000<\/td>\n<\/tr>\n<tr>\n<td>20<\/td>\n<td>@dmbatanero<\/td>\n<td>0,0000<\/td>\n<\/tr>\n<\/tbody>\n<\/table>\n<p>&nbsp;<\/p>","protected":false},"excerpt":{"rendered":"<p>Violaci\u00f3n de derechos fundamentales en Internet por parte del ministerio de Cultura: El Ministerio de cultura hace o\u00eddo sordo antes las protestas; los ciudadanos se organizan. La licencia de este video es totalmente libre; puedes copiarlo, modificarlo y sobre todo distribuirlo. MOLINA P\u00cdRATE! pasalo, pegalo en tu blog&#8230;es de todos from MOLINA P\u00cdRATE! on Vimeo. [&hellip;]<\/p>\n","protected":false},"author":5,"featured_media":5486,"comment_status":"closed","ping_status":"closed","sticky":false,"template":"","format":"standard","meta":{"footnotes":""},"categories":[52],"tags":[],"class_list":["post-272","post","type-post","status-publish","format-standard","has-post-thumbnail","hentry","category-blog","ejes-cultura-libre","ejes-luchas-por-las-libertades-civiles","ejes-tecnopolitica-hacktivismo-artivismo"],"yoast_head":"<!-- This site is optimized with the Yoast SEO plugin v26.7 - https:\/\/yoast.com\/wordpress\/plugins\/seo\/ -->\n<title>Molina p\u00edrate<\/title>\n<meta name=\"robots\" content=\"index, follow, max-snippet:-1, max-image-preview:large, max-video-preview:-1\" \/>\n<link rel=\"canonical\" href=\"https:\/\/dev.xnet-x.net\/es\/molina-pirate\/\" \/>\n<meta name=\"twitter:label1\" content=\"Escrito por\" \/>\n\t<meta name=\"twitter:data1\" content=\"Xnet\" \/>\n\t<meta name=\"twitter:label2\" content=\"Tiempo de lectura\" \/>\n\t<meta name=\"twitter:data2\" content=\"3 minutos\" \/>\n<script type=\"application\/ld+json\" class=\"yoast-schema-graph\">{\"@context\":\"https:\/\/schema.org\",\"@graph\":[{\"@type\":\"Article\",\"@id\":\"https:\/\/dev.xnet-x.net\/es\/molina-pirate\/#article\",\"isPartOf\":{\"@id\":\"https:\/\/dev.xnet-x.net\/es\/molina-pirate\/\"},\"author\":{\"name\":\"Xnet\",\"@id\":\"https:\/\/dev.xnet-x.net\/es\/#\/schema\/person\/919c7ab500254f012b3e8975a5cf2bc3\"},\"headline\":\"Molina p\u00edrate\",\"datePublished\":\"2010-03-30T19:20:13+00:00\",\"dateModified\":\"2021-09-08T10:41:23+00:00\",\"mainEntityOfPage\":{\"@id\":\"https:\/\/dev.xnet-x.net\/es\/molina-pirate\/\"},\"wordCount\":515,\"publisher\":{\"@id\":\"https:\/\/dev.xnet-x.net\/es\/#organization\"},\"image\":{\"@id\":\"https:\/\/dev.xnet-x.net\/es\/molina-pirate\/#primaryimage\"},\"thumbnailUrl\":\"https:\/\/dev.xnet-x.net\/img\/molinatop.png\",\"articleSection\":[\"Blog - Nuestras acciones\"],\"inLanguage\":\"es\"},{\"@type\":\"WebPage\",\"@id\":\"https:\/\/dev.xnet-x.net\/es\/molina-pirate\/\",\"url\":\"https:\/\/dev.xnet-x.net\/es\/molina-pirate\/\",\"name\":\"Molina p\u00edrate\",\"isPartOf\":{\"@id\":\"https:\/\/dev.xnet-x.net\/es\/#website\"},\"primaryImageOfPage\":{\"@id\":\"https:\/\/dev.xnet-x.net\/es\/molina-pirate\/#primaryimage\"},\"image\":{\"@id\":\"https:\/\/dev.xnet-x.net\/es\/molina-pirate\/#primaryimage\"},\"thumbnailUrl\":\"https:\/\/dev.xnet-x.net\/img\/molinatop.png\",\"datePublished\":\"2010-03-30T19:20:13+00:00\",\"dateModified\":\"2021-09-08T10:41:23+00:00\",\"breadcrumb\":{\"@id\":\"https:\/\/dev.xnet-x.net\/es\/molina-pirate\/#breadcrumb\"},\"inLanguage\":\"es\",\"potentialAction\":[{\"@type\":\"ReadAction\",\"target\":[[\"https:\/\/dev.xnet-x.net\/es\/molina-pirate\/\"]]}]},{\"@type\":\"ImageObject\",\"inLanguage\":\"es\",\"@id\":\"https:\/\/dev.xnet-x.net\/es\/molina-pirate\/#primaryimage\",\"url\":\"https:\/\/dev.xnet-x.net\/img\/molinatop.png\",\"contentUrl\":\"https:\/\/dev.xnet-x.net\/img\/molinatop.png\",\"width\":655,\"height\":250,\"caption\":\"molina pirate\"},{\"@type\":\"BreadcrumbList\",\"@id\":\"https:\/\/dev.xnet-x.net\/es\/molina-pirate\/#breadcrumb\",\"itemListElement\":[{\"@type\":\"ListItem\",\"position\":1,\"name\":\"Portada\",\"item\":\"https:\/\/dev.xnet-x.net\/es\/\"},{\"@type\":\"ListItem\",\"position\":2,\"name\":\"Molina p\u00edrate\"}]},{\"@type\":\"WebSite\",\"@id\":\"https:\/\/dev.xnet-x.net\/es\/#website\",\"url\":\"https:\/\/dev.xnet-x.net\/es\/\",\"name\":\"[:es]Xnet - Internet, derechos y democracia en la era digital[:ca]Xnet - Internet, drets i democr\u00e0cia en l'era digital[:en]Xnet - Internet freedoms & digital rights[:]\",\"description\":\"Xnet: Internet, informaci\u00f3n y cultura libres. Tecnopol\u00edtica. Datos, algoritmos y derechos digitales. Libertad de expresi\u00f3n. Democracia y anticorrupci\u00f3n\",\"publisher\":{\"@id\":\"https:\/\/dev.xnet-x.net\/es\/#organization\"},\"potentialAction\":[{\"@type\":\"SearchAction\",\"target\":{\"@type\":\"EntryPoint\",\"urlTemplate\":\"https:\/\/dev.xnet-x.net\/es\/?s={search_term_string}\"},\"query-input\":{\"@type\":\"PropertyValueSpecification\",\"valueRequired\":true,\"valueName\":\"search_term_string\"}}],\"inLanguage\":\"es\"},{\"@type\":\"Organization\",\"@id\":\"https:\/\/dev.xnet-x.net\/es\/#organization\",\"name\":\"Xnet - Internet, derechos y democracia en la era digital\",\"url\":\"https:\/\/dev.xnet-x.net\/es\/\",\"logo\":{\"@type\":\"ImageObject\",\"inLanguage\":\"es\",\"@id\":\"https:\/\/dev.xnet-x.net\/es\/#\/schema\/logo\/image\/\",\"url\":\"https:\/\/xnet-x.net\/img\/xnet-logo.png\",\"contentUrl\":\"https:\/\/xnet-x.net\/img\/xnet-logo.png\",\"width\":512,\"height\":512,\"caption\":\"Xnet - Internet, derechos y democracia en la era digital\"},\"image\":{\"@id\":\"https:\/\/dev.xnet-x.net\/es\/#\/schema\/logo\/image\/\"},\"sameAs\":[\"http:\/\/facebook.com\/RedX.Net\/\",\"https:\/\/x.com\/x_net_\",\"https:\/\/es.wikipedia.org\/wiki\/Xnet\"]},{\"@type\":\"Person\",\"@id\":\"https:\/\/dev.xnet-x.net\/es\/#\/schema\/person\/919c7ab500254f012b3e8975a5cf2bc3\",\"name\":\"Xnet\",\"image\":{\"@type\":\"ImageObject\",\"inLanguage\":\"es\",\"@id\":\"https:\/\/dev.xnet-x.net\/es\/#\/schema\/person\/image\/\",\"url\":\"https:\/\/secure.gravatar.com\/avatar\/8b8563db88d55a25627c485761032c68d19ec6fbca59b20305af9bd0e10cb624?s=96&d=mm&r=g\",\"contentUrl\":\"https:\/\/secure.gravatar.com\/avatar\/8b8563db88d55a25627c485761032c68d19ec6fbca59b20305af9bd0e10cb624?s=96&d=mm&r=g\",\"caption\":\"Xnet\"}}]}<\/script>\n<!-- \/ Yoast SEO plugin. -->","yoast_head_json":{"title":"Molina p\u00edrate","robots":{"index":"index","follow":"follow","max-snippet":"max-snippet:-1","max-image-preview":"max-image-preview:large","max-video-preview":"max-video-preview:-1"},"canonical":"https:\/\/dev.xnet-x.net\/es\/molina-pirate\/","twitter_misc":{"Escrito por":"Xnet","Tiempo de lectura":"3 minutos"},"schema":{"@context":"https:\/\/schema.org","@graph":[{"@type":"Article","@id":"https:\/\/dev.xnet-x.net\/es\/molina-pirate\/#article","isPartOf":{"@id":"https:\/\/dev.xnet-x.net\/es\/molina-pirate\/"},"author":{"name":"Xnet","@id":"https:\/\/dev.xnet-x.net\/es\/#\/schema\/person\/919c7ab500254f012b3e8975a5cf2bc3"},"headline":"Molina p\u00edrate","datePublished":"2010-03-30T19:20:13+00:00","dateModified":"2021-09-08T10:41:23+00:00","mainEntityOfPage":{"@id":"https:\/\/dev.xnet-x.net\/es\/molina-pirate\/"},"wordCount":515,"publisher":{"@id":"https:\/\/dev.xnet-x.net\/es\/#organization"},"image":{"@id":"https:\/\/dev.xnet-x.net\/es\/molina-pirate\/#primaryimage"},"thumbnailUrl":"https:\/\/dev.xnet-x.net\/img\/molinatop.png","articleSection":["Blog - Nuestras acciones"],"inLanguage":"es"},{"@type":"WebPage","@id":"https:\/\/dev.xnet-x.net\/es\/molina-pirate\/","url":"https:\/\/dev.xnet-x.net\/es\/molina-pirate\/","name":"Molina p\u00edrate","isPartOf":{"@id":"https:\/\/dev.xnet-x.net\/es\/#website"},"primaryImageOfPage":{"@id":"https:\/\/dev.xnet-x.net\/es\/molina-pirate\/#primaryimage"},"image":{"@id":"https:\/\/dev.xnet-x.net\/es\/molina-pirate\/#primaryimage"},"thumbnailUrl":"https:\/\/dev.xnet-x.net\/img\/molinatop.png","datePublished":"2010-03-30T19:20:13+00:00","dateModified":"2021-09-08T10:41:23+00:00","breadcrumb":{"@id":"https:\/\/dev.xnet-x.net\/es\/molina-pirate\/#breadcrumb"},"inLanguage":"es","potentialAction":[{"@type":"ReadAction","target":[["https:\/\/dev.xnet-x.net\/es\/molina-pirate\/"]]}]},{"@type":"ImageObject","inLanguage":"es","@id":"https:\/\/dev.xnet-x.net\/es\/molina-pirate\/#primaryimage","url":"https:\/\/dev.xnet-x.net\/img\/molinatop.png","contentUrl":"https:\/\/dev.xnet-x.net\/img\/molinatop.png","width":655,"height":250,"caption":"molina pirate"},{"@type":"BreadcrumbList","@id":"https:\/\/dev.xnet-x.net\/es\/molina-pirate\/#breadcrumb","itemListElement":[{"@type":"ListItem","position":1,"name":"Portada","item":"https:\/\/dev.xnet-x.net\/es\/"},{"@type":"ListItem","position":2,"name":"Molina p\u00edrate"}]},{"@type":"WebSite","@id":"https:\/\/dev.xnet-x.net\/es\/#website","url":"https:\/\/dev.xnet-x.net\/es\/","name":"[:es]Xnet - Internet, derechos y democracia en la era digital[:ca]Xnet - Internet, drets i democr\u00e0cia en l'era digital[:en]Xnet - Internet freedoms & digital rights[:]","description":"Xnet: Internet, informaci\u00f3n y cultura libres. Tecnopol\u00edtica. Datos, algoritmos y derechos digitales. Libertad de expresi\u00f3n. Democracia y anticorrupci\u00f3n","publisher":{"@id":"https:\/\/dev.xnet-x.net\/es\/#organization"},"potentialAction":[{"@type":"SearchAction","target":{"@type":"EntryPoint","urlTemplate":"https:\/\/dev.xnet-x.net\/es\/?s={search_term_string}"},"query-input":{"@type":"PropertyValueSpecification","valueRequired":true,"valueName":"search_term_string"}}],"inLanguage":"es"},{"@type":"Organization","@id":"https:\/\/dev.xnet-x.net\/es\/#organization","name":"Xnet - Internet, derechos y democracia en la era digital","url":"https:\/\/dev.xnet-x.net\/es\/","logo":{"@type":"ImageObject","inLanguage":"es","@id":"https:\/\/dev.xnet-x.net\/es\/#\/schema\/logo\/image\/","url":"https:\/\/xnet-x.net\/img\/xnet-logo.png","contentUrl":"https:\/\/xnet-x.net\/img\/xnet-logo.png","width":512,"height":512,"caption":"Xnet - Internet, derechos y democracia en la era digital"},"image":{"@id":"https:\/\/dev.xnet-x.net\/es\/#\/schema\/logo\/image\/"},"sameAs":["http:\/\/facebook.com\/RedX.Net\/","https:\/\/x.com\/x_net_","https:\/\/es.wikipedia.org\/wiki\/Xnet"]},{"@type":"Person","@id":"https:\/\/dev.xnet-x.net\/es\/#\/schema\/person\/919c7ab500254f012b3e8975a5cf2bc3","name":"Xnet","image":{"@type":"ImageObject","inLanguage":"es","@id":"https:\/\/dev.xnet-x.net\/es\/#\/schema\/person\/image\/","url":"https:\/\/secure.gravatar.com\/avatar\/8b8563db88d55a25627c485761032c68d19ec6fbca59b20305af9bd0e10cb624?s=96&d=mm&r=g","contentUrl":"https:\/\/secure.gravatar.com\/avatar\/8b8563db88d55a25627c485761032c68d19ec6fbca59b20305af9bd0e10cb624?s=96&d=mm&r=g","caption":"Xnet"}}]}},"_links":{"self":[{"href":"https:\/\/dev.xnet-x.net\/es\/wp-json\/wp\/v2\/posts\/272","targetHints":{"allow":["GET"]}}],"collection":[{"href":"https:\/\/dev.xnet-x.net\/es\/wp-json\/wp\/v2\/posts"}],"about":[{"href":"https:\/\/dev.xnet-x.net\/es\/wp-json\/wp\/v2\/types\/post"}],"author":[{"embeddable":true,"href":"https:\/\/dev.xnet-x.net\/es\/wp-json\/wp\/v2\/users\/5"}],"replies":[{"embeddable":true,"href":"https:\/\/dev.xnet-x.net\/es\/wp-json\/wp\/v2\/comments?post=272"}],"version-history":[{"count":14,"href":"https:\/\/dev.xnet-x.net\/es\/wp-json\/wp\/v2\/posts\/272\/revisions"}],"predecessor-version":[{"id":22941,"href":"https:\/\/dev.xnet-x.net\/es\/wp-json\/wp\/v2\/posts\/272\/revisions\/22941"}],"wp:featuredmedia":[{"embeddable":true,"href":"https:\/\/dev.xnet-x.net\/es\/wp-json\/wp\/v2\/media\/5486"}],"wp:attachment":[{"href":"https:\/\/dev.xnet-x.net\/es\/wp-json\/wp\/v2\/media?parent=272"}],"wp:term":[{"taxonomy":"category","embeddable":true,"href":"https:\/\/dev.xnet-x.net\/es\/wp-json\/wp\/v2\/categories?post=272"},{"taxonomy":"post_tag","embeddable":true,"href":"https:\/\/dev.xnet-x.net\/es\/wp-json\/wp\/v2\/tags?post=272"}],"curies":[{"name":"wp","href":"https:\/\/api.w.org\/{rel}","templated":true}]}}