{"id":26072,"date":"2024-05-07T13:53:15","date_gmt":"2024-05-07T11:53:15","guid":{"rendered":"https:\/\/xnet-x.net\/es\/?p=26072"},"modified":"2025-08-27T09:36:36","modified_gmt":"2025-08-27T07:36:36","slug":"regulacion-ue-libertad-medios-anuncios-politicos","status":"publish","type":"post","link":"https:\/\/dev.xnet-x.net\/es\/emfa-libertad-medios-anuncios-politicos-political-ads\/","title":{"rendered":"Demasiada tibieza con la regulaci\u00f3n UE sobre Libertad de los Medios (EMFA) y en la de Anuncios Pol\u00edticos (PoliticalAds)"},"content":{"rendered":"<p>Entrada en vigor de EMFA: 8 agosto de 2025<\/p>\n<p><a href=\"https:\/\/eur-lex.europa.eu\/legal-content\/ES\/TXT\/HTML\/?uri=OJ:L_202401083&#038;utm_source=Lista+General+de+Civio&#038;utm_campaign=b485969f04-Civio+en+bruto+22+Transparencia+medios&#038;utm_medium=email&#038;utm_term=0_-9654192bed-%5BLIST_EMAIL_ID%5D&#038;mc_cid=b485969f04#d1e1415-1-1\" rel=\"noopener\" target=\"_blank\">Texto definitivo de EMFA &#8211; Reglamento Europeo sobre la Libertad de los Medios de Comunicaci\u00f3n<\/a><\/p>\n<div style=\"margin: 20px auto; text-align:center\"><img decoding=\"async\" src=\"https:\/\/xnet-x.net\/img\/emfa-politicalads.jpg\" alt=\"\" width=\"100%\" height=\"\" class=\"aligncenter size-full wp-image-27404\" srcset=\"https:\/\/dev.xnet-x.net\/img\/emfa-politicalads.jpg 1280w, https:\/\/dev.xnet-x.net\/img\/emfa-politicalads-300x169.jpg 300w, https:\/\/dev.xnet-x.net\/img\/emfa-politicalads-1024x576.jpg 1024w, https:\/\/dev.xnet-x.net\/img\/emfa-politicalads-768x432.jpg 768w\" sizes=\"(max-width: 1280px) 100vw, 1280px\" \/><\/a><\/div>\n<p><a href=\"https:\/\/eur-lex.europa.eu\/legal-content\/ES\/TXT\/?uri=CELEX:32024R0900\" rel=\"noopener\" target=\"_blank\">Texto definitivo del TTPA &#8211; Reglamento sobre transparencia y segmentaci\u00f3n en la publicidad pol\u00edtica<\/a><\/p>\n<p><a href=\"https:\/\/xnet-x.net\/es\/nuestra-posicion-sobre-adtech\/\" rel=\"noopener\" target=\"_blank\">Sigue faltando lo que pedimos para la adtech en general<\/a> y <a href=\"https:\/\/xnet-x.net\/es\/proteccion-datos-censo-propaganda-electoral\/\" rel=\"noopener\" target=\"_blank\">sobre acceso al censo (o sea todos nuestros datos personales) por parte de los partidos pol\u00edticos<\/a><\/p>\n<p>V\u00e9ase #FakeYou nuestra gu\u00eda contra la desinformaci\u00f3n en libre descarga <a href=\"https:\/\/xnet-x.net\/es\/fakeyou-desinformacion-descarga\/\" rel=\"noopener\" target=\"_blank\">aqu\u00ed<\/a>.<\/p>\n<div style=\"font-size:100%;margin:6px 0;border: 1px solid #e00f2f;padding: 20px 5% 10px\">\n<strong>ACTUALIZACI\u00d3N DICIEMBRE 2023<\/strong><\/p>\n<p>Este art\u00edculo de EFF refleja nuestra postura sobre el acuerdo final de EMFA y la #MediaExemption<br \/>\nThe EU Media Freedom Act Is a Bad Deal for Users<br \/>\n<a href=\"https:\/\/www.eff.org\/es\/deeplinks\/2023\/12\/latest-eu-media-freedom-act-agreement-bad-deal-users\" rel=\"noopener\" target=\"_blank\">https:\/\/www.eff.org\/es\/deeplinks\/2023\/12\/latest-eu-media-freedom-act-agreement-bad-deal-users<\/a>\n<\/div>\n<p>&nbsp;<\/p>\n<p><a href=\"#1\"><span style=\"font-size:110%\">1 \u2013 European Media Freedom Act (EMFA)<\/a><\/span><br \/>\n<a href=\"#2\"><span style=\"font-size:110%\">2 \u2013 Reglamento de la Transparencia y Segmentaci\u00f3n en la Publicidad Pol\u00edtica<\/a><\/span><br \/>\n&nbsp;<\/p>\n<p>PRIMER POST &#8211; 5 SEPTIEMBRE 2023<\/p>\n<p>Este oto\u00f1o nos enfrentamos a otras dos legislaciones europeas en \u00e1mbito del derecho a la informaci\u00f3n que debemos enmendar para evitar normas liberticidas. Ambas caen bajo la presidencia espa\u00f1ola.<br \/>\nEn este \u00e1mbito debemos criticar incluso algunas organizaciones activistas como EDRi por ser demasiado laxas en las enmiendas que piden. Nos jugamos mucho.<br \/>\n<a id=\"1\"><\/a><br \/>\nNuestro trabajo general sobre luchas contra la desinformaci\u00f3n vs defensa de la libertad de expresi\u00f3n puedes encontrarlo en el libro <a href=\"https:\/\/xnet-x.net\/es\/ley-fakeyou\/\" target=\"_blank\" rel=\"noopener\">#FakeYou<\/a>.<br \/>\n&nbsp;<\/p>\n<p><strong>1 &#8211; <a href=\"https:\/\/eur-lex.europa.eu\/legal-content\/ES\/TXT\/PDF\/?uri=CELEX:52022PC0457\" target=\"_blank\" rel=\"noopener\">European Media Freedom Act (EMFA)<\/a> <\/strong><\/p>\n<p>El procedimiento est\u00e1 muy avanzado. La encargada de este documento es Diana Ribas del grupo de los verdes.<\/p>\n<p>Es un documento que aporta regulaciones de utilidad, pero hay algunos <em>bugs<\/em> importantes.<\/p>\n<p>Los art\u00edculos a los que hemos de prestar atenci\u00f3n son:<\/p>\n<p>&#x1f534; <span style=\"color: #ff0000;\">MAL<\/span> <strong>&#8211; Art.4: es el que permite espiar a periodistas, sus fuentes y sus familias en caso de \u201cseguridad nacional\u201d.<\/strong><br \/>\nHay pa\u00edses en el que el gremio lobista del copyright ha conseguido que se consideren sus intereses \u201cseguridad nacional\u201d. Otros en los que lo son las opciones pol\u00edticas. El Consejo de Europa ya ha indicado profusamente que no se puede consentir una definici\u00f3n abierta sobre la legalidad y proporcionalidad de \u201cseguridad nacional\u201d y menos en la era Pegasus. V\u00e9ase: Convenci\u00f3n Europea de Derechos Humanos (CEDH); Directrices del Comit\u00e9 de Ministros del Consejo de Europa sobre derechos humanos y la lucha contra el terrorismo (2002); ; National security and European case-law (2013); Directrices del Comit\u00e9 de Ministros del Consejo de Europa sobre la protecci\u00f3n de los derechos humanos en el contexto de las actividades de inteligencia (2014); Informe del Comisario de Derechos Humanos del Consejo de Europa sobre vigilancia masiva (2015).<\/p>\n<p>&#x1f534; <span style=\"color: #ff0000;\">MAL<\/span> <strong>&#8211; Art.17: la famosa \u201cexenci\u00f3n de los media\u201d (#MediaExemption).<\/strong><br \/>\nLas mismas organizaciones que est\u00e1n luchando para eliminar el anterior art\u00edculo 4, no se ponen de acuerdo en eliminar esta exenci\u00f3n, extremadamente da\u00f1ina para la libertad de expresi\u00f3n en la era de las plataformas. Incluso, algunas organizaciones la promueven, junto con los grandes monopolios medi\u00e1ticos.<br \/>\nEsta exenci\u00f3n es un privilegio para quien se autoproclame medio de comunicaci\u00f3n para no estar sometidos a numerosas salvedades para evitar la desinformaci\u00f3n.<br \/>\nLa enmienda que pide su eliminaci\u00f3n es la <strong>967<\/strong>.<\/p>\n<p>Aqu\u00ed lo que hemos estado diciendo al respecto:<\/p>\n<blockquote class=\"twitter-tweet\" data-width=\"500\" data-dnt=\"true\">\n<p lang=\"es\" dir=\"ltr\">\u26a0\ufe0fTenemos que vigilar con mucha atenci\u00f3n el <a href=\"https:\/\/twitter.com\/hashtag\/EMFA?src=hash&amp;ref_src=twsrc%5Etfw\">#EMFA<\/a> (European Media Freedom Act).      <br \/>Es posible que esto de espiar periodistas sea un globo sonda para colar la <a href=\"https:\/\/twitter.com\/hashtag\/MediaExemption?src=hash&amp;ref_src=twsrc%5Etfw\">#MediaExemption<\/a> que subordina la liberta de expresi\u00f3n d quienes no seamos periodistas o sean periodistas independientes <a href=\"https:\/\/t.co\/vj8oVURa9y\">https:\/\/t.co\/vj8oVURa9y<\/a><\/p>\n<p>&mdash; Xnet &#8211; Instituto para Digitalizaci\u00f3n Democr\u00e1tica (@X_net_) <a href=\"https:\/\/twitter.com\/X_net_\/status\/1672191079674789893?ref_src=twsrc%5Etfw\">June 23, 2023<\/a><\/p><\/blockquote>\n<p><script async src=\"https:\/\/platform.twitter.com\/widgets.js\" charset=\"utf-8\"><\/script><\/p>\n<blockquote class=\"twitter-tweet\">\n<p lang=\"es\" dir=\"ltr\">\u26a0\ufe0fDe vuelta la infame <a href=\"https:\/\/twitter.com\/hashtag\/MediaExemption?src=hash&amp;ref_src=twsrc%5Etfw\">#MediaExemption<\/a>.<br \/><a href=\"https:\/\/twitter.com\/hashtag\/EMFA?src=hash&amp;ref_src=twsrc%5Etfw\">#EMFA<\/a> otorgar\u00eda exenci\u00f3n d moderar contenido para quien se autodenominen &quot;medio&quot;. <\/p>\n<p>Ayudemos la Rapporteur <a href=\"https:\/\/twitter.com\/DianaRibaGiner?ref_src=twsrc%5Etfw\">@DianaRibaGiner<\/a> a q se eliminen los peligrosos privilegios d los monopolios d la (des)informaci\u00f3n<a href=\"https:\/\/twitter.com\/hashtag\/FakeYou?src=hash&amp;ref_src=twsrc%5Etfw\">#FakeYou<\/a> <a href=\"https:\/\/t.co\/MwX2pX0n7h\">https:\/\/t.co\/MwX2pX0n7h<\/a><\/p>\n<p>&mdash; Xnet &#8211; Instituto para Digitalizaci\u00f3n Democr\u00e1tica (@X_net_) <a href=\"https:\/\/twitter.com\/X_net_\/status\/1659094215895449606?ref_src=twsrc%5Etfw\">May 18, 2023<\/a><\/p><\/blockquote>\n<p> <script async src=\"https:\/\/platform.twitter.com\/widgets.js\" charset=\"utf-8\"><\/script> <\/p>\n<blockquote class=\"twitter-tweet\" data-width=\"500\" data-dnt=\"true\">\n<p lang=\"en\" dir=\"ltr\">.<a href=\"https:\/\/twitter.com\/X_net_?ref_src=twsrc%5Etfw\">@X_net_<\/a> strongly opposed <a href=\"https:\/\/twitter.com\/hashtag\/MediaExemption?src=hash&amp;ref_src=twsrc%5Etfw\">#MediaExemption<\/a> <a href=\"https:\/\/twitter.com\/hashtag\/FakeYou?src=hash&amp;ref_src=twsrc%5Etfw\">#FakeYou<\/a> -&gt; <a href=\"https:\/\/t.co\/aZ4NL9SWFr\">https:\/\/t.co\/aZ4NL9SWFr<\/a><br \/>We need <a href=\"https:\/\/twitter.com\/Europarl_EN?ref_src=twsrc%5Etfw\">@Europarl_EN<\/a> to fix it <a href=\"https:\/\/t.co\/msQ6D9gEJB\">https:\/\/t.co\/msQ6D9gEJB<\/a><\/p>\n<p>&mdash; Xnet &#8211; Instituto para Digitalizaci\u00f3n Democr\u00e1tica (@X_net_) <a href=\"https:\/\/twitter.com\/X_net_\/status\/1571040384113086464?ref_src=twsrc%5Etfw\">September 17, 2022<\/a><\/p><\/blockquote>\n<p><script async src=\"https:\/\/platform.twitter.com\/widgets.js\" charset=\"utf-8\"><\/script><\/p>\n<blockquote class=\"twitter-tweet\">\n<p lang=\"es\" dir=\"ltr\">4\/ Debemos seguir vigilantes para evitar elementos liberticidas como la exenci\u00f3n sobre los contenidos publicados por &quot;editores&quot; en relaci\u00f3n con la moderaci\u00f3n de contenidos (<a href=\"https:\/\/twitter.com\/hashtag\/mediaexemption?src=hash&amp;ref_src=twsrc%5Etfw\">#mediaexemption<\/a>) que producir\u00eda una protecci\u00f3n de la propaganda sist\u00e9mica sobre la libre informaci\u00f3n<\/p>\n<p>&mdash; Xnet &#8211; Instituto para Digitalizaci\u00f3n Democr\u00e1tica (@X_net_) <a href=\"https:\/\/twitter.com\/X_net_\/status\/1483355414947315712?ref_src=twsrc%5Etfw\">January 18, 2022<\/a><\/p><\/blockquote>\n<p> <script async src=\"https:\/\/platform.twitter.com\/widgets.js\" charset=\"utf-8\"><\/script> <\/p>\n<p>Incluso se preocupa el <a href=\"https:\/\/www.ft.com\/content\/a0881cac-7c69-44d4-b319-a2e10b79e7e1?accessToken=zwAF-7rYxONAkdOgiBysfGlE1NOzGaLhC3nn4Q.MEQCIHbRkHZD3Kge_yoozD_qZi-9XQPVScCyJfUqT6X4mnrkAiAGUdgNAOZa3XAMSUnw8-l8DzdSnLnwcFPpZjoRO8-QyQ&amp;sharetype=gift&amp;token=e11293a3-1fc9-401d-8a24-dadf709a5a52\" target=\"_blank\" rel=\"noopener\">Financial Times<\/a><\/p>\n<p><a href=\"https:\/\/xnet-x.net\/img\/punt-verd.png\"><img loading=\"lazy\" decoding=\"async\" src=\"https:\/\/xnet-x.net\/img\/punt-verd.png\" alt=\"\" width=\"20\" height=\"20\" class=\"alignleft size-full wp-image-26207\" \/><\/a><span style=\"color: #008f39;\">BIEN<\/span><strong> &#8211; Art. 6: transparencia de los medios e independencia de las y los periodistas frente a los medios que los contratan.<\/strong><br \/>\nAmbas son excelentes noticias. Algo que nos saca de las cuevas. L\u00e1stimas que las indicaciones sean muy vagas. Debemos trabajar para que sean m\u00e1s definidas y aparejadas con sanciones s\u00f3lidas.<br \/>\nM\u00e1s informaci\u00f3n en <a href=\"http:\/\/www.rayoverde.es\/catalogo\/fakeyou\/\" target=\"_blank\" rel=\"noopener\">#FakeYou<\/a>.<\/p>\n<p><a href=\"https:\/\/xnet-x.net\/img\/punt-verd.png\"><img loading=\"lazy\" decoding=\"async\" src=\"https:\/\/xnet-x.net\/img\/punt-verd.png\" alt=\"\" width=\"20\" height=\"20\" class=\"alignleft size-full wp-image-26207\" \/><\/a><span style=\"color: #008f39;\">BIEN<\/span> <strong>&#8211; Art. 22: contra la concentraci\u00f3n de los medias.<\/strong><br \/>\nComo arriba. Autoevaluativo y extremadamente flojo porque deja en manos de las instituciones que no se atreven a criticar a los conglomerados medi\u00e1ticos (o sea, todas) la responsabilidad de perjudicarlos.<a id=\"2\"><\/a><br \/>\nM\u00e1s informaci\u00f3n en <a href=\"http:\/\/www.rayoverde.es\/catalogo\/fakeyou\/\" target=\"_blank\" rel=\"noopener\">#FakeYou<\/a>.<\/p>\n<p>&nbsp;<\/p>\n<p><strong>2 &#8211; <a href=\"https:\/\/www.europarl.europa.eu\/doceo\/document\/TA-9-2023-0027_EN.pdf\" target=\"_blank\" rel=\"noopener\">Reglamento de la Transparencia y Segmentaci\u00f3n en la Publicidad Pol\u00edtica.<\/a> (Regulation on the transparency and targeting of political advertising).<\/strong><\/p>\n<p>Ningunas de las posturas es acceptable.<\/p>\n<p>Las buenas noticias: Espa\u00f1a es uno de los pa\u00edses que firmaron una declaraci\u00f3n conjunta pidiendo la prohibici\u00f3n del uso de categor\u00edas especiales de datos personales en el contexto de la focalizaci\u00f3n y amplificaci\u00f3n de la publicidad pol\u00edtica.<\/p>\n<p>Pero esto es todo lo que piden algunas organizaciones como EDRi.<\/p>\n<p>En realidad la situaci\u00f3n es mucho m\u00e1s grave y si queremos realmente luchar contra la desinformaci\u00f3n, limitar el alcance de la propaganda pol\u00edtica e impedir la explotaci\u00f3n de los datos por parte de los partidos pol\u00edticos, es un m\u00ednimo no un m\u00e1ximo.<\/p>\n<p>&#8211; Llevamos a\u00f1os denunciando con informes pormenorizados que debemos erradicar la posibilidad de los partidos pol\u00edticos para acceder a la informaci\u00f3n privada (como el domicilio) de toda la poblaci\u00f3n:<\/p>\n<p>Apartado 4. de nuestro informe \u201c<a href=\"https:\/\/xnet-x.net\/es\/datos-por-liebre-xnet-abusos-reforma-ley-proteccion-datos\/\" target=\"_blank\" rel=\"noopener\">Propuestas Legislativas sobre Privacidad, Protecci\u00f3n de Datos vs Abusos Institucionalizados<\/a>\u201d: <a href=\"https:\/\/xnet-x.net\/es\/proteccion-datos-censo-propaganda-electoral\/\" target=\"_blank\" rel=\"noopener\">Abusos en el \u00e1mbito electoral: c\u00f3mo hemos llegado a que nos parezca normal que los datos del padr\u00f3n municipal acaben en manos de los partidos pol\u00edticos<\/a>.<\/p>\n<p>&nbsp;<\/p>\n<blockquote class=\"twitter-tweet\" data-width=\"500\" data-dnt=\"true\">\n<p lang=\"es\" dir=\"ltr\">Erradiquemos esta costumbre demencial<\/p>\n<p>La Ley Electoral permite ceder TODO el censo con datos del padr\u00f3n a partidos para env\u00edo de propaganda<\/p>\n<p>Se contempla derecho a oposici\u00f3n, pero a posteriori. Absurdo <a href=\"https:\/\/twitter.com\/hashtag\/DatosPorLiebre?src=hash&amp;ref_src=twsrc%5Etfw\">#DatosPorLiebre<\/a><\/p>\n<p>Lo explicamos en <a href=\"https:\/\/twitter.com\/publico_es?ref_src=twsrc%5Etfw\">@publico_es<\/a><a href=\"https:\/\/t.co\/eI4sNrE3qx\">https:\/\/t.co\/eI4sNrE3qx<\/a><br \/>(2\/4)<\/p>\n<p>&mdash; Xnet &#8211; Instituto para Digitalizaci\u00f3n Democr\u00e1tica (@X_net_) <a href=\"https:\/\/twitter.com\/X_net_\/status\/1277515437148946432?ref_src=twsrc%5Etfw\">June 29, 2020<\/a><\/p><\/blockquote>\n<p><script async src=\"https:\/\/platform.twitter.com\/widgets.js\" charset=\"utf-8\"><\/script><\/p>\n<blockquote class=\"twitter-tweet\" data-width=\"500\" data-dnt=\"true\">\n<p lang=\"es\" dir=\"ltr\">La Ley permite que se cedan nuestros <a href=\"https:\/\/twitter.com\/hashtag\/datos?src=hash&amp;ref_src=twsrc%5Etfw\">#datos<\/a> a los partidos pol\u00edticos para que nos manden su propaganda electoral -&gt; <\/p>\n<p>Una aberraci\u00f3n obsoleta que vulnera nuestra <a href=\"https:\/\/twitter.com\/hashtag\/privacidad?src=hash&amp;ref_src=twsrc%5Etfw\">#privacidad<\/a>. <\/p>\n<p>Proponemos acabar con este abuso<a href=\"https:\/\/twitter.com\/hashtag\/Datosporliebre?src=hash&amp;ref_src=twsrc%5Etfw\">#Datosporliebre<\/a><a href=\"https:\/\/twitter.com\/hashtag\/noalapropagandaelectoral?src=hash&amp;ref_src=twsrc%5Etfw\">#noalapropagandaelectoral<\/a><a href=\"https:\/\/t.co\/eI4sNrE3qx\">https:\/\/t.co\/eI4sNrE3qx<\/a><\/p>\n<p>&mdash; Xnet &#8211; Instituto para Digitalizaci\u00f3n Democr\u00e1tica (@X_net_) <a href=\"https:\/\/twitter.com\/X_net_\/status\/1277632923760500737?ref_src=twsrc%5Etfw\">June 29, 2020<\/a><\/p><\/blockquote>\n<p><script async src=\"https:\/\/platform.twitter.com\/widgets.js\" charset=\"utf-8\"><\/script><\/p>\n<p>&#8211; <a href=\"https:\/\/xnet-x.net\/es\/nuestra-posicion-sobre-adtech\/\" target=\"_blank\" rel=\"noopener\">Aqu\u00ed explicamos nuestra posici\u00f3n sobre tecnolog\u00eda publicitaria (#AdTech) <\/a>ya pormenorizada en el libro <a href=\"https:\/\/xnet-x.net\/es\/ley-fakeyou\/\" target=\"_blank\" rel=\"noopener\">#FakeYou<\/a>: la desinformaci\u00f3n solo se combate desmantelando la industria que patrocinan los partidos y otros actores. Aplicando un estricto #FollowTheMoney, transparencia comercial y protecci\u00f3n de la libertad de expresi\u00f3n en su reverso.<\/p>\n<blockquote class=\"twitter-tweet\">\n<p lang=\"es\" dir=\"ltr\">Explicamos nuestra posici\u00f3n sobre Tecnolog\u00eda publicitaria o <a href=\"https:\/\/twitter.com\/hashtag\/adtech?src=hash&amp;ref_src=twsrc%5Etfw\">#adtech<\/a> (Advertising Technology).<a href=\"https:\/\/t.co\/QLgNGb3tIt\">https:\/\/t.co\/QLgNGb3tIt<\/a><\/p>\n<p>Abrimos hilo:<\/p>\n<p>&mdash; Xnet &#8211; Instituto para Digitalizaci\u00f3n Democr\u00e1tica (@X_net_) <a href=\"https:\/\/twitter.com\/X_net_\/status\/1390249296029790214?ref_src=twsrc%5Etfw\">May 6, 2021<\/a><\/p><\/blockquote>\n<p> <script async src=\"https:\/\/platform.twitter.com\/widgets.js\" charset=\"utf-8\"><\/script> <\/p>\n<blockquote class=\"twitter-tweet\" data-width=\"500\" data-dnt=\"true\">\n<p lang=\"es\" dir=\"ltr\">4\/6 <\/p>\n<p>3.Transparencia e interoperabilidad y no priorizaci\u00f3n de productos<\/p>\n<p>Transparencia de los algoritmos de recomendaci\u00f3n y de priorizaci\u00f3n adem\u00e1s de transparencia en qui\u00e9n financia los anuncios.<\/p>\n<p>La posibilidad de cancelar y interoperabilidad debe ser la norma.<\/p>\n<p>&mdash; Xnet &#8211; Instituto para Digitalizaci\u00f3n Democr\u00e1tica (@X_net_) <a href=\"https:\/\/twitter.com\/X_net_\/status\/1447465784498921474?ref_src=twsrc%5Etfw\">October 11, 2021<\/a><\/p><\/blockquote>\n<p><script async src=\"https:\/\/platform.twitter.com\/widgets.js\" charset=\"utf-8\"><\/script><\/p>\n<blockquote class=\"twitter-tweet\" data-width=\"500\" data-dnt=\"true\">\n<p lang=\"es\" dir=\"ltr\">Importante informe de <a href=\"https:\/\/twitter.com\/YouGov?ref_src=twsrc%5Etfw\">@YouGov<\/a> <a href=\"https:\/\/twitter.com\/Global_Witness?ref_src=twsrc%5Etfw\">@Global_Witness<\/a> v\u00eda @ilumium :<\/p>\n<p>En Francia y Alemania al menos, el 80% no quieren que sus datos se utilicen para orientarlos con anuncios pol\u00edticos y el 50%, ni comerciales ni pol\u00edticos. <a href=\"https:\/\/t.co\/x0AMGpRaQm\">https:\/\/t.co\/x0AMGpRaQm<\/a><\/p>\n<p>&mdash; Xnet &#8211; Instituto para Digitalizaci\u00f3n Democr\u00e1tica (@X_net_) <a href=\"https:\/\/twitter.com\/X_net_\/status\/1382970303555452928?ref_src=twsrc%5Etfw\">April 16, 2021<\/a><\/p><\/blockquote>\n<p><script async src=\"https:\/\/platform.twitter.com\/widgets.js\" charset=\"utf-8\"><\/script><\/p>\n<blockquote class=\"twitter-tweet\">\n<p lang=\"es\" dir=\"ltr\">\u26a0\ufe0fSTOP publicidad de vigilancia <a href=\"https:\/\/twitter.com\/hashtag\/BanSurveillanceAdvertising?src=hash&amp;ref_src=twsrc%5Etfw\">#BanSurveillanceAdvertising<\/a><\/p>\n<p>\u2709\ufe0f30 orgs. intertnacionales firmamos una carta en contra del rastreo y perfilado de personas y grupos, para luego microdirigirles informaci\u00f3n basada en su historial de comportamiento <a href=\"https:\/\/twitter.com\/hashtag\/FakeYou?src=hash&amp;ref_src=twsrc%5Etfw\">#FakeYou<\/a> <a href=\"https:\/\/t.co\/OeZAy6qdoS\">https:\/\/t.co\/OeZAy6qdoS<\/a><\/p>\n<p>&mdash; Xnet &#8211; Instituto para Digitalizaci\u00f3n Democr\u00e1tica (@X_net_) <a href=\"https:\/\/twitter.com\/X_net_\/status\/1374298054086561792?ref_src=twsrc%5Etfw\">March 23, 2021<\/a><\/p><\/blockquote>\n<p> <script async src=\"https:\/\/platform.twitter.com\/widgets.js\" charset=\"utf-8\"><\/script> <\/p>\n<p>Para ver el alcance de la segmentaci\u00f3n de datos de toda la poblaci\u00f3n que est\u00e1 circulando, puede ser de inter\u00e9s ojear este <a href=\"https:\/\/netzpolitik.org\/2023\/surveillance-advertising-in-europe-the-adtech-industry-tracks-most-of-what-you-do-on-the-internet-this-file-shows-just-how-much\/\" target=\"_blank\" rel=\"noopener\">documento filtrado por las compa\u00f1eras de Netzpolitik<\/a> donde hay m\u00e1s de 60 000 categor\u00edas de segmentaci\u00f3n para perfilarnos, desde los gustos sexuales a las compras.<\/p>\n<div style=\"margin: 20px auto; text-align: center;\"><a href=\"https:\/\/xnet-x.net\/img\/emfa-political-adsads.png\" target=\"_blank\" rel=\"noopener\"><img decoding=\"async\" class=\"aligncenter size-full wp-image-26092\" src=\"https:\/\/xnet-x.net\/img\/emfa-political-adsads.png\" alt=\"\" width=\"100%\" height=\"\" srcset=\"https:\/\/dev.xnet-x.net\/img\/emfa-political-adsads.png 630w, https:\/\/dev.xnet-x.net\/img\/emfa-political-adsads-300x245.png 300w\" sizes=\"(max-width: 630px) 100vw, 630px\" \/><\/a><\/div>\n<p>&nbsp;<\/p>","protected":false},"excerpt":{"rendered":"<p>Entrada en vigor de EMFA: 8 agosto de 2025 Texto definitivo de EMFA &#8211; Reglamento Europeo sobre la Libertad de los Medios de Comunicaci\u00f3n Texto definitivo del TTPA &#8211; Reglamento sobre transparencia y segmentaci\u00f3n en la publicidad pol\u00edtica Sigue faltando lo que pedimos para la adtech en general y sobre acceso al censo (o sea [&hellip;]<\/p>\n","protected":false},"author":15,"featured_media":26107,"comment_status":"closed","ping_status":"closed","sticky":false,"template":"","format":"standard","meta":{"footnotes":""},"categories":[52],"tags":[],"class_list":["post-26072","post","type-post","status-publish","format-standard","has-post-thumbnail","hentry","category-blog","ejes-neutralidad-de-la-red"],"yoast_head":"<!-- This site is optimized with the Yoast SEO plugin v26.7 - https:\/\/yoast.com\/wordpress\/plugins\/seo\/ -->\n<title>Criticamos las legislaciones de Libertad de los Medios y Anuncios Pol\u00edticos<\/title>\n<meta name=\"description\" content=\"Para evitar normas liberticidas, enmiendas demasiado laxas en las dos legislaciones europeas en \u00e1mbito de derecho a la informaci\u00f3n.\" \/>\n<meta name=\"robots\" content=\"index, follow, max-snippet:-1, max-image-preview:large, max-video-preview:-1\" \/>\n<link rel=\"canonical\" href=\"https:\/\/dev.xnet-x.net\/es\/emfa-libertad-medios-anuncios-politicos-political-ads\/\" \/>\n<meta name=\"twitter:label1\" content=\"Escrito por\" \/>\n\t<meta name=\"twitter:data1\" content=\"Xnet\" \/>\n\t<meta name=\"twitter:label2\" content=\"Tiempo de lectura\" \/>\n\t<meta name=\"twitter:data2\" content=\"6 minutos\" \/>\n<script type=\"application\/ld+json\" class=\"yoast-schema-graph\">{\"@context\":\"https:\/\/schema.org\",\"@graph\":[{\"@type\":\"Article\",\"@id\":\"https:\/\/dev.xnet-x.net\/es\/emfa-libertad-medios-anuncios-politicos-political-ads\/#article\",\"isPartOf\":{\"@id\":\"https:\/\/dev.xnet-x.net\/es\/emfa-libertad-medios-anuncios-politicos-political-ads\/\"},\"author\":{\"name\":\"Xnet\",\"@id\":\"https:\/\/dev.xnet-x.net\/es\/#\/schema\/person\/02880890b95968f2b3bd4cfd79843d49\"},\"headline\":\"Demasiada tibieza con la regulaci\u00f3n UE sobre Libertad de los Medios (EMFA) y en la de Anuncios Pol\u00edticos (PoliticalAds)\",\"datePublished\":\"2024-05-07T11:53:15+00:00\",\"dateModified\":\"2025-08-27T07:36:36+00:00\",\"mainEntityOfPage\":{\"@id\":\"https:\/\/dev.xnet-x.net\/es\/emfa-libertad-medios-anuncios-politicos-political-ads\/\"},\"wordCount\":1214,\"publisher\":{\"@id\":\"https:\/\/dev.xnet-x.net\/es\/#organization\"},\"image\":{\"@id\":\"https:\/\/dev.xnet-x.net\/es\/emfa-libertad-medios-anuncios-politicos-political-ads\/#primaryimage\"},\"thumbnailUrl\":\"https:\/\/dev.xnet-x.net\/img\/ue-emfa-political-ads.jpg\",\"articleSection\":[\"Blog - Nuestras acciones\"],\"inLanguage\":\"es\"},{\"@type\":\"WebPage\",\"@id\":\"https:\/\/dev.xnet-x.net\/es\/emfa-libertad-medios-anuncios-politicos-political-ads\/\",\"url\":\"https:\/\/dev.xnet-x.net\/es\/emfa-libertad-medios-anuncios-politicos-political-ads\/\",\"name\":\"Criticamos las legislaciones de Libertad de los Medios y Anuncios Pol\u00edticos\",\"isPartOf\":{\"@id\":\"https:\/\/dev.xnet-x.net\/es\/#website\"},\"primaryImageOfPage\":{\"@id\":\"https:\/\/dev.xnet-x.net\/es\/emfa-libertad-medios-anuncios-politicos-political-ads\/#primaryimage\"},\"image\":{\"@id\":\"https:\/\/dev.xnet-x.net\/es\/emfa-libertad-medios-anuncios-politicos-political-ads\/#primaryimage\"},\"thumbnailUrl\":\"https:\/\/dev.xnet-x.net\/img\/ue-emfa-political-ads.jpg\",\"datePublished\":\"2024-05-07T11:53:15+00:00\",\"dateModified\":\"2025-08-27T07:36:36+00:00\",\"description\":\"Para evitar normas liberticidas, enmiendas demasiado laxas en las dos legislaciones europeas en \u00e1mbito de derecho a la informaci\u00f3n.\",\"breadcrumb\":{\"@id\":\"https:\/\/dev.xnet-x.net\/es\/emfa-libertad-medios-anuncios-politicos-political-ads\/#breadcrumb\"},\"inLanguage\":\"es\",\"potentialAction\":[{\"@type\":\"ReadAction\",\"target\":[[\"https:\/\/dev.xnet-x.net\/es\/emfa-libertad-medios-anuncios-politicos-political-ads\/\"]]}]},{\"@type\":\"ImageObject\",\"inLanguage\":\"es\",\"@id\":\"https:\/\/dev.xnet-x.net\/es\/emfa-libertad-medios-anuncios-politicos-political-ads\/#primaryimage\",\"url\":\"https:\/\/dev.xnet-x.net\/img\/ue-emfa-political-ads.jpg\",\"contentUrl\":\"https:\/\/dev.xnet-x.net\/img\/ue-emfa-political-ads.jpg\",\"width\":838,\"height\":420},{\"@type\":\"BreadcrumbList\",\"@id\":\"https:\/\/dev.xnet-x.net\/es\/emfa-libertad-medios-anuncios-politicos-political-ads\/#breadcrumb\",\"itemListElement\":[{\"@type\":\"ListItem\",\"position\":1,\"name\":\"Portada\",\"item\":\"https:\/\/dev.xnet-x.net\/es\/\"},{\"@type\":\"ListItem\",\"position\":2,\"name\":\"Demasiada tibieza con la regulaci\u00f3n UE sobre Libertad de los Medios (EMFA) y en la de Anuncios Pol\u00edticos (PoliticalAds)\"}]},{\"@type\":\"WebSite\",\"@id\":\"https:\/\/dev.xnet-x.net\/es\/#website\",\"url\":\"https:\/\/dev.xnet-x.net\/es\/\",\"name\":\"[:es]Xnet - Internet, derechos y democracia en la era digital[:ca]Xnet - Internet, drets i democr\u00e0cia en l'era digital[:en]Xnet - Internet freedoms & digital rights[:]\",\"description\":\"Xnet: Internet, informaci\u00f3n y cultura libres. Tecnopol\u00edtica. Datos, algoritmos y derechos digitales. Libertad de expresi\u00f3n. Democracia y anticorrupci\u00f3n\",\"publisher\":{\"@id\":\"https:\/\/dev.xnet-x.net\/es\/#organization\"},\"potentialAction\":[{\"@type\":\"SearchAction\",\"target\":{\"@type\":\"EntryPoint\",\"urlTemplate\":\"https:\/\/dev.xnet-x.net\/es\/?s={search_term_string}\"},\"query-input\":{\"@type\":\"PropertyValueSpecification\",\"valueRequired\":true,\"valueName\":\"search_term_string\"}}],\"inLanguage\":\"es\"},{\"@type\":\"Organization\",\"@id\":\"https:\/\/dev.xnet-x.net\/es\/#organization\",\"name\":\"Xnet - Internet, derechos y democracia en la era digital\",\"url\":\"https:\/\/dev.xnet-x.net\/es\/\",\"logo\":{\"@type\":\"ImageObject\",\"inLanguage\":\"es\",\"@id\":\"https:\/\/dev.xnet-x.net\/es\/#\/schema\/logo\/image\/\",\"url\":\"https:\/\/xnet-x.net\/img\/xnet-logo.png\",\"contentUrl\":\"https:\/\/xnet-x.net\/img\/xnet-logo.png\",\"width\":512,\"height\":512,\"caption\":\"Xnet - Internet, derechos y democracia en la era digital\"},\"image\":{\"@id\":\"https:\/\/dev.xnet-x.net\/es\/#\/schema\/logo\/image\/\"},\"sameAs\":[\"http:\/\/facebook.com\/RedX.Net\/\",\"https:\/\/x.com\/x_net_\",\"https:\/\/es.wikipedia.org\/wiki\/Xnet\"]},{\"@type\":\"Person\",\"@id\":\"https:\/\/dev.xnet-x.net\/es\/#\/schema\/person\/02880890b95968f2b3bd4cfd79843d49\",\"name\":\"Xnet\",\"image\":{\"@type\":\"ImageObject\",\"inLanguage\":\"es\",\"@id\":\"https:\/\/dev.xnet-x.net\/es\/#\/schema\/person\/image\/\",\"url\":\"https:\/\/secure.gravatar.com\/avatar\/41a61c327d24125228571dadd14748b0afd881e633e6e61518dacc4fef53cc93?s=96&d=mm&r=g\",\"contentUrl\":\"https:\/\/secure.gravatar.com\/avatar\/41a61c327d24125228571dadd14748b0afd881e633e6e61518dacc4fef53cc93?s=96&d=mm&r=g\",\"caption\":\"Xnet\"}}]}<\/script>\n<!-- \/ Yoast SEO plugin. -->","yoast_head_json":{"title":"Criticamos las legislaciones de Libertad de los Medios y Anuncios Pol\u00edticos","description":"Para evitar normas liberticidas, enmiendas demasiado laxas en las dos legislaciones europeas en \u00e1mbito de derecho a la informaci\u00f3n.","robots":{"index":"index","follow":"follow","max-snippet":"max-snippet:-1","max-image-preview":"max-image-preview:large","max-video-preview":"max-video-preview:-1"},"canonical":"https:\/\/dev.xnet-x.net\/es\/emfa-libertad-medios-anuncios-politicos-political-ads\/","twitter_misc":{"Escrito por":"Xnet","Tiempo de lectura":"6 minutos"},"schema":{"@context":"https:\/\/schema.org","@graph":[{"@type":"Article","@id":"https:\/\/dev.xnet-x.net\/es\/emfa-libertad-medios-anuncios-politicos-political-ads\/#article","isPartOf":{"@id":"https:\/\/dev.xnet-x.net\/es\/emfa-libertad-medios-anuncios-politicos-political-ads\/"},"author":{"name":"Xnet","@id":"https:\/\/dev.xnet-x.net\/es\/#\/schema\/person\/02880890b95968f2b3bd4cfd79843d49"},"headline":"Demasiada tibieza con la regulaci\u00f3n UE sobre Libertad de los Medios (EMFA) y en la de Anuncios Pol\u00edticos (PoliticalAds)","datePublished":"2024-05-07T11:53:15+00:00","dateModified":"2025-08-27T07:36:36+00:00","mainEntityOfPage":{"@id":"https:\/\/dev.xnet-x.net\/es\/emfa-libertad-medios-anuncios-politicos-political-ads\/"},"wordCount":1214,"publisher":{"@id":"https:\/\/dev.xnet-x.net\/es\/#organization"},"image":{"@id":"https:\/\/dev.xnet-x.net\/es\/emfa-libertad-medios-anuncios-politicos-political-ads\/#primaryimage"},"thumbnailUrl":"https:\/\/dev.xnet-x.net\/img\/ue-emfa-political-ads.jpg","articleSection":["Blog - Nuestras acciones"],"inLanguage":"es"},{"@type":"WebPage","@id":"https:\/\/dev.xnet-x.net\/es\/emfa-libertad-medios-anuncios-politicos-political-ads\/","url":"https:\/\/dev.xnet-x.net\/es\/emfa-libertad-medios-anuncios-politicos-political-ads\/","name":"Criticamos las legislaciones de Libertad de los Medios y Anuncios Pol\u00edticos","isPartOf":{"@id":"https:\/\/dev.xnet-x.net\/es\/#website"},"primaryImageOfPage":{"@id":"https:\/\/dev.xnet-x.net\/es\/emfa-libertad-medios-anuncios-politicos-political-ads\/#primaryimage"},"image":{"@id":"https:\/\/dev.xnet-x.net\/es\/emfa-libertad-medios-anuncios-politicos-political-ads\/#primaryimage"},"thumbnailUrl":"https:\/\/dev.xnet-x.net\/img\/ue-emfa-political-ads.jpg","datePublished":"2024-05-07T11:53:15+00:00","dateModified":"2025-08-27T07:36:36+00:00","description":"Para evitar normas liberticidas, enmiendas demasiado laxas en las dos legislaciones europeas en \u00e1mbito de derecho a la informaci\u00f3n.","breadcrumb":{"@id":"https:\/\/dev.xnet-x.net\/es\/emfa-libertad-medios-anuncios-politicos-political-ads\/#breadcrumb"},"inLanguage":"es","potentialAction":[{"@type":"ReadAction","target":[["https:\/\/dev.xnet-x.net\/es\/emfa-libertad-medios-anuncios-politicos-political-ads\/"]]}]},{"@type":"ImageObject","inLanguage":"es","@id":"https:\/\/dev.xnet-x.net\/es\/emfa-libertad-medios-anuncios-politicos-political-ads\/#primaryimage","url":"https:\/\/dev.xnet-x.net\/img\/ue-emfa-political-ads.jpg","contentUrl":"https:\/\/dev.xnet-x.net\/img\/ue-emfa-political-ads.jpg","width":838,"height":420},{"@type":"BreadcrumbList","@id":"https:\/\/dev.xnet-x.net\/es\/emfa-libertad-medios-anuncios-politicos-political-ads\/#breadcrumb","itemListElement":[{"@type":"ListItem","position":1,"name":"Portada","item":"https:\/\/dev.xnet-x.net\/es\/"},{"@type":"ListItem","position":2,"name":"Demasiada tibieza con la regulaci\u00f3n UE sobre Libertad de los Medios (EMFA) y en la de Anuncios Pol\u00edticos (PoliticalAds)"}]},{"@type":"WebSite","@id":"https:\/\/dev.xnet-x.net\/es\/#website","url":"https:\/\/dev.xnet-x.net\/es\/","name":"[:es]Xnet - Internet, derechos y democracia en la era digital[:ca]Xnet - Internet, drets i democr\u00e0cia en l'era digital[:en]Xnet - Internet freedoms & digital rights[:]","description":"Xnet: Internet, informaci\u00f3n y cultura libres. Tecnopol\u00edtica. Datos, algoritmos y derechos digitales. Libertad de expresi\u00f3n. Democracia y anticorrupci\u00f3n","publisher":{"@id":"https:\/\/dev.xnet-x.net\/es\/#organization"},"potentialAction":[{"@type":"SearchAction","target":{"@type":"EntryPoint","urlTemplate":"https:\/\/dev.xnet-x.net\/es\/?s={search_term_string}"},"query-input":{"@type":"PropertyValueSpecification","valueRequired":true,"valueName":"search_term_string"}}],"inLanguage":"es"},{"@type":"Organization","@id":"https:\/\/dev.xnet-x.net\/es\/#organization","name":"Xnet - Internet, derechos y democracia en la era digital","url":"https:\/\/dev.xnet-x.net\/es\/","logo":{"@type":"ImageObject","inLanguage":"es","@id":"https:\/\/dev.xnet-x.net\/es\/#\/schema\/logo\/image\/","url":"https:\/\/xnet-x.net\/img\/xnet-logo.png","contentUrl":"https:\/\/xnet-x.net\/img\/xnet-logo.png","width":512,"height":512,"caption":"Xnet - Internet, derechos y democracia en la era digital"},"image":{"@id":"https:\/\/dev.xnet-x.net\/es\/#\/schema\/logo\/image\/"},"sameAs":["http:\/\/facebook.com\/RedX.Net\/","https:\/\/x.com\/x_net_","https:\/\/es.wikipedia.org\/wiki\/Xnet"]},{"@type":"Person","@id":"https:\/\/dev.xnet-x.net\/es\/#\/schema\/person\/02880890b95968f2b3bd4cfd79843d49","name":"Xnet","image":{"@type":"ImageObject","inLanguage":"es","@id":"https:\/\/dev.xnet-x.net\/es\/#\/schema\/person\/image\/","url":"https:\/\/secure.gravatar.com\/avatar\/41a61c327d24125228571dadd14748b0afd881e633e6e61518dacc4fef53cc93?s=96&d=mm&r=g","contentUrl":"https:\/\/secure.gravatar.com\/avatar\/41a61c327d24125228571dadd14748b0afd881e633e6e61518dacc4fef53cc93?s=96&d=mm&r=g","caption":"Xnet"}}]}},"_links":{"self":[{"href":"https:\/\/dev.xnet-x.net\/es\/wp-json\/wp\/v2\/posts\/26072","targetHints":{"allow":["GET"]}}],"collection":[{"href":"https:\/\/dev.xnet-x.net\/es\/wp-json\/wp\/v2\/posts"}],"about":[{"href":"https:\/\/dev.xnet-x.net\/es\/wp-json\/wp\/v2\/types\/post"}],"author":[{"embeddable":true,"href":"https:\/\/dev.xnet-x.net\/es\/wp-json\/wp\/v2\/users\/15"}],"replies":[{"embeddable":true,"href":"https:\/\/dev.xnet-x.net\/es\/wp-json\/wp\/v2\/comments?post=26072"}],"version-history":[{"count":20,"href":"https:\/\/dev.xnet-x.net\/es\/wp-json\/wp\/v2\/posts\/26072\/revisions"}],"predecessor-version":[{"id":28511,"href":"https:\/\/dev.xnet-x.net\/es\/wp-json\/wp\/v2\/posts\/26072\/revisions\/28511"}],"wp:featuredmedia":[{"embeddable":true,"href":"https:\/\/dev.xnet-x.net\/es\/wp-json\/wp\/v2\/media\/26107"}],"wp:attachment":[{"href":"https:\/\/dev.xnet-x.net\/es\/wp-json\/wp\/v2\/media?parent=26072"}],"wp:term":[{"taxonomy":"category","embeddable":true,"href":"https:\/\/dev.xnet-x.net\/es\/wp-json\/wp\/v2\/categories?post=26072"},{"taxonomy":"post_tag","embeddable":true,"href":"https:\/\/dev.xnet-x.net\/es\/wp-json\/wp\/v2\/tags?post=26072"}],"curies":[{"name":"wp","href":"https:\/\/api.w.org\/{rel}","templated":true}]}}