{"id":23861,"date":"2022-01-17T14:36:35","date_gmt":"2022-01-17T12:36:35","guid":{"rendered":"https:\/\/xnet-x.net\/es\/?p=23861"},"modified":"2024-10-15T16:17:22","modified_gmt":"2024-10-15T14:17:22","slug":"demostracion-de-la-nueva-herramienta-para-la-digitalizacion-democratica-de-la-educacion","status":"publish","type":"post","link":"https:\/\/dev.xnet-x.net\/es\/demostracion-herramienta-digitalizacion-democratica-educacion\/","title":{"rendered":"Demostraci\u00f3n de nuestra nueva herramienta para la digitalizaci\u00f3n democr\u00e1tica de la educaci\u00f3n"},"content":{"rendered":"<p><strong><em>Invitamos a la ciudadan\u00eda a participar en talleres de demostraci\u00f3n de la nueva herramienta para la digitalizaci\u00f3n democr\u00e1tica de la educaci\u00f3n.<\/em><\/strong><\/p>\n<h3>Nuestra nueva herramienta para la digitalizaci\u00f3n democr\u00e1tica de la educaci\u00f3n<\/h3>\n<p>Desde 2019 Xnet y un grupo de familias estamos trabajando con un Plan de Digitalizaci\u00f3n Democr\u00e1tica de la Educaci\u00f3n para hacer frente a la carencia de herramientas \u00e1giles y potentes que a la vez garanticen la soberan\u00eda de los datos de las personas usuarias, en este caso, alumnado, profesorado, familias y toda la comunidad educativa. Es decir, <strong>una alternativa de calidad a las herramientas de grandes corporaciones<\/strong>.<br \/>\nEn 2021 conseguimos el apoyo del Ayuntamiento de Barcelona para que licitara un piloto de este plan y de esta manera se cre\u00f3 una <em>suite<\/em> integral que ahora estamos desplegando y es utilizada por los tres centros que participan en el piloto. <a href=\"#bla\">[1]<\/a><\/p>\n<p>Este a\u00f1o el Ayuntamiento de Barcelona <strong>ampl\u00eda el apoyo a fin de que m\u00e1s centros puedan adoptar esta <em>suite<\/em> educativa<\/strong>. Por eso, en febrero se presentar\u00e1 la herramienta a trav\u00e9s de una serie de talleres para que todo el mundo pueda conocerla y experimentarla de modo que aquellos centros que lo deseen puedan <strong>empezar a adoptarla de inmediato o m\u00e1s adelante con un soporte continuado para la migraci\u00f3n y capacitaci\u00f3n<\/strong>.<\/p>\n<p>Los talleres est\u00e1n abiertos <strong>a todo el mundo<\/strong>, tambi\u00e9n a <strong>centros de fuera de Barcelona y de otros \u00e1mbitos<\/strong> diferentes al educativo aunque en estos casos no se puede contar con este apoyo de financiaci\u00f3n y debe organizarse c\u00f3mo encontrarlo en otras instituciones.<br \/>\n&nbsp;<\/p>\n<h4>EXPLICACI\u00d3N<\/h4>\n<p>Una vez arrancado el piloto con tres centros educativos de Barcelona, <strong>este febrero tendremos terminada y a disposici\u00f3n de m\u00e1s escuelas e institutos la <em>suite<\/em> educativa Digital Democr\u00e1tico<\/strong>, la infraestructura digital integral que tiene por objetivo garantizar la soberan\u00eda digital de los centros, y que ha sido desarrollada por Xnet, las familias promotoras y las empresas que licitaron (IsardVDI y 3iPunt) con el apoyo de la Direcci\u00f3 d\u2019Innovaci\u00f3 Democr\u00e0tica, la Direcci\u00f3 d\u2019Innovaci\u00f3 Digital, el Comissionat d\u2019Economia Social de l\u2019Ajuntament de Barcelona, el Consorci d\u2019Educaci\u00f3 de Barcelona, y la colaboraci\u00f3n de la aFFaC.<\/p>\n<p>Por este motivo, a todas las familias, escuelas, institutos y otros actores que se han mostrado interesadas en el prototipo y a todo el que pueda interesar, <strong>os invitamos a la presentaci\u00f3n y los talleres que tendr\u00e1n lugar la semana del 7 al 13 de febrero de 2022 en el Can\u00f3dromo Ateneo de Innovaci\u00f3n Digital y Democr\u00e1tica de Barcelona<\/strong> y online. Las sesiones consistir\u00e1n en una descripci\u00f3n detallada del workspace educativo digital democr\u00e1tico y talleres de testeo. Asistir\u00e1n tambi\u00e9n los t\u00e9cnicos para que pueda preguntar <strong>TODAS<\/strong> las dudas que tenga al respecto: uso, funcionalidades, protecci\u00f3n de datos, etc.<\/p>\n<p><span style=\"text-decoration:underline\">Gracias al apoyo del Ayuntamiento de Barcelona, ya tenemos garantizada la financiaci\u00f3n para desplegar Digital Democr\u00e0tic en m\u00e1s escuelas e institutos. Esta semana de presentaci\u00f3n y testeo, por tanto, <strong>os servir\u00e1 para valorar si decide sumarse al piloto de cara al curso 2022-2023<\/strong> e incluso empezar a probarlo desde el mes de marzo si as\u00ed lo deseais.<\/span> Aunque desgraciadamente todav\u00eda no disponemos de apoyo para centros de fuera de Barcelona, invitamos a todos a participar de los talleres (es una ocasi\u00f3n \u00fanica) para conocer la herramienta y crear una demanda suficiente para que sea asumida institucionalmente.<\/p>\n<p>Si dese\u00e1is asistir, <strong>es necesario reservar alguna de las sesiones de presentaci\u00f3n y testeo<\/strong>.<br \/>\nLos horarios previstos son los siguientes (en <strong>Can\u00f3dromo Ateneo de Innovaci\u00f3n Digital y Democr\u00e1tica de Barcelona<\/strong> u online):<\/p>\n<ul>\n<p>\u2022  Sesi\u00f3n Lunes 7 de febrero de 15 a 18h.<br \/>\n\u2022  Sesi\u00f3n Lunes 7 de febrero de 18 a 21h.<br \/>\n\u2022  Sesi\u00f3n Martes 8 de febrero de 12 a 15h.<br \/>\n\u2022  Sesi\u00f3n Martes 8 de febrero de 18 a 21h.<br \/>\n\u2022  Sesi\u00f3n Mi\u00e9rcoles 9 de febrero 15 a 18h.<br \/>\n\u2022   Sesi\u00f3n Jueves 10 de febrero de 15 a 18h.<br \/>\n\u2022  Sesi\u00f3n Viernes 11 de febrero de 9 a 12h. (en castellano)<br \/>\n\u2022  Sesi\u00f3n Viernes 11 de febrero de 15 a 18h.<br \/>\n\u2022  Sesi\u00f3n S\u00e1bado 12 de febrero de 10 a 13h. (en castellano con formaci\u00f3n general sobre derechos digitales)<\/ul>\n<p>Si crees que a alguien m\u00e1s de tu centro (docentes, familias, PAS&#8230;), tu entidad o cualquier otra persona le puede interesar asistir, puedes pasarles esta informaci\u00f3n. Es importante que todo el mundo que est\u00e9 interesado o tenga que conocer las alternativas al modelo actual, aproveche estas sesiones ya que no haremos otras pr\u00f3ximamente.<\/p>\n<p>Para inscribirse, es necesario enviar un mail  <strong>ANTES DEL D\u00cdA 3\/2<\/strong> a <a href=\"mailto:privacitatdedadesalesescoles@xnet-x.net\" rel=\"noopener\" target=\"_blank\">privacitatdedadesalesescoles@xnet-x.net<\/a> indicando la sesi\u00f3n elegida y si se asistir\u00e1 presencialmente o online.<\/p>\nhttps:\/\/xnet-x.net\/?p=23867\n<p>&nbsp;<\/p>\n<p><a id=\"bla\"><\/a><br \/>\nM\u00e1s informaciones:<br \/>\n\u2022  <a href=\"https:\/\/xnet-x.net\/es\/presentamos-dd-herramienta-digitalizacion-democratica-educacion\/\" rel=\"noopener\" target=\"_blank\">Os presentamos DD: la herramienta para la Digitalizaci\u00f3n Democr\u00e1tica de la Educaci\u00f3n<\/a><br \/>\n\u2022 <a href=\"https:\/\/xnet-x.net\/es\/privacidad-datos-digitalizacion-democratica-educacion-sin-google\/\" rel=\"noopener\" target=\"_blank\">Plan para la Privacidad de Datos y la Digitalizaci\u00f3n Democr\u00e1tica de la Educaci\u00f3n<\/a><br \/>\n\u2022 <a href=\"https:\/\/xnet-x.net\/es\/no-autorizar-google-suite-escuelas\/\" rel=\"noopener\" target=\"_blank\">No firm\u00e9is la autorizaci\u00f3n para utilizar Google Suite en las escuelas<\/a><br \/>\n\u2022 <a href=\"https:\/\/xnet-x.net\/es\/prototipo-digitalizar-centros-educativos-sin-google\/\" rel=\"noopener\" target=\"_blank\">Listo en abril el prototipo para digitalizar los centros educativos sin usar Google o similares<\/a><br \/>\n\u2022 <a href=\"https:\/\/xnet-x.net\/es\/plan-digitalizacion-democratica-educacion-piloto-barcelona\/\" rel=\"noopener\" target=\"_blank\">El Plan de Digitalizaci\u00f3n Democr\u00e1tica de la Educaci\u00f3n de Xnet tendr\u00e1 su primer piloto en Barcelona<\/a><\/p>\n<p>En prensa:<br \/>\nEl Pa\u00eds &#8211; <a href=\"https:\/\/elpais.com\/espana\/catalunya\/2020-12-10\/escuelas-que-buscan-alternativas-a-google.html\" rel=\"noopener\" target=\"_blank\">Escuelas que buscan alternativas a Google<\/a><\/p>","protected":false},"excerpt":{"rendered":"<p>Invitamos a la ciudadan\u00eda a participar en talleres de demostraci\u00f3n de la nueva herramienta para la digitalizaci\u00f3n democr\u00e1tica de la educaci\u00f3n. Nuestra nueva herramienta para la digitalizaci\u00f3n democr\u00e1tica de la educaci\u00f3n Desde 2019 Xnet y un grupo de familias estamos trabajando con un Plan de Digitalizaci\u00f3n Democr\u00e1tica de la Educaci\u00f3n para hacer frente a la [&hellip;]<\/p>\n","protected":false},"author":15,"featured_media":23892,"comment_status":"closed","ping_status":"closed","sticky":false,"template":"","format":"standard","meta":{"footnotes":""},"categories":[52],"tags":[],"class_list":["post-23861","post","type-post","status-publish","format-standard","has-post-thumbnail","hentry","category-blog","ejes-cultura-libre","ejes-neutralidad-de-la-red","servicios-recomendaciones-de-politicas"],"yoast_head":"<!-- This site is optimized with the Yoast SEO plugin v26.7 - https:\/\/yoast.com\/wordpress\/plugins\/seo\/ -->\n<title>Nueva herramienta para la digitalizaci\u00f3n democr\u00e1tica de la educaci\u00f3n<\/title>\n<meta name=\"description\" content=\"Invitamos a la ciudadan\u00eda a la demostraci\u00f3n de nuestra nueva herramienta para la digitalizaci\u00f3n democr\u00e1tica de la educaci\u00f3n sin Google.\" \/>\n<meta name=\"robots\" content=\"index, follow, max-snippet:-1, max-image-preview:large, max-video-preview:-1\" \/>\n<link rel=\"canonical\" href=\"https:\/\/dev.xnet-x.net\/es\/demostracion-herramienta-digitalizacion-democratica-educacion\/\" \/>\n<meta name=\"twitter:label1\" content=\"Escrito por\" \/>\n\t<meta name=\"twitter:data1\" content=\"Xnet\" \/>\n\t<meta name=\"twitter:label2\" content=\"Tiempo de lectura\" \/>\n\t<meta name=\"twitter:data2\" content=\"5 minutos\" \/>\n<script type=\"application\/ld+json\" class=\"yoast-schema-graph\">{\"@context\":\"https:\/\/schema.org\",\"@graph\":[{\"@type\":\"Article\",\"@id\":\"https:\/\/dev.xnet-x.net\/es\/demostracion-herramienta-digitalizacion-democratica-educacion\/#article\",\"isPartOf\":{\"@id\":\"https:\/\/dev.xnet-x.net\/es\/demostracion-herramienta-digitalizacion-democratica-educacion\/\"},\"author\":{\"name\":\"Xnet\",\"@id\":\"https:\/\/dev.xnet-x.net\/es\/#\/schema\/person\/02880890b95968f2b3bd4cfd79843d49\"},\"headline\":\"Demostraci\u00f3n de nuestra nueva herramienta para la digitalizaci\u00f3n democr\u00e1tica de la educaci\u00f3n\",\"datePublished\":\"2022-01-17T12:36:35+00:00\",\"dateModified\":\"2024-10-15T14:17:22+00:00\",\"mainEntityOfPage\":{\"@id\":\"https:\/\/dev.xnet-x.net\/es\/demostracion-herramienta-digitalizacion-democratica-educacion\/\"},\"wordCount\":1796,\"publisher\":{\"@id\":\"https:\/\/dev.xnet-x.net\/es\/#organization\"},\"image\":{\"@id\":\"https:\/\/dev.xnet-x.net\/es\/demostracion-herramienta-digitalizacion-democratica-educacion\/#primaryimage\"},\"thumbnailUrl\":\"https:\/\/dev.xnet-x.net\/img\/digit-edu22.png\",\"articleSection\":[\"Blog - Nuestras acciones\"],\"inLanguage\":\"es\"},{\"@type\":\"WebPage\",\"@id\":\"https:\/\/dev.xnet-x.net\/es\/demostracion-herramienta-digitalizacion-democratica-educacion\/\",\"url\":\"https:\/\/dev.xnet-x.net\/es\/demostracion-herramienta-digitalizacion-democratica-educacion\/\",\"name\":\"Nueva herramienta para la digitalizaci\u00f3n democr\u00e1tica de la educaci\u00f3n\",\"isPartOf\":{\"@id\":\"https:\/\/dev.xnet-x.net\/es\/#website\"},\"primaryImageOfPage\":{\"@id\":\"https:\/\/dev.xnet-x.net\/es\/demostracion-herramienta-digitalizacion-democratica-educacion\/#primaryimage\"},\"image\":{\"@id\":\"https:\/\/dev.xnet-x.net\/es\/demostracion-herramienta-digitalizacion-democratica-educacion\/#primaryimage\"},\"thumbnailUrl\":\"https:\/\/dev.xnet-x.net\/img\/digit-edu22.png\",\"datePublished\":\"2022-01-17T12:36:35+00:00\",\"dateModified\":\"2024-10-15T14:17:22+00:00\",\"description\":\"Invitamos a la ciudadan\u00eda a la demostraci\u00f3n de nuestra nueva herramienta para la digitalizaci\u00f3n democr\u00e1tica de la educaci\u00f3n sin Google.\",\"breadcrumb\":{\"@id\":\"https:\/\/dev.xnet-x.net\/es\/demostracion-herramienta-digitalizacion-democratica-educacion\/#breadcrumb\"},\"inLanguage\":\"es\",\"potentialAction\":[{\"@type\":\"ReadAction\",\"target\":[[\"https:\/\/dev.xnet-x.net\/es\/demostracion-herramienta-digitalizacion-democratica-educacion\/\"]]}]},{\"@type\":\"ImageObject\",\"inLanguage\":\"es\",\"@id\":\"https:\/\/dev.xnet-x.net\/es\/demostracion-herramienta-digitalizacion-democratica-educacion\/#primaryimage\",\"url\":\"https:\/\/dev.xnet-x.net\/img\/digit-edu22.png\",\"contentUrl\":\"https:\/\/dev.xnet-x.net\/img\/digit-edu22.png\",\"width\":838,\"height\":420},{\"@type\":\"BreadcrumbList\",\"@id\":\"https:\/\/dev.xnet-x.net\/es\/demostracion-herramienta-digitalizacion-democratica-educacion\/#breadcrumb\",\"itemListElement\":[{\"@type\":\"ListItem\",\"position\":1,\"name\":\"Portada\",\"item\":\"https:\/\/dev.xnet-x.net\/es\/\"},{\"@type\":\"ListItem\",\"position\":2,\"name\":\"Demostraci\u00f3n de nuestra nueva herramienta para la digitalizaci\u00f3n democr\u00e1tica de la educaci\u00f3n\"}]},{\"@type\":\"WebSite\",\"@id\":\"https:\/\/dev.xnet-x.net\/es\/#website\",\"url\":\"https:\/\/dev.xnet-x.net\/es\/\",\"name\":\"[:es]Xnet - Internet, derechos y democracia en la era digital[:ca]Xnet - Internet, drets i democr\u00e0cia en l'era digital[:en]Xnet - Internet freedoms & digital rights[:]\",\"description\":\"Xnet: Internet, informaci\u00f3n y cultura libres. Tecnopol\u00edtica. Datos, algoritmos y derechos digitales. Libertad de expresi\u00f3n. Democracia y anticorrupci\u00f3n\",\"publisher\":{\"@id\":\"https:\/\/dev.xnet-x.net\/es\/#organization\"},\"potentialAction\":[{\"@type\":\"SearchAction\",\"target\":{\"@type\":\"EntryPoint\",\"urlTemplate\":\"https:\/\/dev.xnet-x.net\/es\/?s={search_term_string}\"},\"query-input\":{\"@type\":\"PropertyValueSpecification\",\"valueRequired\":true,\"valueName\":\"search_term_string\"}}],\"inLanguage\":\"es\"},{\"@type\":\"Organization\",\"@id\":\"https:\/\/dev.xnet-x.net\/es\/#organization\",\"name\":\"Xnet - Internet, derechos y democracia en la era digital\",\"url\":\"https:\/\/dev.xnet-x.net\/es\/\",\"logo\":{\"@type\":\"ImageObject\",\"inLanguage\":\"es\",\"@id\":\"https:\/\/dev.xnet-x.net\/es\/#\/schema\/logo\/image\/\",\"url\":\"https:\/\/xnet-x.net\/img\/xnet-logo.png\",\"contentUrl\":\"https:\/\/xnet-x.net\/img\/xnet-logo.png\",\"width\":512,\"height\":512,\"caption\":\"Xnet - Internet, derechos y democracia en la era digital\"},\"image\":{\"@id\":\"https:\/\/dev.xnet-x.net\/es\/#\/schema\/logo\/image\/\"},\"sameAs\":[\"http:\/\/facebook.com\/RedX.Net\/\",\"https:\/\/x.com\/x_net_\",\"https:\/\/es.wikipedia.org\/wiki\/Xnet\"]},{\"@type\":\"Person\",\"@id\":\"https:\/\/dev.xnet-x.net\/es\/#\/schema\/person\/02880890b95968f2b3bd4cfd79843d49\",\"name\":\"Xnet\",\"image\":{\"@type\":\"ImageObject\",\"inLanguage\":\"es\",\"@id\":\"https:\/\/dev.xnet-x.net\/es\/#\/schema\/person\/image\/\",\"url\":\"https:\/\/secure.gravatar.com\/avatar\/41a61c327d24125228571dadd14748b0afd881e633e6e61518dacc4fef53cc93?s=96&d=mm&r=g\",\"contentUrl\":\"https:\/\/secure.gravatar.com\/avatar\/41a61c327d24125228571dadd14748b0afd881e633e6e61518dacc4fef53cc93?s=96&d=mm&r=g\",\"caption\":\"Xnet\"}}]}<\/script>\n<!-- \/ Yoast SEO plugin. -->","yoast_head_json":{"title":"Nueva herramienta para la digitalizaci\u00f3n democr\u00e1tica de la educaci\u00f3n","description":"Invitamos a la ciudadan\u00eda a la demostraci\u00f3n de nuestra nueva herramienta para la digitalizaci\u00f3n democr\u00e1tica de la educaci\u00f3n sin Google.","robots":{"index":"index","follow":"follow","max-snippet":"max-snippet:-1","max-image-preview":"max-image-preview:large","max-video-preview":"max-video-preview:-1"},"canonical":"https:\/\/dev.xnet-x.net\/es\/demostracion-herramienta-digitalizacion-democratica-educacion\/","twitter_misc":{"Escrito por":"Xnet","Tiempo de lectura":"5 minutos"},"schema":{"@context":"https:\/\/schema.org","@graph":[{"@type":"Article","@id":"https:\/\/dev.xnet-x.net\/es\/demostracion-herramienta-digitalizacion-democratica-educacion\/#article","isPartOf":{"@id":"https:\/\/dev.xnet-x.net\/es\/demostracion-herramienta-digitalizacion-democratica-educacion\/"},"author":{"name":"Xnet","@id":"https:\/\/dev.xnet-x.net\/es\/#\/schema\/person\/02880890b95968f2b3bd4cfd79843d49"},"headline":"Demostraci\u00f3n de nuestra nueva herramienta para la digitalizaci\u00f3n democr\u00e1tica de la educaci\u00f3n","datePublished":"2022-01-17T12:36:35+00:00","dateModified":"2024-10-15T14:17:22+00:00","mainEntityOfPage":{"@id":"https:\/\/dev.xnet-x.net\/es\/demostracion-herramienta-digitalizacion-democratica-educacion\/"},"wordCount":1796,"publisher":{"@id":"https:\/\/dev.xnet-x.net\/es\/#organization"},"image":{"@id":"https:\/\/dev.xnet-x.net\/es\/demostracion-herramienta-digitalizacion-democratica-educacion\/#primaryimage"},"thumbnailUrl":"https:\/\/dev.xnet-x.net\/img\/digit-edu22.png","articleSection":["Blog - Nuestras acciones"],"inLanguage":"es"},{"@type":"WebPage","@id":"https:\/\/dev.xnet-x.net\/es\/demostracion-herramienta-digitalizacion-democratica-educacion\/","url":"https:\/\/dev.xnet-x.net\/es\/demostracion-herramienta-digitalizacion-democratica-educacion\/","name":"Nueva herramienta para la digitalizaci\u00f3n democr\u00e1tica de la educaci\u00f3n","isPartOf":{"@id":"https:\/\/dev.xnet-x.net\/es\/#website"},"primaryImageOfPage":{"@id":"https:\/\/dev.xnet-x.net\/es\/demostracion-herramienta-digitalizacion-democratica-educacion\/#primaryimage"},"image":{"@id":"https:\/\/dev.xnet-x.net\/es\/demostracion-herramienta-digitalizacion-democratica-educacion\/#primaryimage"},"thumbnailUrl":"https:\/\/dev.xnet-x.net\/img\/digit-edu22.png","datePublished":"2022-01-17T12:36:35+00:00","dateModified":"2024-10-15T14:17:22+00:00","description":"Invitamos a la ciudadan\u00eda a la demostraci\u00f3n de nuestra nueva herramienta para la digitalizaci\u00f3n democr\u00e1tica de la educaci\u00f3n sin Google.","breadcrumb":{"@id":"https:\/\/dev.xnet-x.net\/es\/demostracion-herramienta-digitalizacion-democratica-educacion\/#breadcrumb"},"inLanguage":"es","potentialAction":[{"@type":"ReadAction","target":[["https:\/\/dev.xnet-x.net\/es\/demostracion-herramienta-digitalizacion-democratica-educacion\/"]]}]},{"@type":"ImageObject","inLanguage":"es","@id":"https:\/\/dev.xnet-x.net\/es\/demostracion-herramienta-digitalizacion-democratica-educacion\/#primaryimage","url":"https:\/\/dev.xnet-x.net\/img\/digit-edu22.png","contentUrl":"https:\/\/dev.xnet-x.net\/img\/digit-edu22.png","width":838,"height":420},{"@type":"BreadcrumbList","@id":"https:\/\/dev.xnet-x.net\/es\/demostracion-herramienta-digitalizacion-democratica-educacion\/#breadcrumb","itemListElement":[{"@type":"ListItem","position":1,"name":"Portada","item":"https:\/\/dev.xnet-x.net\/es\/"},{"@type":"ListItem","position":2,"name":"Demostraci\u00f3n de nuestra nueva herramienta para la digitalizaci\u00f3n democr\u00e1tica de la educaci\u00f3n"}]},{"@type":"WebSite","@id":"https:\/\/dev.xnet-x.net\/es\/#website","url":"https:\/\/dev.xnet-x.net\/es\/","name":"[:es]Xnet - Internet, derechos y democracia en la era digital[:ca]Xnet - Internet, drets i democr\u00e0cia en l'era digital[:en]Xnet - Internet freedoms & digital rights[:]","description":"Xnet: Internet, informaci\u00f3n y cultura libres. Tecnopol\u00edtica. Datos, algoritmos y derechos digitales. Libertad de expresi\u00f3n. Democracia y anticorrupci\u00f3n","publisher":{"@id":"https:\/\/dev.xnet-x.net\/es\/#organization"},"potentialAction":[{"@type":"SearchAction","target":{"@type":"EntryPoint","urlTemplate":"https:\/\/dev.xnet-x.net\/es\/?s={search_term_string}"},"query-input":{"@type":"PropertyValueSpecification","valueRequired":true,"valueName":"search_term_string"}}],"inLanguage":"es"},{"@type":"Organization","@id":"https:\/\/dev.xnet-x.net\/es\/#organization","name":"Xnet - Internet, derechos y democracia en la era digital","url":"https:\/\/dev.xnet-x.net\/es\/","logo":{"@type":"ImageObject","inLanguage":"es","@id":"https:\/\/dev.xnet-x.net\/es\/#\/schema\/logo\/image\/","url":"https:\/\/xnet-x.net\/img\/xnet-logo.png","contentUrl":"https:\/\/xnet-x.net\/img\/xnet-logo.png","width":512,"height":512,"caption":"Xnet - Internet, derechos y democracia en la era digital"},"image":{"@id":"https:\/\/dev.xnet-x.net\/es\/#\/schema\/logo\/image\/"},"sameAs":["http:\/\/facebook.com\/RedX.Net\/","https:\/\/x.com\/x_net_","https:\/\/es.wikipedia.org\/wiki\/Xnet"]},{"@type":"Person","@id":"https:\/\/dev.xnet-x.net\/es\/#\/schema\/person\/02880890b95968f2b3bd4cfd79843d49","name":"Xnet","image":{"@type":"ImageObject","inLanguage":"es","@id":"https:\/\/dev.xnet-x.net\/es\/#\/schema\/person\/image\/","url":"https:\/\/secure.gravatar.com\/avatar\/41a61c327d24125228571dadd14748b0afd881e633e6e61518dacc4fef53cc93?s=96&d=mm&r=g","contentUrl":"https:\/\/secure.gravatar.com\/avatar\/41a61c327d24125228571dadd14748b0afd881e633e6e61518dacc4fef53cc93?s=96&d=mm&r=g","caption":"Xnet"}}]}},"_links":{"self":[{"href":"https:\/\/dev.xnet-x.net\/es\/wp-json\/wp\/v2\/posts\/23861","targetHints":{"allow":["GET"]}}],"collection":[{"href":"https:\/\/dev.xnet-x.net\/es\/wp-json\/wp\/v2\/posts"}],"about":[{"href":"https:\/\/dev.xnet-x.net\/es\/wp-json\/wp\/v2\/types\/post"}],"author":[{"embeddable":true,"href":"https:\/\/dev.xnet-x.net\/es\/wp-json\/wp\/v2\/users\/15"}],"replies":[{"embeddable":true,"href":"https:\/\/dev.xnet-x.net\/es\/wp-json\/wp\/v2\/comments?post=23861"}],"version-history":[{"count":20,"href":"https:\/\/dev.xnet-x.net\/es\/wp-json\/wp\/v2\/posts\/23861\/revisions"}],"predecessor-version":[{"id":23904,"href":"https:\/\/dev.xnet-x.net\/es\/wp-json\/wp\/v2\/posts\/23861\/revisions\/23904"}],"wp:featuredmedia":[{"embeddable":true,"href":"https:\/\/dev.xnet-x.net\/es\/wp-json\/wp\/v2\/media\/23892"}],"wp:attachment":[{"href":"https:\/\/dev.xnet-x.net\/es\/wp-json\/wp\/v2\/media?parent=23861"}],"wp:term":[{"taxonomy":"category","embeddable":true,"href":"https:\/\/dev.xnet-x.net\/es\/wp-json\/wp\/v2\/categories?post=23861"},{"taxonomy":"post_tag","embeddable":true,"href":"https:\/\/dev.xnet-x.net\/es\/wp-json\/wp\/v2\/tags?post=23861"}],"curies":[{"name":"wp","href":"https:\/\/api.w.org\/{rel}","templated":true}]}}