{"id":23572,"date":"2021-12-07T12:10:24","date_gmt":"2021-12-07T10:10:24","guid":{"rendered":"https:\/\/xnet-x.net\/es\/?p=23572"},"modified":"2024-10-15T16:17:38","modified_gmt":"2024-10-15T14:17:38","slug":"respuesta-de-xnet-a-la-consulta-publica-de-la-generalitat-sobre-la-elaboracion-del-proyecto-de-decreto-steam-y-humanidades","status":"publish","type":"post","link":"https:\/\/dev.xnet-x.net\/es\/respuesta-xnet-generalitat-proyecto-decreto-steam-humanidades\/","title":{"rendered":"Respuesta de Xnet a la consulta p\u00fablica de la Generalitat sobre la elaboraci\u00f3n del proyecto de decreto STEAM y Humanidades"},"content":{"rendered":"<p><\/p>\n<div style=\"font-size:100%;margin:6px 0;background:#f5f5f5;padding: 10px 5% 10px\"><a href=\"https:\/\/participa.gencat.cat\/processes\/ProjSTEAM-Humanitats\/f\/3320\/proposals\/83091?locale=es\" rel=\"noopener\" target=\"_blank\">https:\/\/participa.gencat.cat\/processes\/ProjSTEAM-Humanitats\/f\/3320\/proposals\/83091?locale=es<\/a><\/div>\n<p>&nbsp;<\/p>\n<p>La Generalitat ha abierto una consulta p\u00fablica previa a la elaboraci\u00f3n del proyecto de decreto STEAM y Humanidades, un decreto para crear el Programa de Investigaci\u00f3n, Innovaci\u00f3n pedag\u00f3gica y Formaci\u00f3n del profesorado en el \u00e1mbito de las vocaciones cient\u00edficas y tecnol\u00f3gicas, en ingenier\u00eda y matem\u00e1ticas (STEAM) y las Humanidades.<br \/>\n<a href=\"https:\/\/participa.gencat.cat\/processes\/ProjSTEAM-Humanitats?locale=es\" rel=\"noopener\" target=\"_blank\">https:\/\/participa.gencat.cat\/processes\/ProjSTEAM-Humanitats?locale=es<\/a><br \/>\n&nbsp;<\/p>\n<h4>Estas son las preguntas de la consulta:<\/h4>\n<p><em>1.- \u00bfConsidera que se ha descrito adecuadamente el problema? \u00bfHay otros aspectos que considera que deber\u00edan ser valorados por la Administraci\u00f3n de la Generalitat?<\/p>\n<p>2.- \u00bfSe deber\u00edan prever otros objetivos diferentes? <\/p>\n<p>3.- Se deber\u00edan regular otros aspectos que afectan a la creaci\u00f3n del Programa de Investigaci\u00f3n, la Innovaci\u00f3n pedag\u00f3gica y la Formaci\u00f3n del profesorado en el \u00e1mbito de las STEAM y de humanidades, y la estructura organizativa y el funcionamiento del centro educativo y de la red de centros que pueda generarse? <\/em><br \/>\n&nbsp;<\/p>\n<p>Desde el \u00e1rea de Educaci\u00f3n de Xnet respondemos a esta consulta desde la perspectiva de los derechos digitales y de la digitalizaci\u00f3n democr\u00e1tica en la Educaci\u00f3n y alarmadas por el hecho de que hace unos meses se anunci\u00f3 la creaci\u00f3n de la figura del \u201cmentor digital\u201d (sugerida en el Plan de Digitalizaci\u00f3n 2020-2023) sin que, en este caso, hubiera ninguna consulta p\u00fablica, y la direcci\u00f3n que podr\u00eda asumir es preocupante.<br \/>\n<a href=\"https:\/\/www.naciodigital.cat\/noticia\/223187\/educacio-crea-figura-mentor-digital\" rel=\"noopener\" target=\"_blank\">https:\/\/www.naciodigital.cat\/noticia\/223187\/educacio-crea-figura-mentor-digital<\/a><br \/>\n&nbsp;<\/p>\n<h4>Desde esta preocupaci\u00f3n, respondemos a la consulta actual:<\/h4>\n<p>1.- Respuesta a la pregunta 1:<br \/>\nLa <strong>cultura digital<\/strong> es la cultura de nuestros tiempos y cualquier programa comprometido con la justicia global, los ODS, la dimensi\u00f3n \u00e9tica de la ciencia y la tecnolog\u00eda y el pensamiento cr\u00edtico debe incorporar necesariamente una <strong>perspectiva de digitalizaci\u00f3n democr\u00e1tica<\/strong> que garantice los derechos digitales individuales y colectivos.<br \/>\n&nbsp;<\/p>\n<p>2.- Respuesta a la pregunta 2:<br \/>\nEn la situaci\u00f3n actual, alcanzar lo que indicamos en el punto 1 comienza por dos actuaciones:<\/p>\n<ul>\n\u2022 Existe una tendencia a hacer de la comunidad educativa de la investigaci\u00f3n un tipo de beta-tester de productos tecnol\u00f3gicos propuestos por empresas tecnol\u00f3gicas. Esto sucede a veces porque quien decide las pol\u00edticas se deja deslumbrar por el marketing de estas empresas, otras porque son sus patrocinadores pol\u00edticos, y otras por desconocimiento de lo que la tecnolog\u00eda comporta. El resultado es que la comunidad educativa y de la investigaci\u00f3n \u2013 y en consecuencia la sociedad \u2013 se transforma en cliente cautivo de productos que debe aprender a utilizar (con la p\u00e9rdida de tiempo que ello conlleva) y que, incluso, a veces, ni sirven ni funcionan. Esto implica, adem\u00e1s, un desperdicio de dinero p\u00fablico en favor de intereses privados sin retorno social alguno. Como ocurre con los medicamentos, la tecnolog\u00eda \u201cgen\u00e9rica\u201d es igualmente eficaz y permite a la comunidad utilizar lo que realmente necesita y cambiarlo con facilidad en caso de que no lo necesite. En resumen: en cuanto a los agentes y modelos de participaci\u00f3n de las entidades, instituciones y empresas en los centros educativos, tanto la investigaci\u00f3n, como la innovaci\u00f3n y la formaci\u00f3n del profesorado <strong>no deben servir como v\u00eda de posicionamiento de producto tecnol\u00f3gicos<\/strong>. La Generalitat ha de garantizar la independencia de la educaci\u00f3n y la investigaci\u00f3n respecto a los intereses empresariales y debe garantizar una verdadera libertad de elecci\u00f3n del modelo tecnol\u00f3gico. <\/p>\n<p>\u2022 En cuanto a los recursos e infraestructuras digitales, <strong>la Generalitat debe poner los recursos y las infraestructuras digitales en el centro de la investigaci\u00f3n, la innovaci\u00f3n y la formaci\u00f3n del profesorado garantizando siempre la soberan\u00eda de datos del alumnado y el profesorado. Esto s\u00f3lo puede lograrse si la tecnolog\u00eda utilizada es de software auditable, es decir, software libre; si los formatos son interoperables para evitar clientes cautivos; y si el almacenamiento de datos es soberano<\/strong>. Invertir en software que pueda ser reutilizado y p\u00fablico es la \u00fanica forma de no derrochar recursos y que \u00e9stos tengan un retorno social real. <\/ul>\n<p>3.- Respuesta a la pregunta 3:<br \/>\nPartiendo de los problemas enunciados en los puntos anteriores y desde una perspectiva de derechos digitales y digitalizaci\u00f3n democr\u00e1tica para la Investigaci\u00f3n, la Innovaci\u00f3n pedag\u00f3gica y la Formaci\u00f3n del profesorado en el \u00e1mbito de las STEAM y las Humanidades, la regulaci\u00f3n deber\u00eda implicar e indicar expl\u00edcitamente:<\/p>\n<ul>\n\u2022 La obligaci\u00f3n de uso de herramientas tecnol\u00f3gicas <strong>auditables e interoperables<\/strong> y con un <strong>uso de datos soberano<\/strong>.<\/p>\n<p>\u2022 Que la formaci\u00f3n no sea en torno a productos comerciales concretos sino que ofrezca una visi\u00f3n de la tecnolog\u00eda \u201cgen\u00e9rica\u201d para <strong>capacitar en el uso de cualquier tecnolog\u00eda sin crear clientes cautivos<\/strong>.<\/p>\n<p>\u2022 Que los derechos digitales y la digitalizaci\u00f3n democr\u00e1tica prevalezcan siempre como fundamento de cualquier decisi\u00f3n. <\/ul>\n<p>&nbsp;<\/p>","protected":false},"excerpt":{"rendered":"<p>https:\/\/participa.gencat.cat\/processes\/ProjSTEAM-Humanitats\/f\/3320\/proposals\/83091?locale=es &nbsp; La Generalitat ha abierto una consulta p\u00fablica previa a la elaboraci\u00f3n del proyecto de decreto STEAM y Humanidades, un decreto para crear el Programa de Investigaci\u00f3n, Innovaci\u00f3n pedag\u00f3gica y Formaci\u00f3n del profesorado en el \u00e1mbito de las vocaciones cient\u00edficas y tecnol\u00f3gicas, en ingenier\u00eda y matem\u00e1ticas (STEAM) y las Humanidades. https:\/\/participa.gencat.cat\/processes\/ProjSTEAM-Humanitats?locale=es &nbsp; Estas son [&hellip;]<\/p>\n","protected":false},"author":15,"featured_media":23575,"comment_status":"closed","ping_status":"closed","sticky":false,"template":"","format":"standard","meta":{"footnotes":""},"categories":[52],"tags":[],"class_list":["post-23572","post","type-post","status-publish","format-standard","has-post-thumbnail","hentry","category-blog","ejes-cultura-libre","ejes-neutralidad-de-la-red","servicios-recomendaciones-de-politicas"],"yoast_head":"<!-- This site is optimized with the Yoast SEO plugin v26.7 - https:\/\/yoast.com\/wordpress\/plugins\/seo\/ -->\n<title>Proyecto de decreto STEAM y Humanidades, respuesta de Xnet<\/title>\n<meta name=\"description\" content=\"Respondemos a la Generalitat desde la perspectiva de los derechos digitales sobre la elaboraci\u00f3n del proyecto de decreto STEAM y Humanidades.\" \/>\n<meta name=\"robots\" content=\"index, follow, max-snippet:-1, max-image-preview:large, max-video-preview:-1\" \/>\n<link rel=\"canonical\" href=\"https:\/\/dev.xnet-x.net\/es\/respuesta-xnet-generalitat-proyecto-decreto-steam-humanidades\/\" \/>\n<meta name=\"twitter:label1\" content=\"Escrito por\" \/>\n\t<meta name=\"twitter:data1\" content=\"Xnet\" \/>\n\t<meta name=\"twitter:label2\" content=\"Tiempo de lectura\" \/>\n\t<meta name=\"twitter:data2\" content=\"4 minutos\" \/>\n<script type=\"application\/ld+json\" class=\"yoast-schema-graph\">{\"@context\":\"https:\/\/schema.org\",\"@graph\":[{\"@type\":\"Article\",\"@id\":\"https:\/\/dev.xnet-x.net\/es\/respuesta-xnet-generalitat-proyecto-decreto-steam-humanidades\/#article\",\"isPartOf\":{\"@id\":\"https:\/\/dev.xnet-x.net\/es\/respuesta-xnet-generalitat-proyecto-decreto-steam-humanidades\/\"},\"author\":{\"name\":\"Xnet\",\"@id\":\"https:\/\/dev.xnet-x.net\/es\/#\/schema\/person\/02880890b95968f2b3bd4cfd79843d49\"},\"headline\":\"Respuesta de Xnet a la consulta p\u00fablica de la Generalitat sobre la elaboraci\u00f3n del proyecto de decreto STEAM y Humanidades\",\"datePublished\":\"2021-12-07T10:10:24+00:00\",\"dateModified\":\"2024-10-15T14:17:38+00:00\",\"mainEntityOfPage\":{\"@id\":\"https:\/\/dev.xnet-x.net\/es\/respuesta-xnet-generalitat-proyecto-decreto-steam-humanidades\/\"},\"wordCount\":1708,\"publisher\":{\"@id\":\"https:\/\/dev.xnet-x.net\/es\/#organization\"},\"image\":{\"@id\":\"https:\/\/dev.xnet-x.net\/es\/respuesta-xnet-generalitat-proyecto-decreto-steam-humanidades\/#primaryimage\"},\"thumbnailUrl\":\"https:\/\/dev.xnet-x.net\/img\/steam-decret.jpg\",\"articleSection\":[\"Blog - Nuestras acciones\"],\"inLanguage\":\"es\"},{\"@type\":\"WebPage\",\"@id\":\"https:\/\/dev.xnet-x.net\/es\/respuesta-xnet-generalitat-proyecto-decreto-steam-humanidades\/\",\"url\":\"https:\/\/dev.xnet-x.net\/es\/respuesta-xnet-generalitat-proyecto-decreto-steam-humanidades\/\",\"name\":\"Proyecto de decreto STEAM y Humanidades, respuesta de Xnet\",\"isPartOf\":{\"@id\":\"https:\/\/dev.xnet-x.net\/es\/#website\"},\"primaryImageOfPage\":{\"@id\":\"https:\/\/dev.xnet-x.net\/es\/respuesta-xnet-generalitat-proyecto-decreto-steam-humanidades\/#primaryimage\"},\"image\":{\"@id\":\"https:\/\/dev.xnet-x.net\/es\/respuesta-xnet-generalitat-proyecto-decreto-steam-humanidades\/#primaryimage\"},\"thumbnailUrl\":\"https:\/\/dev.xnet-x.net\/img\/steam-decret.jpg\",\"datePublished\":\"2021-12-07T10:10:24+00:00\",\"dateModified\":\"2024-10-15T14:17:38+00:00\",\"description\":\"Respondemos a la Generalitat desde la perspectiva de los derechos digitales sobre la elaboraci\u00f3n del proyecto de decreto STEAM y Humanidades.\",\"breadcrumb\":{\"@id\":\"https:\/\/dev.xnet-x.net\/es\/respuesta-xnet-generalitat-proyecto-decreto-steam-humanidades\/#breadcrumb\"},\"inLanguage\":\"es\",\"potentialAction\":[{\"@type\":\"ReadAction\",\"target\":[[\"https:\/\/dev.xnet-x.net\/es\/respuesta-xnet-generalitat-proyecto-decreto-steam-humanidades\/\"]]}]},{\"@type\":\"ImageObject\",\"inLanguage\":\"es\",\"@id\":\"https:\/\/dev.xnet-x.net\/es\/respuesta-xnet-generalitat-proyecto-decreto-steam-humanidades\/#primaryimage\",\"url\":\"https:\/\/dev.xnet-x.net\/img\/steam-decret.jpg\",\"contentUrl\":\"https:\/\/dev.xnet-x.net\/img\/steam-decret.jpg\",\"width\":838,\"height\":420},{\"@type\":\"BreadcrumbList\",\"@id\":\"https:\/\/dev.xnet-x.net\/es\/respuesta-xnet-generalitat-proyecto-decreto-steam-humanidades\/#breadcrumb\",\"itemListElement\":[{\"@type\":\"ListItem\",\"position\":1,\"name\":\"Portada\",\"item\":\"https:\/\/dev.xnet-x.net\/es\/\"},{\"@type\":\"ListItem\",\"position\":2,\"name\":\"Respuesta de Xnet a la consulta p\u00fablica de la Generalitat sobre la elaboraci\u00f3n del proyecto de decreto STEAM y Humanidades\"}]},{\"@type\":\"WebSite\",\"@id\":\"https:\/\/dev.xnet-x.net\/es\/#website\",\"url\":\"https:\/\/dev.xnet-x.net\/es\/\",\"name\":\"[:es]Xnet - Internet, derechos y democracia en la era digital[:ca]Xnet - Internet, drets i democr\u00e0cia en l'era digital[:en]Xnet - Internet freedoms & digital rights[:]\",\"description\":\"Xnet: Internet, informaci\u00f3n y cultura libres. Tecnopol\u00edtica. Datos, algoritmos y derechos digitales. Libertad de expresi\u00f3n. Democracia y anticorrupci\u00f3n\",\"publisher\":{\"@id\":\"https:\/\/dev.xnet-x.net\/es\/#organization\"},\"potentialAction\":[{\"@type\":\"SearchAction\",\"target\":{\"@type\":\"EntryPoint\",\"urlTemplate\":\"https:\/\/dev.xnet-x.net\/es\/?s={search_term_string}\"},\"query-input\":{\"@type\":\"PropertyValueSpecification\",\"valueRequired\":true,\"valueName\":\"search_term_string\"}}],\"inLanguage\":\"es\"},{\"@type\":\"Organization\",\"@id\":\"https:\/\/dev.xnet-x.net\/es\/#organization\",\"name\":\"Xnet - Internet, derechos y democracia en la era digital\",\"url\":\"https:\/\/dev.xnet-x.net\/es\/\",\"logo\":{\"@type\":\"ImageObject\",\"inLanguage\":\"es\",\"@id\":\"https:\/\/dev.xnet-x.net\/es\/#\/schema\/logo\/image\/\",\"url\":\"https:\/\/xnet-x.net\/img\/xnet-logo.png\",\"contentUrl\":\"https:\/\/xnet-x.net\/img\/xnet-logo.png\",\"width\":512,\"height\":512,\"caption\":\"Xnet - Internet, derechos y democracia en la era digital\"},\"image\":{\"@id\":\"https:\/\/dev.xnet-x.net\/es\/#\/schema\/logo\/image\/\"},\"sameAs\":[\"http:\/\/facebook.com\/RedX.Net\/\",\"https:\/\/x.com\/x_net_\",\"https:\/\/es.wikipedia.org\/wiki\/Xnet\"]},{\"@type\":\"Person\",\"@id\":\"https:\/\/dev.xnet-x.net\/es\/#\/schema\/person\/02880890b95968f2b3bd4cfd79843d49\",\"name\":\"Xnet\",\"image\":{\"@type\":\"ImageObject\",\"inLanguage\":\"es\",\"@id\":\"https:\/\/dev.xnet-x.net\/es\/#\/schema\/person\/image\/\",\"url\":\"https:\/\/secure.gravatar.com\/avatar\/41a61c327d24125228571dadd14748b0afd881e633e6e61518dacc4fef53cc93?s=96&d=mm&r=g\",\"contentUrl\":\"https:\/\/secure.gravatar.com\/avatar\/41a61c327d24125228571dadd14748b0afd881e633e6e61518dacc4fef53cc93?s=96&d=mm&r=g\",\"caption\":\"Xnet\"}}]}<\/script>\n<!-- \/ Yoast SEO plugin. -->","yoast_head_json":{"title":"Proyecto de decreto STEAM y Humanidades, respuesta de Xnet","description":"Respondemos a la Generalitat desde la perspectiva de los derechos digitales sobre la elaboraci\u00f3n del proyecto de decreto STEAM y Humanidades.","robots":{"index":"index","follow":"follow","max-snippet":"max-snippet:-1","max-image-preview":"max-image-preview:large","max-video-preview":"max-video-preview:-1"},"canonical":"https:\/\/dev.xnet-x.net\/es\/respuesta-xnet-generalitat-proyecto-decreto-steam-humanidades\/","twitter_misc":{"Escrito por":"Xnet","Tiempo de lectura":"4 minutos"},"schema":{"@context":"https:\/\/schema.org","@graph":[{"@type":"Article","@id":"https:\/\/dev.xnet-x.net\/es\/respuesta-xnet-generalitat-proyecto-decreto-steam-humanidades\/#article","isPartOf":{"@id":"https:\/\/dev.xnet-x.net\/es\/respuesta-xnet-generalitat-proyecto-decreto-steam-humanidades\/"},"author":{"name":"Xnet","@id":"https:\/\/dev.xnet-x.net\/es\/#\/schema\/person\/02880890b95968f2b3bd4cfd79843d49"},"headline":"Respuesta de Xnet a la consulta p\u00fablica de la Generalitat sobre la elaboraci\u00f3n del proyecto de decreto STEAM y Humanidades","datePublished":"2021-12-07T10:10:24+00:00","dateModified":"2024-10-15T14:17:38+00:00","mainEntityOfPage":{"@id":"https:\/\/dev.xnet-x.net\/es\/respuesta-xnet-generalitat-proyecto-decreto-steam-humanidades\/"},"wordCount":1708,"publisher":{"@id":"https:\/\/dev.xnet-x.net\/es\/#organization"},"image":{"@id":"https:\/\/dev.xnet-x.net\/es\/respuesta-xnet-generalitat-proyecto-decreto-steam-humanidades\/#primaryimage"},"thumbnailUrl":"https:\/\/dev.xnet-x.net\/img\/steam-decret.jpg","articleSection":["Blog - Nuestras acciones"],"inLanguage":"es"},{"@type":"WebPage","@id":"https:\/\/dev.xnet-x.net\/es\/respuesta-xnet-generalitat-proyecto-decreto-steam-humanidades\/","url":"https:\/\/dev.xnet-x.net\/es\/respuesta-xnet-generalitat-proyecto-decreto-steam-humanidades\/","name":"Proyecto de decreto STEAM y Humanidades, respuesta de Xnet","isPartOf":{"@id":"https:\/\/dev.xnet-x.net\/es\/#website"},"primaryImageOfPage":{"@id":"https:\/\/dev.xnet-x.net\/es\/respuesta-xnet-generalitat-proyecto-decreto-steam-humanidades\/#primaryimage"},"image":{"@id":"https:\/\/dev.xnet-x.net\/es\/respuesta-xnet-generalitat-proyecto-decreto-steam-humanidades\/#primaryimage"},"thumbnailUrl":"https:\/\/dev.xnet-x.net\/img\/steam-decret.jpg","datePublished":"2021-12-07T10:10:24+00:00","dateModified":"2024-10-15T14:17:38+00:00","description":"Respondemos a la Generalitat desde la perspectiva de los derechos digitales sobre la elaboraci\u00f3n del proyecto de decreto STEAM y Humanidades.","breadcrumb":{"@id":"https:\/\/dev.xnet-x.net\/es\/respuesta-xnet-generalitat-proyecto-decreto-steam-humanidades\/#breadcrumb"},"inLanguage":"es","potentialAction":[{"@type":"ReadAction","target":[["https:\/\/dev.xnet-x.net\/es\/respuesta-xnet-generalitat-proyecto-decreto-steam-humanidades\/"]]}]},{"@type":"ImageObject","inLanguage":"es","@id":"https:\/\/dev.xnet-x.net\/es\/respuesta-xnet-generalitat-proyecto-decreto-steam-humanidades\/#primaryimage","url":"https:\/\/dev.xnet-x.net\/img\/steam-decret.jpg","contentUrl":"https:\/\/dev.xnet-x.net\/img\/steam-decret.jpg","width":838,"height":420},{"@type":"BreadcrumbList","@id":"https:\/\/dev.xnet-x.net\/es\/respuesta-xnet-generalitat-proyecto-decreto-steam-humanidades\/#breadcrumb","itemListElement":[{"@type":"ListItem","position":1,"name":"Portada","item":"https:\/\/dev.xnet-x.net\/es\/"},{"@type":"ListItem","position":2,"name":"Respuesta de Xnet a la consulta p\u00fablica de la Generalitat sobre la elaboraci\u00f3n del proyecto de decreto STEAM y Humanidades"}]},{"@type":"WebSite","@id":"https:\/\/dev.xnet-x.net\/es\/#website","url":"https:\/\/dev.xnet-x.net\/es\/","name":"[:es]Xnet - Internet, derechos y democracia en la era digital[:ca]Xnet - Internet, drets i democr\u00e0cia en l'era digital[:en]Xnet - Internet freedoms & digital rights[:]","description":"Xnet: Internet, informaci\u00f3n y cultura libres. Tecnopol\u00edtica. Datos, algoritmos y derechos digitales. Libertad de expresi\u00f3n. Democracia y anticorrupci\u00f3n","publisher":{"@id":"https:\/\/dev.xnet-x.net\/es\/#organization"},"potentialAction":[{"@type":"SearchAction","target":{"@type":"EntryPoint","urlTemplate":"https:\/\/dev.xnet-x.net\/es\/?s={search_term_string}"},"query-input":{"@type":"PropertyValueSpecification","valueRequired":true,"valueName":"search_term_string"}}],"inLanguage":"es"},{"@type":"Organization","@id":"https:\/\/dev.xnet-x.net\/es\/#organization","name":"Xnet - Internet, derechos y democracia en la era digital","url":"https:\/\/dev.xnet-x.net\/es\/","logo":{"@type":"ImageObject","inLanguage":"es","@id":"https:\/\/dev.xnet-x.net\/es\/#\/schema\/logo\/image\/","url":"https:\/\/xnet-x.net\/img\/xnet-logo.png","contentUrl":"https:\/\/xnet-x.net\/img\/xnet-logo.png","width":512,"height":512,"caption":"Xnet - Internet, derechos y democracia en la era digital"},"image":{"@id":"https:\/\/dev.xnet-x.net\/es\/#\/schema\/logo\/image\/"},"sameAs":["http:\/\/facebook.com\/RedX.Net\/","https:\/\/x.com\/x_net_","https:\/\/es.wikipedia.org\/wiki\/Xnet"]},{"@type":"Person","@id":"https:\/\/dev.xnet-x.net\/es\/#\/schema\/person\/02880890b95968f2b3bd4cfd79843d49","name":"Xnet","image":{"@type":"ImageObject","inLanguage":"es","@id":"https:\/\/dev.xnet-x.net\/es\/#\/schema\/person\/image\/","url":"https:\/\/secure.gravatar.com\/avatar\/41a61c327d24125228571dadd14748b0afd881e633e6e61518dacc4fef53cc93?s=96&d=mm&r=g","contentUrl":"https:\/\/secure.gravatar.com\/avatar\/41a61c327d24125228571dadd14748b0afd881e633e6e61518dacc4fef53cc93?s=96&d=mm&r=g","caption":"Xnet"}}]}},"_links":{"self":[{"href":"https:\/\/dev.xnet-x.net\/es\/wp-json\/wp\/v2\/posts\/23572","targetHints":{"allow":["GET"]}}],"collection":[{"href":"https:\/\/dev.xnet-x.net\/es\/wp-json\/wp\/v2\/posts"}],"about":[{"href":"https:\/\/dev.xnet-x.net\/es\/wp-json\/wp\/v2\/types\/post"}],"author":[{"embeddable":true,"href":"https:\/\/dev.xnet-x.net\/es\/wp-json\/wp\/v2\/users\/15"}],"replies":[{"embeddable":true,"href":"https:\/\/dev.xnet-x.net\/es\/wp-json\/wp\/v2\/comments?post=23572"}],"version-history":[{"count":12,"href":"https:\/\/dev.xnet-x.net\/es\/wp-json\/wp\/v2\/posts\/23572\/revisions"}],"predecessor-version":[{"id":23578,"href":"https:\/\/dev.xnet-x.net\/es\/wp-json\/wp\/v2\/posts\/23572\/revisions\/23578"}],"wp:featuredmedia":[{"embeddable":true,"href":"https:\/\/dev.xnet-x.net\/es\/wp-json\/wp\/v2\/media\/23575"}],"wp:attachment":[{"href":"https:\/\/dev.xnet-x.net\/es\/wp-json\/wp\/v2\/media?parent=23572"}],"wp:term":[{"taxonomy":"category","embeddable":true,"href":"https:\/\/dev.xnet-x.net\/es\/wp-json\/wp\/v2\/categories?post=23572"},{"taxonomy":"post_tag","embeddable":true,"href":"https:\/\/dev.xnet-x.net\/es\/wp-json\/wp\/v2\/tags?post=23572"}],"curies":[{"name":"wp","href":"https:\/\/api.w.org\/{rel}","templated":true}]}}