{"id":23303,"date":"2023-08-25T11:06:30","date_gmt":"2023-08-25T09:06:30","guid":{"rendered":"https:\/\/xnet-x.net\/es\/?p=23303"},"modified":"2023-09-05T08:32:29","modified_gmt":"2023-09-05T06:32:29","slug":"paquete-servicios-digitales-dsa-analisis-xnet","status":"publish","type":"post","link":"https:\/\/dev.xnet-x.net\/es\/posicion-xnet-dsa-package\/","title":{"rendered":"Entra en vigor el Paquete de Servicios Digitales: pros y contras para los derechos"},"content":{"rendered":"<p>Este mes de agosto, ha entrado en vigor el DSA, parte del Paquete de Servicios Digitales (Digital Service Act-DSA y Digital Market Act-DMA), un paquete legislativo (https:\/\/digital-strategy.ec.europa.eu\/es\/policies\/digital-services-act-package) que cambiar\u00e1, probablemente a mejor, internet como lo conocemos actualmente, es decir, un espacio que era libre y que ahora es ocupado por grandes poderes monopol\u00edsticos.<\/p>\n<p>Desde Xnet, llevamos a\u00f1os abogando (<a href=\"https:\/\/xnet-x.net\/es\/ley-fakeyou\/\" rel=\"noopener\" target=\"_blank\">https:\/\/xnet-x.net\/es\/ley-fakeyou\/<\/a>) por una ofensiva clara contra esta situaci\u00f3n. <\/p>\n<p>https:\/\/twitter.com\/X_net_\/status\/1447464578036772864<\/p>\n<p>Aunque el paquete legislativo se queda corto &#8211; por ejemplo, sigue segregando lo offline de lo online y no establece un corte decidido entre la libertad de expresi\u00f3n y el negocio de la (des)informaci\u00f3n -, es un avance que podemos utilizar.<\/p>\n<p>El DSA ha entrado en vigor el 25 de agosto de 2023, de forma progresiva, y ser\u00e1 de aplicaci\u00f3n completa a partir del 17 de febrero de 2024. Afecta a los proveedores de servicios de la sociedad de la informaci\u00f3n que act\u00faan como intermediarios (<a href=\"https:\/\/commission.europa.eu\/strategy-and-policy\/priorities-2019-2024\/europe-fit-digital-age\/digital-services-act-ensuring-safe-and-accountable-online-environment_es\" rel=\"noopener\" target=\"_blank\">https:\/\/commission.europa.eu\/strategy-and-policy\/priorities-2019-2024\/europe-fit-digital-age\/digital-services-act-ensuring-safe-and-accountable-online-environment_es<\/a>), tales como redes sociales, quienes almacenan datos como servicios en la nube y de alojamiento web; aquellos que ofrecen infraestructuras de red (proveedores de acceso a internet, registradores de nombres de dominio); plataformas en l\u00ednea como mercados en l\u00ednea, tiendas de aplicaciones y plataformas de econom\u00eda colaborativa.<\/p>\n<p>Cabe destacar a aquellas definidas como plataformas en l\u00ednea y motores de b\u00fasqueda de muy gran tama\u00f1o\u00bb (<a href=\"https:\/\/digital-strategy.ec.europa.eu\/en\/policies\/dsa-vlops\" rel=\"noopener\" target=\"_blank\">https:\/\/digital-strategy.ec.europa.eu\/en\/policies\/dsa-vlops<\/a>), es decir, aquellas que llegan a m\u00e1s del 10% de los 450 millones de consumidores europeos. Estas tendr\u00e1n mayores obligaciones en el \u00e1mbito de la transparencia, la prevenci\u00f3n de riesgos y los impactos sociales tipificados como il\u00edcitos en cuanto a su dise\u00f1o de sistemas de recomendaci\u00f3n o cualquier otro sistema algor\u00edtmico, sus sistemas de moderaci\u00f3n de contenidos, las condiciones generales de servicio, los sistemas de selecci\u00f3n de anuncios y otras pr\u00e1cticas relacionadas con los datos.<\/p>\n<p>Pero sobre todo, el DSA (y el DMA) <strong>nos servir\u00e1n para defender los derechos de las personas usuarias<\/strong>.<\/p>\n<p>El incumplimiento conlleva multas de hasta el 6% del volumen de negocio.<\/p>\n<p>Aqu\u00ed nuestro an\u00e1lisis sobre todo <strong>lo que hemos ganado<\/strong> con esta legislaci\u00f3n <strong>y d\u00f3nde se queda corta<\/strong>:<\/p>\n<ul>\n\u2022\tSe equipara la propaganda pol\u00edtica a la publicidad (Art.3 r), tal y como venimos defendiendo desde 2018 con nuestro manual de acci\u00f3n <a href=\"https:\/\/xnet-x.net\/es\/ley-fakeyou\/\" rel=\"noopener\" target=\"_blank\">#FakeYou<\/a>. Donde se queda floja respecto al modelo que proponemos es al definir \u201cpublicidad\u201d como \u201cinformaci\u00f3n dise\u00f1ada para promocionar un mensaje\u201d y difundida en l\u00ednea a cambio de remuneraci\u00f3n. Consideramos que la remuneraci\u00f3n ser\u00eda suficiente (y deber\u00eda aplicarse tambi\u00e9n fuera de l\u00ednea, dicho sea de paso). Introducir el tipo de \u00abdise\u00f1o\u00bb de la informaci\u00f3n abre la puerta a que <strong>la publicidad se dise\u00f1e cada vez m\u00e1s como noticia<\/strong>, un problema que ya estamos viendo. Las noticias muchas veces son en realidad publicidad de un bando u otro, es decir, remuneradas por un bando u otro, perdiendo su valor informativo o sea, no siendo verificadas. Creemos que aqu\u00ed se abre una brecha grave que va en direcci\u00f3n contraria a los objetivos que se dice querer obtener.<\/p>\n<p>\u2022\tPor otra parte (art\u00edculo 26), los prestadores de servicio deber\u00e1n permitir a los destinatarios del servicio identificar de manera clara, concisa e inequ\u00edvoca, en tiempo real y para cada anuncio <strong>que es un anuncio<\/strong>; qui\u00e9n lo ha pagado y si es la misma persona que se anuncia; los par\u00e1metros por los que lo est\u00e1n viendo y c\u00f3mo cambiarlo. Solo echamos en falta que se especifique la cantidad. N\u00f3tese que todo esto ya se hac\u00eda durante los per\u00edodos electorales y de forma voluntaria por parte de las grandes plataformas. (De paso, insistimos: en <a href=\"https:\/\/xnet-x.net\/es\/ley-fakeyou\/\" rel=\"noopener\" target=\"_blank\">#FakeYou<\/a> pedimos que esto se aplique tambi\u00e9n fuera de l\u00ednea). Los intermediarios de gran tama\u00f1o deber\u00e1n crear un repositorio (art\u00edculo 39).<\/p>\n<p>\u2022\tLos proveedores intermediarios no tienen responsabilidad si no \u201cseleccionan al receptor\u201d (Art.4 b). Esto es interesante por varios motivos. <strong>Es importante que el intermediario no sea responsable del contenido<\/strong> de quienes usan sus servicios, porque esto conducir\u00eda a transformar a los intermediarios en censores privados con criterios bastos y masivos aplicados a la libertad de expresi\u00f3n. Ahora bien, <strong>si un intermediario favorece un mensaje u otro para las personas usuarias<\/strong>, s\u00ed es responsable de esta elecci\u00f3n. Es sabido que el contenido polarizante favorece la permanencia de los usuarios en la plataforma. Este art\u00edculo es uno de los desincentivos de la Ley.<\/p>\n<p>\u2022\tEl Art\u00edculo 8 indica expresamente que <strong>no se monitorizar\u00e1<\/strong> a las personas usuarias. Un buen punto contra la vigilancia masiva.<\/p>\n<p>\u2022\tEn este sentido, se proh\u00edbe <strong>el perfilado<\/strong> (GDPR art.4.4) de los usuarios (art\u00edculo 26.3), pero <strong>se proh\u00edbe completamente solo en caso de menores<\/strong> (art\u00edculo 28). Para el resto, solo est\u00e1 prohibido si se utilizan datos de categor\u00eda especial como origen \u00e9tnico o racial, opiniones pol\u00edticas, convicciones religiosas o filos\u00f3ficas, afiliaci\u00f3n sindical, datos de salud, gen\u00e9ticos o biom\u00e9tricos u orientaci\u00f3n sexual. Nos parece <strong>una discriminaci\u00f3n<\/strong>, que ser\u00eda justificada solo si fuera aparejada de una libre opci\u00f3n de opt-in.<\/p>\n<p>\u2022\tEn cuanto a los sistemas de recomendaci\u00f3n (art\u00edculo 38), los proveedores de plataformas en l\u00ednea y motores de b\u00fasqueda en l\u00ednea de muy gran tama\u00f1o que utilicen sistemas de recomendaci\u00f3n ofrecer\u00e1n al menos una opci\u00f3n para cada uno de sus sistemas de recomendaci\u00f3n que no se base en la elaboraci\u00f3n de perfiles. En todo caso, la transparencia y la rendici\u00f3n de cuentas de los algoritmos, los sistemas publicitarios y de recomendaci\u00f3n (comerciales y pol\u00edticos) y los modelos comerciales de extracci\u00f3n de datos a\u00fan no son lo suficientemente tajantes y las personas pueden tener dificultades para ejercer plenamente sus derechos si no hay una afirmaci\u00f3n expl\u00edcita del derecho de autodeterminaci\u00f3n de la informaci\u00f3n de los usuarios mediante el aumento de su control sobre la informaci\u00f3n que comparten.<\/p>\n<p>\u2022\tSe plantea atacar la manipulaci\u00f3n de las personas usuarias. El art\u00edculo 25 proh\u00edbe expresamente los <em><a href=\"https:\/\/xnet-x.net\/es\/inteligencia-artificial-y-administracion-publica-4\/\" rel=\"noopener\" target=\"_blank\">dark patterns<\/a><\/em>, es decir, <strong>el dise\u00f1o manipulativo de los recorridos<\/strong> en una interfaz, como dar m\u00e1s protagonismo a determinadas opciones, solicitar reiteradamente que el destinatario del servicio elija una opci\u00f3n cuando ya se haya hecho esa elecci\u00f3n o hacer que el procedimiento para poner fin a un servicio sea m\u00e1s dif\u00edcil que suscribirse a \u00e9l. Adem\u00e1s, en el Art\u00edculo 14.5 se indica que los proveedores de plataformas en l\u00ednea y motores de b\u00fasqueda de muy gran tama\u00f1o ya no pueden tener t\u00e9rminos y condiciones incomprensibles y de decenas de p\u00e1ginas.<\/p>\n<p>\u2022\tPara su cumplimiento, adem\u00e1s del entramado institucional que depende en buena parte de los estados (aqu\u00ed habr\u00e1 trabajo XD), se cuenta con un cierto margen para la acci\u00f3n ciudadana. Se combaten las denuncias arbitrarias al tiempo que se obliga a tomar en serio las denuncias que no lo son (Art\u00edculo 23-24). Las plataformas privadas siguen conservar mucho margen para decidir sobre la ilegalidad del contenido, mientras que Xnet pide (<a href=\"https:\/\/xnet-x.net\/es\/ley-fakeyou\/\" rel=\"noopener\" target=\"_blank\">https:\/\/xnet-x.net\/es\/ley-fakeyou\/<\/a>) espec\u00edficamente cambiar el enfoque: para no afectar la libertad de expresi\u00f3n, obligaci\u00f3n de verificaci\u00f3n cuando hay \u00abnegocio\u00bb o responsabilidad de las instituciones, partidos pol\u00edticos, corporaciones y prensa.<\/p>\n<p>\u2022\tPor \u00faltimo, <strong>el acceso a la informaci\u00f3n es incluso inferior al permitido por la ley de transparencia<\/strong>, ya que para obtener informaci\u00f3n de las plataformas de muy gran tama\u00f1o no basta con pedir, hay que obtener una autorizaci\u00f3n como investigador (art\u00edculo 40), cuando la carga como m\u00ednimo deber\u00eda ser inversa.<\/p>\n<p>\u2022\tEn cuanto al DMA, ya est\u00e1 en vigor desde mayo-junio de 2023 (con multas de hasta el 20% del volumen de negocio), afecta a servicios de intermediaci\u00f3n, motores de b\u00fasqueda en l\u00ednea, redes sociales, plataformas de intercambio de v\u00eddeos, servicios de comunicaciones interpersonales, sistemas operativos, navegadores, asistentes virtuales, computaci\u00f3n en nube, servicios de publicidad en l\u00ednea y tiendas de aplicaciones inform\u00e1ticas. Introduce el concepto de \u00abguardianes de acceso\u00bb y se plantea en particular para intentar reducir su influencia, es decir, la concentraci\u00f3n monopol\u00edstica (<a href=\"https:\/\/digital-markets-act.ec.europa.eu\/dma-rules-digital-gatekeepers-ensure-open-markets-start-apply-2023-05-02_en\" rel=\"noopener\" target=\"_blank\">https:\/\/digital-markets-act.ec.europa.eu\/dma-rules-digital-gatekeepers-ensure-open-markets-start-apply-2023-05-02_en<\/a>), tambi\u00e9n <strong>evitando la transferencia de datos a terceros y ampliando fuertemente las obligaciones de interoperabilidad y portabilidad, permitiendo una configuraci\u00f3n m\u00e1s amplia sin discriminaci\u00f3n de los dispositivos por parte de los usuarios y la elecci\u00f3n de los programas que se instalan y desinstalan, lo que adem\u00e1s mejora la posici\u00f3n del software libre<\/strong>.<br \/>\n&nbsp;<\/p>\n<p>Traducci\u00f3n de un art\u00edculo publicado en 324:<br \/>\n<a href=\"https:\/\/www.ccma.cat\/324\/entra-en-vigor-el-paquet-de-serveis-digitals-com-ens-afecta-i-quin-impacte-te-a-la-xarxa\/noticia\/3247451\/?ext=SMA_WP_F4_CE24_\" rel=\"noopener\" target=\"_blank\">https:\/\/www.ccma.cat\/324\/entra-en-vigor-el-paquet-de-serveis-digitals-com-ens-afecta-i-quin-impacte-te-a-la-xarxa\/noticia\/3247451\/?ext=SMA_WP_F4_CE24_<\/a><br \/>\n&nbsp;<\/p>\n<div style=\"font-size:100%;margin:6px 0;border: 1px solid #e00f2f;padding: 20px 5% 10px\">\n<em>Actualizaci\u00f3n a d\u00eda 24\/4\/22<\/em><\/p>\n<p>El pasado 22-23 de abril de 2022 tuvo lugar el quinto y \u00faltimo per\u00edodo de negociaciones sobre la #DSA entre las instituciones europeas. <\/p>\n<p><strong>El voto definitivo en el Parlamento Europeo est\u00e1 previsto que tenga lugar en Julio de 2022.<\/strong><br \/>\n&nbsp;<\/p>\n<p><strong>Logros obtenidos:<\/strong><\/p>\n<p>Es una buena noticia que el filtrado preventivo del contenido y las responsabilidades sobre la moderaci\u00f3n de contenidos se hayan esclarecido. Los mecanismos de apelaci\u00f3n y reparaci\u00f3n de la DSA permitir\u00e1n a los usuarios se\u00f1alar contenidos en l\u00ednea potencialmente ilegales a los intermediarios, quienes deber\u00e1n reaccionar mediante un proceso transparente. Estos intermediarios no se ver\u00e1n amenazados por una responsabilidad legal al inicio de este procedimiento, lo cual facilitar\u00e1 su propio transcurso.<\/p>\n<p>Una propuesta de \u00faltima hora que habr\u00eda obligado a los motores de b\u00fasqueda a eliminar de los resultados de las b\u00fasquedas los contenidos y sitios web ilegales, convirti\u00e9ndolos en una herramienta de censura y poniendo en riesgo la libertad de expresi\u00f3n, se consigui\u00f3 que se rechazara finalmente.<\/p>\n<p>Adem\u00e1s, se descart\u00f3 la obligaci\u00f3n de registrar los tel\u00e9fonos m\u00f3viles de quienes difundan contenidos pornogr\u00e1ficos en plataformas, lo que habr\u00eda abordado de forma inadecuada los abusos sexuales con im\u00e1genes y la desnudez no consentida, adem\u00e1s de reducir el anonimato en l\u00ednea.<br \/>\n&nbsp;<\/p>\n<p><strong>Medias tintas:<\/strong><\/p>\n<p>&#8211; La prohibici\u00f3n del uso de datos personales sensibles para la presentaci\u00f3n dirigida de anuncios en l\u00ednea fue una adici\u00f3n positiva en la que la DSA complementa el Reglamento General de Protecci\u00f3n de Datos (GDPR), prohibiendo as\u00ed esta pr\u00e1ctica invasiva. A\u00fan as\u00ed, queda camino por recorrer, puesto que esta prohibici\u00f3n solo se aplica a las plataformas en l\u00ednea y por ende deja fuera gran parte de las redes publicitarias existentes.<\/p>\n<p>&#8211; La prohibici\u00f3n de los llamados dark patterns, pr\u00e1cticas manipuladoras en l\u00ednea o patrones oscuros, aunque no habr\u00e1 una \u201clista obligatoria\u201d de estas pr\u00e1cticas sino s\u00f3lo ejemplos vinculados a posibles orientaciones dadas por la Comisi\u00f3n.<\/p>\n<p>&#8211; Cuanto a \u00abtrusted flaggers\u00bb, el Consejo ha ganado sobre qui\u00e9n puede ser considerado como una organizaci\u00f3n cuyos avisos de contenido ilegal son tratados de forma prioritaria por una plataforma online. Los negociadores acordaron eliminar el requisito de representar el \u00abinter\u00e9s colectivo\u00bb, lo que significa que los titulares de derechos podr\u00e1n se\u00f1alar las infracciones de derechos de autor.<\/p>\n<p>Mucho de todo esto depender\u00e1 del \u00e9xito de su aplicaci\u00f3n: la DSA s\u00f3lo tendr\u00e1 sentido si la ley se aplica y se hace cumplir de forma efectiva. Adem\u00e1s conlleva ciertos peligros.<br \/>\n&nbsp;<\/p>\n<p><strong>Peligros:<\/strong><\/p>\n<p>Es probable que la parte m\u00e1s dif\u00edcil de la DSA est\u00e9 por llegar ya que depende de su transposici\u00f3n en los estados.<\/p>\n<p>El texto de la DSA carece de garant\u00edas suficientes para el usuario y sigue impulsando conceptos vagos abiertos a peligrosas interpretaciones err\u00f3neas:<\/p>\n<p>&#8211; Las microempresas y las peque\u00f1as empresas seguir\u00e1n estando exentas de algunas normas. Pero tendr\u00e1 que verse si la exenci\u00f3n para las PYMES reconoce la necesidad de tratar de forma diferente a los actores sin \u00e1nimo de lucro, como los repositorios educativos y cient\u00edficos, los archivos digitales y las bibliotecas, o simplemente crea una laguna legal en beneficio exclusivo de las entidades comerciales. Es probable que la carga de cumplimiento prevista ser\u00e1 tan elevada que la DSA corre el riesgo de consolidar la posici\u00f3n de las grandes empresas tecnol\u00f3gicas en detrimento de los actores m\u00e1s peque\u00f1os, aniquilando cualquier efecto positivo en el mercado derivado de la DMA. <\/p>\n<p>&#8211; Se ha introducido un mecanismo de crisis que podr\u00eda ser f\u00e1cilmente mal utilizado. Sus garant\u00edas siguen siendo vagas. Por ejemplo, es dif\u00edcil decir qu\u00e9 constituye exactamente una crisis seg\u00fan este art\u00edculo.<br \/>\nSe ha incorporado gracias a las presiones de la sociedad civil alguna salvaguarda respecto a la versi\u00f3n inicial del mismo, como por ejemplo, la Comisi\u00f3n Europea ya no dispondr\u00e1 de un poder ejecutivo sin control para declarar un \u00abestado de emercencia digital\u00bb, sino que s\u00f3lo podr\u00e1 activar este mecanismo si la mayor\u00eda de los organismos reguladores nacionales -por tanto, m\u00e1s de la mitad de los Estados miembros- est\u00e1n de acuerdo. La Comisi\u00f3n no podr\u00e1 prescribir acciones espec\u00edficas a las plataformas, sino indicarles qu\u00e9 contenidos son peligrosos y deben ser moderados. Las acciones pueden ir desde la supresi\u00f3n, pasando por la limitaci\u00f3n de la visibilidad, hasta el cambio del contenido. Cualquier demanda de este tipo por parte de la Comisi\u00f3n debe hacerse p\u00fablica inmediatamente y todo el mecanismo caduca a los tres meses de haberse activado. <\/p>\n<\/div>\n<div style=\"font-size:100%;margin:6px 0;border: 1px solid #e00f2f;padding: 20px 5% 10px\">\n<em>Actualizaci\u00f3n a 20 de enero de 2022<\/em><\/p>\n<p>En el voto del Europarlamento al #DSA (<a href=\"https:\/\/twitter.com\/hashtag\/DSA?src=hashtag_click\" rel=\"noopener\" target=\"_blank\">https:\/\/twitter.com\/hashtag\/DSA?src=hashtag_click<\/a>) se obtuvieron importantes victorias para la sociedad civil en todos los puntos sensibles. No bajemos la guardia. Comienzan los tri\u00e1logos. \u00a1Seguimos!<br \/>\n&nbsp;<\/p>\n<p>Aqu\u00ed los avances -><\/p>\n<p>Adtech:<br \/>\nAmpliada la limitaci\u00f3n a datos personales sensibles como las creencias pol\u00edticas y religiosas y la orientaci\u00f3n sexual.<br \/>\nNegar el consentimiento para el tratamiento de datos personales no podr\u00e1 ser m\u00e1s complejo que darlo, y negar el consentimiento no debe ser penalizado con la inhabilitaci\u00f3n de funcionalidades.<\/p>\n<p>Exenci\u00f3n para los medios de comunicaci\u00f3n:<br \/>\nEn los requisitos de los t\u00e9rminos y condiciones, se exige a las plataformas que tengan en cuenta la Carta de Derechos Fundamentales, incluida la libertad de los medios de comunicaci\u00f3n.<br \/>\nLos t\u00e9rminos y condiciones, si violan los derechos fundamentales, no podr\u00e1n ser vinculantes para lxs usuarixs.<\/p>\n<p>Patrones oscuros:<br \/>\nLos eurodiputados conservadores consiguieron que se votaran por separado las medidas contra los patrones oscuros (art\u00edculo 13 bis), pero no tuvieron \u00e9xito en su intento de acabar con el art\u00edculo.<br \/>\nEl art\u00edculo proh\u00edbe expl\u00edcitamente el uso de t\u00e9cnicas espec\u00edficas para extorsionar el consentimiento para la recogida de datos personales.\n<\/p><\/div>\n<div style=\"font-size:100%;margin:6px 0;border: 1px solid #e00f2f;padding: 20px 5% 10px\">\n<p><em>Actualizaci\u00f3n a 14 de enero de 2022<\/em><\/p>\n<p>Los d\u00edas 19 y 20 de enero se vota en el Pleno del Parlamento Europeo el texto de la #DSA que guiar\u00e1 la posici\u00f3n del Parlamento durante las negociaciones entre las instituciones europeas (trilogos). Pueden plantearse algunas enmiendas y peticiones de \u00faltima hora sobre lo discutido el 14 de diciembre:<br \/>\n<a href=\"https:\/\/www.europarl.europa.eu\/doceo\/document\/A-9-2021-0356_EN.html\" rel=\"noopener\" target=\"_blank\">https:\/\/www.europarl.europa.eu\/doceo\/document\/A-9-2021-0356_EN.html<\/a><\/p>\n<p>La sociedad civil organizada hemos conseguido mejorar diversos aspectos del texto inicial como:<\/p>\n<p>&#8211; Reducir los da\u00f1os del filtrado preventivo del contenido.<\/p>\n<p>&#8211; Limitaci\u00f3n de responsabilidades de los proveedores de servicios.<\/p>\n<p>&#8211; Conseguir la prohibici\u00f3n de los #darkpatterns.<\/p>\n<p>&#8211; Reducir los ataques a la encriptaci\u00f3n.<\/p>\n<p>&#8211; Aumentar los requisitos de transparencia, por ejemplo, en la moderaci\u00f3n de contenidos.<\/p>\n<p>&#8211; En el texto de la DMA, adem\u00e1s, se ha conseguido que no haya una priorizaci\u00f3n de aplicaciones por defecto y que los usuarios puedan escoger las aplicaciones. Adem\u00e1s los proveedores de servicio no pueden mezclar los datos que recogen de los usuarios con otros obtenidos de otras fuentes, entre otros avances (<a href=\"https:\/\/www.eff.org\/deeplinks\/2020\/12\/eus-digital-markets-act-there-lot-room-improvement\" rel=\"noopener\" target=\"_blank\">https:\/\/www.eff.org\/deeplinks\/2020\/12\/eus-digital-markets-act-there-lot-room-improvement<\/a>).<br \/>\n&nbsp;<\/p>\n<p>Debemos seguir vigilantes para que las mejoras se mantengan y no se incluyan en \u00faltimo momento, en los tr\u00edlogos o cuando se transponga, elementos liberticidas como:<\/p>\n<p>&#8211; No se ha hecho suficiente en relaci\u00f3n con los anuncios online basados en seguimientos y perfilado. Todav\u00eda el europarlamento puede votar para  al menos prohibir los anuncios de seguimiento basados en datos personales confidenciales (recopilados e inferidos). Lo mismo con los sistemas de recomendaci\u00f3n de contenidos, con el riesgo adem\u00e1s de que queden centralizados en pocas manos. Para m\u00e1s informaciones v\u00e9ase lo que defendemos en <a href=\"https:\/\/xnet-x.net\/es\/informe-fake-news-desinformacion\/\" rel=\"noopener\" target=\"_blank\">#FakeYou<\/a> \u2013 Fake News y Desinformaci\u00f3n\u00bb Gobiernos, partidos pol\u00edticos, mass media, corporaciones, grandes fortunas: monopolios de la manipulaci\u00f3n informativa y recortes de la libertad de expresi\u00f3n.<br \/>\n<a href=\"https:\/\/xnet-x.net\/es\/informe-fake-news-desinformacion\/\" rel=\"noopener\" target=\"_blank\">https:\/\/xnet-x.net\/es\/informe-fake-news-desinformacion\/<\/a><\/p>\n<p>&#8211; Exenci\u00f3n sobre los contenidos publicados por \u00abeditores\u00bb o \u00abproveedores de contenidos editoriales\u00bb (press publishers) en relaci\u00f3n con la moderaci\u00f3n de contenidos (media exemption) que producir\u00eda una libertad de expresi\u00f3n a dos velocidades y una protecci\u00f3n de la propaganda sist\u00e9mica sobre la libre informaci\u00f3n; o<\/p>\n<p>&#8211; Enmiendas que atenten al anonimato. <\/p>\n<p>&#8211; Deben mejorarse las previsiones relativas a la obligaci\u00f3n de interoperabilidad de los proveedores de servicio y plataformas, incluso inferiores que en la DMA, donde se prev\u00e9 la interoperabilidad solo de servicios complementarios de los mismos, como de anuncios o pagos, y no de los servicios b\u00e1sicos que ofrecen.<br \/>\n<a href=\"https:\/\/www.eff.org\/deeplinks\/2021\/12\/digital-services-act-eu-parliaments-key-committee-avoids-filternet-made-europe\" rel=\"noopener\" target=\"_blank\">https:\/\/www.eff.org\/deeplinks\/2021\/12\/digital-services-act-eu-parliaments-key-committee-avoids-filternet-made-europe<\/a><\/p>\n<p>&#8211; Sobre la moderaci\u00f3n de contenidos se est\u00e1 confiando demasiado en \u00abtrusted flaggers\u00bb, dando prioridad a sus denuncias de contenidos, pudiendo ser estos las fuerzas de seguridad o empresas.<br \/>\n<a href=\"https:\/\/xnet.maadix.org\/nextcloud\/index.php\/s\/GTCjZ4a5A6b5pG9\" rel=\"noopener\" target=\"_blank\">https:\/\/xnet.maadix.org\/nextcloud\/index.php\/s\/GTCjZ4a5A6b5pG9<\/a><\/p>\n<p>&#8211; Tambi\u00e9n se ha previsto la posibilidad de que autoridades no judiciales puedan solicitar datos de usuarios, lo cual debe corregirse.\n<\/p><\/div>\n<p>&nbsp;<\/p>\n<p><em><strong>Primera publicaci\u00f3n del post: 8 de octubre de 2021<\/strong><\/em><\/p>\n<p>La reforma necesaria del marco jur\u00eddico sobre servicios digitales (e-commerce Directive, nuestra LSSI) est\u00e1 a punto de llevarse a cabo con el Digital Services Act Package (Digital Services Act (DSA) y Digital Markets Act (DMA)).<\/p>\n<p>Este conjunto de medidas emprende una actualizaci\u00f3n necesaria del marco jur\u00eddico europeo, pero contiene algunos elementos y tendencias peligrosos en relaci\u00f3n con nuestros derechos y libertades en la era digital, que pueden tener graves consecuencias para el futuro.<\/p>\n<p>Debemos oponernos a l<strong>a gesti\u00f3n institucional y privada de la libertad de expresi\u00f3n de la sociedad<\/strong>. Esto implicar\u00eda otorgar prerrogativas liberticidas a ambos poderes (instituciones y grandes corporaciones de los contenidos online), no dignas de unas democracias y que sofocar\u00edan todo tipo de disidencia en un escenario de pensamiento \u00fanico orwelliano.<\/p>\n<p>Debemos oponernos no solo porque es liberticida, sino que porque es un enfoque equivocado para luchar contra contenidos delictivos y desinformaci\u00f3n.<br \/>\n&nbsp;<\/p>\n<p>Pedimos a las y los europarlamentarios que frenen los principales peligros de esta legislaci\u00f3n:<\/p>\n<h4>1 &#8211; Filtrado preventivo del contenido, responsabilidades (liability and general monitoring) y moderaci\u00f3n de contenidos<\/h4>\n<p>Xnet siempre ha defendido que se debe castigar el negocio de la viralizaci\u00f3n de contenidos il\u00edcitos y no la libertad de expresi\u00f3n. Tal y como exponemos en nuestro libro <a href=\"https:\/\/xnet-x.net\/es\/ley-fakeyou\/\" rel=\"noopener\" target=\"_blank\">#FakeYou<\/a>, no se debe fomentar la censura de contenido, sino la obligaci\u00f3n de verificaci\u00f3n para las instituciones, los partidos y quien paga y cobra por la creaci\u00f3n y viralizaci\u00f3n de contenido.<\/p>\n<p>No hay otra opci\u00f3n real. Todo lo otro es solo perpetrar un negocio que conviene a los partidos, acallando a la vez las voces cr\u00edticas. <a href=\"https:\/\/www.accessnow.org\/apple-google-censor-russian-elections\/\" rel=\"noopener\" target=\"_blank\">Aqu\u00ed un ejemplo en Rusia<\/a>.<\/p>\n<p>\u00bfQuiere la UE equipararse a Rusia cuanto a libertad de expresi\u00f3n?<br \/>\nEn el <a href=\"https:\/\/www.europarl.europa.eu\/doceo\/document\/IMCO-PR-693594_EN.html\" rel=\"noopener\" target=\"_blank\">informe del IMCO sobre el Paquete DSA del 28 de mayo <\/a>se ha llegado al grav\u00edsimo extremo de considerar contenido eliminable de inmediato de forma administrativa contenido que \u00abda\u00f1e las  pol\u00edticas p\u00fablicas\u00bb (l\u00e9ase \u00abque critique lo que diga el gobierno\u00bb) y preservar por encima del resto de la poblaci\u00f3n las \u00abcuentas relevantes\u00bb (l\u00e9ase de los pol\u00edticos, principales autores de la polarizaci\u00f3n social y principales financiadores de la industria de la (des)informaci\u00f3n).<br \/>\nEn ning\u00fan caso es admisible la exenci\u00f3n planteada por el sector period\u00edstico sobre para que los contenidos publicados por \u00abeditores\u00bb o \u00abproveedores de contenidos editoriales\u00bb (press publishers) no sean objeto de moderaci\u00f3n alguna por parte de las plataformas y proveedores de servicio (media exemption). Ello producir\u00eda una libertad de expresi\u00f3n a dos velocidades y una protecci\u00f3n de la propaganda sist\u00e9mica sobre la libre informaci\u00f3n.<\/p>\n<p>Esta es una tendencia digna de estados totalitarios y apelamos al deber de los europarlamentarios de defender los derechos humanos para que rectifiquen esta tendencia. <\/p>\n<p>EL enfoque que responsabiliza los proveedores de servicio del contenido de los usuarios (ya aplicado en la pol\u00e9mica Directiva de copyright (<a href=\"https:\/\/www.infolibre.es\/opinion\/plaza-publica\/inminente-decretazo-copyright_1_1197653.html\" rel=\"noopener\" target=\"_blank\">https:\/\/www.infolibre.es\/opinion\/plaza-publica\/inminente-decretazo-copyright_1_1197653.html<\/a>) induce <a href=\"https:\/\/www.infolibre.es\/opinion\/plaza-publica\/inminente-decretazo-copyright_1_1197653.html\" rel=\"noopener\" target=\"_blank\">censura automatizada por parte de estos<\/a>, para evitar responsabilidades. Por ello la limitaci\u00f3n de las responsabilidades de los proveedores de servicios, la no obligaci\u00f3n de monitoreo constante que impedir\u00eda el florecer de emprendimientos por lo oneroso que resultar\u00eda as\u00ed como el establecimiento de plazos suficientemente amplios para que revisen las denuncias de contenidos por parte de los usuarios es esencial.<\/p>\n<p>En esta moderaci\u00f3n de contenidos por parte de las plataformas y proveedores de servicio se est\u00e1 confiando demasiado en \u00abtrusted flaggers\u00bb, dando prioridad a sus denuncias de contenidos, pudiendo ser estos las fuerzas de seguridad o empresas (<a href=\"https:\/\/xnet.maadix.org\/nextcloud\/index.php\/s\/GTCjZ4a5A6b5pG9\" rel=\"noopener\" target=\"_blank\">https:\/\/xnet.maadix.org\/nextcloud\/index.php\/s\/GTCjZ4a5A6b5pG9<\/a>).<br \/>\n&nbsp;<\/p>\n<h4>2 &#8211; Anuncios online (comerciales o pol\u00edticos) y sistemas de recomendaci\u00f3n (Adtech and recommender systems)<\/h4>\n<p>La privacidad debe garantizarse desde el dise\u00f1o y por defecto, sin publicidad personalizada por defecto. El uso de datos personales debe estar desactivado de forma predeterminada. Solo debe permitirse la recepci\u00f3n opcional de anuncios personalizados con datos proporcionados voluntariamente por la o el usuario con su consentimiento expl\u00edcito libremente otorgado (sin el uso de dark patterns y otras pr\u00e1cticas) y no masivo (opt-in).<br \/>\nEllo conllevar\u00eda eliminar el rastreo por parte de terceros y perfilado.<br \/>\n<a href=\"https:\/\/xnet-x.net\/es\/nuestra-posicion-sobre-adtech\/\" rel=\"noopener\" target=\"_blank\">La regulaci\u00f3n NO debe diferir entre online y offline<\/a>.<br \/>\nPor otra parte, <a href=\"https:\/\/www.wsj.com\/articles\/the-facebook-files-11631713039?mod=bigtop-breadcrumb\" rel=\"noopener\" target=\"_blank\">cada vez hay m\u00e1s pruebas <\/a>de que la forma en que funcionan los sistemas de recomendaci\u00f3n propiedad de las plataformas tienen grandes consecuencias en la polarizaci\u00f3n del debate. En este sentido, se deben regular adem\u00e1s de permitir que sean generados externamente a las plataformas. Las y los usuarios deben poder elegir entre diferentes sistemas, incluidos los creados por, por ejemplo, <a href=\"https:\/\/edri.org\/our-work\/can-the-eu-digital-services-act-contest-the-power-of-big-techs-algorithms\/\" rel=\"noopener\" target=\"_blank\">organizaciones ONGs o especialistas en diversas tem\u00e1ticas<\/a>.<br \/>\n&nbsp;<\/p>\n<h4>3 &#8211; Transparencia e interoperabilidad y no priorizaci\u00f3n de productos<\/h4>\n<p>Debe haber transparencia en c\u00f3mo se generan los algoritmos de recomendaci\u00f3n y de priorizaci\u00f3n adem\u00e1s de transparencia en qui\u00e9n financia los anuncios online (y offline).<br \/>\nLas configuraciones y contenidos deben poderse cancelar y portar a otras plataformas.<br \/>\nSe debe impedir la consolidaci\u00f3n de silos de datos en favor de la usabilidad de los datos para el inter\u00e9s general.<br \/>\nLa interoperabilidad debe ser la norma: plataformas, sistemas operativos, incluso antenas (ver enmienda 57). Adem\u00e1s, la interoperabilidad y transparencia deben aplicarse para que las y los usuarios puedan calibrar sus propios filtros o administrar el contenido.<br \/>\nApoyamos las posiciones de algunos pa\u00edses que abogan para que los productos y programas no puedan venir por defecto priorizados (FR), como por ejemplo la preinstalaci\u00f3n de apps en sistemas operativos (NL) y no limitarse a permitir la desinstalaci\u00f3n como indica el texto legislativo hasta ahora.<br \/>\n&nbsp;<\/p>\n<h4>4 &#8211; Entidad de control europea independiente<\/h4>\n<p>Frente a la propuesta de crear entidades nacionales de control o de reciclar las de protecci\u00f3n de datos a tal fin, apoyamos las posturas como las de algunos pa\u00edses (IE) que indican que las Autoridades de Protecci\u00f3n de Datos nacionales de momento tienen todav\u00eda muchos problemas de lentitud y falta de proactividad por c\u00f3mo han sido dise\u00f1adas. Es preferible una entidad supranacional bien regulada que permita evitar los sesgos nacionales, las puertas giratorias y la corrupci\u00f3n adem\u00e1s de poder aplicar criterios m\u00e1s neutrales.<br \/>\n&nbsp;<\/p>\n<h4>5 &#8211; Otros<\/h4>\n<p>&#8211; Medidas anti-SLAPPs por las graves asimetr\u00edas de defensa que pueden haber y que pueden socavar la libertad de expresi\u00f3n.<br \/>\n&#8211; Impedir las interferencias en comunicaciones interpersonales: no deben aplicarse las mismas normas a lo que se comunica p\u00fablicamente v\u00eda redes sociales que a lo que se comunica en la intimidad de los servicios de mensajer\u00eda. <\/p>\n<p>&nbsp;<\/p>\n<p>Para m\u00e1s informaciones ver &#8211; Como coalici\u00f3n escribimos al Euro Parlamento sobre el respeto de los derechos humanos en el DSA package.<br \/>\n<a href=\"https:\/\/www.accessnow.org\/cms\/assets\/uploads\/2021\/09\/DSA_Joint_Letter_MEPs.pdf\" rel=\"noopener\" target=\"_blank\">https:\/\/www.accessnow.org\/cms\/assets\/uploads\/2021\/09\/DSA_Joint_Letter_MEPs.pdf<\/a><\/p>","protected":false},"excerpt":{"rendered":"<p>Este mes de agosto, ha entrado en vigor el DSA, parte del Paquete de Servicios Digitales (Digital Service Act-DSA y Digital Market Act-DMA), un paquete legislativo (https:\/\/digital-strategy.ec.europa.eu\/es\/policies\/digital-services-act-package) que cambiar\u00e1, probablemente a mejor, internet como lo conocemos actualmente, es decir, un espacio que era libre y que ahora es ocupado por grandes poderes monopol\u00edsticos. Desde Xnet, [&hellip;]<\/p>\n","protected":false},"author":15,"featured_media":23911,"comment_status":"closed","ping_status":"closed","sticky":false,"template":"","format":"standard","meta":{"footnotes":""},"categories":[52],"tags":[],"class_list":["post-23303","post","type-post","status-publish","format-standard","has-post-thumbnail","hentry","category-blog","ejes-neutralidad-de-la-red","servicios-recomendaciones-de-politicas"],"yoast_head":"<!-- This site is optimized with the Yoast SEO plugin v26.7 - https:\/\/yoast.com\/wordpress\/plugins\/seo\/ -->\n<title>Paquete de Servicios Digitales (DSA), el an\u00e1lisis de Xnet<\/title>\n<meta name=\"description\" content=\"DSA cambia la din\u00e1mica online. Qu\u00e9 hemos ganado con esta legislaci\u00f3n y d\u00f3nde se queda corta.\" \/>\n<meta name=\"robots\" content=\"index, follow, max-snippet:-1, max-image-preview:large, max-video-preview:-1\" \/>\n<link rel=\"canonical\" href=\"https:\/\/dev.xnet-x.net\/es\/posicion-xnet-dsa-package\/\" \/>\n<meta name=\"twitter:label1\" content=\"Escrito por\" \/>\n\t<meta name=\"twitter:data1\" content=\"Xnet\" \/>\n\t<meta name=\"twitter:label2\" content=\"Tiempo de lectura\" \/>\n\t<meta name=\"twitter:data2\" content=\"21 minutos\" \/>\n<script type=\"application\/ld+json\" class=\"yoast-schema-graph\">{\"@context\":\"https:\/\/schema.org\",\"@graph\":[{\"@type\":\"Article\",\"@id\":\"https:\/\/dev.xnet-x.net\/es\/posicion-xnet-dsa-package\/#article\",\"isPartOf\":{\"@id\":\"https:\/\/dev.xnet-x.net\/es\/posicion-xnet-dsa-package\/\"},\"author\":{\"name\":\"Xnet\",\"@id\":\"https:\/\/dev.xnet-x.net\/es\/#\/schema\/person\/02880890b95968f2b3bd4cfd79843d49\"},\"headline\":\"Entra en vigor el Paquete de Servicios Digitales: pros y contras para los derechos\",\"datePublished\":\"2023-08-25T09:06:30+00:00\",\"dateModified\":\"2023-09-05T06:32:29+00:00\",\"mainEntityOfPage\":{\"@id\":\"https:\/\/dev.xnet-x.net\/es\/posicion-xnet-dsa-package\/\"},\"wordCount\":4254,\"publisher\":{\"@id\":\"https:\/\/dev.xnet-x.net\/es\/#organization\"},\"image\":{\"@id\":\"https:\/\/dev.xnet-x.net\/es\/posicion-xnet-dsa-package\/#primaryimage\"},\"thumbnailUrl\":\"https:\/\/dev.xnet-x.net\/img\/packageDSA.jpg\",\"articleSection\":[\"Blog - Nuestras acciones\"],\"inLanguage\":\"es\"},{\"@type\":\"WebPage\",\"@id\":\"https:\/\/dev.xnet-x.net\/es\/posicion-xnet-dsa-package\/\",\"url\":\"https:\/\/dev.xnet-x.net\/es\/posicion-xnet-dsa-package\/\",\"name\":\"Paquete de Servicios Digitales (DSA), el an\u00e1lisis de Xnet\",\"isPartOf\":{\"@id\":\"https:\/\/dev.xnet-x.net\/es\/#website\"},\"primaryImageOfPage\":{\"@id\":\"https:\/\/dev.xnet-x.net\/es\/posicion-xnet-dsa-package\/#primaryimage\"},\"image\":{\"@id\":\"https:\/\/dev.xnet-x.net\/es\/posicion-xnet-dsa-package\/#primaryimage\"},\"thumbnailUrl\":\"https:\/\/dev.xnet-x.net\/img\/packageDSA.jpg\",\"datePublished\":\"2023-08-25T09:06:30+00:00\",\"dateModified\":\"2023-09-05T06:32:29+00:00\",\"description\":\"DSA cambia la din\u00e1mica online. Qu\u00e9 hemos ganado con esta legislaci\u00f3n y d\u00f3nde se queda corta.\",\"breadcrumb\":{\"@id\":\"https:\/\/dev.xnet-x.net\/es\/posicion-xnet-dsa-package\/#breadcrumb\"},\"inLanguage\":\"es\",\"potentialAction\":[{\"@type\":\"ReadAction\",\"target\":[[\"https:\/\/dev.xnet-x.net\/es\/posicion-xnet-dsa-package\/\"]]}]},{\"@type\":\"ImageObject\",\"inLanguage\":\"es\",\"@id\":\"https:\/\/dev.xnet-x.net\/es\/posicion-xnet-dsa-package\/#primaryimage\",\"url\":\"https:\/\/dev.xnet-x.net\/img\/packageDSA.jpg\",\"contentUrl\":\"https:\/\/dev.xnet-x.net\/img\/packageDSA.jpg\",\"width\":838,\"height\":420},{\"@type\":\"BreadcrumbList\",\"@id\":\"https:\/\/dev.xnet-x.net\/es\/posicion-xnet-dsa-package\/#breadcrumb\",\"itemListElement\":[{\"@type\":\"ListItem\",\"position\":1,\"name\":\"Portada\",\"item\":\"https:\/\/dev.xnet-x.net\/es\/\"},{\"@type\":\"ListItem\",\"position\":2,\"name\":\"Entra en vigor el Paquete de Servicios Digitales: pros y contras para los derechos\"}]},{\"@type\":\"WebSite\",\"@id\":\"https:\/\/dev.xnet-x.net\/es\/#website\",\"url\":\"https:\/\/dev.xnet-x.net\/es\/\",\"name\":\"[:es]Xnet - Internet, derechos y democracia en la era digital[:ca]Xnet - Internet, drets i democr\u00e0cia en l'era digital[:en]Xnet - Internet freedoms & digital rights[:]\",\"description\":\"Xnet: Internet, informaci\u00f3n y cultura libres. Tecnopol\u00edtica. Datos, algoritmos y derechos digitales. Libertad de expresi\u00f3n. Democracia y anticorrupci\u00f3n\",\"publisher\":{\"@id\":\"https:\/\/dev.xnet-x.net\/es\/#organization\"},\"potentialAction\":[{\"@type\":\"SearchAction\",\"target\":{\"@type\":\"EntryPoint\",\"urlTemplate\":\"https:\/\/dev.xnet-x.net\/es\/?s={search_term_string}\"},\"query-input\":{\"@type\":\"PropertyValueSpecification\",\"valueRequired\":true,\"valueName\":\"search_term_string\"}}],\"inLanguage\":\"es\"},{\"@type\":\"Organization\",\"@id\":\"https:\/\/dev.xnet-x.net\/es\/#organization\",\"name\":\"Xnet - Internet, derechos y democracia en la era digital\",\"url\":\"https:\/\/dev.xnet-x.net\/es\/\",\"logo\":{\"@type\":\"ImageObject\",\"inLanguage\":\"es\",\"@id\":\"https:\/\/dev.xnet-x.net\/es\/#\/schema\/logo\/image\/\",\"url\":\"https:\/\/xnet-x.net\/img\/xnet-logo.png\",\"contentUrl\":\"https:\/\/xnet-x.net\/img\/xnet-logo.png\",\"width\":512,\"height\":512,\"caption\":\"Xnet - Internet, derechos y democracia en la era digital\"},\"image\":{\"@id\":\"https:\/\/dev.xnet-x.net\/es\/#\/schema\/logo\/image\/\"},\"sameAs\":[\"http:\/\/facebook.com\/RedX.Net\/\",\"https:\/\/x.com\/x_net_\",\"https:\/\/es.wikipedia.org\/wiki\/Xnet\"]},{\"@type\":\"Person\",\"@id\":\"https:\/\/dev.xnet-x.net\/es\/#\/schema\/person\/02880890b95968f2b3bd4cfd79843d49\",\"name\":\"Xnet\",\"image\":{\"@type\":\"ImageObject\",\"inLanguage\":\"es\",\"@id\":\"https:\/\/dev.xnet-x.net\/es\/#\/schema\/person\/image\/\",\"url\":\"https:\/\/secure.gravatar.com\/avatar\/41a61c327d24125228571dadd14748b0afd881e633e6e61518dacc4fef53cc93?s=96&d=mm&r=g\",\"contentUrl\":\"https:\/\/secure.gravatar.com\/avatar\/41a61c327d24125228571dadd14748b0afd881e633e6e61518dacc4fef53cc93?s=96&d=mm&r=g\",\"caption\":\"Xnet\"}}]}<\/script>\n<!-- \/ Yoast SEO plugin. -->","yoast_head_json":{"title":"Paquete de Servicios Digitales (DSA), el an\u00e1lisis de Xnet","description":"DSA cambia la din\u00e1mica online. Qu\u00e9 hemos ganado con esta legislaci\u00f3n y d\u00f3nde se queda corta.","robots":{"index":"index","follow":"follow","max-snippet":"max-snippet:-1","max-image-preview":"max-image-preview:large","max-video-preview":"max-video-preview:-1"},"canonical":"https:\/\/dev.xnet-x.net\/es\/posicion-xnet-dsa-package\/","twitter_misc":{"Escrito por":"Xnet","Tiempo de lectura":"21 minutos"},"schema":{"@context":"https:\/\/schema.org","@graph":[{"@type":"Article","@id":"https:\/\/dev.xnet-x.net\/es\/posicion-xnet-dsa-package\/#article","isPartOf":{"@id":"https:\/\/dev.xnet-x.net\/es\/posicion-xnet-dsa-package\/"},"author":{"name":"Xnet","@id":"https:\/\/dev.xnet-x.net\/es\/#\/schema\/person\/02880890b95968f2b3bd4cfd79843d49"},"headline":"Entra en vigor el Paquete de Servicios Digitales: pros y contras para los derechos","datePublished":"2023-08-25T09:06:30+00:00","dateModified":"2023-09-05T06:32:29+00:00","mainEntityOfPage":{"@id":"https:\/\/dev.xnet-x.net\/es\/posicion-xnet-dsa-package\/"},"wordCount":4254,"publisher":{"@id":"https:\/\/dev.xnet-x.net\/es\/#organization"},"image":{"@id":"https:\/\/dev.xnet-x.net\/es\/posicion-xnet-dsa-package\/#primaryimage"},"thumbnailUrl":"https:\/\/dev.xnet-x.net\/img\/packageDSA.jpg","articleSection":["Blog - Nuestras acciones"],"inLanguage":"es"},{"@type":"WebPage","@id":"https:\/\/dev.xnet-x.net\/es\/posicion-xnet-dsa-package\/","url":"https:\/\/dev.xnet-x.net\/es\/posicion-xnet-dsa-package\/","name":"Paquete de Servicios Digitales (DSA), el an\u00e1lisis de Xnet","isPartOf":{"@id":"https:\/\/dev.xnet-x.net\/es\/#website"},"primaryImageOfPage":{"@id":"https:\/\/dev.xnet-x.net\/es\/posicion-xnet-dsa-package\/#primaryimage"},"image":{"@id":"https:\/\/dev.xnet-x.net\/es\/posicion-xnet-dsa-package\/#primaryimage"},"thumbnailUrl":"https:\/\/dev.xnet-x.net\/img\/packageDSA.jpg","datePublished":"2023-08-25T09:06:30+00:00","dateModified":"2023-09-05T06:32:29+00:00","description":"DSA cambia la din\u00e1mica online. Qu\u00e9 hemos ganado con esta legislaci\u00f3n y d\u00f3nde se queda corta.","breadcrumb":{"@id":"https:\/\/dev.xnet-x.net\/es\/posicion-xnet-dsa-package\/#breadcrumb"},"inLanguage":"es","potentialAction":[{"@type":"ReadAction","target":[["https:\/\/dev.xnet-x.net\/es\/posicion-xnet-dsa-package\/"]]}]},{"@type":"ImageObject","inLanguage":"es","@id":"https:\/\/dev.xnet-x.net\/es\/posicion-xnet-dsa-package\/#primaryimage","url":"https:\/\/dev.xnet-x.net\/img\/packageDSA.jpg","contentUrl":"https:\/\/dev.xnet-x.net\/img\/packageDSA.jpg","width":838,"height":420},{"@type":"BreadcrumbList","@id":"https:\/\/dev.xnet-x.net\/es\/posicion-xnet-dsa-package\/#breadcrumb","itemListElement":[{"@type":"ListItem","position":1,"name":"Portada","item":"https:\/\/dev.xnet-x.net\/es\/"},{"@type":"ListItem","position":2,"name":"Entra en vigor el Paquete de Servicios Digitales: pros y contras para los derechos"}]},{"@type":"WebSite","@id":"https:\/\/dev.xnet-x.net\/es\/#website","url":"https:\/\/dev.xnet-x.net\/es\/","name":"[:es]Xnet - Internet, derechos y democracia en la era digital[:ca]Xnet - Internet, drets i democr\u00e0cia en l'era digital[:en]Xnet - Internet freedoms & digital rights[:]","description":"Xnet: Internet, informaci\u00f3n y cultura libres. Tecnopol\u00edtica. Datos, algoritmos y derechos digitales. Libertad de expresi\u00f3n. Democracia y anticorrupci\u00f3n","publisher":{"@id":"https:\/\/dev.xnet-x.net\/es\/#organization"},"potentialAction":[{"@type":"SearchAction","target":{"@type":"EntryPoint","urlTemplate":"https:\/\/dev.xnet-x.net\/es\/?s={search_term_string}"},"query-input":{"@type":"PropertyValueSpecification","valueRequired":true,"valueName":"search_term_string"}}],"inLanguage":"es"},{"@type":"Organization","@id":"https:\/\/dev.xnet-x.net\/es\/#organization","name":"Xnet - Internet, derechos y democracia en la era digital","url":"https:\/\/dev.xnet-x.net\/es\/","logo":{"@type":"ImageObject","inLanguage":"es","@id":"https:\/\/dev.xnet-x.net\/es\/#\/schema\/logo\/image\/","url":"https:\/\/xnet-x.net\/img\/xnet-logo.png","contentUrl":"https:\/\/xnet-x.net\/img\/xnet-logo.png","width":512,"height":512,"caption":"Xnet - Internet, derechos y democracia en la era digital"},"image":{"@id":"https:\/\/dev.xnet-x.net\/es\/#\/schema\/logo\/image\/"},"sameAs":["http:\/\/facebook.com\/RedX.Net\/","https:\/\/x.com\/x_net_","https:\/\/es.wikipedia.org\/wiki\/Xnet"]},{"@type":"Person","@id":"https:\/\/dev.xnet-x.net\/es\/#\/schema\/person\/02880890b95968f2b3bd4cfd79843d49","name":"Xnet","image":{"@type":"ImageObject","inLanguage":"es","@id":"https:\/\/dev.xnet-x.net\/es\/#\/schema\/person\/image\/","url":"https:\/\/secure.gravatar.com\/avatar\/41a61c327d24125228571dadd14748b0afd881e633e6e61518dacc4fef53cc93?s=96&d=mm&r=g","contentUrl":"https:\/\/secure.gravatar.com\/avatar\/41a61c327d24125228571dadd14748b0afd881e633e6e61518dacc4fef53cc93?s=96&d=mm&r=g","caption":"Xnet"}}]}},"_links":{"self":[{"href":"https:\/\/dev.xnet-x.net\/es\/wp-json\/wp\/v2\/posts\/23303","targetHints":{"allow":["GET"]}}],"collection":[{"href":"https:\/\/dev.xnet-x.net\/es\/wp-json\/wp\/v2\/posts"}],"about":[{"href":"https:\/\/dev.xnet-x.net\/es\/wp-json\/wp\/v2\/types\/post"}],"author":[{"embeddable":true,"href":"https:\/\/dev.xnet-x.net\/es\/wp-json\/wp\/v2\/users\/15"}],"replies":[{"embeddable":true,"href":"https:\/\/dev.xnet-x.net\/es\/wp-json\/wp\/v2\/comments?post=23303"}],"version-history":[{"count":19,"href":"https:\/\/dev.xnet-x.net\/es\/wp-json\/wp\/v2\/posts\/23303\/revisions"}],"predecessor-version":[{"id":26113,"href":"https:\/\/dev.xnet-x.net\/es\/wp-json\/wp\/v2\/posts\/23303\/revisions\/26113"}],"wp:featuredmedia":[{"embeddable":true,"href":"https:\/\/dev.xnet-x.net\/es\/wp-json\/wp\/v2\/media\/23911"}],"wp:attachment":[{"href":"https:\/\/dev.xnet-x.net\/es\/wp-json\/wp\/v2\/media?parent=23303"}],"wp:term":[{"taxonomy":"category","embeddable":true,"href":"https:\/\/dev.xnet-x.net\/es\/wp-json\/wp\/v2\/categories?post=23303"},{"taxonomy":"post_tag","embeddable":true,"href":"https:\/\/dev.xnet-x.net\/es\/wp-json\/wp\/v2\/tags?post=23303"}],"curies":[{"name":"wp","href":"https:\/\/api.w.org\/{rel}","templated":true}]}}