{"id":2288,"date":"2011-01-12T09:57:16","date_gmt":"2011-01-12T08:57:16","guid":{"rendered":"http:\/\/la-ex.net\/?p=2288"},"modified":"2025-05-16T11:12:21","modified_gmt":"2025-05-16T09:12:21","slug":"inquisicion-2011","status":"publish","type":"post","link":"https:\/\/dev.xnet-x.net\/es\/inquisicion-2011-las-elites-piden-miedo-para-el-pueblo\/","title":{"rendered":"Revelaci\u00f3n! Inquisici\u00f3n 2011: las \u00e9lites piden miedo para el pueblo"},"content":{"rendered":"<p><strong>Revelados los planes (que ya sab\u00edamos) del ministerio de cultura: Represi\u00f3n, s\u00f3lo represi\u00f3n<\/strong><\/p>\n<p>Amador Savater, por una casualidad de la vida, se ha encontrado en medio de una reuni\u00f3n para crear lobby, organizada por la ministra Sinde.<\/p>\n<p>Hoy con valent\u00eda (van a ir a por \u00e9l seguro) lo publica <a href=\"http:\/\/acuarelalibros.blogspot.com\/2011\/01\/la-cena-del-miedo-mi-reunion-con-la.html\" target=\"_blank\">en el blog de su editorial<\/a>, Acuarela.<\/p>\n<p>A ra\u00edz de esta experiencia que ha querido poner en com\u00fan <strong>denunciamos que<\/strong>:<\/p>\n<p>&#8211; Sinde utiliza recursos de ministra no para estudiar la realidad y mejorarla, sino para cerrar filas en su propio lobby.<\/p>\n<p>&#8211; Ninguno de los presentes a la cena pasan hambre. El miedo que tienen es a perder poder y privilegios, miedo a que su p\u00fablico no sea ya de \u00abborregos que compran y callan\u00bb. Piden a gritos \u00abcasos ejemplares\u00bb, sentencias y castigos, piden represi\u00f3n porque saben que su modelo est\u00e1 cambiando irremediablemente, que sus privilegios se esfuman. M\u00e1s de internet no saben porque no quieren saber (se llevar\u00edan gratas sorpresas). \u00bfQueremos que nos gobiernen represores, la Inquisici\u00f3n 2011?<\/p>\n<p>Dicen testigos presenciales, otra gente presente en el restaurante, que Sinde gritaba, \u00ab\u00a1No vais a ganar!, \u00a1No vais a ganar!\u00bb<\/p>\n<p>S\u00ed que ganaremos, como Galileo cuando dijo que la tierra giraba entorno al sol. Por mucho que la Inquisici\u00f3n no quisiese, la tierra result\u00f3 girar entorno al sol. Galileo gan\u00f3 la guerra de la historia pero fue encarcelado y reprimido.<br \/>\nLa diferencia ahora es que la sociedad civil, gracias al internet que defiende, es consciente y no va a permitir ser gobernada por el miedo.<\/p>\n<p>Sinde, tu prepotencia no te servir\u00e1. <strong>Sinde, p\u00edrate ya.<\/strong><\/p>\n<p>Y a los lobbies de divos lo que les podemos decir es que s\u00ed, ahora el p\u00fablico puede comentar, criticar, denunciar abusos (como el de la ministra que acaba de darse una subvenci\u00f3n a su propia pel\u00edcula), hacer pel\u00edculas donde ellos no salen&#8230; Adaptarse o morir. Dialogar para compartir soluciones &#8211;\u00a0 que las hay &#8211; o morir. Si ellos escogen cerraz\u00f3n, guerra total, la sociedad civil est\u00e1 preparada. Si escogen di\u00e1logo, tambi\u00e9n lo est\u00e1 con propuestas concretas (<a href=\"http:\/\/fcforum.net\/es\/\" target=\"_blank\">la Carta para la Innovaci\u00f3n, la Creatividad y el Acceso al Conocimiento<\/a> y los resultados del <a href=\"http:\/\/fcforum.net\/10\" target=\"_blank\">fcForum 2010<\/a> sobre nuevos modelos de sostenibilidad para la era digital, entre otros).<\/p>\n<p>Por \u00faltimo 2 preguntas, una para el omnipresente Presidente de la Academia de Cine. Otra para Juan Diego Botto.<\/p>\n<p>\u00bf\u00c1lex como puedes traicionar a toda la gente que te ha o\u00eddo decir estos d\u00edas \u00abhay que plantear nuevos modelos\u00bb y luego lo \u00fanico que realmente pides, ah\u00ed donde podr\u00edas influir, es \u00abrepresi\u00f3n, m\u00e1s represi\u00f3n\u00bb?<\/p>\n<p>\u00bfJuan Diego, t\u00fa que has luchado por la justicia y militado en grupos pol\u00edticos de izquierda como puedes apostar por la represi\u00f3n?<\/p>\n<p><strong>No funcionar\u00e1. Y vamos a luchar en su propio terreno. X.net anuncia que habr\u00e1 pel\u00edcula. Se titular\u00e1: \u00abLa cena del miedo\u00bb. Ya tenemos productor.\u00a0 Se buscan actores (c\u00f3micos) que puedan interpretar los personajes presentes a la cena. Ser\u00e1 un gran \u00e9xito.<\/strong><\/p>\n<p><strong>Seguimos!<\/strong><\/p>\n<p><strong>Sinde P\u00edrate!<\/strong><\/p>\n<p><strong>No al cierre de WEBs!<\/strong><\/p>","protected":false},"excerpt":{"rendered":"<p>Revelados los planes (que ya sab\u00edamos) del ministerio de cultura: Represi\u00f3n, s\u00f3lo represi\u00f3n Amador Savater, por una casualidad de la vida, se ha encontrado en medio de una reuni\u00f3n para crear lobby, organizada por la ministra Sinde. Hoy con valent\u00eda (van a ir a por \u00e9l seguro) lo publica en el blog de su editorial, [&hellip;]<\/p>\n","protected":false},"author":5,"featured_media":5532,"comment_status":"closed","ping_status":"closed","sticky":false,"template":"","format":"standard","meta":{"footnotes":""},"categories":[52],"tags":[],"class_list":["post-2288","post","type-post","status-publish","format-standard","has-post-thumbnail","hentry","category-blog"],"yoast_head":"<!-- This site is optimized with the Yoast SEO plugin v26.7 - https:\/\/yoast.com\/wordpress\/plugins\/seo\/ -->\n<title>Revelaci\u00f3n! Inquisici\u00f3n 2011: las \u00e9lites piden miedo para el pueblo<\/title>\n<meta name=\"description\" content=\"Revelados los planes (que ya sab\u00edamos) del ministerio de cultura: Represi\u00f3n, s\u00f3lo represi\u00f3n. No al cierre de WEBs!\" \/>\n<meta name=\"robots\" content=\"index, follow, max-snippet:-1, max-image-preview:large, max-video-preview:-1\" \/>\n<link rel=\"canonical\" href=\"https:\/\/dev.xnet-x.net\/es\/inquisicion-2011-las-elites-piden-miedo-para-el-pueblo\/\" \/>\n<meta name=\"twitter:label1\" content=\"Escrito por\" \/>\n\t<meta name=\"twitter:data1\" content=\"Xnet\" \/>\n\t<meta name=\"twitter:label2\" content=\"Tiempo de lectura\" \/>\n\t<meta name=\"twitter:data2\" content=\"3 minutos\" \/>\n<script type=\"application\/ld+json\" class=\"yoast-schema-graph\">{\"@context\":\"https:\/\/schema.org\",\"@graph\":[{\"@type\":\"Article\",\"@id\":\"https:\/\/dev.xnet-x.net\/es\/inquisicion-2011-las-elites-piden-miedo-para-el-pueblo\/#article\",\"isPartOf\":{\"@id\":\"https:\/\/dev.xnet-x.net\/es\/inquisicion-2011-las-elites-piden-miedo-para-el-pueblo\/\"},\"author\":{\"name\":\"Xnet\",\"@id\":\"https:\/\/dev.xnet-x.net\/es\/#\/schema\/person\/919c7ab500254f012b3e8975a5cf2bc3\"},\"headline\":\"Revelaci\u00f3n! Inquisici\u00f3n 2011: las \u00e9lites piden miedo para el pueblo\",\"datePublished\":\"2011-01-12T08:57:16+00:00\",\"dateModified\":\"2025-05-16T09:12:21+00:00\",\"mainEntityOfPage\":{\"@id\":\"https:\/\/dev.xnet-x.net\/es\/inquisicion-2011-las-elites-piden-miedo-para-el-pueblo\/\"},\"wordCount\":1115,\"publisher\":{\"@id\":\"https:\/\/dev.xnet-x.net\/es\/#organization\"},\"image\":{\"@id\":\"https:\/\/dev.xnet-x.net\/es\/inquisicion-2011-las-elites-piden-miedo-para-el-pueblo\/#primaryimage\"},\"thumbnailUrl\":\"https:\/\/dev.xnet-x.net\/img\/inquisicion.jpg\",\"articleSection\":[\"Blog - Nuestras acciones\"],\"inLanguage\":\"es\"},{\"@type\":\"WebPage\",\"@id\":\"https:\/\/dev.xnet-x.net\/es\/inquisicion-2011-las-elites-piden-miedo-para-el-pueblo\/\",\"url\":\"https:\/\/dev.xnet-x.net\/es\/inquisicion-2011-las-elites-piden-miedo-para-el-pueblo\/\",\"name\":\"Revelaci\u00f3n! Inquisici\u00f3n 2011: las \u00e9lites piden miedo para el pueblo\",\"isPartOf\":{\"@id\":\"https:\/\/dev.xnet-x.net\/es\/#website\"},\"primaryImageOfPage\":{\"@id\":\"https:\/\/dev.xnet-x.net\/es\/inquisicion-2011-las-elites-piden-miedo-para-el-pueblo\/#primaryimage\"},\"image\":{\"@id\":\"https:\/\/dev.xnet-x.net\/es\/inquisicion-2011-las-elites-piden-miedo-para-el-pueblo\/#primaryimage\"},\"thumbnailUrl\":\"https:\/\/dev.xnet-x.net\/img\/inquisicion.jpg\",\"datePublished\":\"2011-01-12T08:57:16+00:00\",\"dateModified\":\"2025-05-16T09:12:21+00:00\",\"description\":\"Revelados los planes (que ya sab\u00edamos) del ministerio de cultura: Represi\u00f3n, s\u00f3lo represi\u00f3n. No al cierre de WEBs!\",\"breadcrumb\":{\"@id\":\"https:\/\/dev.xnet-x.net\/es\/inquisicion-2011-las-elites-piden-miedo-para-el-pueblo\/#breadcrumb\"},\"inLanguage\":\"es\",\"potentialAction\":[{\"@type\":\"ReadAction\",\"target\":[[\"https:\/\/dev.xnet-x.net\/es\/inquisicion-2011-las-elites-piden-miedo-para-el-pueblo\/\"]]}]},{\"@type\":\"ImageObject\",\"inLanguage\":\"es\",\"@id\":\"https:\/\/dev.xnet-x.net\/es\/inquisicion-2011-las-elites-piden-miedo-para-el-pueblo\/#primaryimage\",\"url\":\"https:\/\/dev.xnet-x.net\/img\/inquisicion.jpg\",\"contentUrl\":\"https:\/\/dev.xnet-x.net\/img\/inquisicion.jpg\",\"width\":230,\"height\":216,\"caption\":\"inquisici\u00f3n\"},{\"@type\":\"BreadcrumbList\",\"@id\":\"https:\/\/dev.xnet-x.net\/es\/inquisicion-2011-las-elites-piden-miedo-para-el-pueblo\/#breadcrumb\",\"itemListElement\":[{\"@type\":\"ListItem\",\"position\":1,\"name\":\"Portada\",\"item\":\"https:\/\/dev.xnet-x.net\/es\/\"},{\"@type\":\"ListItem\",\"position\":2,\"name\":\"Revelaci\u00f3n! Inquisici\u00f3n 2011: las \u00e9lites piden miedo para el pueblo\"}]},{\"@type\":\"WebSite\",\"@id\":\"https:\/\/dev.xnet-x.net\/es\/#website\",\"url\":\"https:\/\/dev.xnet-x.net\/es\/\",\"name\":\"[:es]Xnet - Internet, derechos y democracia en la era digital[:ca]Xnet - Internet, drets i democr\u00e0cia en l'era digital[:en]Xnet - Internet freedoms & digital rights[:]\",\"description\":\"Xnet: Internet, informaci\u00f3n y cultura libres. Tecnopol\u00edtica. Datos, algoritmos y derechos digitales. Libertad de expresi\u00f3n. Democracia y anticorrupci\u00f3n\",\"publisher\":{\"@id\":\"https:\/\/dev.xnet-x.net\/es\/#organization\"},\"potentialAction\":[{\"@type\":\"SearchAction\",\"target\":{\"@type\":\"EntryPoint\",\"urlTemplate\":\"https:\/\/dev.xnet-x.net\/es\/?s={search_term_string}\"},\"query-input\":{\"@type\":\"PropertyValueSpecification\",\"valueRequired\":true,\"valueName\":\"search_term_string\"}}],\"inLanguage\":\"es\"},{\"@type\":\"Organization\",\"@id\":\"https:\/\/dev.xnet-x.net\/es\/#organization\",\"name\":\"Xnet - Internet, derechos y democracia en la era digital\",\"url\":\"https:\/\/dev.xnet-x.net\/es\/\",\"logo\":{\"@type\":\"ImageObject\",\"inLanguage\":\"es\",\"@id\":\"https:\/\/dev.xnet-x.net\/es\/#\/schema\/logo\/image\/\",\"url\":\"https:\/\/xnet-x.net\/img\/xnet-logo.png\",\"contentUrl\":\"https:\/\/xnet-x.net\/img\/xnet-logo.png\",\"width\":512,\"height\":512,\"caption\":\"Xnet - Internet, derechos y democracia en la era digital\"},\"image\":{\"@id\":\"https:\/\/dev.xnet-x.net\/es\/#\/schema\/logo\/image\/\"},\"sameAs\":[\"http:\/\/facebook.com\/RedX.Net\/\",\"https:\/\/x.com\/x_net_\",\"https:\/\/es.wikipedia.org\/wiki\/Xnet\"]},{\"@type\":\"Person\",\"@id\":\"https:\/\/dev.xnet-x.net\/es\/#\/schema\/person\/919c7ab500254f012b3e8975a5cf2bc3\",\"name\":\"Xnet\",\"image\":{\"@type\":\"ImageObject\",\"inLanguage\":\"es\",\"@id\":\"https:\/\/dev.xnet-x.net\/es\/#\/schema\/person\/image\/\",\"url\":\"https:\/\/secure.gravatar.com\/avatar\/8b8563db88d55a25627c485761032c68d19ec6fbca59b20305af9bd0e10cb624?s=96&d=mm&r=g\",\"contentUrl\":\"https:\/\/secure.gravatar.com\/avatar\/8b8563db88d55a25627c485761032c68d19ec6fbca59b20305af9bd0e10cb624?s=96&d=mm&r=g\",\"caption\":\"Xnet\"}}]}<\/script>\n<!-- \/ Yoast SEO plugin. -->","yoast_head_json":{"title":"Revelaci\u00f3n! Inquisici\u00f3n 2011: las \u00e9lites piden miedo para el pueblo","description":"Revelados los planes (que ya sab\u00edamos) del ministerio de cultura: Represi\u00f3n, s\u00f3lo represi\u00f3n. No al cierre de WEBs!","robots":{"index":"index","follow":"follow","max-snippet":"max-snippet:-1","max-image-preview":"max-image-preview:large","max-video-preview":"max-video-preview:-1"},"canonical":"https:\/\/dev.xnet-x.net\/es\/inquisicion-2011-las-elites-piden-miedo-para-el-pueblo\/","twitter_misc":{"Escrito por":"Xnet","Tiempo de lectura":"3 minutos"},"schema":{"@context":"https:\/\/schema.org","@graph":[{"@type":"Article","@id":"https:\/\/dev.xnet-x.net\/es\/inquisicion-2011-las-elites-piden-miedo-para-el-pueblo\/#article","isPartOf":{"@id":"https:\/\/dev.xnet-x.net\/es\/inquisicion-2011-las-elites-piden-miedo-para-el-pueblo\/"},"author":{"name":"Xnet","@id":"https:\/\/dev.xnet-x.net\/es\/#\/schema\/person\/919c7ab500254f012b3e8975a5cf2bc3"},"headline":"Revelaci\u00f3n! Inquisici\u00f3n 2011: las \u00e9lites piden miedo para el pueblo","datePublished":"2011-01-12T08:57:16+00:00","dateModified":"2025-05-16T09:12:21+00:00","mainEntityOfPage":{"@id":"https:\/\/dev.xnet-x.net\/es\/inquisicion-2011-las-elites-piden-miedo-para-el-pueblo\/"},"wordCount":1115,"publisher":{"@id":"https:\/\/dev.xnet-x.net\/es\/#organization"},"image":{"@id":"https:\/\/dev.xnet-x.net\/es\/inquisicion-2011-las-elites-piden-miedo-para-el-pueblo\/#primaryimage"},"thumbnailUrl":"https:\/\/dev.xnet-x.net\/img\/inquisicion.jpg","articleSection":["Blog - Nuestras acciones"],"inLanguage":"es"},{"@type":"WebPage","@id":"https:\/\/dev.xnet-x.net\/es\/inquisicion-2011-las-elites-piden-miedo-para-el-pueblo\/","url":"https:\/\/dev.xnet-x.net\/es\/inquisicion-2011-las-elites-piden-miedo-para-el-pueblo\/","name":"Revelaci\u00f3n! Inquisici\u00f3n 2011: las \u00e9lites piden miedo para el pueblo","isPartOf":{"@id":"https:\/\/dev.xnet-x.net\/es\/#website"},"primaryImageOfPage":{"@id":"https:\/\/dev.xnet-x.net\/es\/inquisicion-2011-las-elites-piden-miedo-para-el-pueblo\/#primaryimage"},"image":{"@id":"https:\/\/dev.xnet-x.net\/es\/inquisicion-2011-las-elites-piden-miedo-para-el-pueblo\/#primaryimage"},"thumbnailUrl":"https:\/\/dev.xnet-x.net\/img\/inquisicion.jpg","datePublished":"2011-01-12T08:57:16+00:00","dateModified":"2025-05-16T09:12:21+00:00","description":"Revelados los planes (que ya sab\u00edamos) del ministerio de cultura: Represi\u00f3n, s\u00f3lo represi\u00f3n. No al cierre de WEBs!","breadcrumb":{"@id":"https:\/\/dev.xnet-x.net\/es\/inquisicion-2011-las-elites-piden-miedo-para-el-pueblo\/#breadcrumb"},"inLanguage":"es","potentialAction":[{"@type":"ReadAction","target":[["https:\/\/dev.xnet-x.net\/es\/inquisicion-2011-las-elites-piden-miedo-para-el-pueblo\/"]]}]},{"@type":"ImageObject","inLanguage":"es","@id":"https:\/\/dev.xnet-x.net\/es\/inquisicion-2011-las-elites-piden-miedo-para-el-pueblo\/#primaryimage","url":"https:\/\/dev.xnet-x.net\/img\/inquisicion.jpg","contentUrl":"https:\/\/dev.xnet-x.net\/img\/inquisicion.jpg","width":230,"height":216,"caption":"inquisici\u00f3n"},{"@type":"BreadcrumbList","@id":"https:\/\/dev.xnet-x.net\/es\/inquisicion-2011-las-elites-piden-miedo-para-el-pueblo\/#breadcrumb","itemListElement":[{"@type":"ListItem","position":1,"name":"Portada","item":"https:\/\/dev.xnet-x.net\/es\/"},{"@type":"ListItem","position":2,"name":"Revelaci\u00f3n! Inquisici\u00f3n 2011: las \u00e9lites piden miedo para el pueblo"}]},{"@type":"WebSite","@id":"https:\/\/dev.xnet-x.net\/es\/#website","url":"https:\/\/dev.xnet-x.net\/es\/","name":"[:es]Xnet - Internet, derechos y democracia en la era digital[:ca]Xnet - Internet, drets i democr\u00e0cia en l'era digital[:en]Xnet - Internet freedoms & digital rights[:]","description":"Xnet: Internet, informaci\u00f3n y cultura libres. Tecnopol\u00edtica. Datos, algoritmos y derechos digitales. Libertad de expresi\u00f3n. Democracia y anticorrupci\u00f3n","publisher":{"@id":"https:\/\/dev.xnet-x.net\/es\/#organization"},"potentialAction":[{"@type":"SearchAction","target":{"@type":"EntryPoint","urlTemplate":"https:\/\/dev.xnet-x.net\/es\/?s={search_term_string}"},"query-input":{"@type":"PropertyValueSpecification","valueRequired":true,"valueName":"search_term_string"}}],"inLanguage":"es"},{"@type":"Organization","@id":"https:\/\/dev.xnet-x.net\/es\/#organization","name":"Xnet - Internet, derechos y democracia en la era digital","url":"https:\/\/dev.xnet-x.net\/es\/","logo":{"@type":"ImageObject","inLanguage":"es","@id":"https:\/\/dev.xnet-x.net\/es\/#\/schema\/logo\/image\/","url":"https:\/\/xnet-x.net\/img\/xnet-logo.png","contentUrl":"https:\/\/xnet-x.net\/img\/xnet-logo.png","width":512,"height":512,"caption":"Xnet - Internet, derechos y democracia en la era digital"},"image":{"@id":"https:\/\/dev.xnet-x.net\/es\/#\/schema\/logo\/image\/"},"sameAs":["http:\/\/facebook.com\/RedX.Net\/","https:\/\/x.com\/x_net_","https:\/\/es.wikipedia.org\/wiki\/Xnet"]},{"@type":"Person","@id":"https:\/\/dev.xnet-x.net\/es\/#\/schema\/person\/919c7ab500254f012b3e8975a5cf2bc3","name":"Xnet","image":{"@type":"ImageObject","inLanguage":"es","@id":"https:\/\/dev.xnet-x.net\/es\/#\/schema\/person\/image\/","url":"https:\/\/secure.gravatar.com\/avatar\/8b8563db88d55a25627c485761032c68d19ec6fbca59b20305af9bd0e10cb624?s=96&d=mm&r=g","contentUrl":"https:\/\/secure.gravatar.com\/avatar\/8b8563db88d55a25627c485761032c68d19ec6fbca59b20305af9bd0e10cb624?s=96&d=mm&r=g","caption":"Xnet"}}]}},"_links":{"self":[{"href":"https:\/\/dev.xnet-x.net\/es\/wp-json\/wp\/v2\/posts\/2288","targetHints":{"allow":["GET"]}}],"collection":[{"href":"https:\/\/dev.xnet-x.net\/es\/wp-json\/wp\/v2\/posts"}],"about":[{"href":"https:\/\/dev.xnet-x.net\/es\/wp-json\/wp\/v2\/types\/post"}],"author":[{"embeddable":true,"href":"https:\/\/dev.xnet-x.net\/es\/wp-json\/wp\/v2\/users\/5"}],"replies":[{"embeddable":true,"href":"https:\/\/dev.xnet-x.net\/es\/wp-json\/wp\/v2\/comments?post=2288"}],"version-history":[{"count":6,"href":"https:\/\/dev.xnet-x.net\/es\/wp-json\/wp\/v2\/posts\/2288\/revisions"}],"predecessor-version":[{"id":28301,"href":"https:\/\/dev.xnet-x.net\/es\/wp-json\/wp\/v2\/posts\/2288\/revisions\/28301"}],"wp:featuredmedia":[{"embeddable":true,"href":"https:\/\/dev.xnet-x.net\/es\/wp-json\/wp\/v2\/media\/5532"}],"wp:attachment":[{"href":"https:\/\/dev.xnet-x.net\/es\/wp-json\/wp\/v2\/media?parent=2288"}],"wp:term":[{"taxonomy":"category","embeddable":true,"href":"https:\/\/dev.xnet-x.net\/es\/wp-json\/wp\/v2\/categories?post=2288"},{"taxonomy":"post_tag","embeddable":true,"href":"https:\/\/dev.xnet-x.net\/es\/wp-json\/wp\/v2\/tags?post=2288"}],"curies":[{"name":"wp","href":"https:\/\/api.w.org\/{rel}","templated":true}]}}