{"id":2262,"date":"2011-01-10T11:40:45","date_gmt":"2011-01-10T10:40:45","guid":{"rendered":"http:\/\/la-ex.net\/?p=2262"},"modified":"2019-12-16T16:31:02","modified_gmt":"2019-12-16T14:31:02","slug":"redsos-cumple","status":"publish","type":"post","link":"https:\/\/dev.xnet-x.net\/es\/redsos-cumple\/","title":{"rendered":"Red-SOStenible cumple 1 a\u00f1o y relanza la acci\u00f3n para parar la \u201cLey Biden-Sinde\u201d en el senado"},"content":{"rendered":"<p><\/p>\n<h3>Escribe a tu senador para parar la \u201cley biden-sinde\u201d en el senado<\/h3>\n<p><strong><em>\u00abtiene raz\u00f3n alejandro sanz: hay que ser muy valiente para aprobar una ley que perjudica a muchos para beneficiar a unos pocos\u00bb un tweet<\/em><\/strong><!--more--><\/p>\n<p>hace hoy exactamente un a\u00f1o se creaba red-sostenible, una plataforma donde la sociedad civil,\u00a0 ciudadanos y ciudadanas, organizaciones, blogs, periodistas, hacktivistas, abogados, internautas&#8230; hab\u00edan decidido coordinarse para enfrentar la larga batalla contra la <a href=\"http:\/\/redsostenible.wikia.com\/wiki\/p%c3%a1gina_principal\" target=\"_blank\" rel=\"noopener noreferrer\">\u201cley biden-sinde\u201d<\/a> y la ignorancia y la censura sobre internet.<\/p>\n<p>un a\u00f1o despu\u00e9s, pase lo que pase en los pr\u00f3ximos d\u00edas, podemos decir que vali\u00f3 la pena.<\/p>\n<p>pase lo que pase el precio de los mercadeos pol\u00edticos a nuestra costa ha subido.<\/p>\n<p>internet nos ha permitido intercambiar conocimiento e informaci\u00f3n, nos permite actuar y vigilar; por esto lo defendemos. mientras a algunos les cuesta m\u00e1s caro en el trapicheo pol\u00edtico, por esto lo quieren censurar.<\/p>\n<p>un a\u00f1o despu\u00e9s nos queda todav\u00eda algo que hacer porque la \u201cley biden-sinde\u201d, que fue echada de d\u00f3nde estaba entorpeciendo la ley de econom\u00eda sostenible en su globalidad, intenta volver por la ventana en la discusi\u00f3n de la les al senado.<\/p>\n<p>una ley que ni tan s\u00f3lo resuelve los problemas que dice querer atacar (v\u00e9ase <a href=\"http:\/\/derecho-internet.org\/node\/544\" target=\"_blank\" rel=\"noopener noreferrer\">por qu\u00e9 la \u201cley biden-sinde\u201d es in\u00fatil<\/a>), la \u201cley biden-sinde\u201d es una ley tiende a entrar por la ventana: fue introducida subrepticiamente por la ministra de econom\u00eda, elena salgado, vinculada a las industrias de software y por presiones recibidas de los us <a href=\"http:\/\/redsostenible.wikia.com\/wiki\/intentaran-aprobar-ley-sinde-diciembre\" target=\"_blank\" rel=\"noopener noreferrer\">que s\u00f3lo wikileaks revel\u00f3<\/a> como certeza aunque la <a href=\"http:\/\/d-evolution.fcforum.net\/areas-de-accion\/amigo-norte-americano\/\" target=\"_blank\" rel=\"noopener noreferrer\">sociedad civil ya lo iba denunciando<\/a>; luego se intent\u00f3 votar de <a href=\"http:\/\/www.portaltic.es\/internet\/noticia-dia-sociedad-espanola-internet-hicieron-oir-20101222091620.html\" target=\"_blank\" rel=\"noopener noreferrer\">espaldas a las enmiendas del parlamento<\/a>; y ahora, intentan volver a meterla de ah\u00ed de donde el voto la ha quitado, en la les.<\/p>\n<p>hay algo profundamente equivocado en los pol\u00edticos que aceptan este tipo de cosas y es que ya no entienden los tiempos que est\u00e1n viviendo aunque s\u00ed quieren legislar sobre ellos.<\/p>\n<p>sinde declar\u00f3 recientemente en una entrevista: \u00ab(\u2026) no hay que gobernar seg\u00fan lo que diga la prensa ni la opini\u00f3n p\u00fablica\u00bb(..). ya. ya sabemos que no es a la opini\u00f3n de la sociedad civil que <a href=\"http:\/\/www.periodistadigital.com\/politica\/gobierno\/2010\/12\/29\/sinde-subvenciona-millon-de-euros-mentiras-gordas-cultura.shtml\" target=\"_blank\" rel=\"noopener noreferrer\">presta atenci\u00f3n sinde.<\/a><\/p>\n<p>rubalcaba, m\u00e1s de lo mismo: declara que cambiar\u00e1 la ley con \u00ab<a href=\"http:\/\/www.rtve.es\/noticias\/20101223\/rubalcaba-vamos-explicar-internautas-ley-sinde-no-va-contra-red\/389377.shtml\" target=\"_blank\" rel=\"noopener noreferrer\">ofertas generosa<\/a> y con habilidad\u00bb y que nos lo explicar\u00e1 a los ciudadanos. sr. rubalcaba es usted quien tiene que escuchar lo que el 80% de los ciudadanos, muchos de ellos artistas tambi\u00e9n, le est\u00e1n intentando explicar, d\u00e9jese de regateos.<\/p>\n<p><strong>la ciudadan\u00eda s\u00f3lo pedimos una cosa: que el juez vaya al fondo del asunto antes de condenar el uso de una herramienta, cosa que puede querer decir condenar, sin posibilidad de defenderse ni presunci\u00f3n de inocencia, una empresa honesta, una vida, una opini\u00f3n.<\/strong><\/p>\n<p>la ciudadan\u00eda y los creadores y creadoras (no los divos y divas que son cosas distintas y no pagan los impuestos en las mismas ventanillas) pedimos y ofrecemos soluciones para defender los <a href=\"http:\/\/fcforum.net\/es\/\" target=\"_blank\" rel=\"noopener noreferrer\">derechos de los autores y de los ciudadanos por igual<\/a>, como ya lo indica <a href=\"http:\/\/www.kriptopolis.org\/onu-derechos-propiedad-ley-sinde\" target=\"_blank\" rel=\"noopener noreferrer\">la onu<\/a>.<\/p>\n<p>si hay soluciones, \u00bfporque no quieren verlas?<\/p>\n<p>porque estas <a href=\"http:\/\/www.elpais.com\/articulo\/opinion\/favor\/internet\/elpepuopi\/20110105elpepiopi_11\/tes\" target=\"_blank\" rel=\"noopener noreferrer\">soluciones implican arremangarse<\/a> como estamos haciendo todos; colaborar y no expoliar, como estamos haciendo todos; renovar sus negocios, como estamos haciendo todos.<\/p>\n<p>es muy poco democr\u00e1tico volver a incorporar la ley sinde en la les de donde ha sido extirpada. por esto pedimos a rubalcaba que, si de verdad no quiere criminalizar la red, debe hacer \u00abuna ley seria\u00bb, que no entre por la ventana de \u00abun pa\u00eds serio\u00bb.<\/p>\n<p>por esto le pedimos que trabaje el tema de la copia privada, del intercambio de archivos, del acceso a la cultura y del canon como debe de hacerse: en su globalidad, de cara a la opini\u00f3n p\u00fablica, con todas las partes implicadas incluidos ciudadan\u00eda, emprendedores tic, creadores (de verdad, <a href=\"\/tumbada-ley-sinde-en-el-congreso-felicidades-la-defensa-de-internet-no-esta-renida-con-la-defensa-de-los-derechos-de-los-autores\" target=\"_blank\" rel=\"noopener noreferrer\">no coalici\u00f3n de\u2026<\/a>) y consumidores y, como en cualquier otro sector, considerando como conditio sine qua non un compromiso de <a href=\"http:\/\/www.abc.es\/20101222\/cultura\/sinde-oculta-debate-sobre-201012220948.html\" target=\"_blank\" rel=\"noopener noreferrer\">reconversi\u00f3n por parte de las industrias.<\/a><\/p>\n<p>tambi\u00e9n nos vemos obligados a pedir a divos y divas que no sean <a href=\"\/portal-de-musica-coalicion-de-creadores\" target=\"_blank\" rel=\"noopener noreferrer\">siempre tan emparrados<\/a>. todas estas preguntas sobre el futuro de sus negocios que les atormentan de repente como si fueran los primeros en vivir una crisis de modelo, quiz\u00e1s haya gente que ya est\u00e9 trabajado en ello y tenga las respuestas. as\u00ed que sin tantos aspavientos, \u00bfpor qu\u00e9 no se informan e invierten y\u00a0 trabajan con la sociedad civil como hacen tantos otros creadores que saben el mundo en el que viven <a href=\"http:\/\/oxcars10.xnet-x.net\/\" target=\"_blank\" rel=\"noopener noreferrer\">ayudando a mejorarlo<\/a> (que para esto est\u00e1 la cultura)? .<\/p>\n<p>aqu\u00ed algunas de las respuestas si las quieren escuchar:<\/p>\n<p>s\u00ed, <a href=\"http:\/\/mangasverdes.es\/2010\/12\/25\/apoyemos-a-los-creadores\/\" target=\"_blank\" rel=\"noopener noreferrer\">apoyemos a los creadores<\/a>.<\/p>\n<p>los derechos de los autores y de la ciudadan\u00eda <a href=\"http:\/\/fcforum.net\/es\/\" target=\"_blank\" rel=\"noopener noreferrer\">no est\u00e1n re\u00f1idos.<\/a><\/p>\n<p>as\u00ed que pedimos a los se\u00f1ores senadores\u00a0 que pr\u00f3ximamente tendr\u00e1n que votar la \u201cley biden-sinde\u201d en el senado, que no voten en contra de los que les han elegidos.<\/p>\n<p><strong>como ciudadanos, elegimos los senadores con listas abiertas, o sea directamente. por esto invitamos todo el mundo a que escriba a los senadores que ha elegido para recordarles que son representantes de la sociedad civil y no de intereses particulares.<\/strong><\/p>\n<p>los grupos que todav\u00eda dudan si votar en contra son principalmente pp y ciu. m\u00e1s abajo puedes encontrar un ejemplo de carta en castellano y una en catal\u00e1n. igualmente debemos seguir presionando a todos: algunos pueden dudar tanto de un lado como de otro.<\/p>\n<p>contacto:<br \/>\n<a href=\"http:\/\/redsostenible.wikia.com\/\">http:\/\/redsostenible.wikia.com<\/a><\/p>\n<p>en colaboraci\u00f3n con:<br \/>\n<a href=\"..\/\">http:\/\/xnet-x.net<\/a><\/p>\n<p><a href=\"http:\/\/twitter.com\/#!\/x_net_\" target=\"_blank\" rel=\"noopener noreferrer\">@x_net_<\/a><\/p>\n<p><a href=\"http:\/\/redsostenible.wikia.com\/wiki\/1year\" rel=\"noopener noreferrer\" target=\"_blank\">http:\/\/redsostenible.wikia.com\/wiki\/1year<\/a><br \/>\n&nbsp;<\/p>\n<p><strong>enlaces mencionados:<\/strong><\/p>\n<p>[1]\u00a0<a href=\"http:\/\/redsostenible.wikia.com\/wiki\/p%c3%a1gina_principal\">http:\/\/redsostenible.wikia.com\/wiki\/p%c3%a1gina_principal<\/a><\/p>\n<p>[2]\u00a0<a href=\"http:\/\/derecho-internet.org\/node\/544\">http:\/\/derecho-internet.org\/node\/544<\/a><\/p>\n<p>[3]\u00a0<a href=\"http:\/\/redsostenible.wikia.com\/wiki\/intentaran-aprobar-ley-sinde-diciembre\">http:\/\/redsostenible.wikia.com\/wiki\/intentaran-aprobar-ley-sinde-diciembre<\/a><\/p>\n<p>[4]\u00a0<a href=\"http:\/\/d-evolution.fcforum.net\/areas-de-accion\/amigo-norte-americano\/\">http:\/\/d-evolution.fcforum.net\/areas-de-accion\/amigo-norte-americano\/<\/a><\/p>\n<p>[5] <a href=\"https:\/\/www.europapress.es\/portaltic\/internet\/noticia-dia-sociedad-espanola-internet-hicieron-oir-20101222091620.html\" rel=\"noopener noreferrer\" target=\"_blank\">https:\/\/www.europapress.es\/portaltic\/internet\/noticia-dia-sociedad-espanola-internet-hicieron-oir-20101222091620.html<\/a><\/p>\n<p>[6] <a href=\"https:\/\/www.periodistadigital.com\/politica\/gobierno\/20101229\/sinde-subvenciona-propia-pelicula-millon-euros-noticia-689400778511\/\" rel=\"noopener noreferrer\" target=\"_blank\">https:\/\/www.periodistadigital.com\/politica\/gobierno\/20101229\/sinde-subvenciona-propia-pelicula-millon-euros-noticia-689400778511\/<\/a><\/p>\n<p>[7] <a href=\"http:\/\/www.rtve.es\/noticias\/20101223\/rubalcaba-vamos-explicar-internautas-ley-sinde-no-va-contra-red\/389377.shtml\" rel=\"noopener noreferrer\" target=\"_blank\">http:\/\/www.rtve.es\/noticias\/20101223\/rubalcaba-vamos-explicar-internautas-ley-sinde-no-va-contra-red\/389377.shtml<\/a><\/p>\n<p>[8] <a href=\"http:\/\/fcforum.net\/es\/\">http:\/\/fcforum.net\/es\/<\/a><\/p>\n<p>[9]\u00a0<a href=\"http:\/\/www.kriptopolis.org\/onu-derechos-propiedad-ley-sinde\">http:\/\/www.kriptopolis.org\/onu-derechos-propiedad-ley-sinde<\/a><\/p>\n<p>[10]\u00a0<a href=\"http:\/\/www.elpais.com\/articulo\/opinion\/favor\/internet\/elpepuopi\/20110105elpepiopi_11\/tes\">http:\/\/www.elpais.com\/articulo\/opinion\/favor\/internet\/elpepuopi\/20110105elpepiopi_11\/tes<\/a><\/p>\n<p>[11]\u00a0<a href=\"..\/tumbada-ley-sinde-en-el-congreso-felicidades-la-defensa-de-internet-no-esta-renida-con-la-defensa-de-los-derechos-de-los-autores\">http:\/\/xnet-x.net\/tumbada-ley-sinde-en-el-congreso-felicidades-la-defensa-de-internet-no-esta-renida-con-la-defensa-de-los-derechos-de-los-autores<\/a><\/p>\n<p>[12]\u00a0<a href=\"http:\/\/www.abc.es\/20101222\/cultura\/sinde-oculta-debate-sobre-201012220948.html\">http:\/\/www.abc.es\/20101222\/cultura\/sinde-oculta-debate-sobre-201012220948.html<\/a><\/p>\n<p>[13] <a href=\"..\/la-increible-historia-del-gran-portal-en-el-que-esta-toda-la-musica\">http:\/\/xnet-x.net\/portal-de-musica-coalicion-de-creadores<\/a><\/p>\n<p>[14]\u00a0<a href=\"http:\/\/oxcars10.xnet-x.net\/\">http:\/\/oxcars10.xnet-x.net\/<\/a><\/p>\n<p>[15]\u00a0<a href=\"http:\/\/mangasverdes.es\/2010\/12\/25\/apoyemos-a-los-creadores\/\">http:\/\/mangasverdes.es\/2010\/12\/25\/apoyemos-a-los-creadores\/<\/a><\/p>\n<p>_______________________________<\/p>\n<p><strong>carta catal\u00e0:<\/strong><\/p>\n<p>benvolugut senador\/ra,<\/p>\n<p>volia cridar la seva atenci\u00f3 sobre la reintroducci\u00f3 de la \u00abllei biden-sinde\u00bb en la llei d&#8217;economia sostenible, una serie de disposicions que, com el seu partit va denunciar al 2009, ha estat elaborada d&#8217;esquenes al treball del parlament i sense les degudes garanties d&#8217;efic\u00e0cia legal i de model econ\u00f2mic. desitjar\u00edem expresar-li la disponibilitat dels ciutadans a col\u00b7laborar en una proposta igualment urgent per\u00f2 efica\u00e7 pel desenvolupament dels artistes i els emprenedors del sector digital. no hem de oblidar que aquest es un \u00e0mbit en el que catalunya es pionera i seria una ll\u00e0stima sotmetre-la a una llei que no beneficia el seu desenvolupament.<\/p>\n<p>per tot aix\u00f3 li demano, si us plau, que rebutgi la llei \u00abbiden-sinde\u00bb de la llei de economia sostenible.<\/p>\n<p>cordialment,<br \/>\n<a href=\"http:\/\/redsostenible.wikia.com\/\">http:\/\/redsostenible.wikia.com<\/a><br \/>\n&nbsp;<\/p>\n<p><strong>carta castellano:<\/strong><\/p>\n<p>apreciado sr.\/ra senador\/ra,<\/p>\n<p>quer\u00eda llamar su atenci\u00f3n sobre la reintroducci\u00f3n de la \u00ableybiden-*sinde\u00bb en la ley de econom\u00eda sostenible, una serie de disposiciones que ha sido elaborada de espaldas al trabajo del parlamento y sin las debidas garant\u00edas de eficacia legal y de modelo econ\u00f3mico. desear\u00edamos expresarle la disponibilidad de los ciudadanos a colaborar en una propuesta igualmente urgente pero eficaz para el desarrollo de los artistas y de los emprendedores del sector digital. no tenemos que olvidar que este es un \u00e1mbito crucial para salir de la crisis y ser\u00eda una l\u00e1stima someterlo a una ley que no beneficia su desarrollo.<\/p>\n<p>por todo esto le pido, por favor, que rechace la ley \u00abbiden-sinde\u00bb de la ley de econom\u00eda sostenible.<\/p>\n<p>cordialmente,<br \/>\n<a href=\"http:\/\/redsostenible.wikia.com\/\">http:\/\/redsostenible.wikia.com<\/a><\/p>\n<p>____<\/p>\n<p><strong>nombres y mails de los senadores<\/strong>. acu\u00e9rdate que los que dudan son los de pp y de ciu. si no tienes tiempo, s\u00f3lo escr\u00edbeles a ellos. s\u00e9 amable, por favor, tienen que comprender lo que quieres decir, no rechazarlo.<\/p>\n<p>grupo popular en el senado:<\/p>\n<p>pio.garcia-escudero@senado.es,<\/p>\n<p>antolin.sanz@senado.es,<\/p>\n<p>mrosa.vindel@senado.es,<\/p>\n<p>jcruz.perez@senado.es,<\/p>\n<p>tomas.burgos@senado.es,<\/p>\n<p>francisco.utrera@senado.es,<\/p>\n<p>jjose.ortiz@senado.es,<\/p>\n<p>adolfo.abejon@senado.es,<\/p>\n<p>mmar.aguero@senado.es,<\/p>\n<p>pedro.agramunt@senado.es,<\/p>\n<p>jramon.aguirre@senado.es,<\/p>\n<p>antonio.alarco@senado.es,<\/p>\n<p>gustavo.alcalde@senado.es,<\/p>\n<p>agustin.almodobar@senado.es,<\/p>\n<p>manuel.altava@senado.es,<\/p>\n<p>mmar.angulo@senado.es,<\/p>\n<p>mcarmen.aragon@senado.es,<\/p>\n<p>mangel.arauz@senado.es,<\/p>\n<p>fjavier.arenas@senado.es,<\/p>\n<p>mpaulo.atalaya@senado.es,<\/p>\n<p>jose.atares@senado.es,<\/p>\n<p>jmanuel.barreiro@senado.es,<\/p>\n<p>jluis.bermejo@senado.es,<\/p>\n<p>roberto.bermudez@senado.es,<\/p>\n<p>manuel.blasco@senado.es,<\/p>\n<p>juana.borrego@senado.es,<\/p>\n<p>ignacio.burgos@senado.es,<\/p>\n<p>jesus.caicedo@senado.es,<\/p>\n<p>armando.castosa@senado.es,<\/p>\n<p>mluisa.ceballos@senado.es,<\/p>\n<p>fjose.cerdan@senado.es,<\/p>\n<p>fidel.cerezales@senado.es,<\/p>\n<p>jmaria.chiquillo@senado.es,<\/p>\n<p>mteresa.cobaleda@senado.es,<\/p>\n<p>agustin.conde@senado.es,<\/p>\n<p>matias.conde@senado.es,<\/p>\n<p>mbegona.contreras@senado.es,<\/p>\n<p>mdolores.cospedal@senado.es,<\/p>\n<p>mangeles.crespo@senado.es,<\/p>\n<p>salvador.cruz@senado.es,<\/p>\n<p>dfrancisco.cuevas@senado.es,<\/p>\n<p>carlos.cuevas@senado.es,<\/p>\n<p>leticia.diaz@senado.es,<\/p>\n<p>mcarmen.duenas@senado.es,<\/p>\n<p>bmaria.elorriaga@senado.es,<\/p>\n<p>bmarta.escudero@senado.es,<\/p>\n<p>jfrancisco.espana@senado.es,<\/p>\n<p>juan.fageda@senado.es,<\/p>\n<p>nicolas.fernandez@senado.es,<\/p>\n<p>alfonso.ferrada@senado.es,<\/p>\n<p>mangeles.font@senado.es,<\/p>\n<p>luism.fraga@senado.es,<\/p>\n<p>manuel.fraga@senado.es,<\/p>\n<p>mjose.fuente@senado.es,<\/p>\n<p>mcarmen.funez@senado.es,<\/p>\n<p>jmanuel.garcia@senado.es,<\/p>\n<p>dionisio.garcia@senado.es,<\/p>\n<p>dorinda.garcia@senado.es,<\/p>\n<p>sebastian.garcia@senado.es,<\/p>\n<p>fernando.garcia@senado.es,<\/p>\n<p>ialfredo.gonzalez@senado.es,<\/p>\n<p>eugenioj.gonzalvez@senado.es,<\/p>\n<p>mcarmen.gueimunde@senado.es,<\/p>\n<p>julian.gutierrez@senado.es,<\/p>\n<p>jantonio.heras@senado.es,<\/p>\n<p>pmanuel.hernandez@senado.es,<\/p>\n<p>juan.huguet@senado.es,<\/p>\n<p>jjose.imbroda@senado.es,<\/p>\n<p>juana.iturmendi@senado.es,<\/p>\n<p>jmanuel.juncal@senado.es,<\/p>\n<p>mpaz.lago@senado.es,<\/p>\n<p>mcarmen.leyte@senado.es,<\/p>\n<p>jjose.lucas@senado.es,<\/p>\n<p>mdolores.luzardo@senado.es,<\/p>\n<p>jose.macias@senado.es,<\/p>\n<p>javier.marques@senado.es,<\/p>\n<p>eluciano.martinez@senado.es,<\/p>\n<p>cfrancisca.mendiola@senado.es,<\/p>\n<p>jantonio.monago@senado.es,<\/p>\n<p>almudena.monserrat@senado.es,<\/p>\n<p>marina.moya@senado.es,<\/p>\n<p>jose.munoz@senado.es,<\/p>\n<p>alejandro.munoz-alonso@senado.es,<\/p>\n<p>encarnacion.naharro@senado.es,<\/p>\n<p>patricia.navarro@senado.es,<\/p>\n<p>mariajose.nicolas@senado.es,<\/p>\n<p>mgador.ongil@senado.es,<\/p>\n<p>miguel.ortiz@senado.es,<\/p>\n<p>fjavier.pagola@senado.es,<\/p>\n<p>jignacio.palacios@senado.es,<\/p>\n<p>mdolores.pan@senado.es,<\/p>\n<p>ildefonso.pastor@senado.es,<\/p>\n<p>jjoaquin.penarrubia@senado.es,<\/p>\n<p>luis.peral@senado.es,<\/p>\n<p>sebastian.perez@senado.es,<\/p>\n<p>mangel.perez@senado.es,<\/p>\n<p>pedroj.perez@senado.es,<\/p>\n<p>araceli.peris@senado.es,<\/p>\n<p>gjavier.pineiro@senado.es,<\/p>\n<p>ramon.rabanera@senado.es,<\/p>\n<p>jluis.ramirez@senado.es,<\/p>\n<p>cantonio.rico@senado.es,<\/p>\n<p>mcarmen.riolobos@senado.es,<\/p>\n<p>jantonio.rodriguez@senado.es,<\/p>\n<p>jantonio.rubio@senado.es,<\/p>\n<p>mjesus.sainz@senado.es,<\/p>\n<p>rjavier.salas@senado.es,<\/p>\n<p>encarnacion.salmon@senado.es,<\/p>\n<p>miguel.sanchez@senado.es,<\/p>\n<p>ovidio.sanchez@senado.es,<\/p>\n<p>jpablo.sanchez@senado.es,<\/p>\n<p>alicia.sanchez-camacho@senado.es,<\/p>\n<p>luzelena.sanin@senado.es,<\/p>\n<p>jandres.sedano@senado.es,<\/p>\n<p>marenales.serrano@senado.es,<\/p>\n<p>jluis.torres@senado.es,<\/p>\n<p>jose.valin@senado.es,<\/p>\n<p>juan.van-halen@senado.es,<\/p>\n<p>fjavier.vazquez@senado.es,<\/p>\n<p>elvira.velasco@senado.es,<\/p>\n<p>isaac.vila@senado.es,<\/p>\n<p>juana.xamena@senado.es<\/p>\n<p>grupo socialista:<\/p>\n<p>carmela.silva@senado.es,<\/p>\n<p>ruth.porta@senado.es,<\/p>\n<p>jmiguel.camacho@senado.es,<\/p>\n<p>mascension.murillo@senado.es,<\/p>\n<p>antonio.gutierrez@senado.es,<\/p>\n<p>enrique.abad@senado.es,<\/p>\n<p>francisco.abellan@senado.es,<\/p>\n<p>aurelio.abreu@senado.es,<\/p>\n<p>carmen.alborch@senado.es,<\/p>\n<p>jose.alcaraz@senado.es,<\/p>\n<p>jantonio.alonso@senado.es,<\/p>\n<p>rmiriam.andres@senado.es,<\/p>\n<p>manuel.arjona@senado.es,<\/p>\n<p>diegoasensio@senado.es,<\/p>\n<p>jpascual.azorin@senado.es,<\/p>\n<p>jm.becana@senado.es,<\/p>\n<p>francisco.bella@senado.es,<\/p>\n<p>rosa.beltran@senado.es,<\/p>\n<p>jaime.blanco@senado.es,<\/p>\n<p>jmaria.burgos@senado.es,<\/p>\n<p>pedro.bustos@senado.es,<\/p>\n<p>hilario.caballero@senado.es,<\/p>\n<p>mteresa.camacho@senado.es,<\/p>\n<p>antonio.canedo@senado.es,<\/p>\n<p>jbautista.cardona@senado.es,<\/p>\n<p>jose.carracao@senado.es,<\/p>\n<p>enrique.cascallana@senado.es,<\/p>\n<p>mjesus.castro@senado.es,<\/p>\n<p>jorge.conde@senado.es,<\/p>\n<p>jmaria.cornejo@senado.es,<\/p>\n<p>jmanuel.cuervo@senado.es,<\/p>\n<p>casimiro.curbelo@senado.es,<\/p>\n<p>arcadio.diaz@senado.es,<\/p>\n<p>aluisa.duran@senado.es,<\/p>\n<p>fernando.elboj@senado.es,<\/p>\n<p>maria.escudero@senado.es,<\/p>\n<p>juan.espadas@senado.es,<\/p>\n<p>javier.fernandez@senado.es,<\/p>\n<p>jmanuel.fernandez@senado.es,<\/p>\n<p>matilde.fernandez@senado.es,<\/p>\n<p>emelina.fernandez@senado.es,<\/p>\n<p>miguel.fidalgo@senado.es,<\/p>\n<p>misabel.flores@senado.es,<\/p>\n<p>francisco.fuentes@senado.es,<\/p>\n<p>rafaela.fuentes@senado.es,<\/p>\n<p>diego.garcia@senado.es,<\/p>\n<p>pablo.garcia@senado.es,<\/p>\n<p>jose.gimenez@senado.es,<\/p>\n<p>izaskun.gomez@senado.es,<\/p>\n<p>lino.gonzalez@senado.es,<\/p>\n<p>jluis.gordo@senado.es,<\/p>\n<p>angel.gracia@senado.es,<\/p>\n<p>mcarmen.granado@senado.es,<\/p>\n<p>concha.gutierrez@senado.es,<\/p>\n<p>marcos.hernandez@senado.es,<\/p>\n<p>patricia.hernandez@senado.es,<\/p>\n<p>manuel.hurtado@senado.es,<\/p>\n<p>antonio.hurtado@senado.es,<\/p>\n<p>esmeralda.iranzo@senado.es,<\/p>\n<p>fjavier.irizar@senado.es,<\/p>\n<p>francisco.jimenez@senado.es,<\/p>\n<p>aluis.lacueva@senado.es,<\/p>\n<p>langel.lago@senado.es,<\/p>\n<p>felix.lavilla@senado.es,<\/p>\n<p>joan.lerma@senado.es,<\/p>\n<p>roberto.lertxundi@senado.es,<\/p>\n<p>vicente.llanos@senado.es,<\/p>\n<p>fernando.lopez@senado.es,<\/p>\n<p>c.lopezcarvajal@senado.es,<\/p>\n<p>fjavier.losada@senado.es,<\/p>\n<p>cristina.maestre@senado.es,<\/p>\n<p>jesus.martinez@senado.es,<\/p>\n<p>josefa.mena@senado.es,<\/p>\n<p>luis.moreno@senado.es,<\/p>\n<p>jesus.morlote@senado.es,<\/p>\n<p>leire.pajin@senado.es,<\/p>\n<p>jmiguel.palazuelo@senado.es,<\/p>\n<p>jantonio.perez@senado.es,<\/p>\n<p>mpilar.perez@senado.es,<\/p>\n<p>jignacio.perez@senado.es,<\/p>\n<p>margarita.periz@senado.es,<\/p>\n<p>anselmo.pestana@senado.es,<\/p>\n<p>jose.pliego@senado.es,<\/p>\n<p>dori.quesada@senado.es,<\/p>\n<p>jose.quintana@senado.es,<\/p>\n<p>xramis@senado.es,<\/p>\n<p>mjose.rodriguez@senado.es,<\/p>\n<p>fjavier.rojo@senado.es,<\/p>\n<p>lentxu.rubial@senado.es,<\/p>\n<p>luis.salvador@senado.es,<\/p>\n<p>ana.sanchez@senado.es,<\/p>\n<p>carmen.sanjurjo@senado.es,<\/p>\n<p>saturnina.santana@senado.es,<\/p>\n<p>fjavier.sanz@senado.es,<\/p>\n<p>basilia.sanz@senado.es,<\/p>\n<p>dimas.sanudo@senado.es,<\/p>\n<p>julian.simon@senado.es,<\/p>\n<p>susana.sumelzo@senado.es,<\/p>\n<p>mangel.uzquiza@senado.es,<\/p>\n<p>francisco.vallejo@senado.es,<\/p>\n<p>jluis.valles@senado.es,<\/p>\n<p>yolanda.vicente@senado.es,<\/p>\n<p>jantonio.viera@senado.es,<\/p>\n<p>pedro.villagran@senado.es,<\/p>\n<p>imanol.zubero@senado.es,<\/p>\n<p>grupo parlamentario catal\u00e1n converg\u00e8ncia i unio:<\/p>\n<p>jordi.vilajoana@senado.es,<\/p>\n<p>jmaria.roig@senado.es,<\/p>\n<p>montserrat.candini@senado.es,<\/p>\n<p>rn.aleixandre@senado.es,<\/p>\n<p>ramon.alturo@senado.es,<\/p>\n<p>jordi.casas@senado.es,<\/p>\n<p>josep.maldonado@senado.es,<\/p>\n<p>grupo entesa catalana de progr\u00e9s:<\/p>\n<p>ramon.aleu@senado.es, psc<\/p>\n<p>cjosep.bonet@senado.es,<\/p>\n<p>jordi.guillot@senado.es,<\/p>\n<p>judith.alberich@senado.es, psc<\/p>\n<p>maite.arque@senado.es, psc<\/p>\n<p>massumpta.baig@senado.es, psc<\/p>\n<p>josepm.batlle@senado.es, psc<\/p>\n<p>miquel.bofill@senado.es,<\/p>\n<p>maria.burgues@senado.es, psc<\/p>\n<p>pepa.celaya@senado.es, psc<\/p>\n<p>jmaria.esquerda@senado.es,<\/p>\n<p>isidre.molas@senado.es, psc<\/p>\n<p>pere.munoz@senado.es,<\/p>\n<p>jjosep.nuet@senado.es,<\/p>\n<p>llmdepuig@senado.es, psc<\/p>\n<p>joan.sabate@senado.es, psc<\/p>\n<p>grupos nacionalistas (vascos, canarios, gallegos):<\/p>\n<p>joseba.zubia@senado.es,<\/p>\n<p>jmanuel.perez@senado.es,<\/p>\n<p>imirena.anasagasti@senado.es,<\/p>\n<p>alfredo.belda@senado.es,<\/p>\n<p>mlore.leanizbarrutia@senado.es,<\/p>\n<p>narvay.quintero@senado.es,<\/p>\n<p>grupo parlamentario mixto:<\/p>\n<p>jmaria.mur@senado.es,<\/p>\n<p>pere.sampol@senado.es,<\/p>\n<p>arturo.bagur@senado.es,<\/p>\n<p>maria.caballero@senado.es,<\/p>\n<p>pedro.torres@senado.es,<\/p>\n<p>fjavier.tunon@senado.es<\/p>\n<p><\/p>","protected":false},"excerpt":{"rendered":"<p>Escribe a tu senador para parar la \u201cley biden-sinde\u201d en el senado \u00abtiene raz\u00f3n alejandro sanz: hay que ser muy valiente para aprobar una ley que perjudica a muchos para beneficiar a unos pocos\u00bb un tweet<\/p>\n","protected":false},"author":5,"featured_media":5499,"comment_status":"closed","ping_status":"closed","sticky":false,"template":"","format":"standard","meta":{"footnotes":""},"categories":[52],"tags":[],"class_list":["post-2262","post","type-post","status-publish","format-standard","has-post-thumbnail","hentry","category-blog"],"yoast_head":"<!-- This site is optimized with the Yoast SEO plugin v26.7 - https:\/\/yoast.com\/wordpress\/plugins\/seo\/ -->\n<title>Red-SOStenible cumple 1 a\u00f1o y relanza la acci\u00f3n para parar la \u201cLey Biden-Sinde\u201d en el senado<\/title>\n<meta name=\"robots\" content=\"index, follow, max-snippet:-1, max-image-preview:large, max-video-preview:-1\" \/>\n<link rel=\"canonical\" href=\"https:\/\/dev.xnet-x.net\/es\/redsos-cumple\/\" \/>\n<meta name=\"twitter:label1\" content=\"Escrito por\" \/>\n\t<meta name=\"twitter:data1\" content=\"Xnet\" \/>\n\t<meta name=\"twitter:label2\" content=\"Tiempo de lectura\" \/>\n\t<meta name=\"twitter:data2\" content=\"12 minutos\" \/>\n<script type=\"application\/ld+json\" class=\"yoast-schema-graph\">{\"@context\":\"https:\/\/schema.org\",\"@graph\":[{\"@type\":\"Article\",\"@id\":\"https:\/\/dev.xnet-x.net\/es\/redsos-cumple\/#article\",\"isPartOf\":{\"@id\":\"https:\/\/dev.xnet-x.net\/es\/redsos-cumple\/\"},\"author\":{\"name\":\"Xnet\",\"@id\":\"https:\/\/dev.xnet-x.net\/es\/#\/schema\/person\/919c7ab500254f012b3e8975a5cf2bc3\"},\"headline\":\"Red-SOStenible cumple 1 a\u00f1o y relanza la acci\u00f3n para parar la \u201cLey Biden-Sinde\u201d en el senado\",\"datePublished\":\"2011-01-10T10:40:45+00:00\",\"dateModified\":\"2019-12-16T14:31:02+00:00\",\"mainEntityOfPage\":{\"@id\":\"https:\/\/dev.xnet-x.net\/es\/redsos-cumple\/\"},\"wordCount\":2473,\"publisher\":{\"@id\":\"https:\/\/dev.xnet-x.net\/es\/#organization\"},\"image\":{\"@id\":\"https:\/\/dev.xnet-x.net\/es\/redsos-cumple\/#primaryimage\"},\"thumbnailUrl\":\"https:\/\/dev.xnet-x.net\/img\/red-SOStenible-1-a\u00f1o.png\",\"articleSection\":[\"Blog - Nuestras acciones\"],\"inLanguage\":\"es\"},{\"@type\":\"WebPage\",\"@id\":\"https:\/\/dev.xnet-x.net\/es\/redsos-cumple\/\",\"url\":\"https:\/\/dev.xnet-x.net\/es\/redsos-cumple\/\",\"name\":\"Red-SOStenible cumple 1 a\u00f1o y relanza la acci\u00f3n para parar la \u201cLey Biden-Sinde\u201d en el senado\",\"isPartOf\":{\"@id\":\"https:\/\/dev.xnet-x.net\/es\/#website\"},\"primaryImageOfPage\":{\"@id\":\"https:\/\/dev.xnet-x.net\/es\/redsos-cumple\/#primaryimage\"},\"image\":{\"@id\":\"https:\/\/dev.xnet-x.net\/es\/redsos-cumple\/#primaryimage\"},\"thumbnailUrl\":\"https:\/\/dev.xnet-x.net\/img\/red-SOStenible-1-a\u00f1o.png\",\"datePublished\":\"2011-01-10T10:40:45+00:00\",\"dateModified\":\"2019-12-16T14:31:02+00:00\",\"breadcrumb\":{\"@id\":\"https:\/\/dev.xnet-x.net\/es\/redsos-cumple\/#breadcrumb\"},\"inLanguage\":\"es\",\"potentialAction\":[{\"@type\":\"ReadAction\",\"target\":[[\"https:\/\/dev.xnet-x.net\/es\/redsos-cumple\/\"]]}]},{\"@type\":\"ImageObject\",\"inLanguage\":\"es\",\"@id\":\"https:\/\/dev.xnet-x.net\/es\/redsos-cumple\/#primaryimage\",\"url\":\"https:\/\/dev.xnet-x.net\/img\/red-SOStenible-1-a\u00f1o.png\",\"contentUrl\":\"https:\/\/dev.xnet-x.net\/img\/red-SOStenible-1-a\u00f1o.png\",\"width\":379,\"height\":336,\"caption\":\"red SOStenible 1 a\u00f1o\"},{\"@type\":\"BreadcrumbList\",\"@id\":\"https:\/\/dev.xnet-x.net\/es\/redsos-cumple\/#breadcrumb\",\"itemListElement\":[{\"@type\":\"ListItem\",\"position\":1,\"name\":\"Portada\",\"item\":\"https:\/\/dev.xnet-x.net\/es\/\"},{\"@type\":\"ListItem\",\"position\":2,\"name\":\"Red-SOStenible cumple 1 a\u00f1o y relanza la acci\u00f3n para parar la \u201cLey Biden-Sinde\u201d en el senado\"}]},{\"@type\":\"WebSite\",\"@id\":\"https:\/\/dev.xnet-x.net\/es\/#website\",\"url\":\"https:\/\/dev.xnet-x.net\/es\/\",\"name\":\"[:es]Xnet - Internet, derechos y democracia en la era digital[:ca]Xnet - Internet, drets i democr\u00e0cia en l'era digital[:en]Xnet - Internet freedoms & digital rights[:]\",\"description\":\"Xnet: Internet, informaci\u00f3n y cultura libres. Tecnopol\u00edtica. Datos, algoritmos y derechos digitales. Libertad de expresi\u00f3n. Democracia y anticorrupci\u00f3n\",\"publisher\":{\"@id\":\"https:\/\/dev.xnet-x.net\/es\/#organization\"},\"potentialAction\":[{\"@type\":\"SearchAction\",\"target\":{\"@type\":\"EntryPoint\",\"urlTemplate\":\"https:\/\/dev.xnet-x.net\/es\/?s={search_term_string}\"},\"query-input\":{\"@type\":\"PropertyValueSpecification\",\"valueRequired\":true,\"valueName\":\"search_term_string\"}}],\"inLanguage\":\"es\"},{\"@type\":\"Organization\",\"@id\":\"https:\/\/dev.xnet-x.net\/es\/#organization\",\"name\":\"Xnet - Internet, derechos y democracia en la era digital\",\"url\":\"https:\/\/dev.xnet-x.net\/es\/\",\"logo\":{\"@type\":\"ImageObject\",\"inLanguage\":\"es\",\"@id\":\"https:\/\/dev.xnet-x.net\/es\/#\/schema\/logo\/image\/\",\"url\":\"https:\/\/xnet-x.net\/img\/xnet-logo.png\",\"contentUrl\":\"https:\/\/xnet-x.net\/img\/xnet-logo.png\",\"width\":512,\"height\":512,\"caption\":\"Xnet - Internet, derechos y democracia en la era digital\"},\"image\":{\"@id\":\"https:\/\/dev.xnet-x.net\/es\/#\/schema\/logo\/image\/\"},\"sameAs\":[\"http:\/\/facebook.com\/RedX.Net\/\",\"https:\/\/x.com\/x_net_\",\"https:\/\/es.wikipedia.org\/wiki\/Xnet\"]},{\"@type\":\"Person\",\"@id\":\"https:\/\/dev.xnet-x.net\/es\/#\/schema\/person\/919c7ab500254f012b3e8975a5cf2bc3\",\"name\":\"Xnet\",\"image\":{\"@type\":\"ImageObject\",\"inLanguage\":\"es\",\"@id\":\"https:\/\/dev.xnet-x.net\/es\/#\/schema\/person\/image\/\",\"url\":\"https:\/\/secure.gravatar.com\/avatar\/8b8563db88d55a25627c485761032c68d19ec6fbca59b20305af9bd0e10cb624?s=96&d=mm&r=g\",\"contentUrl\":\"https:\/\/secure.gravatar.com\/avatar\/8b8563db88d55a25627c485761032c68d19ec6fbca59b20305af9bd0e10cb624?s=96&d=mm&r=g\",\"caption\":\"Xnet\"}}]}<\/script>\n<!-- \/ Yoast SEO plugin. -->","yoast_head_json":{"title":"Red-SOStenible cumple 1 a\u00f1o y relanza la acci\u00f3n para parar la \u201cLey Biden-Sinde\u201d en el senado","robots":{"index":"index","follow":"follow","max-snippet":"max-snippet:-1","max-image-preview":"max-image-preview:large","max-video-preview":"max-video-preview:-1"},"canonical":"https:\/\/dev.xnet-x.net\/es\/redsos-cumple\/","twitter_misc":{"Escrito por":"Xnet","Tiempo de lectura":"12 minutos"},"schema":{"@context":"https:\/\/schema.org","@graph":[{"@type":"Article","@id":"https:\/\/dev.xnet-x.net\/es\/redsos-cumple\/#article","isPartOf":{"@id":"https:\/\/dev.xnet-x.net\/es\/redsos-cumple\/"},"author":{"name":"Xnet","@id":"https:\/\/dev.xnet-x.net\/es\/#\/schema\/person\/919c7ab500254f012b3e8975a5cf2bc3"},"headline":"Red-SOStenible cumple 1 a\u00f1o y relanza la acci\u00f3n para parar la \u201cLey Biden-Sinde\u201d en el senado","datePublished":"2011-01-10T10:40:45+00:00","dateModified":"2019-12-16T14:31:02+00:00","mainEntityOfPage":{"@id":"https:\/\/dev.xnet-x.net\/es\/redsos-cumple\/"},"wordCount":2473,"publisher":{"@id":"https:\/\/dev.xnet-x.net\/es\/#organization"},"image":{"@id":"https:\/\/dev.xnet-x.net\/es\/redsos-cumple\/#primaryimage"},"thumbnailUrl":"https:\/\/dev.xnet-x.net\/img\/red-SOStenible-1-a\u00f1o.png","articleSection":["Blog - Nuestras acciones"],"inLanguage":"es"},{"@type":"WebPage","@id":"https:\/\/dev.xnet-x.net\/es\/redsos-cumple\/","url":"https:\/\/dev.xnet-x.net\/es\/redsos-cumple\/","name":"Red-SOStenible cumple 1 a\u00f1o y relanza la acci\u00f3n para parar la \u201cLey Biden-Sinde\u201d en el senado","isPartOf":{"@id":"https:\/\/dev.xnet-x.net\/es\/#website"},"primaryImageOfPage":{"@id":"https:\/\/dev.xnet-x.net\/es\/redsos-cumple\/#primaryimage"},"image":{"@id":"https:\/\/dev.xnet-x.net\/es\/redsos-cumple\/#primaryimage"},"thumbnailUrl":"https:\/\/dev.xnet-x.net\/img\/red-SOStenible-1-a\u00f1o.png","datePublished":"2011-01-10T10:40:45+00:00","dateModified":"2019-12-16T14:31:02+00:00","breadcrumb":{"@id":"https:\/\/dev.xnet-x.net\/es\/redsos-cumple\/#breadcrumb"},"inLanguage":"es","potentialAction":[{"@type":"ReadAction","target":[["https:\/\/dev.xnet-x.net\/es\/redsos-cumple\/"]]}]},{"@type":"ImageObject","inLanguage":"es","@id":"https:\/\/dev.xnet-x.net\/es\/redsos-cumple\/#primaryimage","url":"https:\/\/dev.xnet-x.net\/img\/red-SOStenible-1-a\u00f1o.png","contentUrl":"https:\/\/dev.xnet-x.net\/img\/red-SOStenible-1-a\u00f1o.png","width":379,"height":336,"caption":"red SOStenible 1 a\u00f1o"},{"@type":"BreadcrumbList","@id":"https:\/\/dev.xnet-x.net\/es\/redsos-cumple\/#breadcrumb","itemListElement":[{"@type":"ListItem","position":1,"name":"Portada","item":"https:\/\/dev.xnet-x.net\/es\/"},{"@type":"ListItem","position":2,"name":"Red-SOStenible cumple 1 a\u00f1o y relanza la acci\u00f3n para parar la \u201cLey Biden-Sinde\u201d en el senado"}]},{"@type":"WebSite","@id":"https:\/\/dev.xnet-x.net\/es\/#website","url":"https:\/\/dev.xnet-x.net\/es\/","name":"[:es]Xnet - Internet, derechos y democracia en la era digital[:ca]Xnet - Internet, drets i democr\u00e0cia en l'era digital[:en]Xnet - Internet freedoms & digital rights[:]","description":"Xnet: Internet, informaci\u00f3n y cultura libres. Tecnopol\u00edtica. Datos, algoritmos y derechos digitales. Libertad de expresi\u00f3n. Democracia y anticorrupci\u00f3n","publisher":{"@id":"https:\/\/dev.xnet-x.net\/es\/#organization"},"potentialAction":[{"@type":"SearchAction","target":{"@type":"EntryPoint","urlTemplate":"https:\/\/dev.xnet-x.net\/es\/?s={search_term_string}"},"query-input":{"@type":"PropertyValueSpecification","valueRequired":true,"valueName":"search_term_string"}}],"inLanguage":"es"},{"@type":"Organization","@id":"https:\/\/dev.xnet-x.net\/es\/#organization","name":"Xnet - Internet, derechos y democracia en la era digital","url":"https:\/\/dev.xnet-x.net\/es\/","logo":{"@type":"ImageObject","inLanguage":"es","@id":"https:\/\/dev.xnet-x.net\/es\/#\/schema\/logo\/image\/","url":"https:\/\/xnet-x.net\/img\/xnet-logo.png","contentUrl":"https:\/\/xnet-x.net\/img\/xnet-logo.png","width":512,"height":512,"caption":"Xnet - Internet, derechos y democracia en la era digital"},"image":{"@id":"https:\/\/dev.xnet-x.net\/es\/#\/schema\/logo\/image\/"},"sameAs":["http:\/\/facebook.com\/RedX.Net\/","https:\/\/x.com\/x_net_","https:\/\/es.wikipedia.org\/wiki\/Xnet"]},{"@type":"Person","@id":"https:\/\/dev.xnet-x.net\/es\/#\/schema\/person\/919c7ab500254f012b3e8975a5cf2bc3","name":"Xnet","image":{"@type":"ImageObject","inLanguage":"es","@id":"https:\/\/dev.xnet-x.net\/es\/#\/schema\/person\/image\/","url":"https:\/\/secure.gravatar.com\/avatar\/8b8563db88d55a25627c485761032c68d19ec6fbca59b20305af9bd0e10cb624?s=96&d=mm&r=g","contentUrl":"https:\/\/secure.gravatar.com\/avatar\/8b8563db88d55a25627c485761032c68d19ec6fbca59b20305af9bd0e10cb624?s=96&d=mm&r=g","caption":"Xnet"}}]}},"_links":{"self":[{"href":"https:\/\/dev.xnet-x.net\/es\/wp-json\/wp\/v2\/posts\/2262","targetHints":{"allow":["GET"]}}],"collection":[{"href":"https:\/\/dev.xnet-x.net\/es\/wp-json\/wp\/v2\/posts"}],"about":[{"href":"https:\/\/dev.xnet-x.net\/es\/wp-json\/wp\/v2\/types\/post"}],"author":[{"embeddable":true,"href":"https:\/\/dev.xnet-x.net\/es\/wp-json\/wp\/v2\/users\/5"}],"replies":[{"embeddable":true,"href":"https:\/\/dev.xnet-x.net\/es\/wp-json\/wp\/v2\/comments?post=2262"}],"version-history":[{"count":14,"href":"https:\/\/dev.xnet-x.net\/es\/wp-json\/wp\/v2\/posts\/2262\/revisions"}],"predecessor-version":[{"id":17769,"href":"https:\/\/dev.xnet-x.net\/es\/wp-json\/wp\/v2\/posts\/2262\/revisions\/17769"}],"wp:featuredmedia":[{"embeddable":true,"href":"https:\/\/dev.xnet-x.net\/es\/wp-json\/wp\/v2\/media\/5499"}],"wp:attachment":[{"href":"https:\/\/dev.xnet-x.net\/es\/wp-json\/wp\/v2\/media?parent=2262"}],"wp:term":[{"taxonomy":"category","embeddable":true,"href":"https:\/\/dev.xnet-x.net\/es\/wp-json\/wp\/v2\/categories?post=2262"},{"taxonomy":"post_tag","embeddable":true,"href":"https:\/\/dev.xnet-x.net\/es\/wp-json\/wp\/v2\/tags?post=2262"}],"curies":[{"name":"wp","href":"https:\/\/api.w.org\/{rel}","templated":true}]}}