{"id":21282,"date":"2020-12-14T08:30:35","date_gmt":"2020-12-14T06:30:35","guid":{"rendered":"https:\/\/xnet-x.net\/?p=21282"},"modified":"2021-07-01T10:40:06","modified_gmt":"2021-07-01T08:40:06","slug":"carta-al-consejo-de-la-union-europea-para-la-defensa-de-la-encriptacion","status":"publish","type":"post","link":"https:\/\/dev.xnet-x.net\/es\/carta-consejo-union-europea-defensa-encriptacion\/","title":{"rendered":"Respaldamos la carta al Consejo de la Uni\u00f3n Europea en defensa de la encriptaci\u00f3n"},"content":{"rendered":"<p><em>Carta al Consejo de la Uni\u00f3n Europea para la defensa de la encriptac\u00ed\u00f3n que se est\u00e1 poniendo en discusi\u00f3n desde la Presidencia Alemana<\/em><\/p>\n<p>Por<br \/>\nEuropean Digital Rights (EDRi) y Access Now<br \/>\n&nbsp;<\/p>\n<p> Apreciados representantes de la Presidencia Alemana,<\/p>\n<p>Les escribimos para proporcionarle informaci\u00f3n por escrito en nombre de European Digital Rights (EDRi) sobre el borrador de Resoluci\u00f3n LIMITE 12143\/1\/20 sobre Encriptaci\u00f3n.[1]<\/p>\n<p>En primer lugar, apoyamos las declaraciones del borrador de Resoluci\u00f3n sobre Encriptaci\u00f3n [1] que reafirman <strong>la necesidad de asegurar la encriptaci\u00f3n como base no s\u00f3lo para asegurar el derecho a la privacidad, sino tambi\u00e9n para asegurar la seguridad de los gobiernos<\/strong>, las empresas y la ciudadan\u00eda. Dada la importancia del cifrado en la protecci\u00f3n de la infraestructura, recordamos la necesidad de promover el uso de esta tecnolog\u00eda por defecto:[2] se deber\u00eda exigir a las empresas de software que la apliquen siempre que sea posible, como sugiere claramente el Reglamento General de Protecci\u00f3n de Datos (RGPD). El uso de protocolos de cifrado abiertos y de libre acceso deber\u00eda ser la norma universal. Los gobiernos no deben socavar en modo alguno el desarrollo, la producci\u00f3n o el uso de cifrado de alto grado.<\/p>\n<p>En segundo lugar, la encriptaci\u00f3n es la base de la seguridad con la que se llevan a cabo la mayor\u00eda de las transacciones y relaciones sociales, comerciales y gubernamentales.[3] Gracias a <strong>los protocolos de encriptaci\u00f3n que se aplican ampliamente, las empresas negocian contratos, la ciudadan\u00eda presenta declaraciones de impuestos, la comunidad de inteligencia encripta los secretos de estado<\/strong>&#8230; La encriptaci\u00f3n permite trasladar la confianza desde donde existe a donde se necesita. Las acciones que socavan la confianza en la integridad y la confidencialidad de la informaci\u00f3n electr\u00f3nica -incluidas las comunicaciones en s\u00ed- socavan la base misma de la sociedad digital contempor\u00e1nea. <\/p>\n<p>Como los eurodiputados Gamon, K\u00f6rner e in&#8217;t Veld tambi\u00e9n mencionan refiri\u00e9ndose al Art\u00edculo 29 del Grupo de Trabajo de Protecci\u00f3n de Datos en la carta que les enviaron, \u00abla encriptaci\u00f3n es una necesidad en el mundo digital moderno. Esas tecnolog\u00edas contribuyen <strong>de manera insustituible a nuestra privacidad y al funcionamiento seguro y protegido de nuestras sociedades<\/strong>\u00ab.[4] En el proyecto de resoluci\u00f3n del Consejo se se\u00f1ala que las vulnerabilidades digitales crean la posibilidad de explotaci\u00f3n con fines delictivos. Sin duda, <strong>todo esfuerzo para imponer puertas traseras, o sea fallos de seguridad en los sistemas, dar\u00e1 poder a delincuentes y a agentes estatales malintencionados<\/strong>. Debemos mantener y fortalecer la seguridad de nuestras sociedades y proteger por igual tanto la infraestructura cr\u00edtica como las comunicaciones privadas.<\/p>\n<p>En tercer lugar, comprendemos plenamente la necesidad de que los organismos encargados de hacer cumplir la ley accedan legalmente a la informaci\u00f3n en las investigaciones penales. Este proceso debe basarse en una orden judicial que autorice el acceso y debe respetar los principios de legalidad, transparencia, necesidad y proporcionalidad, como sugiere el documento. Cuando el cifrado es de extremo a extremo, y por lo tanto la interceptaci\u00f3n tradicional de las comunicaciones se hace in\u00fatil, el acceso de los agentes del orden debe producirse en los puntos finales de una comunicaci\u00f3n. Los tribunales pueden conceder y conceden acceso a la informaci\u00f3n almacenada tanto en los servidores como en los dispositivos finales. Los tribunales tambi\u00e9n pueden dictar, y de hecho dictan, \u00f3rdenes que autorizan a las autoridades a desmantelar los sistemas de telecomunicaciones que se utilizan exclusivamente con fines delictivos. Sin embargo, <strong>las salvaguardias legales sugeridas en el borrador no son aplicables si las empresas de tecnolog\u00eda se ven obligadas a crear fallos de seguridad en sus sistemas<\/strong>.[5]<\/p>\n<p>En cuarto lugar, no podemos aceptar que se conceda a las fuerzas del orden y a los organismos de inteligencia el derecho a filtrar los mensajes previamente a que se env\u00eden desde los dispositivos personales antes de que est\u00e9n protegidos por una encriptaci\u00f3n de extremo a extremo. Tal programa equivaldr\u00eda a una vigilancia masiva ilegal.[6]<\/p>\n<p>Por \u00faltimo, quisi\u00e9ramos destacar la necesidad de incluir a los investigadores de la seguridad digital, los defensores de los derechos humanos y las ONG en las consultas descritas en el p\u00e1rrafo 5 del documento. <strong>Cada vez m\u00e1s periodistas, activistas (grupos ecologistas, sindicatos y defensores de los derechos humanos en general) utilizan tecnolog\u00edas de cifrado para protegerse de los gobiernos autoritarios<\/strong>. Estos grupos son los principales interesados en este debate; deben considerarse esenciales y escucharse con la misma atenci\u00f3n que las empresas y los gobiernos de los Estados Miembros cuando se debatan y apliquen pol\u00edticas relacionadas con la aplicaci\u00f3n y el uso de tecnolog\u00edas de cifrado y la labor de lucha contra la delincuencia.<\/p>\n<p>Por lo tanto:<\/p>\n<ul>\n\u2022\tInstamos a la UE y a sus Estados Miembros a que abandonen los planes para debilitar las medidas de seguridad de la informaci\u00f3n, como la encriptaci\u00f3n de extremo a extremo.<\/p>\n<p>\u2022\tInstamos a la UE y a sus Estados Miembros a que se abstengan de obligar a las empresas a incorporar en sus sistemas controles previos a la codificaci\u00f3n u otros fallos de seguridad.<\/p>\n<p>\u2022\tAbogamos firmemente por un enfoque espec\u00edfico en lo que respecta al acceso a la informaci\u00f3n privada. Las \u00f3rdenes concretas de descifrado o de interferencia de equipos dirigidas a casos espec\u00edficos deben utilizarse \u00fanicamente cuando no se disponga de medios menos intrusivos y s\u00f3lo deben emplearse en circunstancias excepcionales para lograr un objetivo leg\u00edtimo, basado en la ley y de alcance claramente limitado.[7}<\/p>\n<p>\u2022\tPedimos que en los futuros debates sobre el cifrado participen las ONG de derechos humanos, los expertos en derechos digitales y otros grupos de la sociedad civil.<\/p>\n<p>\u2022\tPedimos a la Uni\u00f3n Europea que invierta en el desarrollo de mejores herramientas para la investigaci\u00f3n forense digital, de modo que los investigadores puedan hacer un uso adecuado del material al que tienen acceso legal.<\/ul>\n<p>&nbsp;<\/p>\n<p>1<br \/>\n<a href=\"https:\/\/files.orf.at\/vietnam2\/files\/fm4\/202045\/783284_fh_st12143-re01en20_783284.pdf\" rel=\"noopener noreferrer\" target=\"_blank\">https:\/\/files.orf.at\/vietnam2\/files\/fm4\/202045\/783284_fh_st12143-re01en20_783284.pdf<\/a><\/p>\n<p>2<br \/>\nSee our previous submission:<br \/>\n<a href=\"https:\/\/edri.org\/wp-content\/uploads\/2020\/10\/20201006-EDRi-comments-to-German-Presidency-on-encryption.pdf\" rel=\"noopener noreferrer\" target=\"_blank\">https:\/\/edri.org\/wp-content\/uploads\/2020\/10\/20201006-EDRi-comments-to-German-Presidency-on-encryption.pdf<\/a><\/p>\n<p>3<br \/>\nPlease see EDRi\u2019s position paper on encryption:<br \/>\n<a href=\"https:\/\/www.edri.org\/files\/20160125-edri-crypto-position-paper.pdf\" rel=\"noopener noreferrer\" target=\"_blank\">https:\/\/www.edri.org\/files\/20160125-edri-crypto-position-paper.pdf<\/a><\/p>\n<p>4<br \/>\n<a href=\"https:\/\/ec.europa.eu\/newsroom\/article29\/document.cfm?action=display&#038;doc_id=5102\" rel=\"noopener noreferrer\" target=\"_blank\">https:\/\/ec.europa.eu\/newsroom\/article29\/document.cfm?action=display&#038;doc_id=5102<\/a><\/p>\n<p>5<br \/>\n<a href=\"https:\/\/twitter.com\/accessnow\/status\/1325765671742025728?s=20\" rel=\"noopener noreferrer\" target=\"_blank\">https:\/\/twitter.com\/accessnow\/status\/1325765671742025728?s=20<\/a><\/p>\n<p>6<br \/>\nIndeed, during the \u2018Crypto War\u2019 of the 1990s, it was suggested that rather than insisting on access to cryptographic keys, governments might instead insist that everyone use a cloud-based spell-checker that they controlled. That suggestion was actually a spoof, which people thought hilarious at the time. Europe should avoid falling for similar suggestions. See T Berson, \u201cHer Majesty\u2019s Orthography Service\u2019, IHW 1996, at<br \/>\n<a href=\"http:\/\/www.anagram.com\/berson\/abshmos.html\" rel=\"noopener noreferrer\" target=\"_blank\">http:\/\/www.anagram.com\/berson\/abshmos.html<\/a><\/p>\n<p>7<br \/>\nAmnesty International USA, \u201cEncryption as a matter of human rights\u201d, p. 40, available at <a href=\"https:\/\/www.amnestyusa.org\/files\/encryption_-_a_matter_of_human_rights_-_pol_40-3682-2016.pdf\" rel=\"noopener noreferrer\" target=\"_blank\">https:\/\/www.amnestyusa.org\/files\/encryption_-_a_matter_of_human_rights_-_pol_40-3682-2016.pdf<\/a><\/p>","protected":false},"excerpt":{"rendered":"<p>Apoyamos la carta al @EUCouncil en defensa de la encriptac\u00ed\u00f3n que se est\u00e1 poniendo en discusi\u00f3n desde la Presidencia Alemana.<\/p>\n","protected":false},"author":15,"featured_media":21289,"comment_status":"closed","ping_status":"closed","sticky":false,"template":"","format":"standard","meta":{"footnotes":""},"categories":[52],"tags":[],"class_list":["post-21282","post","type-post","status-publish","format-standard","has-post-thumbnail","hentry","category-blog","ejes-neutralidad-de-la-red","servicios-recomendaciones-de-politicas"],"yoast_head":"<!-- This site is optimized with the Yoast SEO plugin v26.7 - https:\/\/yoast.com\/wordpress\/plugins\/seo\/ -->\n<title>Carta al Consejo de la UE para la defensa de la encriptac\u00ed\u00f3n<\/title>\n<meta name=\"description\" content=\"La posici\u00f3n de la Presidencia alemana del Consejo de la UE es preocupante, instamos a la UE y sus Estados miembros a defender el cifrado.\" \/>\n<meta name=\"robots\" content=\"index, follow, max-snippet:-1, max-image-preview:large, max-video-preview:-1\" \/>\n<link rel=\"canonical\" href=\"https:\/\/dev.xnet-x.net\/es\/carta-consejo-union-europea-defensa-encriptacion\/\" \/>\n<meta name=\"twitter:label1\" content=\"Escrito por\" \/>\n\t<meta name=\"twitter:data1\" content=\"Xnet\" \/>\n\t<meta name=\"twitter:label2\" content=\"Tiempo de lectura\" \/>\n\t<meta name=\"twitter:data2\" content=\"6 minutos\" \/>\n<script type=\"application\/ld+json\" class=\"yoast-schema-graph\">{\"@context\":\"https:\/\/schema.org\",\"@graph\":[{\"@type\":\"Article\",\"@id\":\"https:\/\/dev.xnet-x.net\/es\/carta-consejo-union-europea-defensa-encriptacion\/#article\",\"isPartOf\":{\"@id\":\"https:\/\/dev.xnet-x.net\/es\/carta-consejo-union-europea-defensa-encriptacion\/\"},\"author\":{\"name\":\"Xnet\",\"@id\":\"https:\/\/dev.xnet-x.net\/es\/#\/schema\/person\/02880890b95968f2b3bd4cfd79843d49\"},\"headline\":\"Respaldamos la carta al Consejo de la Uni\u00f3n Europea en defensa de la encriptaci\u00f3n\",\"datePublished\":\"2020-12-14T06:30:35+00:00\",\"dateModified\":\"2021-07-01T08:40:06+00:00\",\"mainEntityOfPage\":{\"@id\":\"https:\/\/dev.xnet-x.net\/es\/carta-consejo-union-europea-defensa-encriptacion\/\"},\"wordCount\":1217,\"publisher\":{\"@id\":\"https:\/\/dev.xnet-x.net\/es\/#organization\"},\"image\":{\"@id\":\"https:\/\/dev.xnet-x.net\/es\/carta-consejo-union-europea-defensa-encriptacion\/#primaryimage\"},\"thumbnailUrl\":\"https:\/\/dev.xnet-x.net\/img\/carta-ue-defensa-encriptacion.jpg\",\"articleSection\":[\"Blog - Nuestras acciones\"],\"inLanguage\":\"es\"},{\"@type\":\"WebPage\",\"@id\":\"https:\/\/dev.xnet-x.net\/es\/carta-consejo-union-europea-defensa-encriptacion\/\",\"url\":\"https:\/\/dev.xnet-x.net\/es\/carta-consejo-union-europea-defensa-encriptacion\/\",\"name\":\"Carta al Consejo de la UE para la defensa de la encriptac\u00ed\u00f3n\",\"isPartOf\":{\"@id\":\"https:\/\/dev.xnet-x.net\/es\/#website\"},\"primaryImageOfPage\":{\"@id\":\"https:\/\/dev.xnet-x.net\/es\/carta-consejo-union-europea-defensa-encriptacion\/#primaryimage\"},\"image\":{\"@id\":\"https:\/\/dev.xnet-x.net\/es\/carta-consejo-union-europea-defensa-encriptacion\/#primaryimage\"},\"thumbnailUrl\":\"https:\/\/dev.xnet-x.net\/img\/carta-ue-defensa-encriptacion.jpg\",\"datePublished\":\"2020-12-14T06:30:35+00:00\",\"dateModified\":\"2021-07-01T08:40:06+00:00\",\"description\":\"La posici\u00f3n de la Presidencia alemana del Consejo de la UE es preocupante, instamos a la UE y sus Estados miembros a defender el cifrado.\",\"breadcrumb\":{\"@id\":\"https:\/\/dev.xnet-x.net\/es\/carta-consejo-union-europea-defensa-encriptacion\/#breadcrumb\"},\"inLanguage\":\"es\",\"potentialAction\":[{\"@type\":\"ReadAction\",\"target\":[[\"https:\/\/dev.xnet-x.net\/es\/carta-consejo-union-europea-defensa-encriptacion\/\"]]}]},{\"@type\":\"ImageObject\",\"inLanguage\":\"es\",\"@id\":\"https:\/\/dev.xnet-x.net\/es\/carta-consejo-union-europea-defensa-encriptacion\/#primaryimage\",\"url\":\"https:\/\/dev.xnet-x.net\/img\/carta-ue-defensa-encriptacion.jpg\",\"contentUrl\":\"https:\/\/dev.xnet-x.net\/img\/carta-ue-defensa-encriptacion.jpg\",\"width\":1280,\"height\":720},{\"@type\":\"BreadcrumbList\",\"@id\":\"https:\/\/dev.xnet-x.net\/es\/carta-consejo-union-europea-defensa-encriptacion\/#breadcrumb\",\"itemListElement\":[{\"@type\":\"ListItem\",\"position\":1,\"name\":\"Portada\",\"item\":\"https:\/\/dev.xnet-x.net\/es\/\"},{\"@type\":\"ListItem\",\"position\":2,\"name\":\"Respaldamos la carta al Consejo de la Uni\u00f3n Europea en defensa de la encriptaci\u00f3n\"}]},{\"@type\":\"WebSite\",\"@id\":\"https:\/\/dev.xnet-x.net\/es\/#website\",\"url\":\"https:\/\/dev.xnet-x.net\/es\/\",\"name\":\"[:es]Xnet - Internet, derechos y democracia en la era digital[:ca]Xnet - Internet, drets i democr\u00e0cia en l'era digital[:en]Xnet - Internet freedoms & digital rights[:]\",\"description\":\"Xnet: Internet, informaci\u00f3n y cultura libres. Tecnopol\u00edtica. Datos, algoritmos y derechos digitales. Libertad de expresi\u00f3n. Democracia y anticorrupci\u00f3n\",\"publisher\":{\"@id\":\"https:\/\/dev.xnet-x.net\/es\/#organization\"},\"potentialAction\":[{\"@type\":\"SearchAction\",\"target\":{\"@type\":\"EntryPoint\",\"urlTemplate\":\"https:\/\/dev.xnet-x.net\/es\/?s={search_term_string}\"},\"query-input\":{\"@type\":\"PropertyValueSpecification\",\"valueRequired\":true,\"valueName\":\"search_term_string\"}}],\"inLanguage\":\"es\"},{\"@type\":\"Organization\",\"@id\":\"https:\/\/dev.xnet-x.net\/es\/#organization\",\"name\":\"Xnet - Internet, derechos y democracia en la era digital\",\"url\":\"https:\/\/dev.xnet-x.net\/es\/\",\"logo\":{\"@type\":\"ImageObject\",\"inLanguage\":\"es\",\"@id\":\"https:\/\/dev.xnet-x.net\/es\/#\/schema\/logo\/image\/\",\"url\":\"https:\/\/xnet-x.net\/img\/xnet-logo.png\",\"contentUrl\":\"https:\/\/xnet-x.net\/img\/xnet-logo.png\",\"width\":512,\"height\":512,\"caption\":\"Xnet - Internet, derechos y democracia en la era digital\"},\"image\":{\"@id\":\"https:\/\/dev.xnet-x.net\/es\/#\/schema\/logo\/image\/\"},\"sameAs\":[\"http:\/\/facebook.com\/RedX.Net\/\",\"https:\/\/x.com\/x_net_\",\"https:\/\/es.wikipedia.org\/wiki\/Xnet\"]},{\"@type\":\"Person\",\"@id\":\"https:\/\/dev.xnet-x.net\/es\/#\/schema\/person\/02880890b95968f2b3bd4cfd79843d49\",\"name\":\"Xnet\",\"image\":{\"@type\":\"ImageObject\",\"inLanguage\":\"es\",\"@id\":\"https:\/\/dev.xnet-x.net\/es\/#\/schema\/person\/image\/\",\"url\":\"https:\/\/secure.gravatar.com\/avatar\/41a61c327d24125228571dadd14748b0afd881e633e6e61518dacc4fef53cc93?s=96&d=mm&r=g\",\"contentUrl\":\"https:\/\/secure.gravatar.com\/avatar\/41a61c327d24125228571dadd14748b0afd881e633e6e61518dacc4fef53cc93?s=96&d=mm&r=g\",\"caption\":\"Xnet\"}}]}<\/script>\n<!-- \/ Yoast SEO plugin. -->","yoast_head_json":{"title":"Carta al Consejo de la UE para la defensa de la encriptac\u00ed\u00f3n","description":"La posici\u00f3n de la Presidencia alemana del Consejo de la UE es preocupante, instamos a la UE y sus Estados miembros a defender el cifrado.","robots":{"index":"index","follow":"follow","max-snippet":"max-snippet:-1","max-image-preview":"max-image-preview:large","max-video-preview":"max-video-preview:-1"},"canonical":"https:\/\/dev.xnet-x.net\/es\/carta-consejo-union-europea-defensa-encriptacion\/","twitter_misc":{"Escrito por":"Xnet","Tiempo de lectura":"6 minutos"},"schema":{"@context":"https:\/\/schema.org","@graph":[{"@type":"Article","@id":"https:\/\/dev.xnet-x.net\/es\/carta-consejo-union-europea-defensa-encriptacion\/#article","isPartOf":{"@id":"https:\/\/dev.xnet-x.net\/es\/carta-consejo-union-europea-defensa-encriptacion\/"},"author":{"name":"Xnet","@id":"https:\/\/dev.xnet-x.net\/es\/#\/schema\/person\/02880890b95968f2b3bd4cfd79843d49"},"headline":"Respaldamos la carta al Consejo de la Uni\u00f3n Europea en defensa de la encriptaci\u00f3n","datePublished":"2020-12-14T06:30:35+00:00","dateModified":"2021-07-01T08:40:06+00:00","mainEntityOfPage":{"@id":"https:\/\/dev.xnet-x.net\/es\/carta-consejo-union-europea-defensa-encriptacion\/"},"wordCount":1217,"publisher":{"@id":"https:\/\/dev.xnet-x.net\/es\/#organization"},"image":{"@id":"https:\/\/dev.xnet-x.net\/es\/carta-consejo-union-europea-defensa-encriptacion\/#primaryimage"},"thumbnailUrl":"https:\/\/dev.xnet-x.net\/img\/carta-ue-defensa-encriptacion.jpg","articleSection":["Blog - Nuestras acciones"],"inLanguage":"es"},{"@type":"WebPage","@id":"https:\/\/dev.xnet-x.net\/es\/carta-consejo-union-europea-defensa-encriptacion\/","url":"https:\/\/dev.xnet-x.net\/es\/carta-consejo-union-europea-defensa-encriptacion\/","name":"Carta al Consejo de la UE para la defensa de la encriptac\u00ed\u00f3n","isPartOf":{"@id":"https:\/\/dev.xnet-x.net\/es\/#website"},"primaryImageOfPage":{"@id":"https:\/\/dev.xnet-x.net\/es\/carta-consejo-union-europea-defensa-encriptacion\/#primaryimage"},"image":{"@id":"https:\/\/dev.xnet-x.net\/es\/carta-consejo-union-europea-defensa-encriptacion\/#primaryimage"},"thumbnailUrl":"https:\/\/dev.xnet-x.net\/img\/carta-ue-defensa-encriptacion.jpg","datePublished":"2020-12-14T06:30:35+00:00","dateModified":"2021-07-01T08:40:06+00:00","description":"La posici\u00f3n de la Presidencia alemana del Consejo de la UE es preocupante, instamos a la UE y sus Estados miembros a defender el cifrado.","breadcrumb":{"@id":"https:\/\/dev.xnet-x.net\/es\/carta-consejo-union-europea-defensa-encriptacion\/#breadcrumb"},"inLanguage":"es","potentialAction":[{"@type":"ReadAction","target":[["https:\/\/dev.xnet-x.net\/es\/carta-consejo-union-europea-defensa-encriptacion\/"]]}]},{"@type":"ImageObject","inLanguage":"es","@id":"https:\/\/dev.xnet-x.net\/es\/carta-consejo-union-europea-defensa-encriptacion\/#primaryimage","url":"https:\/\/dev.xnet-x.net\/img\/carta-ue-defensa-encriptacion.jpg","contentUrl":"https:\/\/dev.xnet-x.net\/img\/carta-ue-defensa-encriptacion.jpg","width":1280,"height":720},{"@type":"BreadcrumbList","@id":"https:\/\/dev.xnet-x.net\/es\/carta-consejo-union-europea-defensa-encriptacion\/#breadcrumb","itemListElement":[{"@type":"ListItem","position":1,"name":"Portada","item":"https:\/\/dev.xnet-x.net\/es\/"},{"@type":"ListItem","position":2,"name":"Respaldamos la carta al Consejo de la Uni\u00f3n Europea en defensa de la encriptaci\u00f3n"}]},{"@type":"WebSite","@id":"https:\/\/dev.xnet-x.net\/es\/#website","url":"https:\/\/dev.xnet-x.net\/es\/","name":"[:es]Xnet - Internet, derechos y democracia en la era digital[:ca]Xnet - Internet, drets i democr\u00e0cia en l'era digital[:en]Xnet - Internet freedoms & digital rights[:]","description":"Xnet: Internet, informaci\u00f3n y cultura libres. Tecnopol\u00edtica. Datos, algoritmos y derechos digitales. Libertad de expresi\u00f3n. Democracia y anticorrupci\u00f3n","publisher":{"@id":"https:\/\/dev.xnet-x.net\/es\/#organization"},"potentialAction":[{"@type":"SearchAction","target":{"@type":"EntryPoint","urlTemplate":"https:\/\/dev.xnet-x.net\/es\/?s={search_term_string}"},"query-input":{"@type":"PropertyValueSpecification","valueRequired":true,"valueName":"search_term_string"}}],"inLanguage":"es"},{"@type":"Organization","@id":"https:\/\/dev.xnet-x.net\/es\/#organization","name":"Xnet - Internet, derechos y democracia en la era digital","url":"https:\/\/dev.xnet-x.net\/es\/","logo":{"@type":"ImageObject","inLanguage":"es","@id":"https:\/\/dev.xnet-x.net\/es\/#\/schema\/logo\/image\/","url":"https:\/\/xnet-x.net\/img\/xnet-logo.png","contentUrl":"https:\/\/xnet-x.net\/img\/xnet-logo.png","width":512,"height":512,"caption":"Xnet - Internet, derechos y democracia en la era digital"},"image":{"@id":"https:\/\/dev.xnet-x.net\/es\/#\/schema\/logo\/image\/"},"sameAs":["http:\/\/facebook.com\/RedX.Net\/","https:\/\/x.com\/x_net_","https:\/\/es.wikipedia.org\/wiki\/Xnet"]},{"@type":"Person","@id":"https:\/\/dev.xnet-x.net\/es\/#\/schema\/person\/02880890b95968f2b3bd4cfd79843d49","name":"Xnet","image":{"@type":"ImageObject","inLanguage":"es","@id":"https:\/\/dev.xnet-x.net\/es\/#\/schema\/person\/image\/","url":"https:\/\/secure.gravatar.com\/avatar\/41a61c327d24125228571dadd14748b0afd881e633e6e61518dacc4fef53cc93?s=96&d=mm&r=g","contentUrl":"https:\/\/secure.gravatar.com\/avatar\/41a61c327d24125228571dadd14748b0afd881e633e6e61518dacc4fef53cc93?s=96&d=mm&r=g","caption":"Xnet"}}]}},"_links":{"self":[{"href":"https:\/\/dev.xnet-x.net\/es\/wp-json\/wp\/v2\/posts\/21282","targetHints":{"allow":["GET"]}}],"collection":[{"href":"https:\/\/dev.xnet-x.net\/es\/wp-json\/wp\/v2\/posts"}],"about":[{"href":"https:\/\/dev.xnet-x.net\/es\/wp-json\/wp\/v2\/types\/post"}],"author":[{"embeddable":true,"href":"https:\/\/dev.xnet-x.net\/es\/wp-json\/wp\/v2\/users\/15"}],"replies":[{"embeddable":true,"href":"https:\/\/dev.xnet-x.net\/es\/wp-json\/wp\/v2\/comments?post=21282"}],"version-history":[{"count":9,"href":"https:\/\/dev.xnet-x.net\/es\/wp-json\/wp\/v2\/posts\/21282\/revisions"}],"predecessor-version":[{"id":22328,"href":"https:\/\/dev.xnet-x.net\/es\/wp-json\/wp\/v2\/posts\/21282\/revisions\/22328"}],"wp:featuredmedia":[{"embeddable":true,"href":"https:\/\/dev.xnet-x.net\/es\/wp-json\/wp\/v2\/media\/21289"}],"wp:attachment":[{"href":"https:\/\/dev.xnet-x.net\/es\/wp-json\/wp\/v2\/media?parent=21282"}],"wp:term":[{"taxonomy":"category","embeddable":true,"href":"https:\/\/dev.xnet-x.net\/es\/wp-json\/wp\/v2\/categories?post=21282"},{"taxonomy":"post_tag","embeddable":true,"href":"https:\/\/dev.xnet-x.net\/es\/wp-json\/wp\/v2\/tags?post=21282"}],"curies":[{"name":"wp","href":"https:\/\/api.w.org\/{rel}","templated":true}]}}