{"id":20885,"date":"2020-10-29T20:20:33","date_gmt":"2020-10-29T18:20:33","guid":{"rendered":"https:\/\/xnet-x.net\/?p=20885"},"modified":"2021-09-13T09:49:19","modified_gmt":"2021-09-13T07:49:19","slug":"como-grupo-ciudadano-caso-castor-creamos-una-proposicion-de-ley-para-que-el-castor-no-lo-paguemos-la-gente-sino-quien-lo-ha-causado","status":"publish","type":"post","link":"https:\/\/dev.xnet-x.net\/es\/grupo-ciudadano-caso-castor-proposicion-ley\/","title":{"rendered":"Como Grupo Ciudadano Caso Castor creamos una Proposici\u00f3n de Ley para que el Castor no lo paguemos la gente sino quien lo ha causado"},"content":{"rendered":"<p><strong>El grupo ciudadano Caso Castor promueve una Proposici\u00f3n de Ley en el Congreso:<br \/>\n<em>El gasto del Castor tiene que pagarlo quien lo ha generado y  no la ciudadan\u00eda<\/em><\/strong><\/p>\n<p>COMUNICADO CON M\u00c1S DETALLES:<br \/>\n<a href=\"https:\/\/casocastor.net\/ley-castor\/\" rel=\"noopener noreferrer\" target=\"_blank\">https:\/\/casocastor.net\/ley-castor\/<\/a><\/p>\n<p>&nbsp;<\/p>\n<p>El grupo ciudadano Caso Castor <em>(Xnet, Observatorio de la Deuda (OdG) y Instituto de Derechos Humanos de Catalu\u00f1a (IDHC))<\/em> <strong>ha elaborado una Proposici\u00f3n de ley (adjunta) con el objetivo de hacer frente a la injusticia de que sea la ciudadan\u00eda y no Florentino P\u00e9rez y la constructora ACS quien pague la deuda en litigio. <\/strong><\/p>\n<p>El texto de la Proposici\u00f3n <strong>incluye una an\u00e1lisis del estado contable de ACS<\/strong>, en el que se demuestra que es legalmente leg\u00edtimo y econ\u00f3micamente posibile para ella que dicha constructora, <strong>que sigue repartiendo dividendos, pague la deuda.<\/strong><\/p>\n<p>La propuesta del <strong>grupo ciudadano Caso Castor<\/strong> ha sido recogida con inter\u00e9s por Comprom\u00eds, partido tambi\u00e9n muy activo en el tema Castor.<\/p>\n<p>Adem\u00e1s, en previsi\u00f3n de los  efectes negativos que la sentencia del Tribunal Supremo para el erario y las pol\u00edticas p\u00fablicas futuras, el <strong>grupo ciudadano Caso Castor<\/strong> plantear\u00e1 en las pr\u00f3ximas semanas una <strong>demanda ante el Comit\u00e9 de Derechos Econ\u00f3micos, Sociales y Culturales de Naciones Unidas<\/strong> y pedir\u00e1 un <strong>pronunciamiento de la Comisaria de Derechos Humanos del Consejo de Europa.<\/strong> <\/p>\n<p>&nbsp;       <\/p>\n<p><em>El grupo ciudadano Caso Castor lo componen las organizaciones de la sociedad civil Xnet, Observatorio de la Deuda (OdG) y Instituto de Derechos Humanos de Catalu\u00f1a (IDHC). Este grupo promovi\u00f3 en 2018 una querella criminal por el caso Castor ante la Audiencia Nacional (<a href=\"https:\/\/casocastor.net\/querella-caso-castor\/\" rel=\"noopener noreferrer\" target=\"_blank\">https:\/\/casocastor.net\/querella-caso-castor\/<\/a>). La querella qued\u00f3 finalmente archivada.<\/em><\/p>\n<p>&nbsp;<\/p>\n<p>https:\/\/xnet-x.net\/?p=20912<\/p>","protected":false},"excerpt":{"rendered":"<p>Como grupo ciudadano Caso Castor promovemos una Proposici\u00f3n de Ley en el #Congreso: El gasto del Castor tiene que pagarlo quien lo ha generado y no la ciudadan\u00eda. #LeyCastor<\/p>\n","protected":false},"author":15,"featured_media":20886,"comment_status":"closed","ping_status":"closed","sticky":false,"template":"","format":"standard","meta":{"footnotes":""},"categories":[52],"tags":[],"class_list":["post-20885","post","type-post","status-publish","format-standard","has-post-thumbnail","hentry","category-blog","ejes-filtraciones-ciudadanas","ejes-luchas-por-las-libertades-civiles","ejes-tecnopolitica-hacktivismo-artivismo"],"yoast_head":"<!-- This site is optimized with the Yoast SEO plugin v26.7 - https:\/\/yoast.com\/wordpress\/plugins\/seo\/ -->\n<title>Proposici\u00f3n de Ley del Grupo Ciudadano Caso Castor<\/title>\n<meta name=\"description\" content=\"El grupo Caso Castor promueve una Proposici\u00f3n de Ley en el Congreso: El gasto del Castor tiene que pagarlo quien lo ha generado y no la ciudadan\u00eda.\" \/>\n<meta name=\"robots\" content=\"noindex, nofollow\" \/>\n<meta name=\"twitter:label1\" content=\"Escrito por\" \/>\n\t<meta name=\"twitter:data1\" content=\"Xnet\" \/>\n\t<meta name=\"twitter:label2\" content=\"Tiempo de lectura\" \/>\n\t<meta name=\"twitter:data2\" content=\"1 minuto\" \/>\n<script type=\"application\/ld+json\" class=\"yoast-schema-graph\">{\"@context\":\"https:\/\/schema.org\",\"@graph\":[{\"@type\":\"Article\",\"@id\":\"https:\/\/dev.xnet-x.net\/es\/grupo-ciudadano-caso-castor-proposicion-ley\/#article\",\"isPartOf\":{\"@id\":\"https:\/\/dev.xnet-x.net\/es\/grupo-ciudadano-caso-castor-proposicion-ley\/\"},\"author\":{\"name\":\"Xnet\",\"@id\":\"https:\/\/dev.xnet-x.net\/es\/#\/schema\/person\/02880890b95968f2b3bd4cfd79843d49\"},\"headline\":\"Como Grupo Ciudadano Caso Castor creamos una Proposici\u00f3n de Ley para que el Castor no lo paguemos la gente sino quien lo ha causado\",\"datePublished\":\"2020-10-29T18:20:33+00:00\",\"dateModified\":\"2021-09-13T07:49:19+00:00\",\"mainEntityOfPage\":{\"@id\":\"https:\/\/dev.xnet-x.net\/es\/grupo-ciudadano-caso-castor-proposicion-ley\/\"},\"wordCount\":316,\"publisher\":{\"@id\":\"https:\/\/dev.xnet-x.net\/es\/#organization\"},\"image\":{\"@id\":\"https:\/\/dev.xnet-x.net\/es\/grupo-ciudadano-caso-castor-proposicion-ley\/#primaryimage\"},\"thumbnailUrl\":\"https:\/\/dev.xnet-x.net\/img\/grupo-ciudadano-caso-castor.jpg\",\"articleSection\":[\"Blog - Nuestras acciones\"],\"inLanguage\":\"es\"},{\"@type\":\"WebPage\",\"@id\":\"https:\/\/dev.xnet-x.net\/es\/grupo-ciudadano-caso-castor-proposicion-ley\/\",\"url\":\"https:\/\/dev.xnet-x.net\/es\/grupo-ciudadano-caso-castor-proposicion-ley\/\",\"name\":\"Proposici\u00f3n de Ley del Grupo Ciudadano Caso Castor\",\"isPartOf\":{\"@id\":\"https:\/\/dev.xnet-x.net\/es\/#website\"},\"primaryImageOfPage\":{\"@id\":\"https:\/\/dev.xnet-x.net\/es\/grupo-ciudadano-caso-castor-proposicion-ley\/#primaryimage\"},\"image\":{\"@id\":\"https:\/\/dev.xnet-x.net\/es\/grupo-ciudadano-caso-castor-proposicion-ley\/#primaryimage\"},\"thumbnailUrl\":\"https:\/\/dev.xnet-x.net\/img\/grupo-ciudadano-caso-castor.jpg\",\"datePublished\":\"2020-10-29T18:20:33+00:00\",\"dateModified\":\"2021-09-13T07:49:19+00:00\",\"description\":\"El grupo Caso Castor promueve una Proposici\u00f3n de Ley en el Congreso: El gasto del Castor tiene que pagarlo quien lo ha generado y no la ciudadan\u00eda.\",\"breadcrumb\":{\"@id\":\"https:\/\/dev.xnet-x.net\/es\/grupo-ciudadano-caso-castor-proposicion-ley\/#breadcrumb\"},\"inLanguage\":\"es\",\"potentialAction\":[{\"@type\":\"ReadAction\",\"target\":[[\"https:\/\/dev.xnet-x.net\/es\/grupo-ciudadano-caso-castor-proposicion-ley\/\"]]}]},{\"@type\":\"ImageObject\",\"inLanguage\":\"es\",\"@id\":\"https:\/\/dev.xnet-x.net\/es\/grupo-ciudadano-caso-castor-proposicion-ley\/#primaryimage\",\"url\":\"https:\/\/dev.xnet-x.net\/img\/grupo-ciudadano-caso-castor.jpg\",\"contentUrl\":\"https:\/\/dev.xnet-x.net\/img\/grupo-ciudadano-caso-castor.jpg\",\"width\":838,\"height\":420},{\"@type\":\"BreadcrumbList\",\"@id\":\"https:\/\/dev.xnet-x.net\/es\/grupo-ciudadano-caso-castor-proposicion-ley\/#breadcrumb\",\"itemListElement\":[{\"@type\":\"ListItem\",\"position\":1,\"name\":\"Portada\",\"item\":\"https:\/\/dev.xnet-x.net\/es\/\"},{\"@type\":\"ListItem\",\"position\":2,\"name\":\"Como Grupo Ciudadano Caso Castor creamos una Proposici\u00f3n de Ley para que el Castor no lo paguemos la gente sino quien lo ha causado\"}]},{\"@type\":\"WebSite\",\"@id\":\"https:\/\/dev.xnet-x.net\/es\/#website\",\"url\":\"https:\/\/dev.xnet-x.net\/es\/\",\"name\":\"[:es]Xnet - Internet, derechos y democracia en la era digital[:ca]Xnet - Internet, drets i democr\u00e0cia en l'era digital[:en]Xnet - Internet freedoms & digital rights[:]\",\"description\":\"Xnet: Internet, informaci\u00f3n y cultura libres. Tecnopol\u00edtica. Datos, algoritmos y derechos digitales. Libertad de expresi\u00f3n. Democracia y anticorrupci\u00f3n\",\"publisher\":{\"@id\":\"https:\/\/dev.xnet-x.net\/es\/#organization\"},\"potentialAction\":[{\"@type\":\"SearchAction\",\"target\":{\"@type\":\"EntryPoint\",\"urlTemplate\":\"https:\/\/dev.xnet-x.net\/es\/?s={search_term_string}\"},\"query-input\":{\"@type\":\"PropertyValueSpecification\",\"valueRequired\":true,\"valueName\":\"search_term_string\"}}],\"inLanguage\":\"es\"},{\"@type\":\"Organization\",\"@id\":\"https:\/\/dev.xnet-x.net\/es\/#organization\",\"name\":\"Xnet - Internet, derechos y democracia en la era digital\",\"url\":\"https:\/\/dev.xnet-x.net\/es\/\",\"logo\":{\"@type\":\"ImageObject\",\"inLanguage\":\"es\",\"@id\":\"https:\/\/dev.xnet-x.net\/es\/#\/schema\/logo\/image\/\",\"url\":\"https:\/\/xnet-x.net\/img\/xnet-logo.png\",\"contentUrl\":\"https:\/\/xnet-x.net\/img\/xnet-logo.png\",\"width\":512,\"height\":512,\"caption\":\"Xnet - Internet, derechos y democracia en la era digital\"},\"image\":{\"@id\":\"https:\/\/dev.xnet-x.net\/es\/#\/schema\/logo\/image\/\"},\"sameAs\":[\"http:\/\/facebook.com\/RedX.Net\/\",\"https:\/\/x.com\/x_net_\",\"https:\/\/es.wikipedia.org\/wiki\/Xnet\"]},{\"@type\":\"Person\",\"@id\":\"https:\/\/dev.xnet-x.net\/es\/#\/schema\/person\/02880890b95968f2b3bd4cfd79843d49\",\"name\":\"Xnet\",\"image\":{\"@type\":\"ImageObject\",\"inLanguage\":\"es\",\"@id\":\"https:\/\/dev.xnet-x.net\/es\/#\/schema\/person\/image\/\",\"url\":\"https:\/\/secure.gravatar.com\/avatar\/41a61c327d24125228571dadd14748b0afd881e633e6e61518dacc4fef53cc93?s=96&d=mm&r=g\",\"contentUrl\":\"https:\/\/secure.gravatar.com\/avatar\/41a61c327d24125228571dadd14748b0afd881e633e6e61518dacc4fef53cc93?s=96&d=mm&r=g\",\"caption\":\"Xnet\"}}]}<\/script>\n<!-- \/ Yoast SEO plugin. -->","yoast_head_json":{"title":"Proposici\u00f3n de Ley del Grupo Ciudadano Caso Castor","description":"El grupo Caso Castor promueve una Proposici\u00f3n de Ley en el Congreso: El gasto del Castor tiene que pagarlo quien lo ha generado y no la ciudadan\u00eda.","robots":{"index":"noindex","follow":"nofollow"},"twitter_misc":{"Escrito por":"Xnet","Tiempo de lectura":"1 minuto"},"schema":{"@context":"https:\/\/schema.org","@graph":[{"@type":"Article","@id":"https:\/\/dev.xnet-x.net\/es\/grupo-ciudadano-caso-castor-proposicion-ley\/#article","isPartOf":{"@id":"https:\/\/dev.xnet-x.net\/es\/grupo-ciudadano-caso-castor-proposicion-ley\/"},"author":{"name":"Xnet","@id":"https:\/\/dev.xnet-x.net\/es\/#\/schema\/person\/02880890b95968f2b3bd4cfd79843d49"},"headline":"Como Grupo Ciudadano Caso Castor creamos una Proposici\u00f3n de Ley para que el Castor no lo paguemos la gente sino quien lo ha causado","datePublished":"2020-10-29T18:20:33+00:00","dateModified":"2021-09-13T07:49:19+00:00","mainEntityOfPage":{"@id":"https:\/\/dev.xnet-x.net\/es\/grupo-ciudadano-caso-castor-proposicion-ley\/"},"wordCount":316,"publisher":{"@id":"https:\/\/dev.xnet-x.net\/es\/#organization"},"image":{"@id":"https:\/\/dev.xnet-x.net\/es\/grupo-ciudadano-caso-castor-proposicion-ley\/#primaryimage"},"thumbnailUrl":"https:\/\/dev.xnet-x.net\/img\/grupo-ciudadano-caso-castor.jpg","articleSection":["Blog - Nuestras acciones"],"inLanguage":"es"},{"@type":"WebPage","@id":"https:\/\/dev.xnet-x.net\/es\/grupo-ciudadano-caso-castor-proposicion-ley\/","url":"https:\/\/dev.xnet-x.net\/es\/grupo-ciudadano-caso-castor-proposicion-ley\/","name":"Proposici\u00f3n de Ley del Grupo Ciudadano Caso Castor","isPartOf":{"@id":"https:\/\/dev.xnet-x.net\/es\/#website"},"primaryImageOfPage":{"@id":"https:\/\/dev.xnet-x.net\/es\/grupo-ciudadano-caso-castor-proposicion-ley\/#primaryimage"},"image":{"@id":"https:\/\/dev.xnet-x.net\/es\/grupo-ciudadano-caso-castor-proposicion-ley\/#primaryimage"},"thumbnailUrl":"https:\/\/dev.xnet-x.net\/img\/grupo-ciudadano-caso-castor.jpg","datePublished":"2020-10-29T18:20:33+00:00","dateModified":"2021-09-13T07:49:19+00:00","description":"El grupo Caso Castor promueve una Proposici\u00f3n de Ley en el Congreso: El gasto del Castor tiene que pagarlo quien lo ha generado y no la ciudadan\u00eda.","breadcrumb":{"@id":"https:\/\/dev.xnet-x.net\/es\/grupo-ciudadano-caso-castor-proposicion-ley\/#breadcrumb"},"inLanguage":"es","potentialAction":[{"@type":"ReadAction","target":[["https:\/\/dev.xnet-x.net\/es\/grupo-ciudadano-caso-castor-proposicion-ley\/"]]}]},{"@type":"ImageObject","inLanguage":"es","@id":"https:\/\/dev.xnet-x.net\/es\/grupo-ciudadano-caso-castor-proposicion-ley\/#primaryimage","url":"https:\/\/dev.xnet-x.net\/img\/grupo-ciudadano-caso-castor.jpg","contentUrl":"https:\/\/dev.xnet-x.net\/img\/grupo-ciudadano-caso-castor.jpg","width":838,"height":420},{"@type":"BreadcrumbList","@id":"https:\/\/dev.xnet-x.net\/es\/grupo-ciudadano-caso-castor-proposicion-ley\/#breadcrumb","itemListElement":[{"@type":"ListItem","position":1,"name":"Portada","item":"https:\/\/dev.xnet-x.net\/es\/"},{"@type":"ListItem","position":2,"name":"Como Grupo Ciudadano Caso Castor creamos una Proposici\u00f3n de Ley para que el Castor no lo paguemos la gente sino quien lo ha causado"}]},{"@type":"WebSite","@id":"https:\/\/dev.xnet-x.net\/es\/#website","url":"https:\/\/dev.xnet-x.net\/es\/","name":"[:es]Xnet - Internet, derechos y democracia en la era digital[:ca]Xnet - Internet, drets i democr\u00e0cia en l'era digital[:en]Xnet - Internet freedoms & digital rights[:]","description":"Xnet: Internet, informaci\u00f3n y cultura libres. Tecnopol\u00edtica. Datos, algoritmos y derechos digitales. Libertad de expresi\u00f3n. Democracia y anticorrupci\u00f3n","publisher":{"@id":"https:\/\/dev.xnet-x.net\/es\/#organization"},"potentialAction":[{"@type":"SearchAction","target":{"@type":"EntryPoint","urlTemplate":"https:\/\/dev.xnet-x.net\/es\/?s={search_term_string}"},"query-input":{"@type":"PropertyValueSpecification","valueRequired":true,"valueName":"search_term_string"}}],"inLanguage":"es"},{"@type":"Organization","@id":"https:\/\/dev.xnet-x.net\/es\/#organization","name":"Xnet - Internet, derechos y democracia en la era digital","url":"https:\/\/dev.xnet-x.net\/es\/","logo":{"@type":"ImageObject","inLanguage":"es","@id":"https:\/\/dev.xnet-x.net\/es\/#\/schema\/logo\/image\/","url":"https:\/\/xnet-x.net\/img\/xnet-logo.png","contentUrl":"https:\/\/xnet-x.net\/img\/xnet-logo.png","width":512,"height":512,"caption":"Xnet - Internet, derechos y democracia en la era digital"},"image":{"@id":"https:\/\/dev.xnet-x.net\/es\/#\/schema\/logo\/image\/"},"sameAs":["http:\/\/facebook.com\/RedX.Net\/","https:\/\/x.com\/x_net_","https:\/\/es.wikipedia.org\/wiki\/Xnet"]},{"@type":"Person","@id":"https:\/\/dev.xnet-x.net\/es\/#\/schema\/person\/02880890b95968f2b3bd4cfd79843d49","name":"Xnet","image":{"@type":"ImageObject","inLanguage":"es","@id":"https:\/\/dev.xnet-x.net\/es\/#\/schema\/person\/image\/","url":"https:\/\/secure.gravatar.com\/avatar\/41a61c327d24125228571dadd14748b0afd881e633e6e61518dacc4fef53cc93?s=96&d=mm&r=g","contentUrl":"https:\/\/secure.gravatar.com\/avatar\/41a61c327d24125228571dadd14748b0afd881e633e6e61518dacc4fef53cc93?s=96&d=mm&r=g","caption":"Xnet"}}]}},"_links":{"self":[{"href":"https:\/\/dev.xnet-x.net\/es\/wp-json\/wp\/v2\/posts\/20885","targetHints":{"allow":["GET"]}}],"collection":[{"href":"https:\/\/dev.xnet-x.net\/es\/wp-json\/wp\/v2\/posts"}],"about":[{"href":"https:\/\/dev.xnet-x.net\/es\/wp-json\/wp\/v2\/types\/post"}],"author":[{"embeddable":true,"href":"https:\/\/dev.xnet-x.net\/es\/wp-json\/wp\/v2\/users\/15"}],"replies":[{"embeddable":true,"href":"https:\/\/dev.xnet-x.net\/es\/wp-json\/wp\/v2\/comments?post=20885"}],"version-history":[{"count":6,"href":"https:\/\/dev.xnet-x.net\/es\/wp-json\/wp\/v2\/posts\/20885\/revisions"}],"predecessor-version":[{"id":23150,"href":"https:\/\/dev.xnet-x.net\/es\/wp-json\/wp\/v2\/posts\/20885\/revisions\/23150"}],"wp:featuredmedia":[{"embeddable":true,"href":"https:\/\/dev.xnet-x.net\/es\/wp-json\/wp\/v2\/media\/20886"}],"wp:attachment":[{"href":"https:\/\/dev.xnet-x.net\/es\/wp-json\/wp\/v2\/media?parent=20885"}],"wp:term":[{"taxonomy":"category","embeddable":true,"href":"https:\/\/dev.xnet-x.net\/es\/wp-json\/wp\/v2\/categories?post=20885"},{"taxonomy":"post_tag","embeddable":true,"href":"https:\/\/dev.xnet-x.net\/es\/wp-json\/wp\/v2\/tags?post=20885"}],"curies":[{"name":"wp","href":"https:\/\/api.w.org\/{rel}","templated":true}]}}