{"id":20812,"date":"2020-10-28T14:45:38","date_gmt":"2020-10-28T12:45:38","guid":{"rendered":"https:\/\/xnet-x.net\/?p=20812"},"modified":"2024-10-15T16:17:51","modified_gmt":"2024-10-15T14:17:51","slug":"intervencion-de-simona-levi-de-xnet-en-el-dialogo-con-d-sassoli-presidente-del-parlamento-europeo-u-von-der-leyen-presidenta-de-la-comision-europea-el-ex-presidente-r-prodi-y-t-berners-lee-inv","status":"publish","type":"post","link":"https:\/\/dev.xnet-x.net\/es\/parlamento-europeo-internet-derecho-humano-simona-levi-sassoli-vonderleyen-prodi-bernerslee\/","title":{"rendered":"Intervenci\u00f3n de Simona Levi de Xnet en el di\u00e1logo con D. Sassoli, presidente del Parlamento Europeo, U. Von der Leyen, presidenta de la Comisi\u00f3n Europea, el ex presidente R. Prodi y T. Berners-Lee inventor de la web \u201cAcceso a Internet: un nuevo derecho humano\u201d"},"content":{"rendered":"<p><\/p>\n<div class=\"youtube-container auto-resizable-iframe\" style=\"max-width: 600px;  margin: 0px auto;\">\n<div class=\"youtube-player\" data-id=\"xl5qAdfrgZo\" style=\" position: relative;  padding-bottom: 60%;  height: 0px;\"><\/div>\n<\/div>\n<p>&nbsp;<\/p>\n<p style=\"text-align: center; font-size:90%\">\n<strong>El video completo del evento est\u00e1 disponible<\/strong> <a href=\"https:\/\/multimedia.europarl.europa.eu\/en\/-ideas-for-a-new-world-internet-a-new-human-right_I197966-V_v\" rel=\"noopener noreferrer\" target=\"_blank\">aqu\u00ed<\/a>.<\/strong><\/p>\n<p>&nbsp;<\/p>\n<div class=\"meteor-posts scroller\" style=\"border:1px solid #ddd; padding:5px 10px;margin-top:0;background:#f5f5f5;\"><strong>Un di\u00e1logo de emergencia en el Parlamento Europeo entre Simona Levi, fundadora de Xnet, David Sassoli, presidente del Parlamento Europeo, la presidenta de la Comisi\u00f3n Europea, \u00darsula von der Leyen, el ex presidente de la Comisi\u00f3n Europea, Romano Prodi y Tim Berners-Lee inventor del web: \u00abAcceso a Internet: un nuevo derecho humano\u00bb<\/strong><\/p>\n<p><a href=\"https:\/\/www.europarl.europa.eu\/the-president\/en\/newsroom\/event-28-october-1500---internet-access-a-new-human-right?lang=en\" rel=\"noopener noreferrer\" target=\"_blank\">https:\/\/www.europarl.europa.eu\/the-president\/en\/newsroom\/event-28-october-1500&#8212;internet-access-a-new-human-right?lang=en<\/a><br \/>\n&nbsp;<\/p>\n<p>\u00ab<strong>Acceso a Internet: un nuevo derecho humano<\/strong>\u00ab, <strong>mi\u00e9rcoles 28 de octubre<\/strong>, a las <strong>15:00h.<\/strong><br \/>\nUn di\u00e1logo entre el presidente del Parlamento Europeo, <strong>David Sassoli<\/strong>, la presidenta de la Comisi\u00f3n Europea, <strong>\u00darsula von der Leyen<\/strong>, y el ex presidente de la Comisi\u00f3n Europea, <strong>Romano Prodi<\/strong>, con las intervenciones de <strong>Sir Tim Berners-Lee<\/strong>, fundador de la World Wide Web, y de <strong>Simona Levi<\/strong>, activista y directora del posgrado Tecnopolitica y Derechos en la Era Digital.<\/p>\n<p>El di\u00e1logo se centra en <strong>el acceso a Internet como un derecho y en el reto para la Uni\u00f3n Europea de hacer de la red y del entorno digital un espacio democr\u00e1tico<\/strong>, capaz de remodelar nuestro modelo econ\u00f3mico, y de dar a las y los ciudadanos una voz y un papel en la toma de decisiones.<\/p>\n<p>\u00abAcceso a Internet: un nuevo derecho humano\u00bb es el tercer di\u00e1logo del ciclo promovido por el presidente del Parlamento Europeo \u00ab<strong>Ideas para un nuevo mundo<\/strong>\u00bb con fil\u00f3sofos, escritores, economistas, representantes de la sociedad civil europea y l\u00edderes sociales.\n<\/div>\n<p>&nbsp;<\/p>\n<p>&nbsp;<\/p>\n<p>Saludo con gran satisfacci\u00f3n y esperanza la intenci\u00f3n de este espacio de debate y agradezco la oportunidad de contribuir a una causa por la que lucho desde hace muchos a\u00f1os: es decir que la era digital puede ser un gran paso adelante para la democracia.<\/p>\n<p>A menudo en el dise\u00f1o de pol\u00edticas p\u00fablicas creo que hay un error: el de considerar lo digital solo en t\u00e9rminos de tecnolog\u00eda.<br \/>\nEn cierto modo, la tecnolog\u00eda no es en absoluto el aspecto m\u00e1s importante de lo digital, de la misma manera que la m\u00e1quina de imprimir de Gutenberg no lo fue para la Ilustraci\u00f3n, aunque haya sido su detonante.<\/p>\n<p>As\u00ed como la escritura o la imprenta, tecnolog\u00edas que aumentan las posibilidades de comunicaci\u00f3n entre seres humanos, es decir que democratizan el acceso a la informaci\u00f3n, pone a nuestro alcance lo que necesitamos para ejercer nuestro libre albedr\u00edo y por tanto, estar a la altura del papel de ciudadanas y ciudadanos adultos y corresponsables.<\/p>\n<p>Esta corresponsabilidad creo que est\u00e1 en el coraz\u00f3n de la palabra demo-cracia;<br \/>\nEn otras palabras, la capacidad de la ciudadan\u00eda de supervisar y contribuir a sus instituciones, no s\u00f3lo cada 4 \u00f3 5 a\u00f1os, sino org\u00e1nicamente.<\/p>\n<p>Ahora la era digital nos permite realmente hacerlo y propone una nueva forma de gobernanza.<\/p>\n<p>Las madres y los padres que inventaron la arquitectura de Internet, de la red de redes tal como la conocemos, personas como el Sr. Berners Lee, nos han regalado una metodolog\u00eda que teje libertad y la cooperaci\u00f3n. <\/p>\n<p>Internet naci\u00f3 abierto y neutral porque as\u00ed lo quer\u00edan.<br \/>\nPodr\u00eda haber sido un producto accesible solo para unas pocas personas; la historia de la humanidad habr\u00eda sido muy diferente.<\/p>\n<p>Como con la compilaci\u00f3n del genoma, por ejemplo, creo que no podemos desperdiciar estos momentos de grandeza y generosidad humana.<\/p>\n<p>Si la invenci\u00f3n de la imprenta condujo a la era de la Ilustraci\u00f3n, es decir, a poner por primera vez  la raz\u00f3n, la ciencia y los derechos de las personas en el centro, el digital es el siguiente paso en la democratizaci\u00f3n, pone en el centro la cooperaci\u00f3n.<\/p>\n<p>Lo digital es esencialmente esta brillante idea de disolver la rigidez de la centralidad para operar en la agilidad de una red;<br \/>\nm\u00e1s que una tecnolog\u00eda, es una revoluci\u00f3n en la estructura del razonamiento y en la idea de la organizaci\u00f3n, es decir, la gobernanza.<\/p>\n<p>La idea de red de lo digital representa la \u00fanica demo-cracia posible y de repente la transforma en realidad.<\/p>\n<p>Porque la democracia s\u00f3lo puede ser una red.<\/p>\n<p>Contrariamente a lo que algunos creen o quieren hacernos creer, creo que la democracia no significa pensar de la misma manera, sino todo lo contrario: es la habilidad de vivir juntos, es decir, de cooperar pensando todos de manera diferente.<\/p>\n<p>La tecnolog\u00eda digital ofrece un m\u00e9todo para ello y nos invita a actualizar nuestras democracias aplicando la cultura y la arquitectura filos\u00f3fica de Internet a otras \u00e1mbitos.<\/p>\n<p>Una nueva cultura democr\u00e1tica en red, es decir, basada en un liderazgo distribuido seg\u00fan habilidades y necesidades, compuesta por nodos soberanos, conectados voluntariamente entre s\u00ed mediante v\u00ednculos basados en la transparencia y la trazabilidad, para perseguir objetivos comunes con agilidad y en tiempo real.<\/p>\n<p>Bueno, me parece que es justo el tipo de Europa democr\u00e1tica adulta que queremos, \u00bfno?<\/p>\n<p>Pero hay que recordar que antes de que los beneficios de la creaci\u00f3n de Gutenberg pudieran apreciarse realmente, Europa tuvo que pasar por tres siglos de oscurantismo, durante los cuales los viejos y nuevos monopolios pol\u00edticos y financieros trabajaron para impedir que la gente simplemente leyera libremente. Tres siglos.<\/p>\n<p>Mi deseo es que hayamos aprendido de la historia para que esto no vuelva a suceder.<\/p>\n<p>Nuestras instituciones tienen la responsabilidad de asegurar que este progreso tenga un impacto en el bien com\u00fan y no sea negado ni utilizado contra la poblaci\u00f3n. <\/p>\n<p>Por eso espero me alegro que Ustedes, se\u00f1ora Presidenta, se\u00f1or Presidente, Profesor, tomen cartas este asunto.<\/p>\n<p>La digitalizaci\u00f3n acelerada por las limitaciones de la pandemia, es imparable. La cuesti\u00f3n no es obviamente si ocurrir\u00e1 o no, sino si ser\u00e1 democr\u00e1tica, inclusiva y respetuosa de los derechos fundamentales o no.<\/p>\n<p>Es responsabilidad de nuestras instituciones que esto no ocurra s\u00f3lo por los deseos de las corporaciones o los intereses de las clientelas electorales.<br \/>\nLa democracia tambi\u00e9n consiste en nivelar esta asimetr\u00eda, la no-simetr\u00eda de poder.<\/p>\n<p>Por esta raz\u00f3n, las pol\u00edticas p\u00fablicas relacionadas con la tecnolog\u00eda digital no pueden fluctuar entre el tecnosolucionismo deshumanizante, que considera que todo se puede resolver con algoritmos y tecnolog\u00eda, o la tecnofobia, que declara que Internet es perjudicial y que hay que mantener a la poblaci\u00f3n alejada de \u00e9l. Ni una cosa ni la otra: como cualquier tecnolog\u00eda, desde la rueda o el fuego, deben estar al servicio de la humanidad, de toda la humanidad, valorando su gran utilidad, sin negar por supuesto sus peligros.<\/p>\n<p>Es urgente.<\/p>\n<p>Con la terrible crisis que est\u00e1 comenzando, el futuro de la democracia, para que no se desarrollen democracias autoritarias y simplistas, depende de permitir a todo el mundo llegar a la edad adulta que el digital permite y depende, tambi\u00e9n, de c\u00f3mo llegamos a ello. Ya no se puede ignorar que el futuro deseable reside en una sociedad civil activa y bien informada que pueda asumir un liderazgo responsable de muchas soluciones y no s\u00f3lo sufrirlas.<\/p>\n<p>Por lo tanto, no puede haber democracia de futuro ni futuro de la democracia si s\u00f3lo una parte de la poblaci\u00f3n puede acceder a una red de redes y ser un nodo activo que emprenda, luche y coopere en las dificultades.<br \/>\nPor ello, que Internet se considere un servicio p\u00fablico para que llegue con calidad hasta el \u00faltimo rinc\u00f3n de Europa no es una opci\u00f3n, es un imperativo.<\/p>\n<p>Pero no s\u00f3lo eso. Debe ser dise\u00f1ado para el bien com\u00fan.<br \/>\nComo se ha dicho, las leyes europeas son l\u00edderes mundiales en la preservaci\u00f3n de un activo estructural de Internet, la neutralidad de la Red, es decir, un Internet que no discrimina a quienes lo utilizan en funci\u00f3n de criterios econ\u00f3micos o ideol\u00f3gicos.<\/p>\n<p>Ahora Europa puede y debe ser tambi\u00e9n l\u00edder en la legislaci\u00f3n para evitar que intereses particulares, ya sean econ\u00f3micos o electorales, de aqu\u00ed o de otro lugar, manipulen el acceso a la informaci\u00f3n o se alimenten del saqueo de los datos personales e \u00edntimos de las personas. <\/p>\n<p>En relaci\u00f3n con esto, hago un llamamiento a Europa para que no abandone la defensa de la libertad de expresi\u00f3n, sino que, por el contrario, demuestre su valent\u00eda impidiendo las grandes inversiones que se aprovechan de estos valores convirti\u00e9ndolos en mercanc\u00eda.<\/p>\n<p>En conclusi\u00f3n, propongo un keynesianismo de la democracia, cuya primera piedra es declarar Internet un servicio p\u00fablico, un derecho.<br \/>\nMi sue\u00f1o es que la inversi\u00f3n p\u00fablica necesaria para reactivar nuestras econom\u00edas heridas no sea una capa tecnol\u00f3gica sobre estructuras de gobierno obsoletas y ahora ya injustas, sino que produzca los canales para la futura democracia, es decir, la soberan\u00eda digital de todos los habitantes de Europa. Un futuro en red, con derecho a emprender y buscar la felicidad individual y colectiva en condiciones de igualdad. En resumen: una era digital que sea m\u00e1s y mejor democracia.<\/p>\n<p><\/p>","protected":false},"excerpt":{"rendered":"<p>Intervenci\u00f3n de Simona Levi de @X_net_ en el di\u00e1logo de emergencia en @Europarl_EN con @EP_President @DavidSassoli, @vonderleyen, #RomanoProdi y @timberners_lee, inventor de la web: \u00abAcceso a Internet: un nuevo derecho humano\u00bb<\/p>\n","protected":false},"author":15,"featured_media":20890,"comment_status":"closed","ping_status":"closed","sticky":false,"template":"","format":"standard","meta":{"footnotes":""},"categories":[52],"tags":[],"class_list":["post-20812","post","type-post","status-publish","format-standard","has-post-thumbnail","hentry","category-blog","ejes-cultura-libre","ejes-neutralidad-de-la-red","servicios-recomendaciones-de-politicas"],"yoast_head":"<!-- This site is optimized with the Yoast SEO plugin v26.7 - https:\/\/yoast.com\/wordpress\/plugins\/seo\/ -->\n<title>Simona Levi, T.Berners Lee, D.Sassoli, U.Von Der Leyen, R.Prodi: acceso a Internet, un nuevo derecho humano<\/title>\n<meta name=\"description\" content=\"Simona Levi de Xnet con D. Sassoli, U. Von der Leyen, R. Prodi y T. Berners-Lee en el di\u00e1logo de emergencia &quot;Acceso a Internet: un nuevo derecho humano&quot;.\" \/>\n<meta name=\"robots\" content=\"index, follow, max-snippet:-1, max-image-preview:large, max-video-preview:-1\" \/>\n<link rel=\"canonical\" href=\"https:\/\/dev.xnet-x.net\/es\/parlamento-europeo-internet-derecho-humano-simona-levi-sassoli-vonderleyen-prodi-bernerslee\/\" \/>\n<meta name=\"twitter:label1\" content=\"Escrito por\" \/>\n\t<meta name=\"twitter:data1\" content=\"Xnet\" \/>\n\t<meta name=\"twitter:label2\" content=\"Tiempo de lectura\" \/>\n\t<meta name=\"twitter:data2\" content=\"7 minutos\" \/>\n<script type=\"application\/ld+json\" class=\"yoast-schema-graph\">{\"@context\":\"https:\/\/schema.org\",\"@graph\":[{\"@type\":\"Article\",\"@id\":\"https:\/\/dev.xnet-x.net\/es\/parlamento-europeo-internet-derecho-humano-simona-levi-sassoli-vonderleyen-prodi-bernerslee\/#article\",\"isPartOf\":{\"@id\":\"https:\/\/dev.xnet-x.net\/es\/parlamento-europeo-internet-derecho-humano-simona-levi-sassoli-vonderleyen-prodi-bernerslee\/\"},\"author\":{\"name\":\"Xnet\",\"@id\":\"https:\/\/dev.xnet-x.net\/es\/#\/schema\/person\/02880890b95968f2b3bd4cfd79843d49\"},\"headline\":\"Intervenci\u00f3n de Simona Levi de Xnet en el di\u00e1logo con D. Sassoli, presidente del Parlamento Europeo, U. Von der Leyen, presidenta de la Comisi\u00f3n Europea, el ex presidente R. Prodi y T. Berners-Lee inventor de la web \u201cAcceso a Internet: un nuevo derecho humano\u201d\",\"datePublished\":\"2020-10-28T12:45:38+00:00\",\"dateModified\":\"2024-10-15T14:17:51+00:00\",\"mainEntityOfPage\":{\"@id\":\"https:\/\/dev.xnet-x.net\/es\/parlamento-europeo-internet-derecho-humano-simona-levi-sassoli-vonderleyen-prodi-bernerslee\/\"},\"wordCount\":1589,\"publisher\":{\"@id\":\"https:\/\/dev.xnet-x.net\/es\/#organization\"},\"image\":{\"@id\":\"https:\/\/dev.xnet-x.net\/es\/parlamento-europeo-internet-derecho-humano-simona-levi-sassoli-vonderleyen-prodi-bernerslee\/#primaryimage\"},\"thumbnailUrl\":\"https:\/\/dev.xnet-x.net\/img\/acceso-Internet-derecho-humano.jpg\",\"articleSection\":[\"Blog - Nuestras acciones\"],\"inLanguage\":\"es\"},{\"@type\":\"WebPage\",\"@id\":\"https:\/\/dev.xnet-x.net\/es\/parlamento-europeo-internet-derecho-humano-simona-levi-sassoli-vonderleyen-prodi-bernerslee\/\",\"url\":\"https:\/\/dev.xnet-x.net\/es\/parlamento-europeo-internet-derecho-humano-simona-levi-sassoli-vonderleyen-prodi-bernerslee\/\",\"name\":\"Simona Levi, T.Berners Lee, D.Sassoli, U.Von Der Leyen, R.Prodi: acceso a Internet, un nuevo derecho humano\",\"isPartOf\":{\"@id\":\"https:\/\/dev.xnet-x.net\/es\/#website\"},\"primaryImageOfPage\":{\"@id\":\"https:\/\/dev.xnet-x.net\/es\/parlamento-europeo-internet-derecho-humano-simona-levi-sassoli-vonderleyen-prodi-bernerslee\/#primaryimage\"},\"image\":{\"@id\":\"https:\/\/dev.xnet-x.net\/es\/parlamento-europeo-internet-derecho-humano-simona-levi-sassoli-vonderleyen-prodi-bernerslee\/#primaryimage\"},\"thumbnailUrl\":\"https:\/\/dev.xnet-x.net\/img\/acceso-Internet-derecho-humano.jpg\",\"datePublished\":\"2020-10-28T12:45:38+00:00\",\"dateModified\":\"2024-10-15T14:17:51+00:00\",\"description\":\"Simona Levi de Xnet con D. Sassoli, U. Von der Leyen, R. Prodi y T. Berners-Lee en el di\u00e1logo de emergencia \\\"Acceso a Internet: un nuevo derecho humano\\\".\",\"breadcrumb\":{\"@id\":\"https:\/\/dev.xnet-x.net\/es\/parlamento-europeo-internet-derecho-humano-simona-levi-sassoli-vonderleyen-prodi-bernerslee\/#breadcrumb\"},\"inLanguage\":\"es\",\"potentialAction\":[{\"@type\":\"ReadAction\",\"target\":[[\"https:\/\/dev.xnet-x.net\/es\/parlamento-europeo-internet-derecho-humano-simona-levi-sassoli-vonderleyen-prodi-bernerslee\/\"]]}]},{\"@type\":\"ImageObject\",\"inLanguage\":\"es\",\"@id\":\"https:\/\/dev.xnet-x.net\/es\/parlamento-europeo-internet-derecho-humano-simona-levi-sassoli-vonderleyen-prodi-bernerslee\/#primaryimage\",\"url\":\"https:\/\/dev.xnet-x.net\/img\/acceso-Internet-derecho-humano.jpg\",\"contentUrl\":\"https:\/\/dev.xnet-x.net\/img\/acceso-Internet-derecho-humano.jpg\",\"width\":1024,\"height\":343},{\"@type\":\"BreadcrumbList\",\"@id\":\"https:\/\/dev.xnet-x.net\/es\/parlamento-europeo-internet-derecho-humano-simona-levi-sassoli-vonderleyen-prodi-bernerslee\/#breadcrumb\",\"itemListElement\":[{\"@type\":\"ListItem\",\"position\":1,\"name\":\"Portada\",\"item\":\"https:\/\/dev.xnet-x.net\/es\/\"},{\"@type\":\"ListItem\",\"position\":2,\"name\":\"Intervenci\u00f3n de Simona Levi de Xnet en el di\u00e1logo con D. Sassoli, presidente del Parlamento Europeo, U. Von der Leyen, presidenta de la Comisi\u00f3n Europea, el ex presidente R. Prodi y T. Berners-Lee inventor de la web \u201cAcceso a Internet: un nuevo derecho humano\u201d\"}]},{\"@type\":\"WebSite\",\"@id\":\"https:\/\/dev.xnet-x.net\/es\/#website\",\"url\":\"https:\/\/dev.xnet-x.net\/es\/\",\"name\":\"[:es]Xnet - Internet, derechos y democracia en la era digital[:ca]Xnet - Internet, drets i democr\u00e0cia en l'era digital[:en]Xnet - Internet freedoms & digital rights[:]\",\"description\":\"Xnet: Internet, informaci\u00f3n y cultura libres. Tecnopol\u00edtica. Datos, algoritmos y derechos digitales. Libertad de expresi\u00f3n. Democracia y anticorrupci\u00f3n\",\"publisher\":{\"@id\":\"https:\/\/dev.xnet-x.net\/es\/#organization\"},\"potentialAction\":[{\"@type\":\"SearchAction\",\"target\":{\"@type\":\"EntryPoint\",\"urlTemplate\":\"https:\/\/dev.xnet-x.net\/es\/?s={search_term_string}\"},\"query-input\":{\"@type\":\"PropertyValueSpecification\",\"valueRequired\":true,\"valueName\":\"search_term_string\"}}],\"inLanguage\":\"es\"},{\"@type\":\"Organization\",\"@id\":\"https:\/\/dev.xnet-x.net\/es\/#organization\",\"name\":\"Xnet - Internet, derechos y democracia en la era digital\",\"url\":\"https:\/\/dev.xnet-x.net\/es\/\",\"logo\":{\"@type\":\"ImageObject\",\"inLanguage\":\"es\",\"@id\":\"https:\/\/dev.xnet-x.net\/es\/#\/schema\/logo\/image\/\",\"url\":\"https:\/\/xnet-x.net\/img\/xnet-logo.png\",\"contentUrl\":\"https:\/\/xnet-x.net\/img\/xnet-logo.png\",\"width\":512,\"height\":512,\"caption\":\"Xnet - Internet, derechos y democracia en la era digital\"},\"image\":{\"@id\":\"https:\/\/dev.xnet-x.net\/es\/#\/schema\/logo\/image\/\"},\"sameAs\":[\"http:\/\/facebook.com\/RedX.Net\/\",\"https:\/\/x.com\/x_net_\",\"https:\/\/es.wikipedia.org\/wiki\/Xnet\"]},{\"@type\":\"Person\",\"@id\":\"https:\/\/dev.xnet-x.net\/es\/#\/schema\/person\/02880890b95968f2b3bd4cfd79843d49\",\"name\":\"Xnet\",\"image\":{\"@type\":\"ImageObject\",\"inLanguage\":\"es\",\"@id\":\"https:\/\/dev.xnet-x.net\/es\/#\/schema\/person\/image\/\",\"url\":\"https:\/\/secure.gravatar.com\/avatar\/41a61c327d24125228571dadd14748b0afd881e633e6e61518dacc4fef53cc93?s=96&d=mm&r=g\",\"contentUrl\":\"https:\/\/secure.gravatar.com\/avatar\/41a61c327d24125228571dadd14748b0afd881e633e6e61518dacc4fef53cc93?s=96&d=mm&r=g\",\"caption\":\"Xnet\"}}]}<\/script>\n<!-- \/ Yoast SEO plugin. -->","yoast_head_json":{"title":"Simona Levi, T.Berners Lee, D.Sassoli, U.Von Der Leyen, R.Prodi: acceso a Internet, un nuevo derecho humano","description":"Simona Levi de Xnet con D. Sassoli, U. Von der Leyen, R. Prodi y T. Berners-Lee en el di\u00e1logo de emergencia \"Acceso a Internet: un nuevo derecho humano\".","robots":{"index":"index","follow":"follow","max-snippet":"max-snippet:-1","max-image-preview":"max-image-preview:large","max-video-preview":"max-video-preview:-1"},"canonical":"https:\/\/dev.xnet-x.net\/es\/parlamento-europeo-internet-derecho-humano-simona-levi-sassoli-vonderleyen-prodi-bernerslee\/","twitter_misc":{"Escrito por":"Xnet","Tiempo de lectura":"7 minutos"},"schema":{"@context":"https:\/\/schema.org","@graph":[{"@type":"Article","@id":"https:\/\/dev.xnet-x.net\/es\/parlamento-europeo-internet-derecho-humano-simona-levi-sassoli-vonderleyen-prodi-bernerslee\/#article","isPartOf":{"@id":"https:\/\/dev.xnet-x.net\/es\/parlamento-europeo-internet-derecho-humano-simona-levi-sassoli-vonderleyen-prodi-bernerslee\/"},"author":{"name":"Xnet","@id":"https:\/\/dev.xnet-x.net\/es\/#\/schema\/person\/02880890b95968f2b3bd4cfd79843d49"},"headline":"Intervenci\u00f3n de Simona Levi de Xnet en el di\u00e1logo con D. Sassoli, presidente del Parlamento Europeo, U. Von der Leyen, presidenta de la Comisi\u00f3n Europea, el ex presidente R. Prodi y T. Berners-Lee inventor de la web \u201cAcceso a Internet: un nuevo derecho humano\u201d","datePublished":"2020-10-28T12:45:38+00:00","dateModified":"2024-10-15T14:17:51+00:00","mainEntityOfPage":{"@id":"https:\/\/dev.xnet-x.net\/es\/parlamento-europeo-internet-derecho-humano-simona-levi-sassoli-vonderleyen-prodi-bernerslee\/"},"wordCount":1589,"publisher":{"@id":"https:\/\/dev.xnet-x.net\/es\/#organization"},"image":{"@id":"https:\/\/dev.xnet-x.net\/es\/parlamento-europeo-internet-derecho-humano-simona-levi-sassoli-vonderleyen-prodi-bernerslee\/#primaryimage"},"thumbnailUrl":"https:\/\/dev.xnet-x.net\/img\/acceso-Internet-derecho-humano.jpg","articleSection":["Blog - Nuestras acciones"],"inLanguage":"es"},{"@type":"WebPage","@id":"https:\/\/dev.xnet-x.net\/es\/parlamento-europeo-internet-derecho-humano-simona-levi-sassoli-vonderleyen-prodi-bernerslee\/","url":"https:\/\/dev.xnet-x.net\/es\/parlamento-europeo-internet-derecho-humano-simona-levi-sassoli-vonderleyen-prodi-bernerslee\/","name":"Simona Levi, T.Berners Lee, D.Sassoli, U.Von Der Leyen, R.Prodi: acceso a Internet, un nuevo derecho humano","isPartOf":{"@id":"https:\/\/dev.xnet-x.net\/es\/#website"},"primaryImageOfPage":{"@id":"https:\/\/dev.xnet-x.net\/es\/parlamento-europeo-internet-derecho-humano-simona-levi-sassoli-vonderleyen-prodi-bernerslee\/#primaryimage"},"image":{"@id":"https:\/\/dev.xnet-x.net\/es\/parlamento-europeo-internet-derecho-humano-simona-levi-sassoli-vonderleyen-prodi-bernerslee\/#primaryimage"},"thumbnailUrl":"https:\/\/dev.xnet-x.net\/img\/acceso-Internet-derecho-humano.jpg","datePublished":"2020-10-28T12:45:38+00:00","dateModified":"2024-10-15T14:17:51+00:00","description":"Simona Levi de Xnet con D. Sassoli, U. Von der Leyen, R. Prodi y T. Berners-Lee en el di\u00e1logo de emergencia \"Acceso a Internet: un nuevo derecho humano\".","breadcrumb":{"@id":"https:\/\/dev.xnet-x.net\/es\/parlamento-europeo-internet-derecho-humano-simona-levi-sassoli-vonderleyen-prodi-bernerslee\/#breadcrumb"},"inLanguage":"es","potentialAction":[{"@type":"ReadAction","target":[["https:\/\/dev.xnet-x.net\/es\/parlamento-europeo-internet-derecho-humano-simona-levi-sassoli-vonderleyen-prodi-bernerslee\/"]]}]},{"@type":"ImageObject","inLanguage":"es","@id":"https:\/\/dev.xnet-x.net\/es\/parlamento-europeo-internet-derecho-humano-simona-levi-sassoli-vonderleyen-prodi-bernerslee\/#primaryimage","url":"https:\/\/dev.xnet-x.net\/img\/acceso-Internet-derecho-humano.jpg","contentUrl":"https:\/\/dev.xnet-x.net\/img\/acceso-Internet-derecho-humano.jpg","width":1024,"height":343},{"@type":"BreadcrumbList","@id":"https:\/\/dev.xnet-x.net\/es\/parlamento-europeo-internet-derecho-humano-simona-levi-sassoli-vonderleyen-prodi-bernerslee\/#breadcrumb","itemListElement":[{"@type":"ListItem","position":1,"name":"Portada","item":"https:\/\/dev.xnet-x.net\/es\/"},{"@type":"ListItem","position":2,"name":"Intervenci\u00f3n de Simona Levi de Xnet en el di\u00e1logo con D. Sassoli, presidente del Parlamento Europeo, U. Von der Leyen, presidenta de la Comisi\u00f3n Europea, el ex presidente R. Prodi y T. Berners-Lee inventor de la web \u201cAcceso a Internet: un nuevo derecho humano\u201d"}]},{"@type":"WebSite","@id":"https:\/\/dev.xnet-x.net\/es\/#website","url":"https:\/\/dev.xnet-x.net\/es\/","name":"[:es]Xnet - Internet, derechos y democracia en la era digital[:ca]Xnet - Internet, drets i democr\u00e0cia en l'era digital[:en]Xnet - Internet freedoms & digital rights[:]","description":"Xnet: Internet, informaci\u00f3n y cultura libres. Tecnopol\u00edtica. Datos, algoritmos y derechos digitales. Libertad de expresi\u00f3n. Democracia y anticorrupci\u00f3n","publisher":{"@id":"https:\/\/dev.xnet-x.net\/es\/#organization"},"potentialAction":[{"@type":"SearchAction","target":{"@type":"EntryPoint","urlTemplate":"https:\/\/dev.xnet-x.net\/es\/?s={search_term_string}"},"query-input":{"@type":"PropertyValueSpecification","valueRequired":true,"valueName":"search_term_string"}}],"inLanguage":"es"},{"@type":"Organization","@id":"https:\/\/dev.xnet-x.net\/es\/#organization","name":"Xnet - Internet, derechos y democracia en la era digital","url":"https:\/\/dev.xnet-x.net\/es\/","logo":{"@type":"ImageObject","inLanguage":"es","@id":"https:\/\/dev.xnet-x.net\/es\/#\/schema\/logo\/image\/","url":"https:\/\/xnet-x.net\/img\/xnet-logo.png","contentUrl":"https:\/\/xnet-x.net\/img\/xnet-logo.png","width":512,"height":512,"caption":"Xnet - Internet, derechos y democracia en la era digital"},"image":{"@id":"https:\/\/dev.xnet-x.net\/es\/#\/schema\/logo\/image\/"},"sameAs":["http:\/\/facebook.com\/RedX.Net\/","https:\/\/x.com\/x_net_","https:\/\/es.wikipedia.org\/wiki\/Xnet"]},{"@type":"Person","@id":"https:\/\/dev.xnet-x.net\/es\/#\/schema\/person\/02880890b95968f2b3bd4cfd79843d49","name":"Xnet","image":{"@type":"ImageObject","inLanguage":"es","@id":"https:\/\/dev.xnet-x.net\/es\/#\/schema\/person\/image\/","url":"https:\/\/secure.gravatar.com\/avatar\/41a61c327d24125228571dadd14748b0afd881e633e6e61518dacc4fef53cc93?s=96&d=mm&r=g","contentUrl":"https:\/\/secure.gravatar.com\/avatar\/41a61c327d24125228571dadd14748b0afd881e633e6e61518dacc4fef53cc93?s=96&d=mm&r=g","caption":"Xnet"}}]}},"_links":{"self":[{"href":"https:\/\/dev.xnet-x.net\/es\/wp-json\/wp\/v2\/posts\/20812","targetHints":{"allow":["GET"]}}],"collection":[{"href":"https:\/\/dev.xnet-x.net\/es\/wp-json\/wp\/v2\/posts"}],"about":[{"href":"https:\/\/dev.xnet-x.net\/es\/wp-json\/wp\/v2\/types\/post"}],"author":[{"embeddable":true,"href":"https:\/\/dev.xnet-x.net\/es\/wp-json\/wp\/v2\/users\/15"}],"replies":[{"embeddable":true,"href":"https:\/\/dev.xnet-x.net\/es\/wp-json\/wp\/v2\/comments?post=20812"}],"version-history":[{"count":20,"href":"https:\/\/dev.xnet-x.net\/es\/wp-json\/wp\/v2\/posts\/20812\/revisions"}],"predecessor-version":[{"id":20863,"href":"https:\/\/dev.xnet-x.net\/es\/wp-json\/wp\/v2\/posts\/20812\/revisions\/20863"}],"wp:featuredmedia":[{"embeddable":true,"href":"https:\/\/dev.xnet-x.net\/es\/wp-json\/wp\/v2\/media\/20890"}],"wp:attachment":[{"href":"https:\/\/dev.xnet-x.net\/es\/wp-json\/wp\/v2\/media?parent=20812"}],"wp:term":[{"taxonomy":"category","embeddable":true,"href":"https:\/\/dev.xnet-x.net\/es\/wp-json\/wp\/v2\/categories?post=20812"},{"taxonomy":"post_tag","embeddable":true,"href":"https:\/\/dev.xnet-x.net\/es\/wp-json\/wp\/v2\/tags?post=20812"}],"curies":[{"name":"wp","href":"https:\/\/api.w.org\/{rel}","templated":true}]}}