{"id":20728,"date":"2020-09-07T11:20:28","date_gmt":"2020-09-07T09:20:28","guid":{"rendered":"https:\/\/xnet-x.net\/?p=20728"},"modified":"2020-09-07T11:23:10","modified_gmt":"2020-09-07T09:23:10","slug":"pedimos-a-las-y-los-eurodiputados-modificar-matices-tecnofobos-de-la-resolucion-sobre-el-fortalecimiento-de-la-libertad-de-los-medios-de-comunicacion","status":"publish","type":"post","link":"https:\/\/dev.xnet-x.net\/es\/eurodiputados-mocion-fortalecimiento-libertad-medios\/","title":{"rendered":"Pedimos a las y los eurodiputados modificar matices tecn\u00f3fobos de la \u00abResoluci\u00f3n sobre el fortalecimiento de la libertad de los medios de comunicaci\u00f3n\u00bb"},"content":{"rendered":"<p>Carta enviada a las y los eurodiputados responsables de la redacci\u00f3n:<\/p>\n<p>Le escribimos sobre la \u00abResoluci\u00f3n sobre el fortalecimiento de la libertad de los medios de comunicaci\u00f3n\u00bb. Aunque compartimos absolutamente los objetivos y la mayor parte del contenido de documento, con esta carta queremos llamar su atenci\u00f3n sobre algunos detalles que podr\u00edan tener sesgos peligrosos.<\/p>\n<p>Como resultado de la investigaci\u00f3n liderada por Xnet, hemos demostrado que las pol\u00edticas p\u00fablicas y legislativas para combatir la desinformaci\u00f3n no siempre brindan medidas efectivas y: <\/p>\n<ul>\n1) Atacan a Internet consider\u00e1ndolo como la \u00fanica fuente de desinformaci\u00f3n y <\/p>\n<p>2) Intenta limitar la libertad de expresi\u00f3n de las y los usuarios, dejando fuera del alcance de las medidas a los verdaderos promotores de la desinformaci\u00f3n colectiva.<\/ul>\n<p>Es importante que respetemos los derechos fundamentales de libertad de expresi\u00f3n e informaci\u00f3n de toda la poblaci\u00f3n no solo porque son derechos, columna vertebral de cualquier Estado que pretenda ser democr\u00e1tico, sino tambi\u00e9n porque no son la fuente del problema de desinformaci\u00f3n y fake news, si a caso pueden ser la soluci\u00f3n.<\/p>\n<p>Los aspectos de libertad de expresi\u00f3n son muy respetado en su propuesta, pero sobre las fuentes de desinformaci\u00f3n sugerimos que es importante no hacer distinciones entre la distribuci\u00f3n de informaci\u00f3n en l\u00ednea y fuera de l\u00ednea \/ impresa. En el borrador este punto de vista es m\u00e1s o menos respetado cuando se considera la incitaci\u00f3n al odio, pero, teniendo en cuenta que los periodistas y la actividad de los medios y la desinformaci\u00f3n tienen lugar tanto en l\u00ednea como fuera de l\u00ednea, consideramos necesario que todas las medidas tomadas para proteger la libertad de los medios de comunicaci\u00f3n y prevenir la desinformaci\u00f3n deber\u00e1n considerar ambas perspectivas, con el fin de no limitar o resultar en efectos adversos a la libertad de expresi\u00f3n e informaci\u00f3n.<\/p>\n<p>En el adjunto, para que quede m\u00e1s claro lo que queremos decir, encontrar\u00e1 el borrador con la reformulaci\u00f3n que sugerimos, a modo de ejemplo, hecha a partir de este enfoque.<\/p>\n<p>Atentamente,<\/p>\n<p>Xnet<\/p>","protected":false},"excerpt":{"rendered":"<p>Desde @X_net_ pedimos a las y los eurodiputados corregir matices tecn\u00f3fobo de la \u00abResoluci\u00f3n sobre el fortalecimiento de la libertad de los medios de comunicaci\u00f3n\u00bb<\/p>\n","protected":false},"author":15,"featured_media":20731,"comment_status":"closed","ping_status":"closed","sticky":false,"template":"","format":"standard","meta":{"footnotes":""},"categories":[52],"tags":[],"class_list":["post-20728","post","type-post","status-publish","format-standard","has-post-thumbnail","hentry","category-blog","ejes-libertad-expresion-informacion","servicios-recomendaciones-de-politicas"],"yoast_head":"<!-- This site is optimized with the Yoast SEO plugin v26.7 - https:\/\/yoast.com\/wordpress\/plugins\/seo\/ -->\n<title>Pedimos al PE matices en la Moci\u00f3n de libertad de los medios<\/title>\n<meta name=\"description\" content=\"Pedimos a las y los eurodiputados corregir matices tecn\u00f3fobo de la &quot;Resoluci\u00f3n sobre el fortalecimiento de la libertad de los medios de comunicaci\u00f3n&quot;\" \/>\n<meta name=\"robots\" content=\"index, follow, max-snippet:-1, max-image-preview:large, max-video-preview:-1\" \/>\n<link rel=\"canonical\" href=\"https:\/\/dev.xnet-x.net\/es\/eurodiputados-mocion-fortalecimiento-libertad-medios\/\" \/>\n<meta name=\"twitter:label1\" content=\"Escrito por\" \/>\n\t<meta name=\"twitter:data1\" content=\"Xnet\" \/>\n\t<meta name=\"twitter:label2\" content=\"Tiempo de lectura\" \/>\n\t<meta name=\"twitter:data2\" content=\"3 minutos\" \/>\n<script type=\"application\/ld+json\" class=\"yoast-schema-graph\">{\"@context\":\"https:\/\/schema.org\",\"@graph\":[{\"@type\":\"Article\",\"@id\":\"https:\/\/dev.xnet-x.net\/es\/eurodiputados-mocion-fortalecimiento-libertad-medios\/#article\",\"isPartOf\":{\"@id\":\"https:\/\/dev.xnet-x.net\/es\/eurodiputados-mocion-fortalecimiento-libertad-medios\/\"},\"author\":{\"name\":\"Xnet\",\"@id\":\"https:\/\/dev.xnet-x.net\/es\/#\/schema\/person\/02880890b95968f2b3bd4cfd79843d49\"},\"headline\":\"Pedimos a las y los eurodiputados modificar matices tecn\u00f3fobos de la \u00abResoluci\u00f3n sobre el fortalecimiento de la libertad de los medios de comunicaci\u00f3n\u00bb\",\"datePublished\":\"2020-09-07T09:20:28+00:00\",\"dateModified\":\"2020-09-07T09:23:10+00:00\",\"mainEntityOfPage\":{\"@id\":\"https:\/\/dev.xnet-x.net\/es\/eurodiputados-mocion-fortalecimiento-libertad-medios\/\"},\"wordCount\":718,\"publisher\":{\"@id\":\"https:\/\/dev.xnet-x.net\/es\/#organization\"},\"image\":{\"@id\":\"https:\/\/dev.xnet-x.net\/es\/eurodiputados-mocion-fortalecimiento-libertad-medios\/#primaryimage\"},\"thumbnailUrl\":\"https:\/\/dev.xnet-x.net\/img\/meps-sesgo-tecnofobo.jpg\",\"articleSection\":[\"Blog - Nuestras acciones\"],\"inLanguage\":\"es\"},{\"@type\":\"WebPage\",\"@id\":\"https:\/\/dev.xnet-x.net\/es\/eurodiputados-mocion-fortalecimiento-libertad-medios\/\",\"url\":\"https:\/\/dev.xnet-x.net\/es\/eurodiputados-mocion-fortalecimiento-libertad-medios\/\",\"name\":\"Pedimos al PE matices en la Moci\u00f3n de libertad de los medios\",\"isPartOf\":{\"@id\":\"https:\/\/dev.xnet-x.net\/es\/#website\"},\"primaryImageOfPage\":{\"@id\":\"https:\/\/dev.xnet-x.net\/es\/eurodiputados-mocion-fortalecimiento-libertad-medios\/#primaryimage\"},\"image\":{\"@id\":\"https:\/\/dev.xnet-x.net\/es\/eurodiputados-mocion-fortalecimiento-libertad-medios\/#primaryimage\"},\"thumbnailUrl\":\"https:\/\/dev.xnet-x.net\/img\/meps-sesgo-tecnofobo.jpg\",\"datePublished\":\"2020-09-07T09:20:28+00:00\",\"dateModified\":\"2020-09-07T09:23:10+00:00\",\"description\":\"Pedimos a las y los eurodiputados corregir matices tecn\u00f3fobo de la \\\"Resoluci\u00f3n sobre el fortalecimiento de la libertad de los medios de comunicaci\u00f3n\\\"\",\"breadcrumb\":{\"@id\":\"https:\/\/dev.xnet-x.net\/es\/eurodiputados-mocion-fortalecimiento-libertad-medios\/#breadcrumb\"},\"inLanguage\":\"es\",\"potentialAction\":[{\"@type\":\"ReadAction\",\"target\":[[\"https:\/\/dev.xnet-x.net\/es\/eurodiputados-mocion-fortalecimiento-libertad-medios\/\"]]}]},{\"@type\":\"ImageObject\",\"inLanguage\":\"es\",\"@id\":\"https:\/\/dev.xnet-x.net\/es\/eurodiputados-mocion-fortalecimiento-libertad-medios\/#primaryimage\",\"url\":\"https:\/\/dev.xnet-x.net\/img\/meps-sesgo-tecnofobo.jpg\",\"contentUrl\":\"https:\/\/dev.xnet-x.net\/img\/meps-sesgo-tecnofobo.jpg\",\"width\":838,\"height\":420},{\"@type\":\"BreadcrumbList\",\"@id\":\"https:\/\/dev.xnet-x.net\/es\/eurodiputados-mocion-fortalecimiento-libertad-medios\/#breadcrumb\",\"itemListElement\":[{\"@type\":\"ListItem\",\"position\":1,\"name\":\"Portada\",\"item\":\"https:\/\/dev.xnet-x.net\/es\/\"},{\"@type\":\"ListItem\",\"position\":2,\"name\":\"Pedimos a las y los eurodiputados modificar matices tecn\u00f3fobos de la \u00abResoluci\u00f3n sobre el fortalecimiento de la libertad de los medios de comunicaci\u00f3n\u00bb\"}]},{\"@type\":\"WebSite\",\"@id\":\"https:\/\/dev.xnet-x.net\/es\/#website\",\"url\":\"https:\/\/dev.xnet-x.net\/es\/\",\"name\":\"[:es]Xnet - Internet, derechos y democracia en la era digital[:ca]Xnet - Internet, drets i democr\u00e0cia en l'era digital[:en]Xnet - Internet freedoms & digital rights[:]\",\"description\":\"Xnet: Internet, informaci\u00f3n y cultura libres. Tecnopol\u00edtica. Datos, algoritmos y derechos digitales. Libertad de expresi\u00f3n. Democracia y anticorrupci\u00f3n\",\"publisher\":{\"@id\":\"https:\/\/dev.xnet-x.net\/es\/#organization\"},\"potentialAction\":[{\"@type\":\"SearchAction\",\"target\":{\"@type\":\"EntryPoint\",\"urlTemplate\":\"https:\/\/dev.xnet-x.net\/es\/?s={search_term_string}\"},\"query-input\":{\"@type\":\"PropertyValueSpecification\",\"valueRequired\":true,\"valueName\":\"search_term_string\"}}],\"inLanguage\":\"es\"},{\"@type\":\"Organization\",\"@id\":\"https:\/\/dev.xnet-x.net\/es\/#organization\",\"name\":\"Xnet - Internet, derechos y democracia en la era digital\",\"url\":\"https:\/\/dev.xnet-x.net\/es\/\",\"logo\":{\"@type\":\"ImageObject\",\"inLanguage\":\"es\",\"@id\":\"https:\/\/dev.xnet-x.net\/es\/#\/schema\/logo\/image\/\",\"url\":\"https:\/\/xnet-x.net\/img\/xnet-logo.png\",\"contentUrl\":\"https:\/\/xnet-x.net\/img\/xnet-logo.png\",\"width\":512,\"height\":512,\"caption\":\"Xnet - Internet, derechos y democracia en la era digital\"},\"image\":{\"@id\":\"https:\/\/dev.xnet-x.net\/es\/#\/schema\/logo\/image\/\"},\"sameAs\":[\"http:\/\/facebook.com\/RedX.Net\/\",\"https:\/\/x.com\/x_net_\",\"https:\/\/es.wikipedia.org\/wiki\/Xnet\"]},{\"@type\":\"Person\",\"@id\":\"https:\/\/dev.xnet-x.net\/es\/#\/schema\/person\/02880890b95968f2b3bd4cfd79843d49\",\"name\":\"Xnet\",\"image\":{\"@type\":\"ImageObject\",\"inLanguage\":\"es\",\"@id\":\"https:\/\/dev.xnet-x.net\/es\/#\/schema\/person\/image\/\",\"url\":\"https:\/\/secure.gravatar.com\/avatar\/41a61c327d24125228571dadd14748b0afd881e633e6e61518dacc4fef53cc93?s=96&d=mm&r=g\",\"contentUrl\":\"https:\/\/secure.gravatar.com\/avatar\/41a61c327d24125228571dadd14748b0afd881e633e6e61518dacc4fef53cc93?s=96&d=mm&r=g\",\"caption\":\"Xnet\"}}]}<\/script>\n<!-- \/ Yoast SEO plugin. -->","yoast_head_json":{"title":"Pedimos al PE matices en la Moci\u00f3n de libertad de los medios","description":"Pedimos a las y los eurodiputados corregir matices tecn\u00f3fobo de la \"Resoluci\u00f3n sobre el fortalecimiento de la libertad de los medios de comunicaci\u00f3n\"","robots":{"index":"index","follow":"follow","max-snippet":"max-snippet:-1","max-image-preview":"max-image-preview:large","max-video-preview":"max-video-preview:-1"},"canonical":"https:\/\/dev.xnet-x.net\/es\/eurodiputados-mocion-fortalecimiento-libertad-medios\/","twitter_misc":{"Escrito por":"Xnet","Tiempo de lectura":"3 minutos"},"schema":{"@context":"https:\/\/schema.org","@graph":[{"@type":"Article","@id":"https:\/\/dev.xnet-x.net\/es\/eurodiputados-mocion-fortalecimiento-libertad-medios\/#article","isPartOf":{"@id":"https:\/\/dev.xnet-x.net\/es\/eurodiputados-mocion-fortalecimiento-libertad-medios\/"},"author":{"name":"Xnet","@id":"https:\/\/dev.xnet-x.net\/es\/#\/schema\/person\/02880890b95968f2b3bd4cfd79843d49"},"headline":"Pedimos a las y los eurodiputados modificar matices tecn\u00f3fobos de la \u00abResoluci\u00f3n sobre el fortalecimiento de la libertad de los medios de comunicaci\u00f3n\u00bb","datePublished":"2020-09-07T09:20:28+00:00","dateModified":"2020-09-07T09:23:10+00:00","mainEntityOfPage":{"@id":"https:\/\/dev.xnet-x.net\/es\/eurodiputados-mocion-fortalecimiento-libertad-medios\/"},"wordCount":718,"publisher":{"@id":"https:\/\/dev.xnet-x.net\/es\/#organization"},"image":{"@id":"https:\/\/dev.xnet-x.net\/es\/eurodiputados-mocion-fortalecimiento-libertad-medios\/#primaryimage"},"thumbnailUrl":"https:\/\/dev.xnet-x.net\/img\/meps-sesgo-tecnofobo.jpg","articleSection":["Blog - Nuestras acciones"],"inLanguage":"es"},{"@type":"WebPage","@id":"https:\/\/dev.xnet-x.net\/es\/eurodiputados-mocion-fortalecimiento-libertad-medios\/","url":"https:\/\/dev.xnet-x.net\/es\/eurodiputados-mocion-fortalecimiento-libertad-medios\/","name":"Pedimos al PE matices en la Moci\u00f3n de libertad de los medios","isPartOf":{"@id":"https:\/\/dev.xnet-x.net\/es\/#website"},"primaryImageOfPage":{"@id":"https:\/\/dev.xnet-x.net\/es\/eurodiputados-mocion-fortalecimiento-libertad-medios\/#primaryimage"},"image":{"@id":"https:\/\/dev.xnet-x.net\/es\/eurodiputados-mocion-fortalecimiento-libertad-medios\/#primaryimage"},"thumbnailUrl":"https:\/\/dev.xnet-x.net\/img\/meps-sesgo-tecnofobo.jpg","datePublished":"2020-09-07T09:20:28+00:00","dateModified":"2020-09-07T09:23:10+00:00","description":"Pedimos a las y los eurodiputados corregir matices tecn\u00f3fobo de la \"Resoluci\u00f3n sobre el fortalecimiento de la libertad de los medios de comunicaci\u00f3n\"","breadcrumb":{"@id":"https:\/\/dev.xnet-x.net\/es\/eurodiputados-mocion-fortalecimiento-libertad-medios\/#breadcrumb"},"inLanguage":"es","potentialAction":[{"@type":"ReadAction","target":[["https:\/\/dev.xnet-x.net\/es\/eurodiputados-mocion-fortalecimiento-libertad-medios\/"]]}]},{"@type":"ImageObject","inLanguage":"es","@id":"https:\/\/dev.xnet-x.net\/es\/eurodiputados-mocion-fortalecimiento-libertad-medios\/#primaryimage","url":"https:\/\/dev.xnet-x.net\/img\/meps-sesgo-tecnofobo.jpg","contentUrl":"https:\/\/dev.xnet-x.net\/img\/meps-sesgo-tecnofobo.jpg","width":838,"height":420},{"@type":"BreadcrumbList","@id":"https:\/\/dev.xnet-x.net\/es\/eurodiputados-mocion-fortalecimiento-libertad-medios\/#breadcrumb","itemListElement":[{"@type":"ListItem","position":1,"name":"Portada","item":"https:\/\/dev.xnet-x.net\/es\/"},{"@type":"ListItem","position":2,"name":"Pedimos a las y los eurodiputados modificar matices tecn\u00f3fobos de la \u00abResoluci\u00f3n sobre el fortalecimiento de la libertad de los medios de comunicaci\u00f3n\u00bb"}]},{"@type":"WebSite","@id":"https:\/\/dev.xnet-x.net\/es\/#website","url":"https:\/\/dev.xnet-x.net\/es\/","name":"[:es]Xnet - Internet, derechos y democracia en la era digital[:ca]Xnet - Internet, drets i democr\u00e0cia en l'era digital[:en]Xnet - Internet freedoms & digital rights[:]","description":"Xnet: Internet, informaci\u00f3n y cultura libres. Tecnopol\u00edtica. Datos, algoritmos y derechos digitales. Libertad de expresi\u00f3n. Democracia y anticorrupci\u00f3n","publisher":{"@id":"https:\/\/dev.xnet-x.net\/es\/#organization"},"potentialAction":[{"@type":"SearchAction","target":{"@type":"EntryPoint","urlTemplate":"https:\/\/dev.xnet-x.net\/es\/?s={search_term_string}"},"query-input":{"@type":"PropertyValueSpecification","valueRequired":true,"valueName":"search_term_string"}}],"inLanguage":"es"},{"@type":"Organization","@id":"https:\/\/dev.xnet-x.net\/es\/#organization","name":"Xnet - Internet, derechos y democracia en la era digital","url":"https:\/\/dev.xnet-x.net\/es\/","logo":{"@type":"ImageObject","inLanguage":"es","@id":"https:\/\/dev.xnet-x.net\/es\/#\/schema\/logo\/image\/","url":"https:\/\/xnet-x.net\/img\/xnet-logo.png","contentUrl":"https:\/\/xnet-x.net\/img\/xnet-logo.png","width":512,"height":512,"caption":"Xnet - Internet, derechos y democracia en la era digital"},"image":{"@id":"https:\/\/dev.xnet-x.net\/es\/#\/schema\/logo\/image\/"},"sameAs":["http:\/\/facebook.com\/RedX.Net\/","https:\/\/x.com\/x_net_","https:\/\/es.wikipedia.org\/wiki\/Xnet"]},{"@type":"Person","@id":"https:\/\/dev.xnet-x.net\/es\/#\/schema\/person\/02880890b95968f2b3bd4cfd79843d49","name":"Xnet","image":{"@type":"ImageObject","inLanguage":"es","@id":"https:\/\/dev.xnet-x.net\/es\/#\/schema\/person\/image\/","url":"https:\/\/secure.gravatar.com\/avatar\/41a61c327d24125228571dadd14748b0afd881e633e6e61518dacc4fef53cc93?s=96&d=mm&r=g","contentUrl":"https:\/\/secure.gravatar.com\/avatar\/41a61c327d24125228571dadd14748b0afd881e633e6e61518dacc4fef53cc93?s=96&d=mm&r=g","caption":"Xnet"}}]}},"_links":{"self":[{"href":"https:\/\/dev.xnet-x.net\/es\/wp-json\/wp\/v2\/posts\/20728","targetHints":{"allow":["GET"]}}],"collection":[{"href":"https:\/\/dev.xnet-x.net\/es\/wp-json\/wp\/v2\/posts"}],"about":[{"href":"https:\/\/dev.xnet-x.net\/es\/wp-json\/wp\/v2\/types\/post"}],"author":[{"embeddable":true,"href":"https:\/\/dev.xnet-x.net\/es\/wp-json\/wp\/v2\/users\/15"}],"replies":[{"embeddable":true,"href":"https:\/\/dev.xnet-x.net\/es\/wp-json\/wp\/v2\/comments?post=20728"}],"version-history":[{"count":6,"href":"https:\/\/dev.xnet-x.net\/es\/wp-json\/wp\/v2\/posts\/20728\/revisions"}],"predecessor-version":[{"id":20736,"href":"https:\/\/dev.xnet-x.net\/es\/wp-json\/wp\/v2\/posts\/20728\/revisions\/20736"}],"wp:featuredmedia":[{"embeddable":true,"href":"https:\/\/dev.xnet-x.net\/es\/wp-json\/wp\/v2\/media\/20731"}],"wp:attachment":[{"href":"https:\/\/dev.xnet-x.net\/es\/wp-json\/wp\/v2\/media?parent=20728"}],"wp:term":[{"taxonomy":"category","embeddable":true,"href":"https:\/\/dev.xnet-x.net\/es\/wp-json\/wp\/v2\/categories?post=20728"},{"taxonomy":"post_tag","embeddable":true,"href":"https:\/\/dev.xnet-x.net\/es\/wp-json\/wp\/v2\/tags?post=20728"}],"curies":[{"name":"wp","href":"https:\/\/api.w.org\/{rel}","templated":true}]}}