{"id":17963,"date":"2020-01-23T16:59:34","date_gmt":"2020-01-23T14:59:34","guid":{"rendered":"https:\/\/xnet-x.net\/?p=17963"},"modified":"2021-02-19T11:11:19","modified_gmt":"2021-02-19T09:11:19","slug":"nuestra-peticion-de-rectificacion-de-la-traduccion-de-la-directiva-de-proteccion-de-los-alertadores-ha-sido-recogida-por-el-nuevo-ministro-de-justicia","status":"publish","type":"post","link":"https:\/\/dev.xnet-x.net\/es\/peticion-rectificacion-traduccion-alertadores-recogida-ministro-justicia\/","title":{"rendered":"Nuestra petici\u00f3n de rectificaci\u00f3n de la traducci\u00f3n de la Directiva de Protecci\u00f3n de los Alertadores ha sido recogida por el nuevo ministro de Justicia"},"content":{"rendered":"<p>Hoy el nuevo ministro de Justicia, Juan Carlos Campo, en su primera intervenci\u00f3n p\u00fablica inaugurando el V Encuentro Cumplen, organizado por la Asociaci\u00f3n de Profesionales de Cumplimiento Normativo y donde Xnet participaba como ponente, ha hecho suya nuestra petici\u00f3n manifestando expresamente la necesidad de no utilizar el t\u00e9rmino \u201cDenunciante\u201d para hablar de \u201cAlertadores\u201d en la transposici\u00f3n de la Directiva europea.<\/p>\n<p>Agradecemos a todas las personas y organizaciones que han apoyado nuestra petici\u00f3n.<br \/>\nPedimos que se corrigiese la traducci\u00f3n del t\u00e9rmino hist\u00f3ricamente utilizado en la legislaci\u00f3n anglosajona \u201cwhistleblower\u201d. Actualmente la traducci\u00f3n de la Directiva lo traduce con \u201cdenunciante\u201d siendo esto un grave error porque el \u201cdenunciante\u201d ya est\u00e1 definido en el ordenamiento jur\u00eddico espa\u00f1ol y no coincide con las prerrogativa que la Directiva otorga a los \u201cwhistleblowers\u201d para su protecci\u00f3n. Nosotros sugerimos el t\u00e9rmino \u201calertadores\u201d para asimilarlo al t\u00e9rmino empleado en otros pa\u00edses como Francia o en todo caso hemos pedido el uso de un t\u00e9rmino nuevo que no est\u00e9 ya definido en el ordenamiento.<br \/>\nM\u00e1s informaciones sobre nuestra petici\u00f3n aqu\u00ed:<br \/>\n<a href=\"https:\/\/xnet-x.net\/xnet-denuncia-traduccion-directiva-europea-para-defender-alertadores-whistleblowers\/\" rel=\"noopener noreferrer\" target=\"_blank\">https:\/\/xnet-x.net\/xnet-denuncia-traduccion-directiva-europea-para-defender-alertadores-whistleblowers\/<\/a><\/p>\n<p>Nuestra primera petici\u00f3n de modificaci\u00f3n, enviada tanto a las Comisi\u00f3n Europea como a la Delegaci\u00f3n Espa\u00f1ola, es del 26 de noviembre. A partir de ah\u00ed varias personas nos ha apoyado como la direcci\u00f3n de WIN, de European Federation of Journalists o de proyecto Poder.<\/p>\n<p>Debemos felicitarnos todos por los buenos resultados en tan poco tiempo. Es nuestra esperanza que esto de hoy sea el s\u00edntoma de una nueva \u00e9poca en el que las instituciones puedan escuchar la sociedad civil organizada sin temor a que esto les haga menos instituciones, sino todo lo contrario.<\/p>\n<p>Seguimos!<\/p>","protected":false},"excerpt":{"rendered":"<p>La petici\u00f3n de @X_net_ de rectificar traducci\u00f3n Directiva #Alertadores, ha sido recogida en #VEncuentroCumplen d @cumplen_asoc por el ministro @justiciagob @Jccampm. Buena noticia para la adopci\u00f3n de #LeyAlertadoresXnet<\/p>\n","protected":false},"author":15,"featured_media":14365,"comment_status":"closed","ping_status":"closed","sticky":false,"template":"","format":"standard","meta":{"footnotes":""},"categories":[52],"tags":[],"class_list":["post-17963","post","type-post","status-publish","format-standard","has-post-thumbnail","hentry","category-blog","ejes-anticorrupcion","servicios-recomendaciones-de-politicas"],"yoast_head":"<!-- This site is optimized with the Yoast SEO plugin v26.7 - https:\/\/yoast.com\/wordpress\/plugins\/seo\/ -->\n<title>Rectificaci\u00f3n de traducci\u00f3n de Directiva Protecci\u00f3n Alertadores<\/title>\n<meta name=\"description\" content=\"Recogida nuestra petici\u00f3n de rectificaci\u00f3n de la traducci\u00f3n de la Directiva de Protecci\u00f3n de los Alertadores y Denunciantes contra la corrupci\u00f3n\" \/>\n<meta name=\"robots\" content=\"index, follow, max-snippet:-1, max-image-preview:large, max-video-preview:-1\" \/>\n<link rel=\"canonical\" href=\"https:\/\/dev.xnet-x.net\/es\/peticion-rectificacion-traduccion-alertadores-recogida-ministro-justicia\/\" \/>\n<meta name=\"twitter:label1\" content=\"Escrito por\" \/>\n\t<meta name=\"twitter:data1\" content=\"Xnet\" \/>\n\t<meta name=\"twitter:label2\" content=\"Tiempo de lectura\" \/>\n\t<meta name=\"twitter:data2\" content=\"2 minutos\" \/>\n<script type=\"application\/ld+json\" class=\"yoast-schema-graph\">{\"@context\":\"https:\/\/schema.org\",\"@graph\":[{\"@type\":\"Article\",\"@id\":\"https:\/\/dev.xnet-x.net\/es\/peticion-rectificacion-traduccion-alertadores-recogida-ministro-justicia\/#article\",\"isPartOf\":{\"@id\":\"https:\/\/dev.xnet-x.net\/es\/peticion-rectificacion-traduccion-alertadores-recogida-ministro-justicia\/\"},\"author\":{\"name\":\"Xnet\",\"@id\":\"https:\/\/dev.xnet-x.net\/es\/#\/schema\/person\/02880890b95968f2b3bd4cfd79843d49\"},\"headline\":\"Nuestra petici\u00f3n de rectificaci\u00f3n de la traducci\u00f3n de la Directiva de Protecci\u00f3n de los Alertadores ha sido recogida por el nuevo ministro de Justicia\",\"datePublished\":\"2020-01-23T14:59:34+00:00\",\"dateModified\":\"2021-02-19T09:11:19+00:00\",\"mainEntityOfPage\":{\"@id\":\"https:\/\/dev.xnet-x.net\/es\/peticion-rectificacion-traduccion-alertadores-recogida-ministro-justicia\/\"},\"wordCount\":439,\"publisher\":{\"@id\":\"https:\/\/dev.xnet-x.net\/es\/#organization\"},\"image\":{\"@id\":\"https:\/\/dev.xnet-x.net\/es\/peticion-rectificacion-traduccion-alertadores-recogida-ministro-justicia\/#primaryimage\"},\"thumbnailUrl\":\"https:\/\/dev.xnet-x.net\/img\/full-protection-whistleblowers-img.jpg\",\"articleSection\":[\"Blog - Nuestras acciones\"],\"inLanguage\":\"es\"},{\"@type\":\"WebPage\",\"@id\":\"https:\/\/dev.xnet-x.net\/es\/peticion-rectificacion-traduccion-alertadores-recogida-ministro-justicia\/\",\"url\":\"https:\/\/dev.xnet-x.net\/es\/peticion-rectificacion-traduccion-alertadores-recogida-ministro-justicia\/\",\"name\":\"Rectificaci\u00f3n de traducci\u00f3n de Directiva Protecci\u00f3n Alertadores\",\"isPartOf\":{\"@id\":\"https:\/\/dev.xnet-x.net\/es\/#website\"},\"primaryImageOfPage\":{\"@id\":\"https:\/\/dev.xnet-x.net\/es\/peticion-rectificacion-traduccion-alertadores-recogida-ministro-justicia\/#primaryimage\"},\"image\":{\"@id\":\"https:\/\/dev.xnet-x.net\/es\/peticion-rectificacion-traduccion-alertadores-recogida-ministro-justicia\/#primaryimage\"},\"thumbnailUrl\":\"https:\/\/dev.xnet-x.net\/img\/full-protection-whistleblowers-img.jpg\",\"datePublished\":\"2020-01-23T14:59:34+00:00\",\"dateModified\":\"2021-02-19T09:11:19+00:00\",\"description\":\"Recogida nuestra petici\u00f3n de rectificaci\u00f3n de la traducci\u00f3n de la Directiva de Protecci\u00f3n de los Alertadores y Denunciantes contra la corrupci\u00f3n\",\"breadcrumb\":{\"@id\":\"https:\/\/dev.xnet-x.net\/es\/peticion-rectificacion-traduccion-alertadores-recogida-ministro-justicia\/#breadcrumb\"},\"inLanguage\":\"es\",\"potentialAction\":[{\"@type\":\"ReadAction\",\"target\":[[\"https:\/\/dev.xnet-x.net\/es\/peticion-rectificacion-traduccion-alertadores-recogida-ministro-justicia\/\"]]}]},{\"@type\":\"ImageObject\",\"inLanguage\":\"es\",\"@id\":\"https:\/\/dev.xnet-x.net\/es\/peticion-rectificacion-traduccion-alertadores-recogida-ministro-justicia\/#primaryimage\",\"url\":\"https:\/\/dev.xnet-x.net\/img\/full-protection-whistleblowers-img.jpg\",\"contentUrl\":\"https:\/\/dev.xnet-x.net\/img\/full-protection-whistleblowers-img.jpg\",\"width\":838,\"height\":420,\"caption\":\"full-protection-whistleblowers\"},{\"@type\":\"BreadcrumbList\",\"@id\":\"https:\/\/dev.xnet-x.net\/es\/peticion-rectificacion-traduccion-alertadores-recogida-ministro-justicia\/#breadcrumb\",\"itemListElement\":[{\"@type\":\"ListItem\",\"position\":1,\"name\":\"Portada\",\"item\":\"https:\/\/dev.xnet-x.net\/es\/\"},{\"@type\":\"ListItem\",\"position\":2,\"name\":\"Nuestra petici\u00f3n de rectificaci\u00f3n de la traducci\u00f3n de la Directiva de Protecci\u00f3n de los Alertadores ha sido recogida por el nuevo ministro de Justicia\"}]},{\"@type\":\"WebSite\",\"@id\":\"https:\/\/dev.xnet-x.net\/es\/#website\",\"url\":\"https:\/\/dev.xnet-x.net\/es\/\",\"name\":\"[:es]Xnet - Internet, derechos y democracia en la era digital[:ca]Xnet - Internet, drets i democr\u00e0cia en l'era digital[:en]Xnet - Internet freedoms & digital rights[:]\",\"description\":\"Xnet: Internet, informaci\u00f3n y cultura libres. Tecnopol\u00edtica. Datos, algoritmos y derechos digitales. Libertad de expresi\u00f3n. Democracia y anticorrupci\u00f3n\",\"publisher\":{\"@id\":\"https:\/\/dev.xnet-x.net\/es\/#organization\"},\"potentialAction\":[{\"@type\":\"SearchAction\",\"target\":{\"@type\":\"EntryPoint\",\"urlTemplate\":\"https:\/\/dev.xnet-x.net\/es\/?s={search_term_string}\"},\"query-input\":{\"@type\":\"PropertyValueSpecification\",\"valueRequired\":true,\"valueName\":\"search_term_string\"}}],\"inLanguage\":\"es\"},{\"@type\":\"Organization\",\"@id\":\"https:\/\/dev.xnet-x.net\/es\/#organization\",\"name\":\"Xnet - Internet, derechos y democracia en la era digital\",\"url\":\"https:\/\/dev.xnet-x.net\/es\/\",\"logo\":{\"@type\":\"ImageObject\",\"inLanguage\":\"es\",\"@id\":\"https:\/\/dev.xnet-x.net\/es\/#\/schema\/logo\/image\/\",\"url\":\"https:\/\/xnet-x.net\/img\/xnet-logo.png\",\"contentUrl\":\"https:\/\/xnet-x.net\/img\/xnet-logo.png\",\"width\":512,\"height\":512,\"caption\":\"Xnet - Internet, derechos y democracia en la era digital\"},\"image\":{\"@id\":\"https:\/\/dev.xnet-x.net\/es\/#\/schema\/logo\/image\/\"},\"sameAs\":[\"http:\/\/facebook.com\/RedX.Net\/\",\"https:\/\/x.com\/x_net_\",\"https:\/\/es.wikipedia.org\/wiki\/Xnet\"]},{\"@type\":\"Person\",\"@id\":\"https:\/\/dev.xnet-x.net\/es\/#\/schema\/person\/02880890b95968f2b3bd4cfd79843d49\",\"name\":\"Xnet\",\"image\":{\"@type\":\"ImageObject\",\"inLanguage\":\"es\",\"@id\":\"https:\/\/dev.xnet-x.net\/es\/#\/schema\/person\/image\/\",\"url\":\"https:\/\/secure.gravatar.com\/avatar\/41a61c327d24125228571dadd14748b0afd881e633e6e61518dacc4fef53cc93?s=96&d=mm&r=g\",\"contentUrl\":\"https:\/\/secure.gravatar.com\/avatar\/41a61c327d24125228571dadd14748b0afd881e633e6e61518dacc4fef53cc93?s=96&d=mm&r=g\",\"caption\":\"Xnet\"}}]}<\/script>\n<!-- \/ Yoast SEO plugin. -->","yoast_head_json":{"title":"Rectificaci\u00f3n de traducci\u00f3n de Directiva Protecci\u00f3n Alertadores","description":"Recogida nuestra petici\u00f3n de rectificaci\u00f3n de la traducci\u00f3n de la Directiva de Protecci\u00f3n de los Alertadores y Denunciantes contra la corrupci\u00f3n","robots":{"index":"index","follow":"follow","max-snippet":"max-snippet:-1","max-image-preview":"max-image-preview:large","max-video-preview":"max-video-preview:-1"},"canonical":"https:\/\/dev.xnet-x.net\/es\/peticion-rectificacion-traduccion-alertadores-recogida-ministro-justicia\/","twitter_misc":{"Escrito por":"Xnet","Tiempo de lectura":"2 minutos"},"schema":{"@context":"https:\/\/schema.org","@graph":[{"@type":"Article","@id":"https:\/\/dev.xnet-x.net\/es\/peticion-rectificacion-traduccion-alertadores-recogida-ministro-justicia\/#article","isPartOf":{"@id":"https:\/\/dev.xnet-x.net\/es\/peticion-rectificacion-traduccion-alertadores-recogida-ministro-justicia\/"},"author":{"name":"Xnet","@id":"https:\/\/dev.xnet-x.net\/es\/#\/schema\/person\/02880890b95968f2b3bd4cfd79843d49"},"headline":"Nuestra petici\u00f3n de rectificaci\u00f3n de la traducci\u00f3n de la Directiva de Protecci\u00f3n de los Alertadores ha sido recogida por el nuevo ministro de Justicia","datePublished":"2020-01-23T14:59:34+00:00","dateModified":"2021-02-19T09:11:19+00:00","mainEntityOfPage":{"@id":"https:\/\/dev.xnet-x.net\/es\/peticion-rectificacion-traduccion-alertadores-recogida-ministro-justicia\/"},"wordCount":439,"publisher":{"@id":"https:\/\/dev.xnet-x.net\/es\/#organization"},"image":{"@id":"https:\/\/dev.xnet-x.net\/es\/peticion-rectificacion-traduccion-alertadores-recogida-ministro-justicia\/#primaryimage"},"thumbnailUrl":"https:\/\/dev.xnet-x.net\/img\/full-protection-whistleblowers-img.jpg","articleSection":["Blog - Nuestras acciones"],"inLanguage":"es"},{"@type":"WebPage","@id":"https:\/\/dev.xnet-x.net\/es\/peticion-rectificacion-traduccion-alertadores-recogida-ministro-justicia\/","url":"https:\/\/dev.xnet-x.net\/es\/peticion-rectificacion-traduccion-alertadores-recogida-ministro-justicia\/","name":"Rectificaci\u00f3n de traducci\u00f3n de Directiva Protecci\u00f3n Alertadores","isPartOf":{"@id":"https:\/\/dev.xnet-x.net\/es\/#website"},"primaryImageOfPage":{"@id":"https:\/\/dev.xnet-x.net\/es\/peticion-rectificacion-traduccion-alertadores-recogida-ministro-justicia\/#primaryimage"},"image":{"@id":"https:\/\/dev.xnet-x.net\/es\/peticion-rectificacion-traduccion-alertadores-recogida-ministro-justicia\/#primaryimage"},"thumbnailUrl":"https:\/\/dev.xnet-x.net\/img\/full-protection-whistleblowers-img.jpg","datePublished":"2020-01-23T14:59:34+00:00","dateModified":"2021-02-19T09:11:19+00:00","description":"Recogida nuestra petici\u00f3n de rectificaci\u00f3n de la traducci\u00f3n de la Directiva de Protecci\u00f3n de los Alertadores y Denunciantes contra la corrupci\u00f3n","breadcrumb":{"@id":"https:\/\/dev.xnet-x.net\/es\/peticion-rectificacion-traduccion-alertadores-recogida-ministro-justicia\/#breadcrumb"},"inLanguage":"es","potentialAction":[{"@type":"ReadAction","target":[["https:\/\/dev.xnet-x.net\/es\/peticion-rectificacion-traduccion-alertadores-recogida-ministro-justicia\/"]]}]},{"@type":"ImageObject","inLanguage":"es","@id":"https:\/\/dev.xnet-x.net\/es\/peticion-rectificacion-traduccion-alertadores-recogida-ministro-justicia\/#primaryimage","url":"https:\/\/dev.xnet-x.net\/img\/full-protection-whistleblowers-img.jpg","contentUrl":"https:\/\/dev.xnet-x.net\/img\/full-protection-whistleblowers-img.jpg","width":838,"height":420,"caption":"full-protection-whistleblowers"},{"@type":"BreadcrumbList","@id":"https:\/\/dev.xnet-x.net\/es\/peticion-rectificacion-traduccion-alertadores-recogida-ministro-justicia\/#breadcrumb","itemListElement":[{"@type":"ListItem","position":1,"name":"Portada","item":"https:\/\/dev.xnet-x.net\/es\/"},{"@type":"ListItem","position":2,"name":"Nuestra petici\u00f3n de rectificaci\u00f3n de la traducci\u00f3n de la Directiva de Protecci\u00f3n de los Alertadores ha sido recogida por el nuevo ministro de Justicia"}]},{"@type":"WebSite","@id":"https:\/\/dev.xnet-x.net\/es\/#website","url":"https:\/\/dev.xnet-x.net\/es\/","name":"[:es]Xnet - Internet, derechos y democracia en la era digital[:ca]Xnet - Internet, drets i democr\u00e0cia en l'era digital[:en]Xnet - Internet freedoms & digital rights[:]","description":"Xnet: Internet, informaci\u00f3n y cultura libres. Tecnopol\u00edtica. Datos, algoritmos y derechos digitales. Libertad de expresi\u00f3n. Democracia y anticorrupci\u00f3n","publisher":{"@id":"https:\/\/dev.xnet-x.net\/es\/#organization"},"potentialAction":[{"@type":"SearchAction","target":{"@type":"EntryPoint","urlTemplate":"https:\/\/dev.xnet-x.net\/es\/?s={search_term_string}"},"query-input":{"@type":"PropertyValueSpecification","valueRequired":true,"valueName":"search_term_string"}}],"inLanguage":"es"},{"@type":"Organization","@id":"https:\/\/dev.xnet-x.net\/es\/#organization","name":"Xnet - Internet, derechos y democracia en la era digital","url":"https:\/\/dev.xnet-x.net\/es\/","logo":{"@type":"ImageObject","inLanguage":"es","@id":"https:\/\/dev.xnet-x.net\/es\/#\/schema\/logo\/image\/","url":"https:\/\/xnet-x.net\/img\/xnet-logo.png","contentUrl":"https:\/\/xnet-x.net\/img\/xnet-logo.png","width":512,"height":512,"caption":"Xnet - Internet, derechos y democracia en la era digital"},"image":{"@id":"https:\/\/dev.xnet-x.net\/es\/#\/schema\/logo\/image\/"},"sameAs":["http:\/\/facebook.com\/RedX.Net\/","https:\/\/x.com\/x_net_","https:\/\/es.wikipedia.org\/wiki\/Xnet"]},{"@type":"Person","@id":"https:\/\/dev.xnet-x.net\/es\/#\/schema\/person\/02880890b95968f2b3bd4cfd79843d49","name":"Xnet","image":{"@type":"ImageObject","inLanguage":"es","@id":"https:\/\/dev.xnet-x.net\/es\/#\/schema\/person\/image\/","url":"https:\/\/secure.gravatar.com\/avatar\/41a61c327d24125228571dadd14748b0afd881e633e6e61518dacc4fef53cc93?s=96&d=mm&r=g","contentUrl":"https:\/\/secure.gravatar.com\/avatar\/41a61c327d24125228571dadd14748b0afd881e633e6e61518dacc4fef53cc93?s=96&d=mm&r=g","caption":"Xnet"}}]}},"_links":{"self":[{"href":"https:\/\/dev.xnet-x.net\/es\/wp-json\/wp\/v2\/posts\/17963","targetHints":{"allow":["GET"]}}],"collection":[{"href":"https:\/\/dev.xnet-x.net\/es\/wp-json\/wp\/v2\/posts"}],"about":[{"href":"https:\/\/dev.xnet-x.net\/es\/wp-json\/wp\/v2\/types\/post"}],"author":[{"embeddable":true,"href":"https:\/\/dev.xnet-x.net\/es\/wp-json\/wp\/v2\/users\/15"}],"replies":[{"embeddable":true,"href":"https:\/\/dev.xnet-x.net\/es\/wp-json\/wp\/v2\/comments?post=17963"}],"version-history":[{"count":9,"href":"https:\/\/dev.xnet-x.net\/es\/wp-json\/wp\/v2\/posts\/17963\/revisions"}],"predecessor-version":[{"id":21654,"href":"https:\/\/dev.xnet-x.net\/es\/wp-json\/wp\/v2\/posts\/17963\/revisions\/21654"}],"wp:featuredmedia":[{"embeddable":true,"href":"https:\/\/dev.xnet-x.net\/es\/wp-json\/wp\/v2\/media\/14365"}],"wp:attachment":[{"href":"https:\/\/dev.xnet-x.net\/es\/wp-json\/wp\/v2\/media?parent=17963"}],"wp:term":[{"taxonomy":"category","embeddable":true,"href":"https:\/\/dev.xnet-x.net\/es\/wp-json\/wp\/v2\/categories?post=17963"},{"taxonomy":"post_tag","embeddable":true,"href":"https:\/\/dev.xnet-x.net\/es\/wp-json\/wp\/v2\/tags?post=17963"}],"curies":[{"name":"wp","href":"https:\/\/api.w.org\/{rel}","templated":true}]}}