{"id":17144,"date":"2019-09-04T13:44:34","date_gmt":"2019-09-04T11:44:34","guid":{"rendered":"https:\/\/xnet-x.net\/?p=17144"},"modified":"2021-01-15T13:19:09","modified_gmt":"2021-01-15T11:19:09","slug":"presentacion-de-propuestas-del-grupo-ciudadano-sobre-politicas-digitales-gcpd","status":"publish","type":"post","link":"https:\/\/dev.xnet-x.net\/es\/presentacion-propuestas-grupo-ciudadano-politicas-digitales-gcpd\/","title":{"rendered":"Presentaci\u00f3n de Propuestas del Grupo Ciudadano sobre Pol\u00edticas Digitales (GCPD)"},"content":{"rendered":"<p>El Grupo Ciudadano de Pol\u00edticas Digitales para Barcelona reagrupa personas o grupos con una amplia trayectoria de trabajo en el \u00e1mbito digital.<\/p>\n<p>Se trata de un grupo informal de complicidad, ideol\u00f3gicamente transversal, creado por activistas y especialistas en temas digitales que se conocen desde hace tiempo por haber compartido estrechamente luchas en el \u00e1mbito de la defensa de internet y de la innovaci\u00f3n digital.<\/p>\n<p>Se compone de:<br \/>\n&#8211; Un grupo promotor y ejecutivo de 10 personas\/grupos (ampliable);<br \/>\n&#8211; Un grupo m\u00e1s amplio de unas 30 personas\/grupos (ampliable).<\/p>\n<p> La idea es tener un <em>core<\/em> \u00e1gil, pero que integre y haga visible las acciones y opiniones del ecosistema activo en la ciudad: compartir, colaborar, doismo (unirse en base al trabajo , no a la ideolog\u00eda).<br \/>\n\u2028<strong><span style=\"text-decoration:underline\">Cada pol\u00edtica ya tiene personas en la sociedad civil que se ocupan de ella desde la perspectiva de lo digital y sus derechos. Para cada una de ellas el Grupo quiere hacer llegar al consistorio y los partidos, reflexiones y propuestas sobre cu\u00e1l es la mejor manera de abordarla y qu\u00e9 personas podr\u00edan ser competentes para ello<\/span><\/strong>, con la ambici\u00f3n de que estas propuestas y sugerencias sean tomadas seriamente en consideraci\u00f3n.<br \/>\n&nbsp;<\/p>\n<p>Los objetivos:<br \/>\n0 &#8211; Hacer aflorar el potencial de la sociedad civil activa en el \u00e1mbito digital.<br \/>\n1 &#8211; <strong>Aportar propuestas<\/strong> concretas y realistas para la ciudad.<br \/>\n2 &#8211; <strong>Influir<\/strong> de manera intensa, proactiva y positiva en las pol\u00edticas digitales de la ciudad de Barcelona y de su futuro consistorio.<br \/>\n3 &#8211; Internet tambi\u00e9n est\u00e1 de moda. <strong>Evitar pol\u00edticas de marcas blancas y placebos<\/strong> que se han visto en el pasado para camuflar pol\u00edticas <strong>incompetentes, liberticidas o corruptas<\/strong>.\u2028<\/p>\n<p>Los motivos:<br \/>\nEl grupo se gest\u00f3 durante la campa\u00f1a electoral, preocupado por la casi absoluta ausencia del tema en los programas electorales y los debates. La preocupaci\u00f3n por un futuro con pol\u00edticas no adaptadas a la realidad se reafirm\u00f3 con la lectura de \u00abLos nuevos Gobiernos municipales y la agenda digital\u00bb ( <a href=\"http:\/\/politicas-pi.com\/_new\/wp-content\/uploads\/2019\/06\/Informe-Los-nuevos-gobiernos-municipales-y-la-agenda-digital.pdf\" rel=\"noopener noreferrer\" target=\"_blank\">http:\/\/politicas-pi.com\/_new\/wp-content\/uploads\/2019\/06\/Informe-Los-nuevos-gobiernos-municipales-y-la-agenda-digital.pdf<\/a> ) que demuestra <strong>que el inter\u00e9s por los temas digitales por parte de los partidos representados en el consistorio del Ayuntamiento de Barcelona es s\u00f3lo del 1,7%<\/strong>, el m\u00e1s bajo de entre todas las ciudades analizadas.<br \/>\nEl digital se considera una cuesti\u00f3n residual en lugar de tratarla como algo inherente en absolutamente todas las tem\u00e1ticas en la era en la que vivimos. Esto suele derivar en pol\u00edticas basadas en <strong>lugares comunes inadecuados<\/strong> y \/ <strong>o hiperactuaciones igualmente peligrosas<\/strong>, creando un agravio en t\u00e9rminos de actualizaci\u00f3n, innovaci\u00f3n y renovaci\u00f3n del contexto, que perjudica las posibilidades, oportunidades y derechos de toda la poblaci\u00f3n.<\/p>\n<p>La comunidad est\u00e1 cansada de las <strong>anteriores pol\u00edticas que solo ven Internet como un peligro y\/o un negocio<\/strong> y no un nuevo \u00e1mbito de vida, derechos, libertades e innovaci\u00f3n.<\/p>\n<p>Para ser m\u00e1s concretos, casi siempre la pol\u00edtica digital &#8211; no solo en Barcelona, sino desde los partidos pol\u00edticos en general &#8211; se caracteriza por:<\/p>\n<p>a) &#8211; <strong>Oscilar entre la tecnofobia y la tecno-fe<\/strong>, o sea tener miedo a Internet y resolverlo con prohibiciones o pensar que lo va a solucionar todo, cuando lo digital es m\u00e1s compleja y m\u00e1s  sencilamente algo que se tiene que entender porque ya est\u00e1 en todas partes.<br \/>\nb) &#8211; <strong>Creer que lo digital es un aparato que solo sirve para<\/strong> hacer pseudo-participaci\u00f3n online, vender cosas tipo altavoz o escaparate y tener conversaciones en redes sociales (sobre todo fij\u00e1ndose en lo malo de estas conversaciones), mientras que lo digital  son estas cosas, pero mucho m\u00e1s y afecta a todos los \u00e1mbitos; se trata de una verdadera revoluci\u00f3n de la gobernanza, desde la organizaci\u00f3n interna de las administraciones a la gesti\u00f3n de la felicidad de las personas, la mobilidad, la salud, la educaci\u00f3n, el medio ambiente, la econom\u00eda, para citar solo algunos \u00e1mbitos de competencia municipal.<br \/>\nc) &#8211; <strong>Ver lo digital como una tecnol\u00f3gica, una m\u00e1quina<\/strong>, cuando es tambi\u00e9n una nueva estructura mental que fomenta la organizaci\u00f3n en red basada en la capacidad distribuida de las personas.<\/p>\n<p> Desesperamos desde hace 20 a\u00f1os de lo poco que el \u00e1mbito pol\u00edtico se ha esforzado para entender realmente lo que estamos diciendo y proponiendo.<\/p>\n<p>En el m\u00e1s puro espiritu de la filosof\u00eda de la red, frente al problema no llevamos quejas, sino trabajo hecho y propuestas realistas. Abrimos un pad online y cada uno respondi\u00f3 a las preguntas:<br \/>\n&#8211; Qu\u00e9 hace<br \/>\n&#8211; Qu\u00e9 propone concretamente para Barcelona<\/p>\n<p>[M\u00e1s abajo una s\u00edntesis y las 15 p\u00e1ginas del texto concreto que entregamos al gobierno de la ciudad y a los partidos de los consistorios interesados que han asistido a la rueda de prensa de presentaci\u00f3n]<br \/>\n&nbsp;<br \/>\n<img loading=\"lazy\" decoding=\"async\" src=\"https:\/\/xnet-x.net\/img\/gcpd-reunio-1024x512.jpg\" alt=\"\" width=\"600\" height=\"300\" class=\"aligncenter size-large wp-image-17247\" srcset=\"https:\/\/dev.xnet-x.net\/img\/gcpd-reunio-1024x512.jpg 1024w, https:\/\/dev.xnet-x.net\/img\/gcpd-reunio-300x150.jpg 300w, https:\/\/dev.xnet-x.net\/img\/gcpd-reunio-768x384.jpg 768w, https:\/\/dev.xnet-x.net\/img\/gcpd-reunio-832x416.jpg 832w, https:\/\/dev.xnet-x.net\/img\/gcpd-reunio-480x240.jpg 480w, https:\/\/dev.xnet-x.net\/img\/gcpd-reunio.jpg 1280w\" sizes=\"auto, (max-width: 600px) 100vw, 600px\" \/><\/p>\n<p>Primeros pasos:<\/p>\n<p>1 &#8211; <strong>Trasladar al consistorio el mencionado mapeo<\/strong> de agentes y propuestas. Es un documento util\u00edsimo que mapea una buena parte de fuerzas vivas, organizaciones que han fehacientemente demostrado hacer trabajo concreto e indispensable sobre digital.<\/p>\n<p>2 &#8211;   <strong>Queremos podernos explicar BIEN<\/strong> justamente porque no siempre las instituciones comprenden que implica lo digital. Como dec\u00eda, a menudo hay malos entendidos sobre lo que entendemos por digital las personas que nos dedicamos a ello y lo que entienden las y los pol\u00edticos. Creemos que a menudo no es mala fe, es solo un malentendido por no tomarse el tiempo de entender. Nos gustar\u00eda poder explicar estas 30 experiencias y sus propuestas con sosiego. Nos comprometemos a ser realistas y concretos. Es muy propio de la cultura digital el \u201cdoismo\u201d: hablar haciendo m\u00e1s que hablar y luego, quiz\u00e1s, hacer. En la misma l\u00ednea, nos gustar\u00eda explorar la posibilidad de abrir <strong>un espacio de di\u00e1logo concreto y permanente<\/strong> y ver si podemos dise\u00f1ar una l\u00ednea de trabajo conjunta sobre la base del documento que hemos trasladado. Creemos que con el nuevo comisionado de Tecnolog\u00eda e Innovaci\u00f3n Digital Michael Donaldson s\u00ed podremos hacerlo. O eso esperamos :)..<\/p>\n<p>El reciente nombramiento del nuevo <strong>Comissionat de Tecnologia i Innovaci\u00f3 Digital de l\u2019Ajuntament de Barcelona, Michael Donaldson<\/strong> por parte de Laia Bonet, lo hemos recibido como una muy buena noticia. Muchos conocemos el trabajo previo de Donaldson que ha demostrado que entiende y practica la colaboraci\u00f3n entre ciudadania activa e instituciones en pie de igualdad. La prueba es que inmediatamente ha aceptado estar presente como fila cero en la rueda de prensa de presentaci\u00f3n &#8211; su primer acto p\u00fablico es con la ciudadania activa &#8211; y abrir un canal de conversaci\u00f3n para recibir nuestras propuestas.<\/p>\n<p>Tambi\u00e9n presentes en fila cero de la rueda de premsa de presentaci\u00f3n podemos encontrar a Elisenda Alemany en representaci\u00f3n de ERC Barcelona y Ferran Mascarell en representaci\u00f3n de Junts per Catalunya. Ambas formaciones se han demostrado interesadas en reunirse con nosotros para trabajar.<\/p>\n<p>Los otros grupos del consistorio no han contestado a la petici\u00f3n de reuni\u00f3n aunque algunos cargos de algunos partidos s\u00ed los incluimos entre las personas de referencia de nuestro mapeo. Como comentado, la cultura digital no es sectaria.<br \/>\n&nbsp;<\/p>\n<p>MAPEO<\/p>\n<p>El \u00e1mbito lo hemos dividido en \u00e1reas y tienen personas probadamente competentes en cada \u00e1rea como responsables. Tambi\u00e9n el grupo alargado est\u00e1 repartido en las diversas \u00e1reas de competencia.<\/p>\n<p>\u00c1REAS \u00c1MBITO DIGITAL &#8211; coordinadores:<\/p>\n<p>&#8211; DERECHOS, LEGISLACI\u00d3N Y GOBERNANZA &#8211; Simona Levi<br \/>\n&#8211; TECNOLOG\u00cdA Y \u00c9TICA DE LA TECNOLOG\u00cdA &#8211; Maadix<br \/>\n&#8211; INFRAESTRUCTURA &#8211; Ramon Roca<br \/>\n&#8211; INVESTIGACI\u00d3N &#8211; Artur Serra<br \/>\n&#8211; EMPRESA Y ADMINISTRACI\u00d3N &#8211; Ana Maria Traxctore &#8211; Gen\u00eds Roca &#8211; Javier Creus &#8211; Albert Ca\u00f1igueral &#8211; David Franquesa &#8211; Reuse<br \/>\n&#8211; CULTURA, CONOCIMIENTO Y EDUCACI\u00d3N &#8211; Ignasi Labastida, Jaron Rowan<br \/>\n&nbsp;<\/p>\n<p>De las propuestas recogidas han aflorado 4 l\u00edneas principales:<br \/>\n1 &#8211; <strong>La defensa de los derechos<\/strong> en el \u00e1mbito digital como eje transversal-transparencia para las instituciones y privacidad para los ciudadanos y sus datos-; es posible con seguridad.<\/p>\n<p>2 &#8211; <strong>La gobernanza algor\u00edtmica<\/strong> &#8211; revoluci\u00f3n interna a la instituci\u00f3n y externa, que sea auditable y al servicio de las personas, que no vulnere sus derechos-; reforma del funcionamiento interno para agilizar la administraci\u00f3n y hacerla m\u00e1s transparente sin que ello cargue sobre los trabajadores sino lo contrario.<\/p>\n<p>3 &#8211; <strong>Los formatos, las infraestructuras, la seguridad y el acceso<\/strong>: hay varios experimentos ya operativos para compartir datos \u00fatiles a la comunidad y infraestructura de forma distribuida.<\/p>\n<p>4 &#8211; <strong>La nueva econom\u00eda digital<\/strong> es posible sin socavar los derechos fundamentales.<br \/>\n&nbsp;<\/p>\n<p>Grupo promotor:<br \/>\n<strong>Simona Levi<\/strong>, activista, cofundadora de Xnet, dramaturga y directora del posgrado de Tecnopol\u00edtica y Derechos en la Era Digital de la Barcelona School of Management de la Universidad Pompeu Fabra (UPF)<br \/>\n<strong>Artur Serra<\/strong>, subdirector de la i2cat Foundation y director de investigaci\u00f3n de Citilab<br \/>\n<strong>Ramon Roca<\/strong>, cofundador de Guifi.net y presidente de la Fundaci\u00f3n hom\u00f3nima<br \/>\n<strong>Javi Creus<\/strong>, Fundador de Ideas For Change<br \/>\n<strong>Gen\u00eds Roca<\/strong>, arque\u00f3logo y empresario<br \/>\n<strong>Albert Ca\u00f1igueral<\/strong>, fundador de ConsumoColaborativo.com y de OuiShare Barcelona Connector<br \/>\n<strong>Ignasi Labastida<\/strong>, doctor en f\u00edsica, promotor de Creative Commons y responsable de la Unidad de Investigaci\u00f3n e Innovaci\u00f3n del CRAI de la Universidad de Barcelona<br \/>\n<strong>Ana Mar\u00eda M\u00e9ndez<\/strong>, propietaria de Traxtore, responsable de la sentencia europea sobre el canon digital contra la SGAE<br \/>\n<strong>Jaron Rowan<\/strong>, investigador cultural, coordinador de la Unitat d&#8217;Investigaci\u00f3 i Doctorat de BAU, Centre Universitari de Disseny<br \/>\n<strong>Maddalena Falzoni<\/strong>, programadora y administradora de sistemas i CEO de Maddix<br \/>\n&nbsp;<\/p>\n<p>|||||||||||||||||||||||<\/p>\n<p>Informaci\u00f3n relacionada:<br \/>\n<strong>Se constituye el Grupo Ciudadano de Pol\u00edticas Digitales de Barcelona<\/strong><br \/>\n<a href=\"https:\/\/xnet-x.net\/se-constituye-grupo-ciudadano-politicas-digitales-barcelona\/\" rel=\"noopener noreferrer\" target=\"_blank\">https:\/\/xnet-x.net\/se-constituye-grupo-ciudadano-politicas-digitales-barcelona\/<\/a><\/p>","protected":false},"excerpt":{"rendered":"<p>El Grupo Ciudadano sobre Pol\u00edticas Digitales de Barcelona (GCPD) #Pol\u00edticasDigitales presenta sus propuestas<\/p>\n","protected":false},"author":15,"featured_media":17162,"comment_status":"closed","ping_status":"closed","sticky":false,"template":"","format":"standard","meta":{"footnotes":""},"categories":[52],"tags":[],"class_list":["post-17144","post","type-post","status-publish","format-standard","has-post-thumbnail","hentry","category-blog","servicios-recomendaciones-de-politicas"],"yoast_head":"<!-- This site is optimized with the Yoast SEO plugin v26.7 - https:\/\/yoast.com\/wordpress\/plugins\/seo\/ -->\n<title>Presentaci\u00f3n de Propuestas del Grupo Ciudadano sobre Pol\u00edticas Digitales<\/title>\n<meta name=\"description\" content=\"Los objetivos del Grupo Ciudadano sobre Pol\u00edticas Digitales (GCPD) son aportar propuestas, influir y evitar placebos en las pol\u00edticas digitales de Barcelona\" \/>\n<meta name=\"robots\" content=\"index, follow, max-snippet:-1, max-image-preview:large, max-video-preview:-1\" \/>\n<link rel=\"canonical\" href=\"https:\/\/dev.xnet-x.net\/es\/presentacion-propuestas-grupo-ciudadano-politicas-digitales-gcpd\/\" \/>\n<meta name=\"twitter:label1\" content=\"Escrito por\" \/>\n\t<meta name=\"twitter:data1\" content=\"Xnet\" \/>\n\t<meta name=\"twitter:label2\" content=\"Tiempo de lectura\" \/>\n\t<meta name=\"twitter:data2\" content=\"16 minutos\" \/>\n<script type=\"application\/ld+json\" class=\"yoast-schema-graph\">{\"@context\":\"https:\/\/schema.org\",\"@graph\":[{\"@type\":\"Article\",\"@id\":\"https:\/\/dev.xnet-x.net\/es\/presentacion-propuestas-grupo-ciudadano-politicas-digitales-gcpd\/#article\",\"isPartOf\":{\"@id\":\"https:\/\/dev.xnet-x.net\/es\/presentacion-propuestas-grupo-ciudadano-politicas-digitales-gcpd\/\"},\"author\":{\"name\":\"Xnet\",\"@id\":\"https:\/\/dev.xnet-x.net\/es\/#\/schema\/person\/02880890b95968f2b3bd4cfd79843d49\"},\"headline\":\"Presentaci\u00f3n de Propuestas del Grupo Ciudadano sobre Pol\u00edticas Digitales (GCPD)\",\"datePublished\":\"2019-09-04T11:44:34+00:00\",\"dateModified\":\"2021-01-15T11:19:09+00:00\",\"mainEntityOfPage\":{\"@id\":\"https:\/\/dev.xnet-x.net\/es\/presentacion-propuestas-grupo-ciudadano-politicas-digitales-gcpd\/\"},\"wordCount\":3195,\"publisher\":{\"@id\":\"https:\/\/dev.xnet-x.net\/es\/#organization\"},\"image\":{\"@id\":\"https:\/\/dev.xnet-x.net\/es\/presentacion-propuestas-grupo-ciudadano-politicas-digitales-gcpd\/#primaryimage\"},\"thumbnailUrl\":\"https:\/\/dev.xnet-x.net\/img\/gcpd-bcn.jpg\",\"articleSection\":[\"Blog - Nuestras acciones\"],\"inLanguage\":\"es\"},{\"@type\":\"WebPage\",\"@id\":\"https:\/\/dev.xnet-x.net\/es\/presentacion-propuestas-grupo-ciudadano-politicas-digitales-gcpd\/\",\"url\":\"https:\/\/dev.xnet-x.net\/es\/presentacion-propuestas-grupo-ciudadano-politicas-digitales-gcpd\/\",\"name\":\"Presentaci\u00f3n de Propuestas del Grupo Ciudadano sobre Pol\u00edticas Digitales\",\"isPartOf\":{\"@id\":\"https:\/\/dev.xnet-x.net\/es\/#website\"},\"primaryImageOfPage\":{\"@id\":\"https:\/\/dev.xnet-x.net\/es\/presentacion-propuestas-grupo-ciudadano-politicas-digitales-gcpd\/#primaryimage\"},\"image\":{\"@id\":\"https:\/\/dev.xnet-x.net\/es\/presentacion-propuestas-grupo-ciudadano-politicas-digitales-gcpd\/#primaryimage\"},\"thumbnailUrl\":\"https:\/\/dev.xnet-x.net\/img\/gcpd-bcn.jpg\",\"datePublished\":\"2019-09-04T11:44:34+00:00\",\"dateModified\":\"2021-01-15T11:19:09+00:00\",\"description\":\"Los objetivos del Grupo Ciudadano sobre Pol\u00edticas Digitales (GCPD) son aportar propuestas, influir y evitar placebos en las pol\u00edticas digitales de Barcelona\",\"breadcrumb\":{\"@id\":\"https:\/\/dev.xnet-x.net\/es\/presentacion-propuestas-grupo-ciudadano-politicas-digitales-gcpd\/#breadcrumb\"},\"inLanguage\":\"es\",\"potentialAction\":[{\"@type\":\"ReadAction\",\"target\":[[\"https:\/\/dev.xnet-x.net\/es\/presentacion-propuestas-grupo-ciudadano-politicas-digitales-gcpd\/\"]]}]},{\"@type\":\"ImageObject\",\"inLanguage\":\"es\",\"@id\":\"https:\/\/dev.xnet-x.net\/es\/presentacion-propuestas-grupo-ciudadano-politicas-digitales-gcpd\/#primaryimage\",\"url\":\"https:\/\/dev.xnet-x.net\/img\/gcpd-bcn.jpg\",\"contentUrl\":\"https:\/\/dev.xnet-x.net\/img\/gcpd-bcn.jpg\",\"width\":1014,\"height\":333},{\"@type\":\"BreadcrumbList\",\"@id\":\"https:\/\/dev.xnet-x.net\/es\/presentacion-propuestas-grupo-ciudadano-politicas-digitales-gcpd\/#breadcrumb\",\"itemListElement\":[{\"@type\":\"ListItem\",\"position\":1,\"name\":\"Portada\",\"item\":\"https:\/\/dev.xnet-x.net\/es\/\"},{\"@type\":\"ListItem\",\"position\":2,\"name\":\"Presentaci\u00f3n de Propuestas del Grupo Ciudadano sobre Pol\u00edticas Digitales (GCPD)\"}]},{\"@type\":\"WebSite\",\"@id\":\"https:\/\/dev.xnet-x.net\/es\/#website\",\"url\":\"https:\/\/dev.xnet-x.net\/es\/\",\"name\":\"[:es]Xnet - Internet, derechos y democracia en la era digital[:ca]Xnet - Internet, drets i democr\u00e0cia en l'era digital[:en]Xnet - Internet freedoms & digital rights[:]\",\"description\":\"Xnet: Internet, informaci\u00f3n y cultura libres. Tecnopol\u00edtica. Datos, algoritmos y derechos digitales. Libertad de expresi\u00f3n. Democracia y anticorrupci\u00f3n\",\"publisher\":{\"@id\":\"https:\/\/dev.xnet-x.net\/es\/#organization\"},\"potentialAction\":[{\"@type\":\"SearchAction\",\"target\":{\"@type\":\"EntryPoint\",\"urlTemplate\":\"https:\/\/dev.xnet-x.net\/es\/?s={search_term_string}\"},\"query-input\":{\"@type\":\"PropertyValueSpecification\",\"valueRequired\":true,\"valueName\":\"search_term_string\"}}],\"inLanguage\":\"es\"},{\"@type\":\"Organization\",\"@id\":\"https:\/\/dev.xnet-x.net\/es\/#organization\",\"name\":\"Xnet - Internet, derechos y democracia en la era digital\",\"url\":\"https:\/\/dev.xnet-x.net\/es\/\",\"logo\":{\"@type\":\"ImageObject\",\"inLanguage\":\"es\",\"@id\":\"https:\/\/dev.xnet-x.net\/es\/#\/schema\/logo\/image\/\",\"url\":\"https:\/\/xnet-x.net\/img\/xnet-logo.png\",\"contentUrl\":\"https:\/\/xnet-x.net\/img\/xnet-logo.png\",\"width\":512,\"height\":512,\"caption\":\"Xnet - Internet, derechos y democracia en la era digital\"},\"image\":{\"@id\":\"https:\/\/dev.xnet-x.net\/es\/#\/schema\/logo\/image\/\"},\"sameAs\":[\"http:\/\/facebook.com\/RedX.Net\/\",\"https:\/\/x.com\/x_net_\",\"https:\/\/es.wikipedia.org\/wiki\/Xnet\"]},{\"@type\":\"Person\",\"@id\":\"https:\/\/dev.xnet-x.net\/es\/#\/schema\/person\/02880890b95968f2b3bd4cfd79843d49\",\"name\":\"Xnet\",\"image\":{\"@type\":\"ImageObject\",\"inLanguage\":\"es\",\"@id\":\"https:\/\/dev.xnet-x.net\/es\/#\/schema\/person\/image\/\",\"url\":\"https:\/\/secure.gravatar.com\/avatar\/41a61c327d24125228571dadd14748b0afd881e633e6e61518dacc4fef53cc93?s=96&d=mm&r=g\",\"contentUrl\":\"https:\/\/secure.gravatar.com\/avatar\/41a61c327d24125228571dadd14748b0afd881e633e6e61518dacc4fef53cc93?s=96&d=mm&r=g\",\"caption\":\"Xnet\"}}]}<\/script>\n<!-- \/ Yoast SEO plugin. -->","yoast_head_json":{"title":"Presentaci\u00f3n de Propuestas del Grupo Ciudadano sobre Pol\u00edticas Digitales","description":"Los objetivos del Grupo Ciudadano sobre Pol\u00edticas Digitales (GCPD) son aportar propuestas, influir y evitar placebos en las pol\u00edticas digitales de Barcelona","robots":{"index":"index","follow":"follow","max-snippet":"max-snippet:-1","max-image-preview":"max-image-preview:large","max-video-preview":"max-video-preview:-1"},"canonical":"https:\/\/dev.xnet-x.net\/es\/presentacion-propuestas-grupo-ciudadano-politicas-digitales-gcpd\/","twitter_misc":{"Escrito por":"Xnet","Tiempo de lectura":"16 minutos"},"schema":{"@context":"https:\/\/schema.org","@graph":[{"@type":"Article","@id":"https:\/\/dev.xnet-x.net\/es\/presentacion-propuestas-grupo-ciudadano-politicas-digitales-gcpd\/#article","isPartOf":{"@id":"https:\/\/dev.xnet-x.net\/es\/presentacion-propuestas-grupo-ciudadano-politicas-digitales-gcpd\/"},"author":{"name":"Xnet","@id":"https:\/\/dev.xnet-x.net\/es\/#\/schema\/person\/02880890b95968f2b3bd4cfd79843d49"},"headline":"Presentaci\u00f3n de Propuestas del Grupo Ciudadano sobre Pol\u00edticas Digitales (GCPD)","datePublished":"2019-09-04T11:44:34+00:00","dateModified":"2021-01-15T11:19:09+00:00","mainEntityOfPage":{"@id":"https:\/\/dev.xnet-x.net\/es\/presentacion-propuestas-grupo-ciudadano-politicas-digitales-gcpd\/"},"wordCount":3195,"publisher":{"@id":"https:\/\/dev.xnet-x.net\/es\/#organization"},"image":{"@id":"https:\/\/dev.xnet-x.net\/es\/presentacion-propuestas-grupo-ciudadano-politicas-digitales-gcpd\/#primaryimage"},"thumbnailUrl":"https:\/\/dev.xnet-x.net\/img\/gcpd-bcn.jpg","articleSection":["Blog - Nuestras acciones"],"inLanguage":"es"},{"@type":"WebPage","@id":"https:\/\/dev.xnet-x.net\/es\/presentacion-propuestas-grupo-ciudadano-politicas-digitales-gcpd\/","url":"https:\/\/dev.xnet-x.net\/es\/presentacion-propuestas-grupo-ciudadano-politicas-digitales-gcpd\/","name":"Presentaci\u00f3n de Propuestas del Grupo Ciudadano sobre Pol\u00edticas Digitales","isPartOf":{"@id":"https:\/\/dev.xnet-x.net\/es\/#website"},"primaryImageOfPage":{"@id":"https:\/\/dev.xnet-x.net\/es\/presentacion-propuestas-grupo-ciudadano-politicas-digitales-gcpd\/#primaryimage"},"image":{"@id":"https:\/\/dev.xnet-x.net\/es\/presentacion-propuestas-grupo-ciudadano-politicas-digitales-gcpd\/#primaryimage"},"thumbnailUrl":"https:\/\/dev.xnet-x.net\/img\/gcpd-bcn.jpg","datePublished":"2019-09-04T11:44:34+00:00","dateModified":"2021-01-15T11:19:09+00:00","description":"Los objetivos del Grupo Ciudadano sobre Pol\u00edticas Digitales (GCPD) son aportar propuestas, influir y evitar placebos en las pol\u00edticas digitales de Barcelona","breadcrumb":{"@id":"https:\/\/dev.xnet-x.net\/es\/presentacion-propuestas-grupo-ciudadano-politicas-digitales-gcpd\/#breadcrumb"},"inLanguage":"es","potentialAction":[{"@type":"ReadAction","target":[["https:\/\/dev.xnet-x.net\/es\/presentacion-propuestas-grupo-ciudadano-politicas-digitales-gcpd\/"]]}]},{"@type":"ImageObject","inLanguage":"es","@id":"https:\/\/dev.xnet-x.net\/es\/presentacion-propuestas-grupo-ciudadano-politicas-digitales-gcpd\/#primaryimage","url":"https:\/\/dev.xnet-x.net\/img\/gcpd-bcn.jpg","contentUrl":"https:\/\/dev.xnet-x.net\/img\/gcpd-bcn.jpg","width":1014,"height":333},{"@type":"BreadcrumbList","@id":"https:\/\/dev.xnet-x.net\/es\/presentacion-propuestas-grupo-ciudadano-politicas-digitales-gcpd\/#breadcrumb","itemListElement":[{"@type":"ListItem","position":1,"name":"Portada","item":"https:\/\/dev.xnet-x.net\/es\/"},{"@type":"ListItem","position":2,"name":"Presentaci\u00f3n de Propuestas del Grupo Ciudadano sobre Pol\u00edticas Digitales (GCPD)"}]},{"@type":"WebSite","@id":"https:\/\/dev.xnet-x.net\/es\/#website","url":"https:\/\/dev.xnet-x.net\/es\/","name":"[:es]Xnet - Internet, derechos y democracia en la era digital[:ca]Xnet - Internet, drets i democr\u00e0cia en l'era digital[:en]Xnet - Internet freedoms & digital rights[:]","description":"Xnet: Internet, informaci\u00f3n y cultura libres. Tecnopol\u00edtica. Datos, algoritmos y derechos digitales. Libertad de expresi\u00f3n. Democracia y anticorrupci\u00f3n","publisher":{"@id":"https:\/\/dev.xnet-x.net\/es\/#organization"},"potentialAction":[{"@type":"SearchAction","target":{"@type":"EntryPoint","urlTemplate":"https:\/\/dev.xnet-x.net\/es\/?s={search_term_string}"},"query-input":{"@type":"PropertyValueSpecification","valueRequired":true,"valueName":"search_term_string"}}],"inLanguage":"es"},{"@type":"Organization","@id":"https:\/\/dev.xnet-x.net\/es\/#organization","name":"Xnet - Internet, derechos y democracia en la era digital","url":"https:\/\/dev.xnet-x.net\/es\/","logo":{"@type":"ImageObject","inLanguage":"es","@id":"https:\/\/dev.xnet-x.net\/es\/#\/schema\/logo\/image\/","url":"https:\/\/xnet-x.net\/img\/xnet-logo.png","contentUrl":"https:\/\/xnet-x.net\/img\/xnet-logo.png","width":512,"height":512,"caption":"Xnet - Internet, derechos y democracia en la era digital"},"image":{"@id":"https:\/\/dev.xnet-x.net\/es\/#\/schema\/logo\/image\/"},"sameAs":["http:\/\/facebook.com\/RedX.Net\/","https:\/\/x.com\/x_net_","https:\/\/es.wikipedia.org\/wiki\/Xnet"]},{"@type":"Person","@id":"https:\/\/dev.xnet-x.net\/es\/#\/schema\/person\/02880890b95968f2b3bd4cfd79843d49","name":"Xnet","image":{"@type":"ImageObject","inLanguage":"es","@id":"https:\/\/dev.xnet-x.net\/es\/#\/schema\/person\/image\/","url":"https:\/\/secure.gravatar.com\/avatar\/41a61c327d24125228571dadd14748b0afd881e633e6e61518dacc4fef53cc93?s=96&d=mm&r=g","contentUrl":"https:\/\/secure.gravatar.com\/avatar\/41a61c327d24125228571dadd14748b0afd881e633e6e61518dacc4fef53cc93?s=96&d=mm&r=g","caption":"Xnet"}}]}},"_links":{"self":[{"href":"https:\/\/dev.xnet-x.net\/es\/wp-json\/wp\/v2\/posts\/17144","targetHints":{"allow":["GET"]}}],"collection":[{"href":"https:\/\/dev.xnet-x.net\/es\/wp-json\/wp\/v2\/posts"}],"about":[{"href":"https:\/\/dev.xnet-x.net\/es\/wp-json\/wp\/v2\/types\/post"}],"author":[{"embeddable":true,"href":"https:\/\/dev.xnet-x.net\/es\/wp-json\/wp\/v2\/users\/15"}],"replies":[{"embeddable":true,"href":"https:\/\/dev.xnet-x.net\/es\/wp-json\/wp\/v2\/comments?post=17144"}],"version-history":[{"count":20,"href":"https:\/\/dev.xnet-x.net\/es\/wp-json\/wp\/v2\/posts\/17144\/revisions"}],"predecessor-version":[{"id":21451,"href":"https:\/\/dev.xnet-x.net\/es\/wp-json\/wp\/v2\/posts\/17144\/revisions\/21451"}],"wp:featuredmedia":[{"embeddable":true,"href":"https:\/\/dev.xnet-x.net\/es\/wp-json\/wp\/v2\/media\/17162"}],"wp:attachment":[{"href":"https:\/\/dev.xnet-x.net\/es\/wp-json\/wp\/v2\/media?parent=17144"}],"wp:term":[{"taxonomy":"category","embeddable":true,"href":"https:\/\/dev.xnet-x.net\/es\/wp-json\/wp\/v2\/categories?post=17144"},{"taxonomy":"post_tag","embeddable":true,"href":"https:\/\/dev.xnet-x.net\/es\/wp-json\/wp\/v2\/tags?post=17144"}],"curies":[{"name":"wp","href":"https:\/\/api.w.org\/{rel}","templated":true}]}}