{"id":17091,"date":"2019-07-09T15:00:04","date_gmt":"2019-07-09T13:00:04","guid":{"rendered":"https:\/\/xnet-x.net\/?p=17091"},"modified":"2021-09-08T12:59:54","modified_gmt":"2021-09-08T10:59:54","slug":"se-constituye-el-grupo-ciudadano-de-politicas-digitales-de-barcelona","status":"publish","type":"post","link":"https:\/\/dev.xnet-x.net\/es\/se-constituye-grupo-ciudadano-politicas-digitales-barcelona\/","title":{"rendered":"Se constituye el Grupo Ciudadano de Pol\u00edticas Digitales de Barcelona"},"content":{"rendered":"<p>Hoy se constituye el Grupo ciudadano de Pol\u00edticas Digitales de Barcelona. Lo hacemos enviando la siguiente carta a los partidos que conforman el consistorio:<br \/>\n&nbsp;<\/p>\n<p>Estimadas y estimados,<\/p>\n<p>Os queremos comunicar la creaci\u00f3n en <strong>Barcelona<\/strong> del <strong>Grupo Ciudadano sobre Pol\u00edticas Digitales<\/strong>, y desde este Grupo <strong>pediros una cita<\/strong>.<\/p>\n<p>El grupo se gest\u00f3 durante la campa\u00f1a electoral, preocupado por la casi absoluta ausencia del tema en los programas electorales y los debates. La preocupaci\u00f3n por un futuro con pol\u00edticas no adaptadas a la realidad se reafirm\u00f3 con la lectura de \u00ab<strong>Los nuevos Gobiernos municipales y la agenda digital<\/strong>\u00bb  ( <a href=\"http:\/\/politicas-pi.com\/_new\/wp-content\/uploads\/2019\/06\/Informe-Los-nuevos-gobiernos-municipales-y-la-agenda-digital.pdf\" rel=\"noopener noreferrer\" target=\"_blank\">http:\/\/politicas-pi.com\/_new\/wp-content\/uploads\/2019\/06\/Informe-Los-nuevos-gobiernos-municipales-y-la-agenda-digital.pdf<\/a> ) <strong>que demuestra que el inter\u00e9s por los temas digitales por parte de los partidos representados en el consistorio del Ayuntamiento de Barcelona es s\u00f3lo del 1,7%, el m\u00e1s bajo de entre todas las ciudades analizadas<\/strong>.<\/p>\n<p><em>Hoy nos ponemos en marcha dirigi\u00e9ndose a los partidos que conformar\u00e1n el consistorio para abrir canales de interlocuci\u00f3n reales sobre el tema y convoc\u00e1ndolos a participar de los avances que la sociedad civil organizada est\u00e1 logrando en este \u00e1mbito. Queremos saber si est\u00e1n dispuestos a trabajar en una gobernanza digital de la ciudad adaptada a los tiempos que vivimos, es decir, trabajar con los actores competentes sobre el tema con modelos multistakeholders (multi actor) propios de la era digital.<\/em><\/p>\n<p>Se trata de un grupo informal de afinidad creado por activistas y especialistas en temas digitales que se conocen desde hace tiempo por haber compartido estrechamente luchas en el \u00e1mbito de la defensa de internet y de la innovaci\u00f3n digital.<\/p>\n<p>El grupo se constituy\u00f3 partiendo de la consideraci\u00f3n de que, aunque la era digital es la era en la que vivimos, lo digital tiene un espacio de segunda categor\u00eda tanto en los programas electorales, como despu\u00e9s en las pol\u00edticas. Se considera una cuesti\u00f3n residual en lugar de tratarla como algo inherente en absolutamente todas las tem\u00e1ticas. Esto suele derivar en <strong>pol\u00edticas basadas en lugares comunes inadecuados y \/ o hiperactuaciones igualmente peligrosas, creando un agravio en t\u00e9rminos de actualizaci\u00f3n, innovaci\u00f3n y renovaci\u00f3n del contexto, que perjudica las posibilidades, oportunidades y derechos de toda la poblaci\u00f3n<\/strong>.<\/p>\n<p>El n\u00facleo ejecutivo y promotor del Grupo est\u00e1 formado por personas de diversas sensibilidades entre las que se encuentran <strong>Simona Levi y Xnet, Artur Serra, Ramon Roca (Activista de las redes de telecomunicaciones abiertas y desarrollo de ecosistema de comunes con guifi.net), Mara Ballestrini, Javi Creus, Gen\u00eds Roca, Albert Ca\u00f1igueral, Ignasi Labastida, Ana Mar\u00eda M\u00e9ndez (de Traxctore), Jaron Rowan, Maddalena Falzoni (CEO de Maadix)<\/strong> y se han repartido las tareas por \u00e1mbitos de competencias: <strong>derechos, legislaci\u00f3n, gobernanza, tecnolog\u00eda, \u00e9tica de la tecnolog\u00eda, infraestructuras, investigaci\u00f3n, empresa, administraci\u00f3n, cultura, conocimiento y educaci\u00f3n<\/strong>.<\/p>\n<p>Este n\u00facleo se coordina con una <strong>amplia red de actualmente una treintena de personas<\/strong> tambi\u00e9n hist\u00f3ricamente involucradas en las luchas de \u00e1mbito digital. La idea es tener un <em>core<\/em> \u00e1gil, pero <strong>que integre y haga visible las acciones y opiniones del ecosistema activo en la ciudad, y tambi\u00e9n para influir de manera intensa<\/strong>, proactiva y positiva en las pol\u00edticas digitales de la ciudad de Barcelona y de su futuro consistorio.<br \/>\n<strong><br \/>\n<span style=\"text-decoration:underline\">Cada pol\u00edtica ya tiene personas en la sociedad civil que se ocupan de ella desde la perspectiva de lo digital y sus derechos. Para cada una de ellas el Grupo quiere hacer llegar al consistorio y los partidos, reflexiones y propuestas sobre cu\u00e1l es la mejor manera de abordarla y qu\u00e9 personas podr\u00edan ser competentes para ello<\/span><\/strong>, con la ambici\u00f3n de que estas propuestas y sugerencias sean tomadas seriamente en consideraci\u00f3n.<\/p>\n<p>Por todo ello, os pedimos una cita urgente para empezar a trabajar en la buena direcci\u00f3n.<\/p>\n<p>cordialmente,<br \/>\nGCPD de Barcelona<br \/>\n&nbsp;<\/p>\n<p><a href=\"https:\/\/www.lavanguardia.com\/politica\/20190708\/463356333107\/constituyen-un-grupo-ciudadano-para-impulsar-politicas-digitales-en-barcelona.html\" rel=\"noopener noreferrer\" target=\"_blank\">https:\/\/www.lavanguardia.com\/politica\/20190708\/463356333107\/constituyen-un-grupo-ciudadano-para-impulsar-politicas-digitales-en-barcelona.html<\/a><\/p>\n<p><\/p>","protected":false},"excerpt":{"rendered":"<p>Se constituye el Grupo Ciudadano de Pol\u00edticas Digitales de Barcelona (GCPD) enviando una carta a los partidos que conforman el consistorio #Pol\u00edtiquesDigitals<\/p>\n","protected":false},"author":15,"featured_media":17108,"comment_status":"closed","ping_status":"closed","sticky":false,"template":"","format":"standard","meta":{"footnotes":""},"categories":[52],"tags":[],"class_list":["post-17091","post","type-post","status-publish","format-standard","has-post-thumbnail","hentry","category-blog","ejes-luchas-por-las-libertades-civiles","servicios-recomendaciones-de-politicas"],"yoast_head":"<!-- This site is optimized with the Yoast SEO plugin v26.7 - https:\/\/yoast.com\/wordpress\/plugins\/seo\/ -->\n<title>Se constituye el Grupo Ciudadano de Pol\u00edticas Digitales de Barcelona<\/title>\n<meta name=\"description\" content=\"Se constituye el Grupo Ciudadano de Pol\u00edticas Digitales de Barcelona (GCPD) enviando una carta a los partidos que conforman el consistorio\" \/>\n<meta name=\"robots\" content=\"index, follow, max-snippet:-1, max-image-preview:large, max-video-preview:-1\" \/>\n<link rel=\"canonical\" href=\"https:\/\/dev.xnet-x.net\/es\/se-constituye-grupo-ciudadano-politicas-digitales-barcelona\/\" \/>\n<meta name=\"twitter:label1\" content=\"Escrito por\" \/>\n\t<meta name=\"twitter:data1\" content=\"Xnet\" \/>\n\t<meta name=\"twitter:label2\" content=\"Tiempo de lectura\" \/>\n\t<meta name=\"twitter:data2\" content=\"6 minutos\" \/>\n<script type=\"application\/ld+json\" class=\"yoast-schema-graph\">{\"@context\":\"https:\/\/schema.org\",\"@graph\":[{\"@type\":\"Article\",\"@id\":\"https:\/\/dev.xnet-x.net\/es\/se-constituye-grupo-ciudadano-politicas-digitales-barcelona\/#article\",\"isPartOf\":{\"@id\":\"https:\/\/dev.xnet-x.net\/es\/se-constituye-grupo-ciudadano-politicas-digitales-barcelona\/\"},\"author\":{\"name\":\"Xnet\",\"@id\":\"https:\/\/dev.xnet-x.net\/es\/#\/schema\/person\/02880890b95968f2b3bd4cfd79843d49\"},\"headline\":\"Se constituye el Grupo Ciudadano de Pol\u00edticas Digitales de Barcelona\",\"datePublished\":\"2019-07-09T13:00:04+00:00\",\"dateModified\":\"2021-09-08T10:59:54+00:00\",\"mainEntityOfPage\":{\"@id\":\"https:\/\/dev.xnet-x.net\/es\/se-constituye-grupo-ciudadano-politicas-digitales-barcelona\/\"},\"wordCount\":1327,\"publisher\":{\"@id\":\"https:\/\/dev.xnet-x.net\/es\/#organization\"},\"image\":{\"@id\":\"https:\/\/dev.xnet-x.net\/es\/se-constituye-grupo-ciudadano-politicas-digitales-barcelona\/#primaryimage\"},\"thumbnailUrl\":\"https:\/\/dev.xnet-x.net\/img\/gcpd-barcelona-img.jpg\",\"articleSection\":[\"Blog - Nuestras acciones\"],\"inLanguage\":\"es\"},{\"@type\":\"WebPage\",\"@id\":\"https:\/\/dev.xnet-x.net\/es\/se-constituye-grupo-ciudadano-politicas-digitales-barcelona\/\",\"url\":\"https:\/\/dev.xnet-x.net\/es\/se-constituye-grupo-ciudadano-politicas-digitales-barcelona\/\",\"name\":\"Se constituye el Grupo Ciudadano de Pol\u00edticas Digitales de Barcelona\",\"isPartOf\":{\"@id\":\"https:\/\/dev.xnet-x.net\/es\/#website\"},\"primaryImageOfPage\":{\"@id\":\"https:\/\/dev.xnet-x.net\/es\/se-constituye-grupo-ciudadano-politicas-digitales-barcelona\/#primaryimage\"},\"image\":{\"@id\":\"https:\/\/dev.xnet-x.net\/es\/se-constituye-grupo-ciudadano-politicas-digitales-barcelona\/#primaryimage\"},\"thumbnailUrl\":\"https:\/\/dev.xnet-x.net\/img\/gcpd-barcelona-img.jpg\",\"datePublished\":\"2019-07-09T13:00:04+00:00\",\"dateModified\":\"2021-09-08T10:59:54+00:00\",\"description\":\"Se constituye el Grupo Ciudadano de Pol\u00edticas Digitales de Barcelona (GCPD) enviando una carta a los partidos que conforman el consistorio\",\"breadcrumb\":{\"@id\":\"https:\/\/dev.xnet-x.net\/es\/se-constituye-grupo-ciudadano-politicas-digitales-barcelona\/#breadcrumb\"},\"inLanguage\":\"es\",\"potentialAction\":[{\"@type\":\"ReadAction\",\"target\":[[\"https:\/\/dev.xnet-x.net\/es\/se-constituye-grupo-ciudadano-politicas-digitales-barcelona\/\"]]}]},{\"@type\":\"ImageObject\",\"inLanguage\":\"es\",\"@id\":\"https:\/\/dev.xnet-x.net\/es\/se-constituye-grupo-ciudadano-politicas-digitales-barcelona\/#primaryimage\",\"url\":\"https:\/\/dev.xnet-x.net\/img\/gcpd-barcelona-img.jpg\",\"contentUrl\":\"https:\/\/dev.xnet-x.net\/img\/gcpd-barcelona-img.jpg\",\"width\":945,\"height\":393,\"caption\":\"gcpd-barcelona-img\"},{\"@type\":\"BreadcrumbList\",\"@id\":\"https:\/\/dev.xnet-x.net\/es\/se-constituye-grupo-ciudadano-politicas-digitales-barcelona\/#breadcrumb\",\"itemListElement\":[{\"@type\":\"ListItem\",\"position\":1,\"name\":\"Portada\",\"item\":\"https:\/\/dev.xnet-x.net\/es\/\"},{\"@type\":\"ListItem\",\"position\":2,\"name\":\"Se constituye el Grupo Ciudadano de Pol\u00edticas Digitales de Barcelona\"}]},{\"@type\":\"WebSite\",\"@id\":\"https:\/\/dev.xnet-x.net\/es\/#website\",\"url\":\"https:\/\/dev.xnet-x.net\/es\/\",\"name\":\"[:es]Xnet - Internet, derechos y democracia en la era digital[:ca]Xnet - Internet, drets i democr\u00e0cia en l'era digital[:en]Xnet - Internet freedoms & digital rights[:]\",\"description\":\"Xnet: Internet, informaci\u00f3n y cultura libres. Tecnopol\u00edtica. Datos, algoritmos y derechos digitales. Libertad de expresi\u00f3n. Democracia y anticorrupci\u00f3n\",\"publisher\":{\"@id\":\"https:\/\/dev.xnet-x.net\/es\/#organization\"},\"potentialAction\":[{\"@type\":\"SearchAction\",\"target\":{\"@type\":\"EntryPoint\",\"urlTemplate\":\"https:\/\/dev.xnet-x.net\/es\/?s={search_term_string}\"},\"query-input\":{\"@type\":\"PropertyValueSpecification\",\"valueRequired\":true,\"valueName\":\"search_term_string\"}}],\"inLanguage\":\"es\"},{\"@type\":\"Organization\",\"@id\":\"https:\/\/dev.xnet-x.net\/es\/#organization\",\"name\":\"Xnet - Internet, derechos y democracia en la era digital\",\"url\":\"https:\/\/dev.xnet-x.net\/es\/\",\"logo\":{\"@type\":\"ImageObject\",\"inLanguage\":\"es\",\"@id\":\"https:\/\/dev.xnet-x.net\/es\/#\/schema\/logo\/image\/\",\"url\":\"https:\/\/xnet-x.net\/img\/xnet-logo.png\",\"contentUrl\":\"https:\/\/xnet-x.net\/img\/xnet-logo.png\",\"width\":512,\"height\":512,\"caption\":\"Xnet - Internet, derechos y democracia en la era digital\"},\"image\":{\"@id\":\"https:\/\/dev.xnet-x.net\/es\/#\/schema\/logo\/image\/\"},\"sameAs\":[\"http:\/\/facebook.com\/RedX.Net\/\",\"https:\/\/x.com\/x_net_\",\"https:\/\/es.wikipedia.org\/wiki\/Xnet\"]},{\"@type\":\"Person\",\"@id\":\"https:\/\/dev.xnet-x.net\/es\/#\/schema\/person\/02880890b95968f2b3bd4cfd79843d49\",\"name\":\"Xnet\",\"image\":{\"@type\":\"ImageObject\",\"inLanguage\":\"es\",\"@id\":\"https:\/\/dev.xnet-x.net\/es\/#\/schema\/person\/image\/\",\"url\":\"https:\/\/secure.gravatar.com\/avatar\/41a61c327d24125228571dadd14748b0afd881e633e6e61518dacc4fef53cc93?s=96&d=mm&r=g\",\"contentUrl\":\"https:\/\/secure.gravatar.com\/avatar\/41a61c327d24125228571dadd14748b0afd881e633e6e61518dacc4fef53cc93?s=96&d=mm&r=g\",\"caption\":\"Xnet\"}}]}<\/script>\n<!-- \/ Yoast SEO plugin. -->","yoast_head_json":{"title":"Se constituye el Grupo Ciudadano de Pol\u00edticas Digitales de Barcelona","description":"Se constituye el Grupo Ciudadano de Pol\u00edticas Digitales de Barcelona (GCPD) enviando una carta a los partidos que conforman el consistorio","robots":{"index":"index","follow":"follow","max-snippet":"max-snippet:-1","max-image-preview":"max-image-preview:large","max-video-preview":"max-video-preview:-1"},"canonical":"https:\/\/dev.xnet-x.net\/es\/se-constituye-grupo-ciudadano-politicas-digitales-barcelona\/","twitter_misc":{"Escrito por":"Xnet","Tiempo de lectura":"6 minutos"},"schema":{"@context":"https:\/\/schema.org","@graph":[{"@type":"Article","@id":"https:\/\/dev.xnet-x.net\/es\/se-constituye-grupo-ciudadano-politicas-digitales-barcelona\/#article","isPartOf":{"@id":"https:\/\/dev.xnet-x.net\/es\/se-constituye-grupo-ciudadano-politicas-digitales-barcelona\/"},"author":{"name":"Xnet","@id":"https:\/\/dev.xnet-x.net\/es\/#\/schema\/person\/02880890b95968f2b3bd4cfd79843d49"},"headline":"Se constituye el Grupo Ciudadano de Pol\u00edticas Digitales de Barcelona","datePublished":"2019-07-09T13:00:04+00:00","dateModified":"2021-09-08T10:59:54+00:00","mainEntityOfPage":{"@id":"https:\/\/dev.xnet-x.net\/es\/se-constituye-grupo-ciudadano-politicas-digitales-barcelona\/"},"wordCount":1327,"publisher":{"@id":"https:\/\/dev.xnet-x.net\/es\/#organization"},"image":{"@id":"https:\/\/dev.xnet-x.net\/es\/se-constituye-grupo-ciudadano-politicas-digitales-barcelona\/#primaryimage"},"thumbnailUrl":"https:\/\/dev.xnet-x.net\/img\/gcpd-barcelona-img.jpg","articleSection":["Blog - Nuestras acciones"],"inLanguage":"es"},{"@type":"WebPage","@id":"https:\/\/dev.xnet-x.net\/es\/se-constituye-grupo-ciudadano-politicas-digitales-barcelona\/","url":"https:\/\/dev.xnet-x.net\/es\/se-constituye-grupo-ciudadano-politicas-digitales-barcelona\/","name":"Se constituye el Grupo Ciudadano de Pol\u00edticas Digitales de Barcelona","isPartOf":{"@id":"https:\/\/dev.xnet-x.net\/es\/#website"},"primaryImageOfPage":{"@id":"https:\/\/dev.xnet-x.net\/es\/se-constituye-grupo-ciudadano-politicas-digitales-barcelona\/#primaryimage"},"image":{"@id":"https:\/\/dev.xnet-x.net\/es\/se-constituye-grupo-ciudadano-politicas-digitales-barcelona\/#primaryimage"},"thumbnailUrl":"https:\/\/dev.xnet-x.net\/img\/gcpd-barcelona-img.jpg","datePublished":"2019-07-09T13:00:04+00:00","dateModified":"2021-09-08T10:59:54+00:00","description":"Se constituye el Grupo Ciudadano de Pol\u00edticas Digitales de Barcelona (GCPD) enviando una carta a los partidos que conforman el consistorio","breadcrumb":{"@id":"https:\/\/dev.xnet-x.net\/es\/se-constituye-grupo-ciudadano-politicas-digitales-barcelona\/#breadcrumb"},"inLanguage":"es","potentialAction":[{"@type":"ReadAction","target":[["https:\/\/dev.xnet-x.net\/es\/se-constituye-grupo-ciudadano-politicas-digitales-barcelona\/"]]}]},{"@type":"ImageObject","inLanguage":"es","@id":"https:\/\/dev.xnet-x.net\/es\/se-constituye-grupo-ciudadano-politicas-digitales-barcelona\/#primaryimage","url":"https:\/\/dev.xnet-x.net\/img\/gcpd-barcelona-img.jpg","contentUrl":"https:\/\/dev.xnet-x.net\/img\/gcpd-barcelona-img.jpg","width":945,"height":393,"caption":"gcpd-barcelona-img"},{"@type":"BreadcrumbList","@id":"https:\/\/dev.xnet-x.net\/es\/se-constituye-grupo-ciudadano-politicas-digitales-barcelona\/#breadcrumb","itemListElement":[{"@type":"ListItem","position":1,"name":"Portada","item":"https:\/\/dev.xnet-x.net\/es\/"},{"@type":"ListItem","position":2,"name":"Se constituye el Grupo Ciudadano de Pol\u00edticas Digitales de Barcelona"}]},{"@type":"WebSite","@id":"https:\/\/dev.xnet-x.net\/es\/#website","url":"https:\/\/dev.xnet-x.net\/es\/","name":"[:es]Xnet - Internet, derechos y democracia en la era digital[:ca]Xnet - Internet, drets i democr\u00e0cia en l'era digital[:en]Xnet - Internet freedoms & digital rights[:]","description":"Xnet: Internet, informaci\u00f3n y cultura libres. Tecnopol\u00edtica. Datos, algoritmos y derechos digitales. Libertad de expresi\u00f3n. Democracia y anticorrupci\u00f3n","publisher":{"@id":"https:\/\/dev.xnet-x.net\/es\/#organization"},"potentialAction":[{"@type":"SearchAction","target":{"@type":"EntryPoint","urlTemplate":"https:\/\/dev.xnet-x.net\/es\/?s={search_term_string}"},"query-input":{"@type":"PropertyValueSpecification","valueRequired":true,"valueName":"search_term_string"}}],"inLanguage":"es"},{"@type":"Organization","@id":"https:\/\/dev.xnet-x.net\/es\/#organization","name":"Xnet - Internet, derechos y democracia en la era digital","url":"https:\/\/dev.xnet-x.net\/es\/","logo":{"@type":"ImageObject","inLanguage":"es","@id":"https:\/\/dev.xnet-x.net\/es\/#\/schema\/logo\/image\/","url":"https:\/\/xnet-x.net\/img\/xnet-logo.png","contentUrl":"https:\/\/xnet-x.net\/img\/xnet-logo.png","width":512,"height":512,"caption":"Xnet - Internet, derechos y democracia en la era digital"},"image":{"@id":"https:\/\/dev.xnet-x.net\/es\/#\/schema\/logo\/image\/"},"sameAs":["http:\/\/facebook.com\/RedX.Net\/","https:\/\/x.com\/x_net_","https:\/\/es.wikipedia.org\/wiki\/Xnet"]},{"@type":"Person","@id":"https:\/\/dev.xnet-x.net\/es\/#\/schema\/person\/02880890b95968f2b3bd4cfd79843d49","name":"Xnet","image":{"@type":"ImageObject","inLanguage":"es","@id":"https:\/\/dev.xnet-x.net\/es\/#\/schema\/person\/image\/","url":"https:\/\/secure.gravatar.com\/avatar\/41a61c327d24125228571dadd14748b0afd881e633e6e61518dacc4fef53cc93?s=96&d=mm&r=g","contentUrl":"https:\/\/secure.gravatar.com\/avatar\/41a61c327d24125228571dadd14748b0afd881e633e6e61518dacc4fef53cc93?s=96&d=mm&r=g","caption":"Xnet"}}]}},"_links":{"self":[{"href":"https:\/\/dev.xnet-x.net\/es\/wp-json\/wp\/v2\/posts\/17091","targetHints":{"allow":["GET"]}}],"collection":[{"href":"https:\/\/dev.xnet-x.net\/es\/wp-json\/wp\/v2\/posts"}],"about":[{"href":"https:\/\/dev.xnet-x.net\/es\/wp-json\/wp\/v2\/types\/post"}],"author":[{"embeddable":true,"href":"https:\/\/dev.xnet-x.net\/es\/wp-json\/wp\/v2\/users\/15"}],"replies":[{"embeddable":true,"href":"https:\/\/dev.xnet-x.net\/es\/wp-json\/wp\/v2\/comments?post=17091"}],"version-history":[{"count":16,"href":"https:\/\/dev.xnet-x.net\/es\/wp-json\/wp\/v2\/posts\/17091\/revisions"}],"predecessor-version":[{"id":19075,"href":"https:\/\/dev.xnet-x.net\/es\/wp-json\/wp\/v2\/posts\/17091\/revisions\/19075"}],"wp:featuredmedia":[{"embeddable":true,"href":"https:\/\/dev.xnet-x.net\/es\/wp-json\/wp\/v2\/media\/17108"}],"wp:attachment":[{"href":"https:\/\/dev.xnet-x.net\/es\/wp-json\/wp\/v2\/media?parent=17091"}],"wp:term":[{"taxonomy":"category","embeddable":true,"href":"https:\/\/dev.xnet-x.net\/es\/wp-json\/wp\/v2\/categories?post=17091"},{"taxonomy":"post_tag","embeddable":true,"href":"https:\/\/dev.xnet-x.net\/es\/wp-json\/wp\/v2\/tags?post=17091"}],"curies":[{"name":"wp","href":"https:\/\/api.w.org\/{rel}","templated":true}]}}