{"id":16645,"date":"2019-04-15T12:50:20","date_gmt":"2019-04-15T10:50:20","guid":{"rendered":"https:\/\/xnet-x.net\/?p=16645"},"modified":"2021-09-03T12:23:57","modified_gmt":"2021-09-03T10:23:57","slug":"xnet-sobre-la-aprobacion-directiva-europea-de-proteccion-de-alertadores","status":"publish","type":"post","link":"https:\/\/dev.xnet-x.net\/es\/xnet-aprobacion-directiva-europea-proteccion-alertadores\/","title":{"rendered":"Xnet sobre la aprobaci\u00f3n Directiva Europea de Protecci\u00f3n de alertadores"},"content":{"rendered":"<p>Xnet <strong>celebra la aprobaci\u00f3n de la nueva directiva europea de protecci\u00f3n de alertadores, cuya \u00faltima versi\u00f3n contiene muchas de las enmiendas propuestas por Xnet<\/strong> ( <a href=\"https:\/\/xnet-x.net\/aceptadas-nuestras-enmiendas-en-defensa-alertadores-whistelblowers\/\" rel=\"noopener noreferrer\" target=\"_blank\">https:\/\/xnet-x.net\/aceptadas-nuestras-enmiendas-en-defensa-alertadores-whistelblowers\/<\/a> ) y por las organizaciones y plataformas de las que Xnet es miembro activo (Whistleblower International Network) y cuya presi\u00f3n ha sido fundamental en la elaboraci\u00f3n de una directiva que proteja la integridad de una figura clave en la lucha contra el abuso de poder y la corrupci\u00f3n.<\/p>\n<p>Entre dichas enmiendas cabe destacar <strong>el reconocimiento del anonimato del denunciante, inmunidad en la obtenci\u00f3n de la informaci\u00f3n por parte del alertador<\/strong>, o el hecho de que \u00e9ste <strong>pueda elegir canales internos o externos de denuncia<\/strong> dependiendo de las circunstancias concretas. Cabe recalcar que este avance hace de <strong>los buzones de denuncia an\u00f3nimos y seguros de los que Xnet es pionera<\/strong> ( <a href=\"https:\/\/xnet-x.net\/buzon-denuncias-anonimas-ciudad-barcelona-bustia-etica\/\" rel=\"noopener noreferrer\" target=\"_blank\">https:\/\/xnet-x.net\/buzon-denuncias-anonimas-ciudad-barcelona-bustia-etica\/<\/a> ) en su uso adem\u00e1s de su implementaci\u00f3n en las instituciones unas herramientas esenciales para cumplir plenamente con los objetivos de la directiva. <\/p>\n<p>Xnet alerta, sin embargo, de que la directiva <strong>deja en situaci\u00f3n de vulnerabilidad a los intermediarios y en parte a la prensa<\/strong>, un aspecto que habr\u00e1 que pelear en la <strong>transposici\u00f3n de la directiva europea al marco legislativo espa\u00f1ol<\/strong>. <\/p>\n<p>Por \u00faltimo, Xnet subraya que <strong>esta directiva invalida la propuesta de ley sobre esta cuesti\u00f3n a tr\u00e1mite en el Congreso de los Diputados<\/strong> espa\u00f1ol, propuesta de ley que en su momento <strong>Xnet desenmascar\u00f3 y enmend\u00f3<\/strong> ( <a href=\"https:\/\/xnet-x.net\/proposicion-ley-proteccion-denunciante-vuelve-la-stasi\/\" rel=\"noopener noreferrer\" target=\"_blank\">https:\/\/xnet-x.net\/proposicion-ley-proteccion-denunciante-vuelve-la-stasi\/<\/a> ), mientras demuestra <strong>la gran vigencia de la plantilla de ley creada por la propia Xnet<\/strong> ( <a href=\"https:\/\/xnet-x.net\/proposicion-ley-proteccion-integral-alertadores\/\" rel=\"noopener noreferrer\" target=\"_blank\">https:\/\/xnet-x.net\/proposicion-ley-proteccion-integral-alertadores\/<\/a> ) y que recoge todos los objetivos y avances de la directiva. <\/p>\n<p>Xnet es una <strong>organizaci\u00f3n pionera en Espa\u00f1a en la defensa de los derechos de los alertadores y en la creaci\u00f3n de canales an\u00f3nimos de denuncia<\/strong>. Es autora del <strong>borrador \/ plantilla de ley de protecci\u00f3n de alertadores<\/strong> que ha inspirado, se ha utilizado y ha dado forma a legislaciones y enmiendas a escalas auton\u00f3mica, estatal y europea, desde las proposici\u00f3n de ley de los alertadores del Parlamento de Catalunya o la de ley de alertas ciudadanas del Parlamento Vasco hasta la presente directiva. Xnet es igualmente responsable de la <strong>implementaci\u00f3n de buzones an\u00f3nimos de denuncia<\/strong> en administraciones e instituciones de toda Espa\u00f1a, empezando por el Ayuntamiento de Barcelona, que fue el primer buz\u00f3n an\u00f3nimo gubernamental en utilizar tecnolog\u00edas de anonimato como TOR.<\/p>\n<p><\/p>","protected":false},"excerpt":{"rendered":"<p>.@X_net_ celebra la aprobaci\u00f3n de la nueva Directiva Europea de Protecci\u00f3n de #Alertadores #Denunciantes #Whistleblowers por la lucha contra la corrupci\u00f3n, que contiene muchas enmiendas que propusimos<\/p>\n","protected":false},"author":15,"featured_media":16652,"comment_status":"closed","ping_status":"closed","sticky":false,"template":"","format":"standard","meta":{"footnotes":""},"categories":[52],"tags":[],"class_list":["post-16645","post","type-post","status-publish","format-standard","has-post-thumbnail","hentry","category-blog","ejes-anticorrupcion","ejes-libertad-expresion-informacion"],"yoast_head":"<!-- This site is optimized with the Yoast SEO plugin v26.7 - https:\/\/yoast.com\/wordpress\/plugins\/seo\/ -->\n<title>Aprobaci\u00f3n de Directiva Europea de Protecci\u00f3n de Alertadores<\/title>\n<meta name=\"description\" content=\"Celebramos la aprobaci\u00f3n de la nueva directiva europea de protecci\u00f3n de alertadores y denunciantes de corrupci\u00f3n que contiene muchas de nuestras enmiendas.\" \/>\n<meta name=\"robots\" content=\"index, follow, max-snippet:-1, max-image-preview:large, max-video-preview:-1\" \/>\n<link rel=\"canonical\" href=\"https:\/\/dev.xnet-x.net\/es\/xnet-aprobacion-directiva-europea-proteccion-alertadores\/\" \/>\n<meta name=\"twitter:label1\" content=\"Escrito por\" \/>\n\t<meta name=\"twitter:data1\" content=\"Xnet\" \/>\n\t<meta name=\"twitter:label2\" content=\"Tiempo de lectura\" \/>\n\t<meta name=\"twitter:data2\" content=\"2 minutos\" \/>\n<script type=\"application\/ld+json\" class=\"yoast-schema-graph\">{\"@context\":\"https:\/\/schema.org\",\"@graph\":[{\"@type\":\"Article\",\"@id\":\"https:\/\/dev.xnet-x.net\/es\/xnet-aprobacion-directiva-europea-proteccion-alertadores\/#article\",\"isPartOf\":{\"@id\":\"https:\/\/dev.xnet-x.net\/es\/xnet-aprobacion-directiva-europea-proteccion-alertadores\/\"},\"author\":{\"name\":\"Xnet\",\"@id\":\"https:\/\/dev.xnet-x.net\/es\/#\/schema\/person\/02880890b95968f2b3bd4cfd79843d49\"},\"headline\":\"Xnet sobre la aprobaci\u00f3n Directiva Europea de Protecci\u00f3n de alertadores\",\"datePublished\":\"2019-04-15T10:50:20+00:00\",\"dateModified\":\"2021-09-03T10:23:57+00:00\",\"mainEntityOfPage\":{\"@id\":\"https:\/\/dev.xnet-x.net\/es\/xnet-aprobacion-directiva-europea-proteccion-alertadores\/\"},\"wordCount\":448,\"publisher\":{\"@id\":\"https:\/\/dev.xnet-x.net\/es\/#organization\"},\"image\":{\"@id\":\"https:\/\/dev.xnet-x.net\/es\/xnet-aprobacion-directiva-europea-proteccion-alertadores\/#primaryimage\"},\"thumbnailUrl\":\"https:\/\/dev.xnet-x.net\/img\/xnet-aprobacion-directiva-europea-proteccion-alertadores.jpg\",\"articleSection\":[\"Blog - Nuestras acciones\"],\"inLanguage\":\"es\"},{\"@type\":\"WebPage\",\"@id\":\"https:\/\/dev.xnet-x.net\/es\/xnet-aprobacion-directiva-europea-proteccion-alertadores\/\",\"url\":\"https:\/\/dev.xnet-x.net\/es\/xnet-aprobacion-directiva-europea-proteccion-alertadores\/\",\"name\":\"Aprobaci\u00f3n de Directiva Europea de Protecci\u00f3n de Alertadores\",\"isPartOf\":{\"@id\":\"https:\/\/dev.xnet-x.net\/es\/#website\"},\"primaryImageOfPage\":{\"@id\":\"https:\/\/dev.xnet-x.net\/es\/xnet-aprobacion-directiva-europea-proteccion-alertadores\/#primaryimage\"},\"image\":{\"@id\":\"https:\/\/dev.xnet-x.net\/es\/xnet-aprobacion-directiva-europea-proteccion-alertadores\/#primaryimage\"},\"thumbnailUrl\":\"https:\/\/dev.xnet-x.net\/img\/xnet-aprobacion-directiva-europea-proteccion-alertadores.jpg\",\"datePublished\":\"2019-04-15T10:50:20+00:00\",\"dateModified\":\"2021-09-03T10:23:57+00:00\",\"description\":\"Celebramos la aprobaci\u00f3n de la nueva directiva europea de protecci\u00f3n de alertadores y denunciantes de corrupci\u00f3n que contiene muchas de nuestras enmiendas.\",\"breadcrumb\":{\"@id\":\"https:\/\/dev.xnet-x.net\/es\/xnet-aprobacion-directiva-europea-proteccion-alertadores\/#breadcrumb\"},\"inLanguage\":\"es\",\"potentialAction\":[{\"@type\":\"ReadAction\",\"target\":[[\"https:\/\/dev.xnet-x.net\/es\/xnet-aprobacion-directiva-europea-proteccion-alertadores\/\"]]}]},{\"@type\":\"ImageObject\",\"inLanguage\":\"es\",\"@id\":\"https:\/\/dev.xnet-x.net\/es\/xnet-aprobacion-directiva-europea-proteccion-alertadores\/#primaryimage\",\"url\":\"https:\/\/dev.xnet-x.net\/img\/xnet-aprobacion-directiva-europea-proteccion-alertadores.jpg\",\"contentUrl\":\"https:\/\/dev.xnet-x.net\/img\/xnet-aprobacion-directiva-europea-proteccion-alertadores.jpg\",\"width\":838,\"height\":420,\"caption\":\"xnet-aprobacion-directiva-europea-proteccion-alertadores-img\"},{\"@type\":\"BreadcrumbList\",\"@id\":\"https:\/\/dev.xnet-x.net\/es\/xnet-aprobacion-directiva-europea-proteccion-alertadores\/#breadcrumb\",\"itemListElement\":[{\"@type\":\"ListItem\",\"position\":1,\"name\":\"Portada\",\"item\":\"https:\/\/dev.xnet-x.net\/es\/\"},{\"@type\":\"ListItem\",\"position\":2,\"name\":\"Xnet sobre la aprobaci\u00f3n Directiva Europea de Protecci\u00f3n de alertadores\"}]},{\"@type\":\"WebSite\",\"@id\":\"https:\/\/dev.xnet-x.net\/es\/#website\",\"url\":\"https:\/\/dev.xnet-x.net\/es\/\",\"name\":\"[:es]Xnet - Internet, derechos y democracia en la era digital[:ca]Xnet - Internet, drets i democr\u00e0cia en l'era digital[:en]Xnet - Internet freedoms & digital rights[:]\",\"description\":\"Xnet: Internet, informaci\u00f3n y cultura libres. Tecnopol\u00edtica. Datos, algoritmos y derechos digitales. Libertad de expresi\u00f3n. Democracia y anticorrupci\u00f3n\",\"publisher\":{\"@id\":\"https:\/\/dev.xnet-x.net\/es\/#organization\"},\"potentialAction\":[{\"@type\":\"SearchAction\",\"target\":{\"@type\":\"EntryPoint\",\"urlTemplate\":\"https:\/\/dev.xnet-x.net\/es\/?s={search_term_string}\"},\"query-input\":{\"@type\":\"PropertyValueSpecification\",\"valueRequired\":true,\"valueName\":\"search_term_string\"}}],\"inLanguage\":\"es\"},{\"@type\":\"Organization\",\"@id\":\"https:\/\/dev.xnet-x.net\/es\/#organization\",\"name\":\"Xnet - Internet, derechos y democracia en la era digital\",\"url\":\"https:\/\/dev.xnet-x.net\/es\/\",\"logo\":{\"@type\":\"ImageObject\",\"inLanguage\":\"es\",\"@id\":\"https:\/\/dev.xnet-x.net\/es\/#\/schema\/logo\/image\/\",\"url\":\"https:\/\/xnet-x.net\/img\/xnet-logo.png\",\"contentUrl\":\"https:\/\/xnet-x.net\/img\/xnet-logo.png\",\"width\":512,\"height\":512,\"caption\":\"Xnet - Internet, derechos y democracia en la era digital\"},\"image\":{\"@id\":\"https:\/\/dev.xnet-x.net\/es\/#\/schema\/logo\/image\/\"},\"sameAs\":[\"http:\/\/facebook.com\/RedX.Net\/\",\"https:\/\/x.com\/x_net_\",\"https:\/\/es.wikipedia.org\/wiki\/Xnet\"]},{\"@type\":\"Person\",\"@id\":\"https:\/\/dev.xnet-x.net\/es\/#\/schema\/person\/02880890b95968f2b3bd4cfd79843d49\",\"name\":\"Xnet\",\"image\":{\"@type\":\"ImageObject\",\"inLanguage\":\"es\",\"@id\":\"https:\/\/dev.xnet-x.net\/es\/#\/schema\/person\/image\/\",\"url\":\"https:\/\/secure.gravatar.com\/avatar\/41a61c327d24125228571dadd14748b0afd881e633e6e61518dacc4fef53cc93?s=96&d=mm&r=g\",\"contentUrl\":\"https:\/\/secure.gravatar.com\/avatar\/41a61c327d24125228571dadd14748b0afd881e633e6e61518dacc4fef53cc93?s=96&d=mm&r=g\",\"caption\":\"Xnet\"}}]}<\/script>\n<!-- \/ Yoast SEO plugin. -->","yoast_head_json":{"title":"Aprobaci\u00f3n de Directiva Europea de Protecci\u00f3n de Alertadores","description":"Celebramos la aprobaci\u00f3n de la nueva directiva europea de protecci\u00f3n de alertadores y denunciantes de corrupci\u00f3n que contiene muchas de nuestras enmiendas.","robots":{"index":"index","follow":"follow","max-snippet":"max-snippet:-1","max-image-preview":"max-image-preview:large","max-video-preview":"max-video-preview:-1"},"canonical":"https:\/\/dev.xnet-x.net\/es\/xnet-aprobacion-directiva-europea-proteccion-alertadores\/","twitter_misc":{"Escrito por":"Xnet","Tiempo de lectura":"2 minutos"},"schema":{"@context":"https:\/\/schema.org","@graph":[{"@type":"Article","@id":"https:\/\/dev.xnet-x.net\/es\/xnet-aprobacion-directiva-europea-proteccion-alertadores\/#article","isPartOf":{"@id":"https:\/\/dev.xnet-x.net\/es\/xnet-aprobacion-directiva-europea-proteccion-alertadores\/"},"author":{"name":"Xnet","@id":"https:\/\/dev.xnet-x.net\/es\/#\/schema\/person\/02880890b95968f2b3bd4cfd79843d49"},"headline":"Xnet sobre la aprobaci\u00f3n Directiva Europea de Protecci\u00f3n de alertadores","datePublished":"2019-04-15T10:50:20+00:00","dateModified":"2021-09-03T10:23:57+00:00","mainEntityOfPage":{"@id":"https:\/\/dev.xnet-x.net\/es\/xnet-aprobacion-directiva-europea-proteccion-alertadores\/"},"wordCount":448,"publisher":{"@id":"https:\/\/dev.xnet-x.net\/es\/#organization"},"image":{"@id":"https:\/\/dev.xnet-x.net\/es\/xnet-aprobacion-directiva-europea-proteccion-alertadores\/#primaryimage"},"thumbnailUrl":"https:\/\/dev.xnet-x.net\/img\/xnet-aprobacion-directiva-europea-proteccion-alertadores.jpg","articleSection":["Blog - Nuestras acciones"],"inLanguage":"es"},{"@type":"WebPage","@id":"https:\/\/dev.xnet-x.net\/es\/xnet-aprobacion-directiva-europea-proteccion-alertadores\/","url":"https:\/\/dev.xnet-x.net\/es\/xnet-aprobacion-directiva-europea-proteccion-alertadores\/","name":"Aprobaci\u00f3n de Directiva Europea de Protecci\u00f3n de Alertadores","isPartOf":{"@id":"https:\/\/dev.xnet-x.net\/es\/#website"},"primaryImageOfPage":{"@id":"https:\/\/dev.xnet-x.net\/es\/xnet-aprobacion-directiva-europea-proteccion-alertadores\/#primaryimage"},"image":{"@id":"https:\/\/dev.xnet-x.net\/es\/xnet-aprobacion-directiva-europea-proteccion-alertadores\/#primaryimage"},"thumbnailUrl":"https:\/\/dev.xnet-x.net\/img\/xnet-aprobacion-directiva-europea-proteccion-alertadores.jpg","datePublished":"2019-04-15T10:50:20+00:00","dateModified":"2021-09-03T10:23:57+00:00","description":"Celebramos la aprobaci\u00f3n de la nueva directiva europea de protecci\u00f3n de alertadores y denunciantes de corrupci\u00f3n que contiene muchas de nuestras enmiendas.","breadcrumb":{"@id":"https:\/\/dev.xnet-x.net\/es\/xnet-aprobacion-directiva-europea-proteccion-alertadores\/#breadcrumb"},"inLanguage":"es","potentialAction":[{"@type":"ReadAction","target":[["https:\/\/dev.xnet-x.net\/es\/xnet-aprobacion-directiva-europea-proteccion-alertadores\/"]]}]},{"@type":"ImageObject","inLanguage":"es","@id":"https:\/\/dev.xnet-x.net\/es\/xnet-aprobacion-directiva-europea-proteccion-alertadores\/#primaryimage","url":"https:\/\/dev.xnet-x.net\/img\/xnet-aprobacion-directiva-europea-proteccion-alertadores.jpg","contentUrl":"https:\/\/dev.xnet-x.net\/img\/xnet-aprobacion-directiva-europea-proteccion-alertadores.jpg","width":838,"height":420,"caption":"xnet-aprobacion-directiva-europea-proteccion-alertadores-img"},{"@type":"BreadcrumbList","@id":"https:\/\/dev.xnet-x.net\/es\/xnet-aprobacion-directiva-europea-proteccion-alertadores\/#breadcrumb","itemListElement":[{"@type":"ListItem","position":1,"name":"Portada","item":"https:\/\/dev.xnet-x.net\/es\/"},{"@type":"ListItem","position":2,"name":"Xnet sobre la aprobaci\u00f3n Directiva Europea de Protecci\u00f3n de alertadores"}]},{"@type":"WebSite","@id":"https:\/\/dev.xnet-x.net\/es\/#website","url":"https:\/\/dev.xnet-x.net\/es\/","name":"[:es]Xnet - Internet, derechos y democracia en la era digital[:ca]Xnet - Internet, drets i democr\u00e0cia en l'era digital[:en]Xnet - Internet freedoms & digital rights[:]","description":"Xnet: Internet, informaci\u00f3n y cultura libres. Tecnopol\u00edtica. Datos, algoritmos y derechos digitales. Libertad de expresi\u00f3n. Democracia y anticorrupci\u00f3n","publisher":{"@id":"https:\/\/dev.xnet-x.net\/es\/#organization"},"potentialAction":[{"@type":"SearchAction","target":{"@type":"EntryPoint","urlTemplate":"https:\/\/dev.xnet-x.net\/es\/?s={search_term_string}"},"query-input":{"@type":"PropertyValueSpecification","valueRequired":true,"valueName":"search_term_string"}}],"inLanguage":"es"},{"@type":"Organization","@id":"https:\/\/dev.xnet-x.net\/es\/#organization","name":"Xnet - Internet, derechos y democracia en la era digital","url":"https:\/\/dev.xnet-x.net\/es\/","logo":{"@type":"ImageObject","inLanguage":"es","@id":"https:\/\/dev.xnet-x.net\/es\/#\/schema\/logo\/image\/","url":"https:\/\/xnet-x.net\/img\/xnet-logo.png","contentUrl":"https:\/\/xnet-x.net\/img\/xnet-logo.png","width":512,"height":512,"caption":"Xnet - Internet, derechos y democracia en la era digital"},"image":{"@id":"https:\/\/dev.xnet-x.net\/es\/#\/schema\/logo\/image\/"},"sameAs":["http:\/\/facebook.com\/RedX.Net\/","https:\/\/x.com\/x_net_","https:\/\/es.wikipedia.org\/wiki\/Xnet"]},{"@type":"Person","@id":"https:\/\/dev.xnet-x.net\/es\/#\/schema\/person\/02880890b95968f2b3bd4cfd79843d49","name":"Xnet","image":{"@type":"ImageObject","inLanguage":"es","@id":"https:\/\/dev.xnet-x.net\/es\/#\/schema\/person\/image\/","url":"https:\/\/secure.gravatar.com\/avatar\/41a61c327d24125228571dadd14748b0afd881e633e6e61518dacc4fef53cc93?s=96&d=mm&r=g","contentUrl":"https:\/\/secure.gravatar.com\/avatar\/41a61c327d24125228571dadd14748b0afd881e633e6e61518dacc4fef53cc93?s=96&d=mm&r=g","caption":"Xnet"}}]}},"_links":{"self":[{"href":"https:\/\/dev.xnet-x.net\/es\/wp-json\/wp\/v2\/posts\/16645","targetHints":{"allow":["GET"]}}],"collection":[{"href":"https:\/\/dev.xnet-x.net\/es\/wp-json\/wp\/v2\/posts"}],"about":[{"href":"https:\/\/dev.xnet-x.net\/es\/wp-json\/wp\/v2\/types\/post"}],"author":[{"embeddable":true,"href":"https:\/\/dev.xnet-x.net\/es\/wp-json\/wp\/v2\/users\/15"}],"replies":[{"embeddable":true,"href":"https:\/\/dev.xnet-x.net\/es\/wp-json\/wp\/v2\/comments?post=16645"}],"version-history":[{"count":15,"href":"https:\/\/dev.xnet-x.net\/es\/wp-json\/wp\/v2\/posts\/16645\/revisions"}],"predecessor-version":[{"id":23157,"href":"https:\/\/dev.xnet-x.net\/es\/wp-json\/wp\/v2\/posts\/16645\/revisions\/23157"}],"wp:featuredmedia":[{"embeddable":true,"href":"https:\/\/dev.xnet-x.net\/es\/wp-json\/wp\/v2\/media\/16652"}],"wp:attachment":[{"href":"https:\/\/dev.xnet-x.net\/es\/wp-json\/wp\/v2\/media?parent=16645"}],"wp:term":[{"taxonomy":"category","embeddable":true,"href":"https:\/\/dev.xnet-x.net\/es\/wp-json\/wp\/v2\/categories?post=16645"},{"taxonomy":"post_tag","embeddable":true,"href":"https:\/\/dev.xnet-x.net\/es\/wp-json\/wp\/v2\/tags?post=16645"}],"curies":[{"name":"wp","href":"https:\/\/api.w.org\/{rel}","templated":true}]}}