{"id":16561,"date":"2019-03-26T20:54:55","date_gmt":"2019-03-26T18:54:55","guid":{"rendered":"https:\/\/xnet-x.net\/?p=16561"},"modified":"2020-04-14T12:14:41","modified_gmt":"2020-04-14T10:14:41","slug":"dia-negro-para-los-derechos-civiles-en-la-era-digital","status":"publish","type":"post","link":"https:\/\/dev.xnet-x.net\/es\/dia-negro-para-derechos-civiles-en-era-digital\/","title":{"rendered":"D\u00eda negro para los derechos civiles en la era digital"},"content":{"rendered":"<p>    <\/p>\n<ul>\n<strong>D\u00e9ficit democr\u00e1tico<\/strong><\/ul>\n<p>La Aprobaci\u00f3n de la Directiva de Copyright no solo ha marcado  un d\u00eda negro para los derechos civiles en la era digital, sino tambi\u00e9n para la calidad democr\u00e1tica de las instituciones europeas. Es muy grave que la directiva m\u00e1s contestada no haya pasado de la primera ronda de votaciones, impidiendo que se pudiesen discutir las enmiendas que podr\u00edan haber corregido las partes m\u00e1s pol\u00e9micas de la directiva (art\u00edculo 11 y articulo 13)<br \/>\n&nbsp;<\/p>\n<ul>\n<strong>Esta aberraci\u00f3n no solo se ha aprobado gracias a los votos de PPSOE y C\u2019s que han apoyado la censura en internet; tambi\u00e9n gracias a las abstenciones y ausencias de eurodiputados de Izquierda Unida con un largo historial de no contradecir a los lobbies del copyright.<\/strong><\/ul>\n<p>Xnet subraya la sinton\u00eda, de nuevo, entre los eurodiputados del grupo socialista y el grupo popular en la euroc\u00e1mara, que han votado en bloque a favor de la directiva. Por otra parte, lamenta la ausencia sin explicaci\u00f3n hasta el momento de \u00c1ngela Vallina de Izquierda Unida en la votaci\u00f3n \u2013 que ya vot\u00f3 a favor de la censura en la anterior votaci\u00f3n tras apuntarse a la campa\u00f1a en contra y en estas, tras fotografiarse con activistas ingenuos, no se present\u00f3 \u2013 y la abstenci\u00f3n de Paloma L\u00f3pez Bermejo (jefe de grupo), ambas de Izquierda Unida, que tampoco se present\u00f3. Esto es muy grave teniendo en cuenta que la votaci\u00f3n que hubiera permitido revisar los articulos m\u00e1s polemicos se perdi\u00f3 por 5 votos.<br \/>\nEstefan\u00eda Torres Mart\u00ednez de Podemos tampoco asisti\u00f3 a la votaci\u00f3n sin que haya dado ning\u00fan tipo de explicaci\u00f3n. Albiol y Couso, tambi\u00e9n de Izquierda Unida s\u00ed honraron su palabra y votaron en contra.<br \/>\nAsimismo, celebramos el voto de los eurodiputados espa\u00f1oles que han votado en contra (ERC, ICV, Equo).<br \/>\n&nbsp;<\/p>\n<ul>\n<strong>Censura algor\u00edtmica y copyright, dos caras de la misma moneda<\/strong><\/ul>\n<p>Quien dice que se podr\u00e1n seguir compartiendo memes y gifs con la Directiva o no lo ha entendido o est\u00e1 en mala fe. La infausta aprobaci\u00f3n de la directiva europea de hoy da carta blanca a la censura en internet y pervierte la idea misma de los derechos de autor.<br \/>\n&nbsp;<\/p>\n<p>La ciudadan\u00eda activa por los derechos civiles en internet seguiremos cumpliendo con nuestra obligaci\u00f3n y dando la batalla. Internet tiene memoria y los eurodiputados que han votado a favor de esta aberraci\u00f3n deben asumir las consecuencias en las pr\u00f3ximas elecciones.<\/p>\n<p>Seguiremos luchando ahora y durante la transposici\u00f3n de la normativa en Espa\u00f1a para preservar un Internet libre, aunque no sin constatar con amargura el peligroso futuro para la libertad de expresi\u00f3n y de informaci\u00f3n y nuestras libertades todas en el nuevo contexto digital que impone esta directiva.<\/p>\n<p><a href=\"https:\/\/xnet-x.net\/aprobacion-directiva-copyright-no-llames-censura-llamalo-derechos-autor\/\" rel=\"noopener noreferrer\" target=\"_blank\">No lo llames censura, ll\u00e1malo derechos de autor, comunicado completo<\/a><br \/>\n<\/p>","protected":false},"excerpt":{"rendered":"<p>.@X_net_ declara que es un d\u00eda negro para los derechos en la era digital y para la calidad democr\u00e1tica de las instituciones europeas<\/p>\n","protected":false},"author":15,"featured_media":16565,"comment_status":"closed","ping_status":"closed","sticky":false,"template":"","format":"standard","meta":{"footnotes":""},"categories":[52],"tags":[],"class_list":["post-16561","post","type-post","status-publish","format-standard","has-post-thumbnail","hentry","category-blog","ejes-neutralidad-de-la-red"],"yoast_head":"<!-- This site is optimized with the Yoast SEO plugin v26.7 - https:\/\/yoast.com\/wordpress\/plugins\/seo\/ -->\n<title>D\u00eda negro para los derechos civiles en la era digital<\/title>\n<meta name=\"description\" content=\"Xnet declara que no s\u00f3lo es un d\u00eda negro para los derechos en la era digital, sino tambi\u00e9n para la calidad democr\u00e1tica de las instituciones europeas.\" \/>\n<meta name=\"robots\" content=\"index, follow, max-snippet:-1, max-image-preview:large, max-video-preview:-1\" \/>\n<link rel=\"canonical\" href=\"https:\/\/dev.xnet-x.net\/es\/dia-negro-para-derechos-civiles-en-era-digital\/\" \/>\n<meta name=\"twitter:label1\" content=\"Escrito por\" \/>\n\t<meta name=\"twitter:data1\" content=\"Xnet\" \/>\n\t<meta name=\"twitter:label2\" content=\"Tiempo de lectura\" \/>\n\t<meta name=\"twitter:data2\" content=\"2 minutos\" \/>\n<script type=\"application\/ld+json\" class=\"yoast-schema-graph\">{\"@context\":\"https:\/\/schema.org\",\"@graph\":[{\"@type\":\"Article\",\"@id\":\"https:\/\/dev.xnet-x.net\/es\/dia-negro-para-derechos-civiles-en-era-digital\/#article\",\"isPartOf\":{\"@id\":\"https:\/\/dev.xnet-x.net\/es\/dia-negro-para-derechos-civiles-en-era-digital\/\"},\"author\":{\"name\":\"Xnet\",\"@id\":\"https:\/\/dev.xnet-x.net\/es\/#\/schema\/person\/02880890b95968f2b3bd4cfd79843d49\"},\"headline\":\"D\u00eda negro para los derechos civiles en la era digital\",\"datePublished\":\"2019-03-26T18:54:55+00:00\",\"dateModified\":\"2020-04-14T10:14:41+00:00\",\"mainEntityOfPage\":{\"@id\":\"https:\/\/dev.xnet-x.net\/es\/dia-negro-para-derechos-civiles-en-era-digital\/\"},\"wordCount\":514,\"publisher\":{\"@id\":\"https:\/\/dev.xnet-x.net\/es\/#organization\"},\"image\":{\"@id\":\"https:\/\/dev.xnet-x.net\/es\/dia-negro-para-derechos-civiles-en-era-digital\/#primaryimage\"},\"thumbnailUrl\":\"https:\/\/dev.xnet-x.net\/img\/Di\u0301a-negro-para-los-derechos-civiles-en-la-era-digital.jpg\",\"articleSection\":[\"Blog - Nuestras acciones\"],\"inLanguage\":\"es\"},{\"@type\":\"WebPage\",\"@id\":\"https:\/\/dev.xnet-x.net\/es\/dia-negro-para-derechos-civiles-en-era-digital\/\",\"url\":\"https:\/\/dev.xnet-x.net\/es\/dia-negro-para-derechos-civiles-en-era-digital\/\",\"name\":\"D\u00eda negro para los derechos civiles en la era digital\",\"isPartOf\":{\"@id\":\"https:\/\/dev.xnet-x.net\/es\/#website\"},\"primaryImageOfPage\":{\"@id\":\"https:\/\/dev.xnet-x.net\/es\/dia-negro-para-derechos-civiles-en-era-digital\/#primaryimage\"},\"image\":{\"@id\":\"https:\/\/dev.xnet-x.net\/es\/dia-negro-para-derechos-civiles-en-era-digital\/#primaryimage\"},\"thumbnailUrl\":\"https:\/\/dev.xnet-x.net\/img\/Di\u0301a-negro-para-los-derechos-civiles-en-la-era-digital.jpg\",\"datePublished\":\"2019-03-26T18:54:55+00:00\",\"dateModified\":\"2020-04-14T10:14:41+00:00\",\"description\":\"Xnet declara que no s\u00f3lo es un d\u00eda negro para los derechos en la era digital, sino tambi\u00e9n para la calidad democr\u00e1tica de las instituciones europeas.\",\"breadcrumb\":{\"@id\":\"https:\/\/dev.xnet-x.net\/es\/dia-negro-para-derechos-civiles-en-era-digital\/#breadcrumb\"},\"inLanguage\":\"es\",\"potentialAction\":[{\"@type\":\"ReadAction\",\"target\":[[\"https:\/\/dev.xnet-x.net\/es\/dia-negro-para-derechos-civiles-en-era-digital\/\"]]}]},{\"@type\":\"ImageObject\",\"inLanguage\":\"es\",\"@id\":\"https:\/\/dev.xnet-x.net\/es\/dia-negro-para-derechos-civiles-en-era-digital\/#primaryimage\",\"url\":\"https:\/\/dev.xnet-x.net\/img\/Di\u0301a-negro-para-los-derechos-civiles-en-la-era-digital.jpg\",\"contentUrl\":\"https:\/\/dev.xnet-x.net\/img\/Di\u0301a-negro-para-los-derechos-civiles-en-la-era-digital.jpg\",\"width\":838,\"height\":420,\"caption\":\"Di\u0301a negro para los derechos civiles en la era digital\"},{\"@type\":\"BreadcrumbList\",\"@id\":\"https:\/\/dev.xnet-x.net\/es\/dia-negro-para-derechos-civiles-en-era-digital\/#breadcrumb\",\"itemListElement\":[{\"@type\":\"ListItem\",\"position\":1,\"name\":\"Portada\",\"item\":\"https:\/\/dev.xnet-x.net\/es\/\"},{\"@type\":\"ListItem\",\"position\":2,\"name\":\"D\u00eda negro para los derechos civiles en la era digital\"}]},{\"@type\":\"WebSite\",\"@id\":\"https:\/\/dev.xnet-x.net\/es\/#website\",\"url\":\"https:\/\/dev.xnet-x.net\/es\/\",\"name\":\"[:es]Xnet - Internet, derechos y democracia en la era digital[:ca]Xnet - Internet, drets i democr\u00e0cia en l'era digital[:en]Xnet - Internet freedoms & digital rights[:]\",\"description\":\"Xnet: Internet, informaci\u00f3n y cultura libres. Tecnopol\u00edtica. Datos, algoritmos y derechos digitales. Libertad de expresi\u00f3n. Democracia y anticorrupci\u00f3n\",\"publisher\":{\"@id\":\"https:\/\/dev.xnet-x.net\/es\/#organization\"},\"potentialAction\":[{\"@type\":\"SearchAction\",\"target\":{\"@type\":\"EntryPoint\",\"urlTemplate\":\"https:\/\/dev.xnet-x.net\/es\/?s={search_term_string}\"},\"query-input\":{\"@type\":\"PropertyValueSpecification\",\"valueRequired\":true,\"valueName\":\"search_term_string\"}}],\"inLanguage\":\"es\"},{\"@type\":\"Organization\",\"@id\":\"https:\/\/dev.xnet-x.net\/es\/#organization\",\"name\":\"Xnet - Internet, derechos y democracia en la era digital\",\"url\":\"https:\/\/dev.xnet-x.net\/es\/\",\"logo\":{\"@type\":\"ImageObject\",\"inLanguage\":\"es\",\"@id\":\"https:\/\/dev.xnet-x.net\/es\/#\/schema\/logo\/image\/\",\"url\":\"https:\/\/xnet-x.net\/img\/xnet-logo.png\",\"contentUrl\":\"https:\/\/xnet-x.net\/img\/xnet-logo.png\",\"width\":512,\"height\":512,\"caption\":\"Xnet - Internet, derechos y democracia en la era digital\"},\"image\":{\"@id\":\"https:\/\/dev.xnet-x.net\/es\/#\/schema\/logo\/image\/\"},\"sameAs\":[\"http:\/\/facebook.com\/RedX.Net\/\",\"https:\/\/x.com\/x_net_\",\"https:\/\/es.wikipedia.org\/wiki\/Xnet\"]},{\"@type\":\"Person\",\"@id\":\"https:\/\/dev.xnet-x.net\/es\/#\/schema\/person\/02880890b95968f2b3bd4cfd79843d49\",\"name\":\"Xnet\",\"image\":{\"@type\":\"ImageObject\",\"inLanguage\":\"es\",\"@id\":\"https:\/\/dev.xnet-x.net\/es\/#\/schema\/person\/image\/\",\"url\":\"https:\/\/secure.gravatar.com\/avatar\/41a61c327d24125228571dadd14748b0afd881e633e6e61518dacc4fef53cc93?s=96&d=mm&r=g\",\"contentUrl\":\"https:\/\/secure.gravatar.com\/avatar\/41a61c327d24125228571dadd14748b0afd881e633e6e61518dacc4fef53cc93?s=96&d=mm&r=g\",\"caption\":\"Xnet\"}}]}<\/script>\n<!-- \/ Yoast SEO plugin. -->","yoast_head_json":{"title":"D\u00eda negro para los derechos civiles en la era digital","description":"Xnet declara que no s\u00f3lo es un d\u00eda negro para los derechos en la era digital, sino tambi\u00e9n para la calidad democr\u00e1tica de las instituciones europeas.","robots":{"index":"index","follow":"follow","max-snippet":"max-snippet:-1","max-image-preview":"max-image-preview:large","max-video-preview":"max-video-preview:-1"},"canonical":"https:\/\/dev.xnet-x.net\/es\/dia-negro-para-derechos-civiles-en-era-digital\/","twitter_misc":{"Escrito por":"Xnet","Tiempo de lectura":"2 minutos"},"schema":{"@context":"https:\/\/schema.org","@graph":[{"@type":"Article","@id":"https:\/\/dev.xnet-x.net\/es\/dia-negro-para-derechos-civiles-en-era-digital\/#article","isPartOf":{"@id":"https:\/\/dev.xnet-x.net\/es\/dia-negro-para-derechos-civiles-en-era-digital\/"},"author":{"name":"Xnet","@id":"https:\/\/dev.xnet-x.net\/es\/#\/schema\/person\/02880890b95968f2b3bd4cfd79843d49"},"headline":"D\u00eda negro para los derechos civiles en la era digital","datePublished":"2019-03-26T18:54:55+00:00","dateModified":"2020-04-14T10:14:41+00:00","mainEntityOfPage":{"@id":"https:\/\/dev.xnet-x.net\/es\/dia-negro-para-derechos-civiles-en-era-digital\/"},"wordCount":514,"publisher":{"@id":"https:\/\/dev.xnet-x.net\/es\/#organization"},"image":{"@id":"https:\/\/dev.xnet-x.net\/es\/dia-negro-para-derechos-civiles-en-era-digital\/#primaryimage"},"thumbnailUrl":"https:\/\/dev.xnet-x.net\/img\/Di\u0301a-negro-para-los-derechos-civiles-en-la-era-digital.jpg","articleSection":["Blog - Nuestras acciones"],"inLanguage":"es"},{"@type":"WebPage","@id":"https:\/\/dev.xnet-x.net\/es\/dia-negro-para-derechos-civiles-en-era-digital\/","url":"https:\/\/dev.xnet-x.net\/es\/dia-negro-para-derechos-civiles-en-era-digital\/","name":"D\u00eda negro para los derechos civiles en la era digital","isPartOf":{"@id":"https:\/\/dev.xnet-x.net\/es\/#website"},"primaryImageOfPage":{"@id":"https:\/\/dev.xnet-x.net\/es\/dia-negro-para-derechos-civiles-en-era-digital\/#primaryimage"},"image":{"@id":"https:\/\/dev.xnet-x.net\/es\/dia-negro-para-derechos-civiles-en-era-digital\/#primaryimage"},"thumbnailUrl":"https:\/\/dev.xnet-x.net\/img\/Di\u0301a-negro-para-los-derechos-civiles-en-la-era-digital.jpg","datePublished":"2019-03-26T18:54:55+00:00","dateModified":"2020-04-14T10:14:41+00:00","description":"Xnet declara que no s\u00f3lo es un d\u00eda negro para los derechos en la era digital, sino tambi\u00e9n para la calidad democr\u00e1tica de las instituciones europeas.","breadcrumb":{"@id":"https:\/\/dev.xnet-x.net\/es\/dia-negro-para-derechos-civiles-en-era-digital\/#breadcrumb"},"inLanguage":"es","potentialAction":[{"@type":"ReadAction","target":[["https:\/\/dev.xnet-x.net\/es\/dia-negro-para-derechos-civiles-en-era-digital\/"]]}]},{"@type":"ImageObject","inLanguage":"es","@id":"https:\/\/dev.xnet-x.net\/es\/dia-negro-para-derechos-civiles-en-era-digital\/#primaryimage","url":"https:\/\/dev.xnet-x.net\/img\/Di\u0301a-negro-para-los-derechos-civiles-en-la-era-digital.jpg","contentUrl":"https:\/\/dev.xnet-x.net\/img\/Di\u0301a-negro-para-los-derechos-civiles-en-la-era-digital.jpg","width":838,"height":420,"caption":"Di\u0301a negro para los derechos civiles en la era digital"},{"@type":"BreadcrumbList","@id":"https:\/\/dev.xnet-x.net\/es\/dia-negro-para-derechos-civiles-en-era-digital\/#breadcrumb","itemListElement":[{"@type":"ListItem","position":1,"name":"Portada","item":"https:\/\/dev.xnet-x.net\/es\/"},{"@type":"ListItem","position":2,"name":"D\u00eda negro para los derechos civiles en la era digital"}]},{"@type":"WebSite","@id":"https:\/\/dev.xnet-x.net\/es\/#website","url":"https:\/\/dev.xnet-x.net\/es\/","name":"[:es]Xnet - Internet, derechos y democracia en la era digital[:ca]Xnet - Internet, drets i democr\u00e0cia en l'era digital[:en]Xnet - Internet freedoms & digital rights[:]","description":"Xnet: Internet, informaci\u00f3n y cultura libres. Tecnopol\u00edtica. Datos, algoritmos y derechos digitales. Libertad de expresi\u00f3n. Democracia y anticorrupci\u00f3n","publisher":{"@id":"https:\/\/dev.xnet-x.net\/es\/#organization"},"potentialAction":[{"@type":"SearchAction","target":{"@type":"EntryPoint","urlTemplate":"https:\/\/dev.xnet-x.net\/es\/?s={search_term_string}"},"query-input":{"@type":"PropertyValueSpecification","valueRequired":true,"valueName":"search_term_string"}}],"inLanguage":"es"},{"@type":"Organization","@id":"https:\/\/dev.xnet-x.net\/es\/#organization","name":"Xnet - Internet, derechos y democracia en la era digital","url":"https:\/\/dev.xnet-x.net\/es\/","logo":{"@type":"ImageObject","inLanguage":"es","@id":"https:\/\/dev.xnet-x.net\/es\/#\/schema\/logo\/image\/","url":"https:\/\/xnet-x.net\/img\/xnet-logo.png","contentUrl":"https:\/\/xnet-x.net\/img\/xnet-logo.png","width":512,"height":512,"caption":"Xnet - Internet, derechos y democracia en la era digital"},"image":{"@id":"https:\/\/dev.xnet-x.net\/es\/#\/schema\/logo\/image\/"},"sameAs":["http:\/\/facebook.com\/RedX.Net\/","https:\/\/x.com\/x_net_","https:\/\/es.wikipedia.org\/wiki\/Xnet"]},{"@type":"Person","@id":"https:\/\/dev.xnet-x.net\/es\/#\/schema\/person\/02880890b95968f2b3bd4cfd79843d49","name":"Xnet","image":{"@type":"ImageObject","inLanguage":"es","@id":"https:\/\/dev.xnet-x.net\/es\/#\/schema\/person\/image\/","url":"https:\/\/secure.gravatar.com\/avatar\/41a61c327d24125228571dadd14748b0afd881e633e6e61518dacc4fef53cc93?s=96&d=mm&r=g","contentUrl":"https:\/\/secure.gravatar.com\/avatar\/41a61c327d24125228571dadd14748b0afd881e633e6e61518dacc4fef53cc93?s=96&d=mm&r=g","caption":"Xnet"}}]}},"_links":{"self":[{"href":"https:\/\/dev.xnet-x.net\/es\/wp-json\/wp\/v2\/posts\/16561","targetHints":{"allow":["GET"]}}],"collection":[{"href":"https:\/\/dev.xnet-x.net\/es\/wp-json\/wp\/v2\/posts"}],"about":[{"href":"https:\/\/dev.xnet-x.net\/es\/wp-json\/wp\/v2\/types\/post"}],"author":[{"embeddable":true,"href":"https:\/\/dev.xnet-x.net\/es\/wp-json\/wp\/v2\/users\/15"}],"replies":[{"embeddable":true,"href":"https:\/\/dev.xnet-x.net\/es\/wp-json\/wp\/v2\/comments?post=16561"}],"version-history":[{"count":8,"href":"https:\/\/dev.xnet-x.net\/es\/wp-json\/wp\/v2\/posts\/16561\/revisions"}],"predecessor-version":[{"id":17634,"href":"https:\/\/dev.xnet-x.net\/es\/wp-json\/wp\/v2\/posts\/16561\/revisions\/17634"}],"wp:featuredmedia":[{"embeddable":true,"href":"https:\/\/dev.xnet-x.net\/es\/wp-json\/wp\/v2\/media\/16565"}],"wp:attachment":[{"href":"https:\/\/dev.xnet-x.net\/es\/wp-json\/wp\/v2\/media?parent=16561"}],"wp:term":[{"taxonomy":"category","embeddable":true,"href":"https:\/\/dev.xnet-x.net\/es\/wp-json\/wp\/v2\/categories?post=16561"},{"taxonomy":"post_tag","embeddable":true,"href":"https:\/\/dev.xnet-x.net\/es\/wp-json\/wp\/v2\/tags?post=16561"}],"curies":[{"name":"wp","href":"https:\/\/api.w.org\/{rel}","templated":true}]}}