{"id":16518,"date":"2019-03-26T13:56:25","date_gmt":"2019-03-26T11:56:25","guid":{"rendered":"https:\/\/xnet-x.net\/?p=16518"},"modified":"2021-09-08T12:58:46","modified_gmt":"2021-09-08T10:58:46","slug":"sobre-la-aprobacion-de-la-directiva-copyright-no-lo-llames-censura-llamalo-derechos-de-autor","status":"publish","type":"post","link":"https:\/\/dev.xnet-x.net\/es\/aprobacion-directiva-copyright-no-llames-censura-llamalo-derechos-autor\/","title":{"rendered":"Sobre la aprobaci\u00f3n de la Directiva Copyright: No lo llames censura, ll\u00e1malo Derechos de Autor"},"content":{"rendered":"<p><\/p>\n<div style=\"font-size:90%;margin:6px 0;border: 1px solid #e00f2f;padding: 20px 5% 10px\"><em><a href=\"https:\/\/xnet-x.net\" rel=\"noopener noreferrer\" target=\"_blank\">Xnet<\/a> es el grupo fundador en Espa\u00f1a de la coalici\u00f3n #SaveYourInternet compuesta por grupos internacionales tan ic\u00f3nicos como la Electronic Frontier Foundation (EFF) y grupos de todos los pa\u00edses de la Uni\u00f3n Europea unidos para coordinar la campa\u00f1a sobre los peligros ocultos en la nueva Directiva Europea sobre Copyright.<\/em><\/div>\n<p>&nbsp;<\/p>\n<p>Con la aprobaci\u00f3n en el Parlamento Europeo del texto final de la <strong>directiva de Copyright<\/strong>, la Uni\u00f3n Europea <strong>ha perdido la oportunidad hist\u00f3rica de desarrollar legislaciones de derechos de autor adaptadas a Internet y al siglo XXI<\/strong>. Finalmente lo que se ha votado es <strong>un texto tecn\u00f3fobo, hecho a medida de los monopolios del copyright<\/strong> y que adem\u00e1s no garantiza el derecho de los autores a vivir dignamente de su trabajo. <\/p>\n<p>Solo servir\u00e1 para recortar libertades y censurar a destajo, bajo la perspectiva delirante de que todo lo que no produce moneda contante y sonante para las majors \u2013 \u00a1ojo! no para los autores &#8211; debe ser prohibido y eliminado. Una tragedia para los trabajadores del mundo de la cultura que por otra parte una vez m\u00e1s han sido frivolamente incapaces &#8211; salvo contadas, valientes y loables excepciones \u2013 de informarse de que va realmente el asunto. Han tragado pasivamente con la versi\u00f3n de sus amos y,  con victimismo y gula, han sido el altavoz principal para la propaganda liberticida sin siquiera haberse enterado de que todo esto no beneficiar\u00e1 sus derechos, pero si va de eliminar los de todos.<\/p>\n<p>Las alarmas saltaron hace casi dos a\u00f1os cuando descubrimos que, m\u00e1s all\u00e1 de ser una propuesta de derechos de autor obsoleta, se estaba usando como <strong>caballo de Troya<\/strong> para introducir vigilancia, procesamiento autom\u00e1tico de datos, gobierno por algoritmos opacos, censura sin mandato judicial, etc\u2026<\/p>\n<p>Esta amenaza que se ha consumado hoy para derechos tan b\u00e1sicos como la libertad de expresi\u00f3n o el acceso a la cultura y a la informaci\u00f3n se centra en las trampas ocultas principalmente en dos art\u00edculos:<br \/>\n&nbsp;<\/p>\n<ul>\n<strong>Art\u00edculo  13 (luego 17): prohibido subir contenidos sin licencia<\/strong><\/ul>\n<p>Se considerar\u00e1 a las plataformas -desde servicios mediano de alojamiento web hasta gigantes de Internet- responsables de cualquier infracci\u00f3n de derechos de autor que cometan sus usuarios y se les conmina a tomar medidas preventivas: o sea ya no se trata de eliminar contenido sino directamente de impedir que se suba.<br \/>\nNaturalmente nadie les obliga a nada. Solo se les hace responsable de lo que suban sus usuarios.<br \/>\nEs como si al vendedor de coches se le responsabilizara de los delitos viales comentidos por sus compradores.<br \/>\nEsto solo puede desembocar en el filtrado algor\u00edtmico de subida (upload filters) de absolutamente todo. Es decir censura previa, autom\u00e1tica y masiva de internet.<br \/>\nRecientemente Youtube imped\u00eda al pianista James Rhodes subir un v\u00eddeo suyo tocando a Bach al piano. Este tipo de \u201cerrores\u201d que siempre juegan a favor de la privatizaci\u00f3n del dominio p\u00fablico forman parte del dia a dia de todos los autores que usan Youtube.<br \/>\nY no solo estamos hablando de \u201cerrores\u201d que privatizaron el dominio p\u00fablico. Estamos hablando de la dificultad o imposibilidad de subir a internet cualquier tipo de obra derivada: parodias, memes, remezclas, fandom, s\u00e1tiras\u2026 la esencia misma de la cultura y de la libertad pol\u00edtica y de expresi\u00f3n.<br \/>\n&nbsp;<\/p>\n<ul>\n   <strong>Art\u00edculo  11 (luego 15): Prohibido enlazar sin licencia<\/strong><\/ul>\n<p>La propuesta del art\u00edculo 11, conocida como \u201cLinktax\u201d &#8211; impuesto al enlace &#8211; crea un nuevo \u201cderecho\u201d econ\u00f3mico para la patronal de la prensa escrita. Este \u201cderecho\u201d adem\u00e1s implica restringir indefinidamente la posibilidad de citarla.<br \/>\nSi esto te suena absurdo, arbitrario y contraproducente, te invitamos a leer la propuesta en s\u00ed, un texto ambiguo que el jurista Andrej Savin ha definido como \u201cel peor texto legal que he visto en mis 23 a\u00f1os de carrera acad\u00e9mica\u201d.<br \/>\nAnte esta indefinici\u00f3n, lo m\u00e1s seguro para cualquier plataforma ser\u00e1 no enlazar a ning\u00fan medio sin permiso expl\u00edcito.<\/p>\n<p>Esta medida perversa ser\u00eda el equivalente a nivel europeo al Canon AEDE que ya est\u00e1 vigente en Espa\u00f1a y Alemania, un canon del que sus propios promotores se lamentaron tras el cierre de Google News en Espa\u00f1a por su aprobaci\u00f3n. El Canon AEDE es paradoxal y los impulsores de esta iniciativa saben que no funcionar\u00e1 en Europa. Por ejemplo, desde Xnet destapamos que el gran grupo editorial Axel Springer se estaba pagando a s\u00ed mismo \u2013 se enlazaban para pagarse \u2013 en una estramb\u00f3tica simulaci\u00f3n de que \u201ctodo va bien\u201d.<\/p>\n<p>\u00bfQue pretenden con esto? \u00bfQu\u00e9 sentido tiene que la patronal de la prensa presione para aprobar una leyes que impiden que enlaces, difundas y comentes sus contenidos? \u00bfSe trata solo de la mezcla de ignorancia y avaricia que te llevar\u00eda a pegarte un tiro en tu propio pie?<br \/>\nHay un poco de eso sin duda, pero m\u00e1s bien creemos que se trata de la mezcla de ignorancia y avaricia que te lleva a sacarte un ojo para que a tu enemigo le saquen dos.<br \/>\nCon leyes de este tipo la patronal de la prensa podr\u00eda acosar legalmente hasta el cierre a agregadores sociales y comunidades como Meneame o Reddit, eliminando a cualquier nuevo competidor y consolidando su posici\u00f3n monopol\u00edstica. Convirti\u00e9ndose en la \u00fanica voz en un Internet en el que solo hablaran ellos y que aspiran a convertir en una nueva televisi\u00f3n. <\/p>\n<p>&nbsp;<\/p>\n<p><strong>Todo esto<\/strong> que parece una distop\u00eda de ciencia ficci\u00f3n, un intento imposible de ponerle puertas al campo o una profec\u00eda l\u00fagubre exagerada por activistas preocupados <strong>ya se est\u00e1 implementando hoy en d\u00eda en las grandes plataformas<\/strong>. <\/p>\n<p>De momento existen dos opciones.<\/p>\n<li>\n<strong>Modelo    Spotify<\/strong>\t<\/li>\n<p>Se trata de que la plataforma adquiera todas las licencias nacionales e internacionales y disponibilice todos los contenidos unidireccionalmente impidiendo a los usuarios la subida. Incluso as\u00ed, en el caso de Spotify, uno de los pocos gigantes que puede permit\u00edrselo hoy en d\u00eda; pagar a los monopolios de derechos de autor ha encarecido tanto su actividad que su sostenibilidad no est\u00e1 garantizada a medio plazo a pesar de su \u00e9xito comercial. Si este es el caso de Spotify, podemos imaginar qu\u00e9 pasar\u00e1 con las medianas empresas en internet.<br \/>\nEste modelo tiene otro defecto que ya es obvio para la mayor\u00eda de los artistas. La cantidad de dinero final que reciben los autores reales es cero o pr\u00f3xima a cero.<\/p>\n<li>\n<strong>    Modelo         Facebook\/Google <\/strong>  <\/li>\n<p>Estos nuevos monopolios de Internet se niegan a compartir su tarta con los viejos monopolios del copyright as\u00ed que optan ya por el filtrado masivo y autom\u00e1tico de todos los contenidos. Su adaptaci\u00f3n al art\u00edculo 13 ser\u00e1 m\u00e1s f\u00e1cil. Bastar\u00e1 con que los mecanismo de filtrado sean ahora previos a la subida.<br \/>\nEsta tecnolog\u00eda, adem\u00e1s de opaca y exclusiva, es muy cara y su obligatoriedad har\u00e1 casi imposible que surjan y prosperen competidores de estos gigantes.<br \/>\nGoogle gast\u00f3 unos 100 miliones para crear la tecnolog\u00eda que le ha permitido hasta ahora responder a las reclamanciones por copyright que les llegan de lo que es tan solo el 1% de sus usuarios. <\/p>\n<p>El efecto que tendr\u00eda estas normas arbitrarias sobre la libre conversaci\u00f3n en Internet y sobre la difusi\u00f3n y acceso a la cultura y a la informaci\u00f3n es devastador.<\/p>\n<p>&nbsp;<\/p>\n<p>Los derechos de autor son importantes. \u00bfPero de qu\u00e9 derechos hablamos? \u00bfY de qu\u00e9 autores?<br \/>\nUna propuesta democr\u00e1tica con vocaci\u00f3n de consenso amplia que hubiese aspirado a garantizar el trabajo digno de los autores sin vulnerar derechos fundamentales de los ciudadanos deber\u00eda haberse enfrentado audazmente y por fin a  los monopolios del copyright y a entidades de gesti\u00f3n bajo sospecha cuando no directamente investigadas, juzgadas y condenadas como la SGAE. Tambi\u00e9n deber\u00eda haber partido de la base de que el concepto de autor o medio ha cambiado en los \u00faltimos 20 a\u00f1os. Desde el inicio de la web 2.0, el contenido generado por los usuarios ha pasado de ser un interesante experimento social a la realidad digital en la que nos sumergimos cada d\u00eda. El contenido generado por los que anta\u00f1o eran \u201cgrandes\u201d medios no llega al 5% del tr\u00e1fico de Internet en una sociedad como la espa\u00f1ola. La UE a perdido una oportunidad de tratar a sus ciudadanos como generadores de contenido y no como simples ladrones de los contenidos de una \u00e9lite. Ninguna empresa, medio o autor ha escrito la wikipedia, convertido la Red en el repositorio de todos los videos del mundo o generado millones de tuit al d\u00eda. Nosotros, la gente, lo hicimos. Internet no es de ellos. <\/p>\n<p>Las amenazas ocultas dentro de la directiva de copyright que se ha aprobado hoy forman parte de un intento de volver a meter el genio dentro de la botella e instaurar una inquisici\u00f3n que permita por fin controlar internet. Nuestros pol\u00edticos y grandes empresas envidian a China como modelo.<br \/>\nLa idea inicial de los padres y madres de la World Wide Web y de Internet tal y como lo conocemos, la idea de una arquitectura abierta para compartir enlaces sin cortapisas, fue clave en su \u00e9xito. Esta arquitectura se modificar\u00e1 radicalmente si se aplica est\u00e1 directiva tal y  como est\u00e1 concebida<br \/>\nAhora la UE quiere crear un Internet con licencia: como somos una sociedad civilizada no se puede llamar censura, as\u00ed que la llaman Copyright.<\/p>\n<p>En la votaci\u00f3n final todo el poder y dinero ha estado de un lado. La gente que nos situemos del otro lado-a favor de la libertad de expresi\u00f3n, de un internet abierto y de un copyright adaptado al s.XXI que permita a los autores vivir dignamente y no de las migajas de las entidades de gesti\u00f3n-  en la mayor movilizaci\u00f3n que ha habido contra una directiva  hemos sido vilipendiados, llamados ladrones, piratas y acusados de supuestos absurdos. Nuestra movilizaci\u00f3n no les ha impedido aprobar esta aberraci\u00f3n, pero si hacerlo camuflado como algo positivo.<br \/>\n&nbsp;<\/p>\n<p>La ciudadan\u00eda activa por los derechos civiles en internet seguiremos cumplirendo  con nuestra obligaci\u00f3n y dando la batalla. Internet tiene memoria y los eurodiputados que han votado a favor de esta aberraci\u00f3n deben asumir las cnsecuencias en las proximas elecciones.<br \/>\nSeguiremos luchando ahora y durante la transposici\u00f3n de la normativa en Espa\u00f1a para preservar un Internet libre, herramienta de democracia y de futuro con o sin ayuda de \u201clos artistas\u201d o la \u201cizquierda parlamentaria\u201d, pero no sin constatar con amargura el peligroso futuro para la libertad de expresi\u00f3n y de informaci\u00f3n y nuestras libertades todas en el nuevo contexto de la era digital, donde una y otra vez se mata a la herramienta y al mensajero para preservar un statu quo que no debe perdurar. <\/p>\n<p><em>Actualizaci\u00f3n del <a href=\"https:\/\/www.revistamongolia.com\/noticias\/no-lo-llames-censura-llamalo-derechos-de-autor-por-el-colectivo-xnet\" rel=\"noopener noreferrer\" target=\"_blank\">texto publicado en el n\u00ba 70 de la Revista Mongolia<\/a>. <\/em><br \/>\n<\/p>","protected":false},"excerpt":{"rendered":"<p>.@X_net_ lamenta la aprobaci\u00f3n de la Directiva de #Copyright por el Parlamento Europeo. D\u00eda negro para los derechos civiles en la era digital. No lo llames censura, ll\u00e1malo Derechos de Autor. #SGAE #Filtrado<\/p>\n","protected":false},"author":15,"featured_media":16537,"comment_status":"closed","ping_status":"closed","sticky":false,"template":"","format":"standard","meta":{"footnotes":""},"categories":[52],"tags":[],"class_list":["post-16518","post","type-post","status-publish","format-standard","has-post-thumbnail","hentry","category-blog","ejes-cultura-libre","ejes-neutralidad-de-la-red","ejes-luchas-por-las-libertades-civiles"],"yoast_head":"<!-- This site is optimized with the Yoast SEO plugin v26.7 - https:\/\/yoast.com\/wordpress\/plugins\/seo\/ -->\n<title>Aprobaci\u00f3n de Directiva Copyright: ll\u00e1malo Derechos de Autor<\/title>\n<meta name=\"description\" content=\"Lamentamos la aprobaci\u00f3n de la Directiva Copyright: No lo llames censura, ll\u00e1malo Derechos de Autor. #SGAE. Contra la censura previa. #Filtrado\" \/>\n<meta name=\"robots\" content=\"index, follow, max-snippet:-1, max-image-preview:large, max-video-preview:-1\" \/>\n<link rel=\"canonical\" href=\"https:\/\/dev.xnet-x.net\/es\/aprobacion-directiva-copyright-no-llames-censura-llamalo-derechos-autor\/\" \/>\n<meta name=\"twitter:label1\" content=\"Escrito por\" \/>\n\t<meta name=\"twitter:data1\" content=\"Xnet\" \/>\n\t<meta name=\"twitter:label2\" content=\"Tiempo de lectura\" \/>\n\t<meta name=\"twitter:data2\" content=\"9 minutos\" \/>\n<script type=\"application\/ld+json\" class=\"yoast-schema-graph\">{\"@context\":\"https:\/\/schema.org\",\"@graph\":[{\"@type\":\"Article\",\"@id\":\"https:\/\/dev.xnet-x.net\/es\/aprobacion-directiva-copyright-no-llames-censura-llamalo-derechos-autor\/#article\",\"isPartOf\":{\"@id\":\"https:\/\/dev.xnet-x.net\/es\/aprobacion-directiva-copyright-no-llames-censura-llamalo-derechos-autor\/\"},\"author\":{\"name\":\"Xnet\",\"@id\":\"https:\/\/dev.xnet-x.net\/es\/#\/schema\/person\/02880890b95968f2b3bd4cfd79843d49\"},\"headline\":\"Sobre la aprobaci\u00f3n de la Directiva Copyright: No lo llames censura, ll\u00e1malo Derechos de Autor\",\"datePublished\":\"2019-03-26T11:56:25+00:00\",\"dateModified\":\"2021-09-08T10:58:46+00:00\",\"mainEntityOfPage\":{\"@id\":\"https:\/\/dev.xnet-x.net\/es\/aprobacion-directiva-copyright-no-llames-censura-llamalo-derechos-autor\/\"},\"wordCount\":1865,\"publisher\":{\"@id\":\"https:\/\/dev.xnet-x.net\/es\/#organization\"},\"image\":{\"@id\":\"https:\/\/dev.xnet-x.net\/es\/aprobacion-directiva-copyright-no-llames-censura-llamalo-derechos-autor\/#primaryimage\"},\"thumbnailUrl\":\"https:\/\/dev.xnet-x.net\/img\/Sobre-la-aprobacio\u0301n-de-la-Directiva-Copyright-No-lo-llames-censura-lla\u0301malo-Derechos-de-Autor.jpg\",\"articleSection\":[\"Blog - Nuestras acciones\"],\"inLanguage\":\"es\"},{\"@type\":\"WebPage\",\"@id\":\"https:\/\/dev.xnet-x.net\/es\/aprobacion-directiva-copyright-no-llames-censura-llamalo-derechos-autor\/\",\"url\":\"https:\/\/dev.xnet-x.net\/es\/aprobacion-directiva-copyright-no-llames-censura-llamalo-derechos-autor\/\",\"name\":\"Aprobaci\u00f3n de Directiva Copyright: ll\u00e1malo Derechos de Autor\",\"isPartOf\":{\"@id\":\"https:\/\/dev.xnet-x.net\/es\/#website\"},\"primaryImageOfPage\":{\"@id\":\"https:\/\/dev.xnet-x.net\/es\/aprobacion-directiva-copyright-no-llames-censura-llamalo-derechos-autor\/#primaryimage\"},\"image\":{\"@id\":\"https:\/\/dev.xnet-x.net\/es\/aprobacion-directiva-copyright-no-llames-censura-llamalo-derechos-autor\/#primaryimage\"},\"thumbnailUrl\":\"https:\/\/dev.xnet-x.net\/img\/Sobre-la-aprobacio\u0301n-de-la-Directiva-Copyright-No-lo-llames-censura-lla\u0301malo-Derechos-de-Autor.jpg\",\"datePublished\":\"2019-03-26T11:56:25+00:00\",\"dateModified\":\"2021-09-08T10:58:46+00:00\",\"description\":\"Lamentamos la aprobaci\u00f3n de la Directiva Copyright: No lo llames censura, ll\u00e1malo Derechos de Autor. #SGAE. Contra la censura previa. #Filtrado\",\"breadcrumb\":{\"@id\":\"https:\/\/dev.xnet-x.net\/es\/aprobacion-directiva-copyright-no-llames-censura-llamalo-derechos-autor\/#breadcrumb\"},\"inLanguage\":\"es\",\"potentialAction\":[{\"@type\":\"ReadAction\",\"target\":[[\"https:\/\/dev.xnet-x.net\/es\/aprobacion-directiva-copyright-no-llames-censura-llamalo-derechos-autor\/\"]]}]},{\"@type\":\"ImageObject\",\"inLanguage\":\"es\",\"@id\":\"https:\/\/dev.xnet-x.net\/es\/aprobacion-directiva-copyright-no-llames-censura-llamalo-derechos-autor\/#primaryimage\",\"url\":\"https:\/\/dev.xnet-x.net\/img\/Sobre-la-aprobacio\u0301n-de-la-Directiva-Copyright-No-lo-llames-censura-lla\u0301malo-Derechos-de-Autor.jpg\",\"contentUrl\":\"https:\/\/dev.xnet-x.net\/img\/Sobre-la-aprobacio\u0301n-de-la-Directiva-Copyright-No-lo-llames-censura-lla\u0301malo-Derechos-de-Autor.jpg\",\"width\":838,\"height\":420,\"caption\":\"aprobacion-directiva-copyright-no-llames-censura-llamalo-derechos-autor\"},{\"@type\":\"BreadcrumbList\",\"@id\":\"https:\/\/dev.xnet-x.net\/es\/aprobacion-directiva-copyright-no-llames-censura-llamalo-derechos-autor\/#breadcrumb\",\"itemListElement\":[{\"@type\":\"ListItem\",\"position\":1,\"name\":\"Portada\",\"item\":\"https:\/\/dev.xnet-x.net\/es\/\"},{\"@type\":\"ListItem\",\"position\":2,\"name\":\"Sobre la aprobaci\u00f3n de la Directiva Copyright: No lo llames censura, ll\u00e1malo Derechos de Autor\"}]},{\"@type\":\"WebSite\",\"@id\":\"https:\/\/dev.xnet-x.net\/es\/#website\",\"url\":\"https:\/\/dev.xnet-x.net\/es\/\",\"name\":\"[:es]Xnet - Internet, derechos y democracia en la era digital[:ca]Xnet - Internet, drets i democr\u00e0cia en l'era digital[:en]Xnet - Internet freedoms & digital rights[:]\",\"description\":\"Xnet: Internet, informaci\u00f3n y cultura libres. Tecnopol\u00edtica. Datos, algoritmos y derechos digitales. Libertad de expresi\u00f3n. Democracia y anticorrupci\u00f3n\",\"publisher\":{\"@id\":\"https:\/\/dev.xnet-x.net\/es\/#organization\"},\"potentialAction\":[{\"@type\":\"SearchAction\",\"target\":{\"@type\":\"EntryPoint\",\"urlTemplate\":\"https:\/\/dev.xnet-x.net\/es\/?s={search_term_string}\"},\"query-input\":{\"@type\":\"PropertyValueSpecification\",\"valueRequired\":true,\"valueName\":\"search_term_string\"}}],\"inLanguage\":\"es\"},{\"@type\":\"Organization\",\"@id\":\"https:\/\/dev.xnet-x.net\/es\/#organization\",\"name\":\"Xnet - Internet, derechos y democracia en la era digital\",\"url\":\"https:\/\/dev.xnet-x.net\/es\/\",\"logo\":{\"@type\":\"ImageObject\",\"inLanguage\":\"es\",\"@id\":\"https:\/\/dev.xnet-x.net\/es\/#\/schema\/logo\/image\/\",\"url\":\"https:\/\/xnet-x.net\/img\/xnet-logo.png\",\"contentUrl\":\"https:\/\/xnet-x.net\/img\/xnet-logo.png\",\"width\":512,\"height\":512,\"caption\":\"Xnet - Internet, derechos y democracia en la era digital\"},\"image\":{\"@id\":\"https:\/\/dev.xnet-x.net\/es\/#\/schema\/logo\/image\/\"},\"sameAs\":[\"http:\/\/facebook.com\/RedX.Net\/\",\"https:\/\/x.com\/x_net_\",\"https:\/\/es.wikipedia.org\/wiki\/Xnet\"]},{\"@type\":\"Person\",\"@id\":\"https:\/\/dev.xnet-x.net\/es\/#\/schema\/person\/02880890b95968f2b3bd4cfd79843d49\",\"name\":\"Xnet\",\"image\":{\"@type\":\"ImageObject\",\"inLanguage\":\"es\",\"@id\":\"https:\/\/dev.xnet-x.net\/es\/#\/schema\/person\/image\/\",\"url\":\"https:\/\/secure.gravatar.com\/avatar\/41a61c327d24125228571dadd14748b0afd881e633e6e61518dacc4fef53cc93?s=96&d=mm&r=g\",\"contentUrl\":\"https:\/\/secure.gravatar.com\/avatar\/41a61c327d24125228571dadd14748b0afd881e633e6e61518dacc4fef53cc93?s=96&d=mm&r=g\",\"caption\":\"Xnet\"}}]}<\/script>\n<!-- \/ Yoast SEO plugin. -->","yoast_head_json":{"title":"Aprobaci\u00f3n de Directiva Copyright: ll\u00e1malo Derechos de Autor","description":"Lamentamos la aprobaci\u00f3n de la Directiva Copyright: No lo llames censura, ll\u00e1malo Derechos de Autor. #SGAE. Contra la censura previa. #Filtrado","robots":{"index":"index","follow":"follow","max-snippet":"max-snippet:-1","max-image-preview":"max-image-preview:large","max-video-preview":"max-video-preview:-1"},"canonical":"https:\/\/dev.xnet-x.net\/es\/aprobacion-directiva-copyright-no-llames-censura-llamalo-derechos-autor\/","twitter_misc":{"Escrito por":"Xnet","Tiempo de lectura":"9 minutos"},"schema":{"@context":"https:\/\/schema.org","@graph":[{"@type":"Article","@id":"https:\/\/dev.xnet-x.net\/es\/aprobacion-directiva-copyright-no-llames-censura-llamalo-derechos-autor\/#article","isPartOf":{"@id":"https:\/\/dev.xnet-x.net\/es\/aprobacion-directiva-copyright-no-llames-censura-llamalo-derechos-autor\/"},"author":{"name":"Xnet","@id":"https:\/\/dev.xnet-x.net\/es\/#\/schema\/person\/02880890b95968f2b3bd4cfd79843d49"},"headline":"Sobre la aprobaci\u00f3n de la Directiva Copyright: No lo llames censura, ll\u00e1malo Derechos de Autor","datePublished":"2019-03-26T11:56:25+00:00","dateModified":"2021-09-08T10:58:46+00:00","mainEntityOfPage":{"@id":"https:\/\/dev.xnet-x.net\/es\/aprobacion-directiva-copyright-no-llames-censura-llamalo-derechos-autor\/"},"wordCount":1865,"publisher":{"@id":"https:\/\/dev.xnet-x.net\/es\/#organization"},"image":{"@id":"https:\/\/dev.xnet-x.net\/es\/aprobacion-directiva-copyright-no-llames-censura-llamalo-derechos-autor\/#primaryimage"},"thumbnailUrl":"https:\/\/dev.xnet-x.net\/img\/Sobre-la-aprobacio\u0301n-de-la-Directiva-Copyright-No-lo-llames-censura-lla\u0301malo-Derechos-de-Autor.jpg","articleSection":["Blog - Nuestras acciones"],"inLanguage":"es"},{"@type":"WebPage","@id":"https:\/\/dev.xnet-x.net\/es\/aprobacion-directiva-copyright-no-llames-censura-llamalo-derechos-autor\/","url":"https:\/\/dev.xnet-x.net\/es\/aprobacion-directiva-copyright-no-llames-censura-llamalo-derechos-autor\/","name":"Aprobaci\u00f3n de Directiva Copyright: ll\u00e1malo Derechos de Autor","isPartOf":{"@id":"https:\/\/dev.xnet-x.net\/es\/#website"},"primaryImageOfPage":{"@id":"https:\/\/dev.xnet-x.net\/es\/aprobacion-directiva-copyright-no-llames-censura-llamalo-derechos-autor\/#primaryimage"},"image":{"@id":"https:\/\/dev.xnet-x.net\/es\/aprobacion-directiva-copyright-no-llames-censura-llamalo-derechos-autor\/#primaryimage"},"thumbnailUrl":"https:\/\/dev.xnet-x.net\/img\/Sobre-la-aprobacio\u0301n-de-la-Directiva-Copyright-No-lo-llames-censura-lla\u0301malo-Derechos-de-Autor.jpg","datePublished":"2019-03-26T11:56:25+00:00","dateModified":"2021-09-08T10:58:46+00:00","description":"Lamentamos la aprobaci\u00f3n de la Directiva Copyright: No lo llames censura, ll\u00e1malo Derechos de Autor. #SGAE. Contra la censura previa. #Filtrado","breadcrumb":{"@id":"https:\/\/dev.xnet-x.net\/es\/aprobacion-directiva-copyright-no-llames-censura-llamalo-derechos-autor\/#breadcrumb"},"inLanguage":"es","potentialAction":[{"@type":"ReadAction","target":[["https:\/\/dev.xnet-x.net\/es\/aprobacion-directiva-copyright-no-llames-censura-llamalo-derechos-autor\/"]]}]},{"@type":"ImageObject","inLanguage":"es","@id":"https:\/\/dev.xnet-x.net\/es\/aprobacion-directiva-copyright-no-llames-censura-llamalo-derechos-autor\/#primaryimage","url":"https:\/\/dev.xnet-x.net\/img\/Sobre-la-aprobacio\u0301n-de-la-Directiva-Copyright-No-lo-llames-censura-lla\u0301malo-Derechos-de-Autor.jpg","contentUrl":"https:\/\/dev.xnet-x.net\/img\/Sobre-la-aprobacio\u0301n-de-la-Directiva-Copyright-No-lo-llames-censura-lla\u0301malo-Derechos-de-Autor.jpg","width":838,"height":420,"caption":"aprobacion-directiva-copyright-no-llames-censura-llamalo-derechos-autor"},{"@type":"BreadcrumbList","@id":"https:\/\/dev.xnet-x.net\/es\/aprobacion-directiva-copyright-no-llames-censura-llamalo-derechos-autor\/#breadcrumb","itemListElement":[{"@type":"ListItem","position":1,"name":"Portada","item":"https:\/\/dev.xnet-x.net\/es\/"},{"@type":"ListItem","position":2,"name":"Sobre la aprobaci\u00f3n de la Directiva Copyright: No lo llames censura, ll\u00e1malo Derechos de Autor"}]},{"@type":"WebSite","@id":"https:\/\/dev.xnet-x.net\/es\/#website","url":"https:\/\/dev.xnet-x.net\/es\/","name":"[:es]Xnet - Internet, derechos y democracia en la era digital[:ca]Xnet - Internet, drets i democr\u00e0cia en l'era digital[:en]Xnet - Internet freedoms & digital rights[:]","description":"Xnet: Internet, informaci\u00f3n y cultura libres. Tecnopol\u00edtica. Datos, algoritmos y derechos digitales. Libertad de expresi\u00f3n. Democracia y anticorrupci\u00f3n","publisher":{"@id":"https:\/\/dev.xnet-x.net\/es\/#organization"},"potentialAction":[{"@type":"SearchAction","target":{"@type":"EntryPoint","urlTemplate":"https:\/\/dev.xnet-x.net\/es\/?s={search_term_string}"},"query-input":{"@type":"PropertyValueSpecification","valueRequired":true,"valueName":"search_term_string"}}],"inLanguage":"es"},{"@type":"Organization","@id":"https:\/\/dev.xnet-x.net\/es\/#organization","name":"Xnet - Internet, derechos y democracia en la era digital","url":"https:\/\/dev.xnet-x.net\/es\/","logo":{"@type":"ImageObject","inLanguage":"es","@id":"https:\/\/dev.xnet-x.net\/es\/#\/schema\/logo\/image\/","url":"https:\/\/xnet-x.net\/img\/xnet-logo.png","contentUrl":"https:\/\/xnet-x.net\/img\/xnet-logo.png","width":512,"height":512,"caption":"Xnet - Internet, derechos y democracia en la era digital"},"image":{"@id":"https:\/\/dev.xnet-x.net\/es\/#\/schema\/logo\/image\/"},"sameAs":["http:\/\/facebook.com\/RedX.Net\/","https:\/\/x.com\/x_net_","https:\/\/es.wikipedia.org\/wiki\/Xnet"]},{"@type":"Person","@id":"https:\/\/dev.xnet-x.net\/es\/#\/schema\/person\/02880890b95968f2b3bd4cfd79843d49","name":"Xnet","image":{"@type":"ImageObject","inLanguage":"es","@id":"https:\/\/dev.xnet-x.net\/es\/#\/schema\/person\/image\/","url":"https:\/\/secure.gravatar.com\/avatar\/41a61c327d24125228571dadd14748b0afd881e633e6e61518dacc4fef53cc93?s=96&d=mm&r=g","contentUrl":"https:\/\/secure.gravatar.com\/avatar\/41a61c327d24125228571dadd14748b0afd881e633e6e61518dacc4fef53cc93?s=96&d=mm&r=g","caption":"Xnet"}}]}},"_links":{"self":[{"href":"https:\/\/dev.xnet-x.net\/es\/wp-json\/wp\/v2\/posts\/16518","targetHints":{"allow":["GET"]}}],"collection":[{"href":"https:\/\/dev.xnet-x.net\/es\/wp-json\/wp\/v2\/posts"}],"about":[{"href":"https:\/\/dev.xnet-x.net\/es\/wp-json\/wp\/v2\/types\/post"}],"author":[{"embeddable":true,"href":"https:\/\/dev.xnet-x.net\/es\/wp-json\/wp\/v2\/users\/15"}],"replies":[{"embeddable":true,"href":"https:\/\/dev.xnet-x.net\/es\/wp-json\/wp\/v2\/comments?post=16518"}],"version-history":[{"count":20,"href":"https:\/\/dev.xnet-x.net\/es\/wp-json\/wp\/v2\/posts\/16518\/revisions"}],"predecessor-version":[{"id":19177,"href":"https:\/\/dev.xnet-x.net\/es\/wp-json\/wp\/v2\/posts\/16518\/revisions\/19177"}],"wp:featuredmedia":[{"embeddable":true,"href":"https:\/\/dev.xnet-x.net\/es\/wp-json\/wp\/v2\/media\/16537"}],"wp:attachment":[{"href":"https:\/\/dev.xnet-x.net\/es\/wp-json\/wp\/v2\/media?parent=16518"}],"wp:term":[{"taxonomy":"category","embeddable":true,"href":"https:\/\/dev.xnet-x.net\/es\/wp-json\/wp\/v2\/categories?post=16518"},{"taxonomy":"post_tag","embeddable":true,"href":"https:\/\/dev.xnet-x.net\/es\/wp-json\/wp\/v2\/tags?post=16518"}],"curies":[{"name":"wp","href":"https:\/\/api.w.org\/{rel}","templated":true}]}}