{"id":1536,"date":"2010-10-25T10:32:21","date_gmt":"2010-10-25T09:32:21","guid":{"rendered":"http:\/\/la-ex.net\/?p=1536"},"modified":"2016-08-24T16:21:51","modified_gmt":"2016-08-24T15:21:51","slug":"el-tribunal-de-justicia-de-la-unio-europea-declara-il%c2%b7legal-el-canon-espanyol","status":"publish","type":"post","link":"https:\/\/dev.xnet-x.net\/es\/canon-digital-espanol-ilegal\/","title":{"rendered":"La sentencia sobre el canon digital se discutir\u00e1 desde la sociedad civil en el FCForum"},"content":{"rendered":"<p><strong><a href=\"http:\/\/fcforum.net\/sentencia-canon.pdf \">En la sentencia publicada hoy, jueves 21 de octubre de 2010<\/a>, el Tribunal de Justicia ha dictaminado que la aplicaci\u00f3n indiscriminada del canon digital en Espa\u00f1a no es conforme al Derecho Europeo<\/strong><\/p>\n<p>El Tribunal considera que ha de existir una necesaria vinculaci\u00f3n entre la aplicaci\u00f3n del canon por copia privada y la utilizaci\u00f3n para realizar reproducciones privadas. As\u00ed pues, no puede aplicarse el canon digital a todos los aparatos y soportes de reproducci\u00f3n digital sino s\u00f3lo a aquellos que pueda suponerse que causar\u00e1n un perjuicio a los autores protegidos.<\/p>\n<p style=\"margin: 20px 0; text-align: left;\"><strong>Catal\u00e0:<\/strong> <a href=\"\/ca\/el-tribunal-de-justicia-de-la-unio-europea-declara-il%c2%b7legal-el-canon-espanyol\" target=\"_blank\"> <em>La sent\u00e8ncia sobre el c\u00e0non digital es discutir\u00e0 des de la societat civil en el Fcforum<\/em><\/a><br \/>\n<strong>English:<\/strong> <em><a href=\"\/en\/spain-digital-canon-deemed-illegal-by-the-european-court-of-justice\" target=\"_blank\">The ruling of the TJEU on digital levy in Spain will be discussed at the FCForum<\/a><\/em><\/p>\n<p><strong>Profesionales, empresas e instituciones p\u00fablicas quedan, por lo tanto, directamente excluidas del pago del canon digital. <\/strong>Y adem\u00e1s, las entidades de gesti\u00f3n no podr\u00e1n cobrar tampoco a los particulares por equipos, aparatos y soportes que no puedan utilizarse para la copia privada, c\u00f3mo ocurr\u00eda hasta ahora. La sentencia habla de los anteriores como <strong>una excepci\u00f3n, pero no tiene porqu\u00e9 ser la \u00fanica. <\/strong><\/p>\n<p>No obstante, s\u00ed se permitir\u00eda el cobro del canon digital a particulares en equipos, aparatos y soportes de reproducci\u00f3n que puedan utilizarse para realizar copias privadas. A\u00fan as\u00ed, <strong>entendemos que trat\u00e1ndose de una presunci\u00f3n debe existir un mecanismo para que \u00e9l particular pueda demostrar, y por tanto no pagar, por la no utilizaci\u00f3n de estos medios para la realizaci\u00f3n de copia privada.<\/strong><\/p>\n<p>No cabe duda de que el canon digital es ilegal y el estado espa\u00f1ol tiene la obligaci\u00f3n de dejar de aplicarlo tal c\u00f3mo lo hace ahora.<\/p>\n<p>Se abre la puerta adem\u00e1s a solicitar que se anulen todas las sentencias que obligaban a personas no f\u00edsicas a pagar el canon digital y a que los ciudadanos exijan del gobierno que el nuevo sistema de compensaci\u00f3n por copia privada no se les aplique abusiva e indiscriminadamente.<\/p>\n<p>De ello que el Principal congreso mundial sobre derechos de autor libres, el FCFORUM 2010 que se celebrar\u00e1 en Barcelona a partir del el 28 de octubre, dentro de una semana escasa, tratar\u00e1 extensamente la sentencia del TJUE y las medidas a tomar para que el nuevo modelo no recaude a favor de las entidades de gesti\u00f3n por autores que nunca se deb\u00eda haber recaudado por ellos.<\/p>\n<p>Josep Jover Padr\u00f3<br \/>\njjover@estudisjuridics.net<br \/>\nEstudis Jur\u00eddics<\/p>\n<p><strong>Consulta tambi\u00e9n:<\/strong><br \/>\n<a href=\"http:\/\/www.sgaecontratraxtore.com\/cms\/index.php?page=4-de-marzo-2010\" rel=\"nofollow\">SGAE contra Traxtore:<em> Tribunal de Justicia en Luxemburgo<\/em><\/a><br \/>\n<a title=\"Para saber m\u00e1s sobre como se rcauda y reparte el Canon Digital\" href=\"\/devolucion-canon-por-copia-privada\">Pide la devoluci\u00f3n del Canon digital por copia privada<\/a>: Qui\u00e9n y como reacuda y reparte el Canon Digital en Espa\u00f1a.<br \/>\n<a title=\"Qui\u00e9n puede reclamar el Canon Digital y como\" href=\"\/como-reclamar-el-canon\">C\u00f3mo reclamar el Canon Digital<\/a>: Indicaciones pr\u00e1cticas sobre como proceder para la devoluci\u00f3n del Canon Digital.<br \/>\n<a title=\"Accede al modelo de reclamaci\u00f3n del Canon\" href=\"\/herramientas\/modelo-de-reclamacion-canon\">Modelo de reclamaci\u00f3n del Canon<\/a>: Carta que puedes utilizar para solicitar la devoluci\u00f3n del Canon.<\/p>\n<p style=\"background: #e6e6e6; padding: 10px;\"><strong>* Esta semana, jueves 28 a las 20,30h &#8211; <a href=\"http:\/\/oxcars10.xnet-x.net\/es\">Los oXcars, el mayor evento de cultura libre de todos los tiempos<\/a><\/strong> dan el pistoletazo de salida al FcForum. Ya a la venta el bono de ayuda para los oXcars. <a href=\"http:\/\/www.codetickets.com\/sala-apolo\/es\/sala-apolo.com\/566\/\" target=\"_blank\">Venta online aqu\u00ed<\/a> (3,55 euros) \/\/ Venta en mano (3 euros): Calle Sant Pau 58 Bajos \u2013 Barcelona \u2013 De lunes a viernes de 10h a 14h y de 17h a 20h \u2013 tel 933020630<\/p>\n<p><\/p>","protected":false},"excerpt":{"rendered":"<p>En la sentencia publicada hoy, jueves 21 de octubre de 2010, el Tribunal de Justicia ha dictaminado que la aplicaci\u00f3n indiscriminada del canon digital en Espa\u00f1a no es conforme al Derecho Europeo El Tribunal considera que ha de existir una necesaria vinculaci\u00f3n entre la aplicaci\u00f3n del canon por copia privada y la utilizaci\u00f3n para realizar [&hellip;]<\/p>\n","protected":false},"author":5,"featured_media":0,"comment_status":"closed","ping_status":"closed","sticky":false,"template":"","format":"standard","meta":{"footnotes":""},"categories":[52],"tags":[],"class_list":["post-1536","post","type-post","status-publish","format-standard","hentry","category-blog","ejes-cultura-libre"],"yoast_head":"<!-- This site is optimized with the Yoast SEO plugin v26.7 - https:\/\/yoast.com\/wordpress\/plugins\/seo\/ -->\n<title>La sentencia sobre el canon digital se discutir\u00e1 desde la sociedad civil en el FCForum<\/title>\n<meta name=\"robots\" content=\"index, follow, max-snippet:-1, max-image-preview:large, max-video-preview:-1\" \/>\n<link rel=\"canonical\" href=\"https:\/\/dev.xnet-x.net\/es\/canon-digital-espanol-ilegal\/\" \/>\n<meta name=\"twitter:label1\" content=\"Escrito por\" \/>\n\t<meta name=\"twitter:data1\" content=\"Xnet\" \/>\n\t<meta name=\"twitter:label2\" content=\"Tiempo de lectura\" \/>\n\t<meta name=\"twitter:data2\" content=\"7 minutos\" \/>\n<script type=\"application\/ld+json\" class=\"yoast-schema-graph\">{\"@context\":\"https:\/\/schema.org\",\"@graph\":[{\"@type\":\"Article\",\"@id\":\"https:\/\/dev.xnet-x.net\/es\/canon-digital-espanol-ilegal\/#article\",\"isPartOf\":{\"@id\":\"https:\/\/dev.xnet-x.net\/es\/canon-digital-espanol-ilegal\/\"},\"author\":{\"name\":\"Xnet\",\"@id\":\"https:\/\/dev.xnet-x.net\/es\/#\/schema\/person\/919c7ab500254f012b3e8975a5cf2bc3\"},\"headline\":\"La sentencia sobre el canon digital se discutir\u00e1 desde la sociedad civil en el FCForum\",\"datePublished\":\"2010-10-25T09:32:21+00:00\",\"dateModified\":\"2016-08-24T15:21:51+00:00\",\"mainEntityOfPage\":{\"@id\":\"https:\/\/dev.xnet-x.net\/es\/canon-digital-espanol-ilegal\/\"},\"wordCount\":1559,\"publisher\":{\"@id\":\"https:\/\/dev.xnet-x.net\/es\/#organization\"},\"articleSection\":[\"Blog - Nuestras acciones\"],\"inLanguage\":\"es\"},{\"@type\":\"WebPage\",\"@id\":\"https:\/\/dev.xnet-x.net\/es\/canon-digital-espanol-ilegal\/\",\"url\":\"https:\/\/dev.xnet-x.net\/es\/canon-digital-espanol-ilegal\/\",\"name\":\"La sentencia sobre el canon digital se discutir\u00e1 desde la sociedad civil en el FCForum\",\"isPartOf\":{\"@id\":\"https:\/\/dev.xnet-x.net\/es\/#website\"},\"datePublished\":\"2010-10-25T09:32:21+00:00\",\"dateModified\":\"2016-08-24T15:21:51+00:00\",\"breadcrumb\":{\"@id\":\"https:\/\/dev.xnet-x.net\/es\/canon-digital-espanol-ilegal\/#breadcrumb\"},\"inLanguage\":\"es\",\"potentialAction\":[{\"@type\":\"ReadAction\",\"target\":[[\"https:\/\/dev.xnet-x.net\/es\/canon-digital-espanol-ilegal\/\"]]}]},{\"@type\":\"BreadcrumbList\",\"@id\":\"https:\/\/dev.xnet-x.net\/es\/canon-digital-espanol-ilegal\/#breadcrumb\",\"itemListElement\":[{\"@type\":\"ListItem\",\"position\":1,\"name\":\"Portada\",\"item\":\"https:\/\/dev.xnet-x.net\/es\/\"},{\"@type\":\"ListItem\",\"position\":2,\"name\":\"La sentencia sobre el canon digital se discutir\u00e1 desde la sociedad civil en el FCForum\"}]},{\"@type\":\"WebSite\",\"@id\":\"https:\/\/dev.xnet-x.net\/es\/#website\",\"url\":\"https:\/\/dev.xnet-x.net\/es\/\",\"name\":\"[:es]Xnet - Internet, derechos y democracia en la era digital[:ca]Xnet - Internet, drets i democr\u00e0cia en l'era digital[:en]Xnet - Internet freedoms & digital rights[:]\",\"description\":\"Xnet: Internet, informaci\u00f3n y cultura libres. Tecnopol\u00edtica. Datos, algoritmos y derechos digitales. Libertad de expresi\u00f3n. Democracia y anticorrupci\u00f3n\",\"publisher\":{\"@id\":\"https:\/\/dev.xnet-x.net\/es\/#organization\"},\"potentialAction\":[{\"@type\":\"SearchAction\",\"target\":{\"@type\":\"EntryPoint\",\"urlTemplate\":\"https:\/\/dev.xnet-x.net\/es\/?s={search_term_string}\"},\"query-input\":{\"@type\":\"PropertyValueSpecification\",\"valueRequired\":true,\"valueName\":\"search_term_string\"}}],\"inLanguage\":\"es\"},{\"@type\":\"Organization\",\"@id\":\"https:\/\/dev.xnet-x.net\/es\/#organization\",\"name\":\"Xnet - Internet, derechos y democracia en la era digital\",\"url\":\"https:\/\/dev.xnet-x.net\/es\/\",\"logo\":{\"@type\":\"ImageObject\",\"inLanguage\":\"es\",\"@id\":\"https:\/\/dev.xnet-x.net\/es\/#\/schema\/logo\/image\/\",\"url\":\"https:\/\/xnet-x.net\/img\/xnet-logo.png\",\"contentUrl\":\"https:\/\/xnet-x.net\/img\/xnet-logo.png\",\"width\":512,\"height\":512,\"caption\":\"Xnet - Internet, derechos y democracia en la era digital\"},\"image\":{\"@id\":\"https:\/\/dev.xnet-x.net\/es\/#\/schema\/logo\/image\/\"},\"sameAs\":[\"http:\/\/facebook.com\/RedX.Net\/\",\"https:\/\/x.com\/x_net_\",\"https:\/\/es.wikipedia.org\/wiki\/Xnet\"]},{\"@type\":\"Person\",\"@id\":\"https:\/\/dev.xnet-x.net\/es\/#\/schema\/person\/919c7ab500254f012b3e8975a5cf2bc3\",\"name\":\"Xnet\",\"image\":{\"@type\":\"ImageObject\",\"inLanguage\":\"es\",\"@id\":\"https:\/\/dev.xnet-x.net\/es\/#\/schema\/person\/image\/\",\"url\":\"https:\/\/secure.gravatar.com\/avatar\/8b8563db88d55a25627c485761032c68d19ec6fbca59b20305af9bd0e10cb624?s=96&d=mm&r=g\",\"contentUrl\":\"https:\/\/secure.gravatar.com\/avatar\/8b8563db88d55a25627c485761032c68d19ec6fbca59b20305af9bd0e10cb624?s=96&d=mm&r=g\",\"caption\":\"Xnet\"}}]}<\/script>\n<!-- \/ Yoast SEO plugin. -->","yoast_head_json":{"title":"La sentencia sobre el canon digital se discutir\u00e1 desde la sociedad civil en el FCForum","robots":{"index":"index","follow":"follow","max-snippet":"max-snippet:-1","max-image-preview":"max-image-preview:large","max-video-preview":"max-video-preview:-1"},"canonical":"https:\/\/dev.xnet-x.net\/es\/canon-digital-espanol-ilegal\/","twitter_misc":{"Escrito por":"Xnet","Tiempo de lectura":"7 minutos"},"schema":{"@context":"https:\/\/schema.org","@graph":[{"@type":"Article","@id":"https:\/\/dev.xnet-x.net\/es\/canon-digital-espanol-ilegal\/#article","isPartOf":{"@id":"https:\/\/dev.xnet-x.net\/es\/canon-digital-espanol-ilegal\/"},"author":{"name":"Xnet","@id":"https:\/\/dev.xnet-x.net\/es\/#\/schema\/person\/919c7ab500254f012b3e8975a5cf2bc3"},"headline":"La sentencia sobre el canon digital se discutir\u00e1 desde la sociedad civil en el FCForum","datePublished":"2010-10-25T09:32:21+00:00","dateModified":"2016-08-24T15:21:51+00:00","mainEntityOfPage":{"@id":"https:\/\/dev.xnet-x.net\/es\/canon-digital-espanol-ilegal\/"},"wordCount":1559,"publisher":{"@id":"https:\/\/dev.xnet-x.net\/es\/#organization"},"articleSection":["Blog - Nuestras acciones"],"inLanguage":"es"},{"@type":"WebPage","@id":"https:\/\/dev.xnet-x.net\/es\/canon-digital-espanol-ilegal\/","url":"https:\/\/dev.xnet-x.net\/es\/canon-digital-espanol-ilegal\/","name":"La sentencia sobre el canon digital se discutir\u00e1 desde la sociedad civil en el FCForum","isPartOf":{"@id":"https:\/\/dev.xnet-x.net\/es\/#website"},"datePublished":"2010-10-25T09:32:21+00:00","dateModified":"2016-08-24T15:21:51+00:00","breadcrumb":{"@id":"https:\/\/dev.xnet-x.net\/es\/canon-digital-espanol-ilegal\/#breadcrumb"},"inLanguage":"es","potentialAction":[{"@type":"ReadAction","target":[["https:\/\/dev.xnet-x.net\/es\/canon-digital-espanol-ilegal\/"]]}]},{"@type":"BreadcrumbList","@id":"https:\/\/dev.xnet-x.net\/es\/canon-digital-espanol-ilegal\/#breadcrumb","itemListElement":[{"@type":"ListItem","position":1,"name":"Portada","item":"https:\/\/dev.xnet-x.net\/es\/"},{"@type":"ListItem","position":2,"name":"La sentencia sobre el canon digital se discutir\u00e1 desde la sociedad civil en el FCForum"}]},{"@type":"WebSite","@id":"https:\/\/dev.xnet-x.net\/es\/#website","url":"https:\/\/dev.xnet-x.net\/es\/","name":"[:es]Xnet - Internet, derechos y democracia en la era digital[:ca]Xnet - Internet, drets i democr\u00e0cia en l'era digital[:en]Xnet - Internet freedoms & digital rights[:]","description":"Xnet: Internet, informaci\u00f3n y cultura libres. Tecnopol\u00edtica. Datos, algoritmos y derechos digitales. Libertad de expresi\u00f3n. Democracia y anticorrupci\u00f3n","publisher":{"@id":"https:\/\/dev.xnet-x.net\/es\/#organization"},"potentialAction":[{"@type":"SearchAction","target":{"@type":"EntryPoint","urlTemplate":"https:\/\/dev.xnet-x.net\/es\/?s={search_term_string}"},"query-input":{"@type":"PropertyValueSpecification","valueRequired":true,"valueName":"search_term_string"}}],"inLanguage":"es"},{"@type":"Organization","@id":"https:\/\/dev.xnet-x.net\/es\/#organization","name":"Xnet - Internet, derechos y democracia en la era digital","url":"https:\/\/dev.xnet-x.net\/es\/","logo":{"@type":"ImageObject","inLanguage":"es","@id":"https:\/\/dev.xnet-x.net\/es\/#\/schema\/logo\/image\/","url":"https:\/\/xnet-x.net\/img\/xnet-logo.png","contentUrl":"https:\/\/xnet-x.net\/img\/xnet-logo.png","width":512,"height":512,"caption":"Xnet - Internet, derechos y democracia en la era digital"},"image":{"@id":"https:\/\/dev.xnet-x.net\/es\/#\/schema\/logo\/image\/"},"sameAs":["http:\/\/facebook.com\/RedX.Net\/","https:\/\/x.com\/x_net_","https:\/\/es.wikipedia.org\/wiki\/Xnet"]},{"@type":"Person","@id":"https:\/\/dev.xnet-x.net\/es\/#\/schema\/person\/919c7ab500254f012b3e8975a5cf2bc3","name":"Xnet","image":{"@type":"ImageObject","inLanguage":"es","@id":"https:\/\/dev.xnet-x.net\/es\/#\/schema\/person\/image\/","url":"https:\/\/secure.gravatar.com\/avatar\/8b8563db88d55a25627c485761032c68d19ec6fbca59b20305af9bd0e10cb624?s=96&d=mm&r=g","contentUrl":"https:\/\/secure.gravatar.com\/avatar\/8b8563db88d55a25627c485761032c68d19ec6fbca59b20305af9bd0e10cb624?s=96&d=mm&r=g","caption":"Xnet"}}]}},"_links":{"self":[{"href":"https:\/\/dev.xnet-x.net\/es\/wp-json\/wp\/v2\/posts\/1536","targetHints":{"allow":["GET"]}}],"collection":[{"href":"https:\/\/dev.xnet-x.net\/es\/wp-json\/wp\/v2\/posts"}],"about":[{"href":"https:\/\/dev.xnet-x.net\/es\/wp-json\/wp\/v2\/types\/post"}],"author":[{"embeddable":true,"href":"https:\/\/dev.xnet-x.net\/es\/wp-json\/wp\/v2\/users\/5"}],"replies":[{"embeddable":true,"href":"https:\/\/dev.xnet-x.net\/es\/wp-json\/wp\/v2\/comments?post=1536"}],"version-history":[{"count":5,"href":"https:\/\/dev.xnet-x.net\/es\/wp-json\/wp\/v2\/posts\/1536\/revisions"}],"predecessor-version":[{"id":8819,"href":"https:\/\/dev.xnet-x.net\/es\/wp-json\/wp\/v2\/posts\/1536\/revisions\/8819"}],"wp:attachment":[{"href":"https:\/\/dev.xnet-x.net\/es\/wp-json\/wp\/v2\/media?parent=1536"}],"wp:term":[{"taxonomy":"category","embeddable":true,"href":"https:\/\/dev.xnet-x.net\/es\/wp-json\/wp\/v2\/categories?post=1536"},{"taxonomy":"post_tag","embeddable":true,"href":"https:\/\/dev.xnet-x.net\/es\/wp-json\/wp\/v2\/tags?post=1536"}],"curies":[{"name":"wp","href":"https:\/\/api.w.org\/{rel}","templated":true}]}}