{"id":14962,"date":"2018-05-22T13:57:47","date_gmt":"2018-05-22T11:57:47","guid":{"rendered":"https:\/\/xnet-x.net\/?p=14962"},"modified":"2021-09-08T12:55:03","modified_gmt":"2021-09-08T10:55:03","slug":"breve-guia-del-nuevo-reglamento-europeo-de-proteccion-de-datos-una-batalla-de-cuatro-anos-por-la-proteccion-de-tus-datos","status":"publish","type":"post","link":"https:\/\/dev.xnet-x.net\/es\/breve-guia-nuevo-reglamento-europeo-proteccion-datos-batalla-de-cuatro-anos\/","title":{"rendered":"Breve gu\u00eda del nuevo Reglamento Europeo de Protecci\u00f3n de Datos: una batalla de cuatro a\u00f1os por la protecci\u00f3n de tus datos"},"content":{"rendered":"<p><em>Texto de la red European Digital Rights de la que Xnet es miembro. <\/em><\/p>\n<p>En 2012 se inici\u00f3 lo que se convertir\u00eda en un proceso de cuatro a\u00f1os: la creaci\u00f3n del nuevos Reglamento Europeo de protecci\u00f3n de datos que sustituye la normativa de protecci\u00f3n de datos de 1995 y mejora y armoniza los niveles de protecci\u00f3n de datos en toda Europa. Un instrumento legislativo influyente que afecta a la vida de 50 millones de personas y que crea el est\u00e1ndar regional m\u00e1s alto para la protecci\u00f3n de datos.<\/p>\n<p><strong>Los grupos de presi\u00f3n enloquecieron<\/strong><br \/>\nCon tanto en juego, la sociedad civil estaba preparando para un fuerte ofensiva de las corporaciones. Pero nunca hubi\u00e9ramos podido imaginar con que empe\u00f1o los grupos de presi\u00f3n estaban dispuestos a trabajar para socavar los derechos de la ciudadan\u00eda y lo lejos que llegar\u00edan para lograr sus objetivos. La ex Comisaria Europea Viviane Reding dijo que ha sido la campa\u00f1a de lobbying m\u00e1s agresiva que jam\u00e1s hab\u00eda conocido. El Parlamento Europeo se vio inundado por la mayor ofensiva de grupos de presi\u00f3n de su historia pol\u00edtica.<\/p>\n<p><strong>La sociedad civil contraatac\u00f3<\/strong><br \/>\nLos miembros de European Digital Rights (EDRi), una asociaci\u00f3n de organizaciones de derechos humanos y civiles en el \u00e1mbito digital de toda Europa, trabajamos juntos para contratacar. Entre otras cosas, tuvimos que explicar cosas tan obvias como que las filtraciones de datos personales pone en peligro a las personas y por esto necesitan ser comunicadas cuando ocurren; o que no es aceptable rastrear y hacer perfiles de personas sin su consentimiento. Nos enfrent\u00e1bamos a los esfuerzos conjuntos de las mayores corporaciones multinacionales y gobiernos \u00e1vidos de datos, pero tambi\u00e9n ten\u00edamos dos cosas a nuestro favor: el rapporteur, Jan Philipp Albrecht, y su equipo se mantuvieron firmes en la defensa de los derechos civiles; y en 2013 las revelaciones de Snowden hicieron que los pol\u00edticos tuvieran m\u00e1s inter\u00e9s o no tuvieron m\u00e1s remedio que hacer lo mismo. Contra todo pron\u00f3stico, nos impusimos.<\/p>\n<p><strong>El GDPR no es perfecto, pero es el camino a seguir<\/strong><br \/>\nEl GDPR (por sus iniciales en ingl\u00e9s) Reglamento General de Protecci\u00f3n de Datos que se adopt\u00f3 en 2016, y que entrar\u00e1 en vigor a partir del 25 de mayo, dista mucho de ser perfecto. Sin embargo, como se\u00f1alamos en 2015, logramos salvar \u00ablos elementos esenciales de la protecci\u00f3n de datos en Europa\u00bb, y ahora disponemos de una herramienta con la que hacer rendir cuentas a las empresas y a los gobiernos que utilizan nuestros datos. Y tenemos la intenci\u00f3n de hacerlo valer.<br \/>\n&nbsp;<\/p>\n<p><strong>Breve gu\u00eda de tus derechos con el nuevo Reglamento Europeo de Protecci\u00f3n de Datos<\/strong><\/p>\n<p><strong>\u00bfCu\u00e1les son mis derechos con el GDPR?<\/strong><br \/>\n1. Tienes derecho a la informaci\u00f3n.<br \/>\n&#8211; Las empresas y organizaciones est\u00e1n ahora obligadas a comunicarte, en un lenguaje claro y accesible, qu\u00e9 datos personales procesan y c\u00f3mo los utilizan. (\u00abProcesamiento\u00bb incluye todo lo relacionado con la recopilaci\u00f3n, agregaci\u00f3n, extracci\u00f3n o intercambio de datos.)<br \/>\n&#8211; Si una empresa u organizaci\u00f3n crea un perfil tuyo a partir de los datos (por ejemplo, a partir de datos procedentes de diferentes fuentes), tienes derecho a saber qu\u00e9 contiene este perfil.<\/p>\n<p>2. Tienes derecho a un procesamiento seguro.<br \/>\nEl GDPR obliga a que los datos personales sean almacenados y procesados de forma segura.<\/p>\n<p>3. Tienes derecho a acceder en cualquier momento a los datos personales que una empresa u organizaci\u00f3n tiene sobre ti.<br \/>\n&#8211; Si los datos son inexactos, puedes modificarlos o completarlos.<br \/>\n&#8211; Si los datos ya no son necesarios, puedes solicitar a la empresa\/organizaci\u00f3n que los elimine.<br \/>\n&#8211; Si inicialmente proporcionaste a la empresa\/organizaci\u00f3n m\u00e1s datos de los necesarios para recibir el servicio (por ejemplo, con fines de marketing), pero ya no deseas que tengan estos datos, puedes pedirles que los eliminen.<\/p>\n<p>4. Tienes derecho a utilizar un servicio sin revelar datos adicionales.<br \/>\nSi una empresa u organizaci\u00f3n desea procesar datos personales que no son estrictamente necesarios para la prestaci\u00f3n de un determinado servicio (por ejemplo, una aplicaci\u00f3n de transporte que desea acceder a la lista de contactos de su tel\u00e9fono), debe obtener tu consentimiento expl\u00edcito para procesar dichos datos. Ten en cuenta que incluso si una empresa cree que ciertos datos son \u00fatiles para la prestaci\u00f3n de su servicio, esto no siempre significa que sean necesarios. Si ya has dado tu consentimiento para el tratamiento de datos adicionales, siempre podr\u00e1s revocar dicho consentimiento. <\/p>\n<p>5. Con las decisiones automatizadas,  tienes el derecho a una explicaci\u00f3n y a la intervenci\u00f3n \u201chumana\u201d.<br \/>\n&#8211; Si se ha tomado una decisi\u00f3n sobre ti a trav\u00e9s de mecanismos autom\u00e1ticos,  tienes derecho a saber c\u00f3mo se tom\u00f3 la decisi\u00f3n (es decir, tienes derecho a una explicaci\u00f3n de la l\u00f3gica que hay detr\u00e1s del mecanismo utilizado).<br \/>\n&#8211; Cuando se trata de toma de decisiones automatizada, tienes derecho a la intervenci\u00f3n humana, y el derecho a impugnar cualquier decisi\u00f3n tomada.<\/p>\n<p><strong>\u00bfC\u00f3mo se har\u00e1n cumplir estos derechos? <\/strong><br \/>\nCada pa\u00eds debe contar con una Autoridad P\u00fablica de Protecci\u00f3n de Datos (en Espa\u00f1a la <a href=\"http:\/\/www.agpd.es\/portalwebAGPD\/index-ides-idphp.php\" rel=\"noopener noreferrer\" target=\"_blank\">Agencia Espa\u00f1ola de Protecci\u00f3n de Datos<\/a>) independiente para garantizar que las empresas cumplan la normativa. Tienes el derecho de presentar una queja a la Agencia o de acudir a los tribunales si  crees que tus derechos han sido violados.<\/p>\n<p><strong>\u00bfTengo que hacer algo como particular?<\/strong><br \/>\nDepende de las empresas y organizaciones asegurarse de que tus datos personales est\u00e9n protegidos.<br \/>\nSin embargo, hay decisiones que tendr\u00e1s que tomar.<br \/>\nPara nuevos servicios que desees utilizar o servicios que ya est\u00e1s utilizando:<br \/>\n&#8211; Si la empresa te pide que les des datos, \u00bfrealmente quieres dar tu consentimiento?<br \/>\n&#8211; Si el servicio s\u00f3lo procesa los datos necesarios, est\u00e1 obligado a informarte, pero no necesita solicitar un consentimiento especial para hacerlo. Sin embargo, necesitan pedir consentimiento expl\u00edcito cuando quieren datos que no son necesarios. <\/p>\n<p><strong>\u00bfSignifica que puedo \u00abborrarme\u00bb a m\u00ed mismo?<\/strong><br \/>\nNo exactamente.  No puedes borrar todos tus datos personales cuando quieras. Sin embargo, puedes solicitar que se eliminen tus datos en algunas situaciones espec\u00edficas, por ejemplo, si una empresa u organizaci\u00f3n ya no los necesita para prestar el servicio que est\u00e1s utilizando, o si decides retirar su consentimiento. Sin embargo, incluso en tales casos, las empresas pueden tener motivos razonables para conservar tus datos, por ejemplo, con fines fiscales o para protegerse de posibles reclamaciones futuras.<\/p>\n<p><strong>\u00bfPuedo hablar con las empresas sobre el uso que hacen de mis datos?<\/strong><br \/>\n\u00a1Absolutamente!  El GDPR exige que las empresas y organizaciones respondan a las preguntas sobre datos personales. Esto incluye si procesan o no tus datos personales, y si es as\u00ed, para qu\u00e9 prop\u00f3sito, cu\u00e1nto tiempo estar\u00e1n almacenados y con qui\u00e9n se comparten. Y si alguna vez cambias de opini\u00f3n sobre lo que has consentido o aceptado, las empresas y organizaciones tambi\u00e9n est\u00e1n obligadas no s\u00f3lo a que sea f\u00e1cil para ti comunicar tu decisi\u00f3n, sino tambi\u00e9n a actuar eficazmente.<\/p>\n<p><strong>\u00bfQu\u00e9 puedo hacer si una empresa utiliza mis datos personales contra mi voluntad?<\/strong><br \/>\nPuede ser \u00fatil contactar primero con la empresa. Sin embargo, independientemente de si lo haces o no, tambi\u00e9n puedes presentar una queja ante la Autoridad de Protecci\u00f3n de Datos de tu pa\u00eds, incluso si la empresa no tiene una oficina en tu pa\u00eds.<br \/>\n&#8211; Tambi\u00e9n puedes ir directamente a los tribunales si sientes que tus derechos han sido violados.<br \/>\n&#8211; Si, como consecuencia de una infracci\u00f3n, has sufrido un da\u00f1o material o moral, puedes solicitar una indemnizaci\u00f3n econ\u00f3mica.  <\/p>\n<p><strong>\u00bfPor qu\u00e9 algunas empresas son cr\u00edticas con el GDPR?<\/strong><br \/>\nMuchas empresas se han acostumbrado a tratar sus datos como un \u00abrecurso gratuito\u00bb &#8211; algo que podr\u00edan tomar sin pedir permiso y explotar para su propio beneficio financiero; algo que podr\u00edan recoger sin l\u00edmite, sin protegerlo. El GDPR es una herramienta poderosa para obligar a las empresas a considerar los riesgos que conlleva &#8211; no s\u00f3lo para las personas cuyos datos procesan, sino tambi\u00e9n para ellas mismas, en t\u00e9rminos de p\u00e9rdida de confianza de los clientes &#8211; y a tratar tus datos con el cuidado y el respeto necesarios.<\/p>\n<p><strong>\u00bfSe aplica el GDPR a los datos que mi empleador tiene sobre m\u00ed?<\/strong><br \/>\nS\u00ed, tu empleador, como cualquier otra organizaci\u00f3n que procesa datos, tiene que cumplir con el GDPR. Sin embargo, cada Estado miembro de la UE puede adoptar normas m\u00e1s espec\u00edficas en lo que respecta a la relaci\u00f3n laboral. Si est\u00e1s interesado en esto, deber\u00edas buscar m\u00e1s informaci\u00f3n en el sitio web de la Autoridad de Protecci\u00f3n de Datos de tu pa\u00eds.<\/p>\n<p><strong>\u00bfSe aplica el GDPR a las empresas estadounidenses?<\/strong><br \/>\nS\u00ed. Tan pronto como una empresa controle o rastree el comportamiento de los usuarios de Internet en el territorio de la UE, el reglamento entrar\u00e1 en vigor, independientemente del lugar en el que la empresa tenga su sede. <\/p>\n<p><a href=\"https:\/\/gdprexplained.eu\/\" rel=\"noopener noreferrer\" target=\"_blank\">https:\/\/gdprexplained.eu\/<\/a><br \/>\n<a href=\"https:\/\/timetodisagree.eu\/\" rel=\"noopener noreferrer\" target=\"_blank\">https:\/\/timetodisagree.eu\/<\/a><\/p>\n<p>&nbsp;<\/p>\n<p><strong>Lecturas adicionales:<\/strong><br \/>\nFondo documental EDRi GDPR: <a href=\"https:\/\/edri.org\/gdpr-document-pool\/\" rel=\"noopener noreferrer\" target=\"_blank\">https:\/\/edri.org\/gdpr-document-pool\/<\/a><br \/>\n<\/p>","protected":false},"excerpt":{"rendered":"<p>.@X_net_ como miembro de @EDRi publica una breve gu\u00eda activista del nuevo Reglamento Europeo de Protecci\u00f3n de Datos. Una batalla que dur\u00f3 cuatro a\u00f1os por la protecci\u00f3n de tus datos<\/p>\n","protected":false},"author":11,"featured_media":14966,"comment_status":"closed","ping_status":"closed","sticky":false,"template":"","format":"standard","meta":{"footnotes":""},"categories":[52],"tags":[],"class_list":["post-14962","post","type-post","status-publish","format-standard","has-post-thumbnail","hentry","category-blog","ejes-neutralidad-de-la-red","ejes-luchas-por-las-libertades-civiles","servicios-recomendaciones-de-politicas"],"yoast_head":"<!-- This site is optimized with the Yoast SEO plugin v26.7 - https:\/\/yoast.com\/wordpress\/plugins\/seo\/ -->\n<title>Breve gu\u00eda para el nuevo Reglamento Europeo de Protecci\u00f3n de Datos<\/title>\n<meta name=\"description\" content=\"Breve gu\u00eda del nuevo Reglamento Europeo de Protecci\u00f3n de Datos. Texto de la red European Digital Rights de la que Xnet es miembro\" \/>\n<meta name=\"robots\" content=\"index, follow, max-snippet:-1, max-image-preview:large, max-video-preview:-1\" \/>\n<link rel=\"canonical\" href=\"https:\/\/dev.xnet-x.net\/es\/breve-guia-nuevo-reglamento-europeo-proteccion-datos-batalla-de-cuatro-anos\/\" \/>\n<meta name=\"twitter:label1\" content=\"Escrito por\" \/>\n\t<meta name=\"twitter:data1\" content=\"XaviSchlz\" \/>\n\t<meta name=\"twitter:label2\" content=\"Tiempo de lectura\" \/>\n\t<meta name=\"twitter:data2\" content=\"8 minutos\" \/>\n<script type=\"application\/ld+json\" class=\"yoast-schema-graph\">{\"@context\":\"https:\/\/schema.org\",\"@graph\":[{\"@type\":\"Article\",\"@id\":\"https:\/\/dev.xnet-x.net\/es\/breve-guia-nuevo-reglamento-europeo-proteccion-datos-batalla-de-cuatro-anos\/#article\",\"isPartOf\":{\"@id\":\"https:\/\/dev.xnet-x.net\/es\/breve-guia-nuevo-reglamento-europeo-proteccion-datos-batalla-de-cuatro-anos\/\"},\"author\":{\"name\":\"XaviSchlz\",\"@id\":\"https:\/\/dev.xnet-x.net\/es\/#\/schema\/person\/22ff6833bb04ae7b00d30bbfc7f8f59c\"},\"headline\":\"Breve gu\u00eda del nuevo Reglamento Europeo de Protecci\u00f3n de Datos: una batalla de cuatro a\u00f1os por la protecci\u00f3n de tus datos\",\"datePublished\":\"2018-05-22T11:57:47+00:00\",\"dateModified\":\"2021-09-08T10:55:03+00:00\",\"mainEntityOfPage\":{\"@id\":\"https:\/\/dev.xnet-x.net\/es\/breve-guia-nuevo-reglamento-europeo-proteccion-datos-batalla-de-cuatro-anos\/\"},\"wordCount\":1586,\"publisher\":{\"@id\":\"https:\/\/dev.xnet-x.net\/es\/#organization\"},\"image\":{\"@id\":\"https:\/\/dev.xnet-x.net\/es\/breve-guia-nuevo-reglamento-europeo-proteccion-datos-batalla-de-cuatro-anos\/#primaryimage\"},\"thumbnailUrl\":\"https:\/\/dev.xnet-x.net\/img\/breve-guia-nuevo-reglamento-europeo-proteccion-datos-img.png\",\"articleSection\":[\"Blog - Nuestras acciones\"],\"inLanguage\":\"es\"},{\"@type\":\"WebPage\",\"@id\":\"https:\/\/dev.xnet-x.net\/es\/breve-guia-nuevo-reglamento-europeo-proteccion-datos-batalla-de-cuatro-anos\/\",\"url\":\"https:\/\/dev.xnet-x.net\/es\/breve-guia-nuevo-reglamento-europeo-proteccion-datos-batalla-de-cuatro-anos\/\",\"name\":\"Breve gu\u00eda para el nuevo Reglamento Europeo de Protecci\u00f3n de Datos\",\"isPartOf\":{\"@id\":\"https:\/\/dev.xnet-x.net\/es\/#website\"},\"primaryImageOfPage\":{\"@id\":\"https:\/\/dev.xnet-x.net\/es\/breve-guia-nuevo-reglamento-europeo-proteccion-datos-batalla-de-cuatro-anos\/#primaryimage\"},\"image\":{\"@id\":\"https:\/\/dev.xnet-x.net\/es\/breve-guia-nuevo-reglamento-europeo-proteccion-datos-batalla-de-cuatro-anos\/#primaryimage\"},\"thumbnailUrl\":\"https:\/\/dev.xnet-x.net\/img\/breve-guia-nuevo-reglamento-europeo-proteccion-datos-img.png\",\"datePublished\":\"2018-05-22T11:57:47+00:00\",\"dateModified\":\"2021-09-08T10:55:03+00:00\",\"description\":\"Breve gu\u00eda del nuevo Reglamento Europeo de Protecci\u00f3n de Datos. Texto de la red European Digital Rights de la que Xnet es miembro\",\"breadcrumb\":{\"@id\":\"https:\/\/dev.xnet-x.net\/es\/breve-guia-nuevo-reglamento-europeo-proteccion-datos-batalla-de-cuatro-anos\/#breadcrumb\"},\"inLanguage\":\"es\",\"potentialAction\":[{\"@type\":\"ReadAction\",\"target\":[[\"https:\/\/dev.xnet-x.net\/es\/breve-guia-nuevo-reglamento-europeo-proteccion-datos-batalla-de-cuatro-anos\/\"]]}]},{\"@type\":\"ImageObject\",\"inLanguage\":\"es\",\"@id\":\"https:\/\/dev.xnet-x.net\/es\/breve-guia-nuevo-reglamento-europeo-proteccion-datos-batalla-de-cuatro-anos\/#primaryimage\",\"url\":\"https:\/\/dev.xnet-x.net\/img\/breve-guia-nuevo-reglamento-europeo-proteccion-datos-img.png\",\"contentUrl\":\"https:\/\/dev.xnet-x.net\/img\/breve-guia-nuevo-reglamento-europeo-proteccion-datos-img.png\",\"width\":2000,\"height\":1000,\"caption\":\"breve-guia-nuevo-reglamento-europeo-proteccion-datos-img\"},{\"@type\":\"BreadcrumbList\",\"@id\":\"https:\/\/dev.xnet-x.net\/es\/breve-guia-nuevo-reglamento-europeo-proteccion-datos-batalla-de-cuatro-anos\/#breadcrumb\",\"itemListElement\":[{\"@type\":\"ListItem\",\"position\":1,\"name\":\"Portada\",\"item\":\"https:\/\/dev.xnet-x.net\/es\/\"},{\"@type\":\"ListItem\",\"position\":2,\"name\":\"Breve gu\u00eda del nuevo Reglamento Europeo de Protecci\u00f3n de Datos: una batalla de cuatro a\u00f1os por la protecci\u00f3n de tus datos\"}]},{\"@type\":\"WebSite\",\"@id\":\"https:\/\/dev.xnet-x.net\/es\/#website\",\"url\":\"https:\/\/dev.xnet-x.net\/es\/\",\"name\":\"[:es]Xnet - Internet, derechos y democracia en la era digital[:ca]Xnet - Internet, drets i democr\u00e0cia en l'era digital[:en]Xnet - Internet freedoms & digital rights[:]\",\"description\":\"Xnet: Internet, informaci\u00f3n y cultura libres. Tecnopol\u00edtica. Datos, algoritmos y derechos digitales. Libertad de expresi\u00f3n. Democracia y anticorrupci\u00f3n\",\"publisher\":{\"@id\":\"https:\/\/dev.xnet-x.net\/es\/#organization\"},\"potentialAction\":[{\"@type\":\"SearchAction\",\"target\":{\"@type\":\"EntryPoint\",\"urlTemplate\":\"https:\/\/dev.xnet-x.net\/es\/?s={search_term_string}\"},\"query-input\":{\"@type\":\"PropertyValueSpecification\",\"valueRequired\":true,\"valueName\":\"search_term_string\"}}],\"inLanguage\":\"es\"},{\"@type\":\"Organization\",\"@id\":\"https:\/\/dev.xnet-x.net\/es\/#organization\",\"name\":\"Xnet - Internet, derechos y democracia en la era digital\",\"url\":\"https:\/\/dev.xnet-x.net\/es\/\",\"logo\":{\"@type\":\"ImageObject\",\"inLanguage\":\"es\",\"@id\":\"https:\/\/dev.xnet-x.net\/es\/#\/schema\/logo\/image\/\",\"url\":\"https:\/\/xnet-x.net\/img\/xnet-logo.png\",\"contentUrl\":\"https:\/\/xnet-x.net\/img\/xnet-logo.png\",\"width\":512,\"height\":512,\"caption\":\"Xnet - Internet, derechos y democracia en la era digital\"},\"image\":{\"@id\":\"https:\/\/dev.xnet-x.net\/es\/#\/schema\/logo\/image\/\"},\"sameAs\":[\"http:\/\/facebook.com\/RedX.Net\/\",\"https:\/\/x.com\/x_net_\",\"https:\/\/es.wikipedia.org\/wiki\/Xnet\"]},{\"@type\":\"Person\",\"@id\":\"https:\/\/dev.xnet-x.net\/es\/#\/schema\/person\/22ff6833bb04ae7b00d30bbfc7f8f59c\",\"name\":\"XaviSchlz\",\"image\":{\"@type\":\"ImageObject\",\"inLanguage\":\"es\",\"@id\":\"https:\/\/dev.xnet-x.net\/es\/#\/schema\/person\/image\/\",\"url\":\"https:\/\/secure.gravatar.com\/avatar\/1ef91116e3b151b72adbc0767a84e08c8d964f2b26872d9d4dff9f74d8d1712e?s=96&d=mm&r=g\",\"contentUrl\":\"https:\/\/secure.gravatar.com\/avatar\/1ef91116e3b151b72adbc0767a84e08c8d964f2b26872d9d4dff9f74d8d1712e?s=96&d=mm&r=g\",\"caption\":\"XaviSchlz\"}}]}<\/script>\n<!-- \/ Yoast SEO plugin. -->","yoast_head_json":{"title":"Breve gu\u00eda para el nuevo Reglamento Europeo de Protecci\u00f3n de Datos","description":"Breve gu\u00eda del nuevo Reglamento Europeo de Protecci\u00f3n de Datos. Texto de la red European Digital Rights de la que Xnet es miembro","robots":{"index":"index","follow":"follow","max-snippet":"max-snippet:-1","max-image-preview":"max-image-preview:large","max-video-preview":"max-video-preview:-1"},"canonical":"https:\/\/dev.xnet-x.net\/es\/breve-guia-nuevo-reglamento-europeo-proteccion-datos-batalla-de-cuatro-anos\/","twitter_misc":{"Escrito por":"XaviSchlz","Tiempo de lectura":"8 minutos"},"schema":{"@context":"https:\/\/schema.org","@graph":[{"@type":"Article","@id":"https:\/\/dev.xnet-x.net\/es\/breve-guia-nuevo-reglamento-europeo-proteccion-datos-batalla-de-cuatro-anos\/#article","isPartOf":{"@id":"https:\/\/dev.xnet-x.net\/es\/breve-guia-nuevo-reglamento-europeo-proteccion-datos-batalla-de-cuatro-anos\/"},"author":{"name":"XaviSchlz","@id":"https:\/\/dev.xnet-x.net\/es\/#\/schema\/person\/22ff6833bb04ae7b00d30bbfc7f8f59c"},"headline":"Breve gu\u00eda del nuevo Reglamento Europeo de Protecci\u00f3n de Datos: una batalla de cuatro a\u00f1os por la protecci\u00f3n de tus datos","datePublished":"2018-05-22T11:57:47+00:00","dateModified":"2021-09-08T10:55:03+00:00","mainEntityOfPage":{"@id":"https:\/\/dev.xnet-x.net\/es\/breve-guia-nuevo-reglamento-europeo-proteccion-datos-batalla-de-cuatro-anos\/"},"wordCount":1586,"publisher":{"@id":"https:\/\/dev.xnet-x.net\/es\/#organization"},"image":{"@id":"https:\/\/dev.xnet-x.net\/es\/breve-guia-nuevo-reglamento-europeo-proteccion-datos-batalla-de-cuatro-anos\/#primaryimage"},"thumbnailUrl":"https:\/\/dev.xnet-x.net\/img\/breve-guia-nuevo-reglamento-europeo-proteccion-datos-img.png","articleSection":["Blog - Nuestras acciones"],"inLanguage":"es"},{"@type":"WebPage","@id":"https:\/\/dev.xnet-x.net\/es\/breve-guia-nuevo-reglamento-europeo-proteccion-datos-batalla-de-cuatro-anos\/","url":"https:\/\/dev.xnet-x.net\/es\/breve-guia-nuevo-reglamento-europeo-proteccion-datos-batalla-de-cuatro-anos\/","name":"Breve gu\u00eda para el nuevo Reglamento Europeo de Protecci\u00f3n de Datos","isPartOf":{"@id":"https:\/\/dev.xnet-x.net\/es\/#website"},"primaryImageOfPage":{"@id":"https:\/\/dev.xnet-x.net\/es\/breve-guia-nuevo-reglamento-europeo-proteccion-datos-batalla-de-cuatro-anos\/#primaryimage"},"image":{"@id":"https:\/\/dev.xnet-x.net\/es\/breve-guia-nuevo-reglamento-europeo-proteccion-datos-batalla-de-cuatro-anos\/#primaryimage"},"thumbnailUrl":"https:\/\/dev.xnet-x.net\/img\/breve-guia-nuevo-reglamento-europeo-proteccion-datos-img.png","datePublished":"2018-05-22T11:57:47+00:00","dateModified":"2021-09-08T10:55:03+00:00","description":"Breve gu\u00eda del nuevo Reglamento Europeo de Protecci\u00f3n de Datos. Texto de la red European Digital Rights de la que Xnet es miembro","breadcrumb":{"@id":"https:\/\/dev.xnet-x.net\/es\/breve-guia-nuevo-reglamento-europeo-proteccion-datos-batalla-de-cuatro-anos\/#breadcrumb"},"inLanguage":"es","potentialAction":[{"@type":"ReadAction","target":[["https:\/\/dev.xnet-x.net\/es\/breve-guia-nuevo-reglamento-europeo-proteccion-datos-batalla-de-cuatro-anos\/"]]}]},{"@type":"ImageObject","inLanguage":"es","@id":"https:\/\/dev.xnet-x.net\/es\/breve-guia-nuevo-reglamento-europeo-proteccion-datos-batalla-de-cuatro-anos\/#primaryimage","url":"https:\/\/dev.xnet-x.net\/img\/breve-guia-nuevo-reglamento-europeo-proteccion-datos-img.png","contentUrl":"https:\/\/dev.xnet-x.net\/img\/breve-guia-nuevo-reglamento-europeo-proteccion-datos-img.png","width":2000,"height":1000,"caption":"breve-guia-nuevo-reglamento-europeo-proteccion-datos-img"},{"@type":"BreadcrumbList","@id":"https:\/\/dev.xnet-x.net\/es\/breve-guia-nuevo-reglamento-europeo-proteccion-datos-batalla-de-cuatro-anos\/#breadcrumb","itemListElement":[{"@type":"ListItem","position":1,"name":"Portada","item":"https:\/\/dev.xnet-x.net\/es\/"},{"@type":"ListItem","position":2,"name":"Breve gu\u00eda del nuevo Reglamento Europeo de Protecci\u00f3n de Datos: una batalla de cuatro a\u00f1os por la protecci\u00f3n de tus datos"}]},{"@type":"WebSite","@id":"https:\/\/dev.xnet-x.net\/es\/#website","url":"https:\/\/dev.xnet-x.net\/es\/","name":"[:es]Xnet - Internet, derechos y democracia en la era digital[:ca]Xnet - Internet, drets i democr\u00e0cia en l'era digital[:en]Xnet - Internet freedoms & digital rights[:]","description":"Xnet: Internet, informaci\u00f3n y cultura libres. Tecnopol\u00edtica. Datos, algoritmos y derechos digitales. Libertad de expresi\u00f3n. Democracia y anticorrupci\u00f3n","publisher":{"@id":"https:\/\/dev.xnet-x.net\/es\/#organization"},"potentialAction":[{"@type":"SearchAction","target":{"@type":"EntryPoint","urlTemplate":"https:\/\/dev.xnet-x.net\/es\/?s={search_term_string}"},"query-input":{"@type":"PropertyValueSpecification","valueRequired":true,"valueName":"search_term_string"}}],"inLanguage":"es"},{"@type":"Organization","@id":"https:\/\/dev.xnet-x.net\/es\/#organization","name":"Xnet - Internet, derechos y democracia en la era digital","url":"https:\/\/dev.xnet-x.net\/es\/","logo":{"@type":"ImageObject","inLanguage":"es","@id":"https:\/\/dev.xnet-x.net\/es\/#\/schema\/logo\/image\/","url":"https:\/\/xnet-x.net\/img\/xnet-logo.png","contentUrl":"https:\/\/xnet-x.net\/img\/xnet-logo.png","width":512,"height":512,"caption":"Xnet - Internet, derechos y democracia en la era digital"},"image":{"@id":"https:\/\/dev.xnet-x.net\/es\/#\/schema\/logo\/image\/"},"sameAs":["http:\/\/facebook.com\/RedX.Net\/","https:\/\/x.com\/x_net_","https:\/\/es.wikipedia.org\/wiki\/Xnet"]},{"@type":"Person","@id":"https:\/\/dev.xnet-x.net\/es\/#\/schema\/person\/22ff6833bb04ae7b00d30bbfc7f8f59c","name":"XaviSchlz","image":{"@type":"ImageObject","inLanguage":"es","@id":"https:\/\/dev.xnet-x.net\/es\/#\/schema\/person\/image\/","url":"https:\/\/secure.gravatar.com\/avatar\/1ef91116e3b151b72adbc0767a84e08c8d964f2b26872d9d4dff9f74d8d1712e?s=96&d=mm&r=g","contentUrl":"https:\/\/secure.gravatar.com\/avatar\/1ef91116e3b151b72adbc0767a84e08c8d964f2b26872d9d4dff9f74d8d1712e?s=96&d=mm&r=g","caption":"XaviSchlz"}}]}},"_links":{"self":[{"href":"https:\/\/dev.xnet-x.net\/es\/wp-json\/wp\/v2\/posts\/14962","targetHints":{"allow":["GET"]}}],"collection":[{"href":"https:\/\/dev.xnet-x.net\/es\/wp-json\/wp\/v2\/posts"}],"about":[{"href":"https:\/\/dev.xnet-x.net\/es\/wp-json\/wp\/v2\/types\/post"}],"author":[{"embeddable":true,"href":"https:\/\/dev.xnet-x.net\/es\/wp-json\/wp\/v2\/users\/11"}],"replies":[{"embeddable":true,"href":"https:\/\/dev.xnet-x.net\/es\/wp-json\/wp\/v2\/comments?post=14962"}],"version-history":[{"count":6,"href":"https:\/\/dev.xnet-x.net\/es\/wp-json\/wp\/v2\/posts\/14962\/revisions"}],"predecessor-version":[{"id":19101,"href":"https:\/\/dev.xnet-x.net\/es\/wp-json\/wp\/v2\/posts\/14962\/revisions\/19101"}],"wp:featuredmedia":[{"embeddable":true,"href":"https:\/\/dev.xnet-x.net\/es\/wp-json\/wp\/v2\/media\/14966"}],"wp:attachment":[{"href":"https:\/\/dev.xnet-x.net\/es\/wp-json\/wp\/v2\/media?parent=14962"}],"wp:term":[{"taxonomy":"category","embeddable":true,"href":"https:\/\/dev.xnet-x.net\/es\/wp-json\/wp\/v2\/categories?post=14962"},{"taxonomy":"post_tag","embeddable":true,"href":"https:\/\/dev.xnet-x.net\/es\/wp-json\/wp\/v2\/tags?post=14962"}],"curies":[{"name":"wp","href":"https:\/\/api.w.org\/{rel}","templated":true}]}}