{"id":14757,"date":"2023-07-31T09:50:04","date_gmt":"2023-07-31T07:50:04","guid":{"rendered":"https:\/\/xnet-x.net\/?p=14757"},"modified":"2023-10-16T10:28:55","modified_gmt":"2023-10-16T08:28:55","slug":"xnet-abre-una-peticion-en-la-comision-de-peticiones-del-parlamento-europeo-sobre-la-violacion-de-las-pautas-de-neutralidad-de-la-red-en-espana","status":"publish","type":"post","link":"https:\/\/dev.xnet-x.net\/es\/xnet-abre-peticion-en-comision-peticiones-parlamento-europeo-sobre-violacion-pautas-neutralidad-red-en-espana\/","title":{"rendered":"El Parlamento Europeo da la raz\u00f3n a Xnet sobre la violaci\u00f3n de las pautas de neutralidad de la red en Espa\u00f1a"},"content":{"rendered":"<p><\/p>\n<h4>En 2018 abrimos una petici\u00f3n al Parlamento Europeo (ver abajo) ya que Espa\u00f1a es uno de los dos \u00fanicos pa\u00edses donde la regulaci\u00f3n de la Neutralidad de la Red no depende de un organismo independiente (en este caso deber\u00eda ser la CNMC). Esto es perjudicial para que este derecho digital se respete.<br \/>\nNos dan la raz\u00f3n. Han pasado solo\u2026\u00a15 a\u00f1os!<\/h4>\nhttps:\/\/xnet-x.net\/?p=25879\n<p>&nbsp;<\/p>\n<div style=\"font-size:100%;margin:6px 0;border: 1px solid #e00f2f;padding: 20px 5% 10px\">\nANTERIOR POST &#8211; 3 DE MAYO DE 2018<br \/>\n<strong>Xnet abre una petici\u00f3n en la Comisi\u00f3n de Peticiones del Parlamento Europeo sobre la violaci\u00f3n de las pautas de neutralidad de la red en Espa\u00f1a<\/strong><\/p>\n<p>El Reglamento Europeo sobre Neutralidad de la Red [<a href=\"https:\/\/berec.europa.eu\/eng\/document_register\/subject_matter\/berec\/regulatory_best_practices\/guidelines\/6160-berec-guidelines-on-the-implementation-by-national-regulators-of-european-net-neutrality-rules\" rel=\"noopener noreferrer\" target=\"_blank\">Reglamento del Mercado \u00danico de Telecomunicaciones<\/a>] se adopt\u00f3 en 2016 despu\u00e9s de que el BEREC publicara sus directrices sobre la implementaci\u00f3n.<\/p>\n<p>Desde entonces, Xnet est\u00e1 profundamente preocupado por la falta de transparencia en la implementaci\u00f3n del Reglamento en Espa\u00f1a. Como una excepci\u00f3n en Europa, en Espa\u00f1a la Agencia Nacional de Regulaci\u00f3n (NRA),<br \/>\nla Comisi\u00f3n Nacional de los Mercados y la Competencia (CNMC) no es la responsable de supervisar la correcta implementaci\u00f3n del Reglamento. De hecho, la CNMC solo es responsable de resolver los conflictos entre operadores sobre la neutralidad de la red. El organismo responsable de la implementaci\u00f3n del Reglamento no es un organismo independiente, lo cual es un hecho muy preocupante ya que las empresas de<br \/>\ntelecomunicaciones, particularmente Telef\u00f3nica, est\u00e1 extremadamente<br \/>\nconectada con el partido gobernante, el Partido Popular. La instituci\u00f3n encargada de supervisar la implementaci\u00f3n del Reglamento sobre Neutralidad de la Red es la Secretar\u00eda de Estado para la Sociedad de la Informaci\u00f3n y la Agenda Digital (directamente vinculada al Ministerio de Energ\u00eda y Agenda Digital) que parece estar fallando, hasta ahora, para hacerlo correctamente.<\/p>\n<p>La situaci\u00f3n es preocupante ya que:<br \/>\n* El Zero-rating se est\u00e1 convirtiendo cada vez m\u00e1s en una pr\u00e1ctica com\u00fan y est\u00e1 da\u00f1ando profundamente un acceso equitativo a Internet.<br \/>\n* No se cumplen los requisitos de transparencia sobre las velocidades de conexi\u00f3n anunciadas en los contratos al p\u00fablico.<br \/>\n* Los requisitos de transparencia sobre las pr\u00e1cticas de gesti\u00f3n del tr\u00e1fico de los proveedores y su adopci\u00f3n no se cumplen.<br \/>\n* La obligaci\u00f3n de establecer un canal de quejas no se cumple.<\/p>\n<p>El mero hecho de que el Ministerio de Energ\u00eda no se haya molestado en abrir un canal de quejas como exige el Reglamento hace que el trabajo de notificar las infracciones de neutralidad de la red sea una pesadilla burocr\u00e1tica. Xnet ha tratado de ponerse en contacto con el Ministerio por muchos medios diferentes sin obtener respuesta alguna.<\/p>\n<p>Es por eso que Xnet recurre a la instituci\u00f3n Europea a trav\u00e9s de la petici\u00f3n \u00abViolaci\u00f3n de las Directrices de neutralidad de la red en Espa\u00f1a\u00bb que recibi\u00f3 hace un mes la Comisi\u00f3n de Peticiones del Parlamento Europeo con el n\u00famero 0210\/2018.<\/p>\n<p>Encuentre m\u00e1s informaci\u00f3n sobre este caso aqu\u00ed:<\/p>\n<p><a href=\"https:\/\/xnet-x.net\/inaccion-minetad-defender-neutralidad-de-la-red\/\" rel=\"noopener noreferrer\" target=\"_blank\">https:\/\/xnet-x.net\/inaccion-minetad-defender-neutralidad-de-la-red\/<\/a><br \/>\n<a href=\"https:\/\/xnet-x.net\/eje\/neutralidad-de-la-red\/\" rel=\"noopener noreferrer\" target=\"_blank\">https:\/\/xnet-x.net\/eje\/neutralidad-de-la-red\/<\/a><\/p>\n<div style=\"margin: 20px auto; text-align:center\"> <img decoding=\"async\" src=\"https:\/\/xnet-x.net\/img\/peticion-en-comision-parlamento-europeo-sobre-violacion-neutralidad-red-espana-734x1024.png\" alt=\"\" width=\"100%\" height=\"\" class=\"aligncenter size-full wp-image-14761\" \/><\/div>\n<\/div>\n<p>&nbsp;<\/p>","protected":false},"excerpt":{"rendered":"<p>.@X_net_ abre una petici\u00f3n en la Comisi\u00f3n de Peticiones del Parlamento Europeo sobre la violaci\u00f3n de las pautas de neutralidad de la red en Espa\u00f1a. #NetNeutrality<\/p>\n","protected":false},"author":11,"featured_media":14802,"comment_status":"closed","ping_status":"closed","sticky":false,"template":"","format":"standard","meta":{"footnotes":""},"categories":[52],"tags":[],"class_list":["post-14757","post","type-post","status-publish","format-standard","has-post-thumbnail","hentry","category-blog","ejes-neutralidad-de-la-red"],"yoast_head":"<!-- This site is optimized with the Yoast SEO plugin v26.7 - https:\/\/yoast.com\/wordpress\/plugins\/seo\/ -->\n<title>Xnet en el Parlamento Europeo sobre la violaci\u00f3n de neutralidad de la red<\/title>\n<meta name=\"description\" content=\"Xnet abre una petici\u00f3n en la Comisi\u00f3n de Peticiones del Parlamento Europeo sobre la violaci\u00f3n de las pautas de neutralidad de la red en Espa\u00f1a\" \/>\n<meta name=\"robots\" content=\"index, follow, max-snippet:-1, max-image-preview:large, max-video-preview:-1\" \/>\n<link rel=\"canonical\" href=\"https:\/\/dev.xnet-x.net\/es\/xnet-abre-peticion-en-comision-peticiones-parlamento-europeo-sobre-violacion-pautas-neutralidad-red-en-espana\/\" \/>\n<meta name=\"twitter:label1\" content=\"Escrito por\" \/>\n\t<meta name=\"twitter:data1\" content=\"XaviSchlz\" \/>\n\t<meta name=\"twitter:label2\" content=\"Tiempo de lectura\" \/>\n\t<meta name=\"twitter:data2\" content=\"3 minutos\" \/>\n<script type=\"application\/ld+json\" class=\"yoast-schema-graph\">{\"@context\":\"https:\/\/schema.org\",\"@graph\":[{\"@type\":\"Article\",\"@id\":\"https:\/\/dev.xnet-x.net\/es\/xnet-abre-peticion-en-comision-peticiones-parlamento-europeo-sobre-violacion-pautas-neutralidad-red-en-espana\/#article\",\"isPartOf\":{\"@id\":\"https:\/\/dev.xnet-x.net\/es\/xnet-abre-peticion-en-comision-peticiones-parlamento-europeo-sobre-violacion-pautas-neutralidad-red-en-espana\/\"},\"author\":{\"name\":\"XaviSchlz\",\"@id\":\"https:\/\/dev.xnet-x.net\/es\/#\/schema\/person\/22ff6833bb04ae7b00d30bbfc7f8f59c\"},\"headline\":\"El Parlamento Europeo da la raz\u00f3n a Xnet sobre la violaci\u00f3n de las pautas de neutralidad de la red en Espa\u00f1a\",\"datePublished\":\"2023-07-31T07:50:04+00:00\",\"dateModified\":\"2023-10-16T08:28:55+00:00\",\"mainEntityOfPage\":{\"@id\":\"https:\/\/dev.xnet-x.net\/es\/xnet-abre-peticion-en-comision-peticiones-parlamento-europeo-sobre-violacion-pautas-neutralidad-red-en-espana\/\"},\"wordCount\":549,\"publisher\":{\"@id\":\"https:\/\/dev.xnet-x.net\/es\/#organization\"},\"image\":{\"@id\":\"https:\/\/dev.xnet-x.net\/es\/xnet-abre-peticion-en-comision-peticiones-parlamento-europeo-sobre-violacion-pautas-neutralidad-red-en-espana\/#primaryimage\"},\"thumbnailUrl\":\"https:\/\/dev.xnet-x.net\/img\/xnet-abre-peticion-en-comision-peticiones-parlamento-europeo-sobre-violacion-pautas-neutralidad-red-en-espana-img.png\",\"articleSection\":[\"Blog - Nuestras acciones\"],\"inLanguage\":\"es\"},{\"@type\":\"WebPage\",\"@id\":\"https:\/\/dev.xnet-x.net\/es\/xnet-abre-peticion-en-comision-peticiones-parlamento-europeo-sobre-violacion-pautas-neutralidad-red-en-espana\/\",\"url\":\"https:\/\/dev.xnet-x.net\/es\/xnet-abre-peticion-en-comision-peticiones-parlamento-europeo-sobre-violacion-pautas-neutralidad-red-en-espana\/\",\"name\":\"Xnet en el Parlamento Europeo sobre la violaci\u00f3n de neutralidad de la red\",\"isPartOf\":{\"@id\":\"https:\/\/dev.xnet-x.net\/es\/#website\"},\"primaryImageOfPage\":{\"@id\":\"https:\/\/dev.xnet-x.net\/es\/xnet-abre-peticion-en-comision-peticiones-parlamento-europeo-sobre-violacion-pautas-neutralidad-red-en-espana\/#primaryimage\"},\"image\":{\"@id\":\"https:\/\/dev.xnet-x.net\/es\/xnet-abre-peticion-en-comision-peticiones-parlamento-europeo-sobre-violacion-pautas-neutralidad-red-en-espana\/#primaryimage\"},\"thumbnailUrl\":\"https:\/\/dev.xnet-x.net\/img\/xnet-abre-peticion-en-comision-peticiones-parlamento-europeo-sobre-violacion-pautas-neutralidad-red-en-espana-img.png\",\"datePublished\":\"2023-07-31T07:50:04+00:00\",\"dateModified\":\"2023-10-16T08:28:55+00:00\",\"description\":\"Xnet abre una petici\u00f3n en la Comisi\u00f3n de Peticiones del Parlamento Europeo sobre la violaci\u00f3n de las pautas de neutralidad de la red en Espa\u00f1a\",\"breadcrumb\":{\"@id\":\"https:\/\/dev.xnet-x.net\/es\/xnet-abre-peticion-en-comision-peticiones-parlamento-europeo-sobre-violacion-pautas-neutralidad-red-en-espana\/#breadcrumb\"},\"inLanguage\":\"es\",\"potentialAction\":[{\"@type\":\"ReadAction\",\"target\":[[\"https:\/\/dev.xnet-x.net\/es\/xnet-abre-peticion-en-comision-peticiones-parlamento-europeo-sobre-violacion-pautas-neutralidad-red-en-espana\/\"]]}]},{\"@type\":\"ImageObject\",\"inLanguage\":\"es\",\"@id\":\"https:\/\/dev.xnet-x.net\/es\/xnet-abre-peticion-en-comision-peticiones-parlamento-europeo-sobre-violacion-pautas-neutralidad-red-en-espana\/#primaryimage\",\"url\":\"https:\/\/dev.xnet-x.net\/img\/xnet-abre-peticion-en-comision-peticiones-parlamento-europeo-sobre-violacion-pautas-neutralidad-red-en-espana-img.png\",\"contentUrl\":\"https:\/\/dev.xnet-x.net\/img\/xnet-abre-peticion-en-comision-peticiones-parlamento-europeo-sobre-violacion-pautas-neutralidad-red-en-espana-img.png\",\"width\":838,\"height\":420,\"caption\":\"xnet-abre-peticion-en-comision-peticiones-parlamento-europeo-sobre-violacion-pautas-neutralidad-red-en-espana-img\"},{\"@type\":\"BreadcrumbList\",\"@id\":\"https:\/\/dev.xnet-x.net\/es\/xnet-abre-peticion-en-comision-peticiones-parlamento-europeo-sobre-violacion-pautas-neutralidad-red-en-espana\/#breadcrumb\",\"itemListElement\":[{\"@type\":\"ListItem\",\"position\":1,\"name\":\"Portada\",\"item\":\"https:\/\/dev.xnet-x.net\/es\/\"},{\"@type\":\"ListItem\",\"position\":2,\"name\":\"El Parlamento Europeo da la raz\u00f3n a Xnet sobre la violaci\u00f3n de las pautas de neutralidad de la red en Espa\u00f1a\"}]},{\"@type\":\"WebSite\",\"@id\":\"https:\/\/dev.xnet-x.net\/es\/#website\",\"url\":\"https:\/\/dev.xnet-x.net\/es\/\",\"name\":\"[:es]Xnet - Internet, derechos y democracia en la era digital[:ca]Xnet - Internet, drets i democr\u00e0cia en l'era digital[:en]Xnet - Internet freedoms & digital rights[:]\",\"description\":\"Xnet: Internet, informaci\u00f3n y cultura libres. Tecnopol\u00edtica. Datos, algoritmos y derechos digitales. Libertad de expresi\u00f3n. Democracia y anticorrupci\u00f3n\",\"publisher\":{\"@id\":\"https:\/\/dev.xnet-x.net\/es\/#organization\"},\"potentialAction\":[{\"@type\":\"SearchAction\",\"target\":{\"@type\":\"EntryPoint\",\"urlTemplate\":\"https:\/\/dev.xnet-x.net\/es\/?s={search_term_string}\"},\"query-input\":{\"@type\":\"PropertyValueSpecification\",\"valueRequired\":true,\"valueName\":\"search_term_string\"}}],\"inLanguage\":\"es\"},{\"@type\":\"Organization\",\"@id\":\"https:\/\/dev.xnet-x.net\/es\/#organization\",\"name\":\"Xnet - Internet, derechos y democracia en la era digital\",\"url\":\"https:\/\/dev.xnet-x.net\/es\/\",\"logo\":{\"@type\":\"ImageObject\",\"inLanguage\":\"es\",\"@id\":\"https:\/\/dev.xnet-x.net\/es\/#\/schema\/logo\/image\/\",\"url\":\"https:\/\/xnet-x.net\/img\/xnet-logo.png\",\"contentUrl\":\"https:\/\/xnet-x.net\/img\/xnet-logo.png\",\"width\":512,\"height\":512,\"caption\":\"Xnet - Internet, derechos y democracia en la era digital\"},\"image\":{\"@id\":\"https:\/\/dev.xnet-x.net\/es\/#\/schema\/logo\/image\/\"},\"sameAs\":[\"http:\/\/facebook.com\/RedX.Net\/\",\"https:\/\/x.com\/x_net_\",\"https:\/\/es.wikipedia.org\/wiki\/Xnet\"]},{\"@type\":\"Person\",\"@id\":\"https:\/\/dev.xnet-x.net\/es\/#\/schema\/person\/22ff6833bb04ae7b00d30bbfc7f8f59c\",\"name\":\"XaviSchlz\",\"image\":{\"@type\":\"ImageObject\",\"inLanguage\":\"es\",\"@id\":\"https:\/\/dev.xnet-x.net\/es\/#\/schema\/person\/image\/\",\"url\":\"https:\/\/secure.gravatar.com\/avatar\/1ef91116e3b151b72adbc0767a84e08c8d964f2b26872d9d4dff9f74d8d1712e?s=96&d=mm&r=g\",\"contentUrl\":\"https:\/\/secure.gravatar.com\/avatar\/1ef91116e3b151b72adbc0767a84e08c8d964f2b26872d9d4dff9f74d8d1712e?s=96&d=mm&r=g\",\"caption\":\"XaviSchlz\"}}]}<\/script>\n<!-- \/ Yoast SEO plugin. -->","yoast_head_json":{"title":"Xnet en el Parlamento Europeo sobre la violaci\u00f3n de neutralidad de la red","description":"Xnet abre una petici\u00f3n en la Comisi\u00f3n de Peticiones del Parlamento Europeo sobre la violaci\u00f3n de las pautas de neutralidad de la red en Espa\u00f1a","robots":{"index":"index","follow":"follow","max-snippet":"max-snippet:-1","max-image-preview":"max-image-preview:large","max-video-preview":"max-video-preview:-1"},"canonical":"https:\/\/dev.xnet-x.net\/es\/xnet-abre-peticion-en-comision-peticiones-parlamento-europeo-sobre-violacion-pautas-neutralidad-red-en-espana\/","twitter_misc":{"Escrito por":"XaviSchlz","Tiempo de lectura":"3 minutos"},"schema":{"@context":"https:\/\/schema.org","@graph":[{"@type":"Article","@id":"https:\/\/dev.xnet-x.net\/es\/xnet-abre-peticion-en-comision-peticiones-parlamento-europeo-sobre-violacion-pautas-neutralidad-red-en-espana\/#article","isPartOf":{"@id":"https:\/\/dev.xnet-x.net\/es\/xnet-abre-peticion-en-comision-peticiones-parlamento-europeo-sobre-violacion-pautas-neutralidad-red-en-espana\/"},"author":{"name":"XaviSchlz","@id":"https:\/\/dev.xnet-x.net\/es\/#\/schema\/person\/22ff6833bb04ae7b00d30bbfc7f8f59c"},"headline":"El Parlamento Europeo da la raz\u00f3n a Xnet sobre la violaci\u00f3n de las pautas de neutralidad de la red en Espa\u00f1a","datePublished":"2023-07-31T07:50:04+00:00","dateModified":"2023-10-16T08:28:55+00:00","mainEntityOfPage":{"@id":"https:\/\/dev.xnet-x.net\/es\/xnet-abre-peticion-en-comision-peticiones-parlamento-europeo-sobre-violacion-pautas-neutralidad-red-en-espana\/"},"wordCount":549,"publisher":{"@id":"https:\/\/dev.xnet-x.net\/es\/#organization"},"image":{"@id":"https:\/\/dev.xnet-x.net\/es\/xnet-abre-peticion-en-comision-peticiones-parlamento-europeo-sobre-violacion-pautas-neutralidad-red-en-espana\/#primaryimage"},"thumbnailUrl":"https:\/\/dev.xnet-x.net\/img\/xnet-abre-peticion-en-comision-peticiones-parlamento-europeo-sobre-violacion-pautas-neutralidad-red-en-espana-img.png","articleSection":["Blog - Nuestras acciones"],"inLanguage":"es"},{"@type":"WebPage","@id":"https:\/\/dev.xnet-x.net\/es\/xnet-abre-peticion-en-comision-peticiones-parlamento-europeo-sobre-violacion-pautas-neutralidad-red-en-espana\/","url":"https:\/\/dev.xnet-x.net\/es\/xnet-abre-peticion-en-comision-peticiones-parlamento-europeo-sobre-violacion-pautas-neutralidad-red-en-espana\/","name":"Xnet en el Parlamento Europeo sobre la violaci\u00f3n de neutralidad de la red","isPartOf":{"@id":"https:\/\/dev.xnet-x.net\/es\/#website"},"primaryImageOfPage":{"@id":"https:\/\/dev.xnet-x.net\/es\/xnet-abre-peticion-en-comision-peticiones-parlamento-europeo-sobre-violacion-pautas-neutralidad-red-en-espana\/#primaryimage"},"image":{"@id":"https:\/\/dev.xnet-x.net\/es\/xnet-abre-peticion-en-comision-peticiones-parlamento-europeo-sobre-violacion-pautas-neutralidad-red-en-espana\/#primaryimage"},"thumbnailUrl":"https:\/\/dev.xnet-x.net\/img\/xnet-abre-peticion-en-comision-peticiones-parlamento-europeo-sobre-violacion-pautas-neutralidad-red-en-espana-img.png","datePublished":"2023-07-31T07:50:04+00:00","dateModified":"2023-10-16T08:28:55+00:00","description":"Xnet abre una petici\u00f3n en la Comisi\u00f3n de Peticiones del Parlamento Europeo sobre la violaci\u00f3n de las pautas de neutralidad de la red en Espa\u00f1a","breadcrumb":{"@id":"https:\/\/dev.xnet-x.net\/es\/xnet-abre-peticion-en-comision-peticiones-parlamento-europeo-sobre-violacion-pautas-neutralidad-red-en-espana\/#breadcrumb"},"inLanguage":"es","potentialAction":[{"@type":"ReadAction","target":[["https:\/\/dev.xnet-x.net\/es\/xnet-abre-peticion-en-comision-peticiones-parlamento-europeo-sobre-violacion-pautas-neutralidad-red-en-espana\/"]]}]},{"@type":"ImageObject","inLanguage":"es","@id":"https:\/\/dev.xnet-x.net\/es\/xnet-abre-peticion-en-comision-peticiones-parlamento-europeo-sobre-violacion-pautas-neutralidad-red-en-espana\/#primaryimage","url":"https:\/\/dev.xnet-x.net\/img\/xnet-abre-peticion-en-comision-peticiones-parlamento-europeo-sobre-violacion-pautas-neutralidad-red-en-espana-img.png","contentUrl":"https:\/\/dev.xnet-x.net\/img\/xnet-abre-peticion-en-comision-peticiones-parlamento-europeo-sobre-violacion-pautas-neutralidad-red-en-espana-img.png","width":838,"height":420,"caption":"xnet-abre-peticion-en-comision-peticiones-parlamento-europeo-sobre-violacion-pautas-neutralidad-red-en-espana-img"},{"@type":"BreadcrumbList","@id":"https:\/\/dev.xnet-x.net\/es\/xnet-abre-peticion-en-comision-peticiones-parlamento-europeo-sobre-violacion-pautas-neutralidad-red-en-espana\/#breadcrumb","itemListElement":[{"@type":"ListItem","position":1,"name":"Portada","item":"https:\/\/dev.xnet-x.net\/es\/"},{"@type":"ListItem","position":2,"name":"El Parlamento Europeo da la raz\u00f3n a Xnet sobre la violaci\u00f3n de las pautas de neutralidad de la red en Espa\u00f1a"}]},{"@type":"WebSite","@id":"https:\/\/dev.xnet-x.net\/es\/#website","url":"https:\/\/dev.xnet-x.net\/es\/","name":"[:es]Xnet - Internet, derechos y democracia en la era digital[:ca]Xnet - Internet, drets i democr\u00e0cia en l'era digital[:en]Xnet - Internet freedoms & digital rights[:]","description":"Xnet: Internet, informaci\u00f3n y cultura libres. Tecnopol\u00edtica. Datos, algoritmos y derechos digitales. Libertad de expresi\u00f3n. Democracia y anticorrupci\u00f3n","publisher":{"@id":"https:\/\/dev.xnet-x.net\/es\/#organization"},"potentialAction":[{"@type":"SearchAction","target":{"@type":"EntryPoint","urlTemplate":"https:\/\/dev.xnet-x.net\/es\/?s={search_term_string}"},"query-input":{"@type":"PropertyValueSpecification","valueRequired":true,"valueName":"search_term_string"}}],"inLanguage":"es"},{"@type":"Organization","@id":"https:\/\/dev.xnet-x.net\/es\/#organization","name":"Xnet - Internet, derechos y democracia en la era digital","url":"https:\/\/dev.xnet-x.net\/es\/","logo":{"@type":"ImageObject","inLanguage":"es","@id":"https:\/\/dev.xnet-x.net\/es\/#\/schema\/logo\/image\/","url":"https:\/\/xnet-x.net\/img\/xnet-logo.png","contentUrl":"https:\/\/xnet-x.net\/img\/xnet-logo.png","width":512,"height":512,"caption":"Xnet - Internet, derechos y democracia en la era digital"},"image":{"@id":"https:\/\/dev.xnet-x.net\/es\/#\/schema\/logo\/image\/"},"sameAs":["http:\/\/facebook.com\/RedX.Net\/","https:\/\/x.com\/x_net_","https:\/\/es.wikipedia.org\/wiki\/Xnet"]},{"@type":"Person","@id":"https:\/\/dev.xnet-x.net\/es\/#\/schema\/person\/22ff6833bb04ae7b00d30bbfc7f8f59c","name":"XaviSchlz","image":{"@type":"ImageObject","inLanguage":"es","@id":"https:\/\/dev.xnet-x.net\/es\/#\/schema\/person\/image\/","url":"https:\/\/secure.gravatar.com\/avatar\/1ef91116e3b151b72adbc0767a84e08c8d964f2b26872d9d4dff9f74d8d1712e?s=96&d=mm&r=g","contentUrl":"https:\/\/secure.gravatar.com\/avatar\/1ef91116e3b151b72adbc0767a84e08c8d964f2b26872d9d4dff9f74d8d1712e?s=96&d=mm&r=g","caption":"XaviSchlz"}}]}},"_links":{"self":[{"href":"https:\/\/dev.xnet-x.net\/es\/wp-json\/wp\/v2\/posts\/14757","targetHints":{"allow":["GET"]}}],"collection":[{"href":"https:\/\/dev.xnet-x.net\/es\/wp-json\/wp\/v2\/posts"}],"about":[{"href":"https:\/\/dev.xnet-x.net\/es\/wp-json\/wp\/v2\/types\/post"}],"author":[{"embeddable":true,"href":"https:\/\/dev.xnet-x.net\/es\/wp-json\/wp\/v2\/users\/11"}],"replies":[{"embeddable":true,"href":"https:\/\/dev.xnet-x.net\/es\/wp-json\/wp\/v2\/comments?post=14757"}],"version-history":[{"count":20,"href":"https:\/\/dev.xnet-x.net\/es\/wp-json\/wp\/v2\/posts\/14757\/revisions"}],"predecessor-version":[{"id":26527,"href":"https:\/\/dev.xnet-x.net\/es\/wp-json\/wp\/v2\/posts\/14757\/revisions\/26527"}],"wp:featuredmedia":[{"embeddable":true,"href":"https:\/\/dev.xnet-x.net\/es\/wp-json\/wp\/v2\/media\/14802"}],"wp:attachment":[{"href":"https:\/\/dev.xnet-x.net\/es\/wp-json\/wp\/v2\/media?parent=14757"}],"wp:term":[{"taxonomy":"category","embeddable":true,"href":"https:\/\/dev.xnet-x.net\/es\/wp-json\/wp\/v2\/categories?post=14757"},{"taxonomy":"post_tag","embeddable":true,"href":"https:\/\/dev.xnet-x.net\/es\/wp-json\/wp\/v2\/tags?post=14757"}],"curies":[{"name":"wp","href":"https:\/\/api.w.org\/{rel}","templated":true}]}}