{"id":14740,"date":"2016-10-21T19:12:36","date_gmt":"2016-10-21T17:12:36","guid":{"rendered":"https:\/\/xnet-x.net\/?p=14740"},"modified":"2021-09-08T12:28:37","modified_gmt":"2021-09-08T10:28:37","slug":"nos-unimos-a-la-carta-de-edri-denunciando-la-amenza-que-tratados-como-tisa-suponen-para-el-derecho-fundamental-de-privacidad","status":"publish","type":"post","link":"https:\/\/dev.xnet-x.net\/es\/carta-edri-denunciando-amenza-que-tratados-como-tisa-suponen-para-derecho-privacidad\/","title":{"rendered":"Nos unimos a la carta de EDRI denunciando la amenza que tratados como TiSA suponen para el derecho fundamental de privacidad"},"content":{"rendered":"<p>Xnet se une a la carta de EDRI denunciando la amenza que tratados como TiSA suponen para el derecho fundamental de privacidad. La sociedad civil insta a los l\u00edderes de la Uni\u00f3n Europea a proteger los datos de los ciudadanos en los acuerdos comerciales.<br \/>\n<a href=\"https:\/\/edri.org\/civil-society-urges-eu-leaders-protect-citizens-data-trade-agreements\/\" rel=\"noopener noreferrer\" target=\"_blank\">https:\/\/edri.org\/civil-society-urges-eu-leaders-protect-citizens-data-trade-agreements\/<\/a><br \/>\n<a href=\"https:\/\/edri.org\/files\/TiSA\/TISA_open_letter_20161021.pdf\" rel=\"noopener noreferrer\" target=\"_blank\">https:\/\/edri.org\/files\/TiSA\/TISA_open_letter_20161021.pdf<\/a><\/p>\n<div style=\"font-size:100%;margin:6px 0;border: 1px solid #e00f2f;padding: 30px 5% 10px\">\n21 October 2016<\/p>\n<p>Subject:<br \/>\nTrade agreements, data flows, data protection and privacy<\/p>\n<p>Dear Commissioner,<br \/>\nDear Ambassador,<br \/>\nWe  are writing regarding trade agreements in general, and the Trade in  Services Agreement<br \/>\n(TiSA) in particular. In light of the recent  speculation with regard to the potential inclusion of<br \/>\nclauses on  processing and transfer of personal data in TiSA, we would like to  highlight our<br \/>\nconcerns and to encourage you to defend Europe&#8217;s approach to fundamental rights to data<br \/>\nprotection and privacy.<\/p>\n<p>Fundamental   rights must be respected and not negotiated upon. Therefore, data flows   \u2013<br \/>\nwhich refer to transfers of individuals&#8217; personal data &#8211;  must not be  part of trade agreements.<br \/>\nTrade negotiations are not suitable for  shaping rules affecting fundamental rights and the rule<br \/>\nof law in a  democratic society. <\/p>\n<p>Regardless  of the apparent strength of the general exception clauses put forward  to protect<br \/>\nprivacy and data protection in trade agreements, these  clauses will ultimately be interpreted<br \/>\nby trade dispute settlement  bodies. These have the object and purpose of trade liberalisation,<br \/>\nnot  the protection of human rights. <\/p>\n<p>If  however, the negotiating parties decide to proceed with such a general  exception clause,<br \/>\nwe     fully   support   the   European   Parliament&#8217;s     recommendation   \u00abto   incorporate   a<br \/>\ncomprehensive, unambiguous, horizontal,  self-standing and legally binding provision based<br \/>\non GATS Article XIV  which fully exempts the existing and future EU legal framework for the<br \/>\nprotection of personal data from the scope of this agreement, without  any conditions that it<br \/>\nmust be consistent with other parts of the  [agreement]\u00bb.<br \/>\n&nbsp;<\/p>\n<p>In practice, this means that this clause needs to:<\/p>\n<p>\u2022 ensure  that the parties to the agreement can condition the transfer and  processing of<br \/>\npersonal data on the protection of privacy and personal  data;<\/p>\n<p>\u2022 allow  the European Union, and any other party, to suspend the flow of  personal data if<br \/>\nother parties to the agreement do not respect  fundamental rights requirements;<\/p>\n<p>\u2022 ensure   that the existence, application, modification and enforcement of   measures<br \/>\nrelating to fundamental rights, including data protection and  the right to privacy, are<br \/>\nnot subject to challenge on the basis of  any trade agreement;<\/p>\n<p>\u2022 guarantee  that parties to the agreement must not be required to apply or adopt  \u201cleast<br \/>\nrestrictive\u201d privacy or data protection measures. Otherwise, the   freedom to adopt<br \/>\nmeasures aimed at protecting the individuals&#8217; right to  privacy and data protection will<br \/>\nbe limited by potential legal  challenge.<\/p>\n<p>We are looking forward to your commitments to citizens and remain at your disposal for more<br \/>\ndetailed discussions.<\/p>\n<p>Yours sincerely,<\/p>\n<p><em>Organisations<\/em><br \/>\nEuropean Digital Rights (EDRi), European Union<br \/>\nAccess Now, international<br \/>\nAKVorrat, Austria<br \/>\nAlternative Informatics Association, Turkey<br \/>\nAmis de la Terre (Friends of the Earth), France<br \/>\nArbeitskreis Vorratsdatenspeicherung (Working Group on Data retention), Germany<br \/>\nAssociation for Proper Internet Governance, Switzerland<br \/>\nAssociation for Technology and Internet (APTI), Romania<br \/>\nBits of Freedom, The Netherlands<br \/>\nDatenschutzraum, Germany<br \/>\nD3 &#8211; Defesa dos Direitos Digitais, Portugal<br \/>\nDigitalcourage, Germany<br \/>\nElectronic Frontier Foundation (EFF), International<br \/>\nElektronisk Forpost Norge (Electronic Frontier Norway)<br \/>\nF\u00f6rderverein Informationstechnik und Gesellschaft (FITUG), Germany<br \/>\nIT-Political Association of Denmark (IT-Pol), Denmark<br \/>\nJust Net Coalition (JNC), International<br \/>\nMy Nigeria Online (MyNOL), Nigeria.<br \/>\nPanoptykon Foundation , Poland<br \/>\nPrivacy International<br \/>\nVrijschrift Foundation, The Netherlands<br \/>\nXnet, Spain<\/p>\n<p><em>Individual signatories<\/em><br \/>\nAnnette   M\u00fchlberg,   United   Services   Union   (Vereinte   Dienstleistungsgewerkschaft,   ver.di),<br \/>\nGermany<br \/>\nAkinbo A. A. Cornerstone, Team Lead of My Nigeria Online. CEO, KOBOKINGs Limited.<br \/>\nChris Jones, project director, Statewatch, UK<br \/>\nEneko Sanz, social scientist at Research Band<br \/>\nFrank Bsirske, Chairman of the United Services Union (Vereinte Dienstleistungsgewerkschaft,<br \/>\nver.di), Germany<br \/>\nNorbert Schepers, political scientist and head of the Bremen\/German office Rosa Luxembourg Foundation<br \/>\nPaul-Olivier Dehaye<br \/>\nRicard Boscar, social scientist at Research Band <\/div>\n<p><\/p>","protected":false},"excerpt":{"rendered":"<p>Xnet se une a la carta de EDRI denunciando la amenza que tratados como TiSA suponen para el derecho fundamental de privacidad. La sociedad civil insta a los l\u00edderes de la Uni\u00f3n Europea a proteger los datos de los ciudadanos en los acuerdos comerciales. https:\/\/edri.org\/civil-society-urges-eu-leaders-protect-citizens-data-trade-agreements\/ https:\/\/edri.org\/files\/TiSA\/TISA_open_letter_20161021.pdf 21 October 2016 Subject: Trade agreements, data flows, data [&hellip;]<\/p>\n","protected":false},"author":11,"featured_media":14744,"comment_status":"closed","ping_status":"closed","sticky":false,"template":"","format":"standard","meta":{"footnotes":""},"categories":[52],"tags":[],"class_list":["post-14740","post","type-post","status-publish","format-standard","has-post-thumbnail","hentry","category-blog","ejes-luchas-por-las-libertades-civiles"],"yoast_head":"<!-- This site is optimized with the Yoast SEO plugin v26.7 - https:\/\/yoast.com\/wordpress\/plugins\/seo\/ -->\n<title>Nos unimos a la carta de EDRI denunciando la amenza que tratados como TiSA suponen para el derecho fundamental de privacidad<\/title>\n<meta name=\"robots\" content=\"noindex, nofollow\" \/>\n<meta name=\"twitter:label1\" content=\"Escrito por\" \/>\n\t<meta name=\"twitter:data1\" content=\"XaviSchlz\" \/>\n\t<meta name=\"twitter:label2\" content=\"Tiempo de lectura\" \/>\n\t<meta name=\"twitter:data2\" content=\"3 minutos\" \/>\n<script type=\"application\/ld+json\" class=\"yoast-schema-graph\">{\"@context\":\"https:\/\/schema.org\",\"@graph\":[{\"@type\":\"Article\",\"@id\":\"https:\/\/dev.xnet-x.net\/es\/carta-edri-denunciando-amenza-que-tratados-como-tisa-suponen-para-derecho-privacidad\/#article\",\"isPartOf\":{\"@id\":\"https:\/\/dev.xnet-x.net\/es\/carta-edri-denunciando-amenza-que-tratados-como-tisa-suponen-para-derecho-privacidad\/\"},\"author\":{\"name\":\"XaviSchlz\",\"@id\":\"https:\/\/dev.xnet-x.net\/es\/#\/schema\/person\/22ff6833bb04ae7b00d30bbfc7f8f59c\"},\"headline\":\"Nos unimos a la carta de EDRI denunciando la amenza que tratados como TiSA suponen para el derecho fundamental de privacidad\",\"datePublished\":\"2016-10-21T17:12:36+00:00\",\"dateModified\":\"2021-09-08T10:28:37+00:00\",\"mainEntityOfPage\":{\"@id\":\"https:\/\/dev.xnet-x.net\/es\/carta-edri-denunciando-amenza-que-tratados-como-tisa-suponen-para-derecho-privacidad\/\"},\"wordCount\":671,\"publisher\":{\"@id\":\"https:\/\/dev.xnet-x.net\/es\/#organization\"},\"image\":{\"@id\":\"https:\/\/dev.xnet-x.net\/es\/carta-edri-denunciando-amenza-que-tratados-como-tisa-suponen-para-derecho-privacidad\/#primaryimage\"},\"thumbnailUrl\":\"https:\/\/dev.xnet-x.net\/img\/carta-edri-denunciando-amenza-que-tratados-como-tisa-suponen-para-derecho-privacidad-img.png\",\"articleSection\":[\"Blog - Nuestras acciones\"],\"inLanguage\":\"es\"},{\"@type\":\"WebPage\",\"@id\":\"https:\/\/dev.xnet-x.net\/es\/carta-edri-denunciando-amenza-que-tratados-como-tisa-suponen-para-derecho-privacidad\/\",\"url\":\"https:\/\/dev.xnet-x.net\/es\/carta-edri-denunciando-amenza-que-tratados-como-tisa-suponen-para-derecho-privacidad\/\",\"name\":\"Nos unimos a la carta de EDRI denunciando la amenza que tratados como TiSA suponen para el derecho fundamental de privacidad\",\"isPartOf\":{\"@id\":\"https:\/\/dev.xnet-x.net\/es\/#website\"},\"primaryImageOfPage\":{\"@id\":\"https:\/\/dev.xnet-x.net\/es\/carta-edri-denunciando-amenza-que-tratados-como-tisa-suponen-para-derecho-privacidad\/#primaryimage\"},\"image\":{\"@id\":\"https:\/\/dev.xnet-x.net\/es\/carta-edri-denunciando-amenza-que-tratados-como-tisa-suponen-para-derecho-privacidad\/#primaryimage\"},\"thumbnailUrl\":\"https:\/\/dev.xnet-x.net\/img\/carta-edri-denunciando-amenza-que-tratados-como-tisa-suponen-para-derecho-privacidad-img.png\",\"datePublished\":\"2016-10-21T17:12:36+00:00\",\"dateModified\":\"2021-09-08T10:28:37+00:00\",\"breadcrumb\":{\"@id\":\"https:\/\/dev.xnet-x.net\/es\/carta-edri-denunciando-amenza-que-tratados-como-tisa-suponen-para-derecho-privacidad\/#breadcrumb\"},\"inLanguage\":\"es\",\"potentialAction\":[{\"@type\":\"ReadAction\",\"target\":[[\"https:\/\/dev.xnet-x.net\/es\/carta-edri-denunciando-amenza-que-tratados-como-tisa-suponen-para-derecho-privacidad\/\"]]}]},{\"@type\":\"ImageObject\",\"inLanguage\":\"es\",\"@id\":\"https:\/\/dev.xnet-x.net\/es\/carta-edri-denunciando-amenza-que-tratados-como-tisa-suponen-para-derecho-privacidad\/#primaryimage\",\"url\":\"https:\/\/dev.xnet-x.net\/img\/carta-edri-denunciando-amenza-que-tratados-como-tisa-suponen-para-derecho-privacidad-img.png\",\"contentUrl\":\"https:\/\/dev.xnet-x.net\/img\/carta-edri-denunciando-amenza-que-tratados-como-tisa-suponen-para-derecho-privacidad-img.png\",\"width\":1024,\"height\":343,\"caption\":\"carta-edri-denunciando-amenza-que-tratados-como-tisa-suponen-para-derecho-privacidad-img\"},{\"@type\":\"BreadcrumbList\",\"@id\":\"https:\/\/dev.xnet-x.net\/es\/carta-edri-denunciando-amenza-que-tratados-como-tisa-suponen-para-derecho-privacidad\/#breadcrumb\",\"itemListElement\":[{\"@type\":\"ListItem\",\"position\":1,\"name\":\"Portada\",\"item\":\"https:\/\/dev.xnet-x.net\/es\/\"},{\"@type\":\"ListItem\",\"position\":2,\"name\":\"Nos unimos a la carta de EDRI denunciando la amenza que tratados como TiSA suponen para el derecho fundamental de privacidad\"}]},{\"@type\":\"WebSite\",\"@id\":\"https:\/\/dev.xnet-x.net\/es\/#website\",\"url\":\"https:\/\/dev.xnet-x.net\/es\/\",\"name\":\"[:es]Xnet - Internet, derechos y democracia en la era digital[:ca]Xnet - Internet, drets i democr\u00e0cia en l'era digital[:en]Xnet - Internet freedoms & digital rights[:]\",\"description\":\"Xnet: Internet, informaci\u00f3n y cultura libres. Tecnopol\u00edtica. Datos, algoritmos y derechos digitales. Libertad de expresi\u00f3n. Democracia y anticorrupci\u00f3n\",\"publisher\":{\"@id\":\"https:\/\/dev.xnet-x.net\/es\/#organization\"},\"potentialAction\":[{\"@type\":\"SearchAction\",\"target\":{\"@type\":\"EntryPoint\",\"urlTemplate\":\"https:\/\/dev.xnet-x.net\/es\/?s={search_term_string}\"},\"query-input\":{\"@type\":\"PropertyValueSpecification\",\"valueRequired\":true,\"valueName\":\"search_term_string\"}}],\"inLanguage\":\"es\"},{\"@type\":\"Organization\",\"@id\":\"https:\/\/dev.xnet-x.net\/es\/#organization\",\"name\":\"Xnet - Internet, derechos y democracia en la era digital\",\"url\":\"https:\/\/dev.xnet-x.net\/es\/\",\"logo\":{\"@type\":\"ImageObject\",\"inLanguage\":\"es\",\"@id\":\"https:\/\/dev.xnet-x.net\/es\/#\/schema\/logo\/image\/\",\"url\":\"https:\/\/xnet-x.net\/img\/xnet-logo.png\",\"contentUrl\":\"https:\/\/xnet-x.net\/img\/xnet-logo.png\",\"width\":512,\"height\":512,\"caption\":\"Xnet - Internet, derechos y democracia en la era digital\"},\"image\":{\"@id\":\"https:\/\/dev.xnet-x.net\/es\/#\/schema\/logo\/image\/\"},\"sameAs\":[\"http:\/\/facebook.com\/RedX.Net\/\",\"https:\/\/x.com\/x_net_\",\"https:\/\/es.wikipedia.org\/wiki\/Xnet\"]},{\"@type\":\"Person\",\"@id\":\"https:\/\/dev.xnet-x.net\/es\/#\/schema\/person\/22ff6833bb04ae7b00d30bbfc7f8f59c\",\"name\":\"XaviSchlz\",\"image\":{\"@type\":\"ImageObject\",\"inLanguage\":\"es\",\"@id\":\"https:\/\/dev.xnet-x.net\/es\/#\/schema\/person\/image\/\",\"url\":\"https:\/\/secure.gravatar.com\/avatar\/1ef91116e3b151b72adbc0767a84e08c8d964f2b26872d9d4dff9f74d8d1712e?s=96&d=mm&r=g\",\"contentUrl\":\"https:\/\/secure.gravatar.com\/avatar\/1ef91116e3b151b72adbc0767a84e08c8d964f2b26872d9d4dff9f74d8d1712e?s=96&d=mm&r=g\",\"caption\":\"XaviSchlz\"}}]}<\/script>\n<!-- \/ Yoast SEO plugin. -->","yoast_head_json":{"title":"Nos unimos a la carta de EDRI denunciando la amenza que tratados como TiSA suponen para el derecho fundamental de privacidad","robots":{"index":"noindex","follow":"nofollow"},"twitter_misc":{"Escrito por":"XaviSchlz","Tiempo de lectura":"3 minutos"},"schema":{"@context":"https:\/\/schema.org","@graph":[{"@type":"Article","@id":"https:\/\/dev.xnet-x.net\/es\/carta-edri-denunciando-amenza-que-tratados-como-tisa-suponen-para-derecho-privacidad\/#article","isPartOf":{"@id":"https:\/\/dev.xnet-x.net\/es\/carta-edri-denunciando-amenza-que-tratados-como-tisa-suponen-para-derecho-privacidad\/"},"author":{"name":"XaviSchlz","@id":"https:\/\/dev.xnet-x.net\/es\/#\/schema\/person\/22ff6833bb04ae7b00d30bbfc7f8f59c"},"headline":"Nos unimos a la carta de EDRI denunciando la amenza que tratados como TiSA suponen para el derecho fundamental de privacidad","datePublished":"2016-10-21T17:12:36+00:00","dateModified":"2021-09-08T10:28:37+00:00","mainEntityOfPage":{"@id":"https:\/\/dev.xnet-x.net\/es\/carta-edri-denunciando-amenza-que-tratados-como-tisa-suponen-para-derecho-privacidad\/"},"wordCount":671,"publisher":{"@id":"https:\/\/dev.xnet-x.net\/es\/#organization"},"image":{"@id":"https:\/\/dev.xnet-x.net\/es\/carta-edri-denunciando-amenza-que-tratados-como-tisa-suponen-para-derecho-privacidad\/#primaryimage"},"thumbnailUrl":"https:\/\/dev.xnet-x.net\/img\/carta-edri-denunciando-amenza-que-tratados-como-tisa-suponen-para-derecho-privacidad-img.png","articleSection":["Blog - Nuestras acciones"],"inLanguage":"es"},{"@type":"WebPage","@id":"https:\/\/dev.xnet-x.net\/es\/carta-edri-denunciando-amenza-que-tratados-como-tisa-suponen-para-derecho-privacidad\/","url":"https:\/\/dev.xnet-x.net\/es\/carta-edri-denunciando-amenza-que-tratados-como-tisa-suponen-para-derecho-privacidad\/","name":"Nos unimos a la carta de EDRI denunciando la amenza que tratados como TiSA suponen para el derecho fundamental de privacidad","isPartOf":{"@id":"https:\/\/dev.xnet-x.net\/es\/#website"},"primaryImageOfPage":{"@id":"https:\/\/dev.xnet-x.net\/es\/carta-edri-denunciando-amenza-que-tratados-como-tisa-suponen-para-derecho-privacidad\/#primaryimage"},"image":{"@id":"https:\/\/dev.xnet-x.net\/es\/carta-edri-denunciando-amenza-que-tratados-como-tisa-suponen-para-derecho-privacidad\/#primaryimage"},"thumbnailUrl":"https:\/\/dev.xnet-x.net\/img\/carta-edri-denunciando-amenza-que-tratados-como-tisa-suponen-para-derecho-privacidad-img.png","datePublished":"2016-10-21T17:12:36+00:00","dateModified":"2021-09-08T10:28:37+00:00","breadcrumb":{"@id":"https:\/\/dev.xnet-x.net\/es\/carta-edri-denunciando-amenza-que-tratados-como-tisa-suponen-para-derecho-privacidad\/#breadcrumb"},"inLanguage":"es","potentialAction":[{"@type":"ReadAction","target":[["https:\/\/dev.xnet-x.net\/es\/carta-edri-denunciando-amenza-que-tratados-como-tisa-suponen-para-derecho-privacidad\/"]]}]},{"@type":"ImageObject","inLanguage":"es","@id":"https:\/\/dev.xnet-x.net\/es\/carta-edri-denunciando-amenza-que-tratados-como-tisa-suponen-para-derecho-privacidad\/#primaryimage","url":"https:\/\/dev.xnet-x.net\/img\/carta-edri-denunciando-amenza-que-tratados-como-tisa-suponen-para-derecho-privacidad-img.png","contentUrl":"https:\/\/dev.xnet-x.net\/img\/carta-edri-denunciando-amenza-que-tratados-como-tisa-suponen-para-derecho-privacidad-img.png","width":1024,"height":343,"caption":"carta-edri-denunciando-amenza-que-tratados-como-tisa-suponen-para-derecho-privacidad-img"},{"@type":"BreadcrumbList","@id":"https:\/\/dev.xnet-x.net\/es\/carta-edri-denunciando-amenza-que-tratados-como-tisa-suponen-para-derecho-privacidad\/#breadcrumb","itemListElement":[{"@type":"ListItem","position":1,"name":"Portada","item":"https:\/\/dev.xnet-x.net\/es\/"},{"@type":"ListItem","position":2,"name":"Nos unimos a la carta de EDRI denunciando la amenza que tratados como TiSA suponen para el derecho fundamental de privacidad"}]},{"@type":"WebSite","@id":"https:\/\/dev.xnet-x.net\/es\/#website","url":"https:\/\/dev.xnet-x.net\/es\/","name":"[:es]Xnet - Internet, derechos y democracia en la era digital[:ca]Xnet - Internet, drets i democr\u00e0cia en l'era digital[:en]Xnet - Internet freedoms & digital rights[:]","description":"Xnet: Internet, informaci\u00f3n y cultura libres. Tecnopol\u00edtica. Datos, algoritmos y derechos digitales. Libertad de expresi\u00f3n. Democracia y anticorrupci\u00f3n","publisher":{"@id":"https:\/\/dev.xnet-x.net\/es\/#organization"},"potentialAction":[{"@type":"SearchAction","target":{"@type":"EntryPoint","urlTemplate":"https:\/\/dev.xnet-x.net\/es\/?s={search_term_string}"},"query-input":{"@type":"PropertyValueSpecification","valueRequired":true,"valueName":"search_term_string"}}],"inLanguage":"es"},{"@type":"Organization","@id":"https:\/\/dev.xnet-x.net\/es\/#organization","name":"Xnet - Internet, derechos y democracia en la era digital","url":"https:\/\/dev.xnet-x.net\/es\/","logo":{"@type":"ImageObject","inLanguage":"es","@id":"https:\/\/dev.xnet-x.net\/es\/#\/schema\/logo\/image\/","url":"https:\/\/xnet-x.net\/img\/xnet-logo.png","contentUrl":"https:\/\/xnet-x.net\/img\/xnet-logo.png","width":512,"height":512,"caption":"Xnet - Internet, derechos y democracia en la era digital"},"image":{"@id":"https:\/\/dev.xnet-x.net\/es\/#\/schema\/logo\/image\/"},"sameAs":["http:\/\/facebook.com\/RedX.Net\/","https:\/\/x.com\/x_net_","https:\/\/es.wikipedia.org\/wiki\/Xnet"]},{"@type":"Person","@id":"https:\/\/dev.xnet-x.net\/es\/#\/schema\/person\/22ff6833bb04ae7b00d30bbfc7f8f59c","name":"XaviSchlz","image":{"@type":"ImageObject","inLanguage":"es","@id":"https:\/\/dev.xnet-x.net\/es\/#\/schema\/person\/image\/","url":"https:\/\/secure.gravatar.com\/avatar\/1ef91116e3b151b72adbc0767a84e08c8d964f2b26872d9d4dff9f74d8d1712e?s=96&d=mm&r=g","contentUrl":"https:\/\/secure.gravatar.com\/avatar\/1ef91116e3b151b72adbc0767a84e08c8d964f2b26872d9d4dff9f74d8d1712e?s=96&d=mm&r=g","caption":"XaviSchlz"}}]}},"_links":{"self":[{"href":"https:\/\/dev.xnet-x.net\/es\/wp-json\/wp\/v2\/posts\/14740","targetHints":{"allow":["GET"]}}],"collection":[{"href":"https:\/\/dev.xnet-x.net\/es\/wp-json\/wp\/v2\/posts"}],"about":[{"href":"https:\/\/dev.xnet-x.net\/es\/wp-json\/wp\/v2\/types\/post"}],"author":[{"embeddable":true,"href":"https:\/\/dev.xnet-x.net\/es\/wp-json\/wp\/v2\/users\/11"}],"replies":[{"embeddable":true,"href":"https:\/\/dev.xnet-x.net\/es\/wp-json\/wp\/v2\/comments?post=14740"}],"version-history":[{"count":3,"href":"https:\/\/dev.xnet-x.net\/es\/wp-json\/wp\/v2\/posts\/14740\/revisions"}],"predecessor-version":[{"id":22934,"href":"https:\/\/dev.xnet-x.net\/es\/wp-json\/wp\/v2\/posts\/14740\/revisions\/22934"}],"wp:featuredmedia":[{"embeddable":true,"href":"https:\/\/dev.xnet-x.net\/es\/wp-json\/wp\/v2\/media\/14744"}],"wp:attachment":[{"href":"https:\/\/dev.xnet-x.net\/es\/wp-json\/wp\/v2\/media?parent=14740"}],"wp:term":[{"taxonomy":"category","embeddable":true,"href":"https:\/\/dev.xnet-x.net\/es\/wp-json\/wp\/v2\/categories?post=14740"},{"taxonomy":"post_tag","embeddable":true,"href":"https:\/\/dev.xnet-x.net\/es\/wp-json\/wp\/v2\/tags?post=14740"}],"curies":[{"name":"wp","href":"https:\/\/api.w.org\/{rel}","templated":true}]}}