{"id":14393,"date":"2018-03-21T11:55:11","date_gmt":"2018-03-21T10:55:11","guid":{"rendered":"https:\/\/xnet-x.net\/?p=14393"},"modified":"2021-08-18T10:53:39","modified_gmt":"2021-08-18T08:53:39","slug":"sobre-incompetencia-y-o-irregularidades-en-el-diseno-gestion-e-implementacion-de-las-politicas-publicas-municipales-de-con-internet-tecnologia-e-innovacion-digital-relacionadas-con-los-derechos-dig","status":"publish","type":"post","link":"https:\/\/dev.xnet-x.net\/es\/deficit-politicas-publicas-municipales-internet\/","title":{"rendered":"Sobre Incompetencia y\/o Irregularidades en el Dise\u00f1o, Gesti\u00f3n e Implementaci\u00f3n de las Pol\u00edticas P\u00fablicas de los Comunes en Internet, Tecnolog\u00eda e Innovaci\u00f3n Digital relacionadas con los Derechos Digitales"},"content":{"rendered":"<p>Los derechos relacionados con Internet, Tecnolog\u00eda e Innovaci\u00f3n Digital son nuestro \u00e1mbito de actuaci\u00f3n desde hace 10 a\u00f1os. Creemos que no hace falta extenderse mucho en esto porque nuestro trabajo es conocido y de referencia en la ciudad de Barcelona, a nivel de Catalunya, estatal y europeo.<br \/>\nPor esto ser\u00eda traicionar nuestro rol de vigilantes de las instituciones como sociedad civil activa en el \u00e1mbito digital, fingir no ver lo que est\u00e1 pasando.<\/p>\n<p>En Barcelona y Catalunya gracias a luchas ciudadanas hist\u00f3ricas se ha avanzado mucho en este sentido. No solo estamos hablando de los 10 a\u00f1os de Xnet, Fcforum, Oxcars\u2026 No queremos hablar por otros, pero recordamos que Guifi.net es la comunidad\/red de telecomunicaciones libre, abierta y neutral m\u00e1s grande del mundo; que Creative Commons Espa\u00f1a es el m\u00e1s usado de Europa y tiene sus sede en Barcelona y que sus vecinos y vecinas son considerados pioneros en todo el mundo en el uso de internet para la autoroganizaci\u00f3n y la transformaci\u00f3n social\u2026<br \/>\nDurante el actual gobierno han podido ampliarse iniciativas de este \u00e1mbito relacionadas con nuevos modelos econ\u00f3micos, lideradas por ejemplo por la plataforma Barcola, y sobre participaci\u00f3n, donde los profesionales que han adaptado el c\u00f3digo de Decidim, han creado una \u201cm\u00e1quina\u201d puntera reconocida internacionalmente aunque muy infrautilizada en el \u00e1mbito municipal.<\/p>\n<p>Pero a nivel de pol\u00edticas propiamente inherentes a Internet y a los Derechos Digitales y realmente al contexto digital como contexto actual de oportunidades y de libertades podemos decir que la mayor\u00eda de dirigentes de los Comunes que lean estas l\u00edneas ni siquiera entender\u00e1n a que nos referimos. Y esto es particularmente grave visto el grave ataque a internet y\u00a0 el gran peligro para la libertad de expresi\u00f3n y la libertad en general que estamos viviendo. Y esto es particularmente grave habiendo escogido como nombre cooptar una de las palabras claves de la lucha por la cultura libre: los comunes.<\/p>\n<p>Si se criticaba la incompetencia oculta bajo el humo de las Smart Cities de anteriores gobiernos, no menores son las redes clientelares con pol\u00edticas de mucho ruido y pocas nueces que est\u00e1n surgiendo ahora, sin entender lo que est\u00e1 en juego y sin escuchar a las reales fuerzas vivas en este \u00e1mbito, sino drenando posibilidades al ecosistema existente o naciente de ciudadan\u00eda organizada y desvi\u00e1ndolas a otros lugares est\u00e9riles\u2026 al menos por lo que concierne el bien com\u00fan. Nos parece como m\u00ednimo\u00a0 top down: una forma de hacer politica de arriba a abajo.<\/p>\n<p>No queremos hablar por otros as\u00ed que hablaremos de nuestro caso. A nivel de pol\u00edticas y derechos en el \u00e1mbito digital, nuestras recomendaciones son escuchadas en muchas instituciones a nivel de ciudad, de Catalunya, estatal y europeo, pero, curiosamente no as\u00ed por la Comisionada en Tecnolog\u00eda e Innovaci\u00f3n Digital. No solo nos sucede a nosotros sino a la gran mayor\u00eda de los grupos m\u00e1s antiguos y respetados de la ciudad sobre el tema. La situaci\u00f3n ha ido agrav\u00e1ndose desde que hace un a\u00f1o y medio tuvimos una serie de reuniones con la Comisionada en la que denunciamos graves faltas en la praxis.<\/p>\n<p>Estas faltas persisten, por esto creemos que se ha de discutirlas p\u00fablicamente. Tenemos gran respeto por la integridad y solvencia de personas con las que hemos compartido activismo en primera persona como Ada Colau, Jaume Asens, Eloi Badia, Janet Sanz, etc.\u00a0 Confiamos en que el gobierno de la ciudad y en general los Comunes no sean conscientes de lo que pasa por ser un gobierno competente en varios \u00e1mbitos sociales, pero que sabemos generalmente muy incompetente en \u00e1mbito de Tecnolog\u00eda, Innovaci\u00f3n Digital y Derechos relacionados. En este \u00e1mbito tem\u00e1tico, el responsable, Gerardo Pisarello, teniente alcalde del que depende esta \u00e1rea y sin ning\u00fan conocimiento en la materia, ha demostrado dejarse f\u00e1cil y peligrosamente embaucar por lo que brilla a pesar de las advertencias.<\/p>\n<p>Lo que la Comisionada Francesca Bria defiende \u2013 no lo que dice que es precioso, sino lo que hace &#8211; ya no solo no es lo deseable, sino que no es lo que se nos dice que es. Confiamos que haya voluntad por parte de los Comunes de reconducir esta situaci\u00f3n. Por ello hemos pedido reunirnos enviando una carta a un gran n\u00famero de dirigentes de las tres formaciones de los Comunes (Barcelona, Catalunya, Congreso) pidiendo una reuni\u00f3n pol\u00edtica y, si necesario, un debate p\u00fablico.<\/p>\n<p>A la espera de una respuesta y ya que es nuestro campo de actuaci\u00f3n y responsabilidad, es nuestra intenci\u00f3n interpelar todos los partidos para poder reconducir la situaci\u00f3n en este \u00e1mbito de cara a las pr\u00f3ximas elecciones.<\/p>","protected":false},"excerpt":{"rendered":"<p>Sobre Incompetencia y\/o Irregularidades en el Dise\u00f1o, Gesti\u00f3n e Implementaci\u00f3n de las Pol\u00edticas P\u00fablicas de los Comunes en Internet<\/p>\n","protected":false},"author":11,"featured_media":0,"comment_status":"closed","ping_status":"closed","sticky":false,"template":"","format":"standard","meta":{"footnotes":""},"categories":[52],"tags":[],"class_list":["post-14393","post","type-post","status-publish","format-standard","hentry","category-blog","ejes-tecnopolitica-hacktivismo-artivismo"],"yoast_head":"<!-- This site is optimized with the Yoast SEO plugin v26.7 - https:\/\/yoast.com\/wordpress\/plugins\/seo\/ -->\n<title>Sobre Incompetencia y\/o Irregularidades en el Dise\u00f1o, Gesti\u00f3n e Implementaci\u00f3n de las Pol\u00edticas P\u00fablicas de los Comunes en Internet, Tecnolog\u00eda e Innovaci\u00f3n Digital relacionadas con los Derechos Digitales<\/title>\n<meta name=\"description\" content=\"Los derechos relacionados con Internet, Tecnolog\u00eda e Innovaci\u00f3n Digital son nuestro \u00e1mbito de actuaci\u00f3n desde hace 10 a\u00f1os. Creemos que no hace falta extenderse mucho en esto porque nuestro trabajo es conocido y de referencia en la ciudad de Barcelona, a nivel de Catalunya, estatal y europeo.\" \/>\n<meta name=\"robots\" content=\"index, follow, max-snippet:-1, max-image-preview:large, max-video-preview:-1\" \/>\n<link rel=\"canonical\" href=\"https:\/\/dev.xnet-x.net\/es\/deficit-politicas-publicas-municipales-internet\/\" \/>\n<meta name=\"twitter:label1\" content=\"Escrito por\" \/>\n\t<meta name=\"twitter:data1\" content=\"XaviSchlz\" \/>\n\t<meta name=\"twitter:label2\" content=\"Tiempo de lectura\" \/>\n\t<meta name=\"twitter:data2\" content=\"12 minutos\" \/>\n<script type=\"application\/ld+json\" class=\"yoast-schema-graph\">{\"@context\":\"https:\/\/schema.org\",\"@graph\":[{\"@type\":\"Article\",\"@id\":\"https:\/\/dev.xnet-x.net\/es\/deficit-politicas-publicas-municipales-internet\/#article\",\"isPartOf\":{\"@id\":\"https:\/\/dev.xnet-x.net\/es\/deficit-politicas-publicas-municipales-internet\/\"},\"author\":{\"name\":\"XaviSchlz\",\"@id\":\"https:\/\/dev.xnet-x.net\/es\/#\/schema\/person\/22ff6833bb04ae7b00d30bbfc7f8f59c\"},\"headline\":\"Sobre Incompetencia y\/o Irregularidades en el Dise\u00f1o, Gesti\u00f3n e Implementaci\u00f3n de las Pol\u00edticas P\u00fablicas de los Comunes en Internet, Tecnolog\u00eda e Innovaci\u00f3n Digital relacionadas con los Derechos Digitales\",\"datePublished\":\"2018-03-21T10:55:11+00:00\",\"dateModified\":\"2021-08-18T08:53:39+00:00\",\"mainEntityOfPage\":{\"@id\":\"https:\/\/dev.xnet-x.net\/es\/deficit-politicas-publicas-municipales-internet\/\"},\"wordCount\":2547,\"publisher\":{\"@id\":\"https:\/\/dev.xnet-x.net\/es\/#organization\"},\"articleSection\":[\"Blog - Nuestras acciones\"],\"inLanguage\":\"es\"},{\"@type\":\"WebPage\",\"@id\":\"https:\/\/dev.xnet-x.net\/es\/deficit-politicas-publicas-municipales-internet\/\",\"url\":\"https:\/\/dev.xnet-x.net\/es\/deficit-politicas-publicas-municipales-internet\/\",\"name\":\"Sobre Incompetencia y\/o Irregularidades en el Dise\u00f1o, Gesti\u00f3n e Implementaci\u00f3n de las Pol\u00edticas P\u00fablicas de los Comunes en Internet, Tecnolog\u00eda e Innovaci\u00f3n Digital relacionadas con los Derechos Digitales\",\"isPartOf\":{\"@id\":\"https:\/\/dev.xnet-x.net\/es\/#website\"},\"datePublished\":\"2018-03-21T10:55:11+00:00\",\"dateModified\":\"2021-08-18T08:53:39+00:00\",\"description\":\"Los derechos relacionados con Internet, Tecnolog\u00eda e Innovaci\u00f3n Digital son nuestro \u00e1mbito de actuaci\u00f3n desde hace 10 a\u00f1os. Creemos que no hace falta extenderse mucho en esto porque nuestro trabajo es conocido y de referencia en la ciudad de Barcelona, a nivel de Catalunya, estatal y europeo.\",\"breadcrumb\":{\"@id\":\"https:\/\/dev.xnet-x.net\/es\/deficit-politicas-publicas-municipales-internet\/#breadcrumb\"},\"inLanguage\":\"es\",\"potentialAction\":[{\"@type\":\"ReadAction\",\"target\":[[\"https:\/\/dev.xnet-x.net\/es\/deficit-politicas-publicas-municipales-internet\/\"]]}]},{\"@type\":\"BreadcrumbList\",\"@id\":\"https:\/\/dev.xnet-x.net\/es\/deficit-politicas-publicas-municipales-internet\/#breadcrumb\",\"itemListElement\":[{\"@type\":\"ListItem\",\"position\":1,\"name\":\"Portada\",\"item\":\"https:\/\/dev.xnet-x.net\/es\/\"},{\"@type\":\"ListItem\",\"position\":2,\"name\":\"Sobre Incompetencia y\/o Irregularidades en el Dise\u00f1o, Gesti\u00f3n e Implementaci\u00f3n de las Pol\u00edticas P\u00fablicas de los Comunes en Internet, Tecnolog\u00eda e Innovaci\u00f3n Digital relacionadas con los Derechos Digitales\"}]},{\"@type\":\"WebSite\",\"@id\":\"https:\/\/dev.xnet-x.net\/es\/#website\",\"url\":\"https:\/\/dev.xnet-x.net\/es\/\",\"name\":\"[:es]Xnet - Internet, derechos y democracia en la era digital[:ca]Xnet - Internet, drets i democr\u00e0cia en l'era digital[:en]Xnet - Internet freedoms & digital rights[:]\",\"description\":\"Xnet: Internet, informaci\u00f3n y cultura libres. Tecnopol\u00edtica. Datos, algoritmos y derechos digitales. Libertad de expresi\u00f3n. Democracia y anticorrupci\u00f3n\",\"publisher\":{\"@id\":\"https:\/\/dev.xnet-x.net\/es\/#organization\"},\"potentialAction\":[{\"@type\":\"SearchAction\",\"target\":{\"@type\":\"EntryPoint\",\"urlTemplate\":\"https:\/\/dev.xnet-x.net\/es\/?s={search_term_string}\"},\"query-input\":{\"@type\":\"PropertyValueSpecification\",\"valueRequired\":true,\"valueName\":\"search_term_string\"}}],\"inLanguage\":\"es\"},{\"@type\":\"Organization\",\"@id\":\"https:\/\/dev.xnet-x.net\/es\/#organization\",\"name\":\"Xnet - Internet, derechos y democracia en la era digital\",\"url\":\"https:\/\/dev.xnet-x.net\/es\/\",\"logo\":{\"@type\":\"ImageObject\",\"inLanguage\":\"es\",\"@id\":\"https:\/\/dev.xnet-x.net\/es\/#\/schema\/logo\/image\/\",\"url\":\"https:\/\/xnet-x.net\/img\/xnet-logo.png\",\"contentUrl\":\"https:\/\/xnet-x.net\/img\/xnet-logo.png\",\"width\":512,\"height\":512,\"caption\":\"Xnet - Internet, derechos y democracia en la era digital\"},\"image\":{\"@id\":\"https:\/\/dev.xnet-x.net\/es\/#\/schema\/logo\/image\/\"},\"sameAs\":[\"http:\/\/facebook.com\/RedX.Net\/\",\"https:\/\/x.com\/x_net_\",\"https:\/\/es.wikipedia.org\/wiki\/Xnet\"]},{\"@type\":\"Person\",\"@id\":\"https:\/\/dev.xnet-x.net\/es\/#\/schema\/person\/22ff6833bb04ae7b00d30bbfc7f8f59c\",\"name\":\"XaviSchlz\",\"image\":{\"@type\":\"ImageObject\",\"inLanguage\":\"es\",\"@id\":\"https:\/\/dev.xnet-x.net\/es\/#\/schema\/person\/image\/\",\"url\":\"https:\/\/secure.gravatar.com\/avatar\/1ef91116e3b151b72adbc0767a84e08c8d964f2b26872d9d4dff9f74d8d1712e?s=96&d=mm&r=g\",\"contentUrl\":\"https:\/\/secure.gravatar.com\/avatar\/1ef91116e3b151b72adbc0767a84e08c8d964f2b26872d9d4dff9f74d8d1712e?s=96&d=mm&r=g\",\"caption\":\"XaviSchlz\"}}]}<\/script>\n<!-- \/ Yoast SEO plugin. -->","yoast_head_json":{"title":"Sobre Incompetencia y\/o Irregularidades en el Dise\u00f1o, Gesti\u00f3n e Implementaci\u00f3n de las Pol\u00edticas P\u00fablicas de los Comunes en Internet, Tecnolog\u00eda e Innovaci\u00f3n Digital relacionadas con los Derechos Digitales","description":"Los derechos relacionados con Internet, Tecnolog\u00eda e Innovaci\u00f3n Digital son nuestro \u00e1mbito de actuaci\u00f3n desde hace 10 a\u00f1os. Creemos que no hace falta extenderse mucho en esto porque nuestro trabajo es conocido y de referencia en la ciudad de Barcelona, a nivel de Catalunya, estatal y europeo.","robots":{"index":"index","follow":"follow","max-snippet":"max-snippet:-1","max-image-preview":"max-image-preview:large","max-video-preview":"max-video-preview:-1"},"canonical":"https:\/\/dev.xnet-x.net\/es\/deficit-politicas-publicas-municipales-internet\/","twitter_misc":{"Escrito por":"XaviSchlz","Tiempo de lectura":"12 minutos"},"schema":{"@context":"https:\/\/schema.org","@graph":[{"@type":"Article","@id":"https:\/\/dev.xnet-x.net\/es\/deficit-politicas-publicas-municipales-internet\/#article","isPartOf":{"@id":"https:\/\/dev.xnet-x.net\/es\/deficit-politicas-publicas-municipales-internet\/"},"author":{"name":"XaviSchlz","@id":"https:\/\/dev.xnet-x.net\/es\/#\/schema\/person\/22ff6833bb04ae7b00d30bbfc7f8f59c"},"headline":"Sobre Incompetencia y\/o Irregularidades en el Dise\u00f1o, Gesti\u00f3n e Implementaci\u00f3n de las Pol\u00edticas P\u00fablicas de los Comunes en Internet, Tecnolog\u00eda e Innovaci\u00f3n Digital relacionadas con los Derechos Digitales","datePublished":"2018-03-21T10:55:11+00:00","dateModified":"2021-08-18T08:53:39+00:00","mainEntityOfPage":{"@id":"https:\/\/dev.xnet-x.net\/es\/deficit-politicas-publicas-municipales-internet\/"},"wordCount":2547,"publisher":{"@id":"https:\/\/dev.xnet-x.net\/es\/#organization"},"articleSection":["Blog - Nuestras acciones"],"inLanguage":"es"},{"@type":"WebPage","@id":"https:\/\/dev.xnet-x.net\/es\/deficit-politicas-publicas-municipales-internet\/","url":"https:\/\/dev.xnet-x.net\/es\/deficit-politicas-publicas-municipales-internet\/","name":"Sobre Incompetencia y\/o Irregularidades en el Dise\u00f1o, Gesti\u00f3n e Implementaci\u00f3n de las Pol\u00edticas P\u00fablicas de los Comunes en Internet, Tecnolog\u00eda e Innovaci\u00f3n Digital relacionadas con los Derechos Digitales","isPartOf":{"@id":"https:\/\/dev.xnet-x.net\/es\/#website"},"datePublished":"2018-03-21T10:55:11+00:00","dateModified":"2021-08-18T08:53:39+00:00","description":"Los derechos relacionados con Internet, Tecnolog\u00eda e Innovaci\u00f3n Digital son nuestro \u00e1mbito de actuaci\u00f3n desde hace 10 a\u00f1os. Creemos que no hace falta extenderse mucho en esto porque nuestro trabajo es conocido y de referencia en la ciudad de Barcelona, a nivel de Catalunya, estatal y europeo.","breadcrumb":{"@id":"https:\/\/dev.xnet-x.net\/es\/deficit-politicas-publicas-municipales-internet\/#breadcrumb"},"inLanguage":"es","potentialAction":[{"@type":"ReadAction","target":[["https:\/\/dev.xnet-x.net\/es\/deficit-politicas-publicas-municipales-internet\/"]]}]},{"@type":"BreadcrumbList","@id":"https:\/\/dev.xnet-x.net\/es\/deficit-politicas-publicas-municipales-internet\/#breadcrumb","itemListElement":[{"@type":"ListItem","position":1,"name":"Portada","item":"https:\/\/dev.xnet-x.net\/es\/"},{"@type":"ListItem","position":2,"name":"Sobre Incompetencia y\/o Irregularidades en el Dise\u00f1o, Gesti\u00f3n e Implementaci\u00f3n de las Pol\u00edticas P\u00fablicas de los Comunes en Internet, Tecnolog\u00eda e Innovaci\u00f3n Digital relacionadas con los Derechos Digitales"}]},{"@type":"WebSite","@id":"https:\/\/dev.xnet-x.net\/es\/#website","url":"https:\/\/dev.xnet-x.net\/es\/","name":"[:es]Xnet - Internet, derechos y democracia en la era digital[:ca]Xnet - Internet, drets i democr\u00e0cia en l'era digital[:en]Xnet - Internet freedoms & digital rights[:]","description":"Xnet: Internet, informaci\u00f3n y cultura libres. Tecnopol\u00edtica. Datos, algoritmos y derechos digitales. Libertad de expresi\u00f3n. Democracia y anticorrupci\u00f3n","publisher":{"@id":"https:\/\/dev.xnet-x.net\/es\/#organization"},"potentialAction":[{"@type":"SearchAction","target":{"@type":"EntryPoint","urlTemplate":"https:\/\/dev.xnet-x.net\/es\/?s={search_term_string}"},"query-input":{"@type":"PropertyValueSpecification","valueRequired":true,"valueName":"search_term_string"}}],"inLanguage":"es"},{"@type":"Organization","@id":"https:\/\/dev.xnet-x.net\/es\/#organization","name":"Xnet - Internet, derechos y democracia en la era digital","url":"https:\/\/dev.xnet-x.net\/es\/","logo":{"@type":"ImageObject","inLanguage":"es","@id":"https:\/\/dev.xnet-x.net\/es\/#\/schema\/logo\/image\/","url":"https:\/\/xnet-x.net\/img\/xnet-logo.png","contentUrl":"https:\/\/xnet-x.net\/img\/xnet-logo.png","width":512,"height":512,"caption":"Xnet - Internet, derechos y democracia en la era digital"},"image":{"@id":"https:\/\/dev.xnet-x.net\/es\/#\/schema\/logo\/image\/"},"sameAs":["http:\/\/facebook.com\/RedX.Net\/","https:\/\/x.com\/x_net_","https:\/\/es.wikipedia.org\/wiki\/Xnet"]},{"@type":"Person","@id":"https:\/\/dev.xnet-x.net\/es\/#\/schema\/person\/22ff6833bb04ae7b00d30bbfc7f8f59c","name":"XaviSchlz","image":{"@type":"ImageObject","inLanguage":"es","@id":"https:\/\/dev.xnet-x.net\/es\/#\/schema\/person\/image\/","url":"https:\/\/secure.gravatar.com\/avatar\/1ef91116e3b151b72adbc0767a84e08c8d964f2b26872d9d4dff9f74d8d1712e?s=96&d=mm&r=g","contentUrl":"https:\/\/secure.gravatar.com\/avatar\/1ef91116e3b151b72adbc0767a84e08c8d964f2b26872d9d4dff9f74d8d1712e?s=96&d=mm&r=g","caption":"XaviSchlz"}}]}},"_links":{"self":[{"href":"https:\/\/dev.xnet-x.net\/es\/wp-json\/wp\/v2\/posts\/14393","targetHints":{"allow":["GET"]}}],"collection":[{"href":"https:\/\/dev.xnet-x.net\/es\/wp-json\/wp\/v2\/posts"}],"about":[{"href":"https:\/\/dev.xnet-x.net\/es\/wp-json\/wp\/v2\/types\/post"}],"author":[{"embeddable":true,"href":"https:\/\/dev.xnet-x.net\/es\/wp-json\/wp\/v2\/users\/11"}],"replies":[{"embeddable":true,"href":"https:\/\/dev.xnet-x.net\/es\/wp-json\/wp\/v2\/comments?post=14393"}],"version-history":[{"count":16,"href":"https:\/\/dev.xnet-x.net\/es\/wp-json\/wp\/v2\/posts\/14393\/revisions"}],"predecessor-version":[{"id":15933,"href":"https:\/\/dev.xnet-x.net\/es\/wp-json\/wp\/v2\/posts\/14393\/revisions\/15933"}],"wp:attachment":[{"href":"https:\/\/dev.xnet-x.net\/es\/wp-json\/wp\/v2\/media?parent=14393"}],"wp:term":[{"taxonomy":"category","embeddable":true,"href":"https:\/\/dev.xnet-x.net\/es\/wp-json\/wp\/v2\/categories?post=14393"},{"taxonomy":"post_tag","embeddable":true,"href":"https:\/\/dev.xnet-x.net\/es\/wp-json\/wp\/v2\/tags?post=14393"}],"curies":[{"name":"wp","href":"https:\/\/api.w.org\/{rel}","templated":true}]}}