{"id":13616,"date":"2017-11-21T10:19:33","date_gmt":"2017-11-21T09:19:33","guid":{"rendered":"https:\/\/xnet-x.net\/?p=13616"},"modified":"2017-11-21T10:21:02","modified_gmt":"2017-11-21T09:21:02","slug":"cierre-webs-sin-orden-judicial-ley-consumidores-ue","status":"publish","type":"post","link":"https:\/\/dev.xnet-x.net\/es\/cierre-webs-sin-orden-judicial-ley-consumidores-ue\/","title":{"rendered":"La UE aprueba cierre de webs sin orden judicial en ley de protecci\u00f3n de consumidores"},"content":{"rendered":"<p>M\u00e1s malas noticias desde EU. Otro varapalo a nuestros derechos y libertades. Y esta vez algo parece haber fallado en la acci\u00f3n de las asociaciones de consumidores. \u00bfC\u00f3mo han podido consentir tal cosa? \u00bfQu\u00e9 ha pasado? \u00bfQu\u00e9 se puede hacer? Por favor, explic\u00e1dnoslo.<\/p>\n<p>La UE ha aprobado la <a href=\"http:\/\/www.europarl.europa.eu\/RegData\/commissions\/imco\/inag\/2017\/07-11\/IMCO_AG(2017)608048_EN.pdf\" rel=\"noopener\" target=\"_blank\">Consumer Protection Cooperation Regulation<\/a>. Mientras las protecciones fuertes para los consumidores que ten\u00eda que contener la regulaci\u00f3n se han acabado <a href=\"https:\/\/juliareda.eu\/2017\/11\/eu-website-blocking\/\" rel=\"noopener\" target=\"_blank\">diluyendo<\/a>:<\/p>\n<ul>\n<li><strong>Compensaci\u00f3n al consumidor voluntaria<\/strong>: la propuesta original habr\u00eda dado a las autoridades de protecci\u00f3n del consumidor la facultad de ordenar a los comerciantes compensar a los consumidores perjudicados. En el texto final, dicha compensaci\u00f3n se hace \u00abvoluntaria\u00bb someti\u00e9ndola a \u00abla iniciativa del comerciante\u00bb. WTF?!<\/li>\n<li><strong>Sin restituci\u00f3n de beneficios<\/strong>: las autoridades de protecci\u00f3n al consumidor no podr\u00e1n restituir los beneficios il\u00edcitos, obtenidos como resultado de infracciones a las leyes de protecci\u00f3n al consumidor. WTF?!<\/li>\n<\/ul>\n<p>A cambio de perder una parte de su funci\u00f3n, se ha hecho un <strong>regalito envenenado<\/strong> a las autoridades de protecci\u00f3n de consumidor. No les dan capacidades \u00fatiles pero en cambio el Consejo de la Uni\u00f3n Europa, S\u00cd les ha dado a el poder de <strong>solicitar el bloqueo de sitios web SIN MANDATO JUDICIAL<\/strong>. Un poder que no solo es desproporcionado, sino que abre las puertas a que los gobiernos abusen de \u00e9l, convirtiendo la llamada \u00abprotecci\u00f3n de consumidores\u00bb en una excusa para el bloqueo de webs, arbitrario, injustificado y sin garant\u00edas legales.<\/p>\n<p>Por favor, decidnos que no lo hemos entendido bien.<\/p>","protected":false},"excerpt":{"rendered":"<p>La UE aprueba cierre de webs sin orden judicial en ley de protecci\u00f3n de consumidores que adem\u00e1s carece de protecciones fuertes a los consumidores<\/p>\n","protected":false},"author":8,"featured_media":13617,"comment_status":"closed","ping_status":"closed","sticky":false,"template":"","format":"standard","meta":{"footnotes":""},"categories":[52],"tags":[],"class_list":["post-13616","post","type-post","status-publish","format-standard","has-post-thumbnail","hentry","category-blog","ejes-libertad-expresion-informacion"],"yoast_head":"<!-- This site is optimized with the Yoast SEO plugin v26.7 - https:\/\/yoast.com\/wordpress\/plugins\/seo\/ -->\n<title>La UE aprueba cierre de webs sin orden judicial en ley de protecci\u00f3n de consumidores<\/title>\n<meta name=\"robots\" content=\"index, follow, max-snippet:-1, max-image-preview:large, max-video-preview:-1\" \/>\n<link rel=\"canonical\" href=\"https:\/\/dev.xnet-x.net\/es\/cierre-webs-sin-orden-judicial-ley-consumidores-ue\/\" \/>\n<meta name=\"twitter:label1\" content=\"Escrito por\" \/>\n\t<meta name=\"twitter:data1\" content=\"Xnet\" \/>\n\t<meta name=\"twitter:label2\" content=\"Tiempo de lectura\" \/>\n\t<meta name=\"twitter:data2\" content=\"1 minuto\" \/>\n<script type=\"application\/ld+json\" class=\"yoast-schema-graph\">{\"@context\":\"https:\/\/schema.org\",\"@graph\":[{\"@type\":\"Article\",\"@id\":\"https:\/\/dev.xnet-x.net\/es\/cierre-webs-sin-orden-judicial-ley-consumidores-ue\/#article\",\"isPartOf\":{\"@id\":\"https:\/\/dev.xnet-x.net\/es\/cierre-webs-sin-orden-judicial-ley-consumidores-ue\/\"},\"author\":{\"name\":\"Xnet\",\"@id\":\"https:\/\/dev.xnet-x.net\/es\/#\/schema\/person\/286e07d1c80ea3bcc60b6ef8b146e637\"},\"headline\":\"La UE aprueba cierre de webs sin orden judicial en ley de protecci\u00f3n de consumidores\",\"datePublished\":\"2017-11-21T09:19:33+00:00\",\"dateModified\":\"2017-11-21T09:21:02+00:00\",\"mainEntityOfPage\":{\"@id\":\"https:\/\/dev.xnet-x.net\/es\/cierre-webs-sin-orden-judicial-ley-consumidores-ue\/\"},\"wordCount\":282,\"publisher\":{\"@id\":\"https:\/\/dev.xnet-x.net\/es\/#organization\"},\"image\":{\"@id\":\"https:\/\/dev.xnet-x.net\/es\/cierre-webs-sin-orden-judicial-ley-consumidores-ue\/#primaryimage\"},\"thumbnailUrl\":\"https:\/\/dev.xnet-x.net\/img\/no-entry-web-blocked.jpg\",\"articleSection\":[\"Blog - Nuestras acciones\"],\"inLanguage\":\"es\"},{\"@type\":\"WebPage\",\"@id\":\"https:\/\/dev.xnet-x.net\/es\/cierre-webs-sin-orden-judicial-ley-consumidores-ue\/\",\"url\":\"https:\/\/dev.xnet-x.net\/es\/cierre-webs-sin-orden-judicial-ley-consumidores-ue\/\",\"name\":\"La UE aprueba cierre de webs sin orden judicial en ley de protecci\u00f3n de consumidores\",\"isPartOf\":{\"@id\":\"https:\/\/dev.xnet-x.net\/es\/#website\"},\"primaryImageOfPage\":{\"@id\":\"https:\/\/dev.xnet-x.net\/es\/cierre-webs-sin-orden-judicial-ley-consumidores-ue\/#primaryimage\"},\"image\":{\"@id\":\"https:\/\/dev.xnet-x.net\/es\/cierre-webs-sin-orden-judicial-ley-consumidores-ue\/#primaryimage\"},\"thumbnailUrl\":\"https:\/\/dev.xnet-x.net\/img\/no-entry-web-blocked.jpg\",\"datePublished\":\"2017-11-21T09:19:33+00:00\",\"dateModified\":\"2017-11-21T09:21:02+00:00\",\"breadcrumb\":{\"@id\":\"https:\/\/dev.xnet-x.net\/es\/cierre-webs-sin-orden-judicial-ley-consumidores-ue\/#breadcrumb\"},\"inLanguage\":\"es\",\"potentialAction\":[{\"@type\":\"ReadAction\",\"target\":[[\"https:\/\/dev.xnet-x.net\/es\/cierre-webs-sin-orden-judicial-ley-consumidores-ue\/\"]]}]},{\"@type\":\"ImageObject\",\"inLanguage\":\"es\",\"@id\":\"https:\/\/dev.xnet-x.net\/es\/cierre-webs-sin-orden-judicial-ley-consumidores-ue\/#primaryimage\",\"url\":\"https:\/\/dev.xnet-x.net\/img\/no-entry-web-blocked.jpg\",\"contentUrl\":\"https:\/\/dev.xnet-x.net\/img\/no-entry-web-blocked.jpg\",\"width\":800,\"height\":422,\"caption\":\"La UE acaba aprueba cierra de webs sin orden judicial en ley de protecci\u00f3n de consumidores\"},{\"@type\":\"BreadcrumbList\",\"@id\":\"https:\/\/dev.xnet-x.net\/es\/cierre-webs-sin-orden-judicial-ley-consumidores-ue\/#breadcrumb\",\"itemListElement\":[{\"@type\":\"ListItem\",\"position\":1,\"name\":\"Portada\",\"item\":\"https:\/\/dev.xnet-x.net\/es\/\"},{\"@type\":\"ListItem\",\"position\":2,\"name\":\"La UE aprueba cierre de webs sin orden judicial en ley de protecci\u00f3n de consumidores\"}]},{\"@type\":\"WebSite\",\"@id\":\"https:\/\/dev.xnet-x.net\/es\/#website\",\"url\":\"https:\/\/dev.xnet-x.net\/es\/\",\"name\":\"[:es]Xnet - Internet, derechos y democracia en la era digital[:ca]Xnet - Internet, drets i democr\u00e0cia en l'era digital[:en]Xnet - Internet freedoms & digital rights[:]\",\"description\":\"Xnet: Internet, informaci\u00f3n y cultura libres. Tecnopol\u00edtica. Datos, algoritmos y derechos digitales. Libertad de expresi\u00f3n. Democracia y anticorrupci\u00f3n\",\"publisher\":{\"@id\":\"https:\/\/dev.xnet-x.net\/es\/#organization\"},\"potentialAction\":[{\"@type\":\"SearchAction\",\"target\":{\"@type\":\"EntryPoint\",\"urlTemplate\":\"https:\/\/dev.xnet-x.net\/es\/?s={search_term_string}\"},\"query-input\":{\"@type\":\"PropertyValueSpecification\",\"valueRequired\":true,\"valueName\":\"search_term_string\"}}],\"inLanguage\":\"es\"},{\"@type\":\"Organization\",\"@id\":\"https:\/\/dev.xnet-x.net\/es\/#organization\",\"name\":\"Xnet - Internet, derechos y democracia en la era digital\",\"url\":\"https:\/\/dev.xnet-x.net\/es\/\",\"logo\":{\"@type\":\"ImageObject\",\"inLanguage\":\"es\",\"@id\":\"https:\/\/dev.xnet-x.net\/es\/#\/schema\/logo\/image\/\",\"url\":\"https:\/\/xnet-x.net\/img\/xnet-logo.png\",\"contentUrl\":\"https:\/\/xnet-x.net\/img\/xnet-logo.png\",\"width\":512,\"height\":512,\"caption\":\"Xnet - Internet, derechos y democracia en la era digital\"},\"image\":{\"@id\":\"https:\/\/dev.xnet-x.net\/es\/#\/schema\/logo\/image\/\"},\"sameAs\":[\"http:\/\/facebook.com\/RedX.Net\/\",\"https:\/\/x.com\/x_net_\",\"https:\/\/es.wikipedia.org\/wiki\/Xnet\"]},{\"@type\":\"Person\",\"@id\":\"https:\/\/dev.xnet-x.net\/es\/#\/schema\/person\/286e07d1c80ea3bcc60b6ef8b146e637\",\"name\":\"Xnet\",\"image\":{\"@type\":\"ImageObject\",\"inLanguage\":\"es\",\"@id\":\"https:\/\/dev.xnet-x.net\/es\/#\/schema\/person\/image\/\",\"url\":\"https:\/\/secure.gravatar.com\/avatar\/76eee622ce1df16aa986c0f990545e62b4c87e399e6c2a5fcfe24a092d2ba829?s=96&d=mm&r=g\",\"contentUrl\":\"https:\/\/secure.gravatar.com\/avatar\/76eee622ce1df16aa986c0f990545e62b4c87e399e6c2a5fcfe24a092d2ba829?s=96&d=mm&r=g\",\"caption\":\"Xnet\"}}]}<\/script>\n<!-- \/ Yoast SEO plugin. -->","yoast_head_json":{"title":"La UE aprueba cierre de webs sin orden judicial en ley de protecci\u00f3n de consumidores","robots":{"index":"index","follow":"follow","max-snippet":"max-snippet:-1","max-image-preview":"max-image-preview:large","max-video-preview":"max-video-preview:-1"},"canonical":"https:\/\/dev.xnet-x.net\/es\/cierre-webs-sin-orden-judicial-ley-consumidores-ue\/","twitter_misc":{"Escrito por":"Xnet","Tiempo de lectura":"1 minuto"},"schema":{"@context":"https:\/\/schema.org","@graph":[{"@type":"Article","@id":"https:\/\/dev.xnet-x.net\/es\/cierre-webs-sin-orden-judicial-ley-consumidores-ue\/#article","isPartOf":{"@id":"https:\/\/dev.xnet-x.net\/es\/cierre-webs-sin-orden-judicial-ley-consumidores-ue\/"},"author":{"name":"Xnet","@id":"https:\/\/dev.xnet-x.net\/es\/#\/schema\/person\/286e07d1c80ea3bcc60b6ef8b146e637"},"headline":"La UE aprueba cierre de webs sin orden judicial en ley de protecci\u00f3n de consumidores","datePublished":"2017-11-21T09:19:33+00:00","dateModified":"2017-11-21T09:21:02+00:00","mainEntityOfPage":{"@id":"https:\/\/dev.xnet-x.net\/es\/cierre-webs-sin-orden-judicial-ley-consumidores-ue\/"},"wordCount":282,"publisher":{"@id":"https:\/\/dev.xnet-x.net\/es\/#organization"},"image":{"@id":"https:\/\/dev.xnet-x.net\/es\/cierre-webs-sin-orden-judicial-ley-consumidores-ue\/#primaryimage"},"thumbnailUrl":"https:\/\/dev.xnet-x.net\/img\/no-entry-web-blocked.jpg","articleSection":["Blog - Nuestras acciones"],"inLanguage":"es"},{"@type":"WebPage","@id":"https:\/\/dev.xnet-x.net\/es\/cierre-webs-sin-orden-judicial-ley-consumidores-ue\/","url":"https:\/\/dev.xnet-x.net\/es\/cierre-webs-sin-orden-judicial-ley-consumidores-ue\/","name":"La UE aprueba cierre de webs sin orden judicial en ley de protecci\u00f3n de consumidores","isPartOf":{"@id":"https:\/\/dev.xnet-x.net\/es\/#website"},"primaryImageOfPage":{"@id":"https:\/\/dev.xnet-x.net\/es\/cierre-webs-sin-orden-judicial-ley-consumidores-ue\/#primaryimage"},"image":{"@id":"https:\/\/dev.xnet-x.net\/es\/cierre-webs-sin-orden-judicial-ley-consumidores-ue\/#primaryimage"},"thumbnailUrl":"https:\/\/dev.xnet-x.net\/img\/no-entry-web-blocked.jpg","datePublished":"2017-11-21T09:19:33+00:00","dateModified":"2017-11-21T09:21:02+00:00","breadcrumb":{"@id":"https:\/\/dev.xnet-x.net\/es\/cierre-webs-sin-orden-judicial-ley-consumidores-ue\/#breadcrumb"},"inLanguage":"es","potentialAction":[{"@type":"ReadAction","target":[["https:\/\/dev.xnet-x.net\/es\/cierre-webs-sin-orden-judicial-ley-consumidores-ue\/"]]}]},{"@type":"ImageObject","inLanguage":"es","@id":"https:\/\/dev.xnet-x.net\/es\/cierre-webs-sin-orden-judicial-ley-consumidores-ue\/#primaryimage","url":"https:\/\/dev.xnet-x.net\/img\/no-entry-web-blocked.jpg","contentUrl":"https:\/\/dev.xnet-x.net\/img\/no-entry-web-blocked.jpg","width":800,"height":422,"caption":"La UE acaba aprueba cierra de webs sin orden judicial en ley de protecci\u00f3n de consumidores"},{"@type":"BreadcrumbList","@id":"https:\/\/dev.xnet-x.net\/es\/cierre-webs-sin-orden-judicial-ley-consumidores-ue\/#breadcrumb","itemListElement":[{"@type":"ListItem","position":1,"name":"Portada","item":"https:\/\/dev.xnet-x.net\/es\/"},{"@type":"ListItem","position":2,"name":"La UE aprueba cierre de webs sin orden judicial en ley de protecci\u00f3n de consumidores"}]},{"@type":"WebSite","@id":"https:\/\/dev.xnet-x.net\/es\/#website","url":"https:\/\/dev.xnet-x.net\/es\/","name":"[:es]Xnet - Internet, derechos y democracia en la era digital[:ca]Xnet - Internet, drets i democr\u00e0cia en l'era digital[:en]Xnet - Internet freedoms & digital rights[:]","description":"Xnet: Internet, informaci\u00f3n y cultura libres. Tecnopol\u00edtica. Datos, algoritmos y derechos digitales. Libertad de expresi\u00f3n. Democracia y anticorrupci\u00f3n","publisher":{"@id":"https:\/\/dev.xnet-x.net\/es\/#organization"},"potentialAction":[{"@type":"SearchAction","target":{"@type":"EntryPoint","urlTemplate":"https:\/\/dev.xnet-x.net\/es\/?s={search_term_string}"},"query-input":{"@type":"PropertyValueSpecification","valueRequired":true,"valueName":"search_term_string"}}],"inLanguage":"es"},{"@type":"Organization","@id":"https:\/\/dev.xnet-x.net\/es\/#organization","name":"Xnet - Internet, derechos y democracia en la era digital","url":"https:\/\/dev.xnet-x.net\/es\/","logo":{"@type":"ImageObject","inLanguage":"es","@id":"https:\/\/dev.xnet-x.net\/es\/#\/schema\/logo\/image\/","url":"https:\/\/xnet-x.net\/img\/xnet-logo.png","contentUrl":"https:\/\/xnet-x.net\/img\/xnet-logo.png","width":512,"height":512,"caption":"Xnet - Internet, derechos y democracia en la era digital"},"image":{"@id":"https:\/\/dev.xnet-x.net\/es\/#\/schema\/logo\/image\/"},"sameAs":["http:\/\/facebook.com\/RedX.Net\/","https:\/\/x.com\/x_net_","https:\/\/es.wikipedia.org\/wiki\/Xnet"]},{"@type":"Person","@id":"https:\/\/dev.xnet-x.net\/es\/#\/schema\/person\/286e07d1c80ea3bcc60b6ef8b146e637","name":"Xnet","image":{"@type":"ImageObject","inLanguage":"es","@id":"https:\/\/dev.xnet-x.net\/es\/#\/schema\/person\/image\/","url":"https:\/\/secure.gravatar.com\/avatar\/76eee622ce1df16aa986c0f990545e62b4c87e399e6c2a5fcfe24a092d2ba829?s=96&d=mm&r=g","contentUrl":"https:\/\/secure.gravatar.com\/avatar\/76eee622ce1df16aa986c0f990545e62b4c87e399e6c2a5fcfe24a092d2ba829?s=96&d=mm&r=g","caption":"Xnet"}}]}},"_links":{"self":[{"href":"https:\/\/dev.xnet-x.net\/es\/wp-json\/wp\/v2\/posts\/13616","targetHints":{"allow":["GET"]}}],"collection":[{"href":"https:\/\/dev.xnet-x.net\/es\/wp-json\/wp\/v2\/posts"}],"about":[{"href":"https:\/\/dev.xnet-x.net\/es\/wp-json\/wp\/v2\/types\/post"}],"author":[{"embeddable":true,"href":"https:\/\/dev.xnet-x.net\/es\/wp-json\/wp\/v2\/users\/8"}],"replies":[{"embeddable":true,"href":"https:\/\/dev.xnet-x.net\/es\/wp-json\/wp\/v2\/comments?post=13616"}],"version-history":[{"count":2,"href":"https:\/\/dev.xnet-x.net\/es\/wp-json\/wp\/v2\/posts\/13616\/revisions"}],"predecessor-version":[{"id":13619,"href":"https:\/\/dev.xnet-x.net\/es\/wp-json\/wp\/v2\/posts\/13616\/revisions\/13619"}],"wp:featuredmedia":[{"embeddable":true,"href":"https:\/\/dev.xnet-x.net\/es\/wp-json\/wp\/v2\/media\/13617"}],"wp:attachment":[{"href":"https:\/\/dev.xnet-x.net\/es\/wp-json\/wp\/v2\/media?parent=13616"}],"wp:term":[{"taxonomy":"category","embeddable":true,"href":"https:\/\/dev.xnet-x.net\/es\/wp-json\/wp\/v2\/categories?post=13616"},{"taxonomy":"post_tag","embeddable":true,"href":"https:\/\/dev.xnet-x.net\/es\/wp-json\/wp\/v2\/tags?post=13616"}],"curies":[{"name":"wp","href":"https:\/\/api.w.org\/{rel}","templated":true}]}}