{"id":12492,"date":"2017-06-29T09:00:06","date_gmt":"2017-06-29T08:00:06","guid":{"rendered":"https:\/\/xnet-x.net\/?p=12492"},"modified":"2017-09-14T11:47:41","modified_gmt":"2017-09-14T10:47:41","slug":"publishing-industry-pays-spanish-google-tax-to-endorse-link-tax","status":"publish","type":"post","link":"https:\/\/dev.xnet-x.net\/es\/operacion-circular-avalar-canon-aede-tasa-google\/","title":{"rendered":"La industria editorial se paga a s\u00ed misma la Tasa Google para validar el canon AEDE"},"content":{"rendered":"<p>Tras el reciente cierre del <a href=\"http:\/\/www.cedro.org\/prensa\/notas-de-prensa\/nota-de-prensa\/2017\/06\/27\/upday\" target=\"_blank\">primer acuerdo<\/a> para cobrar la compensaci\u00f3n a editores entre Cedro (El Centro Espa\u00f1ol de Derechos Reprogr\u00e1ficos) y el agregador de noticias alem\u00e1n Upday, Xnet se\u00f1ala que esto no es realmente un \u00abacuerdo\u00bb entre gremios sino simplemente una operaci\u00f3n de inter\u00e9s circular, una simulaci\u00f3n que beneficia al mismo gremio avalando el \u00abCanon AEDE\u00bb o \u00abTasa Google\u00bb. Una vez m\u00e1s, \u00ablos autores\u00bb y sus derechos poco tiene que ver.<\/p>\n<p>Veamos.<\/p>\n<p><strong>La empresa Upday pertenece al grupo editor alem\u00e1n <a href=\"http:\/\/www.axelspringer.de\/en\/presse\/UPDAY-starts-in-ten-more-European-countries-with-the-launch-of-the-Samsung-Galaxy-S8_31415489.html\" target=\"_blank\">Axel Springer<\/a> que, a su vez, es beneficiario como editor de publicaciones de la \u00abTasa Google\u00bb<\/strong>. As\u00ed pues, no solo parte del dinero que pague Upday acabar\u00e1 volviendo al mismo grupo Axel Springer, sino que el grupo tienen un inter\u00e9s evidente en poner en funcionamiento el cobro de dicha tasa sentando precedente con este primer pago. <\/p>\n<p>No se conocen a\u00fan los detalles del acuerdo sobre las cuant\u00edas. El apartado 2 del art\u00edculo 32 del vigente texto refundido de la Ley de Propiedad Intelectual, en vigor desde el 1 de enero de 2015 no especificaba cantidades a pagar por los enlaces acompa\u00f1ados de \u00abfragmentos no significativos de contenidos\u00bb. En julio de 2016, Cedro tas\u00f3 en <a href=\"http:\/\/www.cedro.org\/docs\/default-source\/0tarifas\/tarifas.pdf#page=26\" target=\"_blank\">0,05044854 \u20ac por usuario activo\/d\u00eda<\/a> la cantidad a pagar por parte de los agregadores de noticias. Esta tarifa supondr\u00eda, por ejemplo, <a href=\"http:\/\/www.elconfidencial.com\/tecnologia\/2017-02-07\/canon-aede-meneame-internet-facebook-agregadores_1327333\/\" target=\"_blank\">2,5 millones de euros<\/a> al a\u00f1o a pagar por el agregador Men\u00e9ame, cantidad totalmente desmesurada ya que en 2015 tuvo una facturaci\u00f3n de 125.000\u20ac, lo cual le obligar\u00eda probablemente tener que cerrar. Sin embargo, <strong>es razonable pensar que Upday est\u00e1 dispuesta a pagar tasas m\u00e1s elevadas, teniendo en cuenta que esto supone una compensaci\u00f3n para el grupo Axel Springer, ya que tambi\u00e9n recibir\u00eda ingresos de la tasa<\/strong> a los agregadores.<\/p>\n<p>El director legal de Cedro, <a href=\"http:\/\/www.eldiario.es\/economia\/Cedro-acuerdo-Google-agregador-noticias_0_658984615.html\" target=\"_blank\">D\u00edaz de Olarte, afirma<\/a> que \u00ab<em>Somos optimistas, porque no hemos encontrado un rechazo frontal y porque se ha hecho un esfuerzo importante para que lo que se pueda ofrecer a estos agregadores no impida el desarrollo de su actividad, sino que busque un equilibrio entre ambas partes<\/em>\u00ab. A esta afirmaci\u00f3n Xnet respondemos que dicho equilibrio no existe cuando ambas partes son la misma. <strong>Un agregador de noticias propiedad de un medio editorial avalando una tasa a los agregadores en favor de los medios editoriales<\/strong>. El c\u00edrculo de intereses se cierra alrededor del monopolio de los grandes medios editoriales con una ley a medida mientras empresas nativo digitales se ven abocadas al cierre (y no, no estamos hablando de Google, que sobrevivir\u00e1 sin problemas, hablamos de tu peque\u00f1o blog de noticias o la nueva app social que est\u00e1 por venir y puede que jam\u00e1s llegue).<\/p>\n<p>Finalmente, cabe tambi\u00e9n destacar que la aplicaci\u00f3n Upday se ha desarrollado en co-alianza entre Axel Springel y Samsung, y que tel\u00e9fonos de est\u00e1 marca la llevar\u00edan pre-instalada de f\u00e1brica, otra pr\u00e1ctica de dudosa en cuanto al respeto de la competitividad.<\/p>\n<p>El acuerdo se produce tambi\u00e9n en un momento pol\u00edticamente muy significado. Una tasa de compensaci\u00f3n a editores se ha propuesto en el <a href=\"https:\/\/xnet-x.net\/reforma-ue-copyright\/#\" target=\"_blank\">Art\u00edculo 11<\/a> de la reforma de directiva de <em>copyright<\/em> de la Uni\u00f3n Europea, a pesar de que este tipo de medidas han supuesto un fracaso en los Estados miembro donde se han implementado. En Alemania, los mismos medios renunciaron a la compensaci\u00f3n, tras ver la p\u00e9rdida de visitas despu\u00e9s de que los agregadores decidieran desindexarlos para evitar as\u00ed tener que pagar la tasa. En Espa\u00f1a, donde la conocida como \u00abTasa Google\u00bb se hizo irrenunciable por ley, supuso en su entrada en vigor el cierre de varios agregadores de noticias ante la incertidumbre legal, entre ellos Google News, y cuyo resultado ha sido en balance negativo econ\u00f3micamente para los medios editoriales seg\u00fan el <a href=\"http:\/\/www.aeepp.com\/pdf\/InformeNera.pdf\" target=\"_blank\">informe de la propia AEEPP<\/a>.  <strong>El reciente acuerdo de pago en Espa\u00f1a busca dar una falsa impresi\u00f3n y ejemplo para la viabilidad de la \u00abTasa Google\u00bb en Europa<\/strong>, cuando objetivamente ha sido un fracaso, justo antes de que los m\u00e1s importantes debates al respecto se lleven a cabo en las instituciones europeas en los pr\u00f3ximos meses. El mismo D\u00edaz de Olarte quiso remarcar que la futura nueva directiva europea en el \u00e1mbito digital \u00ab<em>va por la l\u00ednea del reconocimiento de los derechos de publicaciones peri\u00f3dicas<\/em>\u00ab.<\/p>\n<p>Una tasa al enlace a nivel europeo perjudicar\u00eda econ\u00f3micamente la diversidad del ecosistema de Internet. La pluralidad de noticias y opiniones, un amplio acceso a esas noticias y opiniones y la capacidad de compartirlas, es importante para el debate en una sociedad democr\u00e1tica modrena. Xnet y muchas otras <a href=\"http:\/\/copybuzz.com\/wp-content\/uploads\/2017\/05\/29May_OpenLetter_Council.pdf\" target=\"_blank\">organizaciones en defensa de la libertad de informaci\u00f3n<\/a> y los derechos digitales mostramos nuestro rechazo a esta tasa, as\u00ed como han opinado en su contra <a href=\"http:\/\/www.aeepp.com\/pdf\/151204_Statement_on_Digital_Single_Market_FINAL.pdf\" target=\"_blank\">medios de la AEEPP<\/a> y recientemente <a href=\"http:\/\/elpais.com\/elpais\/2017\/03\/24\/inenglish\/1490355715_551697.html\" target=\"_blank\">el Pa\u00eds<\/a>.<\/p>\n<p>Env\u00eda a los diputados del Parlamento Europeo un mensaje claro diciendo que te opones a la tasa al enlace:<br \/>\n&#8211; por mail aqu\u00ed: <a href=\"https:\/\/act1.openmedia.org\/savethelink-es\" target=\"_blank\">https:\/\/act1.openmedia.org\/savethelink-es<\/a><br \/>\n&#8211; o tel\u00e9fono gratuitamente aqu\u00ed: <a href=\"https:\/\/savethememe.net\/es\" target=\"_blank\">https:\/\/savethememe.net\/es<\/a><\/p>","protected":false},"excerpt":{"rendered":"<p>Xnet denuncia  maniobra de industria editorial a se paga la #TasaGoogle a s\u00ed misma para avalar el #canonAEDE<\/p>\n","protected":false},"author":8,"featured_media":12529,"comment_status":"closed","ping_status":"closed","sticky":false,"template":"","format":"standard","meta":{"footnotes":""},"categories":[52],"tags":[],"class_list":["post-12492","post","type-post","status-publish","format-standard","has-post-thumbnail","hentry","category-blog","ejes-cultura-libre","ejes-libertad-expresion-informacion"],"yoast_head":"<!-- This site is optimized with the Yoast SEO plugin v26.7 - https:\/\/yoast.com\/wordpress\/plugins\/seo\/ -->\n<title>Industria editorial se paga a s\u00ed misma la Tasa Google para validar el canon AEDE<\/title>\n<meta name=\"description\" content=\"Tras el primer acuerdo de cobro &quot;Canon AEDE&quot; entre Cedro y el agregador de not\u00edcias Upday, Xnet se\u00f1ala movimiento interesado para avalar la &quot;Tasa Google&quot;.\" \/>\n<meta name=\"robots\" content=\"index, follow, max-snippet:-1, max-image-preview:large, max-video-preview:-1\" \/>\n<link rel=\"canonical\" href=\"https:\/\/dev.xnet-x.net\/es\/operacion-circular-avalar-canon-aede-tasa-google\/\" \/>\n<meta name=\"twitter:label1\" content=\"Escrito por\" \/>\n\t<meta name=\"twitter:data1\" content=\"Xnet\" \/>\n\t<meta name=\"twitter:label2\" content=\"Tiempo de lectura\" \/>\n\t<meta name=\"twitter:data2\" content=\"8 minutos\" \/>\n<script type=\"application\/ld+json\" class=\"yoast-schema-graph\">{\"@context\":\"https:\/\/schema.org\",\"@graph\":[{\"@type\":\"Article\",\"@id\":\"https:\/\/dev.xnet-x.net\/es\/operacion-circular-avalar-canon-aede-tasa-google\/#article\",\"isPartOf\":{\"@id\":\"https:\/\/dev.xnet-x.net\/es\/operacion-circular-avalar-canon-aede-tasa-google\/\"},\"author\":{\"name\":\"Xnet\",\"@id\":\"https:\/\/dev.xnet-x.net\/es\/#\/schema\/person\/286e07d1c80ea3bcc60b6ef8b146e637\"},\"headline\":\"La industria editorial se paga a s\u00ed misma la Tasa Google para validar el canon AEDE\",\"datePublished\":\"2017-06-29T08:00:06+00:00\",\"dateModified\":\"2017-09-14T10:47:41+00:00\",\"mainEntityOfPage\":{\"@id\":\"https:\/\/dev.xnet-x.net\/es\/operacion-circular-avalar-canon-aede-tasa-google\/\"},\"wordCount\":1732,\"publisher\":{\"@id\":\"https:\/\/dev.xnet-x.net\/es\/#organization\"},\"image\":{\"@id\":\"https:\/\/dev.xnet-x.net\/es\/operacion-circular-avalar-canon-aede-tasa-google\/#primaryimage\"},\"thumbnailUrl\":\"https:\/\/dev.xnet-x.net\/img\/canon-aede-tasa-google-circulo-1.png\",\"articleSection\":[\"Blog - Nuestras acciones\"],\"inLanguage\":\"es\"},{\"@type\":\"WebPage\",\"@id\":\"https:\/\/dev.xnet-x.net\/es\/operacion-circular-avalar-canon-aede-tasa-google\/\",\"url\":\"https:\/\/dev.xnet-x.net\/es\/operacion-circular-avalar-canon-aede-tasa-google\/\",\"name\":\"Industria editorial se paga a s\u00ed misma la Tasa Google para validar el canon AEDE\",\"isPartOf\":{\"@id\":\"https:\/\/dev.xnet-x.net\/es\/#website\"},\"primaryImageOfPage\":{\"@id\":\"https:\/\/dev.xnet-x.net\/es\/operacion-circular-avalar-canon-aede-tasa-google\/#primaryimage\"},\"image\":{\"@id\":\"https:\/\/dev.xnet-x.net\/es\/operacion-circular-avalar-canon-aede-tasa-google\/#primaryimage\"},\"thumbnailUrl\":\"https:\/\/dev.xnet-x.net\/img\/canon-aede-tasa-google-circulo-1.png\",\"datePublished\":\"2017-06-29T08:00:06+00:00\",\"dateModified\":\"2017-09-14T10:47:41+00:00\",\"description\":\"Tras el primer acuerdo de cobro \\\"Canon AEDE\\\" entre Cedro y el agregador de not\u00edcias Upday, Xnet se\u00f1ala movimiento interesado para avalar la \\\"Tasa Google\\\".\",\"breadcrumb\":{\"@id\":\"https:\/\/dev.xnet-x.net\/es\/operacion-circular-avalar-canon-aede-tasa-google\/#breadcrumb\"},\"inLanguage\":\"es\",\"potentialAction\":[{\"@type\":\"ReadAction\",\"target\":[[\"https:\/\/dev.xnet-x.net\/es\/operacion-circular-avalar-canon-aede-tasa-google\/\"]]}]},{\"@type\":\"ImageObject\",\"inLanguage\":\"es\",\"@id\":\"https:\/\/dev.xnet-x.net\/es\/operacion-circular-avalar-canon-aede-tasa-google\/#primaryimage\",\"url\":\"https:\/\/dev.xnet-x.net\/img\/canon-aede-tasa-google-circulo-1.png\",\"contentUrl\":\"https:\/\/dev.xnet-x.net\/img\/canon-aede-tasa-google-circulo-1.png\",\"width\":844,\"height\":423,\"caption\":\"La industria editorial se paga a s\u00ed misma la Tasa Google para validar el canon AEDE\"},{\"@type\":\"BreadcrumbList\",\"@id\":\"https:\/\/dev.xnet-x.net\/es\/operacion-circular-avalar-canon-aede-tasa-google\/#breadcrumb\",\"itemListElement\":[{\"@type\":\"ListItem\",\"position\":1,\"name\":\"Portada\",\"item\":\"https:\/\/dev.xnet-x.net\/es\/\"},{\"@type\":\"ListItem\",\"position\":2,\"name\":\"La industria editorial se paga a s\u00ed misma la Tasa Google para validar el canon AEDE\"}]},{\"@type\":\"WebSite\",\"@id\":\"https:\/\/dev.xnet-x.net\/es\/#website\",\"url\":\"https:\/\/dev.xnet-x.net\/es\/\",\"name\":\"[:es]Xnet - Internet, derechos y democracia en la era digital[:ca]Xnet - Internet, drets i democr\u00e0cia en l'era digital[:en]Xnet - Internet freedoms & digital rights[:]\",\"description\":\"Xnet: Internet, informaci\u00f3n y cultura libres. Tecnopol\u00edtica. Datos, algoritmos y derechos digitales. Libertad de expresi\u00f3n. Democracia y anticorrupci\u00f3n\",\"publisher\":{\"@id\":\"https:\/\/dev.xnet-x.net\/es\/#organization\"},\"potentialAction\":[{\"@type\":\"SearchAction\",\"target\":{\"@type\":\"EntryPoint\",\"urlTemplate\":\"https:\/\/dev.xnet-x.net\/es\/?s={search_term_string}\"},\"query-input\":{\"@type\":\"PropertyValueSpecification\",\"valueRequired\":true,\"valueName\":\"search_term_string\"}}],\"inLanguage\":\"es\"},{\"@type\":\"Organization\",\"@id\":\"https:\/\/dev.xnet-x.net\/es\/#organization\",\"name\":\"Xnet - Internet, derechos y democracia en la era digital\",\"url\":\"https:\/\/dev.xnet-x.net\/es\/\",\"logo\":{\"@type\":\"ImageObject\",\"inLanguage\":\"es\",\"@id\":\"https:\/\/dev.xnet-x.net\/es\/#\/schema\/logo\/image\/\",\"url\":\"https:\/\/xnet-x.net\/img\/xnet-logo.png\",\"contentUrl\":\"https:\/\/xnet-x.net\/img\/xnet-logo.png\",\"width\":512,\"height\":512,\"caption\":\"Xnet - Internet, derechos y democracia en la era digital\"},\"image\":{\"@id\":\"https:\/\/dev.xnet-x.net\/es\/#\/schema\/logo\/image\/\"},\"sameAs\":[\"http:\/\/facebook.com\/RedX.Net\/\",\"https:\/\/x.com\/x_net_\",\"https:\/\/es.wikipedia.org\/wiki\/Xnet\"]},{\"@type\":\"Person\",\"@id\":\"https:\/\/dev.xnet-x.net\/es\/#\/schema\/person\/286e07d1c80ea3bcc60b6ef8b146e637\",\"name\":\"Xnet\",\"image\":{\"@type\":\"ImageObject\",\"inLanguage\":\"es\",\"@id\":\"https:\/\/dev.xnet-x.net\/es\/#\/schema\/person\/image\/\",\"url\":\"https:\/\/secure.gravatar.com\/avatar\/76eee622ce1df16aa986c0f990545e62b4c87e399e6c2a5fcfe24a092d2ba829?s=96&d=mm&r=g\",\"contentUrl\":\"https:\/\/secure.gravatar.com\/avatar\/76eee622ce1df16aa986c0f990545e62b4c87e399e6c2a5fcfe24a092d2ba829?s=96&d=mm&r=g\",\"caption\":\"Xnet\"}}]}<\/script>\n<!-- \/ Yoast SEO plugin. -->","yoast_head_json":{"title":"Industria editorial se paga a s\u00ed misma la Tasa Google para validar el canon AEDE","description":"Tras el primer acuerdo de cobro \"Canon AEDE\" entre Cedro y el agregador de not\u00edcias Upday, Xnet se\u00f1ala movimiento interesado para avalar la \"Tasa Google\".","robots":{"index":"index","follow":"follow","max-snippet":"max-snippet:-1","max-image-preview":"max-image-preview:large","max-video-preview":"max-video-preview:-1"},"canonical":"https:\/\/dev.xnet-x.net\/es\/operacion-circular-avalar-canon-aede-tasa-google\/","twitter_misc":{"Escrito por":"Xnet","Tiempo de lectura":"8 minutos"},"schema":{"@context":"https:\/\/schema.org","@graph":[{"@type":"Article","@id":"https:\/\/dev.xnet-x.net\/es\/operacion-circular-avalar-canon-aede-tasa-google\/#article","isPartOf":{"@id":"https:\/\/dev.xnet-x.net\/es\/operacion-circular-avalar-canon-aede-tasa-google\/"},"author":{"name":"Xnet","@id":"https:\/\/dev.xnet-x.net\/es\/#\/schema\/person\/286e07d1c80ea3bcc60b6ef8b146e637"},"headline":"La industria editorial se paga a s\u00ed misma la Tasa Google para validar el canon AEDE","datePublished":"2017-06-29T08:00:06+00:00","dateModified":"2017-09-14T10:47:41+00:00","mainEntityOfPage":{"@id":"https:\/\/dev.xnet-x.net\/es\/operacion-circular-avalar-canon-aede-tasa-google\/"},"wordCount":1732,"publisher":{"@id":"https:\/\/dev.xnet-x.net\/es\/#organization"},"image":{"@id":"https:\/\/dev.xnet-x.net\/es\/operacion-circular-avalar-canon-aede-tasa-google\/#primaryimage"},"thumbnailUrl":"https:\/\/dev.xnet-x.net\/img\/canon-aede-tasa-google-circulo-1.png","articleSection":["Blog - Nuestras acciones"],"inLanguage":"es"},{"@type":"WebPage","@id":"https:\/\/dev.xnet-x.net\/es\/operacion-circular-avalar-canon-aede-tasa-google\/","url":"https:\/\/dev.xnet-x.net\/es\/operacion-circular-avalar-canon-aede-tasa-google\/","name":"Industria editorial se paga a s\u00ed misma la Tasa Google para validar el canon AEDE","isPartOf":{"@id":"https:\/\/dev.xnet-x.net\/es\/#website"},"primaryImageOfPage":{"@id":"https:\/\/dev.xnet-x.net\/es\/operacion-circular-avalar-canon-aede-tasa-google\/#primaryimage"},"image":{"@id":"https:\/\/dev.xnet-x.net\/es\/operacion-circular-avalar-canon-aede-tasa-google\/#primaryimage"},"thumbnailUrl":"https:\/\/dev.xnet-x.net\/img\/canon-aede-tasa-google-circulo-1.png","datePublished":"2017-06-29T08:00:06+00:00","dateModified":"2017-09-14T10:47:41+00:00","description":"Tras el primer acuerdo de cobro \"Canon AEDE\" entre Cedro y el agregador de not\u00edcias Upday, Xnet se\u00f1ala movimiento interesado para avalar la \"Tasa Google\".","breadcrumb":{"@id":"https:\/\/dev.xnet-x.net\/es\/operacion-circular-avalar-canon-aede-tasa-google\/#breadcrumb"},"inLanguage":"es","potentialAction":[{"@type":"ReadAction","target":[["https:\/\/dev.xnet-x.net\/es\/operacion-circular-avalar-canon-aede-tasa-google\/"]]}]},{"@type":"ImageObject","inLanguage":"es","@id":"https:\/\/dev.xnet-x.net\/es\/operacion-circular-avalar-canon-aede-tasa-google\/#primaryimage","url":"https:\/\/dev.xnet-x.net\/img\/canon-aede-tasa-google-circulo-1.png","contentUrl":"https:\/\/dev.xnet-x.net\/img\/canon-aede-tasa-google-circulo-1.png","width":844,"height":423,"caption":"La industria editorial se paga a s\u00ed misma la Tasa Google para validar el canon AEDE"},{"@type":"BreadcrumbList","@id":"https:\/\/dev.xnet-x.net\/es\/operacion-circular-avalar-canon-aede-tasa-google\/#breadcrumb","itemListElement":[{"@type":"ListItem","position":1,"name":"Portada","item":"https:\/\/dev.xnet-x.net\/es\/"},{"@type":"ListItem","position":2,"name":"La industria editorial se paga a s\u00ed misma la Tasa Google para validar el canon AEDE"}]},{"@type":"WebSite","@id":"https:\/\/dev.xnet-x.net\/es\/#website","url":"https:\/\/dev.xnet-x.net\/es\/","name":"[:es]Xnet - Internet, derechos y democracia en la era digital[:ca]Xnet - Internet, drets i democr\u00e0cia en l'era digital[:en]Xnet - Internet freedoms & digital rights[:]","description":"Xnet: Internet, informaci\u00f3n y cultura libres. Tecnopol\u00edtica. Datos, algoritmos y derechos digitales. Libertad de expresi\u00f3n. Democracia y anticorrupci\u00f3n","publisher":{"@id":"https:\/\/dev.xnet-x.net\/es\/#organization"},"potentialAction":[{"@type":"SearchAction","target":{"@type":"EntryPoint","urlTemplate":"https:\/\/dev.xnet-x.net\/es\/?s={search_term_string}"},"query-input":{"@type":"PropertyValueSpecification","valueRequired":true,"valueName":"search_term_string"}}],"inLanguage":"es"},{"@type":"Organization","@id":"https:\/\/dev.xnet-x.net\/es\/#organization","name":"Xnet - Internet, derechos y democracia en la era digital","url":"https:\/\/dev.xnet-x.net\/es\/","logo":{"@type":"ImageObject","inLanguage":"es","@id":"https:\/\/dev.xnet-x.net\/es\/#\/schema\/logo\/image\/","url":"https:\/\/xnet-x.net\/img\/xnet-logo.png","contentUrl":"https:\/\/xnet-x.net\/img\/xnet-logo.png","width":512,"height":512,"caption":"Xnet - Internet, derechos y democracia en la era digital"},"image":{"@id":"https:\/\/dev.xnet-x.net\/es\/#\/schema\/logo\/image\/"},"sameAs":["http:\/\/facebook.com\/RedX.Net\/","https:\/\/x.com\/x_net_","https:\/\/es.wikipedia.org\/wiki\/Xnet"]},{"@type":"Person","@id":"https:\/\/dev.xnet-x.net\/es\/#\/schema\/person\/286e07d1c80ea3bcc60b6ef8b146e637","name":"Xnet","image":{"@type":"ImageObject","inLanguage":"es","@id":"https:\/\/dev.xnet-x.net\/es\/#\/schema\/person\/image\/","url":"https:\/\/secure.gravatar.com\/avatar\/76eee622ce1df16aa986c0f990545e62b4c87e399e6c2a5fcfe24a092d2ba829?s=96&d=mm&r=g","contentUrl":"https:\/\/secure.gravatar.com\/avatar\/76eee622ce1df16aa986c0f990545e62b4c87e399e6c2a5fcfe24a092d2ba829?s=96&d=mm&r=g","caption":"Xnet"}}]}},"_links":{"self":[{"href":"https:\/\/dev.xnet-x.net\/es\/wp-json\/wp\/v2\/posts\/12492","targetHints":{"allow":["GET"]}}],"collection":[{"href":"https:\/\/dev.xnet-x.net\/es\/wp-json\/wp\/v2\/posts"}],"about":[{"href":"https:\/\/dev.xnet-x.net\/es\/wp-json\/wp\/v2\/types\/post"}],"author":[{"embeddable":true,"href":"https:\/\/dev.xnet-x.net\/es\/wp-json\/wp\/v2\/users\/8"}],"replies":[{"embeddable":true,"href":"https:\/\/dev.xnet-x.net\/es\/wp-json\/wp\/v2\/comments?post=12492"}],"version-history":[{"count":12,"href":"https:\/\/dev.xnet-x.net\/es\/wp-json\/wp\/v2\/posts\/12492\/revisions"}],"predecessor-version":[{"id":12903,"href":"https:\/\/dev.xnet-x.net\/es\/wp-json\/wp\/v2\/posts\/12492\/revisions\/12903"}],"wp:featuredmedia":[{"embeddable":true,"href":"https:\/\/dev.xnet-x.net\/es\/wp-json\/wp\/v2\/media\/12529"}],"wp:attachment":[{"href":"https:\/\/dev.xnet-x.net\/es\/wp-json\/wp\/v2\/media?parent=12492"}],"wp:term":[{"taxonomy":"category","embeddable":true,"href":"https:\/\/dev.xnet-x.net\/es\/wp-json\/wp\/v2\/categories?post=12492"},{"taxonomy":"post_tag","embeddable":true,"href":"https:\/\/dev.xnet-x.net\/es\/wp-json\/wp\/v2\/tags?post=12492"}],"curies":[{"name":"wp","href":"https:\/\/api.w.org\/{rel}","templated":true}]}}