{"id":12340,"date":"2017-06-15T16:00:35","date_gmt":"2017-06-15T15:00:35","guid":{"rendered":"https:\/\/xnet-x.net\/?p=12340"},"modified":"2025-01-23T18:34:00","modified_gmt":"2025-01-23T16:34:00","slug":"consideracions-dxnet-respecte-al-pacte-nacional-per-la-societat-digital","status":"publish","type":"post","link":"https:\/\/dev.xnet-x.net\/es\/consideraciones-de-xnet-respecto-al-pacte-nacional-per-a-la-societat-digital\/","title":{"rendered":"Consideraciones de Xnet respecto al Pacte Nacional per a la Societat Digital"},"content":{"rendered":"<p>Mucho antes de que se hablara de nueva pol\u00edtica, la CUP ha sido ejemplo de como estar en las instituciones para ponerse al servicio de la sociedad civil organizada.<\/p>\n<p>Ejemplo de ello es que hace unos d\u00edas pidi\u00f3 a Xnet, en cuanto a expertos en el tema, ir en su lugar a la reuni\u00f3n en sede parlamentaria del Pacte Nacional Societat Digital del Govern de la Generalitat.<\/p>\n<p>Asisti\u00f3 Simona Levi.<\/p>\n<p>Aqu\u00ed hacemos p\u00fablicas brevemente nuestras consideraciones respecto a lo que hemos visto para que sean \u00fatiles entre otras cosas para la Jornada de Participaci\u00f3 Oberta del Pacte Nacional per a la Societat Digital que tendr\u00e1 lugar ma\u00f1ana d\u00eda 16 de junio.<\/p>\n<p>El Pacte se configura en 5 ejes:<\/p>\n<p>&#8211; Infraestructuras<br \/>\n&#8211; Ciberseguridad<br \/>\n&#8211; Ciudadan\u00eda Digital<br \/>\n&#8211; Administraci\u00f3n Digital<br \/>\n&#8211; Econom\u00eda Digital<\/p>\n<p>Nos parece que, en cuanto a administraci\u00f3n y ciudadan\u00eda digitales, se est\u00e1 llevando a cabo un planteamiento serio y pragm\u00e1tico, que quiere resolver problemas concretos y documentados, lejos de limitarse a cumplir con soluciones f\u00e1ciles para cubrir expedientes \u00abresultones\u00bb. \u00c9ste hubiera podido ser el riesgo en temas de moda como la participaci\u00f3n ciudadana y las herramientas para la transparencia institucional y consideramos que el dise\u00f1o propuesto es rigurosos &#8211; aunque siempre mejorable &#8211; tanto en usabilidad y accesibilidad como en primar la calidad frente a la cantidad, un rigor mucho mayor, por ejemplo, que los proyectos que conocemos a nivel del Estado.<\/p>\n<p>Sobre la econom\u00eda digital, tambi\u00e9n nos hemos llevado una grata sorpresa, ya que el tema de copyright\/copyleft y del software libre se trata de forma pragm\u00e1tica, caso por caso, y no fan\u00e1tica y esto es algo que raras veces hemos visto en este tipo de dise\u00f1o institucional. Consideramos que el planteamiento es alentador para tratar el tema de la innovaci\u00f3n con visi\u00f3n de futuro y puede llegar a ser un ejemplo para otras partes de Europa. Naturalmente, falta un acento claro sobre el software libre, pero parece haber espacio para que se pueda defender y consolidar.<\/p>\n<p>En cuanto al tema de las infraestructuras y considerando el fuerte peso de las competencias estatales, hemos detectado un buen cuidado y fomento de las empresas locales y de proximidad (inclusive la red <a href=\"http:\/\/guifi.net\/\" target=\"_blank\" rel=\"noopener noreferrer\">Guifi<\/a>) y la promesa de que la obligaci\u00f3n de incluir la infraestructura digital en toda obra p\u00fablica se extienda en breve tambi\u00e9n a diputaciones y municipio.<\/p>\n<p>Aun as\u00ed, hemos echado alarmantemente en falta y pedido una mucho m\u00e1s clara obligaci\u00f3n de retorno social por parte de grandes empresas por el uso de estas infraestructuras.<\/p>\n<p>Por otra parte, no hab\u00eda menci\u00f3n alguna a la vigilancia sobre la neutralidad de la red y hemos pedido que se a\u00f1ada de forma clara y prioritaria. Aunque sea competencia estatal, el trabajo para garantizarla debe y puede ser capilar y la Generalitat deber\u00eda asumirlo como prioritario y ser un modelo de buenas pr\u00e1cticas.<\/p>\n<h3>El eslab\u00f3n d\u00e9bil &#8211; Ciberseguridad<\/h3>\n<p>Nuestra principal preocupaci\u00f3n por lo que hemos escuchado en el Parlament por parte del grupo experto responsable del Pacte es sobre el enfoque sobre la ciberseguridad.<\/p>\n<p>Mientras que en cuanto a la ciberseguridad institucional el discurso es sensato &#8211; entre otras cosas refleja con realismo una falta de tejido empresarial y competencias institucionales -, vemos con preocupaci\u00f3n la perspectiva general sobre este tema. Se habla de una \u201ccultura de la ciberseguridad\u201d que produce la mem\u00e9tica de que el ciberespacio es peligroso y solo las instituciones te pueden proteger. Este tipo de discurso se repite en la historia para impedir el acceso a la tecnolog\u00eda por parte de la poblaci\u00f3n y para mantener el control sobre ella por parte de los poderes f\u00e1cticos.<\/p>\n<p>Nosotros rechazamos como globalmente peligrosa y lesiva para los derechos y libertades b\u00e1sicas una actitud paternalista por parte de las instituciones en cuanto a la protecci\u00f3n de las comunicaciones de los privados.<\/p>\n<p>La inviolabilidad de las comunicaciones privadas es un concepto normalizado desde el siglo XVIII. El \u00e1mbito digital no puede ser un espacio ajeno a este derecho solo tutelado y supervisado por instituciones que adem\u00e1s no tienen las competencias suficientes para garantizarlo.<\/p>\n<p>La protecci\u00f3n de la privacidad y de la inviolabilidad de las comunicaciones debe estar en todo momento tambi\u00e9n en manos de las personas. As\u00ed como la carta en el sobre de correos no la mete un oficial o un supervisor, el cifrado y protecci\u00f3n de nuestras comunicaciones digitales debe ser defendida como derecho b\u00e1sico fundamental y debe ser facilitada por las instituciones que adem\u00e1s tienen todo que aprender de la sociedad civil que es quien ha creado las herramientas m\u00e1s avanzadas en este sentido.<\/p>\n<p>La protecci\u00f3n de las comunicaciones no es contra el enemigo externo &#8211; que tambi\u00e9n -, ni contra la propia tecnolog\u00eda; es parte de los derechos de las personas en un contexto de uso saludable y normal de los espacios de comunicaci\u00f3n.<\/p>","protected":false},"excerpt":{"rendered":"<p>Mucho antes de que se hablara de nueva pol\u00edtica, la CUP ha sido ejemplo de como estar en las instituciones para ponerse al servicio de la sociedad civil organizada. Ejemplo de ello es que hace unos d\u00edas pidi\u00f3 a Xnet, en cuanto a expertos en el tema, ir en su lugar a la reuni\u00f3n en [&hellip;]<\/p>\n","protected":false},"author":8,"featured_media":12344,"comment_status":"closed","ping_status":"closed","sticky":false,"template":"","format":"standard","meta":{"footnotes":""},"categories":[52],"tags":[],"class_list":["post-12340","post","type-post","status-publish","format-standard","has-post-thumbnail","hentry","category-blog","servicios-recomendaciones-de-politicas"],"yoast_head":"<!-- This site is optimized with the Yoast SEO plugin v26.7 - https:\/\/yoast.com\/wordpress\/plugins\/seo\/ -->\n<title>Xnet respecto al Pacte Nacional per a la Societat Digital<\/title>\n<meta name=\"description\" content=\"Nuestras consideraciones para la Jornada de Participaci\u00f3 Oberta del Pacte Nacional per a la Societat Digital\" \/>\n<meta name=\"robots\" content=\"index, follow, max-snippet:-1, max-image-preview:large, max-video-preview:-1\" \/>\n<link rel=\"canonical\" href=\"https:\/\/dev.xnet-x.net\/es\/consideraciones-de-xnet-respecto-al-pacte-nacional-per-a-la-societat-digital\/\" \/>\n<meta name=\"twitter:label1\" content=\"Escrito por\" \/>\n\t<meta name=\"twitter:data1\" content=\"Xnet\" \/>\n\t<meta name=\"twitter:label2\" content=\"Tiempo de lectura\" \/>\n\t<meta name=\"twitter:data2\" content=\"4 minutos\" \/>\n<script type=\"application\/ld+json\" class=\"yoast-schema-graph\">{\"@context\":\"https:\/\/schema.org\",\"@graph\":[{\"@type\":\"Article\",\"@id\":\"https:\/\/dev.xnet-x.net\/es\/consideraciones-de-xnet-respecto-al-pacte-nacional-per-a-la-societat-digital\/#article\",\"isPartOf\":{\"@id\":\"https:\/\/dev.xnet-x.net\/es\/consideraciones-de-xnet-respecto-al-pacte-nacional-per-a-la-societat-digital\/\"},\"author\":{\"name\":\"Xnet\",\"@id\":\"https:\/\/dev.xnet-x.net\/es\/#\/schema\/person\/286e07d1c80ea3bcc60b6ef8b146e637\"},\"headline\":\"Consideraciones de Xnet respecto al Pacte Nacional per a la Societat Digital\",\"datePublished\":\"2017-06-15T15:00:35+00:00\",\"dateModified\":\"2025-01-23T16:34:00+00:00\",\"mainEntityOfPage\":{\"@id\":\"https:\/\/dev.xnet-x.net\/es\/consideraciones-de-xnet-respecto-al-pacte-nacional-per-a-la-societat-digital\/\"},\"wordCount\":1729,\"publisher\":{\"@id\":\"https:\/\/dev.xnet-x.net\/es\/#organization\"},\"image\":{\"@id\":\"https:\/\/dev.xnet-x.net\/es\/consideraciones-de-xnet-respecto-al-pacte-nacional-per-a-la-societat-digital\/#primaryimage\"},\"thumbnailUrl\":\"https:\/\/dev.xnet-x.net\/img\/consideracions-d-xnet-respecte-al-pacte-nacional-per-a-la-societat-digital-img.jpg\",\"articleSection\":[\"Blog - Nuestras acciones\"],\"inLanguage\":\"es\"},{\"@type\":\"WebPage\",\"@id\":\"https:\/\/dev.xnet-x.net\/es\/consideraciones-de-xnet-respecto-al-pacte-nacional-per-a-la-societat-digital\/\",\"url\":\"https:\/\/dev.xnet-x.net\/es\/consideraciones-de-xnet-respecto-al-pacte-nacional-per-a-la-societat-digital\/\",\"name\":\"Xnet respecto al Pacte Nacional per a la Societat Digital\",\"isPartOf\":{\"@id\":\"https:\/\/dev.xnet-x.net\/es\/#website\"},\"primaryImageOfPage\":{\"@id\":\"https:\/\/dev.xnet-x.net\/es\/consideraciones-de-xnet-respecto-al-pacte-nacional-per-a-la-societat-digital\/#primaryimage\"},\"image\":{\"@id\":\"https:\/\/dev.xnet-x.net\/es\/consideraciones-de-xnet-respecto-al-pacte-nacional-per-a-la-societat-digital\/#primaryimage\"},\"thumbnailUrl\":\"https:\/\/dev.xnet-x.net\/img\/consideracions-d-xnet-respecte-al-pacte-nacional-per-a-la-societat-digital-img.jpg\",\"datePublished\":\"2017-06-15T15:00:35+00:00\",\"dateModified\":\"2025-01-23T16:34:00+00:00\",\"description\":\"Nuestras consideraciones para la Jornada de Participaci\u00f3 Oberta del Pacte Nacional per a la Societat Digital\",\"breadcrumb\":{\"@id\":\"https:\/\/dev.xnet-x.net\/es\/consideraciones-de-xnet-respecto-al-pacte-nacional-per-a-la-societat-digital\/#breadcrumb\"},\"inLanguage\":\"es\",\"potentialAction\":[{\"@type\":\"ReadAction\",\"target\":[[\"https:\/\/dev.xnet-x.net\/es\/consideraciones-de-xnet-respecto-al-pacte-nacional-per-a-la-societat-digital\/\"]]}]},{\"@type\":\"ImageObject\",\"inLanguage\":\"es\",\"@id\":\"https:\/\/dev.xnet-x.net\/es\/consideraciones-de-xnet-respecto-al-pacte-nacional-per-a-la-societat-digital\/#primaryimage\",\"url\":\"https:\/\/dev.xnet-x.net\/img\/consideracions-d-xnet-respecte-al-pacte-nacional-per-a-la-societat-digital-img.jpg\",\"contentUrl\":\"https:\/\/dev.xnet-x.net\/img\/consideracions-d-xnet-respecte-al-pacte-nacional-per-a-la-societat-digital-img.jpg\",\"width\":610,\"height\":350,\"caption\":\"Consideracions d'Xnet respecte al Pacte Nacional per a la Societat Digital\"},{\"@type\":\"BreadcrumbList\",\"@id\":\"https:\/\/dev.xnet-x.net\/es\/consideraciones-de-xnet-respecto-al-pacte-nacional-per-a-la-societat-digital\/#breadcrumb\",\"itemListElement\":[{\"@type\":\"ListItem\",\"position\":1,\"name\":\"Portada\",\"item\":\"https:\/\/dev.xnet-x.net\/es\/\"},{\"@type\":\"ListItem\",\"position\":2,\"name\":\"Consideraciones de Xnet respecto al Pacte Nacional per a la Societat Digital\"}]},{\"@type\":\"WebSite\",\"@id\":\"https:\/\/dev.xnet-x.net\/es\/#website\",\"url\":\"https:\/\/dev.xnet-x.net\/es\/\",\"name\":\"[:es]Xnet - Internet, derechos y democracia en la era digital[:ca]Xnet - Internet, drets i democr\u00e0cia en l'era digital[:en]Xnet - Internet freedoms & digital rights[:]\",\"description\":\"Xnet: Internet, informaci\u00f3n y cultura libres. Tecnopol\u00edtica. Datos, algoritmos y derechos digitales. Libertad de expresi\u00f3n. Democracia y anticorrupci\u00f3n\",\"publisher\":{\"@id\":\"https:\/\/dev.xnet-x.net\/es\/#organization\"},\"potentialAction\":[{\"@type\":\"SearchAction\",\"target\":{\"@type\":\"EntryPoint\",\"urlTemplate\":\"https:\/\/dev.xnet-x.net\/es\/?s={search_term_string}\"},\"query-input\":{\"@type\":\"PropertyValueSpecification\",\"valueRequired\":true,\"valueName\":\"search_term_string\"}}],\"inLanguage\":\"es\"},{\"@type\":\"Organization\",\"@id\":\"https:\/\/dev.xnet-x.net\/es\/#organization\",\"name\":\"Xnet - Internet, derechos y democracia en la era digital\",\"url\":\"https:\/\/dev.xnet-x.net\/es\/\",\"logo\":{\"@type\":\"ImageObject\",\"inLanguage\":\"es\",\"@id\":\"https:\/\/dev.xnet-x.net\/es\/#\/schema\/logo\/image\/\",\"url\":\"https:\/\/xnet-x.net\/img\/xnet-logo.png\",\"contentUrl\":\"https:\/\/xnet-x.net\/img\/xnet-logo.png\",\"width\":512,\"height\":512,\"caption\":\"Xnet - Internet, derechos y democracia en la era digital\"},\"image\":{\"@id\":\"https:\/\/dev.xnet-x.net\/es\/#\/schema\/logo\/image\/\"},\"sameAs\":[\"http:\/\/facebook.com\/RedX.Net\/\",\"https:\/\/x.com\/x_net_\",\"https:\/\/es.wikipedia.org\/wiki\/Xnet\"]},{\"@type\":\"Person\",\"@id\":\"https:\/\/dev.xnet-x.net\/es\/#\/schema\/person\/286e07d1c80ea3bcc60b6ef8b146e637\",\"name\":\"Xnet\",\"image\":{\"@type\":\"ImageObject\",\"inLanguage\":\"es\",\"@id\":\"https:\/\/dev.xnet-x.net\/es\/#\/schema\/person\/image\/\",\"url\":\"https:\/\/secure.gravatar.com\/avatar\/76eee622ce1df16aa986c0f990545e62b4c87e399e6c2a5fcfe24a092d2ba829?s=96&d=mm&r=g\",\"contentUrl\":\"https:\/\/secure.gravatar.com\/avatar\/76eee622ce1df16aa986c0f990545e62b4c87e399e6c2a5fcfe24a092d2ba829?s=96&d=mm&r=g\",\"caption\":\"Xnet\"}}]}<\/script>\n<!-- \/ Yoast SEO plugin. -->","yoast_head_json":{"title":"Xnet respecto al Pacte Nacional per a la Societat Digital","description":"Nuestras consideraciones para la Jornada de Participaci\u00f3 Oberta del Pacte Nacional per a la Societat Digital","robots":{"index":"index","follow":"follow","max-snippet":"max-snippet:-1","max-image-preview":"max-image-preview:large","max-video-preview":"max-video-preview:-1"},"canonical":"https:\/\/dev.xnet-x.net\/es\/consideraciones-de-xnet-respecto-al-pacte-nacional-per-a-la-societat-digital\/","twitter_misc":{"Escrito por":"Xnet","Tiempo de lectura":"4 minutos"},"schema":{"@context":"https:\/\/schema.org","@graph":[{"@type":"Article","@id":"https:\/\/dev.xnet-x.net\/es\/consideraciones-de-xnet-respecto-al-pacte-nacional-per-a-la-societat-digital\/#article","isPartOf":{"@id":"https:\/\/dev.xnet-x.net\/es\/consideraciones-de-xnet-respecto-al-pacte-nacional-per-a-la-societat-digital\/"},"author":{"name":"Xnet","@id":"https:\/\/dev.xnet-x.net\/es\/#\/schema\/person\/286e07d1c80ea3bcc60b6ef8b146e637"},"headline":"Consideraciones de Xnet respecto al Pacte Nacional per a la Societat Digital","datePublished":"2017-06-15T15:00:35+00:00","dateModified":"2025-01-23T16:34:00+00:00","mainEntityOfPage":{"@id":"https:\/\/dev.xnet-x.net\/es\/consideraciones-de-xnet-respecto-al-pacte-nacional-per-a-la-societat-digital\/"},"wordCount":1729,"publisher":{"@id":"https:\/\/dev.xnet-x.net\/es\/#organization"},"image":{"@id":"https:\/\/dev.xnet-x.net\/es\/consideraciones-de-xnet-respecto-al-pacte-nacional-per-a-la-societat-digital\/#primaryimage"},"thumbnailUrl":"https:\/\/dev.xnet-x.net\/img\/consideracions-d-xnet-respecte-al-pacte-nacional-per-a-la-societat-digital-img.jpg","articleSection":["Blog - Nuestras acciones"],"inLanguage":"es"},{"@type":"WebPage","@id":"https:\/\/dev.xnet-x.net\/es\/consideraciones-de-xnet-respecto-al-pacte-nacional-per-a-la-societat-digital\/","url":"https:\/\/dev.xnet-x.net\/es\/consideraciones-de-xnet-respecto-al-pacte-nacional-per-a-la-societat-digital\/","name":"Xnet respecto al Pacte Nacional per a la Societat Digital","isPartOf":{"@id":"https:\/\/dev.xnet-x.net\/es\/#website"},"primaryImageOfPage":{"@id":"https:\/\/dev.xnet-x.net\/es\/consideraciones-de-xnet-respecto-al-pacte-nacional-per-a-la-societat-digital\/#primaryimage"},"image":{"@id":"https:\/\/dev.xnet-x.net\/es\/consideraciones-de-xnet-respecto-al-pacte-nacional-per-a-la-societat-digital\/#primaryimage"},"thumbnailUrl":"https:\/\/dev.xnet-x.net\/img\/consideracions-d-xnet-respecte-al-pacte-nacional-per-a-la-societat-digital-img.jpg","datePublished":"2017-06-15T15:00:35+00:00","dateModified":"2025-01-23T16:34:00+00:00","description":"Nuestras consideraciones para la Jornada de Participaci\u00f3 Oberta del Pacte Nacional per a la Societat Digital","breadcrumb":{"@id":"https:\/\/dev.xnet-x.net\/es\/consideraciones-de-xnet-respecto-al-pacte-nacional-per-a-la-societat-digital\/#breadcrumb"},"inLanguage":"es","potentialAction":[{"@type":"ReadAction","target":[["https:\/\/dev.xnet-x.net\/es\/consideraciones-de-xnet-respecto-al-pacte-nacional-per-a-la-societat-digital\/"]]}]},{"@type":"ImageObject","inLanguage":"es","@id":"https:\/\/dev.xnet-x.net\/es\/consideraciones-de-xnet-respecto-al-pacte-nacional-per-a-la-societat-digital\/#primaryimage","url":"https:\/\/dev.xnet-x.net\/img\/consideracions-d-xnet-respecte-al-pacte-nacional-per-a-la-societat-digital-img.jpg","contentUrl":"https:\/\/dev.xnet-x.net\/img\/consideracions-d-xnet-respecte-al-pacte-nacional-per-a-la-societat-digital-img.jpg","width":610,"height":350,"caption":"Consideracions d'Xnet respecte al Pacte Nacional per a la Societat Digital"},{"@type":"BreadcrumbList","@id":"https:\/\/dev.xnet-x.net\/es\/consideraciones-de-xnet-respecto-al-pacte-nacional-per-a-la-societat-digital\/#breadcrumb","itemListElement":[{"@type":"ListItem","position":1,"name":"Portada","item":"https:\/\/dev.xnet-x.net\/es\/"},{"@type":"ListItem","position":2,"name":"Consideraciones de Xnet respecto al Pacte Nacional per a la Societat Digital"}]},{"@type":"WebSite","@id":"https:\/\/dev.xnet-x.net\/es\/#website","url":"https:\/\/dev.xnet-x.net\/es\/","name":"[:es]Xnet - Internet, derechos y democracia en la era digital[:ca]Xnet - Internet, drets i democr\u00e0cia en l'era digital[:en]Xnet - Internet freedoms & digital rights[:]","description":"Xnet: Internet, informaci\u00f3n y cultura libres. Tecnopol\u00edtica. Datos, algoritmos y derechos digitales. Libertad de expresi\u00f3n. Democracia y anticorrupci\u00f3n","publisher":{"@id":"https:\/\/dev.xnet-x.net\/es\/#organization"},"potentialAction":[{"@type":"SearchAction","target":{"@type":"EntryPoint","urlTemplate":"https:\/\/dev.xnet-x.net\/es\/?s={search_term_string}"},"query-input":{"@type":"PropertyValueSpecification","valueRequired":true,"valueName":"search_term_string"}}],"inLanguage":"es"},{"@type":"Organization","@id":"https:\/\/dev.xnet-x.net\/es\/#organization","name":"Xnet - Internet, derechos y democracia en la era digital","url":"https:\/\/dev.xnet-x.net\/es\/","logo":{"@type":"ImageObject","inLanguage":"es","@id":"https:\/\/dev.xnet-x.net\/es\/#\/schema\/logo\/image\/","url":"https:\/\/xnet-x.net\/img\/xnet-logo.png","contentUrl":"https:\/\/xnet-x.net\/img\/xnet-logo.png","width":512,"height":512,"caption":"Xnet - Internet, derechos y democracia en la era digital"},"image":{"@id":"https:\/\/dev.xnet-x.net\/es\/#\/schema\/logo\/image\/"},"sameAs":["http:\/\/facebook.com\/RedX.Net\/","https:\/\/x.com\/x_net_","https:\/\/es.wikipedia.org\/wiki\/Xnet"]},{"@type":"Person","@id":"https:\/\/dev.xnet-x.net\/es\/#\/schema\/person\/286e07d1c80ea3bcc60b6ef8b146e637","name":"Xnet","image":{"@type":"ImageObject","inLanguage":"es","@id":"https:\/\/dev.xnet-x.net\/es\/#\/schema\/person\/image\/","url":"https:\/\/secure.gravatar.com\/avatar\/76eee622ce1df16aa986c0f990545e62b4c87e399e6c2a5fcfe24a092d2ba829?s=96&d=mm&r=g","contentUrl":"https:\/\/secure.gravatar.com\/avatar\/76eee622ce1df16aa986c0f990545e62b4c87e399e6c2a5fcfe24a092d2ba829?s=96&d=mm&r=g","caption":"Xnet"}}]}},"_links":{"self":[{"href":"https:\/\/dev.xnet-x.net\/es\/wp-json\/wp\/v2\/posts\/12340","targetHints":{"allow":["GET"]}}],"collection":[{"href":"https:\/\/dev.xnet-x.net\/es\/wp-json\/wp\/v2\/posts"}],"about":[{"href":"https:\/\/dev.xnet-x.net\/es\/wp-json\/wp\/v2\/types\/post"}],"author":[{"embeddable":true,"href":"https:\/\/dev.xnet-x.net\/es\/wp-json\/wp\/v2\/users\/8"}],"replies":[{"embeddable":true,"href":"https:\/\/dev.xnet-x.net\/es\/wp-json\/wp\/v2\/comments?post=12340"}],"version-history":[{"count":9,"href":"https:\/\/dev.xnet-x.net\/es\/wp-json\/wp\/v2\/posts\/12340\/revisions"}],"predecessor-version":[{"id":27897,"href":"https:\/\/dev.xnet-x.net\/es\/wp-json\/wp\/v2\/posts\/12340\/revisions\/27897"}],"wp:featuredmedia":[{"embeddable":true,"href":"https:\/\/dev.xnet-x.net\/es\/wp-json\/wp\/v2\/media\/12344"}],"wp:attachment":[{"href":"https:\/\/dev.xnet-x.net\/es\/wp-json\/wp\/v2\/media?parent=12340"}],"wp:term":[{"taxonomy":"category","embeddable":true,"href":"https:\/\/dev.xnet-x.net\/es\/wp-json\/wp\/v2\/categories?post=12340"},{"taxonomy":"post_tag","embeddable":true,"href":"https:\/\/dev.xnet-x.net\/es\/wp-json\/wp\/v2\/tags?post=12340"}],"curies":[{"name":"wp","href":"https:\/\/api.w.org\/{rel}","templated":true}]}}