{"id":12259,"date":"2017-06-07T10:50:03","date_gmt":"2017-06-07T09:50:03","guid":{"rendered":"https:\/\/xnet-x.net\/?p=12259"},"modified":"2017-06-07T11:43:32","modified_gmt":"2017-06-07T10:43:32","slug":"y-tras-comprarse-el-banco-popular-por-un-euro-por-primera-vez-el-banco-santander-en-el-banquillo-o-marcaespana-que-carajo-estamos-exportando-convocatoria-internacional-de-accion","status":"publish","type":"post","link":"https:\/\/dev.xnet-x.net\/es\/por-primera-vez-el-banco-santander-en-el-banquillo-o-marcaespana-que-carajo-estamos-exportando-convocatoria-internacional-de-accion\/","title":{"rendered":"Y tras comprarse el Banco Popular por un Euro\u2026 por primera vez el Banco SANTANDER en el banquillo o #MarcaEspa\u00f1a: Qu\u00e9 carajo estamos exportando &#8211; Convocatoria internacional de acci\u00f3n"},"content":{"rendered":"<p>Este lunes 12 de junio de 2017 POR PRIMERA VEZ LA JUSTICIA SIENTA EN EL BANQUILLO A 7 DIRECTIVOS DEL BANCO DE SANTANDER INVESTIGADOS POR BLANQUEO DE CAPITALES&#8230; mientras el banco destruye vidas por todo el mundo.<\/p>\n<p>Para hacer m\u00e1s dulce el trago de sentarse por primera vez en el banquillo, hoy amanecemos con la noticia de que su amigo de Guindos les regala el Banco Popular por un euro. En realidad no lo vale. Nadie quer\u00eda comprarlo, ni gratis, y su destino l\u00f3gico era ser liquidado y por lo tanto auditado y as\u00ed todos nos hubi\u00e9ramos enterrado de como pol\u00edticos y banqueros han hundido el Banco Popular. El Banco Santander ha acudido al rescate del gobierno y ahora de Guindos les debe otro favor. Este es el verdadero negocio del Banco Santander: su poder pol\u00edtico.<\/p>\n<p><strong>Este lunes 12 de junio de 2017 la organizaciones abajo listadas convocamos a un d\u00eda de acci\u00f3n coordinado internacionalmente<\/strong> para visibilizar las malas pr\u00e1cticas del Banco Santander que han arrasado con la vida de personas en Espa\u00f1a y otras muchas partes del mundo, con casos flagrante y macroecon\u00f3micos en Puerto Rico , Estado Unidos, Brasil etc. <\/p>\n<p><strong><em>La coordinaci\u00f3n de organizaciones convocantes:<\/em><\/strong><br \/>\n&#8211;  <a href=\"https:\/\/xnet-x.net\/\" target=\"_blank\">Xnet<\/a> y <a href=\"https:\/\/15mparato.wordpress.com\" target=\"_blank\">15MpaRato<\/a>  (Catalonia \/ Spain) juntamente con Herv\u00e9 Falciani (responsable de la lista Falciani)<br \/>\n&#8211; <a href=\"http:\/\/afectadosporlahipoteca.com\/\" target=\"_blank\">La PAH<\/a>  (Catalonia \/ Spain)<br \/>\n&#8211; Plataforma Auditor\u00eda Ciudadana de la Deuda (<a href=\"http:\/\/auditoriaciudadana.net\/\" target=\"_blank\">PACD<\/a>) (Catalonia \/ Spain)<br \/>\n&#8211; Observatorio de la Deuda en la Globalizaci\u00f3n (<a href=\"http:\/\/www.odg.cat\/\" target=\"_blank\">ODG<\/a>) (Spain)<br \/>\n&#8211; <a href=\"http:\/\/www.attac.es\/\" target=\"_blank\">ATTAC<\/a> (Spain)<br \/>\n&#8211; <a href=\"http:\/\/lwp.georgetown.edu\/\" target=\"_blank\">Kalmanovitz Initiative<\/a> for labor and the working poor-Georgetown Univerisity  Washington DC (USA)<br \/>\n&#8211; <a href=\"http:\/\/hedgeclippers.org\" target=\"_blank\">Hedge Clippers<\/a> (USA and Puerto Rico)<br \/>\n&#8211; <a href=\"http:\/\/www.acrecampaigns.org\" target=\"_blank\">Action Center on Race &#038; the Economy<\/a> (Chicago\/Detroit, USA)<br \/>\n&#8211; <a href=\"http:\/\/www.refundproject.org\" target=\"_blank\">ReFund America Project<\/a> (Chicago, USA)<br \/>\n&#8211; <a href=\"http:\/\/www.populardemocracy.org\" target=\"_blank\">Center for Popular Democracy<\/a> (New York, USA)<br \/>\n&#8211; <a href=\"http:\/\/www.maketheroadct.org\/\" target=\"_blank\">Make the Road CT<\/a> (Connecticut, USA)<br \/>\n&#8211; <a href=\"https:\/\/twitter.com\/CCEUPRRP\" target=\"_blank\">Centro de Comunicaci\u00f3n Estudiantil<\/a> (Puerto Rico)<br \/>\n&#8211; <a href=\"http:\/\/www.contrafcut.org.br\/\" target=\"_blank\">Confedera\u00e7\u00e3o Nacional dos Trabalhadores do Ramo Financeiro<\/a> (Brasil)<\/p>","protected":false},"excerpt":{"rendered":"<p>El Banco SANTANDER en el banquillo #MarcaEspa\u00f1a: Qu\u00e9 carajo estamos exportando &#8211; Convocatoria de acci\u00f3n<\/p>\n","protected":false},"author":11,"featured_media":12275,"comment_status":"closed","ping_status":"closed","sticky":false,"template":"","format":"standard","meta":{"footnotes":""},"categories":[52],"tags":[],"class_list":["post-12259","post","type-post","status-publish","format-standard","has-post-thumbnail","hentry","category-blog","ejes-anticorrupcion"],"yoast_head":"<!-- This site is optimized with the Yoast SEO plugin v26.7 - https:\/\/yoast.com\/wordpress\/plugins\/seo\/ -->\n<title>Tras comprarse el Banco Popular por 1\u20ac... el SANTANDER al banquillo<\/title>\n<meta name=\"description\" content=\"LA JUSTICIA SIENTA EN EL BANQUILLO A 7 DIRECTIVOS DEL BANCO SANTANDER POR BLANQUEO DE CAPITALES... mientras el banco destruye vidas por todo el mundo.\" \/>\n<meta name=\"robots\" content=\"index, follow, max-snippet:-1, max-image-preview:large, max-video-preview:-1\" \/>\n<link rel=\"canonical\" href=\"https:\/\/dev.xnet-x.net\/es\/por-primera-vez-el-banco-santander-en-el-banquillo-o-marcaespana-que-carajo-estamos-exportando-convocatoria-internacional-de-accion\/\" \/>\n<meta name=\"twitter:label1\" content=\"Escrito por\" \/>\n\t<meta name=\"twitter:data1\" content=\"XaviSchlz\" \/>\n\t<meta name=\"twitter:label2\" content=\"Tiempo de lectura\" \/>\n\t<meta name=\"twitter:data2\" content=\"2 minutos\" \/>\n<script type=\"application\/ld+json\" class=\"yoast-schema-graph\">{\"@context\":\"https:\/\/schema.org\",\"@graph\":[{\"@type\":\"Article\",\"@id\":\"https:\/\/dev.xnet-x.net\/es\/por-primera-vez-el-banco-santander-en-el-banquillo-o-marcaespana-que-carajo-estamos-exportando-convocatoria-internacional-de-accion\/#article\",\"isPartOf\":{\"@id\":\"https:\/\/dev.xnet-x.net\/es\/por-primera-vez-el-banco-santander-en-el-banquillo-o-marcaespana-que-carajo-estamos-exportando-convocatoria-internacional-de-accion\/\"},\"author\":{\"name\":\"XaviSchlz\",\"@id\":\"https:\/\/dev.xnet-x.net\/es\/#\/schema\/person\/22ff6833bb04ae7b00d30bbfc7f8f59c\"},\"headline\":\"Y tras comprarse el Banco Popular por un Euro\u2026 por primera vez el Banco SANTANDER en el banquillo o #MarcaEspa\u00f1a: Qu\u00e9 carajo estamos exportando &#8211; Convocatoria internacional de acci\u00f3n\",\"datePublished\":\"2017-06-07T09:50:03+00:00\",\"dateModified\":\"2017-06-07T10:43:32+00:00\",\"mainEntityOfPage\":{\"@id\":\"https:\/\/dev.xnet-x.net\/es\/por-primera-vez-el-banco-santander-en-el-banquillo-o-marcaespana-que-carajo-estamos-exportando-convocatoria-internacional-de-accion\/\"},\"wordCount\":350,\"publisher\":{\"@id\":\"https:\/\/dev.xnet-x.net\/es\/#organization\"},\"image\":{\"@id\":\"https:\/\/dev.xnet-x.net\/es\/por-primera-vez-el-banco-santander-en-el-banquillo-o-marcaespana-que-carajo-estamos-exportando-convocatoria-internacional-de-accion\/#primaryimage\"},\"thumbnailUrl\":\"https:\/\/dev.xnet-x.net\/img\/banco-santander-al-banquillo-1.jpg\",\"articleSection\":[\"Blog - Nuestras acciones\"],\"inLanguage\":\"es\"},{\"@type\":\"WebPage\",\"@id\":\"https:\/\/dev.xnet-x.net\/es\/por-primera-vez-el-banco-santander-en-el-banquillo-o-marcaespana-que-carajo-estamos-exportando-convocatoria-internacional-de-accion\/\",\"url\":\"https:\/\/dev.xnet-x.net\/es\/por-primera-vez-el-banco-santander-en-el-banquillo-o-marcaespana-que-carajo-estamos-exportando-convocatoria-internacional-de-accion\/\",\"name\":\"Tras comprarse el Banco Popular por 1\u20ac... el SANTANDER al banquillo\",\"isPartOf\":{\"@id\":\"https:\/\/dev.xnet-x.net\/es\/#website\"},\"primaryImageOfPage\":{\"@id\":\"https:\/\/dev.xnet-x.net\/es\/por-primera-vez-el-banco-santander-en-el-banquillo-o-marcaespana-que-carajo-estamos-exportando-convocatoria-internacional-de-accion\/#primaryimage\"},\"image\":{\"@id\":\"https:\/\/dev.xnet-x.net\/es\/por-primera-vez-el-banco-santander-en-el-banquillo-o-marcaespana-que-carajo-estamos-exportando-convocatoria-internacional-de-accion\/#primaryimage\"},\"thumbnailUrl\":\"https:\/\/dev.xnet-x.net\/img\/banco-santander-al-banquillo-1.jpg\",\"datePublished\":\"2017-06-07T09:50:03+00:00\",\"dateModified\":\"2017-06-07T10:43:32+00:00\",\"description\":\"LA JUSTICIA SIENTA EN EL BANQUILLO A 7 DIRECTIVOS DEL BANCO SANTANDER POR BLANQUEO DE CAPITALES... mientras el banco destruye vidas por todo el mundo.\",\"breadcrumb\":{\"@id\":\"https:\/\/dev.xnet-x.net\/es\/por-primera-vez-el-banco-santander-en-el-banquillo-o-marcaespana-que-carajo-estamos-exportando-convocatoria-internacional-de-accion\/#breadcrumb\"},\"inLanguage\":\"es\",\"potentialAction\":[{\"@type\":\"ReadAction\",\"target\":[[\"https:\/\/dev.xnet-x.net\/es\/por-primera-vez-el-banco-santander-en-el-banquillo-o-marcaespana-que-carajo-estamos-exportando-convocatoria-internacional-de-accion\/\"]]}]},{\"@type\":\"ImageObject\",\"inLanguage\":\"es\",\"@id\":\"https:\/\/dev.xnet-x.net\/es\/por-primera-vez-el-banco-santander-en-el-banquillo-o-marcaespana-que-carajo-estamos-exportando-convocatoria-internacional-de-accion\/#primaryimage\",\"url\":\"https:\/\/dev.xnet-x.net\/img\/banco-santander-al-banquillo-1.jpg\",\"contentUrl\":\"https:\/\/dev.xnet-x.net\/img\/banco-santander-al-banquillo-1.jpg\",\"width\":2880,\"height\":1578,\"caption\":\"Por primera vez el Banco SANTANDER en el banquillo o #MarcaEspa\u00f1a: Qu\u00e9 carajo estamos exportando Convocatoria internacional de acci\u00f3n\"},{\"@type\":\"BreadcrumbList\",\"@id\":\"https:\/\/dev.xnet-x.net\/es\/por-primera-vez-el-banco-santander-en-el-banquillo-o-marcaespana-que-carajo-estamos-exportando-convocatoria-internacional-de-accion\/#breadcrumb\",\"itemListElement\":[{\"@type\":\"ListItem\",\"position\":1,\"name\":\"Portada\",\"item\":\"https:\/\/dev.xnet-x.net\/es\/\"},{\"@type\":\"ListItem\",\"position\":2,\"name\":\"Y tras comprarse el Banco Popular por un Euro\u2026 por primera vez el Banco SANTANDER en el banquillo o #MarcaEspa\u00f1a: Qu\u00e9 carajo estamos exportando &#8211; Convocatoria internacional de acci\u00f3n\"}]},{\"@type\":\"WebSite\",\"@id\":\"https:\/\/dev.xnet-x.net\/es\/#website\",\"url\":\"https:\/\/dev.xnet-x.net\/es\/\",\"name\":\"[:es]Xnet - Internet, derechos y democracia en la era digital[:ca]Xnet - Internet, drets i democr\u00e0cia en l'era digital[:en]Xnet - Internet freedoms & digital rights[:]\",\"description\":\"Xnet: Internet, informaci\u00f3n y cultura libres. Tecnopol\u00edtica. Datos, algoritmos y derechos digitales. Libertad de expresi\u00f3n. Democracia y anticorrupci\u00f3n\",\"publisher\":{\"@id\":\"https:\/\/dev.xnet-x.net\/es\/#organization\"},\"potentialAction\":[{\"@type\":\"SearchAction\",\"target\":{\"@type\":\"EntryPoint\",\"urlTemplate\":\"https:\/\/dev.xnet-x.net\/es\/?s={search_term_string}\"},\"query-input\":{\"@type\":\"PropertyValueSpecification\",\"valueRequired\":true,\"valueName\":\"search_term_string\"}}],\"inLanguage\":\"es\"},{\"@type\":\"Organization\",\"@id\":\"https:\/\/dev.xnet-x.net\/es\/#organization\",\"name\":\"Xnet - Internet, derechos y democracia en la era digital\",\"url\":\"https:\/\/dev.xnet-x.net\/es\/\",\"logo\":{\"@type\":\"ImageObject\",\"inLanguage\":\"es\",\"@id\":\"https:\/\/dev.xnet-x.net\/es\/#\/schema\/logo\/image\/\",\"url\":\"https:\/\/xnet-x.net\/img\/xnet-logo.png\",\"contentUrl\":\"https:\/\/xnet-x.net\/img\/xnet-logo.png\",\"width\":512,\"height\":512,\"caption\":\"Xnet - Internet, derechos y democracia en la era digital\"},\"image\":{\"@id\":\"https:\/\/dev.xnet-x.net\/es\/#\/schema\/logo\/image\/\"},\"sameAs\":[\"http:\/\/facebook.com\/RedX.Net\/\",\"https:\/\/x.com\/x_net_\",\"https:\/\/es.wikipedia.org\/wiki\/Xnet\"]},{\"@type\":\"Person\",\"@id\":\"https:\/\/dev.xnet-x.net\/es\/#\/schema\/person\/22ff6833bb04ae7b00d30bbfc7f8f59c\",\"name\":\"XaviSchlz\",\"image\":{\"@type\":\"ImageObject\",\"inLanguage\":\"es\",\"@id\":\"https:\/\/dev.xnet-x.net\/es\/#\/schema\/person\/image\/\",\"url\":\"https:\/\/secure.gravatar.com\/avatar\/1ef91116e3b151b72adbc0767a84e08c8d964f2b26872d9d4dff9f74d8d1712e?s=96&d=mm&r=g\",\"contentUrl\":\"https:\/\/secure.gravatar.com\/avatar\/1ef91116e3b151b72adbc0767a84e08c8d964f2b26872d9d4dff9f74d8d1712e?s=96&d=mm&r=g\",\"caption\":\"XaviSchlz\"}}]}<\/script>\n<!-- \/ Yoast SEO plugin. -->","yoast_head_json":{"title":"Tras comprarse el Banco Popular por 1\u20ac... el SANTANDER al banquillo","description":"LA JUSTICIA SIENTA EN EL BANQUILLO A 7 DIRECTIVOS DEL BANCO SANTANDER POR BLANQUEO DE CAPITALES... mientras el banco destruye vidas por todo el mundo.","robots":{"index":"index","follow":"follow","max-snippet":"max-snippet:-1","max-image-preview":"max-image-preview:large","max-video-preview":"max-video-preview:-1"},"canonical":"https:\/\/dev.xnet-x.net\/es\/por-primera-vez-el-banco-santander-en-el-banquillo-o-marcaespana-que-carajo-estamos-exportando-convocatoria-internacional-de-accion\/","twitter_misc":{"Escrito por":"XaviSchlz","Tiempo de lectura":"2 minutos"},"schema":{"@context":"https:\/\/schema.org","@graph":[{"@type":"Article","@id":"https:\/\/dev.xnet-x.net\/es\/por-primera-vez-el-banco-santander-en-el-banquillo-o-marcaespana-que-carajo-estamos-exportando-convocatoria-internacional-de-accion\/#article","isPartOf":{"@id":"https:\/\/dev.xnet-x.net\/es\/por-primera-vez-el-banco-santander-en-el-banquillo-o-marcaespana-que-carajo-estamos-exportando-convocatoria-internacional-de-accion\/"},"author":{"name":"XaviSchlz","@id":"https:\/\/dev.xnet-x.net\/es\/#\/schema\/person\/22ff6833bb04ae7b00d30bbfc7f8f59c"},"headline":"Y tras comprarse el Banco Popular por un Euro\u2026 por primera vez el Banco SANTANDER en el banquillo o #MarcaEspa\u00f1a: Qu\u00e9 carajo estamos exportando &#8211; Convocatoria internacional de acci\u00f3n","datePublished":"2017-06-07T09:50:03+00:00","dateModified":"2017-06-07T10:43:32+00:00","mainEntityOfPage":{"@id":"https:\/\/dev.xnet-x.net\/es\/por-primera-vez-el-banco-santander-en-el-banquillo-o-marcaespana-que-carajo-estamos-exportando-convocatoria-internacional-de-accion\/"},"wordCount":350,"publisher":{"@id":"https:\/\/dev.xnet-x.net\/es\/#organization"},"image":{"@id":"https:\/\/dev.xnet-x.net\/es\/por-primera-vez-el-banco-santander-en-el-banquillo-o-marcaespana-que-carajo-estamos-exportando-convocatoria-internacional-de-accion\/#primaryimage"},"thumbnailUrl":"https:\/\/dev.xnet-x.net\/img\/banco-santander-al-banquillo-1.jpg","articleSection":["Blog - Nuestras acciones"],"inLanguage":"es"},{"@type":"WebPage","@id":"https:\/\/dev.xnet-x.net\/es\/por-primera-vez-el-banco-santander-en-el-banquillo-o-marcaespana-que-carajo-estamos-exportando-convocatoria-internacional-de-accion\/","url":"https:\/\/dev.xnet-x.net\/es\/por-primera-vez-el-banco-santander-en-el-banquillo-o-marcaespana-que-carajo-estamos-exportando-convocatoria-internacional-de-accion\/","name":"Tras comprarse el Banco Popular por 1\u20ac... el SANTANDER al banquillo","isPartOf":{"@id":"https:\/\/dev.xnet-x.net\/es\/#website"},"primaryImageOfPage":{"@id":"https:\/\/dev.xnet-x.net\/es\/por-primera-vez-el-banco-santander-en-el-banquillo-o-marcaespana-que-carajo-estamos-exportando-convocatoria-internacional-de-accion\/#primaryimage"},"image":{"@id":"https:\/\/dev.xnet-x.net\/es\/por-primera-vez-el-banco-santander-en-el-banquillo-o-marcaespana-que-carajo-estamos-exportando-convocatoria-internacional-de-accion\/#primaryimage"},"thumbnailUrl":"https:\/\/dev.xnet-x.net\/img\/banco-santander-al-banquillo-1.jpg","datePublished":"2017-06-07T09:50:03+00:00","dateModified":"2017-06-07T10:43:32+00:00","description":"LA JUSTICIA SIENTA EN EL BANQUILLO A 7 DIRECTIVOS DEL BANCO SANTANDER POR BLANQUEO DE CAPITALES... mientras el banco destruye vidas por todo el mundo.","breadcrumb":{"@id":"https:\/\/dev.xnet-x.net\/es\/por-primera-vez-el-banco-santander-en-el-banquillo-o-marcaespana-que-carajo-estamos-exportando-convocatoria-internacional-de-accion\/#breadcrumb"},"inLanguage":"es","potentialAction":[{"@type":"ReadAction","target":[["https:\/\/dev.xnet-x.net\/es\/por-primera-vez-el-banco-santander-en-el-banquillo-o-marcaespana-que-carajo-estamos-exportando-convocatoria-internacional-de-accion\/"]]}]},{"@type":"ImageObject","inLanguage":"es","@id":"https:\/\/dev.xnet-x.net\/es\/por-primera-vez-el-banco-santander-en-el-banquillo-o-marcaespana-que-carajo-estamos-exportando-convocatoria-internacional-de-accion\/#primaryimage","url":"https:\/\/dev.xnet-x.net\/img\/banco-santander-al-banquillo-1.jpg","contentUrl":"https:\/\/dev.xnet-x.net\/img\/banco-santander-al-banquillo-1.jpg","width":2880,"height":1578,"caption":"Por primera vez el Banco SANTANDER en el banquillo o #MarcaEspa\u00f1a: Qu\u00e9 carajo estamos exportando Convocatoria internacional de acci\u00f3n"},{"@type":"BreadcrumbList","@id":"https:\/\/dev.xnet-x.net\/es\/por-primera-vez-el-banco-santander-en-el-banquillo-o-marcaespana-que-carajo-estamos-exportando-convocatoria-internacional-de-accion\/#breadcrumb","itemListElement":[{"@type":"ListItem","position":1,"name":"Portada","item":"https:\/\/dev.xnet-x.net\/es\/"},{"@type":"ListItem","position":2,"name":"Y tras comprarse el Banco Popular por un Euro\u2026 por primera vez el Banco SANTANDER en el banquillo o #MarcaEspa\u00f1a: Qu\u00e9 carajo estamos exportando &#8211; Convocatoria internacional de acci\u00f3n"}]},{"@type":"WebSite","@id":"https:\/\/dev.xnet-x.net\/es\/#website","url":"https:\/\/dev.xnet-x.net\/es\/","name":"[:es]Xnet - Internet, derechos y democracia en la era digital[:ca]Xnet - Internet, drets i democr\u00e0cia en l'era digital[:en]Xnet - Internet freedoms & digital rights[:]","description":"Xnet: Internet, informaci\u00f3n y cultura libres. Tecnopol\u00edtica. Datos, algoritmos y derechos digitales. Libertad de expresi\u00f3n. Democracia y anticorrupci\u00f3n","publisher":{"@id":"https:\/\/dev.xnet-x.net\/es\/#organization"},"potentialAction":[{"@type":"SearchAction","target":{"@type":"EntryPoint","urlTemplate":"https:\/\/dev.xnet-x.net\/es\/?s={search_term_string}"},"query-input":{"@type":"PropertyValueSpecification","valueRequired":true,"valueName":"search_term_string"}}],"inLanguage":"es"},{"@type":"Organization","@id":"https:\/\/dev.xnet-x.net\/es\/#organization","name":"Xnet - Internet, derechos y democracia en la era digital","url":"https:\/\/dev.xnet-x.net\/es\/","logo":{"@type":"ImageObject","inLanguage":"es","@id":"https:\/\/dev.xnet-x.net\/es\/#\/schema\/logo\/image\/","url":"https:\/\/xnet-x.net\/img\/xnet-logo.png","contentUrl":"https:\/\/xnet-x.net\/img\/xnet-logo.png","width":512,"height":512,"caption":"Xnet - Internet, derechos y democracia en la era digital"},"image":{"@id":"https:\/\/dev.xnet-x.net\/es\/#\/schema\/logo\/image\/"},"sameAs":["http:\/\/facebook.com\/RedX.Net\/","https:\/\/x.com\/x_net_","https:\/\/es.wikipedia.org\/wiki\/Xnet"]},{"@type":"Person","@id":"https:\/\/dev.xnet-x.net\/es\/#\/schema\/person\/22ff6833bb04ae7b00d30bbfc7f8f59c","name":"XaviSchlz","image":{"@type":"ImageObject","inLanguage":"es","@id":"https:\/\/dev.xnet-x.net\/es\/#\/schema\/person\/image\/","url":"https:\/\/secure.gravatar.com\/avatar\/1ef91116e3b151b72adbc0767a84e08c8d964f2b26872d9d4dff9f74d8d1712e?s=96&d=mm&r=g","contentUrl":"https:\/\/secure.gravatar.com\/avatar\/1ef91116e3b151b72adbc0767a84e08c8d964f2b26872d9d4dff9f74d8d1712e?s=96&d=mm&r=g","caption":"XaviSchlz"}}]}},"_links":{"self":[{"href":"https:\/\/dev.xnet-x.net\/es\/wp-json\/wp\/v2\/posts\/12259","targetHints":{"allow":["GET"]}}],"collection":[{"href":"https:\/\/dev.xnet-x.net\/es\/wp-json\/wp\/v2\/posts"}],"about":[{"href":"https:\/\/dev.xnet-x.net\/es\/wp-json\/wp\/v2\/types\/post"}],"author":[{"embeddable":true,"href":"https:\/\/dev.xnet-x.net\/es\/wp-json\/wp\/v2\/users\/11"}],"replies":[{"embeddable":true,"href":"https:\/\/dev.xnet-x.net\/es\/wp-json\/wp\/v2\/comments?post=12259"}],"version-history":[{"count":7,"href":"https:\/\/dev.xnet-x.net\/es\/wp-json\/wp\/v2\/posts\/12259\/revisions"}],"predecessor-version":[{"id":12291,"href":"https:\/\/dev.xnet-x.net\/es\/wp-json\/wp\/v2\/posts\/12259\/revisions\/12291"}],"wp:featuredmedia":[{"embeddable":true,"href":"https:\/\/dev.xnet-x.net\/es\/wp-json\/wp\/v2\/media\/12275"}],"wp:attachment":[{"href":"https:\/\/dev.xnet-x.net\/es\/wp-json\/wp\/v2\/media?parent=12259"}],"wp:term":[{"taxonomy":"category","embeddable":true,"href":"https:\/\/dev.xnet-x.net\/es\/wp-json\/wp\/v2\/categories?post=12259"},{"taxonomy":"post_tag","embeddable":true,"href":"https:\/\/dev.xnet-x.net\/es\/wp-json\/wp\/v2\/tags?post=12259"}],"curies":[{"name":"wp","href":"https:\/\/api.w.org\/{rel}","templated":true}]}}