{"id":12121,"date":"2017-05-15T12:52:02","date_gmt":"2017-05-15T11:52:02","guid":{"rendered":"https:\/\/xnet-x.net\/?p=12121"},"modified":"2021-09-08T12:47:08","modified_gmt":"2021-09-08T10:47:08","slug":"open-letter-president-trump-defense-wikileaks","status":"publish","type":"post","link":"https:\/\/dev.xnet-x.net\/es\/carta-abierta-al-presidente-donald-trump-en-defensa-de-wikileaks\/","title":{"rendered":"Carta Abierta al Presidente Donald Trump en Defensa de Wikileaks"},"content":{"rendered":"<p><strong>Carta abierta de la Courage Foundation al Presidente Donald Trump pidiendo que cierre la investigaci\u00f3n y retire cualquier cargo contra los miembros de Wikileaks.<\/p>\n<p>Xnet nodo de coordinaci\u00f3n en Espa\u00f1a.<\/p>\n<p>A continuaci\u00f3n la carta traducida al Castellano, la original en Ingl\u00e9s, y los 107 primeros firmantes.<\/p>\n<p>Puedes firmar para apoyar la carta aqu\u00ed: <a href=\"https:\/\/iamwikileaks.org\/openletter\/\" target=\"_blank\" rel=\"noopener noreferrer\">https:\/\/iamwikileaks.org\/openletter\/<\/a><\/strong><\/p>\n<blockquote  style=\"margin:25px 0 0 20px;padding-bottom:15px\">\n<h2 style=\"margin-top:0\">Carta abierta al Presidente Donald Trump:<\/h2>\n<p>Querido Sr. Presidente Trump:<\/p>\n<p>Somos periodistas, activistas y ciudadanos de los Estados Unidos y de todo el mundo que se preocupan por la libertad de prensa y le escriben en respuesta a la \u00faltima amenaza de enjuiciamiento contra WikiLeaks por su trabajo period\u00edstico. Le pedimos que cierre inmediata,emte la investigaci\u00f3n del Gran Jurado a WikiLeaks y descarte las acusaci\u00f3n contra Julian Assange y otros miembros del personal de Wikileaks que el Departamento de Justicia est\u00e1 planeando.<\/p>\n<p>Esta amenaza a WikiLeaks intensifica una larga guerra de desgaste contra la gran virtud de los Estados Unidos, la libertad de expresi\u00f3n. La Administraci\u00f3n Obama proces\u00f3 a m\u00e1s denunciantes que todos los presidentes juntos y abri\u00f3 una investigaci\u00f3n del Gran Jurado a WikiLeaks sin precedentes. Ahora parece que los EE.UU. se est\u00e1n preparando para dar el siguiente paso, procesar a los editores que proporcionan la \u00abmoneda\u00bb de la libertad de expresi\u00f3n, parafraseando a Thomas Jefferson. Se ha informado de que est\u00e1n siendo considerados contra miembros de WikiLeaks los cargos de conspiraci\u00f3n, robo de propiedad del gobierno y violaci\u00f3n de la Ley de Espionaje y que la acusaci\u00f3n al editor de WikiLeaks, Julian Assange, es ahora una prioridad del Departamento de Justicia. <\/p>\n<p>Una amenaza para el trabajo de WikiLeaks, que es publicar informaci\u00f3n bajo la protecci\u00f3n de la Primera Enmienda, es una amenaza para todo el periodismo libre. Si el Departamento de Justicia es capaz de condenar a un editor por su trabajo period\u00edstico, todo el periodismo libre puede ser criminalizado. <\/p>\n<p>Le invitamos como Presidente de los Estados Unidos a cerrar la investigaci\u00f3n del Gran Jurado a WikiLeaks y descartar cualquier cargo planeado contra cualquier miembro de WikiLeaks. Fue una prensa libre y robusta la que le proporcion\u00f3 una plataforma en la que postularse para la presidencia. La defensa de una prensa realmente libre requiere liberarse del miedo y tener el apoyo de los periodistas y ciudadanos en todas partes; la amenaza que ahora enfrenta WikiLeaks (y todos los editores y periodistas) es un paso hacia la oscuridad.<\/p><\/blockquote>\n<blockquote  style=\"margin:25px 0 0 20px;padding-bottom:15px\">\n<h2  style=\"margin-top:0\">Open Letter to President Trump:<\/h2>\n<p>Dear President Trump,<\/p>\n<p>We are journalists, activists and citizens from the United States and around the world who care about press freedom and are writing to you in response to the latest threat of prosecution against WikiLeaks for its journalistic work. We ask you to immediately close the Grand Jury investigation into WikiLeaks and drop any charges against Julian Assange and other Wikileaks staff members which the Department of Justice is planning.<\/p>\n<p>This threat to WikiLeaks escalates a long-running war of attrition against the great virtue of the United States \u2014 free speech. The Obama Administration prosecuted more whistleblowers than all presidents combined and opened a Grand Jury investigation into WikiLeaks that had no precedent. It now appears the US is preparing to take the next step \u2014 prosecuting publishers who provide the \u00abcurrency\u00bb of free speech, to paraphrase Thomas Jefferson. It is reported that charges, including conspiracy, theft of government property and violating the Espionage Act are being considered against members of WikiLeaks, and that charging WikiLeaks Editor, Julian Assange, is now a priority of the Department of Justice.<\/p>\n<p>A threat to WikiLeaks&#8217; work \u2014 which is publishing information protected under the First Amendment \u2014 is a threat to all free journalism. If the DOJ is able to convict a publisher for its journalistic work, all free journalism can be criminalised.<\/p>\n<p>We call on you as President of the United States to close the Grand Jury investigation into WikiLeaks and drop any charges planned against any member of WikiLeaks. It was a free and robust press that provided you with a platform on which to run for president. Defending a truly free press requires freedom from fear and favour and the support of journalists and citizens everywhere; for the kind of threat now facing WikiLeaks \u2014 and all publishers and journalists \u2014 is a step into the darkness.<\/p>\n<p>Link original: <a href=\"https:\/\/iamwikileaks.org\/openletter\/\" target=\"_blank\" rel=\"noopener noreferrer\">https:\/\/iamwikileaks.org\/openletter\/<\/a>\n<\/p><\/blockquote>\n<h3>Firmas Iniciales:<\/h3>\n<ul>\n<li>\n<p class=\"signame\">Alfonso S\u00e1nchez<br \/><span class=\"affil\">activist<\/span><\/p>\n<\/li>\n<li>\n<p class=\"signame\">Andrej Hunko<br \/><span class=\"affil\">Member of German Parliament (DIE LINKE), member of the Parliamentary Assembly of the Council of Europe<\/span><\/p>\n<\/li>\n<\/ul>\n<ul>\n<li>\n<p class=\"signame\">Andrew Bartlett<br \/><span class=\"affil\">Former Senator in the Australian Parliament &#8211; 1997-2008<\/span><\/p>\n<\/li>\n<li>\n<p class=\"signame\">Andrew Fowler<br \/><span class=\"affil\">Journalist\/author<\/span><\/p>\n<\/li>\n<\/ul>\n<ul>\n<li>\n<p class=\"signame\">Andy M\u00fcller-Maguhn<br \/><span class=\"affil\">Member of the Board, Wau Holland Foundation (WHS) \/ Centre for Investigative Journalism (CIJ)<\/span><\/p>\n<\/li>\n<li>\n<p class=\"signame\">Angela Richter<br \/><span class=\"affil\">Director<\/span><\/p>\n<\/li>\n<\/ul>\n<ul>\n<li>\n<p class=\"signame\">Ann Wright<br \/><span class=\"affil\">Col., US Army (ret.); Foreign Service Officer (resigned)<\/span><\/p>\n<\/li>\n<li>\n<p class=\"signame\">Annegret Falter<br \/><span class=\"affil\">Whistleblower-Network<\/span><\/p>\n<\/li>\n<\/ul>\n<ul>\n<li>\n<p class=\"signame\">Annie Machon<br \/><span class=\"affil\">Former British intelligence officer<\/span><\/p>\n<\/li>\n<li>\n<p class=\"signame\">Arjen Kamphuis<br \/><span class=\"affil\">BeeHive4.2<\/span><\/p>\n<\/li>\n<\/ul>\n<ul>\n<li>\n<p class=\"signame\">Bastian Obermayer<br \/><span class=\"affil\">Investigative journalist<\/span><\/p>\n<\/li>\n<li>\n<p class=\"signame\">Benet Salellas<br \/><span class=\"affil\">Lawyer and Diputy in the Catalan Parliament<\/span><\/p>\n<\/li>\n<\/ul>\n<ul>\n<li>\n<p class=\"signame\">Brandon Bryant<br \/><span class=\"affil\">Recipient of the 2015 Whistleblower of the Year Award<\/span><\/p>\n<\/li>\n<li>\n<p class=\"signame\">Brennan Novak<br \/><span class=\"affil\">Transparency Toolkit<\/span><\/p>\n<\/li>\n<\/ul>\n<ul>\n<li>\n<p class=\"signame\">Carlos Enrique Bayo<br \/><span class=\"affil\">Redactor Jefe de Investigaci\u00f3n e Internacional, Publico, Madrid<\/span><\/p>\n<\/li>\n<li>\n<p class=\"signame\">Carlos Latuff<br \/><span class=\"affil\">Cartoonist<\/span><\/p>\n<\/li>\n<\/ul>\n<ul>\n<li>\n<p class=\"signame\">Christian Grothoff<br \/><span class=\"affil\">Researcher<\/span><\/p>\n<\/li>\n<li>\n<p class=\"signame\">Christine Milne<br \/><span class=\"affil\">Former Aust Greens Leader<\/span><\/p>\n<\/li>\n<\/ul>\n<ul>\n<li>\n<p class=\"signame\">Cian Westmoreland<br \/><span class=\"affil\">SrA USAF (Honorable Discharge), Veterans for Peace<\/span><\/p>\n<\/li>\n<li>\n<p class=\"signame\">Coleen Rowley<br \/><span class=\"affil\">FBI Special Agent and former Minneapolis Division Legal Counsel (ret.)<\/span><\/p>\n<\/li>\n<\/ul>\n<ul>\n<li>\n<p class=\"signame\">Costas Efimeros<br \/><span class=\"affil\">The Press Project<\/span><\/p>\n<\/li>\n<li>\n<p class=\"signame\">Craig Murray<br \/><span class=\"affil\">Former British Ambassador to Uzbekistan<\/span><\/p>\n<\/li>\n<\/ul>\n<ul>\n<li>\n<p class=\"signame\">Daniel Ellsberg<br \/><span class=\"affil\">Former State and Defense Dept. official, released Top Secret Pentagon Papers in 1971<\/span><\/p>\n<\/li>\n<li>\n<p class=\"signame\">Daniel Richter<br \/><span class=\"affil\">Artist<\/span><\/p>\n<\/li>\n<\/ul>\n<ul>\n<li>\n<p class=\"signame\">Daniel Sommer<br \/><span class=\"affil\">Courage France, PDG DS Invest<\/span><\/p>\n<\/li>\n<li>\n<p class=\"signame\">David Fern\u00e1ndez<br \/><span class=\"affil\">Journalist<\/span><\/p>\n<\/li>\n<\/ul>\n<ul>\n<li>\n<p class=\"signame\">David Swanson<br \/><span class=\"affil\">Director of World Beyond War, campaign coordinator of RootsAction.org<\/span><\/p>\n<\/li>\n<li>\n<p class=\"signame\">Diani Barreto<br \/><span class=\"affil\">Journalist, researcher, campaigner, coordinator at ExposeFacts<\/span><\/p>\n<\/li>\n<\/ul>\n<ul>\n<li>\n<p class=\"signame\">Dr George Gittoes AM<br \/><span class=\"affil\">2015 Sydney Peace Prize, Artist,Filmmaker,War Witness,Founder Yellow House Jalalabad<\/span><\/p>\n<\/li>\n<li>\n<p class=\"signame\">Edward Snowden<br \/><span class=\"affil\">President, Freedom of the Press Foundation<\/span><\/p>\n<\/li>\n<\/ul>\n<ul>\n<li>\n<p class=\"signame\">Elizabeth Murray<br \/><span class=\"affil\">Deputy National Intelligence Officer for Near East, CIA and National Intelligence Council (ret.)<\/span><\/p>\n<\/li>\n<li>\n<p class=\"signame\">Eva Blum-Dumontet<br \/><span class=\"affil\">researcher<\/span><\/p>\n<\/li>\n<\/ul>\n<ul>\n<li>\n<p class=\"signame\">Felicity Ruby<br \/><span class=\"affil\">PhD Candidate, Sydney University<\/span><\/p>\n<\/li>\n<li>\n<p class=\"signame\">Frederik Obermaier<br \/><span class=\"affil\">Investigative Journalist<\/span><\/p>\n<\/li>\n<\/ul>\n<ul>\n<li>\n<p class=\"signame\">Friedrich Moser<br \/><span class=\"affil\">director A GOOD AMERICAN<\/span><\/p>\n<\/li>\n<li>\n<p class=\"signame\">Geoffroy de Lagasnerie<br \/><span class=\"affil\">Philosopher and professor at Ecole Nationale Sup\u00e9rieure d&#39;Arts de Paris-Cergy (ENSAPC)<\/span><\/p>\n<\/li>\n<\/ul>\n<ul>\n<li>\n<p class=\"signame\">Gerard Goggin<br \/><span class=\"affil\">ARC Future Fellow, Professor of Media and Communications, Department of Media and Communications<\/span><\/p>\n<\/li>\n<li>\n<p class=\"signame\">Giordano<br \/><span class=\"affil\">The Juice Media<\/span><\/p>\n<\/li>\n<\/ul>\n<ul>\n<li>\n<p class=\"signame\">G\u00fcnter Wallraff<br \/><span class=\"affil\">Investigative journalist<\/span><\/p>\n<\/li>\n<li>\n<p class=\"signame\">Harry Karanikas<br \/><span class=\"affil\">Journalist<\/span><\/p>\n<\/li>\n<\/ul>\n<ul>\n<li>\n<p class=\"signame\">Helen Razer<br \/><span class=\"affil\">Australian journalist<\/span><\/p>\n<\/li>\n<li>\n<p class=\"signame\">Ilija Trojanow<br \/><span class=\"affil\">Author<\/span><\/p>\n<\/li>\n<\/ul>\n<ul>\n<li>\n<p class=\"signame\">J.M. Porup<br \/><span class=\"affil\">Journalist<\/span><\/p>\n<\/li>\n<li>\n<p class=\"signame\">Jean-Michel Jarre<br \/><span class=\"affil\">composer<\/span><\/p>\n<\/li>\n<\/ul>\n<ul>\n<li>\n<p class=\"signame\">Jeff Cohen<br \/><span class=\"affil\">Director of Park Center for Independent Media, Ithaca College<\/span><\/p>\n<\/li>\n<li>\n<p class=\"signame\">Jeff Sparrow<br \/><span class=\"affil\">Writer, editor and broadcaster<\/span><\/p>\n<\/li>\n<\/ul>\n<ul>\n<li>\n<p class=\"signame\">Jeffrey Moussaieff Masson<br \/><span class=\"affil\"> Ph.D.<\/span><\/p>\n<\/li>\n<li>\n<p class=\"signame\">Jimmy Schulz<br \/><span class=\"affil\">Chairman LOAD e.V &amp; Vice Chairman ISOC Germany<\/span><\/p>\n<\/li>\n<\/ul>\n<ul>\n<li>\n<p class=\"signame\">Joan Llinares<br \/><span class=\"affil\">Director of the Transparency Office of the Barcelona City Council<\/span><\/p>\n<\/li>\n<li>\n<p class=\"signame\">Johannes Wahlstr\u00f6m<br \/><span class=\"affil\">Investigative journalist and filmmaker<\/span><\/p>\n<\/li>\n<\/ul>\n<ul>\n<li>\n<p class=\"signame\">John Kiriakou<br \/><span class=\"affil\">Former CIA Counterterrorism Officer<\/span><\/p>\n<\/li>\n<li>\n<p class=\"signame\">Jordi Angusto<br \/><span class=\"affil\">Economist<\/span><\/p>\n<\/li>\n<\/ul>\n<ul>\n<li>\n<p class=\"signame\">Juan Branco<br \/><span class=\"affil\">writer and lawyer<\/span><\/p>\n<\/li>\n<li>\n<p class=\"signame\">J\u00e9r\u00e9mie Zimmermann<br \/><span class=\"affil\">La Quadrature du Net, co-founder<\/span><\/p>\n<\/li>\n<\/ul>\n<ul>\n<li>\n<p class=\"signame\">J\u00e9r\u00f4me Hourdeaux<br \/><span class=\"affil\">Journalist<\/span><\/p>\n<\/li>\n<li>\n<p class=\"signame\">Ken Loach<br \/><span class=\"affil\">film director<\/span><\/p>\n<\/li>\n<\/ul>\n<ul>\n<li>\n<p class=\"signame\">Kevin Zeese<br \/><span class=\"affil\">Co-director, Popular Resistance<\/span><\/p>\n<\/li>\n<li>\n<p class=\"signame\">Kirk Wiebe<br \/><span class=\"affil\">NSA Whistleblower and Retired Senior Intelligence Analyst<\/span><\/p>\n<\/li>\n<\/ul>\n<ul>\n<li>\n<p class=\"signame\">Leif Ryge<br \/><span class=\"affil\">Researcher<\/span><\/p>\n<\/li>\n<li>\n<p class=\"signame\">Linda Lewis<br \/><span class=\"affil\">WMD preparedness policy analyst, US Dept of Agriculture (ret.)<\/span><\/p>\n<\/li>\n<\/ul>\n<ul>\n<li>\n<p class=\"signame\">Lisa Ling<br \/><span class=\"affil\">TSgt USAF (ret.)<\/span><\/p>\n<\/li>\n<li>\n<p class=\"signame\">Ludovic Court\u00e8s<br \/><span class=\"affil\">GNU Project<\/span><\/p>\n<\/li>\n<\/ul>\n<ul>\n<li>\n<p class=\"signame\">M. C. McGrath<br \/><span class=\"affil\">Transparency Toolkit<\/span><\/p>\n<\/li>\n<li>\n<p class=\"signame\">Mairead Maguire<br \/><span class=\"affil\">Nobel Peace Prize winner<\/span><\/p>\n<\/li>\n<\/ul>\n<ul>\n<li>\n<p class=\"signame\">Marie Gutbub<br \/><span class=\"affil\">journalist<\/span><\/p>\n<\/li>\n<li>\n<p class=\"signame\">Marie-Agn\u00e8s Sommet<br \/><span class=\"affil\">Courage France, Directrice G\u00e9n\u00e9rale SRP<\/span><\/p>\n<\/li>\n<\/ul>\n<ul>\n<li>\n<p class=\"signame\">Mark Weisbrot<br \/><span class=\"affil\">Co-Director, Center for Economic and Policy Research<\/span><\/p>\n<\/li>\n<li>\n<p class=\"signame\">Mary Kostakidis<br \/><span class=\"affil\">Former anchor, SBS world News<\/span><\/p>\n<\/li>\n<\/ul>\n<ul>\n<li>\n<p class=\"signame\">Matt Kennard<br \/><span class=\"affil\">Journalist<\/span><\/p>\n<\/li>\n<li>\n<p class=\"signame\">Matthew Hoh<br \/><span class=\"affil\">Former Capt., US Marine Corps, Iraq &amp; Foreign Service Officer, Afghanistan<\/span><\/p>\n<\/li>\n<\/ul>\n<ul>\n<li>\n<p class=\"signame\">Michael Kreil<br \/><span class=\"affil\">Data journalist<\/span><\/p>\n<\/li>\n<li>\n<p class=\"signame\">Michael S. Kearns<br \/><span class=\"affil\">Captain, US Air Force (Ret.)<\/span><\/p>\n<\/li>\n<\/ul>\n<ul>\n<li>\n<p class=\"signame\">Monika Ermert<br \/><span class=\"affil\">c&#39;t\/heise online<\/span><\/p>\n<\/li>\n<li>\n<p class=\"signame\">Moritz Bartl<br \/><span class=\"affil\">Renewable Freedom Foundation<\/span><\/p>\n<\/li>\n<\/ul>\n<ul>\n<li>\n<p class=\"signame\">Natalia Uval<br \/><span class=\"affil\">Journalist, La Diaria newspaper, Uruguay<\/span><\/p>\n<\/li>\n<li>\n<p class=\"signame\">Nicky Hager<br \/><span class=\"affil\">Investigative journalist, New Zealand<\/span><\/p>\n<\/li>\n<\/ul>\n<ul>\n<li>\n<p class=\"signame\">Noam Chomsky<br \/><span class=\"affil\">linguist, MIT<\/span><\/p>\n<\/li>\n<li>\n<p class=\"signame\">Norman Solomon<br \/><span class=\"affil\">Coordinator, RootsAction.com<\/span><\/p>\n<\/li>\n<\/ul>\n<ul>\n<li>\n<p class=\"signame\">Oliver Stone<br \/><span class=\"affil\">filmmaker<\/span><\/p>\n<\/li>\n<li>\n<p class=\"signame\">PJ Harvey<br \/><span class=\"affil\">musician<\/span><\/p>\n<\/li>\n<\/ul>\n<ul>\n<li>\n<p class=\"signame\">Pamela Anderson<br \/><span class=\"affil\">Tenure Board Member<\/span><\/p>\n<\/li>\n<li>\n<p class=\"signame\">Patrick Schiffer<br \/><span class=\"affil\">Chairman Pirate Party Germany<\/span><\/p>\n<\/li>\n<\/ul>\n<ul>\n<li>\n<p class=\"signame\">Patti Smith<br \/><span class=\"affil\">artist<\/span><\/p>\n<\/li>\n<li>\n<p class=\"signame\">Peter Kofod<br \/><span class=\"affil\">independent journalist<\/span><\/p>\n<\/li>\n<\/ul>\n<ul>\n<li>\n<p class=\"signame\">Peter Van Buren<br \/><span class=\"affil\">Whistleblower, Department of State<\/span><\/p>\n<\/li>\n<li>\n<p class=\"signame\">Philip Giraldi<br \/><span class=\"affil\">CIA, Operations Officer (ret.)<\/span><\/p>\n<\/li>\n<\/ul>\n<ul>\n<li>\n<p class=\"signame\">Pratap Chatterjee<br \/><span class=\"affil\">Executive Director, CorpWatch<\/span><\/p>\n<\/li>\n<li>\n<p class=\"signame\">Raimond Gaita<br \/><span class=\"affil\">Professorial Fellow, Melbourne Law School &amp; Faculty of Arts, University of Melbourne, Emeritus Professor of Moral Philosophy, King&#39;s College London<\/span><\/p>\n<\/li>\n<\/ul>\n<ul>\n<li>\n<p class=\"signame\">Ray McGovern<br \/><span class=\"affil\">Former US Army infantry\/intelligence officer &amp; CIA analyst (ret.) and founder of Veteran Intelligence Professionals for Sanity as well as Sam Adams Associates for Integrity in Intelligence<\/span><\/p>\n<\/li>\n<li>\n<p class=\"signame\">Rebecca O&#39;Brien<br \/><span class=\"affil\">Producer, Sixteen Films<\/span><\/p>\n<\/li>\n<\/ul>\n<ul>\n<li>\n<p class=\"signame\">Robert Naiman<br \/><span class=\"affil\">Policy Director, Just Foreign Policy<\/span><\/p>\n<\/li>\n<li>\n<p class=\"signame\">Robert Wing<br \/><span class=\"affil\">Former Foreign Service Officer (associate VIPS)<\/span><\/p>\n<\/li>\n<\/ul>\n<ul>\n<li>\n<p class=\"signame\">Sana Saleem<br \/><span class=\"affil\">Journalist<\/span><\/p>\n<\/li>\n<li>\n<p class=\"signame\">Scott Ludlam<br \/><span class=\"affil\">Australian Greens Senator for Western Australia<\/span><\/p>\n<\/li>\n<\/ul>\n<ul>\n<li>\n<p class=\"signame\">Senator Lee Rhiannon<br \/><span class=\"affil\"><\/span><\/p>\n<\/li>\n<li>\n<p class=\"signame\">Sergio Salgado<br \/><span class=\"affil\">activist<\/span><\/p>\n<\/li>\n<\/ul>\n<ul>\n<li>\n<p class=\"signame\">Simona Levi<br \/><span class=\"affil\">Theater director and Activist<\/span><\/p>\n<\/li>\n<li>\n<p class=\"signame\">Slavoj \u017di\u017eek<br \/><span class=\"affil\">philosopher, Birkbeck Institute for Humanities<\/span><\/p>\n<\/li>\n<\/ul>\n<ul>\n<li>\n<p class=\"signame\">Sre\u0107ko Horvat<br \/><span class=\"affil\">philosopher and co-founder of DiEM25<\/span><\/p>\n<\/li>\n<li>\n<p class=\"signame\">Stefania Maurizi<br \/><span class=\"affil\">Investigative journalist, La Repubblica, Italy<\/span><\/p>\n<\/li>\n<\/ul>\n<ul>\n<li>\n<p class=\"signame\">Thomas Drake<br \/><span class=\"affil\">Former Senior Executive, NSA<\/span><\/p>\n<\/li>\n<li>\n<p class=\"signame\">Todd E. Pierce<br \/><span class=\"affil\">MAJ, US Army Judge Advocate (ret.)<\/span><\/p>\n<\/li>\n<\/ul>\n<ul>\n<li>\n<p class=\"signame\">Tom Ballard<br \/><span class=\"affil\">Comedian &amp; Broadcaster<\/span><\/p>\n<\/li>\n<li>\n<p class=\"signame\">Volker Birk<br \/><span class=\"affil\">pEp foundation<\/span><\/p>\n<\/li>\n<\/ul>\n<ul>\n<li>\n<p class=\"signame\">Will Potter<br \/><span class=\"affil\">Author<\/span><\/p>\n<\/li>\n<li>\n<p class=\"signame\">William Binney<br \/><span class=\"affil\">Technical Director, NSA; co-founder, SIGINT Automation Research Center (ret.)<\/span><\/p>\n<\/li>\n<\/ul>\n<ul>\n<li>\n<p class=\"signame\">Yanis Varoufakis<br \/><span class=\"affil\">economist and co-founder of DiEM25<\/span><\/p>\n<\/li>\n<\/li>\n<\/li>\n<\/ul>\n<p><\/p>","protected":false},"excerpt":{"rendered":"<p>Carta abierta de la Courage Foundation al Presidente Donald Trump pidiendo que cierre la investigaci\u00f3n y retire cualquier cargo contra los miembros de Wikileaks. Xnet nodo de coordinaci\u00f3n en Espa\u00f1a. A continuaci\u00f3n la carta traducida al Castellano, la original en Ingl\u00e9s, y los 107 primeros firmantes. Puedes firmar para apoyar la carta aqu\u00ed: https:\/\/iamwikileaks.org\/openletter\/ Carta [&hellip;]<\/p>\n","protected":false},"author":8,"featured_media":12126,"comment_status":"closed","ping_status":"closed","sticky":false,"template":"","format":"standard","meta":{"footnotes":""},"categories":[52],"tags":[],"class_list":["post-12121","post","type-post","status-publish","format-standard","has-post-thumbnail","hentry","category-blog","ejes-libertad-expresion-informacion","ejes-luchas-por-las-libertades-civiles"],"yoast_head":"<!-- This site is optimized with the Yoast SEO plugin v26.7 - https:\/\/yoast.com\/wordpress\/plugins\/seo\/ -->\n<title>(En) Open Letter to President Trump in Defense of Wikileaks<\/title>\n<meta name=\"description\" content=\"(En) Dear President Trump, we are journalists, activists and citizens from around the world writing to you to close the Grand Jury investigation into WikiLeaks.\" \/>\n<meta name=\"robots\" content=\"index, follow, max-snippet:-1, max-image-preview:large, max-video-preview:-1\" \/>\n<link rel=\"canonical\" href=\"https:\/\/dev.xnet-x.net\/es\/carta-abierta-al-presidente-donald-trump-en-defensa-de-wikileaks\/\" \/>\n<meta name=\"twitter:label1\" content=\"Escrito por\" \/>\n\t<meta name=\"twitter:data1\" content=\"Xnet\" \/>\n\t<meta name=\"twitter:label2\" content=\"Tiempo de lectura\" \/>\n\t<meta name=\"twitter:data2\" content=\"7 minutos\" \/>\n<script type=\"application\/ld+json\" class=\"yoast-schema-graph\">{\"@context\":\"https:\/\/schema.org\",\"@graph\":[{\"@type\":\"Article\",\"@id\":\"https:\/\/dev.xnet-x.net\/es\/carta-abierta-al-presidente-donald-trump-en-defensa-de-wikileaks\/#article\",\"isPartOf\":{\"@id\":\"https:\/\/dev.xnet-x.net\/es\/carta-abierta-al-presidente-donald-trump-en-defensa-de-wikileaks\/\"},\"author\":{\"name\":\"Xnet\",\"@id\":\"https:\/\/dev.xnet-x.net\/es\/#\/schema\/person\/286e07d1c80ea3bcc60b6ef8b146e637\"},\"headline\":\"Carta Abierta al Presidente Donald Trump en Defensa de Wikileaks\",\"datePublished\":\"2017-05-15T11:52:02+00:00\",\"dateModified\":\"2021-09-08T10:47:08+00:00\",\"mainEntityOfPage\":{\"@id\":\"https:\/\/dev.xnet-x.net\/es\/carta-abierta-al-presidente-donald-trump-en-defensa-de-wikileaks\/\"},\"wordCount\":1583,\"publisher\":{\"@id\":\"https:\/\/dev.xnet-x.net\/es\/#organization\"},\"image\":{\"@id\":\"https:\/\/dev.xnet-x.net\/es\/carta-abierta-al-presidente-donald-trump-en-defensa-de-wikileaks\/#primaryimage\"},\"thumbnailUrl\":\"https:\/\/dev.xnet-x.net\/img\/carta-abierta-al-presidente-donald-trump-img.png\",\"articleSection\":[\"Blog - Nuestras acciones\"],\"inLanguage\":\"es\"},{\"@type\":\"WebPage\",\"@id\":\"https:\/\/dev.xnet-x.net\/es\/carta-abierta-al-presidente-donald-trump-en-defensa-de-wikileaks\/\",\"url\":\"https:\/\/dev.xnet-x.net\/es\/carta-abierta-al-presidente-donald-trump-en-defensa-de-wikileaks\/\",\"name\":\"(En) Open Letter to President Trump in Defense of Wikileaks\",\"isPartOf\":{\"@id\":\"https:\/\/dev.xnet-x.net\/es\/#website\"},\"primaryImageOfPage\":{\"@id\":\"https:\/\/dev.xnet-x.net\/es\/carta-abierta-al-presidente-donald-trump-en-defensa-de-wikileaks\/#primaryimage\"},\"image\":{\"@id\":\"https:\/\/dev.xnet-x.net\/es\/carta-abierta-al-presidente-donald-trump-en-defensa-de-wikileaks\/#primaryimage\"},\"thumbnailUrl\":\"https:\/\/dev.xnet-x.net\/img\/carta-abierta-al-presidente-donald-trump-img.png\",\"datePublished\":\"2017-05-15T11:52:02+00:00\",\"dateModified\":\"2021-09-08T10:47:08+00:00\",\"description\":\"(En) Dear President Trump, we are journalists, activists and citizens from around the world writing to you to close the Grand Jury investigation into WikiLeaks.\",\"breadcrumb\":{\"@id\":\"https:\/\/dev.xnet-x.net\/es\/carta-abierta-al-presidente-donald-trump-en-defensa-de-wikileaks\/#breadcrumb\"},\"inLanguage\":\"es\",\"potentialAction\":[{\"@type\":\"ReadAction\",\"target\":[[\"https:\/\/dev.xnet-x.net\/es\/carta-abierta-al-presidente-donald-trump-en-defensa-de-wikileaks\/\"]]}]},{\"@type\":\"ImageObject\",\"inLanguage\":\"es\",\"@id\":\"https:\/\/dev.xnet-x.net\/es\/carta-abierta-al-presidente-donald-trump-en-defensa-de-wikileaks\/#primaryimage\",\"url\":\"https:\/\/dev.xnet-x.net\/img\/carta-abierta-al-presidente-donald-trump-img.png\",\"contentUrl\":\"https:\/\/dev.xnet-x.net\/img\/carta-abierta-al-presidente-donald-trump-img.png\",\"width\":1135,\"height\":515,\"caption\":\"CARTA ABIERTA AL PRESIDENTE DONALD TRUMP\"},{\"@type\":\"BreadcrumbList\",\"@id\":\"https:\/\/dev.xnet-x.net\/es\/carta-abierta-al-presidente-donald-trump-en-defensa-de-wikileaks\/#breadcrumb\",\"itemListElement\":[{\"@type\":\"ListItem\",\"position\":1,\"name\":\"Portada\",\"item\":\"https:\/\/dev.xnet-x.net\/es\/\"},{\"@type\":\"ListItem\",\"position\":2,\"name\":\"Carta Abierta al Presidente Donald Trump en Defensa de Wikileaks\"}]},{\"@type\":\"WebSite\",\"@id\":\"https:\/\/dev.xnet-x.net\/es\/#website\",\"url\":\"https:\/\/dev.xnet-x.net\/es\/\",\"name\":\"[:es]Xnet - Internet, derechos y democracia en la era digital[:ca]Xnet - Internet, drets i democr\u00e0cia en l'era digital[:en]Xnet - Internet freedoms & digital rights[:]\",\"description\":\"Xnet: Internet, informaci\u00f3n y cultura libres. Tecnopol\u00edtica. Datos, algoritmos y derechos digitales. Libertad de expresi\u00f3n. Democracia y anticorrupci\u00f3n\",\"publisher\":{\"@id\":\"https:\/\/dev.xnet-x.net\/es\/#organization\"},\"potentialAction\":[{\"@type\":\"SearchAction\",\"target\":{\"@type\":\"EntryPoint\",\"urlTemplate\":\"https:\/\/dev.xnet-x.net\/es\/?s={search_term_string}\"},\"query-input\":{\"@type\":\"PropertyValueSpecification\",\"valueRequired\":true,\"valueName\":\"search_term_string\"}}],\"inLanguage\":\"es\"},{\"@type\":\"Organization\",\"@id\":\"https:\/\/dev.xnet-x.net\/es\/#organization\",\"name\":\"Xnet - Internet, derechos y democracia en la era digital\",\"url\":\"https:\/\/dev.xnet-x.net\/es\/\",\"logo\":{\"@type\":\"ImageObject\",\"inLanguage\":\"es\",\"@id\":\"https:\/\/dev.xnet-x.net\/es\/#\/schema\/logo\/image\/\",\"url\":\"https:\/\/xnet-x.net\/img\/xnet-logo.png\",\"contentUrl\":\"https:\/\/xnet-x.net\/img\/xnet-logo.png\",\"width\":512,\"height\":512,\"caption\":\"Xnet - Internet, derechos y democracia en la era digital\"},\"image\":{\"@id\":\"https:\/\/dev.xnet-x.net\/es\/#\/schema\/logo\/image\/\"},\"sameAs\":[\"http:\/\/facebook.com\/RedX.Net\/\",\"https:\/\/x.com\/x_net_\",\"https:\/\/es.wikipedia.org\/wiki\/Xnet\"]},{\"@type\":\"Person\",\"@id\":\"https:\/\/dev.xnet-x.net\/es\/#\/schema\/person\/286e07d1c80ea3bcc60b6ef8b146e637\",\"name\":\"Xnet\",\"image\":{\"@type\":\"ImageObject\",\"inLanguage\":\"es\",\"@id\":\"https:\/\/dev.xnet-x.net\/es\/#\/schema\/person\/image\/\",\"url\":\"https:\/\/secure.gravatar.com\/avatar\/76eee622ce1df16aa986c0f990545e62b4c87e399e6c2a5fcfe24a092d2ba829?s=96&d=mm&r=g\",\"contentUrl\":\"https:\/\/secure.gravatar.com\/avatar\/76eee622ce1df16aa986c0f990545e62b4c87e399e6c2a5fcfe24a092d2ba829?s=96&d=mm&r=g\",\"caption\":\"Xnet\"}}]}<\/script>\n<!-- \/ Yoast SEO plugin. -->","yoast_head_json":{"title":"(En) Open Letter to President Trump in Defense of Wikileaks","description":"(En) Dear President Trump, we are journalists, activists and citizens from around the world writing to you to close the Grand Jury investigation into WikiLeaks.","robots":{"index":"index","follow":"follow","max-snippet":"max-snippet:-1","max-image-preview":"max-image-preview:large","max-video-preview":"max-video-preview:-1"},"canonical":"https:\/\/dev.xnet-x.net\/es\/carta-abierta-al-presidente-donald-trump-en-defensa-de-wikileaks\/","twitter_misc":{"Escrito por":"Xnet","Tiempo de lectura":"7 minutos"},"schema":{"@context":"https:\/\/schema.org","@graph":[{"@type":"Article","@id":"https:\/\/dev.xnet-x.net\/es\/carta-abierta-al-presidente-donald-trump-en-defensa-de-wikileaks\/#article","isPartOf":{"@id":"https:\/\/dev.xnet-x.net\/es\/carta-abierta-al-presidente-donald-trump-en-defensa-de-wikileaks\/"},"author":{"name":"Xnet","@id":"https:\/\/dev.xnet-x.net\/es\/#\/schema\/person\/286e07d1c80ea3bcc60b6ef8b146e637"},"headline":"Carta Abierta al Presidente Donald Trump en Defensa de Wikileaks","datePublished":"2017-05-15T11:52:02+00:00","dateModified":"2021-09-08T10:47:08+00:00","mainEntityOfPage":{"@id":"https:\/\/dev.xnet-x.net\/es\/carta-abierta-al-presidente-donald-trump-en-defensa-de-wikileaks\/"},"wordCount":1583,"publisher":{"@id":"https:\/\/dev.xnet-x.net\/es\/#organization"},"image":{"@id":"https:\/\/dev.xnet-x.net\/es\/carta-abierta-al-presidente-donald-trump-en-defensa-de-wikileaks\/#primaryimage"},"thumbnailUrl":"https:\/\/dev.xnet-x.net\/img\/carta-abierta-al-presidente-donald-trump-img.png","articleSection":["Blog - Nuestras acciones"],"inLanguage":"es"},{"@type":"WebPage","@id":"https:\/\/dev.xnet-x.net\/es\/carta-abierta-al-presidente-donald-trump-en-defensa-de-wikileaks\/","url":"https:\/\/dev.xnet-x.net\/es\/carta-abierta-al-presidente-donald-trump-en-defensa-de-wikileaks\/","name":"(En) Open Letter to President Trump in Defense of Wikileaks","isPartOf":{"@id":"https:\/\/dev.xnet-x.net\/es\/#website"},"primaryImageOfPage":{"@id":"https:\/\/dev.xnet-x.net\/es\/carta-abierta-al-presidente-donald-trump-en-defensa-de-wikileaks\/#primaryimage"},"image":{"@id":"https:\/\/dev.xnet-x.net\/es\/carta-abierta-al-presidente-donald-trump-en-defensa-de-wikileaks\/#primaryimage"},"thumbnailUrl":"https:\/\/dev.xnet-x.net\/img\/carta-abierta-al-presidente-donald-trump-img.png","datePublished":"2017-05-15T11:52:02+00:00","dateModified":"2021-09-08T10:47:08+00:00","description":"(En) Dear President Trump, we are journalists, activists and citizens from around the world writing to you to close the Grand Jury investigation into WikiLeaks.","breadcrumb":{"@id":"https:\/\/dev.xnet-x.net\/es\/carta-abierta-al-presidente-donald-trump-en-defensa-de-wikileaks\/#breadcrumb"},"inLanguage":"es","potentialAction":[{"@type":"ReadAction","target":[["https:\/\/dev.xnet-x.net\/es\/carta-abierta-al-presidente-donald-trump-en-defensa-de-wikileaks\/"]]}]},{"@type":"ImageObject","inLanguage":"es","@id":"https:\/\/dev.xnet-x.net\/es\/carta-abierta-al-presidente-donald-trump-en-defensa-de-wikileaks\/#primaryimage","url":"https:\/\/dev.xnet-x.net\/img\/carta-abierta-al-presidente-donald-trump-img.png","contentUrl":"https:\/\/dev.xnet-x.net\/img\/carta-abierta-al-presidente-donald-trump-img.png","width":1135,"height":515,"caption":"CARTA ABIERTA AL PRESIDENTE DONALD TRUMP"},{"@type":"BreadcrumbList","@id":"https:\/\/dev.xnet-x.net\/es\/carta-abierta-al-presidente-donald-trump-en-defensa-de-wikileaks\/#breadcrumb","itemListElement":[{"@type":"ListItem","position":1,"name":"Portada","item":"https:\/\/dev.xnet-x.net\/es\/"},{"@type":"ListItem","position":2,"name":"Carta Abierta al Presidente Donald Trump en Defensa de Wikileaks"}]},{"@type":"WebSite","@id":"https:\/\/dev.xnet-x.net\/es\/#website","url":"https:\/\/dev.xnet-x.net\/es\/","name":"[:es]Xnet - Internet, derechos y democracia en la era digital[:ca]Xnet - Internet, drets i democr\u00e0cia en l'era digital[:en]Xnet - Internet freedoms & digital rights[:]","description":"Xnet: Internet, informaci\u00f3n y cultura libres. Tecnopol\u00edtica. Datos, algoritmos y derechos digitales. Libertad de expresi\u00f3n. Democracia y anticorrupci\u00f3n","publisher":{"@id":"https:\/\/dev.xnet-x.net\/es\/#organization"},"potentialAction":[{"@type":"SearchAction","target":{"@type":"EntryPoint","urlTemplate":"https:\/\/dev.xnet-x.net\/es\/?s={search_term_string}"},"query-input":{"@type":"PropertyValueSpecification","valueRequired":true,"valueName":"search_term_string"}}],"inLanguage":"es"},{"@type":"Organization","@id":"https:\/\/dev.xnet-x.net\/es\/#organization","name":"Xnet - Internet, derechos y democracia en la era digital","url":"https:\/\/dev.xnet-x.net\/es\/","logo":{"@type":"ImageObject","inLanguage":"es","@id":"https:\/\/dev.xnet-x.net\/es\/#\/schema\/logo\/image\/","url":"https:\/\/xnet-x.net\/img\/xnet-logo.png","contentUrl":"https:\/\/xnet-x.net\/img\/xnet-logo.png","width":512,"height":512,"caption":"Xnet - Internet, derechos y democracia en la era digital"},"image":{"@id":"https:\/\/dev.xnet-x.net\/es\/#\/schema\/logo\/image\/"},"sameAs":["http:\/\/facebook.com\/RedX.Net\/","https:\/\/x.com\/x_net_","https:\/\/es.wikipedia.org\/wiki\/Xnet"]},{"@type":"Person","@id":"https:\/\/dev.xnet-x.net\/es\/#\/schema\/person\/286e07d1c80ea3bcc60b6ef8b146e637","name":"Xnet","image":{"@type":"ImageObject","inLanguage":"es","@id":"https:\/\/dev.xnet-x.net\/es\/#\/schema\/person\/image\/","url":"https:\/\/secure.gravatar.com\/avatar\/76eee622ce1df16aa986c0f990545e62b4c87e399e6c2a5fcfe24a092d2ba829?s=96&d=mm&r=g","contentUrl":"https:\/\/secure.gravatar.com\/avatar\/76eee622ce1df16aa986c0f990545e62b4c87e399e6c2a5fcfe24a092d2ba829?s=96&d=mm&r=g","caption":"Xnet"}}]}},"_links":{"self":[{"href":"https:\/\/dev.xnet-x.net\/es\/wp-json\/wp\/v2\/posts\/12121","targetHints":{"allow":["GET"]}}],"collection":[{"href":"https:\/\/dev.xnet-x.net\/es\/wp-json\/wp\/v2\/posts"}],"about":[{"href":"https:\/\/dev.xnet-x.net\/es\/wp-json\/wp\/v2\/types\/post"}],"author":[{"embeddable":true,"href":"https:\/\/dev.xnet-x.net\/es\/wp-json\/wp\/v2\/users\/8"}],"replies":[{"embeddable":true,"href":"https:\/\/dev.xnet-x.net\/es\/wp-json\/wp\/v2\/comments?post=12121"}],"version-history":[{"count":12,"href":"https:\/\/dev.xnet-x.net\/es\/wp-json\/wp\/v2\/posts\/12121\/revisions"}],"predecessor-version":[{"id":19376,"href":"https:\/\/dev.xnet-x.net\/es\/wp-json\/wp\/v2\/posts\/12121\/revisions\/19376"}],"wp:featuredmedia":[{"embeddable":true,"href":"https:\/\/dev.xnet-x.net\/es\/wp-json\/wp\/v2\/media\/12126"}],"wp:attachment":[{"href":"https:\/\/dev.xnet-x.net\/es\/wp-json\/wp\/v2\/media?parent=12121"}],"wp:term":[{"taxonomy":"category","embeddable":true,"href":"https:\/\/dev.xnet-x.net\/es\/wp-json\/wp\/v2\/categories?post=12121"},{"taxonomy":"post_tag","embeddable":true,"href":"https:\/\/dev.xnet-x.net\/es\/wp-json\/wp\/v2\/tags?post=12121"}],"curies":[{"name":"wp","href":"https:\/\/api.w.org\/{rel}","templated":true}]}}